{"id":117802,"date":"2021-07-04T15:50:37","date_gmt":"2021-07-04T22:50:37","guid":{"rendered":"https:\/\/www.sonoraenequipo.com.mx\/?p=117802"},"modified":"2021-07-04T21:36:53","modified_gmt":"2021-07-05T04:36:53","slug":"lanza-amlo-plan-integral-para-la-region-de-cananea","status":"publish","type":"post","link":"https:\/\/www.sonoraenequipo.com.mx\/lanza-amlo-plan-integral-para-la-region-de-cananea\/","title":{"rendered":"Lanza AMLO plan integral para la regi\u00f3n de Cananea"},"content":{"rendered":"<p>CANANEA, SONORA. MX. \u2014 El presidente Andr\u00e9s Manuel L\u00f3pez Obrador present\u00f3 un plan integral de atenci\u00f3n para esta regi\u00f3n, que incluye la soluci\u00f3n de los conflictos laborales, as\u00ed como la negociaci\u00f3n para el debido pago de utilidades a los trabajadores mineros,<em> \u201cque no se pueden regatear\u00bb.<\/em><\/p>\n<p>&nbsp;<\/p>\n<p> <\/p>\n<p>&nbsp;<\/p>\n<p>El mandatario ofreci\u00f3 <em>\u201cayudar en las diferencias que tienen las partes, para llegar mediante el di\u00e1logo a un acuerdo entre todos. <\/em><em>Es como una utop\u00eda, porque se han confrontado mucho tiempo, pero vamos a intentarlo\u201d.<\/em><\/p>\n<p>&nbsp;<\/p>\n<p>Tambi\u00e9n indic\u00f3 que en tres meses regresar\u00e1 a Cananea para evaluar el avance en las negociaciones de los laudos laborales -que encarg\u00f3 a la secretaria de Gobernaci\u00f3n, Olga S\u00e1nchez Cordero-, as\u00ed como la evoluci\u00f3n de los programas de salud, vivienda y del proyecto de rescate del R\u00edo Sonora, contaminado en 2014 por un derrame de la mina Buenavista del Cobre, que pertenece a Grupo M\u00e9xico, de Germ\u00e1n Larrea.<\/p>\n<p>&nbsp;<\/p>\n<p>El mandatario afirm\u00f3 que en su gobierno se puso fin a la pol\u00edtica de que un solo grupo decid\u00eda en las relaciones laborales y que <em>\u201ccomplic\u00f3 el problema en Cananea. En la Secretar\u00eda del Trabajo mandaba una de las partes, eran los que decid\u00edan. Los trabajadores no eran tomados en cuenta. Ya no es as\u00ed, se atiende a las dos partes, se act\u00faa con justicia y tiene que haber un aut\u00e9ntico juez, escuchar a las dos partes y darle la raz\u00f3n al que la tiene y no inclinar la balanza en favor de nadie, sino garantizar que haya justicia\u201d.<\/em><\/p>\n<p>&nbsp;<\/p>\n<p>El plan de atenci\u00f3n integral de Cananea, encargado por el Ejecutivo a distintas dependencias incluye acciones en cinco rubros: laboral, seguridad social, salud ambiental, bienestar y desarrollo urbano.<\/p>\n<p>&nbsp;<\/p>\n<p>&nbsp;<\/p>\n<p>(Publicada el 04\/07\/2021)<\/p>\n","protected":false},"excerpt":{"rendered":"<p>CANANEA, SONORA. MX. \u2014 El presidente Andr\u00e9s Manuel L\u00f3pez Obrador present\u00f3 un plan integral de&#8230;<\/p>\n","protected":false},"author":1,"featured_media":117789,"comment_status":"open","ping_status":"open","sticky":false,"template":"","format":"standard","meta":{"_monsterinsights_skip_tracking":false,"_monsterinsights_sitenote_active":false,"_monsterinsights_sitenote_note":"","_monsterinsights_sitenote_category":0,"footnotes":""},"categories":[5],"tags":[],"class_list":["post"],"yoast_head":" \n<title>Sonora en Equipo. Lanza AMLO plan integral para la regi\u00f3n de Cananea Rep\u00fablica<\/title>\n<meta name=\"description\" content=\"CANANEA, SONORA. MX. \u2014 El presidente Andr\u00e9s Manuel L\u00f3pez Obrador present\u00f3 un plan integral de atenci\u00f3n para esta regi\u00f3n, que incluye la soluci\u00f3n de los En Sonora en Equipo publicamos toda la informaci\u00f3n de Sonora, M\u00e9xico y el Mundo de manera oportuna y busca que la libertad de expresi\u00f3n sea real. Visita nuestro medio informativo publicado desde Hermosillo, Sonora. %\" \/>\n<meta name=\"robots\" content=\"index, follow, max-snippet:-1, max-image-preview:large, max-video-preview:-1\" \/>\n<link rel=\"canonical\" href=\"https:\/\/www.sonoraenequipo.com.mx\/lanza-amlo-plan-integral-para-la-region-de-cananea\/\" \/>\n<meta property=\"og:locale\" content=\"es_ES\" \/>\n<meta property=\"og:type\" content=\"article\" \/>\n<meta property=\"og:title\" content=\"Sonora en Equipo. Lanza AMLO plan integral para la regi\u00f3n de Cananea Rep\u00fablica\" \/>\n<meta property=\"og:description\" content=\"CANANEA, SONORA. MX. \u2014 El presidente Andr\u00e9s Manuel L\u00f3pez Obrador present\u00f3 un plan integral de atenci\u00f3n para esta regi\u00f3n, que incluye la soluci\u00f3n de los En Sonora en Equipo publicamos toda la informaci\u00f3n de Sonora, M\u00e9xico y el Mundo de manera oportuna y busca que la libertad de expresi\u00f3n sea real. Visita nuestro medio informativo publicado desde Hermosillo, Sonora. %\" \/>\n<meta property=\"og:url\" content=\"https:\/\/www.sonoraenequipo.com.mx\/lanza-amlo-plan-integral-para-la-region-de-cananea\/\" \/>\n<meta property=\"og:site_name\" content=\"Sonora en Equipo.\" \/>\n<meta property=\"article:publisher\" content=\"https:\/\/www.facebook.com\/SonoraEE\/\" \/>\n<meta property=\"article:author\" content=\"https:\/\/www.facebook.com\/SonoraEE\" \/>\n<meta property=\"article:published_time\" content=\"2021-07-04T22:50:37+00:00\" \/>\n<meta property=\"article:modified_time\" content=\"2021-07-05T04:36:53+00:00\" \/>\n<meta property=\"og:image\" content=\"https:\/\/www.sonoraenequipo.com.mx\/storage\/2021\/07\/Plan-de-atenci\u00b4n-a-Cananea_opt.jpg\" \/>\n\t<meta property=\"og:image:width\" content=\"700\" \/>\n\t<meta property=\"og:image:height\" content=\"400\" \/>\n\t<meta property=\"og:image:type\" content=\"image\/jpeg\" \/>\n<meta name=\"author\" content=\"enequipo\" \/>\n<meta name=\"twitter:card\" content=\"summary_large_image\" \/>\n<meta name=\"twitter:creator\" content=\"@sonoraenequipo\" \/>\n<meta name=\"twitter:site\" content=\"@sonoraenequipo\" \/>\n<meta name=\"twitter:label1\" content=\"Escrito por\" \/>\n\t<meta name=\"twitter:data1\" content=\"enequipo\" \/>\n\t<meta name=\"twitter:label2\" content=\"Tiempo de lectura\" \/>\n\t<meta name=\"twitter:data2\" content=\"2 minutos\" \/>\n<script type=\"application\/ld+json\" class=\"yoast-schema-graph\">{\"@context\":\"https:\/\/schema.org\",\"@graph\":[{\"@type\":\"Article\",\"@id\":\"https:\/\/www.sonoraenequipo.com.mx\/lanza-amlo-plan-integral-para-la-region-de-cananea\/#article\",\"isPartOf\":{\"@id\":\"https:\/\/www.sonoraenequipo.com.mx\/lanza-amlo-plan-integral-para-la-region-de-cananea\/\"},\"author\":{\"name\":\"enequipo\",\"@id\":\"https:\/\/www.sonoraenequipo.com.mx\/#\/schema\/person\/50102df0fb23a8fa9e8effad8fa81386\"},\"headline\":\"Lanza AMLO plan integral para la regi\u00f3n de Cananea\",\"datePublished\":\"2021-07-04T22:50:37+00:00\",\"dateModified\":\"2021-07-05T04:36:53+00:00\",\"mainEntityOfPage\":{\"@id\":\"https:\/\/www.sonoraenequipo.com.mx\/lanza-amlo-plan-integral-para-la-region-de-cananea\/\"},\"wordCount\":316,\"commentCount\":0,\"publisher\":{\"@id\":\"https:\/\/www.sonoraenequipo.com.mx\/#organization\"},\"image\":{\"@id\":\"https:\/\/www.sonoraenequipo.com.mx\/lanza-amlo-plan-integral-para-la-region-de-cananea\/#primaryimage\"},\"thumbnailUrl\":\"https:\/\/www.sonoraenequipo.com.mx\/storage\/2021\/07\/Plan-de-atenci\u00b4n-a-Cananea_opt.jpg\",\"articleSection\":[\"Rep\u00fablica\"],\"inLanguage\":\"es\",\"potentialAction\":[{\"@type\":\"CommentAction\",\"name\":\"Comment\",\"target\":[\"https:\/\/www.sonoraenequipo.com.mx\/lanza-amlo-plan-integral-para-la-region-de-cananea\/#respond\"]}]},{\"@type\":\"WebPage\",\"@id\":\"https:\/\/www.sonoraenequipo.com.mx\/lanza-amlo-plan-integral-para-la-region-de-cananea\/\",\"url\":\"https:\/\/www.sonoraenequipo.com.mx\/lanza-amlo-plan-integral-para-la-region-de-cananea\/\",\"name\":\"Sonora en Equipo. Lanza AMLO plan integral para la regi\u00f3n de Cananea Rep\u00fablica\",\"isPartOf\":{\"@id\":\"https:\/\/www.sonoraenequipo.com.mx\/#website\"},\"primaryImageOfPage\":{\"@id\":\"https:\/\/www.sonoraenequipo.com.mx\/lanza-amlo-plan-integral-para-la-region-de-cananea\/#primaryimage\"},\"image\":{\"@id\":\"https:\/\/www.sonoraenequipo.com.mx\/lanza-amlo-plan-integral-para-la-region-de-cananea\/#primaryimage\"},\"thumbnailUrl\":\"https:\/\/www.sonoraenequipo.com.mx\/storage\/2021\/07\/Plan-de-atenci\u00b4n-a-Cananea_opt.jpg\",\"datePublished\":\"2021-07-04T22:50:37+00:00\",\"dateModified\":\"2021-07-05T04:36:53+00:00\",\"description\":\"CANANEA, SONORA. MX. \u2014 El presidente Andr\u00e9s Manuel L\u00f3pez Obrador present\u00f3 un plan integral de atenci\u00f3n para esta regi\u00f3n, que incluye la soluci\u00f3n de los En Sonora en Equipo publicamos toda la informaci\u00f3n de Sonora, M\u00e9xico y el Mundo de manera oportuna y busca que la libertad de expresi\u00f3n sea real. Visita nuestro medio informativo publicado desde Hermosillo, Sonora. %\",\"breadcrumb\":{\"@id\":\"https:\/\/www.sonoraenequipo.com.mx\/lanza-amlo-plan-integral-para-la-region-de-cananea\/#breadcrumb\"},\"inLanguage\":\"es\",\"potentialAction\":[{\"@type\":\"ReadAction\",\"target\":[\"https:\/\/www.sonoraenequipo.com.mx\/lanza-amlo-plan-integral-para-la-region-de-cananea\/\"]}]},{\"@type\":\"ImageObject\",\"inLanguage\":\"es\",\"@id\":\"https:\/\/www.sonoraenequipo.com.mx\/lanza-amlo-plan-integral-para-la-region-de-cananea\/#primaryimage\",\"url\":\"https:\/\/www.sonoraenequipo.com.mx\/storage\/2021\/07\/Plan-de-atenci\u00b4n-a-Cananea_opt.jpg\",\"contentUrl\":\"https:\/\/www.sonoraenequipo.com.mx\/storage\/2021\/07\/Plan-de-atenci\u00b4n-a-Cananea_opt.jpg\",\"width\":700,\"height\":400},{\"@type\":\"BreadcrumbList\",\"@id\":\"https:\/\/www.sonoraenequipo.com.mx\/lanza-amlo-plan-integral-para-la-region-de-cananea\/#breadcrumb\",\"itemListElement\":[{\"@type\":\"ListItem\",\"position\":1,\"name\":\"Portada\",\"item\":\"https:\/\/www.sonoraenequipo.com.mx\/\"},{\"@type\":\"ListItem\",\"position\":2,\"name\":\"Lanza AMLO plan integral para la regi\u00f3n de Cananea\"}]},{\"@type\":\"WebSite\",\"@id\":\"https:\/\/www.sonoraenequipo.com.mx\/#website\",\"url\":\"https:\/\/www.sonoraenequipo.com.mx\/\",\"name\":\"Sonora en Equipo.\",\"description\":\"Diario en l\u00ednea con Noticias desde Hermosillo, Sonora\",\"publisher\":{\"@id\":\"https:\/\/www.sonoraenequipo.com.mx\/#organization\"},\"potentialAction\":[{\"@type\":\"SearchAction\",\"target\":{\"@type\":\"EntryPoint\",\"urlTemplate\":\"https:\/\/www.sonoraenequipo.com.mx\/?s={search_term_string}\"},\"query-input\":{\"@type\":\"PropertyValueSpecification\",\"valueRequired\":true,\"valueName\":\"search_term_string\"}}],\"inLanguage\":\"es\"},{\"@type\":\"Organization\",\"@id\":\"https:\/\/www.sonoraenequipo.com.mx\/#organization\",\"name\":\"Sonoraenequipo.com.mx\",\"url\":\"https:\/\/www.sonoraenequipo.com.mx\/\",\"logo\":{\"@type\":\"ImageObject\",\"inLanguage\":\"es\",\"@id\":\"https:\/\/www.sonoraenequipo.com.mx\/#\/schema\/logo\/image\/\",\"url\":\"https:\/\/www.sonoraenequipo.com.mx\/storage\/2019\/01\/sonoraenequipo_opt.png\",\"contentUrl\":\"https:\/\/www.sonoraenequipo.com.mx\/storage\/2019\/01\/sonoraenequipo_opt.png\",\"width\":375,\"height\":125,\"caption\":\"Sonoraenequipo.com.mx\"},\"image\":{\"@id\":\"https:\/\/www.sonoraenequipo.com.mx\/#\/schema\/logo\/image\/\"},\"sameAs\":[\"https:\/\/www.facebook.com\/SonoraEE\/\",\"https:\/\/x.com\/sonoraenequipo\",\"https:\/\/www.youtube.com\/channel\/UC338nW-lPEYmJQs4ZABQ1SQ\"]},{\"@type\":\"Person\",\"@id\":\"https:\/\/www.sonoraenequipo.com.mx\/#\/schema\/person\/50102df0fb23a8fa9e8effad8fa81386\",\"name\":\"enequipo\",\"image\":{\"@type\":\"ImageObject\",\"inLanguage\":\"es\",\"@id\":\"https:\/\/www.sonoraenequipo.com.mx\/#\/schema\/person\/image\/\",\"url\":\"https:\/\/secure.gravatar.com\/avatar\/049821681b589dabc0bc20695993ccebb09f5b5d4d790cd9251b97faac7c652b?s=96&d=blank&r=g\",\"contentUrl\":\"https:\/\/secure.gravatar.com\/avatar\/049821681b589dabc0bc20695993ccebb09f5b5d4d790cd9251b97faac7c652b?s=96&d=blank&r=g\",\"caption\":\"enequipo\"},\"sameAs\":[\"https:\/\/www.facebook.com\/SonoraEE\"]}]}<\/script>\n ","yoast_head_json":{"title":"Sonora en Equipo. Lanza AMLO plan integral para la regi\u00f3n de Cananea Rep\u00fablica","description":"CANANEA, SONORA. MX. \u2014 El presidente Andr\u00e9s Manuel L\u00f3pez Obrador present\u00f3 un plan integral de atenci\u00f3n para esta regi\u00f3n, que incluye la soluci\u00f3n de los En Sonora en Equipo publicamos toda la informaci\u00f3n de Sonora, M\u00e9xico y el Mundo de manera oportuna y busca que la libertad de expresi\u00f3n sea real. Visita nuestro medio informativo publicado desde Hermosillo, Sonora. %","robots":{"index":"index","follow":"follow","max-snippet":"max-snippet:-1","max-image-preview":"max-image-preview:large","max-video-preview":"max-video-preview:-1"},"canonical":"https:\/\/www.sonoraenequipo.com.mx\/lanza-amlo-plan-integral-para-la-region-de-cananea\/","og_locale":"es_ES","og_type":"article","og_title":"Sonora en Equipo. Lanza AMLO plan integral para la regi\u00f3n de Cananea Rep\u00fablica","og_description":"CANANEA, SONORA. MX. \u2014 El presidente Andr\u00e9s Manuel L\u00f3pez Obrador present\u00f3 un plan integral de atenci\u00f3n para esta regi\u00f3n, que incluye la soluci\u00f3n de los En Sonora en Equipo publicamos toda la informaci\u00f3n de Sonora, M\u00e9xico y el Mundo de manera oportuna y busca que la libertad de expresi\u00f3n sea real. Visita nuestro medio informativo publicado desde Hermosillo, Sonora. %","og_url":"https:\/\/www.sonoraenequipo.com.mx\/lanza-amlo-plan-integral-para-la-region-de-cananea\/","og_site_name":"Sonora en Equipo.","article_publisher":"https:\/\/www.facebook.com\/SonoraEE\/","article_author":"https:\/\/www.facebook.com\/SonoraEE","article_published_time":"2021-07-04T22:50:37+00:00","article_modified_time":"2021-07-05T04:36:53+00:00","og_image":[{"width":700,"height":400,"url":"https:\/\/www.sonoraenequipo.com.mx\/storage\/2021\/07\/Plan-de-atenci\u00b4n-a-Cananea_opt.jpg","type":"image\/jpeg"}],"author":"enequipo","twitter_card":"summary_large_image","twitter_creator":"@sonoraenequipo","twitter_site":"@sonoraenequipo","twitter_misc":{"Escrito por":"enequipo","Tiempo de lectura":"2 minutos"},"schema":{"@context":"https:\/\/schema.org","@graph":[{"@type":"Article","@id":"https:\/\/www.sonoraenequipo.com.mx\/lanza-amlo-plan-integral-para-la-region-de-cananea\/#article","isPartOf":{"@id":"https:\/\/www.sonoraenequipo.com.mx\/lanza-amlo-plan-integral-para-la-region-de-cananea\/"},"author":{"name":"enequipo","@id":"https:\/\/www.sonoraenequipo.com.mx\/#\/schema\/person\/50102df0fb23a8fa9e8effad8fa81386"},"headline":"Lanza AMLO plan integral para la regi\u00f3n de Cananea","datePublished":"2021-07-04T22:50:37+00:00","dateModified":"2021-07-05T04:36:53+00:00","mainEntityOfPage":{"@id":"https:\/\/www.sonoraenequipo.com.mx\/lanza-amlo-plan-integral-para-la-region-de-cananea\/"},"wordCount":316,"commentCount":0,"publisher":{"@id":"https:\/\/www.sonoraenequipo.com.mx\/#organization"},"image":{"@id":"https:\/\/www.sonoraenequipo.com.mx\/lanza-amlo-plan-integral-para-la-region-de-cananea\/#primaryimage"},"thumbnailUrl":"https:\/\/www.sonoraenequipo.com.mx\/storage\/2021\/07\/Plan-de-atenci\u00b4n-a-Cananea_opt.jpg","articleSection":["Rep\u00fablica"],"inLanguage":"es","potentialAction":[{"@type":"CommentAction","name":"Comment","target":["https:\/\/www.sonoraenequipo.com.mx\/lanza-amlo-plan-integral-para-la-region-de-cananea\/#respond"]}]},{"@type":"WebPage","@id":"https:\/\/www.sonoraenequipo.com.mx\/lanza-amlo-plan-integral-para-la-region-de-cananea\/","url":"https:\/\/www.sonoraenequipo.com.mx\/lanza-amlo-plan-integral-para-la-region-de-cananea\/","name":"Sonora en Equipo. Lanza AMLO plan integral para la regi\u00f3n de Cananea Rep\u00fablica","isPartOf":{"@id":"https:\/\/www.sonoraenequipo.com.mx\/#website"},"primaryImageOfPage":{"@id":"https:\/\/www.sonoraenequipo.com.mx\/lanza-amlo-plan-integral-para-la-region-de-cananea\/#primaryimage"},"image":{"@id":"https:\/\/www.sonoraenequipo.com.mx\/lanza-amlo-plan-integral-para-la-region-de-cananea\/#primaryimage"},"thumbnailUrl":"https:\/\/www.sonoraenequipo.com.mx\/storage\/2021\/07\/Plan-de-atenci\u00b4n-a-Cananea_opt.jpg","datePublished":"2021-07-04T22:50:37+00:00","dateModified":"2021-07-05T04:36:53+00:00","description":"CANANEA, SONORA. MX. \u2014 El presidente Andr\u00e9s Manuel L\u00f3pez Obrador present\u00f3 un plan integral de atenci\u00f3n para esta regi\u00f3n, que incluye la soluci\u00f3n de los En Sonora en Equipo publicamos toda la informaci\u00f3n de Sonora, M\u00e9xico y el Mundo de manera oportuna y busca que la libertad de expresi\u00f3n sea real. Visita nuestro medio informativo publicado desde Hermosillo, Sonora. %","breadcrumb":{"@id":"https:\/\/www.sonoraenequipo.com.mx\/lanza-amlo-plan-integral-para-la-region-de-cananea\/#breadcrumb"},"inLanguage":"es","potentialAction":[{"@type":"ReadAction","target":["https:\/\/www.sonoraenequipo.com.mx\/lanza-amlo-plan-integral-para-la-region-de-cananea\/"]}]},{"@type":"ImageObject","inLanguage":"es","@id":"https:\/\/www.sonoraenequipo.com.mx\/lanza-amlo-plan-integral-para-la-region-de-cananea\/#primaryimage","url":"https:\/\/www.sonoraenequipo.com.mx\/storage\/2021\/07\/Plan-de-atenci\u00b4n-a-Cananea_opt.jpg","contentUrl":"https:\/\/www.sonoraenequipo.com.mx\/storage\/2021\/07\/Plan-de-atenci\u00b4n-a-Cananea_opt.jpg","width":700,"height":400},{"@type":"BreadcrumbList","@id":"https:\/\/www.sonoraenequipo.com.mx\/lanza-amlo-plan-integral-para-la-region-de-cananea\/#breadcrumb","itemListElement":[{"@type":"ListItem","position":1,"name":"Portada","item":"https:\/\/www.sonoraenequipo.com.mx\/"},{"@type":"ListItem","position":2,"name":"Lanza AMLO plan integral para la regi\u00f3n de Cananea"}]},{"@type":"WebSite","@id":"https:\/\/www.sonoraenequipo.com.mx\/#website","url":"https:\/\/www.sonoraenequipo.com.mx\/","name":"Sonora en Equipo.","description":"Diario en l\u00ednea con Noticias desde Hermosillo, Sonora","publisher":{"@id":"https:\/\/www.sonoraenequipo.com.mx\/#organization"},"potentialAction":[{"@type":"SearchAction","target":{"@type":"EntryPoint","urlTemplate":"https:\/\/www.sonoraenequipo.com.mx\/?s={search_term_string}"},"query-input":{"@type":"PropertyValueSpecification","valueRequired":true,"valueName":"search_term_string"}}],"inLanguage":"es"},{"@type":"Organization","@id":"https:\/\/www.sonoraenequipo.com.mx\/#organization","name":"Sonoraenequipo.com.mx","url":"https:\/\/www.sonoraenequipo.com.mx\/","logo":{"@type":"ImageObject","inLanguage":"es","@id":"https:\/\/www.sonoraenequipo.com.mx\/#\/schema\/logo\/image\/","url":"https:\/\/www.sonoraenequipo.com.mx\/storage\/2019\/01\/sonoraenequipo_opt.png","contentUrl":"https:\/\/www.sonoraenequipo.com.mx\/storage\/2019\/01\/sonoraenequipo_opt.png","width":375,"height":125,"caption":"Sonoraenequipo.com.mx"},"image":{"@id":"https:\/\/www.sonoraenequipo.com.mx\/#\/schema\/logo\/image\/"},"sameAs":["https:\/\/www.facebook.com\/SonoraEE\/","https:\/\/x.com\/sonoraenequipo","https:\/\/www.youtube.com\/channel\/UC338nW-lPEYmJQs4ZABQ1SQ"]},{"@type":"Person","@id":"https:\/\/www.sonoraenequipo.com.mx\/#\/schema\/person\/50102df0fb23a8fa9e8effad8fa81386","name":"enequipo","image":{"@type":"ImageObject","inLanguage":"es","@id":"https:\/\/www.sonoraenequipo.com.mx\/#\/schema\/person\/image\/","url":"https:\/\/secure.gravatar.com\/avatar\/049821681b589dabc0bc20695993ccebb09f5b5d4d790cd9251b97faac7c652b?s=96&d=blank&r=g","contentUrl":"https:\/\/secure.gravatar.com\/avatar\/049821681b589dabc0bc20695993ccebb09f5b5d4d790cd9251b97faac7c652b?s=96&d=blank&r=g","caption":"enequipo"},"sameAs":["https:\/\/www.facebook.com\/SonoraEE"]}]}},"jetpack_featured_media_url":"https:\/\/www.sonoraenequipo.com.mx\/storage\/2021\/07\/Plan-de-atenci\u00b4n-a-Cananea_opt.jpg","_links":{"self":[{"href":"https:\/\/www.sonoraenequipo.com.mx\/api\/wp\/v2\/posts\/117802","targetHints":{"allow":["GET"]}}],"collection":[{"href":"https:\/\/www.sonoraenequipo.com.mx\/api\/wp\/v2\/posts"}],"about":[{"href":"https:\/\/www.sonoraenequipo.com.mx\/api\/wp\/v2\/types\/post"}],"author":[{"embeddable":true,"href":"https:\/\/www.sonoraenequipo.com.mx\/api\/wp\/v2\/users\/1"}],"replies":[{"embeddable":true,"href":"https:\/\/www.sonoraenequipo.com.mx\/api\/wp\/v2\/comments?post=117802"}],"version-history":[{"count":1,"href":"https:\/\/www.sonoraenequipo.com.mx\/api\/wp\/v2\/posts\/117802\/revisions"}],"predecessor-version":[{"id":117803,"href":"https:\/\/www.sonoraenequipo.com.mx\/api\/wp\/v2\/posts\/117802\/revisions\/117803"}],"wp:featuredmedia":[{"embeddable":true,"href":"https:\/\/www.sonoraenequipo.com.mx\/api\/wp\/v2\/media\/117789"}],"wp:attachment":[{"href":"https:\/\/www.sonoraenequipo.com.mx\/api\/wp\/v2\/media?parent=117802"}],"wp:term":[{"taxonomy":"category","embeddable":true,"href":"https:\/\/www.sonoraenequipo.com.mx\/api\/wp\/v2\/categories?post=117802"},{"taxonomy":"post_tag","embeddable":true,"href":"https:\/\/www.sonoraenequipo.com.mx\/api\/wp\/v2\/tags?post=117802"}],"curies":[{"name":"wp","href":"https:\/\/api.w.org\/{rel}","templated":true}]}}