{"id":117814,"date":"2021-07-04T23:44:07","date_gmt":"2021-07-05T06:44:07","guid":{"rendered":"https:\/\/www.sonoraenequipo.com.mx\/?p=117814"},"modified":"2021-07-05T07:51:16","modified_gmt":"2021-07-05T14:51:16","slug":"joe-biden-afirma-que-ee-uu-esta-cerca-de-celebrar-su-independencia-del-virus","status":"publish","type":"post","link":"https:\/\/www.sonoraenequipo.com.mx\/joe-biden-afirma-que-ee-uu-esta-cerca-de-celebrar-su-independencia-del-virus\/","title":{"rendered":"Joe Biden afirma que EE.UU. est\u00e1 cerca de celebrar su \u201cindependencia\u201d del virus"},"content":{"rendered":"<p>WASHINGTON, ESTADOS UNIDOS. \u2014 Durante el evento para celebrar el D\u00eda de la Independencia, el presidente de EE.UU. asegur\u00f3 que el pa\u00eds \u00abha recorrido un largo camino\u00bb, pero advirti\u00f3 que el virus a\u00fan no ha sido derrotado. Biden hab\u00eda establecido como meta que para este 4 de julio el 70% de la poblaci\u00f3n estadounidense estuviera vacunada, pero la cifra lleg\u00f3 a 67%.<\/p>\n<p>&nbsp;<\/p>\n<p> <\/p>\n<p>&nbsp;<\/p>\n<p>Al dirigirse a una multitud de 1,000 invitados en los jardines de la Casa Blanca, Biden hizo una comparaci\u00f3n entre la independencia del Imperio Brit\u00e1nico en 1776 y la actual r\u00e1pida recuperaci\u00f3n del coronavirus.<\/p>\n<p>&nbsp;<\/p>\n<p>\u00abEstados Unidos vuelve a estar unido. Hace 245 a\u00f1os declaramos nuestra independencia de un rey lejano. Hoy estamos m\u00e1s cerca que nunca de declarar nuestra independencia de un virus mortal\u00bb, afirm\u00f3 el presidente estadounidense en su discurso.<\/p>\n<p>\u00abHemos logrado tener una ventaja contra este virus\u00bb, a\u00f1adi\u00f3 el mandatario estadounidense. \u00abNo me malinterpreten: COVID-19 a\u00fan no ha sido derrotado. Todos sabemos que han surgido poderosas variantes, como la variante Delta\u00bb.<\/p>\n<p>Biden rindi\u00f3 tambi\u00e9n tributo a quienes han perdido sus vidas. Pues Estados Unidos sigue siendo el pa\u00eds con mayor n\u00famero de muertes en t\u00e9rminos absolutos en la pandemia, con m\u00e1s de 600,000.<\/p>\n<p>El jard\u00edn sur de la residencia presidencial acogi\u00f3 a unas 1,000 personas, en su mayor\u00eda trabajadores esenciales, militares y sus familias, para disfrutar de una barbacoa, una de las costumbres m\u00e1s arraigadas entre los estadounidenses para celebrar su Independencia.<br \/>\nataque masivo estados unidos.<\/p>\n<p>&nbsp;<\/p>\n<p>(Publicada el 04\/07\/2021 \/Con informaci\u00f3n de Agencias AFP y EFE)<\/p>\n<p>&nbsp;<\/p>\n","protected":false},"excerpt":{"rendered":"<p>WASHINGTON, ESTADOS UNIDOS. \u2014 Durante el evento para celebrar el D\u00eda de la Independencia, el&#8230;<\/p>\n","protected":false},"author":1,"featured_media":0,"comment_status":"open","ping_status":"open","sticky":false,"template":"","format":"standard","meta":{"_monsterinsights_skip_tracking":false,"_monsterinsights_sitenote_active":false,"_monsterinsights_sitenote_note":"","_monsterinsights_sitenote_category":0,"footnotes":""},"categories":[3],"tags":[],"class_list":["post"],"yoast_head":" \n<title>Sonora en Equipo. Joe Biden afirma que EE.UU. est\u00e1 cerca de celebrar su \u201cindependencia\u201d del virus MUNDO<\/title>\n<meta name=\"description\" content=\"WASHINGTON, ESTADOS UNIDOS. \u2014 Durante el evento para celebrar el D\u00eda de la Independencia, el presidente de EE.UU. asegur\u00f3 que el pa\u00eds &quot;ha recorrido un En Sonora en Equipo publicamos toda la informaci\u00f3n de Sonora, M\u00e9xico y el Mundo de manera oportuna y busca que la libertad de expresi\u00f3n sea real. Visita nuestro medio informativo publicado desde Hermosillo, Sonora. %\" \/>\n<meta name=\"robots\" content=\"index, follow, max-snippet:-1, max-image-preview:large, max-video-preview:-1\" \/>\n<link rel=\"canonical\" href=\"https:\/\/www.sonoraenequipo.com.mx\/joe-biden-afirma-que-ee-uu-esta-cerca-de-celebrar-su-independencia-del-virus\/\" \/>\n<meta property=\"og:locale\" content=\"es_ES\" \/>\n<meta property=\"og:type\" content=\"article\" \/>\n<meta property=\"og:title\" content=\"Sonora en Equipo. Joe Biden afirma que EE.UU. est\u00e1 cerca de celebrar su \u201cindependencia\u201d del virus MUNDO\" \/>\n<meta property=\"og:description\" content=\"WASHINGTON, ESTADOS UNIDOS. \u2014 Durante el evento para celebrar el D\u00eda de la Independencia, el presidente de EE.UU. asegur\u00f3 que el pa\u00eds &quot;ha recorrido un En Sonora en Equipo publicamos toda la informaci\u00f3n de Sonora, M\u00e9xico y el Mundo de manera oportuna y busca que la libertad de expresi\u00f3n sea real. Visita nuestro medio informativo publicado desde Hermosillo, Sonora. %\" \/>\n<meta property=\"og:url\" content=\"https:\/\/www.sonoraenequipo.com.mx\/joe-biden-afirma-que-ee-uu-esta-cerca-de-celebrar-su-independencia-del-virus\/\" \/>\n<meta property=\"og:site_name\" content=\"Sonora en Equipo.\" \/>\n<meta property=\"article:publisher\" content=\"https:\/\/www.facebook.com\/SonoraEE\/\" \/>\n<meta property=\"article:author\" content=\"https:\/\/www.facebook.com\/SonoraEE\" \/>\n<meta property=\"article:published_time\" content=\"2021-07-05T06:44:07+00:00\" \/>\n<meta property=\"article:modified_time\" content=\"2021-07-05T14:51:16+00:00\" \/>\n<meta name=\"author\" content=\"enequipo\" \/>\n<meta name=\"twitter:card\" content=\"summary_large_image\" \/>\n<meta name=\"twitter:creator\" content=\"@sonoraenequipo\" \/>\n<meta name=\"twitter:site\" content=\"@sonoraenequipo\" \/>\n<meta name=\"twitter:label1\" content=\"Escrito por\" \/>\n\t<meta name=\"twitter:data1\" content=\"enequipo\" \/>\n\t<meta name=\"twitter:label2\" content=\"Tiempo de lectura\" \/>\n\t<meta name=\"twitter:data2\" content=\"2 minutos\" \/>\n<script type=\"application\/ld+json\" class=\"yoast-schema-graph\">{\"@context\":\"https:\/\/schema.org\",\"@graph\":[{\"@type\":\"Article\",\"@id\":\"https:\/\/www.sonoraenequipo.com.mx\/joe-biden-afirma-que-ee-uu-esta-cerca-de-celebrar-su-independencia-del-virus\/#article\",\"isPartOf\":{\"@id\":\"https:\/\/www.sonoraenequipo.com.mx\/joe-biden-afirma-que-ee-uu-esta-cerca-de-celebrar-su-independencia-del-virus\/\"},\"author\":{\"name\":\"enequipo\",\"@id\":\"https:\/\/www.sonoraenequipo.com.mx\/#\/schema\/person\/50102df0fb23a8fa9e8effad8fa81386\"},\"headline\":\"Joe Biden afirma que EE.UU. est\u00e1 cerca de celebrar su \u201cindependencia\u201d del virus\",\"datePublished\":\"2021-07-05T06:44:07+00:00\",\"dateModified\":\"2021-07-05T14:51:16+00:00\",\"mainEntityOfPage\":{\"@id\":\"https:\/\/www.sonoraenequipo.com.mx\/joe-biden-afirma-que-ee-uu-esta-cerca-de-celebrar-su-independencia-del-virus\/\"},\"wordCount\":282,\"commentCount\":0,\"publisher\":{\"@id\":\"https:\/\/www.sonoraenequipo.com.mx\/#organization\"},\"articleSection\":[\"MUNDO\"],\"inLanguage\":\"es\",\"potentialAction\":[{\"@type\":\"CommentAction\",\"name\":\"Comment\",\"target\":[\"https:\/\/www.sonoraenequipo.com.mx\/joe-biden-afirma-que-ee-uu-esta-cerca-de-celebrar-su-independencia-del-virus\/#respond\"]}]},{\"@type\":\"WebPage\",\"@id\":\"https:\/\/www.sonoraenequipo.com.mx\/joe-biden-afirma-que-ee-uu-esta-cerca-de-celebrar-su-independencia-del-virus\/\",\"url\":\"https:\/\/www.sonoraenequipo.com.mx\/joe-biden-afirma-que-ee-uu-esta-cerca-de-celebrar-su-independencia-del-virus\/\",\"name\":\"Sonora en Equipo. Joe Biden afirma que EE.UU. est\u00e1 cerca de celebrar su \u201cindependencia\u201d del virus MUNDO\",\"isPartOf\":{\"@id\":\"https:\/\/www.sonoraenequipo.com.mx\/#website\"},\"datePublished\":\"2021-07-05T06:44:07+00:00\",\"dateModified\":\"2021-07-05T14:51:16+00:00\",\"description\":\"WASHINGTON, ESTADOS UNIDOS. \u2014 Durante el evento para celebrar el D\u00eda de la Independencia, el presidente de EE.UU. asegur\u00f3 que el pa\u00eds \\\"ha recorrido un En Sonora en Equipo publicamos toda la informaci\u00f3n de Sonora, M\u00e9xico y el Mundo de manera oportuna y busca que la libertad de expresi\u00f3n sea real. Visita nuestro medio informativo publicado desde Hermosillo, Sonora. %\",\"breadcrumb\":{\"@id\":\"https:\/\/www.sonoraenequipo.com.mx\/joe-biden-afirma-que-ee-uu-esta-cerca-de-celebrar-su-independencia-del-virus\/#breadcrumb\"},\"inLanguage\":\"es\",\"potentialAction\":[{\"@type\":\"ReadAction\",\"target\":[\"https:\/\/www.sonoraenequipo.com.mx\/joe-biden-afirma-que-ee-uu-esta-cerca-de-celebrar-su-independencia-del-virus\/\"]}]},{\"@type\":\"BreadcrumbList\",\"@id\":\"https:\/\/www.sonoraenequipo.com.mx\/joe-biden-afirma-que-ee-uu-esta-cerca-de-celebrar-su-independencia-del-virus\/#breadcrumb\",\"itemListElement\":[{\"@type\":\"ListItem\",\"position\":1,\"name\":\"Portada\",\"item\":\"https:\/\/www.sonoraenequipo.com.mx\/\"},{\"@type\":\"ListItem\",\"position\":2,\"name\":\"Joe Biden afirma que EE.UU. est\u00e1 cerca de celebrar su \u201cindependencia\u201d del virus\"}]},{\"@type\":\"WebSite\",\"@id\":\"https:\/\/www.sonoraenequipo.com.mx\/#website\",\"url\":\"https:\/\/www.sonoraenequipo.com.mx\/\",\"name\":\"Sonora en Equipo.\",\"description\":\"Diario en l\u00ednea con Noticias desde Hermosillo, Sonora\",\"publisher\":{\"@id\":\"https:\/\/www.sonoraenequipo.com.mx\/#organization\"},\"potentialAction\":[{\"@type\":\"SearchAction\",\"target\":{\"@type\":\"EntryPoint\",\"urlTemplate\":\"https:\/\/www.sonoraenequipo.com.mx\/?s={search_term_string}\"},\"query-input\":{\"@type\":\"PropertyValueSpecification\",\"valueRequired\":true,\"valueName\":\"search_term_string\"}}],\"inLanguage\":\"es\"},{\"@type\":\"Organization\",\"@id\":\"https:\/\/www.sonoraenequipo.com.mx\/#organization\",\"name\":\"Sonoraenequipo.com.mx\",\"url\":\"https:\/\/www.sonoraenequipo.com.mx\/\",\"logo\":{\"@type\":\"ImageObject\",\"inLanguage\":\"es\",\"@id\":\"https:\/\/www.sonoraenequipo.com.mx\/#\/schema\/logo\/image\/\",\"url\":\"https:\/\/www.sonoraenequipo.com.mx\/storage\/2019\/01\/sonoraenequipo_opt.png\",\"contentUrl\":\"https:\/\/www.sonoraenequipo.com.mx\/storage\/2019\/01\/sonoraenequipo_opt.png\",\"width\":375,\"height\":125,\"caption\":\"Sonoraenequipo.com.mx\"},\"image\":{\"@id\":\"https:\/\/www.sonoraenequipo.com.mx\/#\/schema\/logo\/image\/\"},\"sameAs\":[\"https:\/\/www.facebook.com\/SonoraEE\/\",\"https:\/\/x.com\/sonoraenequipo\",\"https:\/\/www.youtube.com\/channel\/UC338nW-lPEYmJQs4ZABQ1SQ\"]},{\"@type\":\"Person\",\"@id\":\"https:\/\/www.sonoraenequipo.com.mx\/#\/schema\/person\/50102df0fb23a8fa9e8effad8fa81386\",\"name\":\"enequipo\",\"image\":{\"@type\":\"ImageObject\",\"inLanguage\":\"es\",\"@id\":\"https:\/\/www.sonoraenequipo.com.mx\/#\/schema\/person\/image\/\",\"url\":\"https:\/\/secure.gravatar.com\/avatar\/049821681b589dabc0bc20695993ccebb09f5b5d4d790cd9251b97faac7c652b?s=96&d=blank&r=g\",\"contentUrl\":\"https:\/\/secure.gravatar.com\/avatar\/049821681b589dabc0bc20695993ccebb09f5b5d4d790cd9251b97faac7c652b?s=96&d=blank&r=g\",\"caption\":\"enequipo\"},\"sameAs\":[\"https:\/\/www.facebook.com\/SonoraEE\"]}]}<\/script>\n ","yoast_head_json":{"title":"Sonora en Equipo. Joe Biden afirma que EE.UU. est\u00e1 cerca de celebrar su \u201cindependencia\u201d del virus MUNDO","description":"WASHINGTON, ESTADOS UNIDOS. \u2014 Durante el evento para celebrar el D\u00eda de la Independencia, el presidente de EE.UU. asegur\u00f3 que el pa\u00eds \"ha recorrido un En Sonora en Equipo publicamos toda la informaci\u00f3n de Sonora, M\u00e9xico y el Mundo de manera oportuna y busca que la libertad de expresi\u00f3n sea real. Visita nuestro medio informativo publicado desde Hermosillo, Sonora. %","robots":{"index":"index","follow":"follow","max-snippet":"max-snippet:-1","max-image-preview":"max-image-preview:large","max-video-preview":"max-video-preview:-1"},"canonical":"https:\/\/www.sonoraenequipo.com.mx\/joe-biden-afirma-que-ee-uu-esta-cerca-de-celebrar-su-independencia-del-virus\/","og_locale":"es_ES","og_type":"article","og_title":"Sonora en Equipo. Joe Biden afirma que EE.UU. est\u00e1 cerca de celebrar su \u201cindependencia\u201d del virus MUNDO","og_description":"WASHINGTON, ESTADOS UNIDOS. \u2014 Durante el evento para celebrar el D\u00eda de la Independencia, el presidente de EE.UU. asegur\u00f3 que el pa\u00eds \"ha recorrido un En Sonora en Equipo publicamos toda la informaci\u00f3n de Sonora, M\u00e9xico y el Mundo de manera oportuna y busca que la libertad de expresi\u00f3n sea real. Visita nuestro medio informativo publicado desde Hermosillo, Sonora. %","og_url":"https:\/\/www.sonoraenequipo.com.mx\/joe-biden-afirma-que-ee-uu-esta-cerca-de-celebrar-su-independencia-del-virus\/","og_site_name":"Sonora en Equipo.","article_publisher":"https:\/\/www.facebook.com\/SonoraEE\/","article_author":"https:\/\/www.facebook.com\/SonoraEE","article_published_time":"2021-07-05T06:44:07+00:00","article_modified_time":"2021-07-05T14:51:16+00:00","author":"enequipo","twitter_card":"summary_large_image","twitter_creator":"@sonoraenequipo","twitter_site":"@sonoraenequipo","twitter_misc":{"Escrito por":"enequipo","Tiempo de lectura":"2 minutos"},"schema":{"@context":"https:\/\/schema.org","@graph":[{"@type":"Article","@id":"https:\/\/www.sonoraenequipo.com.mx\/joe-biden-afirma-que-ee-uu-esta-cerca-de-celebrar-su-independencia-del-virus\/#article","isPartOf":{"@id":"https:\/\/www.sonoraenequipo.com.mx\/joe-biden-afirma-que-ee-uu-esta-cerca-de-celebrar-su-independencia-del-virus\/"},"author":{"name":"enequipo","@id":"https:\/\/www.sonoraenequipo.com.mx\/#\/schema\/person\/50102df0fb23a8fa9e8effad8fa81386"},"headline":"Joe Biden afirma que EE.UU. est\u00e1 cerca de celebrar su \u201cindependencia\u201d del virus","datePublished":"2021-07-05T06:44:07+00:00","dateModified":"2021-07-05T14:51:16+00:00","mainEntityOfPage":{"@id":"https:\/\/www.sonoraenequipo.com.mx\/joe-biden-afirma-que-ee-uu-esta-cerca-de-celebrar-su-independencia-del-virus\/"},"wordCount":282,"commentCount":0,"publisher":{"@id":"https:\/\/www.sonoraenequipo.com.mx\/#organization"},"articleSection":["MUNDO"],"inLanguage":"es","potentialAction":[{"@type":"CommentAction","name":"Comment","target":["https:\/\/www.sonoraenequipo.com.mx\/joe-biden-afirma-que-ee-uu-esta-cerca-de-celebrar-su-independencia-del-virus\/#respond"]}]},{"@type":"WebPage","@id":"https:\/\/www.sonoraenequipo.com.mx\/joe-biden-afirma-que-ee-uu-esta-cerca-de-celebrar-su-independencia-del-virus\/","url":"https:\/\/www.sonoraenequipo.com.mx\/joe-biden-afirma-que-ee-uu-esta-cerca-de-celebrar-su-independencia-del-virus\/","name":"Sonora en Equipo. Joe Biden afirma que EE.UU. est\u00e1 cerca de celebrar su \u201cindependencia\u201d del virus MUNDO","isPartOf":{"@id":"https:\/\/www.sonoraenequipo.com.mx\/#website"},"datePublished":"2021-07-05T06:44:07+00:00","dateModified":"2021-07-05T14:51:16+00:00","description":"WASHINGTON, ESTADOS UNIDOS. \u2014 Durante el evento para celebrar el D\u00eda de la Independencia, el presidente de EE.UU. asegur\u00f3 que el pa\u00eds \"ha recorrido un En Sonora en Equipo publicamos toda la informaci\u00f3n de Sonora, M\u00e9xico y el Mundo de manera oportuna y busca que la libertad de expresi\u00f3n sea real. Visita nuestro medio informativo publicado desde Hermosillo, Sonora. %","breadcrumb":{"@id":"https:\/\/www.sonoraenequipo.com.mx\/joe-biden-afirma-que-ee-uu-esta-cerca-de-celebrar-su-independencia-del-virus\/#breadcrumb"},"inLanguage":"es","potentialAction":[{"@type":"ReadAction","target":["https:\/\/www.sonoraenequipo.com.mx\/joe-biden-afirma-que-ee-uu-esta-cerca-de-celebrar-su-independencia-del-virus\/"]}]},{"@type":"BreadcrumbList","@id":"https:\/\/www.sonoraenequipo.com.mx\/joe-biden-afirma-que-ee-uu-esta-cerca-de-celebrar-su-independencia-del-virus\/#breadcrumb","itemListElement":[{"@type":"ListItem","position":1,"name":"Portada","item":"https:\/\/www.sonoraenequipo.com.mx\/"},{"@type":"ListItem","position":2,"name":"Joe Biden afirma que EE.UU. est\u00e1 cerca de celebrar su \u201cindependencia\u201d del virus"}]},{"@type":"WebSite","@id":"https:\/\/www.sonoraenequipo.com.mx\/#website","url":"https:\/\/www.sonoraenequipo.com.mx\/","name":"Sonora en Equipo.","description":"Diario en l\u00ednea con Noticias desde Hermosillo, Sonora","publisher":{"@id":"https:\/\/www.sonoraenequipo.com.mx\/#organization"},"potentialAction":[{"@type":"SearchAction","target":{"@type":"EntryPoint","urlTemplate":"https:\/\/www.sonoraenequipo.com.mx\/?s={search_term_string}"},"query-input":{"@type":"PropertyValueSpecification","valueRequired":true,"valueName":"search_term_string"}}],"inLanguage":"es"},{"@type":"Organization","@id":"https:\/\/www.sonoraenequipo.com.mx\/#organization","name":"Sonoraenequipo.com.mx","url":"https:\/\/www.sonoraenequipo.com.mx\/","logo":{"@type":"ImageObject","inLanguage":"es","@id":"https:\/\/www.sonoraenequipo.com.mx\/#\/schema\/logo\/image\/","url":"https:\/\/www.sonoraenequipo.com.mx\/storage\/2019\/01\/sonoraenequipo_opt.png","contentUrl":"https:\/\/www.sonoraenequipo.com.mx\/storage\/2019\/01\/sonoraenequipo_opt.png","width":375,"height":125,"caption":"Sonoraenequipo.com.mx"},"image":{"@id":"https:\/\/www.sonoraenequipo.com.mx\/#\/schema\/logo\/image\/"},"sameAs":["https:\/\/www.facebook.com\/SonoraEE\/","https:\/\/x.com\/sonoraenequipo","https:\/\/www.youtube.com\/channel\/UC338nW-lPEYmJQs4ZABQ1SQ"]},{"@type":"Person","@id":"https:\/\/www.sonoraenequipo.com.mx\/#\/schema\/person\/50102df0fb23a8fa9e8effad8fa81386","name":"enequipo","image":{"@type":"ImageObject","inLanguage":"es","@id":"https:\/\/www.sonoraenequipo.com.mx\/#\/schema\/person\/image\/","url":"https:\/\/secure.gravatar.com\/avatar\/049821681b589dabc0bc20695993ccebb09f5b5d4d790cd9251b97faac7c652b?s=96&d=blank&r=g","contentUrl":"https:\/\/secure.gravatar.com\/avatar\/049821681b589dabc0bc20695993ccebb09f5b5d4d790cd9251b97faac7c652b?s=96&d=blank&r=g","caption":"enequipo"},"sameAs":["https:\/\/www.facebook.com\/SonoraEE"]}]}},"jetpack_featured_media_url":"","_links":{"self":[{"href":"https:\/\/www.sonoraenequipo.com.mx\/api\/wp\/v2\/posts\/117814","targetHints":{"allow":["GET"]}}],"collection":[{"href":"https:\/\/www.sonoraenequipo.com.mx\/api\/wp\/v2\/posts"}],"about":[{"href":"https:\/\/www.sonoraenequipo.com.mx\/api\/wp\/v2\/types\/post"}],"author":[{"embeddable":true,"href":"https:\/\/www.sonoraenequipo.com.mx\/api\/wp\/v2\/users\/1"}],"replies":[{"embeddable":true,"href":"https:\/\/www.sonoraenequipo.com.mx\/api\/wp\/v2\/comments?post=117814"}],"version-history":[{"count":1,"href":"https:\/\/www.sonoraenequipo.com.mx\/api\/wp\/v2\/posts\/117814\/revisions"}],"predecessor-version":[{"id":117815,"href":"https:\/\/www.sonoraenequipo.com.mx\/api\/wp\/v2\/posts\/117814\/revisions\/117815"}],"wp:attachment":[{"href":"https:\/\/www.sonoraenequipo.com.mx\/api\/wp\/v2\/media?parent=117814"}],"wp:term":[{"taxonomy":"category","embeddable":true,"href":"https:\/\/www.sonoraenequipo.com.mx\/api\/wp\/v2\/categories?post=117814"},{"taxonomy":"post_tag","embeddable":true,"href":"https:\/\/www.sonoraenequipo.com.mx\/api\/wp\/v2\/tags?post=117814"}],"curies":[{"name":"wp","href":"https:\/\/api.w.org\/{rel}","templated":true}]}}