{"id":117821,"date":"2021-07-05T08:15:06","date_gmt":"2021-07-05T15:15:06","guid":{"rendered":"https:\/\/www.sonoraenequipo.com.mx\/?p=117821"},"modified":"2021-07-05T08:22:27","modified_gmt":"2021-07-05T15:22:27","slug":"detienen-a-cardenas-palomino-ex-colaborador-de-garcia-luna","status":"publish","type":"post","link":"https:\/\/www.sonoraenequipo.com.mx\/detienen-a-cardenas-palomino-ex-colaborador-de-garcia-luna\/","title":{"rendered":"Detienen a C\u00e1rdenas Palomino, ex colaborador de Garc\u00eda Luna"},"content":{"rendered":"<p>CIUDAD DE M\u00c9XICO. MX. \u2014 El ex director de Seguridad Federal de la Polic\u00eda Federal, Luis C\u00e1rdenas Palomino, fue detenido este lunes en Naucalpan, Estado de M\u00e9xico, seg\u00fan confirm\u00f3 la Fiscal\u00eda General de la Rep\u00fablica (FGR).<\/p>\n<p>&nbsp;<\/p>\n<p> <\/p>\n<p>&nbsp;<\/p>\n<p>En su cuenta de Twitter, la dependencia public\u00f3 un mensaje donde se\u00f1ala que <em>\u201ceste d\u00eda se cumpliment\u00f3 orden de aprehensi\u00f3n por el delito de tortura en contra de Luis &#8216;C&#8217;, en el Estado de M\u00e9xico\u201d.<\/em><\/p>\n<p>&nbsp;<\/p>\n<p>Se trata de uno de los principales colaboradores del ex titular del ex secretario de Seguridad P\u00fablica federal, Genaro Garc\u00eda Luna, hoy preso en los Estados Unidos, acusado de tener v\u00ednculos con organizaciones del crimen organizado.<\/p>\n<p>&nbsp;<\/p>\n<p>C\u00e1rdenas Palomino, as\u00ed como Ram\u00f3n Peque\u00f1o Garc\u00eda, otro ex mando de la Polic\u00eda Federal, son tambi\u00e9n coacusados de Garc\u00eda Luna en el mismo proceso, en una corte federal de Nueva York.<\/p>\n<p>&nbsp;<\/p>\n<p><img loading=\"lazy\" decoding=\"async\" class=\" x-right\" src=\"https:\/\/www.sonoraenequipo.com.mx\/storage\/2021\/07\/luis-cardenas-palomino_opt.jpg\" alt=\"\" width=\"627\" height=\"358\" \/>La aprehensi\u00f3n fue ejecutada con el apoyo de elementos de la Secretar\u00eda de Marina, la Comisi\u00f3n Nacional Antisecuestros y el Centro Nacional de Inteligencia, en acatamiento de una orden librada desde el 24 de septiembre del a\u00f1o pasado por el juzgado decimosegundo de distrito de procesos penales federales, encabezado por Guillermo Francisco Urbina Tan\u00fas.<\/p>\n<p>&nbsp;<\/p>\n<p>El operativo de captura se realiz\u00f3 en el domicilio del ex servidor p\u00fablico, sin necesidad de que las fuerzas del orden efectuaran ning\u00fan disparo.<\/p>\n<p>&nbsp;<\/p>\n<p>El ex mando policiaco es buscado porque se le imputa el delito de tortura en contra de Mario Vallarta Cisneros, hermano de Israel Vallarta, as\u00ed como de Sergio Cort\u00e9s Vallarta y Eduardo Estrada Granados, todos detenidos durante el montaje difundido en el noticiero de Carlos Loret de Mola, en contra de presuntos integrantes de una banda de secuestradores, entre ellos Florence Cassez.<\/p>\n<p>&nbsp;<\/p>\n<p>El juez Urbina Tan\u00fas autoriz\u00f3 la aprehensi\u00f3n de C\u00e1rdenas Palomino por considerar que hay suficientes elementos para sostener que como mando superior autoriz\u00f3 que a los detenidos se les aplicaran toques el\u00e9ctricos y se les asfixiara con bolsas de pl\u00e1stico con el fin de que se declararan culpables.<\/p>\n<p>&nbsp;<\/p>\n<p>La orden de aprehensi\u00f3n tambi\u00e9n incluye a una docena de ex agentes entre ellos Maricela Garc\u00eda Toledo, Mar\u00eda Soledad Bonilla Tlaseca, Rafael Mayorga Amador y Ricardo Cuatzo Lozano.<\/p>\n<p>&nbsp;<\/p>\n<p>C\u00e1rdenas Palomino tambi\u00e9n es mencionado en el caso de compras fraudulentas en la Polic\u00eda Federal. Junto con la orden de aprehensi\u00f3n librada en su contra el a\u00f1o pasado, tambi\u00e9n se autoriz\u00f3 la medida de congelar sus cuentas en los bancos Banamex, Santander y Banco Azteca.<\/p>\n<p>&nbsp;<\/p>\n<p>En 2019 Luis C\u00e1rdenas Palomino apareci\u00f3 en el directorio de Adamantium Private Security Services, una filial de Grupo Salinas, empresa dedicada a la seguridad privada.<\/p>\n<p>&nbsp;<\/p>\n<p>&nbsp;<\/p>\n<p>(Publicada el 05\/07\/2021)<\/p>\n","protected":false},"excerpt":{"rendered":"<p>CIUDAD DE M\u00c9XICO. MX. \u2014 El ex director de Seguridad Federal de la Polic\u00eda Federal,&#8230;<\/p>\n","protected":false},"author":1,"featured_media":117823,"comment_status":"open","ping_status":"open","sticky":false,"template":"","format":"standard","meta":{"_monsterinsights_skip_tracking":false,"_monsterinsights_sitenote_active":false,"_monsterinsights_sitenote_note":"","_monsterinsights_sitenote_category":0,"footnotes":""},"categories":[5],"tags":[],"class_list":["post"],"yoast_head":" \n<title>Sonora en Equipo. Detienen a C\u00e1rdenas Palomino, ex colaborador de Garc\u00eda Luna Rep\u00fablica<\/title>\n<meta name=\"description\" content=\"CIUDAD DE M\u00c9XICO. MX. \u2014 El ex director de Seguridad Federal de la Polic\u00eda Federal, Luis C\u00e1rdenas Palomino, fue detenido este lunes en Naucalpan, Estado de En Sonora en Equipo publicamos toda la informaci\u00f3n de Sonora, M\u00e9xico y el Mundo de manera oportuna y busca que la libertad de expresi\u00f3n sea real. Visita nuestro medio informativo publicado desde Hermosillo, Sonora. %\" \/>\n<meta name=\"robots\" content=\"index, follow, max-snippet:-1, max-image-preview:large, max-video-preview:-1\" \/>\n<link rel=\"canonical\" href=\"https:\/\/www.sonoraenequipo.com.mx\/detienen-a-cardenas-palomino-ex-colaborador-de-garcia-luna\/\" \/>\n<meta property=\"og:locale\" content=\"es_ES\" \/>\n<meta property=\"og:type\" content=\"article\" \/>\n<meta property=\"og:title\" content=\"Sonora en Equipo. Detienen a C\u00e1rdenas Palomino, ex colaborador de Garc\u00eda Luna Rep\u00fablica\" \/>\n<meta property=\"og:description\" content=\"CIUDAD DE M\u00c9XICO. MX. \u2014 El ex director de Seguridad Federal de la Polic\u00eda Federal, Luis C\u00e1rdenas Palomino, fue detenido este lunes en Naucalpan, Estado de En Sonora en Equipo publicamos toda la informaci\u00f3n de Sonora, M\u00e9xico y el Mundo de manera oportuna y busca que la libertad de expresi\u00f3n sea real. Visita nuestro medio informativo publicado desde Hermosillo, Sonora. %\" \/>\n<meta property=\"og:url\" content=\"https:\/\/www.sonoraenequipo.com.mx\/detienen-a-cardenas-palomino-ex-colaborador-de-garcia-luna\/\" \/>\n<meta property=\"og:site_name\" content=\"Sonora en Equipo.\" \/>\n<meta property=\"article:publisher\" content=\"https:\/\/www.facebook.com\/SonoraEE\/\" \/>\n<meta property=\"article:author\" content=\"https:\/\/www.facebook.com\/SonoraEE\" \/>\n<meta property=\"article:published_time\" content=\"2021-07-05T15:15:06+00:00\" \/>\n<meta property=\"article:modified_time\" content=\"2021-07-05T15:22:27+00:00\" \/>\n<meta property=\"og:image\" content=\"https:\/\/www.sonoraenequipo.com.mx\/storage\/2021\/07\/Luis-Cardenas_opt.jpg\" \/>\n\t<meta property=\"og:image:width\" content=\"700\" \/>\n\t<meta property=\"og:image:height\" content=\"400\" \/>\n\t<meta property=\"og:image:type\" content=\"image\/jpeg\" \/>\n<meta name=\"author\" content=\"enequipo\" \/>\n<meta name=\"twitter:card\" content=\"summary_large_image\" \/>\n<meta name=\"twitter:creator\" content=\"@sonoraenequipo\" \/>\n<meta name=\"twitter:site\" content=\"@sonoraenequipo\" \/>\n<meta name=\"twitter:label1\" content=\"Escrito por\" \/>\n\t<meta name=\"twitter:data1\" content=\"enequipo\" \/>\n\t<meta name=\"twitter:label2\" content=\"Tiempo de lectura\" \/>\n\t<meta name=\"twitter:data2\" content=\"3 minutos\" \/>\n<script type=\"application\/ld+json\" class=\"yoast-schema-graph\">{\"@context\":\"https:\/\/schema.org\",\"@graph\":[{\"@type\":\"Article\",\"@id\":\"https:\/\/www.sonoraenequipo.com.mx\/detienen-a-cardenas-palomino-ex-colaborador-de-garcia-luna\/#article\",\"isPartOf\":{\"@id\":\"https:\/\/www.sonoraenequipo.com.mx\/detienen-a-cardenas-palomino-ex-colaborador-de-garcia-luna\/\"},\"author\":{\"name\":\"enequipo\",\"@id\":\"https:\/\/www.sonoraenequipo.com.mx\/#\/schema\/person\/50102df0fb23a8fa9e8effad8fa81386\"},\"headline\":\"Detienen a C\u00e1rdenas Palomino, ex colaborador de Garc\u00eda Luna\",\"datePublished\":\"2021-07-05T15:15:06+00:00\",\"dateModified\":\"2021-07-05T15:22:27+00:00\",\"mainEntityOfPage\":{\"@id\":\"https:\/\/www.sonoraenequipo.com.mx\/detienen-a-cardenas-palomino-ex-colaborador-de-garcia-luna\/\"},\"wordCount\":492,\"commentCount\":0,\"publisher\":{\"@id\":\"https:\/\/www.sonoraenequipo.com.mx\/#organization\"},\"image\":{\"@id\":\"https:\/\/www.sonoraenequipo.com.mx\/detienen-a-cardenas-palomino-ex-colaborador-de-garcia-luna\/#primaryimage\"},\"thumbnailUrl\":\"https:\/\/www.sonoraenequipo.com.mx\/storage\/2021\/07\/Luis-Cardenas_opt.jpg\",\"articleSection\":[\"Rep\u00fablica\"],\"inLanguage\":\"es\",\"potentialAction\":[{\"@type\":\"CommentAction\",\"name\":\"Comment\",\"target\":[\"https:\/\/www.sonoraenequipo.com.mx\/detienen-a-cardenas-palomino-ex-colaborador-de-garcia-luna\/#respond\"]}]},{\"@type\":\"WebPage\",\"@id\":\"https:\/\/www.sonoraenequipo.com.mx\/detienen-a-cardenas-palomino-ex-colaborador-de-garcia-luna\/\",\"url\":\"https:\/\/www.sonoraenequipo.com.mx\/detienen-a-cardenas-palomino-ex-colaborador-de-garcia-luna\/\",\"name\":\"Sonora en Equipo. Detienen a C\u00e1rdenas Palomino, ex colaborador de Garc\u00eda Luna Rep\u00fablica\",\"isPartOf\":{\"@id\":\"https:\/\/www.sonoraenequipo.com.mx\/#website\"},\"primaryImageOfPage\":{\"@id\":\"https:\/\/www.sonoraenequipo.com.mx\/detienen-a-cardenas-palomino-ex-colaborador-de-garcia-luna\/#primaryimage\"},\"image\":{\"@id\":\"https:\/\/www.sonoraenequipo.com.mx\/detienen-a-cardenas-palomino-ex-colaborador-de-garcia-luna\/#primaryimage\"},\"thumbnailUrl\":\"https:\/\/www.sonoraenequipo.com.mx\/storage\/2021\/07\/Luis-Cardenas_opt.jpg\",\"datePublished\":\"2021-07-05T15:15:06+00:00\",\"dateModified\":\"2021-07-05T15:22:27+00:00\",\"description\":\"CIUDAD DE M\u00c9XICO. MX. \u2014 El ex director de Seguridad Federal de la Polic\u00eda Federal, Luis C\u00e1rdenas Palomino, fue detenido este lunes en Naucalpan, Estado de En Sonora en Equipo publicamos toda la informaci\u00f3n de Sonora, M\u00e9xico y el Mundo de manera oportuna y busca que la libertad de expresi\u00f3n sea real. Visita nuestro medio informativo publicado desde Hermosillo, Sonora. %\",\"breadcrumb\":{\"@id\":\"https:\/\/www.sonoraenequipo.com.mx\/detienen-a-cardenas-palomino-ex-colaborador-de-garcia-luna\/#breadcrumb\"},\"inLanguage\":\"es\",\"potentialAction\":[{\"@type\":\"ReadAction\",\"target\":[\"https:\/\/www.sonoraenequipo.com.mx\/detienen-a-cardenas-palomino-ex-colaborador-de-garcia-luna\/\"]}]},{\"@type\":\"ImageObject\",\"inLanguage\":\"es\",\"@id\":\"https:\/\/www.sonoraenequipo.com.mx\/detienen-a-cardenas-palomino-ex-colaborador-de-garcia-luna\/#primaryimage\",\"url\":\"https:\/\/www.sonoraenequipo.com.mx\/storage\/2021\/07\/Luis-Cardenas_opt.jpg\",\"contentUrl\":\"https:\/\/www.sonoraenequipo.com.mx\/storage\/2021\/07\/Luis-Cardenas_opt.jpg\",\"width\":700,\"height\":400},{\"@type\":\"BreadcrumbList\",\"@id\":\"https:\/\/www.sonoraenequipo.com.mx\/detienen-a-cardenas-palomino-ex-colaborador-de-garcia-luna\/#breadcrumb\",\"itemListElement\":[{\"@type\":\"ListItem\",\"position\":1,\"name\":\"Portada\",\"item\":\"https:\/\/www.sonoraenequipo.com.mx\/\"},{\"@type\":\"ListItem\",\"position\":2,\"name\":\"Detienen a C\u00e1rdenas Palomino, ex colaborador de Garc\u00eda Luna\"}]},{\"@type\":\"WebSite\",\"@id\":\"https:\/\/www.sonoraenequipo.com.mx\/#website\",\"url\":\"https:\/\/www.sonoraenequipo.com.mx\/\",\"name\":\"Sonora en Equipo.\",\"description\":\"Diario en l\u00ednea con Noticias desde Hermosillo, Sonora\",\"publisher\":{\"@id\":\"https:\/\/www.sonoraenequipo.com.mx\/#organization\"},\"potentialAction\":[{\"@type\":\"SearchAction\",\"target\":{\"@type\":\"EntryPoint\",\"urlTemplate\":\"https:\/\/www.sonoraenequipo.com.mx\/?s={search_term_string}\"},\"query-input\":{\"@type\":\"PropertyValueSpecification\",\"valueRequired\":true,\"valueName\":\"search_term_string\"}}],\"inLanguage\":\"es\"},{\"@type\":\"Organization\",\"@id\":\"https:\/\/www.sonoraenequipo.com.mx\/#organization\",\"name\":\"Sonoraenequipo.com.mx\",\"url\":\"https:\/\/www.sonoraenequipo.com.mx\/\",\"logo\":{\"@type\":\"ImageObject\",\"inLanguage\":\"es\",\"@id\":\"https:\/\/www.sonoraenequipo.com.mx\/#\/schema\/logo\/image\/\",\"url\":\"https:\/\/www.sonoraenequipo.com.mx\/storage\/2019\/01\/sonoraenequipo_opt.png\",\"contentUrl\":\"https:\/\/www.sonoraenequipo.com.mx\/storage\/2019\/01\/sonoraenequipo_opt.png\",\"width\":375,\"height\":125,\"caption\":\"Sonoraenequipo.com.mx\"},\"image\":{\"@id\":\"https:\/\/www.sonoraenequipo.com.mx\/#\/schema\/logo\/image\/\"},\"sameAs\":[\"https:\/\/www.facebook.com\/SonoraEE\/\",\"https:\/\/x.com\/sonoraenequipo\",\"https:\/\/www.youtube.com\/channel\/UC338nW-lPEYmJQs4ZABQ1SQ\"]},{\"@type\":\"Person\",\"@id\":\"https:\/\/www.sonoraenequipo.com.mx\/#\/schema\/person\/50102df0fb23a8fa9e8effad8fa81386\",\"name\":\"enequipo\",\"image\":{\"@type\":\"ImageObject\",\"inLanguage\":\"es\",\"@id\":\"https:\/\/www.sonoraenequipo.com.mx\/#\/schema\/person\/image\/\",\"url\":\"https:\/\/secure.gravatar.com\/avatar\/049821681b589dabc0bc20695993ccebb09f5b5d4d790cd9251b97faac7c652b?s=96&d=blank&r=g\",\"contentUrl\":\"https:\/\/secure.gravatar.com\/avatar\/049821681b589dabc0bc20695993ccebb09f5b5d4d790cd9251b97faac7c652b?s=96&d=blank&r=g\",\"caption\":\"enequipo\"},\"sameAs\":[\"https:\/\/www.facebook.com\/SonoraEE\"]}]}<\/script>\n ","yoast_head_json":{"title":"Sonora en Equipo. Detienen a C\u00e1rdenas Palomino, ex colaborador de Garc\u00eda Luna Rep\u00fablica","description":"CIUDAD DE M\u00c9XICO. MX. \u2014 El ex director de Seguridad Federal de la Polic\u00eda Federal, Luis C\u00e1rdenas Palomino, fue detenido este lunes en Naucalpan, Estado de En Sonora en Equipo publicamos toda la informaci\u00f3n de Sonora, M\u00e9xico y el Mundo de manera oportuna y busca que la libertad de expresi\u00f3n sea real. Visita nuestro medio informativo publicado desde Hermosillo, Sonora. %","robots":{"index":"index","follow":"follow","max-snippet":"max-snippet:-1","max-image-preview":"max-image-preview:large","max-video-preview":"max-video-preview:-1"},"canonical":"https:\/\/www.sonoraenequipo.com.mx\/detienen-a-cardenas-palomino-ex-colaborador-de-garcia-luna\/","og_locale":"es_ES","og_type":"article","og_title":"Sonora en Equipo. Detienen a C\u00e1rdenas Palomino, ex colaborador de Garc\u00eda Luna Rep\u00fablica","og_description":"CIUDAD DE M\u00c9XICO. MX. \u2014 El ex director de Seguridad Federal de la Polic\u00eda Federal, Luis C\u00e1rdenas Palomino, fue detenido este lunes en Naucalpan, Estado de En Sonora en Equipo publicamos toda la informaci\u00f3n de Sonora, M\u00e9xico y el Mundo de manera oportuna y busca que la libertad de expresi\u00f3n sea real. Visita nuestro medio informativo publicado desde Hermosillo, Sonora. %","og_url":"https:\/\/www.sonoraenequipo.com.mx\/detienen-a-cardenas-palomino-ex-colaborador-de-garcia-luna\/","og_site_name":"Sonora en Equipo.","article_publisher":"https:\/\/www.facebook.com\/SonoraEE\/","article_author":"https:\/\/www.facebook.com\/SonoraEE","article_published_time":"2021-07-05T15:15:06+00:00","article_modified_time":"2021-07-05T15:22:27+00:00","og_image":[{"width":700,"height":400,"url":"https:\/\/www.sonoraenequipo.com.mx\/storage\/2021\/07\/Luis-Cardenas_opt.jpg","type":"image\/jpeg"}],"author":"enequipo","twitter_card":"summary_large_image","twitter_creator":"@sonoraenequipo","twitter_site":"@sonoraenequipo","twitter_misc":{"Escrito por":"enequipo","Tiempo de lectura":"3 minutos"},"schema":{"@context":"https:\/\/schema.org","@graph":[{"@type":"Article","@id":"https:\/\/www.sonoraenequipo.com.mx\/detienen-a-cardenas-palomino-ex-colaborador-de-garcia-luna\/#article","isPartOf":{"@id":"https:\/\/www.sonoraenequipo.com.mx\/detienen-a-cardenas-palomino-ex-colaborador-de-garcia-luna\/"},"author":{"name":"enequipo","@id":"https:\/\/www.sonoraenequipo.com.mx\/#\/schema\/person\/50102df0fb23a8fa9e8effad8fa81386"},"headline":"Detienen a C\u00e1rdenas Palomino, ex colaborador de Garc\u00eda Luna","datePublished":"2021-07-05T15:15:06+00:00","dateModified":"2021-07-05T15:22:27+00:00","mainEntityOfPage":{"@id":"https:\/\/www.sonoraenequipo.com.mx\/detienen-a-cardenas-palomino-ex-colaborador-de-garcia-luna\/"},"wordCount":492,"commentCount":0,"publisher":{"@id":"https:\/\/www.sonoraenequipo.com.mx\/#organization"},"image":{"@id":"https:\/\/www.sonoraenequipo.com.mx\/detienen-a-cardenas-palomino-ex-colaborador-de-garcia-luna\/#primaryimage"},"thumbnailUrl":"https:\/\/www.sonoraenequipo.com.mx\/storage\/2021\/07\/Luis-Cardenas_opt.jpg","articleSection":["Rep\u00fablica"],"inLanguage":"es","potentialAction":[{"@type":"CommentAction","name":"Comment","target":["https:\/\/www.sonoraenequipo.com.mx\/detienen-a-cardenas-palomino-ex-colaborador-de-garcia-luna\/#respond"]}]},{"@type":"WebPage","@id":"https:\/\/www.sonoraenequipo.com.mx\/detienen-a-cardenas-palomino-ex-colaborador-de-garcia-luna\/","url":"https:\/\/www.sonoraenequipo.com.mx\/detienen-a-cardenas-palomino-ex-colaborador-de-garcia-luna\/","name":"Sonora en Equipo. Detienen a C\u00e1rdenas Palomino, ex colaborador de Garc\u00eda Luna Rep\u00fablica","isPartOf":{"@id":"https:\/\/www.sonoraenequipo.com.mx\/#website"},"primaryImageOfPage":{"@id":"https:\/\/www.sonoraenequipo.com.mx\/detienen-a-cardenas-palomino-ex-colaborador-de-garcia-luna\/#primaryimage"},"image":{"@id":"https:\/\/www.sonoraenequipo.com.mx\/detienen-a-cardenas-palomino-ex-colaborador-de-garcia-luna\/#primaryimage"},"thumbnailUrl":"https:\/\/www.sonoraenequipo.com.mx\/storage\/2021\/07\/Luis-Cardenas_opt.jpg","datePublished":"2021-07-05T15:15:06+00:00","dateModified":"2021-07-05T15:22:27+00:00","description":"CIUDAD DE M\u00c9XICO. MX. \u2014 El ex director de Seguridad Federal de la Polic\u00eda Federal, Luis C\u00e1rdenas Palomino, fue detenido este lunes en Naucalpan, Estado de En Sonora en Equipo publicamos toda la informaci\u00f3n de Sonora, M\u00e9xico y el Mundo de manera oportuna y busca que la libertad de expresi\u00f3n sea real. Visita nuestro medio informativo publicado desde Hermosillo, Sonora. %","breadcrumb":{"@id":"https:\/\/www.sonoraenequipo.com.mx\/detienen-a-cardenas-palomino-ex-colaborador-de-garcia-luna\/#breadcrumb"},"inLanguage":"es","potentialAction":[{"@type":"ReadAction","target":["https:\/\/www.sonoraenequipo.com.mx\/detienen-a-cardenas-palomino-ex-colaborador-de-garcia-luna\/"]}]},{"@type":"ImageObject","inLanguage":"es","@id":"https:\/\/www.sonoraenequipo.com.mx\/detienen-a-cardenas-palomino-ex-colaborador-de-garcia-luna\/#primaryimage","url":"https:\/\/www.sonoraenequipo.com.mx\/storage\/2021\/07\/Luis-Cardenas_opt.jpg","contentUrl":"https:\/\/www.sonoraenequipo.com.mx\/storage\/2021\/07\/Luis-Cardenas_opt.jpg","width":700,"height":400},{"@type":"BreadcrumbList","@id":"https:\/\/www.sonoraenequipo.com.mx\/detienen-a-cardenas-palomino-ex-colaborador-de-garcia-luna\/#breadcrumb","itemListElement":[{"@type":"ListItem","position":1,"name":"Portada","item":"https:\/\/www.sonoraenequipo.com.mx\/"},{"@type":"ListItem","position":2,"name":"Detienen a C\u00e1rdenas Palomino, ex colaborador de Garc\u00eda Luna"}]},{"@type":"WebSite","@id":"https:\/\/www.sonoraenequipo.com.mx\/#website","url":"https:\/\/www.sonoraenequipo.com.mx\/","name":"Sonora en Equipo.","description":"Diario en l\u00ednea con Noticias desde Hermosillo, Sonora","publisher":{"@id":"https:\/\/www.sonoraenequipo.com.mx\/#organization"},"potentialAction":[{"@type":"SearchAction","target":{"@type":"EntryPoint","urlTemplate":"https:\/\/www.sonoraenequipo.com.mx\/?s={search_term_string}"},"query-input":{"@type":"PropertyValueSpecification","valueRequired":true,"valueName":"search_term_string"}}],"inLanguage":"es"},{"@type":"Organization","@id":"https:\/\/www.sonoraenequipo.com.mx\/#organization","name":"Sonoraenequipo.com.mx","url":"https:\/\/www.sonoraenequipo.com.mx\/","logo":{"@type":"ImageObject","inLanguage":"es","@id":"https:\/\/www.sonoraenequipo.com.mx\/#\/schema\/logo\/image\/","url":"https:\/\/www.sonoraenequipo.com.mx\/storage\/2019\/01\/sonoraenequipo_opt.png","contentUrl":"https:\/\/www.sonoraenequipo.com.mx\/storage\/2019\/01\/sonoraenequipo_opt.png","width":375,"height":125,"caption":"Sonoraenequipo.com.mx"},"image":{"@id":"https:\/\/www.sonoraenequipo.com.mx\/#\/schema\/logo\/image\/"},"sameAs":["https:\/\/www.facebook.com\/SonoraEE\/","https:\/\/x.com\/sonoraenequipo","https:\/\/www.youtube.com\/channel\/UC338nW-lPEYmJQs4ZABQ1SQ"]},{"@type":"Person","@id":"https:\/\/www.sonoraenequipo.com.mx\/#\/schema\/person\/50102df0fb23a8fa9e8effad8fa81386","name":"enequipo","image":{"@type":"ImageObject","inLanguage":"es","@id":"https:\/\/www.sonoraenequipo.com.mx\/#\/schema\/person\/image\/","url":"https:\/\/secure.gravatar.com\/avatar\/049821681b589dabc0bc20695993ccebb09f5b5d4d790cd9251b97faac7c652b?s=96&d=blank&r=g","contentUrl":"https:\/\/secure.gravatar.com\/avatar\/049821681b589dabc0bc20695993ccebb09f5b5d4d790cd9251b97faac7c652b?s=96&d=blank&r=g","caption":"enequipo"},"sameAs":["https:\/\/www.facebook.com\/SonoraEE"]}]}},"jetpack_featured_media_url":"https:\/\/www.sonoraenequipo.com.mx\/storage\/2021\/07\/Luis-Cardenas_opt.jpg","_links":{"self":[{"href":"https:\/\/www.sonoraenequipo.com.mx\/api\/wp\/v2\/posts\/117821","targetHints":{"allow":["GET"]}}],"collection":[{"href":"https:\/\/www.sonoraenequipo.com.mx\/api\/wp\/v2\/posts"}],"about":[{"href":"https:\/\/www.sonoraenequipo.com.mx\/api\/wp\/v2\/types\/post"}],"author":[{"embeddable":true,"href":"https:\/\/www.sonoraenequipo.com.mx\/api\/wp\/v2\/users\/1"}],"replies":[{"embeddable":true,"href":"https:\/\/www.sonoraenequipo.com.mx\/api\/wp\/v2\/comments?post=117821"}],"version-history":[{"count":1,"href":"https:\/\/www.sonoraenequipo.com.mx\/api\/wp\/v2\/posts\/117821\/revisions"}],"predecessor-version":[{"id":117824,"href":"https:\/\/www.sonoraenequipo.com.mx\/api\/wp\/v2\/posts\/117821\/revisions\/117824"}],"wp:featuredmedia":[{"embeddable":true,"href":"https:\/\/www.sonoraenequipo.com.mx\/api\/wp\/v2\/media\/117823"}],"wp:attachment":[{"href":"https:\/\/www.sonoraenequipo.com.mx\/api\/wp\/v2\/media?parent=117821"}],"wp:term":[{"taxonomy":"category","embeddable":true,"href":"https:\/\/www.sonoraenequipo.com.mx\/api\/wp\/v2\/categories?post=117821"},{"taxonomy":"post_tag","embeddable":true,"href":"https:\/\/www.sonoraenequipo.com.mx\/api\/wp\/v2\/tags?post=117821"}],"curies":[{"name":"wp","href":"https:\/\/api.w.org\/{rel}","templated":true}]}}