{"id":117826,"date":"2021-07-05T09:15:47","date_gmt":"2021-07-05T16:15:47","guid":{"rendered":"https:\/\/www.sonoraenequipo.com.mx\/?p=117826"},"modified":"2021-07-05T11:11:19","modified_gmt":"2021-07-05T18:11:19","slug":"francisco-dominguez-gobernador-de-queretaro-da-positivo-a-covid-19-por-segunda-vez","status":"publish","type":"post","link":"https:\/\/www.sonoraenequipo.com.mx\/francisco-dominguez-gobernador-de-queretaro-da-positivo-a-covid-19-por-segunda-vez\/","title":{"rendered":"Francisco Dom\u00ednguez, gobernador de Quer\u00e9taro, da positivo a Covid-19 por segunda vez"},"content":{"rendered":"<p>QUER\u00c9TARO,QUER\u00c9TARO. MX. \u2014 Francisco Dom\u00ednguez, gobernador de Quer\u00e9taro, inform\u00f3 que dio positivo a Covid-19 por segunda ocasi\u00f3n, desde que inici\u00f3 la pandemia y d\u00edas antes de recibir su segunda dosis de la vacuna contra el Sars-CoV-2.<\/p>\n<p>&nbsp;<\/p>\n<p> <\/p>\n<p>A trav\u00e9s de su cuenta de Twitter, el mandatario queretano indic\u00f3 que desde el viernes 2 de julio comenz\u00f3 con s\u00edntomas del virus, aunque aclar\u00f3 que hasta el momento se han mantenido leves.<\/p>\n<p><em>\u201cEl d\u00eda de hoy me informaron que di positivo a la prueba de Covid; inici\u00e9 con s\u00edntomas el viernes pasado, afortunadamente hasta ahora son leves\u201c,<\/em> expres\u00f3 Francisco Dom\u00ednguez, mensaje que acompa\u00f1\u00f3 con el resultado de su prueba.<\/p>\n<p>Francisco Dom\u00ednguez expuso que se mantendr\u00e1 en su casa y con vigilancia m\u00e9dica, coordinando las tareas y actividades de su gobierno a distancia. Adem\u00e1s, indic\u00f3 que avis\u00f3 a familiares y contactos directos, a fin de que se a\u00edslen y tomen las medidas pertinentes tras haber convivido con \u00e9l.<\/p>\n<p><em>\u201cYa avis\u00e9 a mis familiares y contactos directos, a fin de que se a\u00edslen y tomen las medidas pertinentes; yo me mantendr\u00e9 en casa y con vigilancia m\u00e9dica, coordinando las tareas y actividades de mi gobierno a distancia\u201c<\/em>, apunt\u00f3.<\/p>\n<p>El mandatario indic\u00f3 que espera que su caso contribuya a eliminar <em>\u201cesa falsa idea de que vacunados ya no podemos contagiarnos; justo estaba por recibir mi segunda dosis. Vac\u00fanate y sigue cuid\u00e1ndote\u201c.<\/em><\/p>\n<p>A finales de marzo de 2020, justo en el auge de la pandemia de Covid-19, Francisco Dom\u00ednguez inform\u00f3 que se contagi\u00f3 del virus, siendo de los primeros mandatarios estatales en adquirirlo. El 26 de mayo del presente a\u00f1o recibi\u00f3 la primera dosis de la vacuna de Pfizer y ten\u00eda previsto recibir la segunda dosis este s\u00e1bado 3 de julio.<\/p>\n<p><a class=\"twitter-timeline\" data-width=\"640\" data-height=\"960\" data-dnt=\"true\" href=\"https:\/\/twitter.com\/PanchDominguez?ref_src=twsrc%5Etfw\">Tweets by PanchDominguez<\/a><script async src=\"https:\/\/platform.twitter.com\/widgets.js\" charset=\"utf-8\"><\/script><\/p>\n<p>&nbsp;<\/p>\n<p>&nbsp;<\/p>\n<p>(Publicada el 05\/07\/2021)<\/p>\n","protected":false},"excerpt":{"rendered":"<p>QUER\u00c9TARO,QUER\u00c9TARO. MX. \u2014 Francisco Dom\u00ednguez, gobernador de Quer\u00e9taro, inform\u00f3 que dio positivo a Covid-19 por&#8230;<\/p>\n","protected":false},"author":1,"featured_media":117827,"comment_status":"open","ping_status":"open","sticky":false,"template":"","format":"standard","meta":{"_monsterinsights_skip_tracking":false,"_monsterinsights_sitenote_active":false,"_monsterinsights_sitenote_note":"","_monsterinsights_sitenote_category":0,"footnotes":""},"categories":[5],"tags":[],"class_list":["post"],"yoast_head":" \n<title>Sonora en Equipo. Francisco Dom\u00ednguez, gobernador de Quer\u00e9taro, da positivo a Covid-19 por segunda vez Rep\u00fablica<\/title>\n<meta name=\"description\" content=\"QUER\u00c9TARO,QUER\u00c9TARO. MX. \u2014 Francisco Dom\u00ednguez, gobernador de Quer\u00e9taro, inform\u00f3 que dio positivo a Covid-19 por segunda ocasi\u00f3n, desde que inici\u00f3 la En Sonora en Equipo publicamos toda la informaci\u00f3n de Sonora, M\u00e9xico y el Mundo de manera oportuna y busca que la libertad de expresi\u00f3n sea real. Visita nuestro medio informativo publicado desde Hermosillo, Sonora. %\" \/>\n<meta name=\"robots\" content=\"index, follow, max-snippet:-1, max-image-preview:large, max-video-preview:-1\" \/>\n<link rel=\"canonical\" href=\"https:\/\/www.sonoraenequipo.com.mx\/francisco-dominguez-gobernador-de-queretaro-da-positivo-a-covid-19-por-segunda-vez\/\" \/>\n<meta property=\"og:locale\" content=\"es_ES\" \/>\n<meta property=\"og:type\" content=\"article\" \/>\n<meta property=\"og:title\" content=\"Sonora en Equipo. Francisco Dom\u00ednguez, gobernador de Quer\u00e9taro, da positivo a Covid-19 por segunda vez Rep\u00fablica\" \/>\n<meta property=\"og:description\" content=\"QUER\u00c9TARO,QUER\u00c9TARO. MX. \u2014 Francisco Dom\u00ednguez, gobernador de Quer\u00e9taro, inform\u00f3 que dio positivo a Covid-19 por segunda ocasi\u00f3n, desde que inici\u00f3 la En Sonora en Equipo publicamos toda la informaci\u00f3n de Sonora, M\u00e9xico y el Mundo de manera oportuna y busca que la libertad de expresi\u00f3n sea real. Visita nuestro medio informativo publicado desde Hermosillo, Sonora. %\" \/>\n<meta property=\"og:url\" content=\"https:\/\/www.sonoraenequipo.com.mx\/francisco-dominguez-gobernador-de-queretaro-da-positivo-a-covid-19-por-segunda-vez\/\" \/>\n<meta property=\"og:site_name\" content=\"Sonora en Equipo.\" \/>\n<meta property=\"article:publisher\" content=\"https:\/\/www.facebook.com\/SonoraEE\/\" \/>\n<meta property=\"article:author\" content=\"https:\/\/www.facebook.com\/SonoraEE\" \/>\n<meta property=\"article:published_time\" content=\"2021-07-05T16:15:47+00:00\" \/>\n<meta property=\"article:modified_time\" content=\"2021-07-05T18:11:19+00:00\" \/>\n<meta property=\"og:image\" content=\"https:\/\/www.sonoraenequipo.com.mx\/storage\/2021\/07\/Francisco-Dominguez-segunda-vez-del-covid19_opt.jpg\" \/>\n\t<meta property=\"og:image:width\" content=\"700\" \/>\n\t<meta property=\"og:image:height\" content=\"400\" \/>\n\t<meta property=\"og:image:type\" content=\"image\/jpeg\" \/>\n<meta name=\"author\" content=\"enequipo\" \/>\n<meta name=\"twitter:card\" content=\"summary_large_image\" \/>\n<meta name=\"twitter:creator\" content=\"@sonoraenequipo\" \/>\n<meta name=\"twitter:site\" content=\"@sonoraenequipo\" \/>\n<meta name=\"twitter:label1\" content=\"Escrito por\" \/>\n\t<meta name=\"twitter:data1\" content=\"enequipo\" \/>\n\t<meta name=\"twitter:label2\" content=\"Tiempo de lectura\" \/>\n\t<meta name=\"twitter:data2\" content=\"2 minutos\" \/>\n<script type=\"application\/ld+json\" class=\"yoast-schema-graph\">{\"@context\":\"https:\/\/schema.org\",\"@graph\":[{\"@type\":\"Article\",\"@id\":\"https:\/\/www.sonoraenequipo.com.mx\/francisco-dominguez-gobernador-de-queretaro-da-positivo-a-covid-19-por-segunda-vez\/#article\",\"isPartOf\":{\"@id\":\"https:\/\/www.sonoraenequipo.com.mx\/francisco-dominguez-gobernador-de-queretaro-da-positivo-a-covid-19-por-segunda-vez\/\"},\"author\":{\"name\":\"enequipo\",\"@id\":\"https:\/\/www.sonoraenequipo.com.mx\/#\/schema\/person\/50102df0fb23a8fa9e8effad8fa81386\"},\"headline\":\"Francisco Dom\u00ednguez, gobernador de Quer\u00e9taro, da positivo a Covid-19 por segunda vez\",\"datePublished\":\"2021-07-05T16:15:47+00:00\",\"dateModified\":\"2021-07-05T18:11:19+00:00\",\"mainEntityOfPage\":{\"@id\":\"https:\/\/www.sonoraenequipo.com.mx\/francisco-dominguez-gobernador-de-queretaro-da-positivo-a-covid-19-por-segunda-vez\/\"},\"wordCount\":326,\"commentCount\":0,\"publisher\":{\"@id\":\"https:\/\/www.sonoraenequipo.com.mx\/#organization\"},\"image\":{\"@id\":\"https:\/\/www.sonoraenequipo.com.mx\/francisco-dominguez-gobernador-de-queretaro-da-positivo-a-covid-19-por-segunda-vez\/#primaryimage\"},\"thumbnailUrl\":\"https:\/\/www.sonoraenequipo.com.mx\/storage\/2021\/07\/Francisco-Dominguez-segunda-vez-del-covid19_opt.jpg\",\"articleSection\":[\"Rep\u00fablica\"],\"inLanguage\":\"es\",\"potentialAction\":[{\"@type\":\"CommentAction\",\"name\":\"Comment\",\"target\":[\"https:\/\/www.sonoraenequipo.com.mx\/francisco-dominguez-gobernador-de-queretaro-da-positivo-a-covid-19-por-segunda-vez\/#respond\"]}]},{\"@type\":\"WebPage\",\"@id\":\"https:\/\/www.sonoraenequipo.com.mx\/francisco-dominguez-gobernador-de-queretaro-da-positivo-a-covid-19-por-segunda-vez\/\",\"url\":\"https:\/\/www.sonoraenequipo.com.mx\/francisco-dominguez-gobernador-de-queretaro-da-positivo-a-covid-19-por-segunda-vez\/\",\"name\":\"Sonora en Equipo. Francisco Dom\u00ednguez, gobernador de Quer\u00e9taro, da positivo a Covid-19 por segunda vez Rep\u00fablica\",\"isPartOf\":{\"@id\":\"https:\/\/www.sonoraenequipo.com.mx\/#website\"},\"primaryImageOfPage\":{\"@id\":\"https:\/\/www.sonoraenequipo.com.mx\/francisco-dominguez-gobernador-de-queretaro-da-positivo-a-covid-19-por-segunda-vez\/#primaryimage\"},\"image\":{\"@id\":\"https:\/\/www.sonoraenequipo.com.mx\/francisco-dominguez-gobernador-de-queretaro-da-positivo-a-covid-19-por-segunda-vez\/#primaryimage\"},\"thumbnailUrl\":\"https:\/\/www.sonoraenequipo.com.mx\/storage\/2021\/07\/Francisco-Dominguez-segunda-vez-del-covid19_opt.jpg\",\"datePublished\":\"2021-07-05T16:15:47+00:00\",\"dateModified\":\"2021-07-05T18:11:19+00:00\",\"description\":\"QUER\u00c9TARO,QUER\u00c9TARO. MX. \u2014 Francisco Dom\u00ednguez, gobernador de Quer\u00e9taro, inform\u00f3 que dio positivo a Covid-19 por segunda ocasi\u00f3n, desde que inici\u00f3 la En Sonora en Equipo publicamos toda la informaci\u00f3n de Sonora, M\u00e9xico y el Mundo de manera oportuna y busca que la libertad de expresi\u00f3n sea real. Visita nuestro medio informativo publicado desde Hermosillo, Sonora. %\",\"breadcrumb\":{\"@id\":\"https:\/\/www.sonoraenequipo.com.mx\/francisco-dominguez-gobernador-de-queretaro-da-positivo-a-covid-19-por-segunda-vez\/#breadcrumb\"},\"inLanguage\":\"es\",\"potentialAction\":[{\"@type\":\"ReadAction\",\"target\":[\"https:\/\/www.sonoraenequipo.com.mx\/francisco-dominguez-gobernador-de-queretaro-da-positivo-a-covid-19-por-segunda-vez\/\"]}]},{\"@type\":\"ImageObject\",\"inLanguage\":\"es\",\"@id\":\"https:\/\/www.sonoraenequipo.com.mx\/francisco-dominguez-gobernador-de-queretaro-da-positivo-a-covid-19-por-segunda-vez\/#primaryimage\",\"url\":\"https:\/\/www.sonoraenequipo.com.mx\/storage\/2021\/07\/Francisco-Dominguez-segunda-vez-del-covid19_opt.jpg\",\"contentUrl\":\"https:\/\/www.sonoraenequipo.com.mx\/storage\/2021\/07\/Francisco-Dominguez-segunda-vez-del-covid19_opt.jpg\",\"width\":700,\"height\":400},{\"@type\":\"BreadcrumbList\",\"@id\":\"https:\/\/www.sonoraenequipo.com.mx\/francisco-dominguez-gobernador-de-queretaro-da-positivo-a-covid-19-por-segunda-vez\/#breadcrumb\",\"itemListElement\":[{\"@type\":\"ListItem\",\"position\":1,\"name\":\"Portada\",\"item\":\"https:\/\/www.sonoraenequipo.com.mx\/\"},{\"@type\":\"ListItem\",\"position\":2,\"name\":\"Francisco Dom\u00ednguez, gobernador de Quer\u00e9taro, da positivo a Covid-19 por segunda vez\"}]},{\"@type\":\"WebSite\",\"@id\":\"https:\/\/www.sonoraenequipo.com.mx\/#website\",\"url\":\"https:\/\/www.sonoraenequipo.com.mx\/\",\"name\":\"Sonora en Equipo.\",\"description\":\"Diario en l\u00ednea con Noticias desde Hermosillo, Sonora\",\"publisher\":{\"@id\":\"https:\/\/www.sonoraenequipo.com.mx\/#organization\"},\"potentialAction\":[{\"@type\":\"SearchAction\",\"target\":{\"@type\":\"EntryPoint\",\"urlTemplate\":\"https:\/\/www.sonoraenequipo.com.mx\/?s={search_term_string}\"},\"query-input\":{\"@type\":\"PropertyValueSpecification\",\"valueRequired\":true,\"valueName\":\"search_term_string\"}}],\"inLanguage\":\"es\"},{\"@type\":\"Organization\",\"@id\":\"https:\/\/www.sonoraenequipo.com.mx\/#organization\",\"name\":\"Sonoraenequipo.com.mx\",\"url\":\"https:\/\/www.sonoraenequipo.com.mx\/\",\"logo\":{\"@type\":\"ImageObject\",\"inLanguage\":\"es\",\"@id\":\"https:\/\/www.sonoraenequipo.com.mx\/#\/schema\/logo\/image\/\",\"url\":\"https:\/\/www.sonoraenequipo.com.mx\/storage\/2019\/01\/sonoraenequipo_opt.png\",\"contentUrl\":\"https:\/\/www.sonoraenequipo.com.mx\/storage\/2019\/01\/sonoraenequipo_opt.png\",\"width\":375,\"height\":125,\"caption\":\"Sonoraenequipo.com.mx\"},\"image\":{\"@id\":\"https:\/\/www.sonoraenequipo.com.mx\/#\/schema\/logo\/image\/\"},\"sameAs\":[\"https:\/\/www.facebook.com\/SonoraEE\/\",\"https:\/\/x.com\/sonoraenequipo\",\"https:\/\/www.youtube.com\/channel\/UC338nW-lPEYmJQs4ZABQ1SQ\"]},{\"@type\":\"Person\",\"@id\":\"https:\/\/www.sonoraenequipo.com.mx\/#\/schema\/person\/50102df0fb23a8fa9e8effad8fa81386\",\"name\":\"enequipo\",\"image\":{\"@type\":\"ImageObject\",\"inLanguage\":\"es\",\"@id\":\"https:\/\/www.sonoraenequipo.com.mx\/#\/schema\/person\/image\/\",\"url\":\"https:\/\/secure.gravatar.com\/avatar\/049821681b589dabc0bc20695993ccebb09f5b5d4d790cd9251b97faac7c652b?s=96&d=blank&r=g\",\"contentUrl\":\"https:\/\/secure.gravatar.com\/avatar\/049821681b589dabc0bc20695993ccebb09f5b5d4d790cd9251b97faac7c652b?s=96&d=blank&r=g\",\"caption\":\"enequipo\"},\"sameAs\":[\"https:\/\/www.facebook.com\/SonoraEE\"]}]}<\/script>\n ","yoast_head_json":{"title":"Sonora en Equipo. Francisco Dom\u00ednguez, gobernador de Quer\u00e9taro, da positivo a Covid-19 por segunda vez Rep\u00fablica","description":"QUER\u00c9TARO,QUER\u00c9TARO. MX. \u2014 Francisco Dom\u00ednguez, gobernador de Quer\u00e9taro, inform\u00f3 que dio positivo a Covid-19 por segunda ocasi\u00f3n, desde que inici\u00f3 la En Sonora en Equipo publicamos toda la informaci\u00f3n de Sonora, M\u00e9xico y el Mundo de manera oportuna y busca que la libertad de expresi\u00f3n sea real. Visita nuestro medio informativo publicado desde Hermosillo, Sonora. %","robots":{"index":"index","follow":"follow","max-snippet":"max-snippet:-1","max-image-preview":"max-image-preview:large","max-video-preview":"max-video-preview:-1"},"canonical":"https:\/\/www.sonoraenequipo.com.mx\/francisco-dominguez-gobernador-de-queretaro-da-positivo-a-covid-19-por-segunda-vez\/","og_locale":"es_ES","og_type":"article","og_title":"Sonora en Equipo. Francisco Dom\u00ednguez, gobernador de Quer\u00e9taro, da positivo a Covid-19 por segunda vez Rep\u00fablica","og_description":"QUER\u00c9TARO,QUER\u00c9TARO. MX. \u2014 Francisco Dom\u00ednguez, gobernador de Quer\u00e9taro, inform\u00f3 que dio positivo a Covid-19 por segunda ocasi\u00f3n, desde que inici\u00f3 la En Sonora en Equipo publicamos toda la informaci\u00f3n de Sonora, M\u00e9xico y el Mundo de manera oportuna y busca que la libertad de expresi\u00f3n sea real. Visita nuestro medio informativo publicado desde Hermosillo, Sonora. %","og_url":"https:\/\/www.sonoraenequipo.com.mx\/francisco-dominguez-gobernador-de-queretaro-da-positivo-a-covid-19-por-segunda-vez\/","og_site_name":"Sonora en Equipo.","article_publisher":"https:\/\/www.facebook.com\/SonoraEE\/","article_author":"https:\/\/www.facebook.com\/SonoraEE","article_published_time":"2021-07-05T16:15:47+00:00","article_modified_time":"2021-07-05T18:11:19+00:00","og_image":[{"width":700,"height":400,"url":"https:\/\/www.sonoraenequipo.com.mx\/storage\/2021\/07\/Francisco-Dominguez-segunda-vez-del-covid19_opt.jpg","type":"image\/jpeg"}],"author":"enequipo","twitter_card":"summary_large_image","twitter_creator":"@sonoraenequipo","twitter_site":"@sonoraenequipo","twitter_misc":{"Escrito por":"enequipo","Tiempo de lectura":"2 minutos"},"schema":{"@context":"https:\/\/schema.org","@graph":[{"@type":"Article","@id":"https:\/\/www.sonoraenequipo.com.mx\/francisco-dominguez-gobernador-de-queretaro-da-positivo-a-covid-19-por-segunda-vez\/#article","isPartOf":{"@id":"https:\/\/www.sonoraenequipo.com.mx\/francisco-dominguez-gobernador-de-queretaro-da-positivo-a-covid-19-por-segunda-vez\/"},"author":{"name":"enequipo","@id":"https:\/\/www.sonoraenequipo.com.mx\/#\/schema\/person\/50102df0fb23a8fa9e8effad8fa81386"},"headline":"Francisco Dom\u00ednguez, gobernador de Quer\u00e9taro, da positivo a Covid-19 por segunda vez","datePublished":"2021-07-05T16:15:47+00:00","dateModified":"2021-07-05T18:11:19+00:00","mainEntityOfPage":{"@id":"https:\/\/www.sonoraenequipo.com.mx\/francisco-dominguez-gobernador-de-queretaro-da-positivo-a-covid-19-por-segunda-vez\/"},"wordCount":326,"commentCount":0,"publisher":{"@id":"https:\/\/www.sonoraenequipo.com.mx\/#organization"},"image":{"@id":"https:\/\/www.sonoraenequipo.com.mx\/francisco-dominguez-gobernador-de-queretaro-da-positivo-a-covid-19-por-segunda-vez\/#primaryimage"},"thumbnailUrl":"https:\/\/www.sonoraenequipo.com.mx\/storage\/2021\/07\/Francisco-Dominguez-segunda-vez-del-covid19_opt.jpg","articleSection":["Rep\u00fablica"],"inLanguage":"es","potentialAction":[{"@type":"CommentAction","name":"Comment","target":["https:\/\/www.sonoraenequipo.com.mx\/francisco-dominguez-gobernador-de-queretaro-da-positivo-a-covid-19-por-segunda-vez\/#respond"]}]},{"@type":"WebPage","@id":"https:\/\/www.sonoraenequipo.com.mx\/francisco-dominguez-gobernador-de-queretaro-da-positivo-a-covid-19-por-segunda-vez\/","url":"https:\/\/www.sonoraenequipo.com.mx\/francisco-dominguez-gobernador-de-queretaro-da-positivo-a-covid-19-por-segunda-vez\/","name":"Sonora en Equipo. Francisco Dom\u00ednguez, gobernador de Quer\u00e9taro, da positivo a Covid-19 por segunda vez Rep\u00fablica","isPartOf":{"@id":"https:\/\/www.sonoraenequipo.com.mx\/#website"},"primaryImageOfPage":{"@id":"https:\/\/www.sonoraenequipo.com.mx\/francisco-dominguez-gobernador-de-queretaro-da-positivo-a-covid-19-por-segunda-vez\/#primaryimage"},"image":{"@id":"https:\/\/www.sonoraenequipo.com.mx\/francisco-dominguez-gobernador-de-queretaro-da-positivo-a-covid-19-por-segunda-vez\/#primaryimage"},"thumbnailUrl":"https:\/\/www.sonoraenequipo.com.mx\/storage\/2021\/07\/Francisco-Dominguez-segunda-vez-del-covid19_opt.jpg","datePublished":"2021-07-05T16:15:47+00:00","dateModified":"2021-07-05T18:11:19+00:00","description":"QUER\u00c9TARO,QUER\u00c9TARO. MX. \u2014 Francisco Dom\u00ednguez, gobernador de Quer\u00e9taro, inform\u00f3 que dio positivo a Covid-19 por segunda ocasi\u00f3n, desde que inici\u00f3 la En Sonora en Equipo publicamos toda la informaci\u00f3n de Sonora, M\u00e9xico y el Mundo de manera oportuna y busca que la libertad de expresi\u00f3n sea real. Visita nuestro medio informativo publicado desde Hermosillo, Sonora. %","breadcrumb":{"@id":"https:\/\/www.sonoraenequipo.com.mx\/francisco-dominguez-gobernador-de-queretaro-da-positivo-a-covid-19-por-segunda-vez\/#breadcrumb"},"inLanguage":"es","potentialAction":[{"@type":"ReadAction","target":["https:\/\/www.sonoraenequipo.com.mx\/francisco-dominguez-gobernador-de-queretaro-da-positivo-a-covid-19-por-segunda-vez\/"]}]},{"@type":"ImageObject","inLanguage":"es","@id":"https:\/\/www.sonoraenequipo.com.mx\/francisco-dominguez-gobernador-de-queretaro-da-positivo-a-covid-19-por-segunda-vez\/#primaryimage","url":"https:\/\/www.sonoraenequipo.com.mx\/storage\/2021\/07\/Francisco-Dominguez-segunda-vez-del-covid19_opt.jpg","contentUrl":"https:\/\/www.sonoraenequipo.com.mx\/storage\/2021\/07\/Francisco-Dominguez-segunda-vez-del-covid19_opt.jpg","width":700,"height":400},{"@type":"BreadcrumbList","@id":"https:\/\/www.sonoraenequipo.com.mx\/francisco-dominguez-gobernador-de-queretaro-da-positivo-a-covid-19-por-segunda-vez\/#breadcrumb","itemListElement":[{"@type":"ListItem","position":1,"name":"Portada","item":"https:\/\/www.sonoraenequipo.com.mx\/"},{"@type":"ListItem","position":2,"name":"Francisco Dom\u00ednguez, gobernador de Quer\u00e9taro, da positivo a Covid-19 por segunda vez"}]},{"@type":"WebSite","@id":"https:\/\/www.sonoraenequipo.com.mx\/#website","url":"https:\/\/www.sonoraenequipo.com.mx\/","name":"Sonora en Equipo.","description":"Diario en l\u00ednea con Noticias desde Hermosillo, Sonora","publisher":{"@id":"https:\/\/www.sonoraenequipo.com.mx\/#organization"},"potentialAction":[{"@type":"SearchAction","target":{"@type":"EntryPoint","urlTemplate":"https:\/\/www.sonoraenequipo.com.mx\/?s={search_term_string}"},"query-input":{"@type":"PropertyValueSpecification","valueRequired":true,"valueName":"search_term_string"}}],"inLanguage":"es"},{"@type":"Organization","@id":"https:\/\/www.sonoraenequipo.com.mx\/#organization","name":"Sonoraenequipo.com.mx","url":"https:\/\/www.sonoraenequipo.com.mx\/","logo":{"@type":"ImageObject","inLanguage":"es","@id":"https:\/\/www.sonoraenequipo.com.mx\/#\/schema\/logo\/image\/","url":"https:\/\/www.sonoraenequipo.com.mx\/storage\/2019\/01\/sonoraenequipo_opt.png","contentUrl":"https:\/\/www.sonoraenequipo.com.mx\/storage\/2019\/01\/sonoraenequipo_opt.png","width":375,"height":125,"caption":"Sonoraenequipo.com.mx"},"image":{"@id":"https:\/\/www.sonoraenequipo.com.mx\/#\/schema\/logo\/image\/"},"sameAs":["https:\/\/www.facebook.com\/SonoraEE\/","https:\/\/x.com\/sonoraenequipo","https:\/\/www.youtube.com\/channel\/UC338nW-lPEYmJQs4ZABQ1SQ"]},{"@type":"Person","@id":"https:\/\/www.sonoraenequipo.com.mx\/#\/schema\/person\/50102df0fb23a8fa9e8effad8fa81386","name":"enequipo","image":{"@type":"ImageObject","inLanguage":"es","@id":"https:\/\/www.sonoraenequipo.com.mx\/#\/schema\/person\/image\/","url":"https:\/\/secure.gravatar.com\/avatar\/049821681b589dabc0bc20695993ccebb09f5b5d4d790cd9251b97faac7c652b?s=96&d=blank&r=g","contentUrl":"https:\/\/secure.gravatar.com\/avatar\/049821681b589dabc0bc20695993ccebb09f5b5d4d790cd9251b97faac7c652b?s=96&d=blank&r=g","caption":"enequipo"},"sameAs":["https:\/\/www.facebook.com\/SonoraEE"]}]}},"jetpack_featured_media_url":"https:\/\/www.sonoraenequipo.com.mx\/storage\/2021\/07\/Francisco-Dominguez-segunda-vez-del-covid19_opt.jpg","_links":{"self":[{"href":"https:\/\/www.sonoraenequipo.com.mx\/api\/wp\/v2\/posts\/117826","targetHints":{"allow":["GET"]}}],"collection":[{"href":"https:\/\/www.sonoraenequipo.com.mx\/api\/wp\/v2\/posts"}],"about":[{"href":"https:\/\/www.sonoraenequipo.com.mx\/api\/wp\/v2\/types\/post"}],"author":[{"embeddable":true,"href":"https:\/\/www.sonoraenequipo.com.mx\/api\/wp\/v2\/users\/1"}],"replies":[{"embeddable":true,"href":"https:\/\/www.sonoraenequipo.com.mx\/api\/wp\/v2\/comments?post=117826"}],"version-history":[{"count":1,"href":"https:\/\/www.sonoraenequipo.com.mx\/api\/wp\/v2\/posts\/117826\/revisions"}],"predecessor-version":[{"id":117828,"href":"https:\/\/www.sonoraenequipo.com.mx\/api\/wp\/v2\/posts\/117826\/revisions\/117828"}],"wp:featuredmedia":[{"embeddable":true,"href":"https:\/\/www.sonoraenequipo.com.mx\/api\/wp\/v2\/media\/117827"}],"wp:attachment":[{"href":"https:\/\/www.sonoraenequipo.com.mx\/api\/wp\/v2\/media?parent=117826"}],"wp:term":[{"taxonomy":"category","embeddable":true,"href":"https:\/\/www.sonoraenequipo.com.mx\/api\/wp\/v2\/categories?post=117826"},{"taxonomy":"post_tag","embeddable":true,"href":"https:\/\/www.sonoraenequipo.com.mx\/api\/wp\/v2\/tags?post=117826"}],"curies":[{"name":"wp","href":"https:\/\/api.w.org\/{rel}","templated":true}]}}