{"id":117829,"date":"2021-07-05T08:28:47","date_gmt":"2021-07-05T15:28:47","guid":{"rendered":"https:\/\/www.sonoraenequipo.com.mx\/?p=117829"},"modified":"2021-07-05T11:19:38","modified_gmt":"2021-07-05T18:19:38","slug":"117829-2","status":"publish","type":"post","link":"https:\/\/www.sonoraenequipo.com.mx\/117829-2\/","title":{"rendered":"Se confirman seis defunciones y 172 nuevos casos por esta enfermedad"},"content":{"rendered":"<p>HERMOSILLO, SONORA. MX. \u2014 Las vacunas contra el COVID-19 son efectivas y constituyen una herramienta fundamental para ayudar a controlar la pandemia; sin embargo, el avance de la vacunaci\u00f3n contra este virus es insuficiente para garantizar que los contagios est\u00e9n controlados, inform\u00f3 Enrique Clausen Iberri.<\/p>\n<p>&nbsp;<\/p>\n<p>&nbsp;<\/p>\n<p> Despu\u00e9s de confirmarse seis defunciones y 172 nuevos casos, el secretario de Salud, pidi\u00f3 no perder el \u00e1nimo de ir a vacunarse y acudir cuando les corresponde seg\u00fan lo agendado en el plan nacional de vacunaci\u00f3n.<\/p>\n<p>&nbsp;<\/p>\n<p><em>\u201cEs muy importante recordar que adem\u00e1s de estar vacunados, para reforzar la protecci\u00f3n ante el virus, necesitamos continuar las medidas de higiene, sobre todo el uso de cubrebocas y el distanciamiento social; no te conf\u00edes, no te canses, sigue protegi\u00e9ndote y protegiendo a tu familia de este enemigo cruel y despiadado\u201d<\/em>, coment\u00f3.<\/p>\n<p>&nbsp;<\/p>\n<p>En cuanto a los datos estad\u00edsticos de este domingo, 70 mil 662 personas se han recuperado en Sonora; 19 pacientes COVUD fueron dados de alta. Los 6 decesos confirmados este domingo fueron en tres hombres y tres mujeres; tres residentes de Hermosillo y tres de Navojoa; todos derechohabientes del IMSS, con lo que se acumulan 6 mil 526 defunciones.<\/p>\n<p>&nbsp;<\/p>\n<p>Se suman 172 nuevos casos por Covid, en 95 mujeres y 77 hombres; residentes de Hermosillo 39; Cajeme 27; Caborca 21; Guaymas 16; Nogales 12; \u00c1lamos, Huatabampo y Navojoa 11 cada uno; Puerto Pe\u00f1asco cinco; Pitiquito y Empalme cuatro cada uno; San Luis R\u00edo Colorado y B\u00e1cum tres cada uno; Gral. Plutarco El\u00edas Calles, San Ignacio R\u00edo Muerto, Santa Ana, Cananea y Benito Ju\u00e1rez uno cada uno. Con ellos se acumulan 79 mil 966 casos en total desde el inicio de la pandemia.<\/p>\n<p>&nbsp;<\/p>\n<p>Se confirmaron tres casos pedi\u00e1tricos; en dos ni\u00f1os y una ni\u00f1a; acumul\u00e1ndose mil 598 casos en total; y tres casos en mujeres embarazadas; acumul\u00e1ndose 553 casos en total. De los 172 casos de hoy, cinco fueron en trabajadores de la salud de diversas instituciones.<\/p>\n<p>&nbsp;<\/p>\n<p>Al momento, se han realizado 145 mil 874 pruebas; 79 mil 966 casos han sido confirmados y 65 mil 908 descartados; 9 mil 907 personas presentan cuadro leve (2 mil 591 activos y 7 mil 316 seguimiento terminado); 63 mil 346 pacientes se han curados; 187 personas se encuentran hospitalizados (30 estables, 114 graves, 43 cr\u00edticos).<\/p>\n<p>&nbsp;<\/p>\n<h3>Casos COVID-19 en Sonora 79,966 casos confirmados y 6,526 defunciones<\/h3>\n<p>Defunciones registradas el 4 de julio de 2021: 6<\/p>\n<p>&nbsp;<\/p>\n<p>Hermosillo: 3<\/p>\n<p>Navojoa: 3<\/p>\n<p>Hombres: 3\/Mujeres: 3<\/p>\n<p>Instituci\u00f3n M\u00e9dica<\/p>\n<p>IMSS: 6<\/p>\n<h3><strong>Casos confirmados el 4 de julio de 2021: 172<\/strong><\/h3>\n<p>Hermosillo: 39<\/p>\n<p>Cajeme: 27<\/p>\n<p>Caborca: 21<\/p>\n<p>Guaymas: 16<\/p>\n<p>Nogales: 12<\/p>\n<p>\u00c1lamos: 11<\/p>\n<p>Huatabampo: 11<\/p>\n<p>Navojoa: 11<\/p>\n<p>Puerto Pe\u00f1asco: 5<\/p>\n<p>Pitiquito: 4<\/p>\n<p>Empalme: 4<\/p>\n<p>San Luis R\u00edo Colorado: 3<\/p>\n<p>B\u00e1cum: 3<\/p>\n<p>Gral. Plutarco El\u00edas Calles: 1<\/p>\n<p>San Ignacio R\u00edo Muerto: 1<\/p>\n<p>Santa Ana: 1<\/p>\n<p>Cananea: 1<\/p>\n<p>Benito Ju\u00e1rez: 1<\/p>\n<p>Mujeres: 95\/ Hombres: 77<\/p>\n<p>Instituci\u00f3n M\u00e9dica<\/p>\n<p>Secretar\u00eda de Salud: 89<\/p>\n<p>IMSS: 83<\/p>\n<p>Acumulados<\/p>\n<p>Defunciones: 6,526<\/p>\n<p>Hermosillo: 2,144<\/p>\n<p>Cajeme: 1,125<\/p>\n<p>San Luis R\u00edo Colorado: 523<\/p>\n<p>Nogales: 518<\/p>\n<p>Guaymas: 386<\/p>\n<p>Navojoa: 300<\/p>\n<p>Agua Prieta: 226<\/p>\n<p>Caborca: 183<\/p>\n<p>Huatabampo: 157<\/p>\n<p>Empalme: 119<\/p>\n<p>Cananea: 119<\/p>\n<p>Etchojoa: 98<\/p>\n<p>Magdalena: 77<\/p>\n<p>Puerto Pe\u00f1asco: 78<\/p>\n<p>Nacozari de Garc\u00eda: 56<\/p>\n<p>Benito Ju\u00e1rez: 51<\/p>\n<p>Santa Ana: 45<\/p>\n<p>B\u00e1cum: 44<\/p>\n<p>San Ignacio R\u00edo Muerto: 24<\/p>\n<p>\u00cdmuris: 22<\/p>\n<p>Gral. Plutarco El\u00edas Calles: 22<\/p>\n<p>\u00c1lamos: 21<\/p>\n<p>Pitiquito: 20<\/p>\n<p>Fronteras: 17<\/p>\n<p>Cumpas: 16<\/p>\n<p>Naco: 11<\/p>\n<p>Moctezuma: 10<\/p>\n<p>Ures: 9<\/p>\n<p>Rosario: 9<\/p>\n<p>Sahuaripa: 8<\/p>\n<p>Villa Hidalgo: 7<\/p>\n<p>Bavi\u00e1cora: 7<\/p>\n<p>Bacoachi: 7<\/p>\n<p>Altar: 7<\/p>\n<p>Benjam\u00edn Hill: 6<\/p>\n<p>San Miguel de Horcasitas: 5<\/p>\n<p>Aconchi: 5<\/p>\n<p>S\u00e1ric: 4<\/p>\n<p>Ray\u00f3n: 3<\/p>\n<p>Carb\u00f3: 3<\/p>\n<p>Quiriego: 3<\/p>\n<p>Bacerac: 3<\/p>\n<p>Arizpe: 3<\/p>\n<p>Ban\u00e1michi: 3<\/p>\n<p>Bavispe: 2<\/p>\n<p>N\u00e1cori Chico: 2<\/p>\n<p>San Pedro de la Cueva: 2<\/p>\n<p>Arivechi: 2<\/p>\n<p>Cucurpe: 2<\/p>\n<p>Hu\u00e9pac: 2<\/p>\n<p>Tepache: 2<\/p>\n<p>Y\u00e9cora: 2<\/p>\n<p>Opodepe: 1<\/p>\n<p>San Felipe de Jes\u00fas: 1<\/p>\n<p>Granados: 1<\/p>\n<p>Oquitoa: 1<\/p>\n<p>Santa Cruz: 1<\/p>\n<p>Mazat\u00e1n: 1<\/p>\n<h3>Hombres: 3,736\/ Mujeres: 2,790<\/h3>\n<p>Instituci\u00f3n M\u00e9dica<\/p>\n<p>IMSS: 4,116<\/p>\n<p>Secretar\u00eda de Salud: 1,838<\/p>\n<p>Isssteson: 423<\/p>\n<p>Issste: 140<\/p>\n<p>Sedena: 5<\/p>\n<p>Semar: 4<\/p>\n<h3><\/h3>\n<h3>Total de casos confirmados: 79,966<\/h3>\n<p>Hermosillo: 36,805 municipio con mayor incidencia con 46% del total.<\/p>\n<p>Cajeme: 11,268 que representan el 14% del total.<\/p>\n<p>Nogales: 4,938 que representan el 6% del total<\/p>\n<p>Caborca: 3,766<\/p>\n<p>Navojoa: 3,751<\/p>\n<p>Guaymas: 3,751<\/p>\n<p>San Luis R\u00edo Colorado: 3,291<\/p>\n<p>Cananea: 1,951<\/p>\n<p>Huatabampo: 1,620<\/p>\n<p>Empalme: 1,397<\/p>\n<p>Agua Prieta: 1,320<\/p>\n<p>Etchojoa: 731<\/p>\n<p>Magdalena: 653<\/p>\n<p>Puerto Pe\u00f1asco: 629<\/p>\n<p>Santa Ana: 433<\/p>\n<p>\u00c1lamos: 365<\/p>\n<p>Nacozari de Garc\u00eda: 352<\/p>\n<p>Pitiquito: 302<\/p>\n<p>B\u00e1cum: 298<\/p>\n<p>Benito Ju\u00e1rez: 285<\/p>\n<p>Gral. Plutarco El\u00edas Calles: 237<\/p>\n<p>San Ignacio R\u00edo Muerto: 197<\/p>\n<p>Sahuaripa: 155<\/p>\n<p>Bavi\u00e1cora: 133<\/p>\n<p>Altar: 122<\/p>\n<p>\u00cdmuris: 121<\/p>\n<p>Ures: 95<\/p>\n<p>Moctezuma: 88<\/p>\n<p>Rosario: 78<\/p>\n<p>Cumpas: 77<\/p>\n<p>N\u00e1cori Chico: 65<\/p>\n<p>Y\u00e9cora: 57<\/p>\n<p>Bacoachi: 51<\/p>\n<p>Benjam\u00edn Hill: 47<\/p>\n<p>Fronteras: 45<\/p>\n<p>Granados: 43<\/p>\n<p>Naco: 43<\/p>\n<p>Aconchi: 35<\/p>\n<p>Arizpe: 32<\/p>\n<p>Carb\u00f3: 29<\/p>\n<p>S\u00e1ric: 29<\/p>\n<p>Arivechi: 23<\/p>\n<p>San Miguel de Horcasitas: 20<\/p>\n<p>Villa Hidalgo: 16<\/p>\n<p>Quiriego: 16<\/p>\n<p>Trincheras: 14<\/p>\n<p>Ban\u00e1michi: 14<\/p>\n<p>San Pedro de la Cueva: 14<\/p>\n<p>Cucurpe: 13<\/p>\n<p>Bacanora: 13<\/p>\n<p>Ray\u00f3n: 12<\/p>\n<p>Hu\u00e1sabas: 12<\/p>\n<p>Tepache: 11<\/p>\n<p>\u00c1til: 10<\/p>\n<p>Bacerac: 8<\/p>\n<p>Huachinera: 7<\/p>\n<p>Bavispe: 7<\/p>\n<p>Tubutama: 7<\/p>\n<p>Villa Pesqueira: 7<\/p>\n<p>\u00d3navas: 6<\/p>\n<p>San Javier: 6<\/p>\n<p>Divisaderos: 6<\/p>\n<p>Oquitoa: 6<\/p>\n<p>Bacad\u00e9huachi: 5<\/p>\n<p>San Felipe de Jes\u00fas: 5<\/p>\n<p>Hu\u00e9pac: 5<\/p>\n<p>Mazat\u00e1n: 5<\/p>\n<p>Santa Cruz: 4<\/p>\n<p>Opodepe: 4<\/p>\n<p>La Colorada: 2<\/p>\n<p>Soyopa: 2<\/p>\n<p>Suaqui Grande: 1<\/p>\n<p>Mujeres: 43,013\/Hombres: 36,953<\/p>\n<h3>Instituci\u00f3n M\u00e9dica<\/h3>\n<p>Secretar\u00eda de Salud: 54,287<\/p>\n<p>IMSS: 17,950<\/p>\n<p>Isssteson: 6,329<\/p>\n<p>Issste: 1,161<\/p>\n<p>Sedena: 224<\/p>\n<p>Semar: 15<\/p>\n<p><strong>Casos estudiados: 145,874<\/strong><\/p>\n<p><strong>Confirmados: 79,966<\/strong><\/p>\n<p><strong>Descartados: 65,908<\/strong><\/p>\n<p><strong>Cuadro leve: 9,907<\/strong><\/p>\n<p><strong>Pacientes activos: 2,591<\/strong><\/p>\n<h3>Pacientes en seguimiento terminado: 7,316<\/h3>\n<p><strong>Curados: 63,346<\/strong><\/p>\n<p><strong>Hospitalizados: 187<\/strong><\/p>\n<p><strong>Estables: 30<\/strong><\/p>\n<p><strong>Graves: 114<\/strong><\/p>\n<p><strong>Pacientes graves con ventilaci\u00f3n mec\u00e1nica invasiva: 43<\/strong><\/p>\n<p>&nbsp;<\/p>\n<p>(Publicada el 05\/07\/2021)<\/p>\n","protected":false},"excerpt":{"rendered":"<p>HERMOSILLO, SONORA. MX. \u2014 Las vacunas contra el COVID-19 son efectivas y constituyen una herramienta&#8230;<\/p>\n","protected":false},"author":1,"featured_media":117830,"comment_status":"open","ping_status":"open","sticky":false,"template":"","format":"standard","meta":{"_monsterinsights_skip_tracking":false,"_monsterinsights_sitenote_active":false,"_monsterinsights_sitenote_note":"","_monsterinsights_sitenote_category":0,"footnotes":""},"categories":[22],"tags":[],"class_list":["post"],"yoast_head":" \n<title>Sonora en Equipo. Se confirman seis defunciones y 172 nuevos casos por esta enfermedad Sonora<\/title>\n<meta name=\"description\" content=\"HERMOSILLO, SONORA. MX. \u2014 Las vacunas contra el COVID-19 son efectivas y constituyen una herramienta fundamental para ayudar a controlar la pandemia; sin En Sonora en Equipo publicamos toda la informaci\u00f3n de Sonora, M\u00e9xico y el Mundo de manera oportuna y busca que la libertad de expresi\u00f3n sea real. Visita nuestro medio informativo publicado desde Hermosillo, Sonora. %\" \/>\n<meta name=\"robots\" content=\"index, follow, max-snippet:-1, max-image-preview:large, max-video-preview:-1\" \/>\n<link rel=\"canonical\" href=\"https:\/\/www.sonoraenequipo.com.mx\/117829-2\/\" \/>\n<meta property=\"og:locale\" content=\"es_ES\" \/>\n<meta property=\"og:type\" content=\"article\" \/>\n<meta property=\"og:title\" content=\"Sonora en Equipo. Se confirman seis defunciones y 172 nuevos casos por esta enfermedad Sonora\" \/>\n<meta property=\"og:description\" content=\"HERMOSILLO, SONORA. MX. \u2014 Las vacunas contra el COVID-19 son efectivas y constituyen una herramienta fundamental para ayudar a controlar la pandemia; sin En Sonora en Equipo publicamos toda la informaci\u00f3n de Sonora, M\u00e9xico y el Mundo de manera oportuna y busca que la libertad de expresi\u00f3n sea real. Visita nuestro medio informativo publicado desde Hermosillo, Sonora. %\" \/>\n<meta property=\"og:url\" content=\"https:\/\/www.sonoraenequipo.com.mx\/117829-2\/\" \/>\n<meta property=\"og:site_name\" content=\"Sonora en Equipo.\" \/>\n<meta property=\"article:publisher\" content=\"https:\/\/www.facebook.com\/SonoraEE\/\" \/>\n<meta property=\"article:author\" content=\"https:\/\/www.facebook.com\/SonoraEE\" \/>\n<meta property=\"article:published_time\" content=\"2021-07-05T15:28:47+00:00\" \/>\n<meta property=\"article:modified_time\" content=\"2021-07-05T18:19:38+00:00\" \/>\n<meta property=\"og:image\" content=\"https:\/\/www.sonoraenequipo.com.mx\/storage\/2021\/07\/nuevos-casos-en-Sonora_opt.jpg\" \/>\n\t<meta property=\"og:image:width\" content=\"700\" \/>\n\t<meta property=\"og:image:height\" content=\"400\" \/>\n\t<meta property=\"og:image:type\" content=\"image\/jpeg\" \/>\n<meta name=\"author\" content=\"enequipo\" \/>\n<meta name=\"twitter:card\" content=\"summary_large_image\" \/>\n<meta name=\"twitter:creator\" content=\"@sonoraenequipo\" \/>\n<meta name=\"twitter:site\" content=\"@sonoraenequipo\" \/>\n<meta name=\"twitter:label1\" content=\"Escrito por\" \/>\n\t<meta name=\"twitter:data1\" content=\"enequipo\" \/>\n\t<meta name=\"twitter:label2\" content=\"Tiempo de lectura\" \/>\n\t<meta name=\"twitter:data2\" content=\"4 minutos\" \/>\n<script type=\"application\/ld+json\" class=\"yoast-schema-graph\">{\"@context\":\"https:\/\/schema.org\",\"@graph\":[{\"@type\":\"Article\",\"@id\":\"https:\/\/www.sonoraenequipo.com.mx\/117829-2\/#article\",\"isPartOf\":{\"@id\":\"https:\/\/www.sonoraenequipo.com.mx\/117829-2\/\"},\"author\":{\"name\":\"enequipo\",\"@id\":\"https:\/\/www.sonoraenequipo.com.mx\/#\/schema\/person\/50102df0fb23a8fa9e8effad8fa81386\"},\"headline\":\"Se confirman seis defunciones y 172 nuevos casos por esta enfermedad\",\"datePublished\":\"2021-07-05T15:28:47+00:00\",\"dateModified\":\"2021-07-05T18:19:38+00:00\",\"mainEntityOfPage\":{\"@id\":\"https:\/\/www.sonoraenequipo.com.mx\/117829-2\/\"},\"wordCount\":760,\"commentCount\":0,\"publisher\":{\"@id\":\"https:\/\/www.sonoraenequipo.com.mx\/#organization\"},\"image\":{\"@id\":\"https:\/\/www.sonoraenequipo.com.mx\/117829-2\/#primaryimage\"},\"thumbnailUrl\":\"https:\/\/www.sonoraenequipo.com.mx\/storage\/2021\/07\/nuevos-casos-en-Sonora_opt.jpg\",\"articleSection\":[\"Sonora\"],\"inLanguage\":\"es\",\"potentialAction\":[{\"@type\":\"CommentAction\",\"name\":\"Comment\",\"target\":[\"https:\/\/www.sonoraenequipo.com.mx\/117829-2\/#respond\"]}]},{\"@type\":\"WebPage\",\"@id\":\"https:\/\/www.sonoraenequipo.com.mx\/117829-2\/\",\"url\":\"https:\/\/www.sonoraenequipo.com.mx\/117829-2\/\",\"name\":\"Sonora en Equipo. Se confirman seis defunciones y 172 nuevos casos por esta enfermedad Sonora\",\"isPartOf\":{\"@id\":\"https:\/\/www.sonoraenequipo.com.mx\/#website\"},\"primaryImageOfPage\":{\"@id\":\"https:\/\/www.sonoraenequipo.com.mx\/117829-2\/#primaryimage\"},\"image\":{\"@id\":\"https:\/\/www.sonoraenequipo.com.mx\/117829-2\/#primaryimage\"},\"thumbnailUrl\":\"https:\/\/www.sonoraenequipo.com.mx\/storage\/2021\/07\/nuevos-casos-en-Sonora_opt.jpg\",\"datePublished\":\"2021-07-05T15:28:47+00:00\",\"dateModified\":\"2021-07-05T18:19:38+00:00\",\"description\":\"HERMOSILLO, SONORA. MX. \u2014 Las vacunas contra el COVID-19 son efectivas y constituyen una herramienta fundamental para ayudar a controlar la pandemia; sin En Sonora en Equipo publicamos toda la informaci\u00f3n de Sonora, M\u00e9xico y el Mundo de manera oportuna y busca que la libertad de expresi\u00f3n sea real. Visita nuestro medio informativo publicado desde Hermosillo, Sonora. %\",\"breadcrumb\":{\"@id\":\"https:\/\/www.sonoraenequipo.com.mx\/117829-2\/#breadcrumb\"},\"inLanguage\":\"es\",\"potentialAction\":[{\"@type\":\"ReadAction\",\"target\":[\"https:\/\/www.sonoraenequipo.com.mx\/117829-2\/\"]}]},{\"@type\":\"ImageObject\",\"inLanguage\":\"es\",\"@id\":\"https:\/\/www.sonoraenequipo.com.mx\/117829-2\/#primaryimage\",\"url\":\"https:\/\/www.sonoraenequipo.com.mx\/storage\/2021\/07\/nuevos-casos-en-Sonora_opt.jpg\",\"contentUrl\":\"https:\/\/www.sonoraenequipo.com.mx\/storage\/2021\/07\/nuevos-casos-en-Sonora_opt.jpg\",\"width\":700,\"height\":400},{\"@type\":\"BreadcrumbList\",\"@id\":\"https:\/\/www.sonoraenequipo.com.mx\/117829-2\/#breadcrumb\",\"itemListElement\":[{\"@type\":\"ListItem\",\"position\":1,\"name\":\"Portada\",\"item\":\"https:\/\/www.sonoraenequipo.com.mx\/\"},{\"@type\":\"ListItem\",\"position\":2,\"name\":\"Se confirman seis defunciones y 172 nuevos casos por esta enfermedad\"}]},{\"@type\":\"WebSite\",\"@id\":\"https:\/\/www.sonoraenequipo.com.mx\/#website\",\"url\":\"https:\/\/www.sonoraenequipo.com.mx\/\",\"name\":\"Sonora en Equipo.\",\"description\":\"Diario en l\u00ednea con Noticias desde Hermosillo, Sonora\",\"publisher\":{\"@id\":\"https:\/\/www.sonoraenequipo.com.mx\/#organization\"},\"potentialAction\":[{\"@type\":\"SearchAction\",\"target\":{\"@type\":\"EntryPoint\",\"urlTemplate\":\"https:\/\/www.sonoraenequipo.com.mx\/?s={search_term_string}\"},\"query-input\":{\"@type\":\"PropertyValueSpecification\",\"valueRequired\":true,\"valueName\":\"search_term_string\"}}],\"inLanguage\":\"es\"},{\"@type\":\"Organization\",\"@id\":\"https:\/\/www.sonoraenequipo.com.mx\/#organization\",\"name\":\"Sonoraenequipo.com.mx\",\"url\":\"https:\/\/www.sonoraenequipo.com.mx\/\",\"logo\":{\"@type\":\"ImageObject\",\"inLanguage\":\"es\",\"@id\":\"https:\/\/www.sonoraenequipo.com.mx\/#\/schema\/logo\/image\/\",\"url\":\"https:\/\/www.sonoraenequipo.com.mx\/storage\/2019\/01\/sonoraenequipo_opt.png\",\"contentUrl\":\"https:\/\/www.sonoraenequipo.com.mx\/storage\/2019\/01\/sonoraenequipo_opt.png\",\"width\":375,\"height\":125,\"caption\":\"Sonoraenequipo.com.mx\"},\"image\":{\"@id\":\"https:\/\/www.sonoraenequipo.com.mx\/#\/schema\/logo\/image\/\"},\"sameAs\":[\"https:\/\/www.facebook.com\/SonoraEE\/\",\"https:\/\/x.com\/sonoraenequipo\",\"https:\/\/www.youtube.com\/channel\/UC338nW-lPEYmJQs4ZABQ1SQ\"]},{\"@type\":\"Person\",\"@id\":\"https:\/\/www.sonoraenequipo.com.mx\/#\/schema\/person\/50102df0fb23a8fa9e8effad8fa81386\",\"name\":\"enequipo\",\"image\":{\"@type\":\"ImageObject\",\"inLanguage\":\"es\",\"@id\":\"https:\/\/www.sonoraenequipo.com.mx\/#\/schema\/person\/image\/\",\"url\":\"https:\/\/secure.gravatar.com\/avatar\/049821681b589dabc0bc20695993ccebb09f5b5d4d790cd9251b97faac7c652b?s=96&d=blank&r=g\",\"contentUrl\":\"https:\/\/secure.gravatar.com\/avatar\/049821681b589dabc0bc20695993ccebb09f5b5d4d790cd9251b97faac7c652b?s=96&d=blank&r=g\",\"caption\":\"enequipo\"},\"sameAs\":[\"https:\/\/www.facebook.com\/SonoraEE\"]}]}<\/script>\n ","yoast_head_json":{"title":"Sonora en Equipo. Se confirman seis defunciones y 172 nuevos casos por esta enfermedad Sonora","description":"HERMOSILLO, SONORA. MX. \u2014 Las vacunas contra el COVID-19 son efectivas y constituyen una herramienta fundamental para ayudar a controlar la pandemia; sin En Sonora en Equipo publicamos toda la informaci\u00f3n de Sonora, M\u00e9xico y el Mundo de manera oportuna y busca que la libertad de expresi\u00f3n sea real. Visita nuestro medio informativo publicado desde Hermosillo, Sonora. %","robots":{"index":"index","follow":"follow","max-snippet":"max-snippet:-1","max-image-preview":"max-image-preview:large","max-video-preview":"max-video-preview:-1"},"canonical":"https:\/\/www.sonoraenequipo.com.mx\/117829-2\/","og_locale":"es_ES","og_type":"article","og_title":"Sonora en Equipo. Se confirman seis defunciones y 172 nuevos casos por esta enfermedad Sonora","og_description":"HERMOSILLO, SONORA. MX. \u2014 Las vacunas contra el COVID-19 son efectivas y constituyen una herramienta fundamental para ayudar a controlar la pandemia; sin En Sonora en Equipo publicamos toda la informaci\u00f3n de Sonora, M\u00e9xico y el Mundo de manera oportuna y busca que la libertad de expresi\u00f3n sea real. Visita nuestro medio informativo publicado desde Hermosillo, Sonora. %","og_url":"https:\/\/www.sonoraenequipo.com.mx\/117829-2\/","og_site_name":"Sonora en Equipo.","article_publisher":"https:\/\/www.facebook.com\/SonoraEE\/","article_author":"https:\/\/www.facebook.com\/SonoraEE","article_published_time":"2021-07-05T15:28:47+00:00","article_modified_time":"2021-07-05T18:19:38+00:00","og_image":[{"width":700,"height":400,"url":"https:\/\/www.sonoraenequipo.com.mx\/storage\/2021\/07\/nuevos-casos-en-Sonora_opt.jpg","type":"image\/jpeg"}],"author":"enequipo","twitter_card":"summary_large_image","twitter_creator":"@sonoraenequipo","twitter_site":"@sonoraenequipo","twitter_misc":{"Escrito por":"enequipo","Tiempo de lectura":"4 minutos"},"schema":{"@context":"https:\/\/schema.org","@graph":[{"@type":"Article","@id":"https:\/\/www.sonoraenequipo.com.mx\/117829-2\/#article","isPartOf":{"@id":"https:\/\/www.sonoraenequipo.com.mx\/117829-2\/"},"author":{"name":"enequipo","@id":"https:\/\/www.sonoraenequipo.com.mx\/#\/schema\/person\/50102df0fb23a8fa9e8effad8fa81386"},"headline":"Se confirman seis defunciones y 172 nuevos casos por esta enfermedad","datePublished":"2021-07-05T15:28:47+00:00","dateModified":"2021-07-05T18:19:38+00:00","mainEntityOfPage":{"@id":"https:\/\/www.sonoraenequipo.com.mx\/117829-2\/"},"wordCount":760,"commentCount":0,"publisher":{"@id":"https:\/\/www.sonoraenequipo.com.mx\/#organization"},"image":{"@id":"https:\/\/www.sonoraenequipo.com.mx\/117829-2\/#primaryimage"},"thumbnailUrl":"https:\/\/www.sonoraenequipo.com.mx\/storage\/2021\/07\/nuevos-casos-en-Sonora_opt.jpg","articleSection":["Sonora"],"inLanguage":"es","potentialAction":[{"@type":"CommentAction","name":"Comment","target":["https:\/\/www.sonoraenequipo.com.mx\/117829-2\/#respond"]}]},{"@type":"WebPage","@id":"https:\/\/www.sonoraenequipo.com.mx\/117829-2\/","url":"https:\/\/www.sonoraenequipo.com.mx\/117829-2\/","name":"Sonora en Equipo. Se confirman seis defunciones y 172 nuevos casos por esta enfermedad Sonora","isPartOf":{"@id":"https:\/\/www.sonoraenequipo.com.mx\/#website"},"primaryImageOfPage":{"@id":"https:\/\/www.sonoraenequipo.com.mx\/117829-2\/#primaryimage"},"image":{"@id":"https:\/\/www.sonoraenequipo.com.mx\/117829-2\/#primaryimage"},"thumbnailUrl":"https:\/\/www.sonoraenequipo.com.mx\/storage\/2021\/07\/nuevos-casos-en-Sonora_opt.jpg","datePublished":"2021-07-05T15:28:47+00:00","dateModified":"2021-07-05T18:19:38+00:00","description":"HERMOSILLO, SONORA. MX. \u2014 Las vacunas contra el COVID-19 son efectivas y constituyen una herramienta fundamental para ayudar a controlar la pandemia; sin En Sonora en Equipo publicamos toda la informaci\u00f3n de Sonora, M\u00e9xico y el Mundo de manera oportuna y busca que la libertad de expresi\u00f3n sea real. Visita nuestro medio informativo publicado desde Hermosillo, Sonora. %","breadcrumb":{"@id":"https:\/\/www.sonoraenequipo.com.mx\/117829-2\/#breadcrumb"},"inLanguage":"es","potentialAction":[{"@type":"ReadAction","target":["https:\/\/www.sonoraenequipo.com.mx\/117829-2\/"]}]},{"@type":"ImageObject","inLanguage":"es","@id":"https:\/\/www.sonoraenequipo.com.mx\/117829-2\/#primaryimage","url":"https:\/\/www.sonoraenequipo.com.mx\/storage\/2021\/07\/nuevos-casos-en-Sonora_opt.jpg","contentUrl":"https:\/\/www.sonoraenequipo.com.mx\/storage\/2021\/07\/nuevos-casos-en-Sonora_opt.jpg","width":700,"height":400},{"@type":"BreadcrumbList","@id":"https:\/\/www.sonoraenequipo.com.mx\/117829-2\/#breadcrumb","itemListElement":[{"@type":"ListItem","position":1,"name":"Portada","item":"https:\/\/www.sonoraenequipo.com.mx\/"},{"@type":"ListItem","position":2,"name":"Se confirman seis defunciones y 172 nuevos casos por esta enfermedad"}]},{"@type":"WebSite","@id":"https:\/\/www.sonoraenequipo.com.mx\/#website","url":"https:\/\/www.sonoraenequipo.com.mx\/","name":"Sonora en Equipo.","description":"Diario en l\u00ednea con Noticias desde Hermosillo, Sonora","publisher":{"@id":"https:\/\/www.sonoraenequipo.com.mx\/#organization"},"potentialAction":[{"@type":"SearchAction","target":{"@type":"EntryPoint","urlTemplate":"https:\/\/www.sonoraenequipo.com.mx\/?s={search_term_string}"},"query-input":{"@type":"PropertyValueSpecification","valueRequired":true,"valueName":"search_term_string"}}],"inLanguage":"es"},{"@type":"Organization","@id":"https:\/\/www.sonoraenequipo.com.mx\/#organization","name":"Sonoraenequipo.com.mx","url":"https:\/\/www.sonoraenequipo.com.mx\/","logo":{"@type":"ImageObject","inLanguage":"es","@id":"https:\/\/www.sonoraenequipo.com.mx\/#\/schema\/logo\/image\/","url":"https:\/\/www.sonoraenequipo.com.mx\/storage\/2019\/01\/sonoraenequipo_opt.png","contentUrl":"https:\/\/www.sonoraenequipo.com.mx\/storage\/2019\/01\/sonoraenequipo_opt.png","width":375,"height":125,"caption":"Sonoraenequipo.com.mx"},"image":{"@id":"https:\/\/www.sonoraenequipo.com.mx\/#\/schema\/logo\/image\/"},"sameAs":["https:\/\/www.facebook.com\/SonoraEE\/","https:\/\/x.com\/sonoraenequipo","https:\/\/www.youtube.com\/channel\/UC338nW-lPEYmJQs4ZABQ1SQ"]},{"@type":"Person","@id":"https:\/\/www.sonoraenequipo.com.mx\/#\/schema\/person\/50102df0fb23a8fa9e8effad8fa81386","name":"enequipo","image":{"@type":"ImageObject","inLanguage":"es","@id":"https:\/\/www.sonoraenequipo.com.mx\/#\/schema\/person\/image\/","url":"https:\/\/secure.gravatar.com\/avatar\/049821681b589dabc0bc20695993ccebb09f5b5d4d790cd9251b97faac7c652b?s=96&d=blank&r=g","contentUrl":"https:\/\/secure.gravatar.com\/avatar\/049821681b589dabc0bc20695993ccebb09f5b5d4d790cd9251b97faac7c652b?s=96&d=blank&r=g","caption":"enequipo"},"sameAs":["https:\/\/www.facebook.com\/SonoraEE"]}]}},"jetpack_featured_media_url":"https:\/\/www.sonoraenequipo.com.mx\/storage\/2021\/07\/nuevos-casos-en-Sonora_opt.jpg","_links":{"self":[{"href":"https:\/\/www.sonoraenequipo.com.mx\/api\/wp\/v2\/posts\/117829","targetHints":{"allow":["GET"]}}],"collection":[{"href":"https:\/\/www.sonoraenequipo.com.mx\/api\/wp\/v2\/posts"}],"about":[{"href":"https:\/\/www.sonoraenequipo.com.mx\/api\/wp\/v2\/types\/post"}],"author":[{"embeddable":true,"href":"https:\/\/www.sonoraenequipo.com.mx\/api\/wp\/v2\/users\/1"}],"replies":[{"embeddable":true,"href":"https:\/\/www.sonoraenequipo.com.mx\/api\/wp\/v2\/comments?post=117829"}],"version-history":[{"count":2,"href":"https:\/\/www.sonoraenequipo.com.mx\/api\/wp\/v2\/posts\/117829\/revisions"}],"predecessor-version":[{"id":117832,"href":"https:\/\/www.sonoraenequipo.com.mx\/api\/wp\/v2\/posts\/117829\/revisions\/117832"}],"wp:featuredmedia":[{"embeddable":true,"href":"https:\/\/www.sonoraenequipo.com.mx\/api\/wp\/v2\/media\/117830"}],"wp:attachment":[{"href":"https:\/\/www.sonoraenequipo.com.mx\/api\/wp\/v2\/media?parent=117829"}],"wp:term":[{"taxonomy":"category","embeddable":true,"href":"https:\/\/www.sonoraenequipo.com.mx\/api\/wp\/v2\/categories?post=117829"},{"taxonomy":"post_tag","embeddable":true,"href":"https:\/\/www.sonoraenequipo.com.mx\/api\/wp\/v2\/tags?post=117829"}],"curies":[{"name":"wp","href":"https:\/\/api.w.org\/{rel}","templated":true}]}}