{"id":117834,"date":"2021-07-05T12:45:28","date_gmt":"2021-07-05T19:45:28","guid":{"rendered":"https:\/\/www.sonoraenequipo.com.mx\/?p=117834"},"modified":"2021-07-05T12:45:28","modified_gmt":"2021-07-05T19:45:28","slug":"raffaella-carra-fallece-a-los-78-anos","status":"publish","type":"post","link":"https:\/\/www.sonoraenequipo.com.mx\/raffaella-carra-fallece-a-los-78-anos\/","title":{"rendered":"Raffaella Carr\u00e0 fallece a los 78 a\u00f1os"},"content":{"rendered":"<p>ROMA,ITALIA.\u2500 Fallecida este lunes a los 78 a\u00f1os, \u00abla Carr\u00e0\u00bb, nacida como Raffaella Maria Roberta Peloni el 18 de junio de 1943 en Bolonia (norte de Italia), recibe el homenaje en redes sociales del mundo de la m\u00fasica, la cultura y la pol\u00edtica, mientras los medios italianos la recuerdan como la gran diva de la televisi\u00f3n.<\/p>\n<p>El presidente de la Rep\u00fablica italiana, Sergio Mattarella, se mostr\u00f3 \u00abprofundamente afectado por el fallecimiento de Raffaella Carr\u00e0, una artista popular, amada y apreciada por diferentes y numerosas generaciones de telespectadores en Italia y en el extranjero\u00bb.<\/p>\n<p>&nbsp;<\/p>\n<p>Tambi\u00e9n el ministro italiano de Cultura, Dario Franceschini, destac\u00f3 de ella que \u00abse va la Dama de la televisi\u00f3n italiana. Una mujer de gran talento, pasi\u00f3n y humanidad que nos ha acompa\u00f1ado durante toda la vida. Adi\u00f3s Raffaella\u00bb.<\/p>\n<p>&nbsp;<\/p>\n<p>\u00abUn icono de la televisi\u00f3n italiana, una persona de familia para generaciones enteras. Su fallecimiento deja un gran vac\u00edo y mucha, mucha tristeza. Me sumo al dolor de sus seres queridos. Adi\u00f3s Raffaella, siempre permanecer\u00e1s en nuestros corazones\u00bb, escribi\u00f3, por su parte, el ministro italiano de Asuntos Exteriores, Luigi Di Maio.<\/p>\n<p><iframe loading=\"lazy\" title=\"Raffaella Carr\u00e0 - Hay Que Venir Al Sur (Video Oficial)\" width=\"640\" height=\"480\" src=\"https:\/\/www.youtube.com\/embed\/0xvUdyVKZg4?feature=oembed\" frameborder=\"0\" allow=\"accelerometer; autoplay; clipboard-write; encrypted-media; gyroscope; picture-in-picture; web-share\" referrerpolicy=\"strict-origin-when-cross-origin\" allowfullscreen><\/iframe><\/p>\n<p>&nbsp;<\/p>\n<p>Desde el mundo de la m\u00fasica, donde ha sido ejemplo para muchos artistas, Laura Pausini celebr\u00f3 a la \u00abreina\u00bb Raffaella y le dedic\u00f3 un mensaje en su perfil de Twitter en italiano y en espa\u00f1ol: \u00abFuiste, eres y siempre ser\u00e1s la reina. Para m\u00ed, para el mundo entero\u00bb.<\/p>\n<p>&nbsp;<\/p>\n<p>Tambi\u00e9n Umberto Tozzi lament\u00f3 su fallecimiento con este mensaje: \u00abAdi\u00f3s, inmensa Raffaella. Buen viaje\u00bb.<\/p>\n<p>&nbsp;<\/p>\n<p>\u00abAcabo de leer la noticia y no pod\u00eda creerlo&#8230; Ciao Raffaella, icono sin tiempo. Quiero recordarte de esta manera, cuando cant\u00e1bamos juntos\u00bb, escribi\u00f3 Gigi D&#8217;Alessio, que adjunt\u00f3 un v\u00eddeo de una exhibici\u00f3n junto a Carr\u00e0.<\/p>\n<p>&nbsp;<\/p>\n<p>VER M\u00c1S: \u00bfQui\u00e9n fue Raffaella Carr\u00e1, una de las artistas m\u00e1s polifac\u00e9ticas de Italia?<\/p>\n<p>&nbsp;<\/p>\n<p>\u00abRaffaella Carr\u00e0 es y siempre ser\u00e1 una estrella que brilla por s\u00ed misma. Una mujer llena de energ\u00eda, talento, auto iron\u00eda que ha sabido inspirar a generaciones. Seguir\u00e1 siendo un ejemplo de gran profesionalidad y creatividad para todos nosotros. Gracias\u00bb, fue el mensaje de Francesca Michielin.<\/p>\n<p>&nbsp;<\/p>\n<p>El cantante Cristiano Malgioglio dijo estar \u00abdolido\u00bb y defini\u00f3 a la cantante bolo\u00f1esa como una \u00abartista maravillosa\u00bb.<\/p>\n<p>&nbsp;<\/p>\n<p>\u00abTengo el coraz\u00f3n destrozado. Descansa en paz y nunca te olvidar\u00e9 mi querida Raffaella. La vida es triste\u00bb, prosigui\u00f3 en su mensaje en las redes sociales.<\/p>\n<p>&nbsp;<\/p>\n<p>\u00abFue un honor trabajar contigo, tus consejos siguen ense\u00f1\u00e1ndome mucho, tu energ\u00eda es una fuente de inspiraci\u00f3n. Gracias, eres un mito, una leyenda\u00bb, escribi\u00f3 en Instagram Emanuela Trane, conocida como \u00abDolcenera\u00bb.<\/p>\n<p>&nbsp;<\/p>\n<p>Tambi\u00e9n Biagio Antonacci le brind\u00f3 unos sentidos elogios y le dio las gracias por ser \u00abla primera estrella\u00bb que crey\u00f3 en sus capacidades como cantante.<\/p>\n<p>&nbsp;<\/p>\n<p>La influencer Chiara Ferragni comparti\u00f3 en su perfil de Instagram una publicaci\u00f3n del grupo indie Pinguini Tattici Nucleari, en la que escriben: \u00abSiempre has sido una gran inspiraci\u00f3n, nos sale llorar. Te queremos\u00bb.<\/p>\n<p>&nbsp;<\/p>\n<p>Y su marido, el rapero Fedez, comparti\u00f3 una foto suya y un sobrio \u00abCiao Raffaella\u00bb, acompa\u00f1ado de un coraz\u00f3n partido.<\/p>\n<p>Fecha de Publicaci\u00f3n\u00a0 lunes \/ 5\u00a0 \/ julio \/ 2021\/ Siglo de Torre\u00f3n<\/p>\n<p>&nbsp;<\/p>\n","protected":false},"excerpt":{"rendered":"<p>ROMA,ITALIA.\u2500 Fallecida este lunes a los 78 a\u00f1os, \u00abla Carr\u00e0\u00bb, nacida como Raffaella Maria Roberta&#8230;<\/p>\n","protected":false},"author":1,"featured_media":117835,"comment_status":"open","ping_status":"open","sticky":false,"template":"","format":"standard","meta":{"_monsterinsights_skip_tracking":false,"_monsterinsights_sitenote_active":false,"_monsterinsights_sitenote_note":"","_monsterinsights_sitenote_category":0,"footnotes":""},"categories":[2987],"tags":[5880,5879],"class_list":["post"],"yoast_head":" \n<title>Sonora en Equipo. Raffaella Carr\u00e0 fallece a los 78 a\u00f1os Showbiz<\/title>\n<meta name=\"description\" content=\"ROMA,ITALIA.\u2500 Fallecida este lunes a los 78 a\u00f1os, &quot;la Carr\u00e0&quot;, nacida como Raffaella Maria Roberta Peloni el 18 de junio de 1943 en Bolonia (norte de En Sonora en Equipo publicamos toda la informaci\u00f3n de Sonora, M\u00e9xico y el Mundo de manera oportuna y busca que la libertad de expresi\u00f3n sea real. Visita nuestro medio informativo publicado desde Hermosillo, Sonora. %\" \/>\n<meta name=\"robots\" content=\"index, follow, max-snippet:-1, max-image-preview:large, max-video-preview:-1\" \/>\n<link rel=\"canonical\" href=\"https:\/\/www.sonoraenequipo.com.mx\/raffaella-carra-fallece-a-los-78-anos\/\" \/>\n<meta property=\"og:locale\" content=\"es_ES\" \/>\n<meta property=\"og:type\" content=\"article\" \/>\n<meta property=\"og:title\" content=\"Sonora en Equipo. Raffaella Carr\u00e0 fallece a los 78 a\u00f1os Showbiz\" \/>\n<meta property=\"og:description\" content=\"ROMA,ITALIA.\u2500 Fallecida este lunes a los 78 a\u00f1os, &quot;la Carr\u00e0&quot;, nacida como Raffaella Maria Roberta Peloni el 18 de junio de 1943 en Bolonia (norte de En Sonora en Equipo publicamos toda la informaci\u00f3n de Sonora, M\u00e9xico y el Mundo de manera oportuna y busca que la libertad de expresi\u00f3n sea real. Visita nuestro medio informativo publicado desde Hermosillo, Sonora. %\" \/>\n<meta property=\"og:url\" content=\"https:\/\/www.sonoraenequipo.com.mx\/raffaella-carra-fallece-a-los-78-anos\/\" \/>\n<meta property=\"og:site_name\" content=\"Sonora en Equipo.\" \/>\n<meta property=\"article:publisher\" content=\"https:\/\/www.facebook.com\/SonoraEE\/\" \/>\n<meta property=\"article:author\" content=\"https:\/\/www.facebook.com\/SonoraEE\" \/>\n<meta property=\"article:published_time\" content=\"2021-07-05T19:45:28+00:00\" \/>\n<meta property=\"og:image\" content=\"https:\/\/www.sonoraenequipo.com.mx\/storage\/2021\/07\/carra.jpg\" \/>\n\t<meta property=\"og:image:width\" content=\"700\" \/>\n\t<meta property=\"og:image:height\" content=\"400\" \/>\n\t<meta property=\"og:image:type\" content=\"image\/jpeg\" \/>\n<meta name=\"author\" content=\"enequipo\" \/>\n<meta name=\"twitter:card\" content=\"summary_large_image\" \/>\n<meta name=\"twitter:creator\" content=\"@sonoraenequipo\" \/>\n<meta name=\"twitter:site\" content=\"@sonoraenequipo\" \/>\n<meta name=\"twitter:label1\" content=\"Escrito por\" \/>\n\t<meta name=\"twitter:data1\" content=\"enequipo\" \/>\n\t<meta name=\"twitter:label2\" content=\"Tiempo de lectura\" \/>\n\t<meta name=\"twitter:data2\" content=\"3 minutos\" \/>\n<script type=\"application\/ld+json\" class=\"yoast-schema-graph\">{\"@context\":\"https:\/\/schema.org\",\"@graph\":[{\"@type\":\"Article\",\"@id\":\"https:\/\/www.sonoraenequipo.com.mx\/raffaella-carra-fallece-a-los-78-anos\/#article\",\"isPartOf\":{\"@id\":\"https:\/\/www.sonoraenequipo.com.mx\/raffaella-carra-fallece-a-los-78-anos\/\"},\"author\":{\"name\":\"enequipo\",\"@id\":\"https:\/\/www.sonoraenequipo.com.mx\/#\/schema\/person\/50102df0fb23a8fa9e8effad8fa81386\"},\"headline\":\"Raffaella Carr\u00e0 fallece a los 78 a\u00f1os\",\"datePublished\":\"2021-07-05T19:45:28+00:00\",\"mainEntityOfPage\":{\"@id\":\"https:\/\/www.sonoraenequipo.com.mx\/raffaella-carra-fallece-a-los-78-anos\/\"},\"wordCount\":564,\"commentCount\":0,\"publisher\":{\"@id\":\"https:\/\/www.sonoraenequipo.com.mx\/#organization\"},\"image\":{\"@id\":\"https:\/\/www.sonoraenequipo.com.mx\/raffaella-carra-fallece-a-los-78-anos\/#primaryimage\"},\"thumbnailUrl\":\"https:\/\/www.sonoraenequipo.com.mx\/storage\/2021\/07\/carra.jpg\",\"keywords\":[\"CARRA\",\"RAFALLA\"],\"articleSection\":[\"Showbiz\"],\"inLanguage\":\"es\",\"potentialAction\":[{\"@type\":\"CommentAction\",\"name\":\"Comment\",\"target\":[\"https:\/\/www.sonoraenequipo.com.mx\/raffaella-carra-fallece-a-los-78-anos\/#respond\"]}]},{\"@type\":\"WebPage\",\"@id\":\"https:\/\/www.sonoraenequipo.com.mx\/raffaella-carra-fallece-a-los-78-anos\/\",\"url\":\"https:\/\/www.sonoraenequipo.com.mx\/raffaella-carra-fallece-a-los-78-anos\/\",\"name\":\"Sonora en Equipo. Raffaella Carr\u00e0 fallece a los 78 a\u00f1os Showbiz\",\"isPartOf\":{\"@id\":\"https:\/\/www.sonoraenequipo.com.mx\/#website\"},\"primaryImageOfPage\":{\"@id\":\"https:\/\/www.sonoraenequipo.com.mx\/raffaella-carra-fallece-a-los-78-anos\/#primaryimage\"},\"image\":{\"@id\":\"https:\/\/www.sonoraenequipo.com.mx\/raffaella-carra-fallece-a-los-78-anos\/#primaryimage\"},\"thumbnailUrl\":\"https:\/\/www.sonoraenequipo.com.mx\/storage\/2021\/07\/carra.jpg\",\"datePublished\":\"2021-07-05T19:45:28+00:00\",\"description\":\"ROMA,ITALIA.\u2500 Fallecida este lunes a los 78 a\u00f1os, \\\"la Carr\u00e0\\\", nacida como Raffaella Maria Roberta Peloni el 18 de junio de 1943 en Bolonia (norte de En Sonora en Equipo publicamos toda la informaci\u00f3n de Sonora, M\u00e9xico y el Mundo de manera oportuna y busca que la libertad de expresi\u00f3n sea real. Visita nuestro medio informativo publicado desde Hermosillo, Sonora. %\",\"breadcrumb\":{\"@id\":\"https:\/\/www.sonoraenequipo.com.mx\/raffaella-carra-fallece-a-los-78-anos\/#breadcrumb\"},\"inLanguage\":\"es\",\"potentialAction\":[{\"@type\":\"ReadAction\",\"target\":[\"https:\/\/www.sonoraenequipo.com.mx\/raffaella-carra-fallece-a-los-78-anos\/\"]}]},{\"@type\":\"ImageObject\",\"inLanguage\":\"es\",\"@id\":\"https:\/\/www.sonoraenequipo.com.mx\/raffaella-carra-fallece-a-los-78-anos\/#primaryimage\",\"url\":\"https:\/\/www.sonoraenequipo.com.mx\/storage\/2021\/07\/carra.jpg\",\"contentUrl\":\"https:\/\/www.sonoraenequipo.com.mx\/storage\/2021\/07\/carra.jpg\",\"width\":700,\"height\":400},{\"@type\":\"BreadcrumbList\",\"@id\":\"https:\/\/www.sonoraenequipo.com.mx\/raffaella-carra-fallece-a-los-78-anos\/#breadcrumb\",\"itemListElement\":[{\"@type\":\"ListItem\",\"position\":1,\"name\":\"Portada\",\"item\":\"https:\/\/www.sonoraenequipo.com.mx\/\"},{\"@type\":\"ListItem\",\"position\":2,\"name\":\"Raffaella Carr\u00e0 fallece a los 78 a\u00f1os\"}]},{\"@type\":\"WebSite\",\"@id\":\"https:\/\/www.sonoraenequipo.com.mx\/#website\",\"url\":\"https:\/\/www.sonoraenequipo.com.mx\/\",\"name\":\"Sonora en Equipo.\",\"description\":\"Diario en l\u00ednea con Noticias desde Hermosillo, Sonora\",\"publisher\":{\"@id\":\"https:\/\/www.sonoraenequipo.com.mx\/#organization\"},\"potentialAction\":[{\"@type\":\"SearchAction\",\"target\":{\"@type\":\"EntryPoint\",\"urlTemplate\":\"https:\/\/www.sonoraenequipo.com.mx\/?s={search_term_string}\"},\"query-input\":{\"@type\":\"PropertyValueSpecification\",\"valueRequired\":true,\"valueName\":\"search_term_string\"}}],\"inLanguage\":\"es\"},{\"@type\":\"Organization\",\"@id\":\"https:\/\/www.sonoraenequipo.com.mx\/#organization\",\"name\":\"Sonoraenequipo.com.mx\",\"url\":\"https:\/\/www.sonoraenequipo.com.mx\/\",\"logo\":{\"@type\":\"ImageObject\",\"inLanguage\":\"es\",\"@id\":\"https:\/\/www.sonoraenequipo.com.mx\/#\/schema\/logo\/image\/\",\"url\":\"https:\/\/www.sonoraenequipo.com.mx\/storage\/2019\/01\/sonoraenequipo_opt.png\",\"contentUrl\":\"https:\/\/www.sonoraenequipo.com.mx\/storage\/2019\/01\/sonoraenequipo_opt.png\",\"width\":375,\"height\":125,\"caption\":\"Sonoraenequipo.com.mx\"},\"image\":{\"@id\":\"https:\/\/www.sonoraenequipo.com.mx\/#\/schema\/logo\/image\/\"},\"sameAs\":[\"https:\/\/www.facebook.com\/SonoraEE\/\",\"https:\/\/x.com\/sonoraenequipo\",\"https:\/\/www.youtube.com\/channel\/UC338nW-lPEYmJQs4ZABQ1SQ\"]},{\"@type\":\"Person\",\"@id\":\"https:\/\/www.sonoraenequipo.com.mx\/#\/schema\/person\/50102df0fb23a8fa9e8effad8fa81386\",\"name\":\"enequipo\",\"image\":{\"@type\":\"ImageObject\",\"inLanguage\":\"es\",\"@id\":\"https:\/\/www.sonoraenequipo.com.mx\/#\/schema\/person\/image\/\",\"url\":\"https:\/\/secure.gravatar.com\/avatar\/049821681b589dabc0bc20695993ccebb09f5b5d4d790cd9251b97faac7c652b?s=96&d=blank&r=g\",\"contentUrl\":\"https:\/\/secure.gravatar.com\/avatar\/049821681b589dabc0bc20695993ccebb09f5b5d4d790cd9251b97faac7c652b?s=96&d=blank&r=g\",\"caption\":\"enequipo\"},\"sameAs\":[\"https:\/\/www.facebook.com\/SonoraEE\"]}]}<\/script>\n ","yoast_head_json":{"title":"Sonora en Equipo. Raffaella Carr\u00e0 fallece a los 78 a\u00f1os Showbiz","description":"ROMA,ITALIA.\u2500 Fallecida este lunes a los 78 a\u00f1os, \"la Carr\u00e0\", nacida como Raffaella Maria Roberta Peloni el 18 de junio de 1943 en Bolonia (norte de En Sonora en Equipo publicamos toda la informaci\u00f3n de Sonora, M\u00e9xico y el Mundo de manera oportuna y busca que la libertad de expresi\u00f3n sea real. Visita nuestro medio informativo publicado desde Hermosillo, Sonora. %","robots":{"index":"index","follow":"follow","max-snippet":"max-snippet:-1","max-image-preview":"max-image-preview:large","max-video-preview":"max-video-preview:-1"},"canonical":"https:\/\/www.sonoraenequipo.com.mx\/raffaella-carra-fallece-a-los-78-anos\/","og_locale":"es_ES","og_type":"article","og_title":"Sonora en Equipo. Raffaella Carr\u00e0 fallece a los 78 a\u00f1os Showbiz","og_description":"ROMA,ITALIA.\u2500 Fallecida este lunes a los 78 a\u00f1os, \"la Carr\u00e0\", nacida como Raffaella Maria Roberta Peloni el 18 de junio de 1943 en Bolonia (norte de En Sonora en Equipo publicamos toda la informaci\u00f3n de Sonora, M\u00e9xico y el Mundo de manera oportuna y busca que la libertad de expresi\u00f3n sea real. Visita nuestro medio informativo publicado desde Hermosillo, Sonora. %","og_url":"https:\/\/www.sonoraenequipo.com.mx\/raffaella-carra-fallece-a-los-78-anos\/","og_site_name":"Sonora en Equipo.","article_publisher":"https:\/\/www.facebook.com\/SonoraEE\/","article_author":"https:\/\/www.facebook.com\/SonoraEE","article_published_time":"2021-07-05T19:45:28+00:00","og_image":[{"width":700,"height":400,"url":"https:\/\/www.sonoraenequipo.com.mx\/storage\/2021\/07\/carra.jpg","type":"image\/jpeg"}],"author":"enequipo","twitter_card":"summary_large_image","twitter_creator":"@sonoraenequipo","twitter_site":"@sonoraenequipo","twitter_misc":{"Escrito por":"enequipo","Tiempo de lectura":"3 minutos"},"schema":{"@context":"https:\/\/schema.org","@graph":[{"@type":"Article","@id":"https:\/\/www.sonoraenequipo.com.mx\/raffaella-carra-fallece-a-los-78-anos\/#article","isPartOf":{"@id":"https:\/\/www.sonoraenequipo.com.mx\/raffaella-carra-fallece-a-los-78-anos\/"},"author":{"name":"enequipo","@id":"https:\/\/www.sonoraenequipo.com.mx\/#\/schema\/person\/50102df0fb23a8fa9e8effad8fa81386"},"headline":"Raffaella Carr\u00e0 fallece a los 78 a\u00f1os","datePublished":"2021-07-05T19:45:28+00:00","mainEntityOfPage":{"@id":"https:\/\/www.sonoraenequipo.com.mx\/raffaella-carra-fallece-a-los-78-anos\/"},"wordCount":564,"commentCount":0,"publisher":{"@id":"https:\/\/www.sonoraenequipo.com.mx\/#organization"},"image":{"@id":"https:\/\/www.sonoraenequipo.com.mx\/raffaella-carra-fallece-a-los-78-anos\/#primaryimage"},"thumbnailUrl":"https:\/\/www.sonoraenequipo.com.mx\/storage\/2021\/07\/carra.jpg","keywords":["CARRA","RAFALLA"],"articleSection":["Showbiz"],"inLanguage":"es","potentialAction":[{"@type":"CommentAction","name":"Comment","target":["https:\/\/www.sonoraenequipo.com.mx\/raffaella-carra-fallece-a-los-78-anos\/#respond"]}]},{"@type":"WebPage","@id":"https:\/\/www.sonoraenequipo.com.mx\/raffaella-carra-fallece-a-los-78-anos\/","url":"https:\/\/www.sonoraenequipo.com.mx\/raffaella-carra-fallece-a-los-78-anos\/","name":"Sonora en Equipo. Raffaella Carr\u00e0 fallece a los 78 a\u00f1os Showbiz","isPartOf":{"@id":"https:\/\/www.sonoraenequipo.com.mx\/#website"},"primaryImageOfPage":{"@id":"https:\/\/www.sonoraenequipo.com.mx\/raffaella-carra-fallece-a-los-78-anos\/#primaryimage"},"image":{"@id":"https:\/\/www.sonoraenequipo.com.mx\/raffaella-carra-fallece-a-los-78-anos\/#primaryimage"},"thumbnailUrl":"https:\/\/www.sonoraenequipo.com.mx\/storage\/2021\/07\/carra.jpg","datePublished":"2021-07-05T19:45:28+00:00","description":"ROMA,ITALIA.\u2500 Fallecida este lunes a los 78 a\u00f1os, \"la Carr\u00e0\", nacida como Raffaella Maria Roberta Peloni el 18 de junio de 1943 en Bolonia (norte de En Sonora en Equipo publicamos toda la informaci\u00f3n de Sonora, M\u00e9xico y el Mundo de manera oportuna y busca que la libertad de expresi\u00f3n sea real. Visita nuestro medio informativo publicado desde Hermosillo, Sonora. %","breadcrumb":{"@id":"https:\/\/www.sonoraenequipo.com.mx\/raffaella-carra-fallece-a-los-78-anos\/#breadcrumb"},"inLanguage":"es","potentialAction":[{"@type":"ReadAction","target":["https:\/\/www.sonoraenequipo.com.mx\/raffaella-carra-fallece-a-los-78-anos\/"]}]},{"@type":"ImageObject","inLanguage":"es","@id":"https:\/\/www.sonoraenequipo.com.mx\/raffaella-carra-fallece-a-los-78-anos\/#primaryimage","url":"https:\/\/www.sonoraenequipo.com.mx\/storage\/2021\/07\/carra.jpg","contentUrl":"https:\/\/www.sonoraenequipo.com.mx\/storage\/2021\/07\/carra.jpg","width":700,"height":400},{"@type":"BreadcrumbList","@id":"https:\/\/www.sonoraenequipo.com.mx\/raffaella-carra-fallece-a-los-78-anos\/#breadcrumb","itemListElement":[{"@type":"ListItem","position":1,"name":"Portada","item":"https:\/\/www.sonoraenequipo.com.mx\/"},{"@type":"ListItem","position":2,"name":"Raffaella Carr\u00e0 fallece a los 78 a\u00f1os"}]},{"@type":"WebSite","@id":"https:\/\/www.sonoraenequipo.com.mx\/#website","url":"https:\/\/www.sonoraenequipo.com.mx\/","name":"Sonora en Equipo.","description":"Diario en l\u00ednea con Noticias desde Hermosillo, Sonora","publisher":{"@id":"https:\/\/www.sonoraenequipo.com.mx\/#organization"},"potentialAction":[{"@type":"SearchAction","target":{"@type":"EntryPoint","urlTemplate":"https:\/\/www.sonoraenequipo.com.mx\/?s={search_term_string}"},"query-input":{"@type":"PropertyValueSpecification","valueRequired":true,"valueName":"search_term_string"}}],"inLanguage":"es"},{"@type":"Organization","@id":"https:\/\/www.sonoraenequipo.com.mx\/#organization","name":"Sonoraenequipo.com.mx","url":"https:\/\/www.sonoraenequipo.com.mx\/","logo":{"@type":"ImageObject","inLanguage":"es","@id":"https:\/\/www.sonoraenequipo.com.mx\/#\/schema\/logo\/image\/","url":"https:\/\/www.sonoraenequipo.com.mx\/storage\/2019\/01\/sonoraenequipo_opt.png","contentUrl":"https:\/\/www.sonoraenequipo.com.mx\/storage\/2019\/01\/sonoraenequipo_opt.png","width":375,"height":125,"caption":"Sonoraenequipo.com.mx"},"image":{"@id":"https:\/\/www.sonoraenequipo.com.mx\/#\/schema\/logo\/image\/"},"sameAs":["https:\/\/www.facebook.com\/SonoraEE\/","https:\/\/x.com\/sonoraenequipo","https:\/\/www.youtube.com\/channel\/UC338nW-lPEYmJQs4ZABQ1SQ"]},{"@type":"Person","@id":"https:\/\/www.sonoraenequipo.com.mx\/#\/schema\/person\/50102df0fb23a8fa9e8effad8fa81386","name":"enequipo","image":{"@type":"ImageObject","inLanguage":"es","@id":"https:\/\/www.sonoraenequipo.com.mx\/#\/schema\/person\/image\/","url":"https:\/\/secure.gravatar.com\/avatar\/049821681b589dabc0bc20695993ccebb09f5b5d4d790cd9251b97faac7c652b?s=96&d=blank&r=g","contentUrl":"https:\/\/secure.gravatar.com\/avatar\/049821681b589dabc0bc20695993ccebb09f5b5d4d790cd9251b97faac7c652b?s=96&d=blank&r=g","caption":"enequipo"},"sameAs":["https:\/\/www.facebook.com\/SonoraEE"]}]}},"jetpack_featured_media_url":"https:\/\/www.sonoraenequipo.com.mx\/storage\/2021\/07\/carra.jpg","_links":{"self":[{"href":"https:\/\/www.sonoraenequipo.com.mx\/api\/wp\/v2\/posts\/117834","targetHints":{"allow":["GET"]}}],"collection":[{"href":"https:\/\/www.sonoraenequipo.com.mx\/api\/wp\/v2\/posts"}],"about":[{"href":"https:\/\/www.sonoraenequipo.com.mx\/api\/wp\/v2\/types\/post"}],"author":[{"embeddable":true,"href":"https:\/\/www.sonoraenequipo.com.mx\/api\/wp\/v2\/users\/1"}],"replies":[{"embeddable":true,"href":"https:\/\/www.sonoraenequipo.com.mx\/api\/wp\/v2\/comments?post=117834"}],"version-history":[{"count":1,"href":"https:\/\/www.sonoraenequipo.com.mx\/api\/wp\/v2\/posts\/117834\/revisions"}],"predecessor-version":[{"id":117836,"href":"https:\/\/www.sonoraenequipo.com.mx\/api\/wp\/v2\/posts\/117834\/revisions\/117836"}],"wp:featuredmedia":[{"embeddable":true,"href":"https:\/\/www.sonoraenequipo.com.mx\/api\/wp\/v2\/media\/117835"}],"wp:attachment":[{"href":"https:\/\/www.sonoraenequipo.com.mx\/api\/wp\/v2\/media?parent=117834"}],"wp:term":[{"taxonomy":"category","embeddable":true,"href":"https:\/\/www.sonoraenequipo.com.mx\/api\/wp\/v2\/categories?post=117834"},{"taxonomy":"post_tag","embeddable":true,"href":"https:\/\/www.sonoraenequipo.com.mx\/api\/wp\/v2\/tags?post=117834"}],"curies":[{"name":"wp","href":"https:\/\/api.w.org\/{rel}","templated":true}]}}