{"id":118042,"date":"2021-07-08T19:07:50","date_gmt":"2021-07-09T02:07:50","guid":{"rendered":"https:\/\/www.sonoraenequipo.com.mx\/?p=118042"},"modified":"2021-07-08T19:07:50","modified_gmt":"2021-07-09T02:07:50","slug":"destaca-gobernadora-avance-en-vacunacion-y-reitera-llamado-a-aplicarse-el-biologico","status":"publish","type":"post","link":"https:\/\/www.sonoraenequipo.com.mx\/destaca-gobernadora-avance-en-vacunacion-y-reitera-llamado-a-aplicarse-el-biologico\/","title":{"rendered":"Destaca Gobernadora avance en vacunaci\u00f3n y reitera llamado a aplicarse el biol\u00f3gico"},"content":{"rendered":"<p>Destaca Gobernadora avance en vacunaci\u00f3n y reitera llamado a aplicarse el biol\u00f3gico<\/p>\n<p>\u25baParticipa gobernadora de Sonora en reuni\u00f3n virtual de la Conferencia Nacional de Gobernadores<\/p>\n<p>&nbsp;<\/p>\n<p>CIUDAD M\u00c9XICO.\u2500Sonora ha cumplido puntualmente con el plan nacional de vacunaci\u00f3n contra COVID-19, por lo que se espera que en el corto plazo est\u00e9 protegida la mayor parte de la poblaci\u00f3n, extern\u00f3 la gobernadora Claudia Pavlovich Arellano, al participar como presidenta de la Conferencia Nacional de Gobernadores (Conago) en la reuni\u00f3n de este jueves en la que se evalu\u00f3 el avance de este proceso en el pa\u00eds.<\/p>\n<p>&nbsp;<\/p>\n<p>Ante Olga S\u00e1nchez Cordero, secretaria de Gobernaci\u00f3n; Delfina G\u00f3mez \u00c1lvarez, secretaria de Educaci\u00f3n P\u00fablica; Hugo L\u00f3pez-Gatell Ram\u00edrez, subsecretario de Prevenci\u00f3n y Promoci\u00f3n a la Salud y los titulares del Poder Ejecutivo en los estados, la mandataria sonorense reiter\u00f3 el llamado a que la poblaci\u00f3n de todos los grupos de edad acudan cuando les corresponda su turno y una vez vacunados sigan aplicando las medidas sanitarias, toda vez que es la \u00fanica forma de contener la pandemia que ha estado repuntando en contagios.<\/p>\n<p>&nbsp;<\/p>\n<p>La gobernadora Pavlovich reiter\u00f3 que es necesario reforzar todos los d\u00edas el llamado a la poblaci\u00f3n a acudir a aplicarse el biol\u00f3gico cuando sea su turno, porque esta es una herramienta fundamental para el control de la pandemia.<\/p>\n<p>&nbsp;<\/p>\n<p>En la reuni\u00f3n se abord\u00f3 tambi\u00e9n el tema que impacta a todas las entidades como es el posible regreso a clases presenciales para el siguiente ciclo escolar. Al respecto, dijo que este se debe de hacer teniendo como prioridad la salud de estudiantes, padres de familia, personal docente y personal administrativo de las escuelas, evitando cualquier riesgo de contagios por COVID-19, es decir, de forma gradual y segura para todas y todos, atendiendo todos los protocolos sanitarios en atenci\u00f3n a la pandemia.<\/p>\n<p>&nbsp;<\/p>\n<p>&nbsp;<\/p>\n<p>La mandataria estatal destac\u00f3 que las escuelas deben de ser un lugar seguro para que las y los estudiantes puedan tomar sus clases, as\u00ed como para que el personal docente haga su labor sin riesgo.<\/p>\n<p>&nbsp;<\/p>\n<p>Presentes: Luisa Mar\u00eda Alcalde Luj\u00e1n, secretaria del Trabajo y Previsi\u00f3n Social; Zo\u00e9 Robledo Aburto, director general del IMSS; Ruy L\u00f3pez Riadaura, director general del Centro Nacional de Programas Preventivos y Control de Enfermedades; Martha Velda Hern\u00e1ndez Moreno, subsecretaria de Educaci\u00f3n B\u00e1sica de la SEP; Luis Antonio Ram\u00edrez Pineda, director general del Issste; y Juan Antonio Ferrer Aguilar, director general del Instituto de Salud para el Bienestar.<\/p>\n<p>Fecha de Publicaci\u00f3n\u00a0\u00a0 jueves \/ 08 \u00a0\u00a0\/ julio \/ 2021<\/p>\n","protected":false},"excerpt":{"rendered":"<p>Destaca Gobernadora avance en vacunaci\u00f3n y reitera llamado a aplicarse el biol\u00f3gico \u25baParticipa gobernadora de&#8230;<\/p>\n","protected":false},"author":1,"featured_media":118043,"comment_status":"open","ping_status":"open","sticky":false,"template":"","format":"standard","meta":{"_monsterinsights_skip_tracking":false,"_monsterinsights_sitenote_active":false,"_monsterinsights_sitenote_note":"","_monsterinsights_sitenote_category":0,"footnotes":""},"categories":[22],"tags":[4249,15],"class_list":["post"],"yoast_head":" \n<title>Sonora en Equipo. Destaca Gobernadora avance en vacunaci\u00f3n y reitera llamado a aplicarse el biol\u00f3gico Sonora<\/title>\n<meta name=\"description\" content=\"Destaca Gobernadora avance en vacunaci\u00f3n y reitera llamado a aplicarse el biol\u00f3gico \u25baParticipa gobernadora de Sonora en reuni\u00f3n virtual de la Conferencia En Sonora en Equipo publicamos toda la informaci\u00f3n de Sonora, M\u00e9xico y el Mundo de manera oportuna y busca que la libertad de expresi\u00f3n sea real. Visita nuestro medio informativo publicado desde Hermosillo, Sonora. %\" \/>\n<meta name=\"robots\" content=\"index, follow, max-snippet:-1, max-image-preview:large, max-video-preview:-1\" \/>\n<link rel=\"canonical\" href=\"https:\/\/www.sonoraenequipo.com.mx\/destaca-gobernadora-avance-en-vacunacion-y-reitera-llamado-a-aplicarse-el-biologico\/\" \/>\n<meta property=\"og:locale\" content=\"es_ES\" \/>\n<meta property=\"og:type\" content=\"article\" \/>\n<meta property=\"og:title\" content=\"Sonora en Equipo. Destaca Gobernadora avance en vacunaci\u00f3n y reitera llamado a aplicarse el biol\u00f3gico Sonora\" \/>\n<meta property=\"og:description\" content=\"Destaca Gobernadora avance en vacunaci\u00f3n y reitera llamado a aplicarse el biol\u00f3gico \u25baParticipa gobernadora de Sonora en reuni\u00f3n virtual de la Conferencia En Sonora en Equipo publicamos toda la informaci\u00f3n de Sonora, M\u00e9xico y el Mundo de manera oportuna y busca que la libertad de expresi\u00f3n sea real. Visita nuestro medio informativo publicado desde Hermosillo, Sonora. %\" \/>\n<meta property=\"og:url\" content=\"https:\/\/www.sonoraenequipo.com.mx\/destaca-gobernadora-avance-en-vacunacion-y-reitera-llamado-a-aplicarse-el-biologico\/\" \/>\n<meta property=\"og:site_name\" content=\"Sonora en Equipo.\" \/>\n<meta property=\"article:publisher\" content=\"https:\/\/www.facebook.com\/SonoraEE\/\" \/>\n<meta property=\"article:author\" content=\"https:\/\/www.facebook.com\/SonoraEE\" \/>\n<meta property=\"article:published_time\" content=\"2021-07-09T02:07:50+00:00\" \/>\n<meta property=\"og:image\" content=\"https:\/\/www.sonoraenequipo.com.mx\/storage\/2021\/07\/cpa080721.jpg\" \/>\n\t<meta property=\"og:image:width\" content=\"700\" \/>\n\t<meta property=\"og:image:height\" content=\"400\" \/>\n\t<meta property=\"og:image:type\" content=\"image\/jpeg\" \/>\n<meta name=\"author\" content=\"enequipo\" \/>\n<meta name=\"twitter:card\" content=\"summary_large_image\" \/>\n<meta name=\"twitter:creator\" content=\"@sonoraenequipo\" \/>\n<meta name=\"twitter:site\" content=\"@sonoraenequipo\" \/>\n<meta name=\"twitter:label1\" content=\"Escrito por\" \/>\n\t<meta name=\"twitter:data1\" content=\"enequipo\" \/>\n\t<meta name=\"twitter:label2\" content=\"Tiempo de lectura\" \/>\n\t<meta name=\"twitter:data2\" content=\"2 minutos\" \/>\n<script type=\"application\/ld+json\" class=\"yoast-schema-graph\">{\"@context\":\"https:\/\/schema.org\",\"@graph\":[{\"@type\":\"Article\",\"@id\":\"https:\/\/www.sonoraenequipo.com.mx\/destaca-gobernadora-avance-en-vacunacion-y-reitera-llamado-a-aplicarse-el-biologico\/#article\",\"isPartOf\":{\"@id\":\"https:\/\/www.sonoraenequipo.com.mx\/destaca-gobernadora-avance-en-vacunacion-y-reitera-llamado-a-aplicarse-el-biologico\/\"},\"author\":{\"name\":\"enequipo\",\"@id\":\"https:\/\/www.sonoraenequipo.com.mx\/#\/schema\/person\/50102df0fb23a8fa9e8effad8fa81386\"},\"headline\":\"Destaca Gobernadora avance en vacunaci\u00f3n y reitera llamado a aplicarse el biol\u00f3gico\",\"datePublished\":\"2021-07-09T02:07:50+00:00\",\"mainEntityOfPage\":{\"@id\":\"https:\/\/www.sonoraenequipo.com.mx\/destaca-gobernadora-avance-en-vacunacion-y-reitera-llamado-a-aplicarse-el-biologico\/\"},\"wordCount\":455,\"commentCount\":0,\"publisher\":{\"@id\":\"https:\/\/www.sonoraenequipo.com.mx\/#organization\"},\"image\":{\"@id\":\"https:\/\/www.sonoraenequipo.com.mx\/destaca-gobernadora-avance-en-vacunacion-y-reitera-llamado-a-aplicarse-el-biologico\/#primaryimage\"},\"thumbnailUrl\":\"https:\/\/www.sonoraenequipo.com.mx\/storage\/2021\/07\/cpa080721.jpg\",\"keywords\":[\"covid\",\"Sonora\"],\"articleSection\":[\"Sonora\"],\"inLanguage\":\"es\",\"potentialAction\":[{\"@type\":\"CommentAction\",\"name\":\"Comment\",\"target\":[\"https:\/\/www.sonoraenequipo.com.mx\/destaca-gobernadora-avance-en-vacunacion-y-reitera-llamado-a-aplicarse-el-biologico\/#respond\"]}]},{\"@type\":\"WebPage\",\"@id\":\"https:\/\/www.sonoraenequipo.com.mx\/destaca-gobernadora-avance-en-vacunacion-y-reitera-llamado-a-aplicarse-el-biologico\/\",\"url\":\"https:\/\/www.sonoraenequipo.com.mx\/destaca-gobernadora-avance-en-vacunacion-y-reitera-llamado-a-aplicarse-el-biologico\/\",\"name\":\"Sonora en Equipo. Destaca Gobernadora avance en vacunaci\u00f3n y reitera llamado a aplicarse el biol\u00f3gico Sonora\",\"isPartOf\":{\"@id\":\"https:\/\/www.sonoraenequipo.com.mx\/#website\"},\"primaryImageOfPage\":{\"@id\":\"https:\/\/www.sonoraenequipo.com.mx\/destaca-gobernadora-avance-en-vacunacion-y-reitera-llamado-a-aplicarse-el-biologico\/#primaryimage\"},\"image\":{\"@id\":\"https:\/\/www.sonoraenequipo.com.mx\/destaca-gobernadora-avance-en-vacunacion-y-reitera-llamado-a-aplicarse-el-biologico\/#primaryimage\"},\"thumbnailUrl\":\"https:\/\/www.sonoraenequipo.com.mx\/storage\/2021\/07\/cpa080721.jpg\",\"datePublished\":\"2021-07-09T02:07:50+00:00\",\"description\":\"Destaca Gobernadora avance en vacunaci\u00f3n y reitera llamado a aplicarse el biol\u00f3gico \u25baParticipa gobernadora de Sonora en reuni\u00f3n virtual de la Conferencia En Sonora en Equipo publicamos toda la informaci\u00f3n de Sonora, M\u00e9xico y el Mundo de manera oportuna y busca que la libertad de expresi\u00f3n sea real. Visita nuestro medio informativo publicado desde Hermosillo, Sonora. %\",\"breadcrumb\":{\"@id\":\"https:\/\/www.sonoraenequipo.com.mx\/destaca-gobernadora-avance-en-vacunacion-y-reitera-llamado-a-aplicarse-el-biologico\/#breadcrumb\"},\"inLanguage\":\"es\",\"potentialAction\":[{\"@type\":\"ReadAction\",\"target\":[\"https:\/\/www.sonoraenequipo.com.mx\/destaca-gobernadora-avance-en-vacunacion-y-reitera-llamado-a-aplicarse-el-biologico\/\"]}]},{\"@type\":\"ImageObject\",\"inLanguage\":\"es\",\"@id\":\"https:\/\/www.sonoraenequipo.com.mx\/destaca-gobernadora-avance-en-vacunacion-y-reitera-llamado-a-aplicarse-el-biologico\/#primaryimage\",\"url\":\"https:\/\/www.sonoraenequipo.com.mx\/storage\/2021\/07\/cpa080721.jpg\",\"contentUrl\":\"https:\/\/www.sonoraenequipo.com.mx\/storage\/2021\/07\/cpa080721.jpg\",\"width\":700,\"height\":400},{\"@type\":\"BreadcrumbList\",\"@id\":\"https:\/\/www.sonoraenequipo.com.mx\/destaca-gobernadora-avance-en-vacunacion-y-reitera-llamado-a-aplicarse-el-biologico\/#breadcrumb\",\"itemListElement\":[{\"@type\":\"ListItem\",\"position\":1,\"name\":\"Portada\",\"item\":\"https:\/\/www.sonoraenequipo.com.mx\/\"},{\"@type\":\"ListItem\",\"position\":2,\"name\":\"Destaca Gobernadora avance en vacunaci\u00f3n y reitera llamado a aplicarse el biol\u00f3gico\"}]},{\"@type\":\"WebSite\",\"@id\":\"https:\/\/www.sonoraenequipo.com.mx\/#website\",\"url\":\"https:\/\/www.sonoraenequipo.com.mx\/\",\"name\":\"Sonora en Equipo.\",\"description\":\"Diario en l\u00ednea con Noticias desde Hermosillo, Sonora\",\"publisher\":{\"@id\":\"https:\/\/www.sonoraenequipo.com.mx\/#organization\"},\"potentialAction\":[{\"@type\":\"SearchAction\",\"target\":{\"@type\":\"EntryPoint\",\"urlTemplate\":\"https:\/\/www.sonoraenequipo.com.mx\/?s={search_term_string}\"},\"query-input\":{\"@type\":\"PropertyValueSpecification\",\"valueRequired\":true,\"valueName\":\"search_term_string\"}}],\"inLanguage\":\"es\"},{\"@type\":\"Organization\",\"@id\":\"https:\/\/www.sonoraenequipo.com.mx\/#organization\",\"name\":\"Sonoraenequipo.com.mx\",\"url\":\"https:\/\/www.sonoraenequipo.com.mx\/\",\"logo\":{\"@type\":\"ImageObject\",\"inLanguage\":\"es\",\"@id\":\"https:\/\/www.sonoraenequipo.com.mx\/#\/schema\/logo\/image\/\",\"url\":\"https:\/\/www.sonoraenequipo.com.mx\/storage\/2019\/01\/sonoraenequipo_opt.png\",\"contentUrl\":\"https:\/\/www.sonoraenequipo.com.mx\/storage\/2019\/01\/sonoraenequipo_opt.png\",\"width\":375,\"height\":125,\"caption\":\"Sonoraenequipo.com.mx\"},\"image\":{\"@id\":\"https:\/\/www.sonoraenequipo.com.mx\/#\/schema\/logo\/image\/\"},\"sameAs\":[\"https:\/\/www.facebook.com\/SonoraEE\/\",\"https:\/\/x.com\/sonoraenequipo\",\"https:\/\/www.youtube.com\/channel\/UC338nW-lPEYmJQs4ZABQ1SQ\"]},{\"@type\":\"Person\",\"@id\":\"https:\/\/www.sonoraenequipo.com.mx\/#\/schema\/person\/50102df0fb23a8fa9e8effad8fa81386\",\"name\":\"enequipo\",\"image\":{\"@type\":\"ImageObject\",\"inLanguage\":\"es\",\"@id\":\"https:\/\/www.sonoraenequipo.com.mx\/#\/schema\/person\/image\/\",\"url\":\"https:\/\/secure.gravatar.com\/avatar\/049821681b589dabc0bc20695993ccebb09f5b5d4d790cd9251b97faac7c652b?s=96&d=blank&r=g\",\"contentUrl\":\"https:\/\/secure.gravatar.com\/avatar\/049821681b589dabc0bc20695993ccebb09f5b5d4d790cd9251b97faac7c652b?s=96&d=blank&r=g\",\"caption\":\"enequipo\"},\"sameAs\":[\"https:\/\/www.facebook.com\/SonoraEE\"]}]}<\/script>\n ","yoast_head_json":{"title":"Sonora en Equipo. Destaca Gobernadora avance en vacunaci\u00f3n y reitera llamado a aplicarse el biol\u00f3gico Sonora","description":"Destaca Gobernadora avance en vacunaci\u00f3n y reitera llamado a aplicarse el biol\u00f3gico \u25baParticipa gobernadora de Sonora en reuni\u00f3n virtual de la Conferencia En Sonora en Equipo publicamos toda la informaci\u00f3n de Sonora, M\u00e9xico y el Mundo de manera oportuna y busca que la libertad de expresi\u00f3n sea real. Visita nuestro medio informativo publicado desde Hermosillo, Sonora. %","robots":{"index":"index","follow":"follow","max-snippet":"max-snippet:-1","max-image-preview":"max-image-preview:large","max-video-preview":"max-video-preview:-1"},"canonical":"https:\/\/www.sonoraenequipo.com.mx\/destaca-gobernadora-avance-en-vacunacion-y-reitera-llamado-a-aplicarse-el-biologico\/","og_locale":"es_ES","og_type":"article","og_title":"Sonora en Equipo. Destaca Gobernadora avance en vacunaci\u00f3n y reitera llamado a aplicarse el biol\u00f3gico Sonora","og_description":"Destaca Gobernadora avance en vacunaci\u00f3n y reitera llamado a aplicarse el biol\u00f3gico \u25baParticipa gobernadora de Sonora en reuni\u00f3n virtual de la Conferencia En Sonora en Equipo publicamos toda la informaci\u00f3n de Sonora, M\u00e9xico y el Mundo de manera oportuna y busca que la libertad de expresi\u00f3n sea real. Visita nuestro medio informativo publicado desde Hermosillo, Sonora. %","og_url":"https:\/\/www.sonoraenequipo.com.mx\/destaca-gobernadora-avance-en-vacunacion-y-reitera-llamado-a-aplicarse-el-biologico\/","og_site_name":"Sonora en Equipo.","article_publisher":"https:\/\/www.facebook.com\/SonoraEE\/","article_author":"https:\/\/www.facebook.com\/SonoraEE","article_published_time":"2021-07-09T02:07:50+00:00","og_image":[{"width":700,"height":400,"url":"https:\/\/www.sonoraenequipo.com.mx\/storage\/2021\/07\/cpa080721.jpg","type":"image\/jpeg"}],"author":"enequipo","twitter_card":"summary_large_image","twitter_creator":"@sonoraenequipo","twitter_site":"@sonoraenequipo","twitter_misc":{"Escrito por":"enequipo","Tiempo de lectura":"2 minutos"},"schema":{"@context":"https:\/\/schema.org","@graph":[{"@type":"Article","@id":"https:\/\/www.sonoraenequipo.com.mx\/destaca-gobernadora-avance-en-vacunacion-y-reitera-llamado-a-aplicarse-el-biologico\/#article","isPartOf":{"@id":"https:\/\/www.sonoraenequipo.com.mx\/destaca-gobernadora-avance-en-vacunacion-y-reitera-llamado-a-aplicarse-el-biologico\/"},"author":{"name":"enequipo","@id":"https:\/\/www.sonoraenequipo.com.mx\/#\/schema\/person\/50102df0fb23a8fa9e8effad8fa81386"},"headline":"Destaca Gobernadora avance en vacunaci\u00f3n y reitera llamado a aplicarse el biol\u00f3gico","datePublished":"2021-07-09T02:07:50+00:00","mainEntityOfPage":{"@id":"https:\/\/www.sonoraenequipo.com.mx\/destaca-gobernadora-avance-en-vacunacion-y-reitera-llamado-a-aplicarse-el-biologico\/"},"wordCount":455,"commentCount":0,"publisher":{"@id":"https:\/\/www.sonoraenequipo.com.mx\/#organization"},"image":{"@id":"https:\/\/www.sonoraenequipo.com.mx\/destaca-gobernadora-avance-en-vacunacion-y-reitera-llamado-a-aplicarse-el-biologico\/#primaryimage"},"thumbnailUrl":"https:\/\/www.sonoraenequipo.com.mx\/storage\/2021\/07\/cpa080721.jpg","keywords":["covid","Sonora"],"articleSection":["Sonora"],"inLanguage":"es","potentialAction":[{"@type":"CommentAction","name":"Comment","target":["https:\/\/www.sonoraenequipo.com.mx\/destaca-gobernadora-avance-en-vacunacion-y-reitera-llamado-a-aplicarse-el-biologico\/#respond"]}]},{"@type":"WebPage","@id":"https:\/\/www.sonoraenequipo.com.mx\/destaca-gobernadora-avance-en-vacunacion-y-reitera-llamado-a-aplicarse-el-biologico\/","url":"https:\/\/www.sonoraenequipo.com.mx\/destaca-gobernadora-avance-en-vacunacion-y-reitera-llamado-a-aplicarse-el-biologico\/","name":"Sonora en Equipo. Destaca Gobernadora avance en vacunaci\u00f3n y reitera llamado a aplicarse el biol\u00f3gico Sonora","isPartOf":{"@id":"https:\/\/www.sonoraenequipo.com.mx\/#website"},"primaryImageOfPage":{"@id":"https:\/\/www.sonoraenequipo.com.mx\/destaca-gobernadora-avance-en-vacunacion-y-reitera-llamado-a-aplicarse-el-biologico\/#primaryimage"},"image":{"@id":"https:\/\/www.sonoraenequipo.com.mx\/destaca-gobernadora-avance-en-vacunacion-y-reitera-llamado-a-aplicarse-el-biologico\/#primaryimage"},"thumbnailUrl":"https:\/\/www.sonoraenequipo.com.mx\/storage\/2021\/07\/cpa080721.jpg","datePublished":"2021-07-09T02:07:50+00:00","description":"Destaca Gobernadora avance en vacunaci\u00f3n y reitera llamado a aplicarse el biol\u00f3gico \u25baParticipa gobernadora de Sonora en reuni\u00f3n virtual de la Conferencia En Sonora en Equipo publicamos toda la informaci\u00f3n de Sonora, M\u00e9xico y el Mundo de manera oportuna y busca que la libertad de expresi\u00f3n sea real. Visita nuestro medio informativo publicado desde Hermosillo, Sonora. %","breadcrumb":{"@id":"https:\/\/www.sonoraenequipo.com.mx\/destaca-gobernadora-avance-en-vacunacion-y-reitera-llamado-a-aplicarse-el-biologico\/#breadcrumb"},"inLanguage":"es","potentialAction":[{"@type":"ReadAction","target":["https:\/\/www.sonoraenequipo.com.mx\/destaca-gobernadora-avance-en-vacunacion-y-reitera-llamado-a-aplicarse-el-biologico\/"]}]},{"@type":"ImageObject","inLanguage":"es","@id":"https:\/\/www.sonoraenequipo.com.mx\/destaca-gobernadora-avance-en-vacunacion-y-reitera-llamado-a-aplicarse-el-biologico\/#primaryimage","url":"https:\/\/www.sonoraenequipo.com.mx\/storage\/2021\/07\/cpa080721.jpg","contentUrl":"https:\/\/www.sonoraenequipo.com.mx\/storage\/2021\/07\/cpa080721.jpg","width":700,"height":400},{"@type":"BreadcrumbList","@id":"https:\/\/www.sonoraenequipo.com.mx\/destaca-gobernadora-avance-en-vacunacion-y-reitera-llamado-a-aplicarse-el-biologico\/#breadcrumb","itemListElement":[{"@type":"ListItem","position":1,"name":"Portada","item":"https:\/\/www.sonoraenequipo.com.mx\/"},{"@type":"ListItem","position":2,"name":"Destaca Gobernadora avance en vacunaci\u00f3n y reitera llamado a aplicarse el biol\u00f3gico"}]},{"@type":"WebSite","@id":"https:\/\/www.sonoraenequipo.com.mx\/#website","url":"https:\/\/www.sonoraenequipo.com.mx\/","name":"Sonora en Equipo.","description":"Diario en l\u00ednea con Noticias desde Hermosillo, Sonora","publisher":{"@id":"https:\/\/www.sonoraenequipo.com.mx\/#organization"},"potentialAction":[{"@type":"SearchAction","target":{"@type":"EntryPoint","urlTemplate":"https:\/\/www.sonoraenequipo.com.mx\/?s={search_term_string}"},"query-input":{"@type":"PropertyValueSpecification","valueRequired":true,"valueName":"search_term_string"}}],"inLanguage":"es"},{"@type":"Organization","@id":"https:\/\/www.sonoraenequipo.com.mx\/#organization","name":"Sonoraenequipo.com.mx","url":"https:\/\/www.sonoraenequipo.com.mx\/","logo":{"@type":"ImageObject","inLanguage":"es","@id":"https:\/\/www.sonoraenequipo.com.mx\/#\/schema\/logo\/image\/","url":"https:\/\/www.sonoraenequipo.com.mx\/storage\/2019\/01\/sonoraenequipo_opt.png","contentUrl":"https:\/\/www.sonoraenequipo.com.mx\/storage\/2019\/01\/sonoraenequipo_opt.png","width":375,"height":125,"caption":"Sonoraenequipo.com.mx"},"image":{"@id":"https:\/\/www.sonoraenequipo.com.mx\/#\/schema\/logo\/image\/"},"sameAs":["https:\/\/www.facebook.com\/SonoraEE\/","https:\/\/x.com\/sonoraenequipo","https:\/\/www.youtube.com\/channel\/UC338nW-lPEYmJQs4ZABQ1SQ"]},{"@type":"Person","@id":"https:\/\/www.sonoraenequipo.com.mx\/#\/schema\/person\/50102df0fb23a8fa9e8effad8fa81386","name":"enequipo","image":{"@type":"ImageObject","inLanguage":"es","@id":"https:\/\/www.sonoraenequipo.com.mx\/#\/schema\/person\/image\/","url":"https:\/\/secure.gravatar.com\/avatar\/049821681b589dabc0bc20695993ccebb09f5b5d4d790cd9251b97faac7c652b?s=96&d=blank&r=g","contentUrl":"https:\/\/secure.gravatar.com\/avatar\/049821681b589dabc0bc20695993ccebb09f5b5d4d790cd9251b97faac7c652b?s=96&d=blank&r=g","caption":"enequipo"},"sameAs":["https:\/\/www.facebook.com\/SonoraEE"]}]}},"jetpack_featured_media_url":"https:\/\/www.sonoraenequipo.com.mx\/storage\/2021\/07\/cpa080721.jpg","_links":{"self":[{"href":"https:\/\/www.sonoraenequipo.com.mx\/api\/wp\/v2\/posts\/118042","targetHints":{"allow":["GET"]}}],"collection":[{"href":"https:\/\/www.sonoraenequipo.com.mx\/api\/wp\/v2\/posts"}],"about":[{"href":"https:\/\/www.sonoraenequipo.com.mx\/api\/wp\/v2\/types\/post"}],"author":[{"embeddable":true,"href":"https:\/\/www.sonoraenequipo.com.mx\/api\/wp\/v2\/users\/1"}],"replies":[{"embeddable":true,"href":"https:\/\/www.sonoraenequipo.com.mx\/api\/wp\/v2\/comments?post=118042"}],"version-history":[{"count":1,"href":"https:\/\/www.sonoraenequipo.com.mx\/api\/wp\/v2\/posts\/118042\/revisions"}],"predecessor-version":[{"id":118044,"href":"https:\/\/www.sonoraenequipo.com.mx\/api\/wp\/v2\/posts\/118042\/revisions\/118044"}],"wp:featuredmedia":[{"embeddable":true,"href":"https:\/\/www.sonoraenequipo.com.mx\/api\/wp\/v2\/media\/118043"}],"wp:attachment":[{"href":"https:\/\/www.sonoraenequipo.com.mx\/api\/wp\/v2\/media?parent=118042"}],"wp:term":[{"taxonomy":"category","embeddable":true,"href":"https:\/\/www.sonoraenequipo.com.mx\/api\/wp\/v2\/categories?post=118042"},{"taxonomy":"post_tag","embeddable":true,"href":"https:\/\/www.sonoraenequipo.com.mx\/api\/wp\/v2\/tags?post=118042"}],"curies":[{"name":"wp","href":"https:\/\/api.w.org\/{rel}","templated":true}]}}