{"id":118080,"date":"2021-07-09T13:59:33","date_gmt":"2021-07-09T20:59:33","guid":{"rendered":"https:\/\/www.sonoraenequipo.com.mx\/?p=118080"},"modified":"2021-07-09T17:38:25","modified_gmt":"2021-07-10T00:38:25","slug":"confirma-salud-241-nuevos-casos-y-5-defunciones-mas-por-covid","status":"publish","type":"post","link":"https:\/\/www.sonoraenequipo.com.mx\/confirma-salud-241-nuevos-casos-y-5-defunciones-mas-por-covid\/","title":{"rendered":"Confirma Salud 241 nuevos casos y 5 defunciones m\u00e1s por COVID"},"content":{"rendered":"<p>\u25baA reconocer el esfuerzo de las personas que trabajan en los centros de vacunaci\u00f3n llama Enrique Clausen Iberri<\/p>\n<p>HERMOSILLO, SONORA,MX.\u2500\u2500 Tras cada puesto de vacunaci\u00f3n hay mujeres y hombres que desde principios de a\u00f1o est\u00e1n entregados en cuerpo y alma para atender con profesionalismo y amabilidad a quienes acuden a recibir su vacuna, resalt\u00f3 Enrique Clausen Iberri, al confirmarse 241 nuevos casos y 5 defunciones m\u00e1s a causa de la pandemia en la entidad.<\/p>\n<p>&nbsp;<\/p>\n<p>&nbsp;<\/p>\n<p>&nbsp;<\/p>\n<p>El secretario de Salud llam\u00f3 a la poblaci\u00f3n a tener confianza cuando acudan a vacunarse, ya que detr\u00e1s de cada dosis aplicada est\u00e1 el trabajo de muchos hombres y mujeres que se esforzaron en contra tiempo para generar una vacuna efectiva contra este virus.<\/p>\n<p>&nbsp;<\/p>\n<p>&nbsp;<\/p>\n<p>&nbsp;<\/p>\n<p>\u201cCuando acudas a recibir la vacuna contra el COVID-19 conf\u00eda en ellos, pero tambi\u00e9n en tantas mujeres y hombres de ciencia, que en carrera contra el tiempo pudieron poner a nuestra disposici\u00f3n vacunas para ponerle un alto a esta terrible enfermedad\u201d, indic\u00f3.<\/p>\n<p>&nbsp;<\/p>\n<p>&nbsp;<\/p>\n<p>Clausen Iberri mencion\u00f3 que despu\u00e9s de vacunarse la poblaci\u00f3n debe seguir con todas las medidas sanitarias, tal como lo han hecho hasta ahora desde que inici\u00f3 la pandemia.<\/p>\n<p>&nbsp;<\/p>\n<p>&nbsp;<\/p>\n<p>\u201cNo debes bajar la guardia, sigue cuid\u00e1ndote como lo has hecho hasta ahora, sigue usando cubrebocas, lava frecuentemente tus manos, y practica el distanciamiento social\u201d, se\u00f1al\u00f3.<\/p>\n<p>&nbsp;<\/p>\n<p>&nbsp;<\/p>\n<p>Hoy se confirmaron 5 decesos en 4 mujeres y 1 hombre, residentes de: B\u00e1cum, Guaymas, Cananea, Huatabampo y San Luis R\u00edo Colorado 1 cada uno, acumul\u00e1ndose 6 mil 545 defunciones.<\/p>\n<p>&nbsp;<\/p>\n<p>&nbsp;<\/p>\n<p>Este d\u00eda se sumaron 241 nuevos casos por Covid, en 130 mujeres y 111 hombres, residentes de: Hermosillo 58; Cajeme 38; Guaymas 34; Caborca 27; Navojoa 17; Nogales 12; Huatabampo 8; Puerto Pe\u00f1asco 7; Empalme, Etchojoa y San Luis R\u00edo Colorado 6 cada uno; San Ignacio R\u00edo Muerto, Benito Ju\u00e1rez y \u00c1lamos 4 cada uno; Santa Ana, Pitiquito y General Plutarco El\u00edas Calles 2 cada uno; Benjam\u00edn Hill, Aconchi, Granados y Cananea 1 cada uno; con ello se acumulan 80 mil 616 en total,<\/p>\n<p>&nbsp;<\/p>\n<p>&nbsp;<\/p>\n<p>Se confirmaron 11 casos pedi\u00e1tricos, en 6 ni\u00f1os y 5 ni\u00f1as, acumul\u00e1ndose mil 625 casos en total; adem\u00e1s se sumaron 2 casos en mujeres embarazadas, alcanzando un total de 555 casos.<\/p>\n<p>&nbsp;<\/p>\n<p>&nbsp;<\/p>\n<p>Se han realizado 147 mil 342 pruebas, de las cuales 80 mil 616 son casos confirmados y 66 mil 726 casos descartados. Se cuenta con un registro de 10 mil 542 personas con cuadro leve, mil 976 activos y 8 mil 566 con seguimiento terminado. De las 183 personas hospitalizadas 30 est\u00e1n estables, 111 graves, y 42 en estado cr\u00edtico. A la fecha, 71 mil 912 personas se han recuperado de Covid-19 en Sonora.<\/p>\n<p>&nbsp;<\/p>\n<p>&nbsp;<\/p>\n<p>Casos COVID-19 en Sonora 80,616 casos confirmados y 6,545 defunciones.<\/p>\n<p>&nbsp;<\/p>\n<p>Fecha de Publicaci\u00f3n\u00a0\u00a0 viernes \/ 09\u00a0\u00a0 \/ julio \/ 2021<\/p>\n","protected":false},"excerpt":{"rendered":"<p>\u25baA reconocer el esfuerzo de las personas que trabajan en los centros de vacunaci\u00f3n llama&#8230;<\/p>\n","protected":false},"author":1,"featured_media":88955,"comment_status":"open","ping_status":"open","sticky":false,"template":"","format":"standard","meta":{"_monsterinsights_skip_tracking":false,"_monsterinsights_sitenote_active":false,"_monsterinsights_sitenote_note":"","_monsterinsights_sitenote_category":0,"footnotes":""},"categories":[22],"tags":[],"class_list":["post"],"yoast_head":" \n<title>Sonora en Equipo. Confirma Salud 241 nuevos casos y 5 defunciones m\u00e1s por COVID Sonora<\/title>\n<meta name=\"description\" content=\"\u25baA reconocer el esfuerzo de las personas que trabajan en los centros de vacunaci\u00f3n llama Enrique Clausen Iberri HERMOSILLO, SONORA,MX.\u2500\u2500 Tras cada puesto En Sonora en Equipo publicamos toda la informaci\u00f3n de Sonora, M\u00e9xico y el Mundo de manera oportuna y busca que la libertad de expresi\u00f3n sea real. Visita nuestro medio informativo publicado desde Hermosillo, Sonora. %\" \/>\n<meta name=\"robots\" content=\"index, follow, max-snippet:-1, max-image-preview:large, max-video-preview:-1\" \/>\n<link rel=\"canonical\" href=\"https:\/\/www.sonoraenequipo.com.mx\/confirma-salud-241-nuevos-casos-y-5-defunciones-mas-por-covid\/\" \/>\n<meta property=\"og:locale\" content=\"es_ES\" \/>\n<meta property=\"og:type\" content=\"article\" \/>\n<meta property=\"og:title\" content=\"Sonora en Equipo. Confirma Salud 241 nuevos casos y 5 defunciones m\u00e1s por COVID Sonora\" \/>\n<meta property=\"og:description\" content=\"\u25baA reconocer el esfuerzo de las personas que trabajan en los centros de vacunaci\u00f3n llama Enrique Clausen Iberri HERMOSILLO, SONORA,MX.\u2500\u2500 Tras cada puesto En Sonora en Equipo publicamos toda la informaci\u00f3n de Sonora, M\u00e9xico y el Mundo de manera oportuna y busca que la libertad de expresi\u00f3n sea real. Visita nuestro medio informativo publicado desde Hermosillo, Sonora. %\" \/>\n<meta property=\"og:url\" content=\"https:\/\/www.sonoraenequipo.com.mx\/confirma-salud-241-nuevos-casos-y-5-defunciones-mas-por-covid\/\" \/>\n<meta property=\"og:site_name\" content=\"Sonora en Equipo.\" \/>\n<meta property=\"article:publisher\" content=\"https:\/\/www.facebook.com\/SonoraEE\/\" \/>\n<meta property=\"article:author\" content=\"https:\/\/www.facebook.com\/SonoraEE\" \/>\n<meta property=\"article:published_time\" content=\"2021-07-09T20:59:33+00:00\" \/>\n<meta property=\"article:modified_time\" content=\"2021-07-10T00:38:25+00:00\" \/>\n<meta property=\"og:image\" content=\"https:\/\/www.sonoraenequipo.com.mx\/storage\/2020\/07\/clausen18.jpg\" \/>\n\t<meta property=\"og:image:width\" content=\"600\" \/>\n\t<meta property=\"og:image:height\" content=\"400\" \/>\n\t<meta property=\"og:image:type\" content=\"image\/jpeg\" \/>\n<meta name=\"author\" content=\"enequipo\" \/>\n<meta name=\"twitter:card\" content=\"summary_large_image\" \/>\n<meta name=\"twitter:creator\" content=\"@sonoraenequipo\" \/>\n<meta name=\"twitter:site\" content=\"@sonoraenequipo\" \/>\n<meta name=\"twitter:label1\" content=\"Escrito por\" \/>\n\t<meta name=\"twitter:data1\" content=\"enequipo\" \/>\n\t<meta name=\"twitter:label2\" content=\"Tiempo de lectura\" \/>\n\t<meta name=\"twitter:data2\" content=\"2 minutos\" \/>\n<script type=\"application\/ld+json\" class=\"yoast-schema-graph\">{\"@context\":\"https:\/\/schema.org\",\"@graph\":[{\"@type\":\"Article\",\"@id\":\"https:\/\/www.sonoraenequipo.com.mx\/confirma-salud-241-nuevos-casos-y-5-defunciones-mas-por-covid\/#article\",\"isPartOf\":{\"@id\":\"https:\/\/www.sonoraenequipo.com.mx\/confirma-salud-241-nuevos-casos-y-5-defunciones-mas-por-covid\/\"},\"author\":{\"name\":\"enequipo\",\"@id\":\"https:\/\/www.sonoraenequipo.com.mx\/#\/schema\/person\/50102df0fb23a8fa9e8effad8fa81386\"},\"headline\":\"Confirma Salud 241 nuevos casos y 5 defunciones m\u00e1s por COVID\",\"datePublished\":\"2021-07-09T20:59:33+00:00\",\"dateModified\":\"2021-07-10T00:38:25+00:00\",\"mainEntityOfPage\":{\"@id\":\"https:\/\/www.sonoraenequipo.com.mx\/confirma-salud-241-nuevos-casos-y-5-defunciones-mas-por-covid\/\"},\"wordCount\":462,\"commentCount\":0,\"publisher\":{\"@id\":\"https:\/\/www.sonoraenequipo.com.mx\/#organization\"},\"image\":{\"@id\":\"https:\/\/www.sonoraenequipo.com.mx\/confirma-salud-241-nuevos-casos-y-5-defunciones-mas-por-covid\/#primaryimage\"},\"thumbnailUrl\":\"https:\/\/www.sonoraenequipo.com.mx\/storage\/2020\/07\/clausen18.jpg\",\"articleSection\":[\"Sonora\"],\"inLanguage\":\"es\",\"potentialAction\":[{\"@type\":\"CommentAction\",\"name\":\"Comment\",\"target\":[\"https:\/\/www.sonoraenequipo.com.mx\/confirma-salud-241-nuevos-casos-y-5-defunciones-mas-por-covid\/#respond\"]}]},{\"@type\":\"WebPage\",\"@id\":\"https:\/\/www.sonoraenequipo.com.mx\/confirma-salud-241-nuevos-casos-y-5-defunciones-mas-por-covid\/\",\"url\":\"https:\/\/www.sonoraenequipo.com.mx\/confirma-salud-241-nuevos-casos-y-5-defunciones-mas-por-covid\/\",\"name\":\"Sonora en Equipo. Confirma Salud 241 nuevos casos y 5 defunciones m\u00e1s por COVID Sonora\",\"isPartOf\":{\"@id\":\"https:\/\/www.sonoraenequipo.com.mx\/#website\"},\"primaryImageOfPage\":{\"@id\":\"https:\/\/www.sonoraenequipo.com.mx\/confirma-salud-241-nuevos-casos-y-5-defunciones-mas-por-covid\/#primaryimage\"},\"image\":{\"@id\":\"https:\/\/www.sonoraenequipo.com.mx\/confirma-salud-241-nuevos-casos-y-5-defunciones-mas-por-covid\/#primaryimage\"},\"thumbnailUrl\":\"https:\/\/www.sonoraenequipo.com.mx\/storage\/2020\/07\/clausen18.jpg\",\"datePublished\":\"2021-07-09T20:59:33+00:00\",\"dateModified\":\"2021-07-10T00:38:25+00:00\",\"description\":\"\u25baA reconocer el esfuerzo de las personas que trabajan en los centros de vacunaci\u00f3n llama Enrique Clausen Iberri HERMOSILLO, SONORA,MX.\u2500\u2500 Tras cada puesto En Sonora en Equipo publicamos toda la informaci\u00f3n de Sonora, M\u00e9xico y el Mundo de manera oportuna y busca que la libertad de expresi\u00f3n sea real. Visita nuestro medio informativo publicado desde Hermosillo, Sonora. %\",\"breadcrumb\":{\"@id\":\"https:\/\/www.sonoraenequipo.com.mx\/confirma-salud-241-nuevos-casos-y-5-defunciones-mas-por-covid\/#breadcrumb\"},\"inLanguage\":\"es\",\"potentialAction\":[{\"@type\":\"ReadAction\",\"target\":[\"https:\/\/www.sonoraenequipo.com.mx\/confirma-salud-241-nuevos-casos-y-5-defunciones-mas-por-covid\/\"]}]},{\"@type\":\"ImageObject\",\"inLanguage\":\"es\",\"@id\":\"https:\/\/www.sonoraenequipo.com.mx\/confirma-salud-241-nuevos-casos-y-5-defunciones-mas-por-covid\/#primaryimage\",\"url\":\"https:\/\/www.sonoraenequipo.com.mx\/storage\/2020\/07\/clausen18.jpg\",\"contentUrl\":\"https:\/\/www.sonoraenequipo.com.mx\/storage\/2020\/07\/clausen18.jpg\",\"width\":600,\"height\":400},{\"@type\":\"BreadcrumbList\",\"@id\":\"https:\/\/www.sonoraenequipo.com.mx\/confirma-salud-241-nuevos-casos-y-5-defunciones-mas-por-covid\/#breadcrumb\",\"itemListElement\":[{\"@type\":\"ListItem\",\"position\":1,\"name\":\"Portada\",\"item\":\"https:\/\/www.sonoraenequipo.com.mx\/\"},{\"@type\":\"ListItem\",\"position\":2,\"name\":\"Confirma Salud 241 nuevos casos y 5 defunciones m\u00e1s por COVID\"}]},{\"@type\":\"WebSite\",\"@id\":\"https:\/\/www.sonoraenequipo.com.mx\/#website\",\"url\":\"https:\/\/www.sonoraenequipo.com.mx\/\",\"name\":\"Sonora en Equipo.\",\"description\":\"Diario en l\u00ednea con Noticias desde Hermosillo, Sonora\",\"publisher\":{\"@id\":\"https:\/\/www.sonoraenequipo.com.mx\/#organization\"},\"potentialAction\":[{\"@type\":\"SearchAction\",\"target\":{\"@type\":\"EntryPoint\",\"urlTemplate\":\"https:\/\/www.sonoraenequipo.com.mx\/?s={search_term_string}\"},\"query-input\":{\"@type\":\"PropertyValueSpecification\",\"valueRequired\":true,\"valueName\":\"search_term_string\"}}],\"inLanguage\":\"es\"},{\"@type\":\"Organization\",\"@id\":\"https:\/\/www.sonoraenequipo.com.mx\/#organization\",\"name\":\"Sonoraenequipo.com.mx\",\"url\":\"https:\/\/www.sonoraenequipo.com.mx\/\",\"logo\":{\"@type\":\"ImageObject\",\"inLanguage\":\"es\",\"@id\":\"https:\/\/www.sonoraenequipo.com.mx\/#\/schema\/logo\/image\/\",\"url\":\"https:\/\/www.sonoraenequipo.com.mx\/storage\/2019\/01\/sonoraenequipo_opt.png\",\"contentUrl\":\"https:\/\/www.sonoraenequipo.com.mx\/storage\/2019\/01\/sonoraenequipo_opt.png\",\"width\":375,\"height\":125,\"caption\":\"Sonoraenequipo.com.mx\"},\"image\":{\"@id\":\"https:\/\/www.sonoraenequipo.com.mx\/#\/schema\/logo\/image\/\"},\"sameAs\":[\"https:\/\/www.facebook.com\/SonoraEE\/\",\"https:\/\/x.com\/sonoraenequipo\",\"https:\/\/www.youtube.com\/channel\/UC338nW-lPEYmJQs4ZABQ1SQ\"]},{\"@type\":\"Person\",\"@id\":\"https:\/\/www.sonoraenequipo.com.mx\/#\/schema\/person\/50102df0fb23a8fa9e8effad8fa81386\",\"name\":\"enequipo\",\"image\":{\"@type\":\"ImageObject\",\"inLanguage\":\"es\",\"@id\":\"https:\/\/www.sonoraenequipo.com.mx\/#\/schema\/person\/image\/\",\"url\":\"https:\/\/secure.gravatar.com\/avatar\/049821681b589dabc0bc20695993ccebb09f5b5d4d790cd9251b97faac7c652b?s=96&d=blank&r=g\",\"contentUrl\":\"https:\/\/secure.gravatar.com\/avatar\/049821681b589dabc0bc20695993ccebb09f5b5d4d790cd9251b97faac7c652b?s=96&d=blank&r=g\",\"caption\":\"enequipo\"},\"sameAs\":[\"https:\/\/www.facebook.com\/SonoraEE\"]}]}<\/script>\n ","yoast_head_json":{"title":"Sonora en Equipo. Confirma Salud 241 nuevos casos y 5 defunciones m\u00e1s por COVID Sonora","description":"\u25baA reconocer el esfuerzo de las personas que trabajan en los centros de vacunaci\u00f3n llama Enrique Clausen Iberri HERMOSILLO, SONORA,MX.\u2500\u2500 Tras cada puesto En Sonora en Equipo publicamos toda la informaci\u00f3n de Sonora, M\u00e9xico y el Mundo de manera oportuna y busca que la libertad de expresi\u00f3n sea real. Visita nuestro medio informativo publicado desde Hermosillo, Sonora. %","robots":{"index":"index","follow":"follow","max-snippet":"max-snippet:-1","max-image-preview":"max-image-preview:large","max-video-preview":"max-video-preview:-1"},"canonical":"https:\/\/www.sonoraenequipo.com.mx\/confirma-salud-241-nuevos-casos-y-5-defunciones-mas-por-covid\/","og_locale":"es_ES","og_type":"article","og_title":"Sonora en Equipo. Confirma Salud 241 nuevos casos y 5 defunciones m\u00e1s por COVID Sonora","og_description":"\u25baA reconocer el esfuerzo de las personas que trabajan en los centros de vacunaci\u00f3n llama Enrique Clausen Iberri HERMOSILLO, SONORA,MX.\u2500\u2500 Tras cada puesto En Sonora en Equipo publicamos toda la informaci\u00f3n de Sonora, M\u00e9xico y el Mundo de manera oportuna y busca que la libertad de expresi\u00f3n sea real. Visita nuestro medio informativo publicado desde Hermosillo, Sonora. %","og_url":"https:\/\/www.sonoraenequipo.com.mx\/confirma-salud-241-nuevos-casos-y-5-defunciones-mas-por-covid\/","og_site_name":"Sonora en Equipo.","article_publisher":"https:\/\/www.facebook.com\/SonoraEE\/","article_author":"https:\/\/www.facebook.com\/SonoraEE","article_published_time":"2021-07-09T20:59:33+00:00","article_modified_time":"2021-07-10T00:38:25+00:00","og_image":[{"width":600,"height":400,"url":"https:\/\/www.sonoraenequipo.com.mx\/storage\/2020\/07\/clausen18.jpg","type":"image\/jpeg"}],"author":"enequipo","twitter_card":"summary_large_image","twitter_creator":"@sonoraenequipo","twitter_site":"@sonoraenequipo","twitter_misc":{"Escrito por":"enequipo","Tiempo de lectura":"2 minutos"},"schema":{"@context":"https:\/\/schema.org","@graph":[{"@type":"Article","@id":"https:\/\/www.sonoraenequipo.com.mx\/confirma-salud-241-nuevos-casos-y-5-defunciones-mas-por-covid\/#article","isPartOf":{"@id":"https:\/\/www.sonoraenequipo.com.mx\/confirma-salud-241-nuevos-casos-y-5-defunciones-mas-por-covid\/"},"author":{"name":"enequipo","@id":"https:\/\/www.sonoraenequipo.com.mx\/#\/schema\/person\/50102df0fb23a8fa9e8effad8fa81386"},"headline":"Confirma Salud 241 nuevos casos y 5 defunciones m\u00e1s por COVID","datePublished":"2021-07-09T20:59:33+00:00","dateModified":"2021-07-10T00:38:25+00:00","mainEntityOfPage":{"@id":"https:\/\/www.sonoraenequipo.com.mx\/confirma-salud-241-nuevos-casos-y-5-defunciones-mas-por-covid\/"},"wordCount":462,"commentCount":0,"publisher":{"@id":"https:\/\/www.sonoraenequipo.com.mx\/#organization"},"image":{"@id":"https:\/\/www.sonoraenequipo.com.mx\/confirma-salud-241-nuevos-casos-y-5-defunciones-mas-por-covid\/#primaryimage"},"thumbnailUrl":"https:\/\/www.sonoraenequipo.com.mx\/storage\/2020\/07\/clausen18.jpg","articleSection":["Sonora"],"inLanguage":"es","potentialAction":[{"@type":"CommentAction","name":"Comment","target":["https:\/\/www.sonoraenequipo.com.mx\/confirma-salud-241-nuevos-casos-y-5-defunciones-mas-por-covid\/#respond"]}]},{"@type":"WebPage","@id":"https:\/\/www.sonoraenequipo.com.mx\/confirma-salud-241-nuevos-casos-y-5-defunciones-mas-por-covid\/","url":"https:\/\/www.sonoraenequipo.com.mx\/confirma-salud-241-nuevos-casos-y-5-defunciones-mas-por-covid\/","name":"Sonora en Equipo. Confirma Salud 241 nuevos casos y 5 defunciones m\u00e1s por COVID Sonora","isPartOf":{"@id":"https:\/\/www.sonoraenequipo.com.mx\/#website"},"primaryImageOfPage":{"@id":"https:\/\/www.sonoraenequipo.com.mx\/confirma-salud-241-nuevos-casos-y-5-defunciones-mas-por-covid\/#primaryimage"},"image":{"@id":"https:\/\/www.sonoraenequipo.com.mx\/confirma-salud-241-nuevos-casos-y-5-defunciones-mas-por-covid\/#primaryimage"},"thumbnailUrl":"https:\/\/www.sonoraenequipo.com.mx\/storage\/2020\/07\/clausen18.jpg","datePublished":"2021-07-09T20:59:33+00:00","dateModified":"2021-07-10T00:38:25+00:00","description":"\u25baA reconocer el esfuerzo de las personas que trabajan en los centros de vacunaci\u00f3n llama Enrique Clausen Iberri HERMOSILLO, SONORA,MX.\u2500\u2500 Tras cada puesto En Sonora en Equipo publicamos toda la informaci\u00f3n de Sonora, M\u00e9xico y el Mundo de manera oportuna y busca que la libertad de expresi\u00f3n sea real. Visita nuestro medio informativo publicado desde Hermosillo, Sonora. %","breadcrumb":{"@id":"https:\/\/www.sonoraenequipo.com.mx\/confirma-salud-241-nuevos-casos-y-5-defunciones-mas-por-covid\/#breadcrumb"},"inLanguage":"es","potentialAction":[{"@type":"ReadAction","target":["https:\/\/www.sonoraenequipo.com.mx\/confirma-salud-241-nuevos-casos-y-5-defunciones-mas-por-covid\/"]}]},{"@type":"ImageObject","inLanguage":"es","@id":"https:\/\/www.sonoraenequipo.com.mx\/confirma-salud-241-nuevos-casos-y-5-defunciones-mas-por-covid\/#primaryimage","url":"https:\/\/www.sonoraenequipo.com.mx\/storage\/2020\/07\/clausen18.jpg","contentUrl":"https:\/\/www.sonoraenequipo.com.mx\/storage\/2020\/07\/clausen18.jpg","width":600,"height":400},{"@type":"BreadcrumbList","@id":"https:\/\/www.sonoraenequipo.com.mx\/confirma-salud-241-nuevos-casos-y-5-defunciones-mas-por-covid\/#breadcrumb","itemListElement":[{"@type":"ListItem","position":1,"name":"Portada","item":"https:\/\/www.sonoraenequipo.com.mx\/"},{"@type":"ListItem","position":2,"name":"Confirma Salud 241 nuevos casos y 5 defunciones m\u00e1s por COVID"}]},{"@type":"WebSite","@id":"https:\/\/www.sonoraenequipo.com.mx\/#website","url":"https:\/\/www.sonoraenequipo.com.mx\/","name":"Sonora en Equipo.","description":"Diario en l\u00ednea con Noticias desde Hermosillo, Sonora","publisher":{"@id":"https:\/\/www.sonoraenequipo.com.mx\/#organization"},"potentialAction":[{"@type":"SearchAction","target":{"@type":"EntryPoint","urlTemplate":"https:\/\/www.sonoraenequipo.com.mx\/?s={search_term_string}"},"query-input":{"@type":"PropertyValueSpecification","valueRequired":true,"valueName":"search_term_string"}}],"inLanguage":"es"},{"@type":"Organization","@id":"https:\/\/www.sonoraenequipo.com.mx\/#organization","name":"Sonoraenequipo.com.mx","url":"https:\/\/www.sonoraenequipo.com.mx\/","logo":{"@type":"ImageObject","inLanguage":"es","@id":"https:\/\/www.sonoraenequipo.com.mx\/#\/schema\/logo\/image\/","url":"https:\/\/www.sonoraenequipo.com.mx\/storage\/2019\/01\/sonoraenequipo_opt.png","contentUrl":"https:\/\/www.sonoraenequipo.com.mx\/storage\/2019\/01\/sonoraenequipo_opt.png","width":375,"height":125,"caption":"Sonoraenequipo.com.mx"},"image":{"@id":"https:\/\/www.sonoraenequipo.com.mx\/#\/schema\/logo\/image\/"},"sameAs":["https:\/\/www.facebook.com\/SonoraEE\/","https:\/\/x.com\/sonoraenequipo","https:\/\/www.youtube.com\/channel\/UC338nW-lPEYmJQs4ZABQ1SQ"]},{"@type":"Person","@id":"https:\/\/www.sonoraenequipo.com.mx\/#\/schema\/person\/50102df0fb23a8fa9e8effad8fa81386","name":"enequipo","image":{"@type":"ImageObject","inLanguage":"es","@id":"https:\/\/www.sonoraenequipo.com.mx\/#\/schema\/person\/image\/","url":"https:\/\/secure.gravatar.com\/avatar\/049821681b589dabc0bc20695993ccebb09f5b5d4d790cd9251b97faac7c652b?s=96&d=blank&r=g","contentUrl":"https:\/\/secure.gravatar.com\/avatar\/049821681b589dabc0bc20695993ccebb09f5b5d4d790cd9251b97faac7c652b?s=96&d=blank&r=g","caption":"enequipo"},"sameAs":["https:\/\/www.facebook.com\/SonoraEE"]}]}},"jetpack_featured_media_url":"https:\/\/www.sonoraenequipo.com.mx\/storage\/2020\/07\/clausen18.jpg","_links":{"self":[{"href":"https:\/\/www.sonoraenequipo.com.mx\/api\/wp\/v2\/posts\/118080","targetHints":{"allow":["GET"]}}],"collection":[{"href":"https:\/\/www.sonoraenequipo.com.mx\/api\/wp\/v2\/posts"}],"about":[{"href":"https:\/\/www.sonoraenequipo.com.mx\/api\/wp\/v2\/types\/post"}],"author":[{"embeddable":true,"href":"https:\/\/www.sonoraenequipo.com.mx\/api\/wp\/v2\/users\/1"}],"replies":[{"embeddable":true,"href":"https:\/\/www.sonoraenequipo.com.mx\/api\/wp\/v2\/comments?post=118080"}],"version-history":[{"count":3,"href":"https:\/\/www.sonoraenequipo.com.mx\/api\/wp\/v2\/posts\/118080\/revisions"}],"predecessor-version":[{"id":118095,"href":"https:\/\/www.sonoraenequipo.com.mx\/api\/wp\/v2\/posts\/118080\/revisions\/118095"}],"wp:featuredmedia":[{"embeddable":true,"href":"https:\/\/www.sonoraenequipo.com.mx\/api\/wp\/v2\/media\/88955"}],"wp:attachment":[{"href":"https:\/\/www.sonoraenequipo.com.mx\/api\/wp\/v2\/media?parent=118080"}],"wp:term":[{"taxonomy":"category","embeddable":true,"href":"https:\/\/www.sonoraenequipo.com.mx\/api\/wp\/v2\/categories?post=118080"},{"taxonomy":"post_tag","embeddable":true,"href":"https:\/\/www.sonoraenequipo.com.mx\/api\/wp\/v2\/tags?post=118080"}],"curies":[{"name":"wp","href":"https:\/\/api.w.org\/{rel}","templated":true}]}}