{"id":118085,"date":"2021-07-09T15:16:50","date_gmt":"2021-07-09T22:16:50","guid":{"rendered":"https:\/\/www.sonoraenequipo.com.mx\/?p=118085"},"modified":"2021-07-09T18:02:30","modified_gmt":"2021-07-10T01:02:30","slug":"sonora-destaca-a-nivel-nacional-en-recuperacion-economica-durante-la-pandemia","status":"publish","type":"post","link":"https:\/\/www.sonoraenequipo.com.mx\/sonora-destaca-a-nivel-nacional-en-recuperacion-economica-durante-la-pandemia\/","title":{"rendered":"Sonora destaca a nivel nacional en recuperaci\u00f3n econ\u00f3mica durante la pandemia"},"content":{"rendered":"<p>HERMOSILLO, SONORA. MX.\u2500 Todos los estados del pa\u00eds han enfrentado retos importantes durante la pandemia por COVID-19, sin embargo, Sonora ha logrado destacar al colocarse entre los primeros lugares en recuperaci\u00f3n econ\u00f3mica a nivel nacional, asever\u00f3 Jos\u00e9 Luis Hern\u00e1ndez Ibarra, subsecretario de Impulso a la Comercializaci\u00f3n.<\/p>\n<p>&nbsp;<\/p>\n<p> <\/p>\n<p>&nbsp;<\/p>\n<p>En representaci\u00f3n del secretario de Econom\u00eda, Hern\u00e1ndez Ibarra dio a conocer en el marco de la firma de convenio de colaboraci\u00f3n entre la Asociaci\u00f3n Mexicana de Mujeres Jefas de Empresa A.C. (Ammje) y diversas c\u00e1maras empresariales, que en lo que va del a\u00f1o se han creado en la entidad 20 mil 366 empleos, coloc\u00e1ndose a nivel nacional en sexto lugar en este rubro.<\/p>\n<p>&nbsp;<\/p>\n<p>A\u00f1adi\u00f3 que el Coneval inform\u00f3 que en el estado se logr\u00f3 disminuir el porcentaje de pobreza laboral de 40% al 29.9% en el primer trimestre de 2021 y por las gestiones de la gobernadora Claudia Pavlovich Arellano, se logr\u00f3 la atracci\u00f3n de 203 grandes proyectos de inversi\u00f3n, 77 nuevas empresas y 126 m\u00e1s con crecimiento org\u00e1nico.<\/p>\n<p>&nbsp;<\/p>\n<p><em>\u201cAl cuarto trimestre de 2020, INEGI ubic\u00f3 a Sonora como el tercer estado fronterizo con mejor recuperaci\u00f3n trimestral, derivado de estos resultados la reconocida organizaci\u00f3n civil nacional IMCO reconoce a Sonora como estado l\u00edder en reactivaci\u00f3n econ\u00f3mica a nivel nacional, destacando la fortaleza de nuestra econom\u00eda ante el embate de la pandemia COVID-19\u201d,<\/em> indic\u00f3.<\/p>\n<p>&nbsp;<\/p>\n<p>Sonia Garza Gonz\u00e1lez, presidenta de la Asociaci\u00f3n Mexicana de Mujeres Jefa de Empresa, reconoci\u00f3 que con base a datos del Instituto Mexicano para la Competitividad (IMCO), Sonora es un caso de \u00e9xito en materia de recuperaci\u00f3n econ\u00f3mica durante la pandemia.<\/p>\n<p>&nbsp;<\/p>\n<p><em>\u201cDe acuerdo al indicador de recuperaci\u00f3n econ\u00f3mica estatal, el IMCO Sonora es un caso de \u00e9xito, por su gran resiliencia econ\u00f3mica, es uno de los 10 estados con mayor diversidad econ\u00f3mica en el pa\u00eds, adem\u00e1s de uno de los estados con mayor complejidad econ\u00f3mica e innovaci\u00f3n\u201d,<\/em> se\u00f1al\u00f3.<\/p>\n<p>&nbsp;<\/p>\n<p>Respecto al convenio firmado Hortensia Galaz, presidenta de Ammje Hermosillo, dijo que en alianza con c\u00e1maras empresariales permitir\u00e1 el empoderamiento de las mujeres, ya que su participaci\u00f3n es fundamental en el impulso del crecimiento econ\u00f3mico.<\/p>\n<p>&nbsp;<\/p>\n<p><em>\u201cTengo la firme convicci\u00f3n de que mujeres empresarias debemos de ser un ejemplo a seguir, tanto en la toma de decisiones como en los diversos sectores, siempre con valores, honestidad, liderazgo, eficiencia y, sobre todo, ser socialmente responsables\u201d<\/em>, coment\u00f3.<\/p>\n<p>&nbsp;<\/p>\n<p>Presentes: Luz Mar\u00eda Castillo, presidenta de la OCV Hermosillo; Silvia \u00c1lvarez Amaya, presidenta de Canacintra; Alfonso Reina Villegas, presidente de CMIC Sonora; Ario Boj\u00f3rquez Egurrola, presidente de Canaco; Margot Molina El\u00edas, representante de Coparmex; Manuel Lira Valenzuela, presidente de Canirac Sonora; y Mart\u00edn Salazar Zazueta, presidente de Canacope.<\/p>\n<p>&nbsp;<\/p>\n<p>Fecha de Publicaci\u00f3n\u00a0\u00a0 viernes \/ 09\u00a0\u00a0 \/ julio \/ 2021<\/p>\n<p>&nbsp;<\/p>\n","protected":false},"excerpt":{"rendered":"<p>HERMOSILLO, SONORA. MX.\u2500 Todos los estados del pa\u00eds han enfrentado retos importantes durante la pandemia&#8230;<\/p>\n","protected":false},"author":1,"featured_media":118086,"comment_status":"open","ping_status":"open","sticky":false,"template":"","format":"standard","meta":{"_monsterinsights_skip_tracking":false,"_monsterinsights_sitenote_active":false,"_monsterinsights_sitenote_note":"","_monsterinsights_sitenote_category":0,"footnotes":""},"categories":[22],"tags":[],"class_list":["post"],"yoast_head":" \n<title>Sonora en Equipo. Sonora destaca a nivel nacional en recuperaci\u00f3n econ\u00f3mica durante la pandemia Sonora<\/title>\n<meta name=\"description\" content=\"HERMOSILLO, SONORA. MX.\u2500 Todos los estados del pa\u00eds han enfrentado retos importantes durante la pandemia por COVID-19, sin embargo, Sonora ha logrado En Sonora en Equipo publicamos toda la informaci\u00f3n de Sonora, M\u00e9xico y el Mundo de manera oportuna y busca que la libertad de expresi\u00f3n sea real. Visita nuestro medio informativo publicado desde Hermosillo, Sonora. %\" \/>\n<meta name=\"robots\" content=\"index, follow, max-snippet:-1, max-image-preview:large, max-video-preview:-1\" \/>\n<link rel=\"canonical\" href=\"https:\/\/www.sonoraenequipo.com.mx\/sonora-destaca-a-nivel-nacional-en-recuperacion-economica-durante-la-pandemia\/\" \/>\n<meta property=\"og:locale\" content=\"es_ES\" \/>\n<meta property=\"og:type\" content=\"article\" \/>\n<meta property=\"og:title\" content=\"Sonora en Equipo. Sonora destaca a nivel nacional en recuperaci\u00f3n econ\u00f3mica durante la pandemia Sonora\" \/>\n<meta property=\"og:description\" content=\"HERMOSILLO, SONORA. MX.\u2500 Todos los estados del pa\u00eds han enfrentado retos importantes durante la pandemia por COVID-19, sin embargo, Sonora ha logrado En Sonora en Equipo publicamos toda la informaci\u00f3n de Sonora, M\u00e9xico y el Mundo de manera oportuna y busca que la libertad de expresi\u00f3n sea real. Visita nuestro medio informativo publicado desde Hermosillo, Sonora. %\" \/>\n<meta property=\"og:url\" content=\"https:\/\/www.sonoraenequipo.com.mx\/sonora-destaca-a-nivel-nacional-en-recuperacion-economica-durante-la-pandemia\/\" \/>\n<meta property=\"og:site_name\" content=\"Sonora en Equipo.\" \/>\n<meta property=\"article:publisher\" content=\"https:\/\/www.facebook.com\/SonoraEE\/\" \/>\n<meta property=\"article:author\" content=\"https:\/\/www.facebook.com\/SonoraEE\" \/>\n<meta property=\"article:published_time\" content=\"2021-07-09T22:16:50+00:00\" \/>\n<meta property=\"article:modified_time\" content=\"2021-07-10T01:02:30+00:00\" \/>\n<meta property=\"og:image\" content=\"https:\/\/www.sonoraenequipo.com.mx\/storage\/2021\/07\/economiason090721.jpg\" \/>\n\t<meta property=\"og:image:width\" content=\"700\" \/>\n\t<meta property=\"og:image:height\" content=\"400\" \/>\n\t<meta property=\"og:image:type\" content=\"image\/jpeg\" \/>\n<meta name=\"author\" content=\"enequipo\" \/>\n<meta name=\"twitter:card\" content=\"summary_large_image\" \/>\n<meta name=\"twitter:creator\" content=\"@sonoraenequipo\" \/>\n<meta name=\"twitter:site\" content=\"@sonoraenequipo\" \/>\n<meta name=\"twitter:label1\" content=\"Escrito por\" \/>\n\t<meta name=\"twitter:data1\" content=\"enequipo\" \/>\n\t<meta name=\"twitter:label2\" content=\"Tiempo de lectura\" \/>\n\t<meta name=\"twitter:data2\" content=\"2 minutos\" \/>\n<script type=\"application\/ld+json\" class=\"yoast-schema-graph\">{\"@context\":\"https:\/\/schema.org\",\"@graph\":[{\"@type\":\"Article\",\"@id\":\"https:\/\/www.sonoraenequipo.com.mx\/sonora-destaca-a-nivel-nacional-en-recuperacion-economica-durante-la-pandemia\/#article\",\"isPartOf\":{\"@id\":\"https:\/\/www.sonoraenequipo.com.mx\/sonora-destaca-a-nivel-nacional-en-recuperacion-economica-durante-la-pandemia\/\"},\"author\":{\"name\":\"enequipo\",\"@id\":\"https:\/\/www.sonoraenequipo.com.mx\/#\/schema\/person\/50102df0fb23a8fa9e8effad8fa81386\"},\"headline\":\"Sonora destaca a nivel nacional en recuperaci\u00f3n econ\u00f3mica durante la pandemia\",\"datePublished\":\"2021-07-09T22:16:50+00:00\",\"dateModified\":\"2021-07-10T01:02:30+00:00\",\"mainEntityOfPage\":{\"@id\":\"https:\/\/www.sonoraenequipo.com.mx\/sonora-destaca-a-nivel-nacional-en-recuperacion-economica-durante-la-pandemia\/\"},\"wordCount\":494,\"commentCount\":0,\"publisher\":{\"@id\":\"https:\/\/www.sonoraenequipo.com.mx\/#organization\"},\"image\":{\"@id\":\"https:\/\/www.sonoraenequipo.com.mx\/sonora-destaca-a-nivel-nacional-en-recuperacion-economica-durante-la-pandemia\/#primaryimage\"},\"thumbnailUrl\":\"https:\/\/www.sonoraenequipo.com.mx\/storage\/2021\/07\/economiason090721.jpg\",\"articleSection\":[\"Sonora\"],\"inLanguage\":\"es\",\"potentialAction\":[{\"@type\":\"CommentAction\",\"name\":\"Comment\",\"target\":[\"https:\/\/www.sonoraenequipo.com.mx\/sonora-destaca-a-nivel-nacional-en-recuperacion-economica-durante-la-pandemia\/#respond\"]}]},{\"@type\":\"WebPage\",\"@id\":\"https:\/\/www.sonoraenequipo.com.mx\/sonora-destaca-a-nivel-nacional-en-recuperacion-economica-durante-la-pandemia\/\",\"url\":\"https:\/\/www.sonoraenequipo.com.mx\/sonora-destaca-a-nivel-nacional-en-recuperacion-economica-durante-la-pandemia\/\",\"name\":\"Sonora en Equipo. Sonora destaca a nivel nacional en recuperaci\u00f3n econ\u00f3mica durante la pandemia Sonora\",\"isPartOf\":{\"@id\":\"https:\/\/www.sonoraenequipo.com.mx\/#website\"},\"primaryImageOfPage\":{\"@id\":\"https:\/\/www.sonoraenequipo.com.mx\/sonora-destaca-a-nivel-nacional-en-recuperacion-economica-durante-la-pandemia\/#primaryimage\"},\"image\":{\"@id\":\"https:\/\/www.sonoraenequipo.com.mx\/sonora-destaca-a-nivel-nacional-en-recuperacion-economica-durante-la-pandemia\/#primaryimage\"},\"thumbnailUrl\":\"https:\/\/www.sonoraenequipo.com.mx\/storage\/2021\/07\/economiason090721.jpg\",\"datePublished\":\"2021-07-09T22:16:50+00:00\",\"dateModified\":\"2021-07-10T01:02:30+00:00\",\"description\":\"HERMOSILLO, SONORA. MX.\u2500 Todos los estados del pa\u00eds han enfrentado retos importantes durante la pandemia por COVID-19, sin embargo, Sonora ha logrado En Sonora en Equipo publicamos toda la informaci\u00f3n de Sonora, M\u00e9xico y el Mundo de manera oportuna y busca que la libertad de expresi\u00f3n sea real. Visita nuestro medio informativo publicado desde Hermosillo, Sonora. %\",\"breadcrumb\":{\"@id\":\"https:\/\/www.sonoraenequipo.com.mx\/sonora-destaca-a-nivel-nacional-en-recuperacion-economica-durante-la-pandemia\/#breadcrumb\"},\"inLanguage\":\"es\",\"potentialAction\":[{\"@type\":\"ReadAction\",\"target\":[\"https:\/\/www.sonoraenequipo.com.mx\/sonora-destaca-a-nivel-nacional-en-recuperacion-economica-durante-la-pandemia\/\"]}]},{\"@type\":\"ImageObject\",\"inLanguage\":\"es\",\"@id\":\"https:\/\/www.sonoraenequipo.com.mx\/sonora-destaca-a-nivel-nacional-en-recuperacion-economica-durante-la-pandemia\/#primaryimage\",\"url\":\"https:\/\/www.sonoraenequipo.com.mx\/storage\/2021\/07\/economiason090721.jpg\",\"contentUrl\":\"https:\/\/www.sonoraenequipo.com.mx\/storage\/2021\/07\/economiason090721.jpg\",\"width\":700,\"height\":400},{\"@type\":\"BreadcrumbList\",\"@id\":\"https:\/\/www.sonoraenequipo.com.mx\/sonora-destaca-a-nivel-nacional-en-recuperacion-economica-durante-la-pandemia\/#breadcrumb\",\"itemListElement\":[{\"@type\":\"ListItem\",\"position\":1,\"name\":\"Portada\",\"item\":\"https:\/\/www.sonoraenequipo.com.mx\/\"},{\"@type\":\"ListItem\",\"position\":2,\"name\":\"Sonora destaca a nivel nacional en recuperaci\u00f3n econ\u00f3mica durante la pandemia\"}]},{\"@type\":\"WebSite\",\"@id\":\"https:\/\/www.sonoraenequipo.com.mx\/#website\",\"url\":\"https:\/\/www.sonoraenequipo.com.mx\/\",\"name\":\"Sonora en Equipo.\",\"description\":\"Diario en l\u00ednea con Noticias desde Hermosillo, Sonora\",\"publisher\":{\"@id\":\"https:\/\/www.sonoraenequipo.com.mx\/#organization\"},\"potentialAction\":[{\"@type\":\"SearchAction\",\"target\":{\"@type\":\"EntryPoint\",\"urlTemplate\":\"https:\/\/www.sonoraenequipo.com.mx\/?s={search_term_string}\"},\"query-input\":{\"@type\":\"PropertyValueSpecification\",\"valueRequired\":true,\"valueName\":\"search_term_string\"}}],\"inLanguage\":\"es\"},{\"@type\":\"Organization\",\"@id\":\"https:\/\/www.sonoraenequipo.com.mx\/#organization\",\"name\":\"Sonoraenequipo.com.mx\",\"url\":\"https:\/\/www.sonoraenequipo.com.mx\/\",\"logo\":{\"@type\":\"ImageObject\",\"inLanguage\":\"es\",\"@id\":\"https:\/\/www.sonoraenequipo.com.mx\/#\/schema\/logo\/image\/\",\"url\":\"https:\/\/www.sonoraenequipo.com.mx\/storage\/2019\/01\/sonoraenequipo_opt.png\",\"contentUrl\":\"https:\/\/www.sonoraenequipo.com.mx\/storage\/2019\/01\/sonoraenequipo_opt.png\",\"width\":375,\"height\":125,\"caption\":\"Sonoraenequipo.com.mx\"},\"image\":{\"@id\":\"https:\/\/www.sonoraenequipo.com.mx\/#\/schema\/logo\/image\/\"},\"sameAs\":[\"https:\/\/www.facebook.com\/SonoraEE\/\",\"https:\/\/x.com\/sonoraenequipo\",\"https:\/\/www.youtube.com\/channel\/UC338nW-lPEYmJQs4ZABQ1SQ\"]},{\"@type\":\"Person\",\"@id\":\"https:\/\/www.sonoraenequipo.com.mx\/#\/schema\/person\/50102df0fb23a8fa9e8effad8fa81386\",\"name\":\"enequipo\",\"image\":{\"@type\":\"ImageObject\",\"inLanguage\":\"es\",\"@id\":\"https:\/\/www.sonoraenequipo.com.mx\/#\/schema\/person\/image\/\",\"url\":\"https:\/\/secure.gravatar.com\/avatar\/049821681b589dabc0bc20695993ccebb09f5b5d4d790cd9251b97faac7c652b?s=96&d=blank&r=g\",\"contentUrl\":\"https:\/\/secure.gravatar.com\/avatar\/049821681b589dabc0bc20695993ccebb09f5b5d4d790cd9251b97faac7c652b?s=96&d=blank&r=g\",\"caption\":\"enequipo\"},\"sameAs\":[\"https:\/\/www.facebook.com\/SonoraEE\"]}]}<\/script>\n ","yoast_head_json":{"title":"Sonora en Equipo. Sonora destaca a nivel nacional en recuperaci\u00f3n econ\u00f3mica durante la pandemia Sonora","description":"HERMOSILLO, SONORA. MX.\u2500 Todos los estados del pa\u00eds han enfrentado retos importantes durante la pandemia por COVID-19, sin embargo, Sonora ha logrado En Sonora en Equipo publicamos toda la informaci\u00f3n de Sonora, M\u00e9xico y el Mundo de manera oportuna y busca que la libertad de expresi\u00f3n sea real. Visita nuestro medio informativo publicado desde Hermosillo, Sonora. %","robots":{"index":"index","follow":"follow","max-snippet":"max-snippet:-1","max-image-preview":"max-image-preview:large","max-video-preview":"max-video-preview:-1"},"canonical":"https:\/\/www.sonoraenequipo.com.mx\/sonora-destaca-a-nivel-nacional-en-recuperacion-economica-durante-la-pandemia\/","og_locale":"es_ES","og_type":"article","og_title":"Sonora en Equipo. Sonora destaca a nivel nacional en recuperaci\u00f3n econ\u00f3mica durante la pandemia Sonora","og_description":"HERMOSILLO, SONORA. MX.\u2500 Todos los estados del pa\u00eds han enfrentado retos importantes durante la pandemia por COVID-19, sin embargo, Sonora ha logrado En Sonora en Equipo publicamos toda la informaci\u00f3n de Sonora, M\u00e9xico y el Mundo de manera oportuna y busca que la libertad de expresi\u00f3n sea real. Visita nuestro medio informativo publicado desde Hermosillo, Sonora. %","og_url":"https:\/\/www.sonoraenequipo.com.mx\/sonora-destaca-a-nivel-nacional-en-recuperacion-economica-durante-la-pandemia\/","og_site_name":"Sonora en Equipo.","article_publisher":"https:\/\/www.facebook.com\/SonoraEE\/","article_author":"https:\/\/www.facebook.com\/SonoraEE","article_published_time":"2021-07-09T22:16:50+00:00","article_modified_time":"2021-07-10T01:02:30+00:00","og_image":[{"width":700,"height":400,"url":"https:\/\/www.sonoraenequipo.com.mx\/storage\/2021\/07\/economiason090721.jpg","type":"image\/jpeg"}],"author":"enequipo","twitter_card":"summary_large_image","twitter_creator":"@sonoraenequipo","twitter_site":"@sonoraenequipo","twitter_misc":{"Escrito por":"enequipo","Tiempo de lectura":"2 minutos"},"schema":{"@context":"https:\/\/schema.org","@graph":[{"@type":"Article","@id":"https:\/\/www.sonoraenequipo.com.mx\/sonora-destaca-a-nivel-nacional-en-recuperacion-economica-durante-la-pandemia\/#article","isPartOf":{"@id":"https:\/\/www.sonoraenequipo.com.mx\/sonora-destaca-a-nivel-nacional-en-recuperacion-economica-durante-la-pandemia\/"},"author":{"name":"enequipo","@id":"https:\/\/www.sonoraenequipo.com.mx\/#\/schema\/person\/50102df0fb23a8fa9e8effad8fa81386"},"headline":"Sonora destaca a nivel nacional en recuperaci\u00f3n econ\u00f3mica durante la pandemia","datePublished":"2021-07-09T22:16:50+00:00","dateModified":"2021-07-10T01:02:30+00:00","mainEntityOfPage":{"@id":"https:\/\/www.sonoraenequipo.com.mx\/sonora-destaca-a-nivel-nacional-en-recuperacion-economica-durante-la-pandemia\/"},"wordCount":494,"commentCount":0,"publisher":{"@id":"https:\/\/www.sonoraenequipo.com.mx\/#organization"},"image":{"@id":"https:\/\/www.sonoraenequipo.com.mx\/sonora-destaca-a-nivel-nacional-en-recuperacion-economica-durante-la-pandemia\/#primaryimage"},"thumbnailUrl":"https:\/\/www.sonoraenequipo.com.mx\/storage\/2021\/07\/economiason090721.jpg","articleSection":["Sonora"],"inLanguage":"es","potentialAction":[{"@type":"CommentAction","name":"Comment","target":["https:\/\/www.sonoraenequipo.com.mx\/sonora-destaca-a-nivel-nacional-en-recuperacion-economica-durante-la-pandemia\/#respond"]}]},{"@type":"WebPage","@id":"https:\/\/www.sonoraenequipo.com.mx\/sonora-destaca-a-nivel-nacional-en-recuperacion-economica-durante-la-pandemia\/","url":"https:\/\/www.sonoraenequipo.com.mx\/sonora-destaca-a-nivel-nacional-en-recuperacion-economica-durante-la-pandemia\/","name":"Sonora en Equipo. Sonora destaca a nivel nacional en recuperaci\u00f3n econ\u00f3mica durante la pandemia Sonora","isPartOf":{"@id":"https:\/\/www.sonoraenequipo.com.mx\/#website"},"primaryImageOfPage":{"@id":"https:\/\/www.sonoraenequipo.com.mx\/sonora-destaca-a-nivel-nacional-en-recuperacion-economica-durante-la-pandemia\/#primaryimage"},"image":{"@id":"https:\/\/www.sonoraenequipo.com.mx\/sonora-destaca-a-nivel-nacional-en-recuperacion-economica-durante-la-pandemia\/#primaryimage"},"thumbnailUrl":"https:\/\/www.sonoraenequipo.com.mx\/storage\/2021\/07\/economiason090721.jpg","datePublished":"2021-07-09T22:16:50+00:00","dateModified":"2021-07-10T01:02:30+00:00","description":"HERMOSILLO, SONORA. MX.\u2500 Todos los estados del pa\u00eds han enfrentado retos importantes durante la pandemia por COVID-19, sin embargo, Sonora ha logrado En Sonora en Equipo publicamos toda la informaci\u00f3n de Sonora, M\u00e9xico y el Mundo de manera oportuna y busca que la libertad de expresi\u00f3n sea real. Visita nuestro medio informativo publicado desde Hermosillo, Sonora. %","breadcrumb":{"@id":"https:\/\/www.sonoraenequipo.com.mx\/sonora-destaca-a-nivel-nacional-en-recuperacion-economica-durante-la-pandemia\/#breadcrumb"},"inLanguage":"es","potentialAction":[{"@type":"ReadAction","target":["https:\/\/www.sonoraenequipo.com.mx\/sonora-destaca-a-nivel-nacional-en-recuperacion-economica-durante-la-pandemia\/"]}]},{"@type":"ImageObject","inLanguage":"es","@id":"https:\/\/www.sonoraenequipo.com.mx\/sonora-destaca-a-nivel-nacional-en-recuperacion-economica-durante-la-pandemia\/#primaryimage","url":"https:\/\/www.sonoraenequipo.com.mx\/storage\/2021\/07\/economiason090721.jpg","contentUrl":"https:\/\/www.sonoraenequipo.com.mx\/storage\/2021\/07\/economiason090721.jpg","width":700,"height":400},{"@type":"BreadcrumbList","@id":"https:\/\/www.sonoraenequipo.com.mx\/sonora-destaca-a-nivel-nacional-en-recuperacion-economica-durante-la-pandemia\/#breadcrumb","itemListElement":[{"@type":"ListItem","position":1,"name":"Portada","item":"https:\/\/www.sonoraenequipo.com.mx\/"},{"@type":"ListItem","position":2,"name":"Sonora destaca a nivel nacional en recuperaci\u00f3n econ\u00f3mica durante la pandemia"}]},{"@type":"WebSite","@id":"https:\/\/www.sonoraenequipo.com.mx\/#website","url":"https:\/\/www.sonoraenequipo.com.mx\/","name":"Sonora en Equipo.","description":"Diario en l\u00ednea con Noticias desde Hermosillo, Sonora","publisher":{"@id":"https:\/\/www.sonoraenequipo.com.mx\/#organization"},"potentialAction":[{"@type":"SearchAction","target":{"@type":"EntryPoint","urlTemplate":"https:\/\/www.sonoraenequipo.com.mx\/?s={search_term_string}"},"query-input":{"@type":"PropertyValueSpecification","valueRequired":true,"valueName":"search_term_string"}}],"inLanguage":"es"},{"@type":"Organization","@id":"https:\/\/www.sonoraenequipo.com.mx\/#organization","name":"Sonoraenequipo.com.mx","url":"https:\/\/www.sonoraenequipo.com.mx\/","logo":{"@type":"ImageObject","inLanguage":"es","@id":"https:\/\/www.sonoraenequipo.com.mx\/#\/schema\/logo\/image\/","url":"https:\/\/www.sonoraenequipo.com.mx\/storage\/2019\/01\/sonoraenequipo_opt.png","contentUrl":"https:\/\/www.sonoraenequipo.com.mx\/storage\/2019\/01\/sonoraenequipo_opt.png","width":375,"height":125,"caption":"Sonoraenequipo.com.mx"},"image":{"@id":"https:\/\/www.sonoraenequipo.com.mx\/#\/schema\/logo\/image\/"},"sameAs":["https:\/\/www.facebook.com\/SonoraEE\/","https:\/\/x.com\/sonoraenequipo","https:\/\/www.youtube.com\/channel\/UC338nW-lPEYmJQs4ZABQ1SQ"]},{"@type":"Person","@id":"https:\/\/www.sonoraenequipo.com.mx\/#\/schema\/person\/50102df0fb23a8fa9e8effad8fa81386","name":"enequipo","image":{"@type":"ImageObject","inLanguage":"es","@id":"https:\/\/www.sonoraenequipo.com.mx\/#\/schema\/person\/image\/","url":"https:\/\/secure.gravatar.com\/avatar\/049821681b589dabc0bc20695993ccebb09f5b5d4d790cd9251b97faac7c652b?s=96&d=blank&r=g","contentUrl":"https:\/\/secure.gravatar.com\/avatar\/049821681b589dabc0bc20695993ccebb09f5b5d4d790cd9251b97faac7c652b?s=96&d=blank&r=g","caption":"enequipo"},"sameAs":["https:\/\/www.facebook.com\/SonoraEE"]}]}},"jetpack_featured_media_url":"https:\/\/www.sonoraenequipo.com.mx\/storage\/2021\/07\/economiason090721.jpg","_links":{"self":[{"href":"https:\/\/www.sonoraenequipo.com.mx\/api\/wp\/v2\/posts\/118085","targetHints":{"allow":["GET"]}}],"collection":[{"href":"https:\/\/www.sonoraenequipo.com.mx\/api\/wp\/v2\/posts"}],"about":[{"href":"https:\/\/www.sonoraenequipo.com.mx\/api\/wp\/v2\/types\/post"}],"author":[{"embeddable":true,"href":"https:\/\/www.sonoraenequipo.com.mx\/api\/wp\/v2\/users\/1"}],"replies":[{"embeddable":true,"href":"https:\/\/www.sonoraenequipo.com.mx\/api\/wp\/v2\/comments?post=118085"}],"version-history":[{"count":4,"href":"https:\/\/www.sonoraenequipo.com.mx\/api\/wp\/v2\/posts\/118085\/revisions"}],"predecessor-version":[{"id":118099,"href":"https:\/\/www.sonoraenequipo.com.mx\/api\/wp\/v2\/posts\/118085\/revisions\/118099"}],"wp:featuredmedia":[{"embeddable":true,"href":"https:\/\/www.sonoraenequipo.com.mx\/api\/wp\/v2\/media\/118086"}],"wp:attachment":[{"href":"https:\/\/www.sonoraenequipo.com.mx\/api\/wp\/v2\/media?parent=118085"}],"wp:term":[{"taxonomy":"category","embeddable":true,"href":"https:\/\/www.sonoraenequipo.com.mx\/api\/wp\/v2\/categories?post=118085"},{"taxonomy":"post_tag","embeddable":true,"href":"https:\/\/www.sonoraenequipo.com.mx\/api\/wp\/v2\/tags?post=118085"}],"curies":[{"name":"wp","href":"https:\/\/api.w.org\/{rel}","templated":true}]}}