{"id":118103,"date":"2021-07-09T19:36:19","date_gmt":"2021-07-10T02:36:19","guid":{"rendered":"https:\/\/www.sonoraenequipo.com.mx\/?p=118103"},"modified":"2021-07-09T19:36:19","modified_gmt":"2021-07-10T02:36:19","slug":"obtiene-fiscalia-de-sonora-75-anos-de-prision-para-cinco-hondurenos-por-los-delitos-de-secuestro-agravado-en-caborca","status":"publish","type":"post","link":"https:\/\/www.sonoraenequipo.com.mx\/obtiene-fiscalia-de-sonora-75-anos-de-prision-para-cinco-hondurenos-por-los-delitos-de-secuestro-agravado-en-caborca\/","title":{"rendered":"Obtiene fiscal\u00eda de Sonora 75 a\u00f1os de prisi\u00f3n para cinco hondure\u00f1os, por los delitos de secuestro agravado en Caborca"},"content":{"rendered":"<p>CABORCA, SONORA,MX.\u2500 La FGJE Sonora logr\u00f3 que cinco personas hondure\u00f1as, entre ellas una del sexo femenino, recibiera cada una la pena de 75 a\u00f1os 6 meses de prisi\u00f3n por los delitos de secuestro agravado y asociaci\u00f3n delictuosa.<\/p>\n<p>&nbsp;<\/p>\n<p>Personal de la Unidad de Litigaci\u00f3n de la Vicefiscal\u00eda de Control de Procesos, de la Fiscal\u00eda General de Justicia del Estado de Sonora (FGJE), exhibi\u00f3 contundentes datos de pruebas para que el Juez dictara las sentencias condenatorias.<img loading=\"lazy\" decoding=\"async\" class=\"size-medium  x-left\" src=\"https:\/\/www.sonoraenequipo.com.mx\/storage\/2021\/07\/hondurenos-389x365.jpg\" alt=\"\" width=\"389\" height=\"365\" \/><\/p>\n<p>&nbsp;<\/p>\n<p>Dentro de la causa penal 153\/2019 se dictaron las penas para Norlan Jos\u00e9 \u201cN.\u201d, de 32 a\u00f1os, Juan Carlos \u201cN.\u201d, de 38, Abel Antonio \u201cN.\u201d, de 24, Jos\u00e9 Luciano \u201cN.\u201d, de 30, y Joaida Josabec \u201cN.\u201d, de 25, todos de origen hondure\u00f1o.<\/p>\n<p>&nbsp;<\/p>\n<p>Fueron detenidos, el 15 de mayo de 2019, en flagrancia delictiva por elementos de la Agencia Ministerial de Investigaci\u00f3n Criminal (AMIC) y de la Polic\u00eda Municipal, luego de rescatar a migrantes originarios de Honduras, El Salvador y Cuba.<\/p>\n<p>&nbsp;<\/p>\n<p>Las trece v\u00edctimas, de ambos sexos y diferentes edades, estaban privadas de su libertad en una vivienda ubicada en la colonia El Ventarr\u00f3n, en Caborca, los responsables ped\u00edan dinero a sus familias para liberarlos.<\/p>\n<p>&nbsp;<\/p>\n<p>Con enga\u00f1os trasladaron a las v\u00edctimas al domicilio, luego contactaron a sus respectivas familias a quienes les exigieron entre 500 y 5 mil d\u00f3lares estadounidenses a cambio de la libertad de los migrantes.<\/p>\n<p>&nbsp;<\/p>\n<p>Los sujetos llevaron a un grupo de v\u00edctimas a reclutar a m\u00e1s migrantes, a uno de ellos lo acompa\u00f1aron a un banco para que retirara dinero que previamente hab\u00eda solicitado a un familiar, para entregarlo como pago para ser liberado.<\/p>\n<p>&nbsp;<\/p>\n<p>Ese momento lo aprovech\u00f3 y report\u00f3 el il\u00edcito al n\u00famero de Emergencias 9-1-1, atendiendo el caso elementos AMIC y la Polic\u00eda Municipal e hicieron contacto con un afectado, quien se\u00f1al\u00f3 a un hombre que los vigilaba a bordo de un veh\u00edculo gris.<\/p>\n<p>&nbsp;<\/p>\n<p>Se rescat\u00f3 a la persona en el interior del banco y detuvieron a Juan Carlos \u201cN.\u201d, para despu\u00e9s trasladarse al domicilio situado en calle S\u00e9ptima Sur entre Q y R, en la colonia Ventarr\u00f3n, donde estaba el grupo privado de la libertad.<\/p>\n<p>&nbsp;<\/p>\n<p>Los delincuentes se mezclaron entre los afectados, pero al ver a los elementos de la Fiscal\u00eda de Justicia trataron de huir a fuerza de carrera, pero fueron asegurados, a las v\u00edctimas se les brind\u00f3 atenci\u00f3n m\u00e9dica, psicol\u00f3gica y asistencia jur\u00eddica.<\/p>\n<p>&nbsp;<\/p>\n<p>La Fiscal\u00eda dio conocimiento a los consulados o embajadas de los pa\u00edses de origen de los afectados y detenidos, adem\u00e1s, acudi\u00f3 un visitador de la Comisi\u00f3n Nacional de los Derechos Humanos (CNDH), quien verific\u00f3 el trato digno a cada uno.<\/p>\n<p>&nbsp;<\/p>\n<p>Norlan Jos\u00e9 \u201cN.\u201d, Juan Carlos \u201cN.\u201d, Abel Antonio \u201cN.\u201d, Jos\u00e9 Luciano \u201cN.\u201d y Joaida Josabec \u201cN.\u201d quedaron vinculados a proceso y en prisi\u00f3n preventiva el 22 de mayo de 2019, para posteriormente recibir cada uno la pena de 75 a\u00f1os 6 meses de c\u00e1rcel.<\/p>\n<p>Fecha de Publicaci\u00f3n\u00a0\u00a0 viernes \/ 09\u00a0\u00a0 \/ julio \/ 2021<\/p>\n","protected":false},"excerpt":{"rendered":"<p>CABORCA, SONORA,MX.\u2500 La FGJE Sonora logr\u00f3 que cinco personas hondure\u00f1as, entre ellas una del sexo&#8230;<\/p>\n","protected":false},"author":1,"featured_media":75064,"comment_status":"open","ping_status":"open","sticky":false,"template":"","format":"standard","meta":{"_monsterinsights_skip_tracking":false,"_monsterinsights_sitenote_active":false,"_monsterinsights_sitenote_note":"","_monsterinsights_sitenote_category":0,"footnotes":""},"categories":[3144],"tags":[170,15],"class_list":["post"],"yoast_head":" \n<title>Sonora en Equipo. Obtiene fiscal\u00eda de Sonora 75 a\u00f1os de prisi\u00f3n para cinco hondure\u00f1os, por los delitos de secuestro agravado en Caborca Polic\u00edaca<\/title>\n<meta name=\"description\" content=\"CABORCA, SONORA,MX.\u2500 La FGJE Sonora logr\u00f3 que cinco personas hondure\u00f1as, entre ellas una del sexo femenino, recibiera cada una la pena de 75 a\u00f1os 6 meses En Sonora en Equipo publicamos toda la informaci\u00f3n de Sonora, M\u00e9xico y el Mundo de manera oportuna y busca que la libertad de expresi\u00f3n sea real. Visita nuestro medio informativo publicado desde Hermosillo, Sonora. %\" \/>\n<meta name=\"robots\" content=\"index, follow, max-snippet:-1, max-image-preview:large, max-video-preview:-1\" \/>\n<link rel=\"canonical\" href=\"https:\/\/www.sonoraenequipo.com.mx\/obtiene-fiscalia-de-sonora-75-anos-de-prision-para-cinco-hondurenos-por-los-delitos-de-secuestro-agravado-en-caborca\/\" \/>\n<meta property=\"og:locale\" content=\"es_ES\" \/>\n<meta property=\"og:type\" content=\"article\" \/>\n<meta property=\"og:title\" content=\"Sonora en Equipo. Obtiene fiscal\u00eda de Sonora 75 a\u00f1os de prisi\u00f3n para cinco hondure\u00f1os, por los delitos de secuestro agravado en Caborca Polic\u00edaca\" \/>\n<meta property=\"og:description\" content=\"CABORCA, SONORA,MX.\u2500 La FGJE Sonora logr\u00f3 que cinco personas hondure\u00f1as, entre ellas una del sexo femenino, recibiera cada una la pena de 75 a\u00f1os 6 meses En Sonora en Equipo publicamos toda la informaci\u00f3n de Sonora, M\u00e9xico y el Mundo de manera oportuna y busca que la libertad de expresi\u00f3n sea real. Visita nuestro medio informativo publicado desde Hermosillo, Sonora. %\" \/>\n<meta property=\"og:url\" content=\"https:\/\/www.sonoraenequipo.com.mx\/obtiene-fiscalia-de-sonora-75-anos-de-prision-para-cinco-hondurenos-por-los-delitos-de-secuestro-agravado-en-caborca\/\" \/>\n<meta property=\"og:site_name\" content=\"Sonora en Equipo.\" \/>\n<meta property=\"article:publisher\" content=\"https:\/\/www.facebook.com\/SonoraEE\/\" \/>\n<meta property=\"article:author\" content=\"https:\/\/www.facebook.com\/SonoraEE\" \/>\n<meta property=\"article:published_time\" content=\"2021-07-10T02:36:19+00:00\" \/>\n<meta property=\"og:image\" content=\"https:\/\/www.sonoraenequipo.com.mx\/storage\/2019\/12\/fgje-logo.jpg\" \/>\n\t<meta property=\"og:image:width\" content=\"600\" \/>\n\t<meta property=\"og:image:height\" content=\"400\" \/>\n\t<meta property=\"og:image:type\" content=\"image\/jpeg\" \/>\n<meta name=\"author\" content=\"enequipo\" \/>\n<meta name=\"twitter:card\" content=\"summary_large_image\" \/>\n<meta name=\"twitter:creator\" content=\"@sonoraenequipo\" \/>\n<meta name=\"twitter:site\" content=\"@sonoraenequipo\" \/>\n<meta name=\"twitter:label1\" content=\"Escrito por\" \/>\n\t<meta name=\"twitter:data1\" content=\"enequipo\" \/>\n\t<meta name=\"twitter:label2\" content=\"Tiempo de lectura\" \/>\n\t<meta name=\"twitter:data2\" content=\"3 minutos\" \/>\n<script type=\"application\/ld+json\" class=\"yoast-schema-graph\">{\"@context\":\"https:\/\/schema.org\",\"@graph\":[{\"@type\":\"Article\",\"@id\":\"https:\/\/www.sonoraenequipo.com.mx\/obtiene-fiscalia-de-sonora-75-anos-de-prision-para-cinco-hondurenos-por-los-delitos-de-secuestro-agravado-en-caborca\/#article\",\"isPartOf\":{\"@id\":\"https:\/\/www.sonoraenequipo.com.mx\/obtiene-fiscalia-de-sonora-75-anos-de-prision-para-cinco-hondurenos-por-los-delitos-de-secuestro-agravado-en-caborca\/\"},\"author\":{\"name\":\"enequipo\",\"@id\":\"https:\/\/www.sonoraenequipo.com.mx\/#\/schema\/person\/50102df0fb23a8fa9e8effad8fa81386\"},\"headline\":\"Obtiene fiscal\u00eda de Sonora 75 a\u00f1os de prisi\u00f3n para cinco hondure\u00f1os, por los delitos de secuestro agravado en Caborca\",\"datePublished\":\"2021-07-10T02:36:19+00:00\",\"mainEntityOfPage\":{\"@id\":\"https:\/\/www.sonoraenequipo.com.mx\/obtiene-fiscalia-de-sonora-75-anos-de-prision-para-cinco-hondurenos-por-los-delitos-de-secuestro-agravado-en-caborca\/\"},\"wordCount\":536,\"commentCount\":0,\"publisher\":{\"@id\":\"https:\/\/www.sonoraenequipo.com.mx\/#organization\"},\"image\":{\"@id\":\"https:\/\/www.sonoraenequipo.com.mx\/obtiene-fiscalia-de-sonora-75-anos-de-prision-para-cinco-hondurenos-por-los-delitos-de-secuestro-agravado-en-caborca\/#primaryimage\"},\"thumbnailUrl\":\"https:\/\/www.sonoraenequipo.com.mx\/storage\/2019\/12\/fgje-logo.jpg\",\"keywords\":[\"Seguridad\",\"Sonora\"],\"articleSection\":[\"Polic\u00edaca\"],\"inLanguage\":\"es\",\"potentialAction\":[{\"@type\":\"CommentAction\",\"name\":\"Comment\",\"target\":[\"https:\/\/www.sonoraenequipo.com.mx\/obtiene-fiscalia-de-sonora-75-anos-de-prision-para-cinco-hondurenos-por-los-delitos-de-secuestro-agravado-en-caborca\/#respond\"]}]},{\"@type\":\"WebPage\",\"@id\":\"https:\/\/www.sonoraenequipo.com.mx\/obtiene-fiscalia-de-sonora-75-anos-de-prision-para-cinco-hondurenos-por-los-delitos-de-secuestro-agravado-en-caborca\/\",\"url\":\"https:\/\/www.sonoraenequipo.com.mx\/obtiene-fiscalia-de-sonora-75-anos-de-prision-para-cinco-hondurenos-por-los-delitos-de-secuestro-agravado-en-caborca\/\",\"name\":\"Sonora en Equipo. Obtiene fiscal\u00eda de Sonora 75 a\u00f1os de prisi\u00f3n para cinco hondure\u00f1os, por los delitos de secuestro agravado en Caborca Polic\u00edaca\",\"isPartOf\":{\"@id\":\"https:\/\/www.sonoraenequipo.com.mx\/#website\"},\"primaryImageOfPage\":{\"@id\":\"https:\/\/www.sonoraenequipo.com.mx\/obtiene-fiscalia-de-sonora-75-anos-de-prision-para-cinco-hondurenos-por-los-delitos-de-secuestro-agravado-en-caborca\/#primaryimage\"},\"image\":{\"@id\":\"https:\/\/www.sonoraenequipo.com.mx\/obtiene-fiscalia-de-sonora-75-anos-de-prision-para-cinco-hondurenos-por-los-delitos-de-secuestro-agravado-en-caborca\/#primaryimage\"},\"thumbnailUrl\":\"https:\/\/www.sonoraenequipo.com.mx\/storage\/2019\/12\/fgje-logo.jpg\",\"datePublished\":\"2021-07-10T02:36:19+00:00\",\"description\":\"CABORCA, SONORA,MX.\u2500 La FGJE Sonora logr\u00f3 que cinco personas hondure\u00f1as, entre ellas una del sexo femenino, recibiera cada una la pena de 75 a\u00f1os 6 meses En Sonora en Equipo publicamos toda la informaci\u00f3n de Sonora, M\u00e9xico y el Mundo de manera oportuna y busca que la libertad de expresi\u00f3n sea real. Visita nuestro medio informativo publicado desde Hermosillo, Sonora. %\",\"breadcrumb\":{\"@id\":\"https:\/\/www.sonoraenequipo.com.mx\/obtiene-fiscalia-de-sonora-75-anos-de-prision-para-cinco-hondurenos-por-los-delitos-de-secuestro-agravado-en-caborca\/#breadcrumb\"},\"inLanguage\":\"es\",\"potentialAction\":[{\"@type\":\"ReadAction\",\"target\":[\"https:\/\/www.sonoraenequipo.com.mx\/obtiene-fiscalia-de-sonora-75-anos-de-prision-para-cinco-hondurenos-por-los-delitos-de-secuestro-agravado-en-caborca\/\"]}]},{\"@type\":\"ImageObject\",\"inLanguage\":\"es\",\"@id\":\"https:\/\/www.sonoraenequipo.com.mx\/obtiene-fiscalia-de-sonora-75-anos-de-prision-para-cinco-hondurenos-por-los-delitos-de-secuestro-agravado-en-caborca\/#primaryimage\",\"url\":\"https:\/\/www.sonoraenequipo.com.mx\/storage\/2019\/12\/fgje-logo.jpg\",\"contentUrl\":\"https:\/\/www.sonoraenequipo.com.mx\/storage\/2019\/12\/fgje-logo.jpg\",\"width\":600,\"height\":400},{\"@type\":\"BreadcrumbList\",\"@id\":\"https:\/\/www.sonoraenequipo.com.mx\/obtiene-fiscalia-de-sonora-75-anos-de-prision-para-cinco-hondurenos-por-los-delitos-de-secuestro-agravado-en-caborca\/#breadcrumb\",\"itemListElement\":[{\"@type\":\"ListItem\",\"position\":1,\"name\":\"Portada\",\"item\":\"https:\/\/www.sonoraenequipo.com.mx\/\"},{\"@type\":\"ListItem\",\"position\":2,\"name\":\"Obtiene fiscal\u00eda de Sonora 75 a\u00f1os de prisi\u00f3n para cinco hondure\u00f1os, por los delitos de secuestro agravado en Caborca\"}]},{\"@type\":\"WebSite\",\"@id\":\"https:\/\/www.sonoraenequipo.com.mx\/#website\",\"url\":\"https:\/\/www.sonoraenequipo.com.mx\/\",\"name\":\"Sonora en Equipo.\",\"description\":\"Diario en l\u00ednea con Noticias desde Hermosillo, Sonora\",\"publisher\":{\"@id\":\"https:\/\/www.sonoraenequipo.com.mx\/#organization\"},\"potentialAction\":[{\"@type\":\"SearchAction\",\"target\":{\"@type\":\"EntryPoint\",\"urlTemplate\":\"https:\/\/www.sonoraenequipo.com.mx\/?s={search_term_string}\"},\"query-input\":{\"@type\":\"PropertyValueSpecification\",\"valueRequired\":true,\"valueName\":\"search_term_string\"}}],\"inLanguage\":\"es\"},{\"@type\":\"Organization\",\"@id\":\"https:\/\/www.sonoraenequipo.com.mx\/#organization\",\"name\":\"Sonoraenequipo.com.mx\",\"url\":\"https:\/\/www.sonoraenequipo.com.mx\/\",\"logo\":{\"@type\":\"ImageObject\",\"inLanguage\":\"es\",\"@id\":\"https:\/\/www.sonoraenequipo.com.mx\/#\/schema\/logo\/image\/\",\"url\":\"https:\/\/www.sonoraenequipo.com.mx\/storage\/2019\/01\/sonoraenequipo_opt.png\",\"contentUrl\":\"https:\/\/www.sonoraenequipo.com.mx\/storage\/2019\/01\/sonoraenequipo_opt.png\",\"width\":375,\"height\":125,\"caption\":\"Sonoraenequipo.com.mx\"},\"image\":{\"@id\":\"https:\/\/www.sonoraenequipo.com.mx\/#\/schema\/logo\/image\/\"},\"sameAs\":[\"https:\/\/www.facebook.com\/SonoraEE\/\",\"https:\/\/x.com\/sonoraenequipo\",\"https:\/\/www.youtube.com\/channel\/UC338nW-lPEYmJQs4ZABQ1SQ\"]},{\"@type\":\"Person\",\"@id\":\"https:\/\/www.sonoraenequipo.com.mx\/#\/schema\/person\/50102df0fb23a8fa9e8effad8fa81386\",\"name\":\"enequipo\",\"image\":{\"@type\":\"ImageObject\",\"inLanguage\":\"es\",\"@id\":\"https:\/\/www.sonoraenequipo.com.mx\/#\/schema\/person\/image\/\",\"url\":\"https:\/\/secure.gravatar.com\/avatar\/049821681b589dabc0bc20695993ccebb09f5b5d4d790cd9251b97faac7c652b?s=96&d=blank&r=g\",\"contentUrl\":\"https:\/\/secure.gravatar.com\/avatar\/049821681b589dabc0bc20695993ccebb09f5b5d4d790cd9251b97faac7c652b?s=96&d=blank&r=g\",\"caption\":\"enequipo\"},\"sameAs\":[\"https:\/\/www.facebook.com\/SonoraEE\"]}]}<\/script>\n ","yoast_head_json":{"title":"Sonora en Equipo. Obtiene fiscal\u00eda de Sonora 75 a\u00f1os de prisi\u00f3n para cinco hondure\u00f1os, por los delitos de secuestro agravado en Caborca Polic\u00edaca","description":"CABORCA, SONORA,MX.\u2500 La FGJE Sonora logr\u00f3 que cinco personas hondure\u00f1as, entre ellas una del sexo femenino, recibiera cada una la pena de 75 a\u00f1os 6 meses En Sonora en Equipo publicamos toda la informaci\u00f3n de Sonora, M\u00e9xico y el Mundo de manera oportuna y busca que la libertad de expresi\u00f3n sea real. Visita nuestro medio informativo publicado desde Hermosillo, Sonora. %","robots":{"index":"index","follow":"follow","max-snippet":"max-snippet:-1","max-image-preview":"max-image-preview:large","max-video-preview":"max-video-preview:-1"},"canonical":"https:\/\/www.sonoraenequipo.com.mx\/obtiene-fiscalia-de-sonora-75-anos-de-prision-para-cinco-hondurenos-por-los-delitos-de-secuestro-agravado-en-caborca\/","og_locale":"es_ES","og_type":"article","og_title":"Sonora en Equipo. Obtiene fiscal\u00eda de Sonora 75 a\u00f1os de prisi\u00f3n para cinco hondure\u00f1os, por los delitos de secuestro agravado en Caborca Polic\u00edaca","og_description":"CABORCA, SONORA,MX.\u2500 La FGJE Sonora logr\u00f3 que cinco personas hondure\u00f1as, entre ellas una del sexo femenino, recibiera cada una la pena de 75 a\u00f1os 6 meses En Sonora en Equipo publicamos toda la informaci\u00f3n de Sonora, M\u00e9xico y el Mundo de manera oportuna y busca que la libertad de expresi\u00f3n sea real. Visita nuestro medio informativo publicado desde Hermosillo, Sonora. %","og_url":"https:\/\/www.sonoraenequipo.com.mx\/obtiene-fiscalia-de-sonora-75-anos-de-prision-para-cinco-hondurenos-por-los-delitos-de-secuestro-agravado-en-caborca\/","og_site_name":"Sonora en Equipo.","article_publisher":"https:\/\/www.facebook.com\/SonoraEE\/","article_author":"https:\/\/www.facebook.com\/SonoraEE","article_published_time":"2021-07-10T02:36:19+00:00","og_image":[{"width":600,"height":400,"url":"https:\/\/www.sonoraenequipo.com.mx\/storage\/2019\/12\/fgje-logo.jpg","type":"image\/jpeg"}],"author":"enequipo","twitter_card":"summary_large_image","twitter_creator":"@sonoraenequipo","twitter_site":"@sonoraenequipo","twitter_misc":{"Escrito por":"enequipo","Tiempo de lectura":"3 minutos"},"schema":{"@context":"https:\/\/schema.org","@graph":[{"@type":"Article","@id":"https:\/\/www.sonoraenequipo.com.mx\/obtiene-fiscalia-de-sonora-75-anos-de-prision-para-cinco-hondurenos-por-los-delitos-de-secuestro-agravado-en-caborca\/#article","isPartOf":{"@id":"https:\/\/www.sonoraenequipo.com.mx\/obtiene-fiscalia-de-sonora-75-anos-de-prision-para-cinco-hondurenos-por-los-delitos-de-secuestro-agravado-en-caborca\/"},"author":{"name":"enequipo","@id":"https:\/\/www.sonoraenequipo.com.mx\/#\/schema\/person\/50102df0fb23a8fa9e8effad8fa81386"},"headline":"Obtiene fiscal\u00eda de Sonora 75 a\u00f1os de prisi\u00f3n para cinco hondure\u00f1os, por los delitos de secuestro agravado en Caborca","datePublished":"2021-07-10T02:36:19+00:00","mainEntityOfPage":{"@id":"https:\/\/www.sonoraenequipo.com.mx\/obtiene-fiscalia-de-sonora-75-anos-de-prision-para-cinco-hondurenos-por-los-delitos-de-secuestro-agravado-en-caborca\/"},"wordCount":536,"commentCount":0,"publisher":{"@id":"https:\/\/www.sonoraenequipo.com.mx\/#organization"},"image":{"@id":"https:\/\/www.sonoraenequipo.com.mx\/obtiene-fiscalia-de-sonora-75-anos-de-prision-para-cinco-hondurenos-por-los-delitos-de-secuestro-agravado-en-caborca\/#primaryimage"},"thumbnailUrl":"https:\/\/www.sonoraenequipo.com.mx\/storage\/2019\/12\/fgje-logo.jpg","keywords":["Seguridad","Sonora"],"articleSection":["Polic\u00edaca"],"inLanguage":"es","potentialAction":[{"@type":"CommentAction","name":"Comment","target":["https:\/\/www.sonoraenequipo.com.mx\/obtiene-fiscalia-de-sonora-75-anos-de-prision-para-cinco-hondurenos-por-los-delitos-de-secuestro-agravado-en-caborca\/#respond"]}]},{"@type":"WebPage","@id":"https:\/\/www.sonoraenequipo.com.mx\/obtiene-fiscalia-de-sonora-75-anos-de-prision-para-cinco-hondurenos-por-los-delitos-de-secuestro-agravado-en-caborca\/","url":"https:\/\/www.sonoraenequipo.com.mx\/obtiene-fiscalia-de-sonora-75-anos-de-prision-para-cinco-hondurenos-por-los-delitos-de-secuestro-agravado-en-caborca\/","name":"Sonora en Equipo. Obtiene fiscal\u00eda de Sonora 75 a\u00f1os de prisi\u00f3n para cinco hondure\u00f1os, por los delitos de secuestro agravado en Caborca Polic\u00edaca","isPartOf":{"@id":"https:\/\/www.sonoraenequipo.com.mx\/#website"},"primaryImageOfPage":{"@id":"https:\/\/www.sonoraenequipo.com.mx\/obtiene-fiscalia-de-sonora-75-anos-de-prision-para-cinco-hondurenos-por-los-delitos-de-secuestro-agravado-en-caborca\/#primaryimage"},"image":{"@id":"https:\/\/www.sonoraenequipo.com.mx\/obtiene-fiscalia-de-sonora-75-anos-de-prision-para-cinco-hondurenos-por-los-delitos-de-secuestro-agravado-en-caborca\/#primaryimage"},"thumbnailUrl":"https:\/\/www.sonoraenequipo.com.mx\/storage\/2019\/12\/fgje-logo.jpg","datePublished":"2021-07-10T02:36:19+00:00","description":"CABORCA, SONORA,MX.\u2500 La FGJE Sonora logr\u00f3 que cinco personas hondure\u00f1as, entre ellas una del sexo femenino, recibiera cada una la pena de 75 a\u00f1os 6 meses En Sonora en Equipo publicamos toda la informaci\u00f3n de Sonora, M\u00e9xico y el Mundo de manera oportuna y busca que la libertad de expresi\u00f3n sea real. Visita nuestro medio informativo publicado desde Hermosillo, Sonora. %","breadcrumb":{"@id":"https:\/\/www.sonoraenequipo.com.mx\/obtiene-fiscalia-de-sonora-75-anos-de-prision-para-cinco-hondurenos-por-los-delitos-de-secuestro-agravado-en-caborca\/#breadcrumb"},"inLanguage":"es","potentialAction":[{"@type":"ReadAction","target":["https:\/\/www.sonoraenequipo.com.mx\/obtiene-fiscalia-de-sonora-75-anos-de-prision-para-cinco-hondurenos-por-los-delitos-de-secuestro-agravado-en-caborca\/"]}]},{"@type":"ImageObject","inLanguage":"es","@id":"https:\/\/www.sonoraenequipo.com.mx\/obtiene-fiscalia-de-sonora-75-anos-de-prision-para-cinco-hondurenos-por-los-delitos-de-secuestro-agravado-en-caborca\/#primaryimage","url":"https:\/\/www.sonoraenequipo.com.mx\/storage\/2019\/12\/fgje-logo.jpg","contentUrl":"https:\/\/www.sonoraenequipo.com.mx\/storage\/2019\/12\/fgje-logo.jpg","width":600,"height":400},{"@type":"BreadcrumbList","@id":"https:\/\/www.sonoraenequipo.com.mx\/obtiene-fiscalia-de-sonora-75-anos-de-prision-para-cinco-hondurenos-por-los-delitos-de-secuestro-agravado-en-caborca\/#breadcrumb","itemListElement":[{"@type":"ListItem","position":1,"name":"Portada","item":"https:\/\/www.sonoraenequipo.com.mx\/"},{"@type":"ListItem","position":2,"name":"Obtiene fiscal\u00eda de Sonora 75 a\u00f1os de prisi\u00f3n para cinco hondure\u00f1os, por los delitos de secuestro agravado en Caborca"}]},{"@type":"WebSite","@id":"https:\/\/www.sonoraenequipo.com.mx\/#website","url":"https:\/\/www.sonoraenequipo.com.mx\/","name":"Sonora en Equipo.","description":"Diario en l\u00ednea con Noticias desde Hermosillo, Sonora","publisher":{"@id":"https:\/\/www.sonoraenequipo.com.mx\/#organization"},"potentialAction":[{"@type":"SearchAction","target":{"@type":"EntryPoint","urlTemplate":"https:\/\/www.sonoraenequipo.com.mx\/?s={search_term_string}"},"query-input":{"@type":"PropertyValueSpecification","valueRequired":true,"valueName":"search_term_string"}}],"inLanguage":"es"},{"@type":"Organization","@id":"https:\/\/www.sonoraenequipo.com.mx\/#organization","name":"Sonoraenequipo.com.mx","url":"https:\/\/www.sonoraenequipo.com.mx\/","logo":{"@type":"ImageObject","inLanguage":"es","@id":"https:\/\/www.sonoraenequipo.com.mx\/#\/schema\/logo\/image\/","url":"https:\/\/www.sonoraenequipo.com.mx\/storage\/2019\/01\/sonoraenequipo_opt.png","contentUrl":"https:\/\/www.sonoraenequipo.com.mx\/storage\/2019\/01\/sonoraenequipo_opt.png","width":375,"height":125,"caption":"Sonoraenequipo.com.mx"},"image":{"@id":"https:\/\/www.sonoraenequipo.com.mx\/#\/schema\/logo\/image\/"},"sameAs":["https:\/\/www.facebook.com\/SonoraEE\/","https:\/\/x.com\/sonoraenequipo","https:\/\/www.youtube.com\/channel\/UC338nW-lPEYmJQs4ZABQ1SQ"]},{"@type":"Person","@id":"https:\/\/www.sonoraenequipo.com.mx\/#\/schema\/person\/50102df0fb23a8fa9e8effad8fa81386","name":"enequipo","image":{"@type":"ImageObject","inLanguage":"es","@id":"https:\/\/www.sonoraenequipo.com.mx\/#\/schema\/person\/image\/","url":"https:\/\/secure.gravatar.com\/avatar\/049821681b589dabc0bc20695993ccebb09f5b5d4d790cd9251b97faac7c652b?s=96&d=blank&r=g","contentUrl":"https:\/\/secure.gravatar.com\/avatar\/049821681b589dabc0bc20695993ccebb09f5b5d4d790cd9251b97faac7c652b?s=96&d=blank&r=g","caption":"enequipo"},"sameAs":["https:\/\/www.facebook.com\/SonoraEE"]}]}},"jetpack_featured_media_url":"https:\/\/www.sonoraenequipo.com.mx\/storage\/2019\/12\/fgje-logo.jpg","_links":{"self":[{"href":"https:\/\/www.sonoraenequipo.com.mx\/api\/wp\/v2\/posts\/118103","targetHints":{"allow":["GET"]}}],"collection":[{"href":"https:\/\/www.sonoraenequipo.com.mx\/api\/wp\/v2\/posts"}],"about":[{"href":"https:\/\/www.sonoraenequipo.com.mx\/api\/wp\/v2\/types\/post"}],"author":[{"embeddable":true,"href":"https:\/\/www.sonoraenequipo.com.mx\/api\/wp\/v2\/users\/1"}],"replies":[{"embeddable":true,"href":"https:\/\/www.sonoraenequipo.com.mx\/api\/wp\/v2\/comments?post=118103"}],"version-history":[{"count":1,"href":"https:\/\/www.sonoraenequipo.com.mx\/api\/wp\/v2\/posts\/118103\/revisions"}],"predecessor-version":[{"id":118105,"href":"https:\/\/www.sonoraenequipo.com.mx\/api\/wp\/v2\/posts\/118103\/revisions\/118105"}],"wp:featuredmedia":[{"embeddable":true,"href":"https:\/\/www.sonoraenequipo.com.mx\/api\/wp\/v2\/media\/75064"}],"wp:attachment":[{"href":"https:\/\/www.sonoraenequipo.com.mx\/api\/wp\/v2\/media?parent=118103"}],"wp:term":[{"taxonomy":"category","embeddable":true,"href":"https:\/\/www.sonoraenequipo.com.mx\/api\/wp\/v2\/categories?post=118103"},{"taxonomy":"post_tag","embeddable":true,"href":"https:\/\/www.sonoraenequipo.com.mx\/api\/wp\/v2\/tags?post=118103"}],"curies":[{"name":"wp","href":"https:\/\/api.w.org\/{rel}","templated":true}]}}