{"id":118106,"date":"2021-07-09T23:09:21","date_gmt":"2021-07-10T06:09:21","guid":{"rendered":"https:\/\/www.sonoraenequipo.com.mx\/?p=118106"},"modified":"2021-07-09T23:09:21","modified_gmt":"2021-07-10T06:09:21","slug":"guatemala-a-copa-oro-de-futbol-en-medio-de-polemica-invitacion","status":"publish","type":"post","link":"https:\/\/www.sonoraenequipo.com.mx\/guatemala-a-copa-oro-de-futbol-en-medio-de-polemica-invitacion\/","title":{"rendered":"Guatemala a Copa Oro de futbol en medio de pol\u00e9mica invitaci\u00f3n"},"content":{"rendered":"<p>GUATEMALA,GUATEMALA.\u2500 La selecci\u00f3n nacional de f\u00fatbol de Guatemala estar\u00e1 en la Copa Oro 2021 por invitaci\u00f3n, tras la ausencia de Curazao, trascendi\u00f3 hoy aqu\u00ed en medio de una gran pol\u00e9mica.<\/p>\n<p>&nbsp;<\/p>\n<p>A pesar de que la Bicolor no clasific\u00f3 ante Guadalupe el pasado martes, un contagio masivo en la mitad de los jugadores del cuadro isle\u00f1o abri\u00f3 una nueva posibilidad para los guatemaltecos, quienes deber\u00e1n viajar en las pr\u00f3ximas horas a Estados Unidos, sede de la competencia.<\/p>\n<p>&nbsp;<\/p>\n<p>La noticia lleg\u00f3 en un momento de mucha incertidumbre y pol\u00e9mica sobre la n\u00f3mina de la Azul y Blanco, ya que varios jugadores se incorporaron a sus clubes para continuar la preparaci\u00f3n de la temporada, y ayer la Federaci\u00f3n local confirm\u00f3 el despido del estratega Amarini Villatoro.<\/p>\n<p>&nbsp;<\/p>\n<p>Ser\u00eda el caso de los integrantes de Municipal, Ricardo Jerez, Rudy Barrientos, John M\u00e9ndez y Jos\u00e9 Mart\u00ednez, pues el conjunto edil celebrar\u00e1 un partido amistoso y se encuentran de viaje, as\u00ed como de los legionarios Matan Peleg (Israel), Gerardo Gordillo (Per\u00fa) y Marvin Ceballos (M\u00e9xico).<\/p>\n<p>&nbsp;<\/p>\n<p>Seg\u00fan medios de prensa locales, primero se pens\u00f3 asistir con un combinado Sub23, pero esa intenci\u00f3n se cay\u00f3 al pedido de la Concacaf de solo incluir a los integrantes del listado oficial.<\/p>\n<p>&nbsp;<\/p>\n<p>Para este importante compromiso dirigir\u00e1 la selecci\u00f3n el t\u00e9cnico mexicano, Rafael Loredo, nombrado de forma interina.<\/p>\n<p>&nbsp;<\/p>\n<p>La Copa Oro 2021 arrancar\u00e1 este s\u00e1bado 10 de julio con la cartelera El Salvador-Guatemala (15:00 horas) y M\u00e9xico-Trinidad y Tobago (20:00 horas), aunque se especula que podr\u00eda sufrir modificaciones.<\/p>\n<p>&nbsp;<\/p>\n<p>Si la Bicolor hubiera clasificado en su momento, enfrentar\u00eda a Costa Rica, Jamaica y Surinam, pero ahora qued\u00f3 en el grupo A junto a M\u00e9xico, El Salvador y Trinidad y Tobago.<\/p>\n<p>Fecha de Publicaci\u00f3n\u00a0\u00a0 viernes \/ 09\u00a0\u00a0 \/ julio \/ 2021\/ Prensa Latina<\/p>\n<p>&nbsp;<\/p>\n<p>&nbsp;<\/p>\n","protected":false},"excerpt":{"rendered":"<p>GUATEMALA,GUATEMALA.\u2500 La selecci\u00f3n nacional de f\u00fatbol de Guatemala estar\u00e1 en la Copa Oro 2021 por&#8230;<\/p>\n","protected":false},"author":1,"featured_media":118107,"comment_status":"open","ping_status":"open","sticky":false,"template":"","format":"standard","meta":{"_monsterinsights_skip_tracking":false,"_monsterinsights_sitenote_active":false,"_monsterinsights_sitenote_note":"","_monsterinsights_sitenote_category":0,"footnotes":""},"categories":[10],"tags":[3232],"class_list":["post"],"yoast_head":" \n<title>Sonora en Equipo. Guatemala a Copa Oro de futbol en medio de pol\u00e9mica invitaci\u00f3n Deportes<\/title>\n<meta name=\"description\" content=\"GUATEMALA,GUATEMALA.\u2500 La selecci\u00f3n nacional de f\u00fatbol de Guatemala estar\u00e1 en la Copa Oro 2021 por invitaci\u00f3n, tras la ausencia de Curazao, trascendi\u00f3 hoy En Sonora en Equipo publicamos toda la informaci\u00f3n de Sonora, M\u00e9xico y el Mundo de manera oportuna y busca que la libertad de expresi\u00f3n sea real. Visita nuestro medio informativo publicado desde Hermosillo, Sonora. %\" \/>\n<meta name=\"robots\" content=\"index, follow, max-snippet:-1, max-image-preview:large, max-video-preview:-1\" \/>\n<link rel=\"canonical\" href=\"https:\/\/www.sonoraenequipo.com.mx\/guatemala-a-copa-oro-de-futbol-en-medio-de-polemica-invitacion\/\" \/>\n<meta property=\"og:locale\" content=\"es_ES\" \/>\n<meta property=\"og:type\" content=\"article\" \/>\n<meta property=\"og:title\" content=\"Sonora en Equipo. Guatemala a Copa Oro de futbol en medio de pol\u00e9mica invitaci\u00f3n Deportes\" \/>\n<meta property=\"og:description\" content=\"GUATEMALA,GUATEMALA.\u2500 La selecci\u00f3n nacional de f\u00fatbol de Guatemala estar\u00e1 en la Copa Oro 2021 por invitaci\u00f3n, tras la ausencia de Curazao, trascendi\u00f3 hoy En Sonora en Equipo publicamos toda la informaci\u00f3n de Sonora, M\u00e9xico y el Mundo de manera oportuna y busca que la libertad de expresi\u00f3n sea real. Visita nuestro medio informativo publicado desde Hermosillo, Sonora. %\" \/>\n<meta property=\"og:url\" content=\"https:\/\/www.sonoraenequipo.com.mx\/guatemala-a-copa-oro-de-futbol-en-medio-de-polemica-invitacion\/\" \/>\n<meta property=\"og:site_name\" content=\"Sonora en Equipo.\" \/>\n<meta property=\"article:publisher\" content=\"https:\/\/www.facebook.com\/SonoraEE\/\" \/>\n<meta property=\"article:author\" content=\"https:\/\/www.facebook.com\/SonoraEE\" \/>\n<meta property=\"article:published_time\" content=\"2021-07-10T06:09:21+00:00\" \/>\n<meta property=\"og:image\" content=\"https:\/\/www.sonoraenequipo.com.mx\/storage\/2021\/07\/GUATEMALA.jpg\" \/>\n\t<meta property=\"og:image:width\" content=\"700\" \/>\n\t<meta property=\"og:image:height\" content=\"400\" \/>\n\t<meta property=\"og:image:type\" content=\"image\/jpeg\" \/>\n<meta name=\"author\" content=\"enequipo\" \/>\n<meta name=\"twitter:card\" content=\"summary_large_image\" \/>\n<meta name=\"twitter:creator\" content=\"@sonoraenequipo\" \/>\n<meta name=\"twitter:site\" content=\"@sonoraenequipo\" \/>\n<meta name=\"twitter:label1\" content=\"Escrito por\" \/>\n\t<meta name=\"twitter:data1\" content=\"enequipo\" \/>\n\t<meta name=\"twitter:label2\" content=\"Tiempo de lectura\" \/>\n\t<meta name=\"twitter:data2\" content=\"2 minutos\" \/>\n<script type=\"application\/ld+json\" class=\"yoast-schema-graph\">{\"@context\":\"https:\/\/schema.org\",\"@graph\":[{\"@type\":\"Article\",\"@id\":\"https:\/\/www.sonoraenequipo.com.mx\/guatemala-a-copa-oro-de-futbol-en-medio-de-polemica-invitacion\/#article\",\"isPartOf\":{\"@id\":\"https:\/\/www.sonoraenequipo.com.mx\/guatemala-a-copa-oro-de-futbol-en-medio-de-polemica-invitacion\/\"},\"author\":{\"name\":\"enequipo\",\"@id\":\"https:\/\/www.sonoraenequipo.com.mx\/#\/schema\/person\/50102df0fb23a8fa9e8effad8fa81386\"},\"headline\":\"Guatemala a Copa Oro de futbol en medio de pol\u00e9mica invitaci\u00f3n\",\"datePublished\":\"2021-07-10T06:09:21+00:00\",\"mainEntityOfPage\":{\"@id\":\"https:\/\/www.sonoraenequipo.com.mx\/guatemala-a-copa-oro-de-futbol-en-medio-de-polemica-invitacion\/\"},\"wordCount\":327,\"commentCount\":0,\"publisher\":{\"@id\":\"https:\/\/www.sonoraenequipo.com.mx\/#organization\"},\"image\":{\"@id\":\"https:\/\/www.sonoraenequipo.com.mx\/guatemala-a-copa-oro-de-futbol-en-medio-de-polemica-invitacion\/#primaryimage\"},\"thumbnailUrl\":\"https:\/\/www.sonoraenequipo.com.mx\/storage\/2021\/07\/GUATEMALA.jpg\",\"keywords\":[\"COPA ORO\"],\"articleSection\":[\"Deportes\"],\"inLanguage\":\"es\",\"potentialAction\":[{\"@type\":\"CommentAction\",\"name\":\"Comment\",\"target\":[\"https:\/\/www.sonoraenequipo.com.mx\/guatemala-a-copa-oro-de-futbol-en-medio-de-polemica-invitacion\/#respond\"]}]},{\"@type\":\"WebPage\",\"@id\":\"https:\/\/www.sonoraenequipo.com.mx\/guatemala-a-copa-oro-de-futbol-en-medio-de-polemica-invitacion\/\",\"url\":\"https:\/\/www.sonoraenequipo.com.mx\/guatemala-a-copa-oro-de-futbol-en-medio-de-polemica-invitacion\/\",\"name\":\"Sonora en Equipo. Guatemala a Copa Oro de futbol en medio de pol\u00e9mica invitaci\u00f3n Deportes\",\"isPartOf\":{\"@id\":\"https:\/\/www.sonoraenequipo.com.mx\/#website\"},\"primaryImageOfPage\":{\"@id\":\"https:\/\/www.sonoraenequipo.com.mx\/guatemala-a-copa-oro-de-futbol-en-medio-de-polemica-invitacion\/#primaryimage\"},\"image\":{\"@id\":\"https:\/\/www.sonoraenequipo.com.mx\/guatemala-a-copa-oro-de-futbol-en-medio-de-polemica-invitacion\/#primaryimage\"},\"thumbnailUrl\":\"https:\/\/www.sonoraenequipo.com.mx\/storage\/2021\/07\/GUATEMALA.jpg\",\"datePublished\":\"2021-07-10T06:09:21+00:00\",\"description\":\"GUATEMALA,GUATEMALA.\u2500 La selecci\u00f3n nacional de f\u00fatbol de Guatemala estar\u00e1 en la Copa Oro 2021 por invitaci\u00f3n, tras la ausencia de Curazao, trascendi\u00f3 hoy En Sonora en Equipo publicamos toda la informaci\u00f3n de Sonora, M\u00e9xico y el Mundo de manera oportuna y busca que la libertad de expresi\u00f3n sea real. Visita nuestro medio informativo publicado desde Hermosillo, Sonora. %\",\"breadcrumb\":{\"@id\":\"https:\/\/www.sonoraenequipo.com.mx\/guatemala-a-copa-oro-de-futbol-en-medio-de-polemica-invitacion\/#breadcrumb\"},\"inLanguage\":\"es\",\"potentialAction\":[{\"@type\":\"ReadAction\",\"target\":[\"https:\/\/www.sonoraenequipo.com.mx\/guatemala-a-copa-oro-de-futbol-en-medio-de-polemica-invitacion\/\"]}]},{\"@type\":\"ImageObject\",\"inLanguage\":\"es\",\"@id\":\"https:\/\/www.sonoraenequipo.com.mx\/guatemala-a-copa-oro-de-futbol-en-medio-de-polemica-invitacion\/#primaryimage\",\"url\":\"https:\/\/www.sonoraenequipo.com.mx\/storage\/2021\/07\/GUATEMALA.jpg\",\"contentUrl\":\"https:\/\/www.sonoraenequipo.com.mx\/storage\/2021\/07\/GUATEMALA.jpg\",\"width\":700,\"height\":400},{\"@type\":\"BreadcrumbList\",\"@id\":\"https:\/\/www.sonoraenequipo.com.mx\/guatemala-a-copa-oro-de-futbol-en-medio-de-polemica-invitacion\/#breadcrumb\",\"itemListElement\":[{\"@type\":\"ListItem\",\"position\":1,\"name\":\"Portada\",\"item\":\"https:\/\/www.sonoraenequipo.com.mx\/\"},{\"@type\":\"ListItem\",\"position\":2,\"name\":\"Guatemala a Copa Oro de futbol en medio de pol\u00e9mica invitaci\u00f3n\"}]},{\"@type\":\"WebSite\",\"@id\":\"https:\/\/www.sonoraenequipo.com.mx\/#website\",\"url\":\"https:\/\/www.sonoraenequipo.com.mx\/\",\"name\":\"Sonora en Equipo.\",\"description\":\"Diario en l\u00ednea con Noticias desde Hermosillo, Sonora\",\"publisher\":{\"@id\":\"https:\/\/www.sonoraenequipo.com.mx\/#organization\"},\"potentialAction\":[{\"@type\":\"SearchAction\",\"target\":{\"@type\":\"EntryPoint\",\"urlTemplate\":\"https:\/\/www.sonoraenequipo.com.mx\/?s={search_term_string}\"},\"query-input\":{\"@type\":\"PropertyValueSpecification\",\"valueRequired\":true,\"valueName\":\"search_term_string\"}}],\"inLanguage\":\"es\"},{\"@type\":\"Organization\",\"@id\":\"https:\/\/www.sonoraenequipo.com.mx\/#organization\",\"name\":\"Sonoraenequipo.com.mx\",\"url\":\"https:\/\/www.sonoraenequipo.com.mx\/\",\"logo\":{\"@type\":\"ImageObject\",\"inLanguage\":\"es\",\"@id\":\"https:\/\/www.sonoraenequipo.com.mx\/#\/schema\/logo\/image\/\",\"url\":\"https:\/\/www.sonoraenequipo.com.mx\/storage\/2019\/01\/sonoraenequipo_opt.png\",\"contentUrl\":\"https:\/\/www.sonoraenequipo.com.mx\/storage\/2019\/01\/sonoraenequipo_opt.png\",\"width\":375,\"height\":125,\"caption\":\"Sonoraenequipo.com.mx\"},\"image\":{\"@id\":\"https:\/\/www.sonoraenequipo.com.mx\/#\/schema\/logo\/image\/\"},\"sameAs\":[\"https:\/\/www.facebook.com\/SonoraEE\/\",\"https:\/\/x.com\/sonoraenequipo\",\"https:\/\/www.youtube.com\/channel\/UC338nW-lPEYmJQs4ZABQ1SQ\"]},{\"@type\":\"Person\",\"@id\":\"https:\/\/www.sonoraenequipo.com.mx\/#\/schema\/person\/50102df0fb23a8fa9e8effad8fa81386\",\"name\":\"enequipo\",\"image\":{\"@type\":\"ImageObject\",\"inLanguage\":\"es\",\"@id\":\"https:\/\/www.sonoraenequipo.com.mx\/#\/schema\/person\/image\/\",\"url\":\"https:\/\/secure.gravatar.com\/avatar\/049821681b589dabc0bc20695993ccebb09f5b5d4d790cd9251b97faac7c652b?s=96&d=blank&r=g\",\"contentUrl\":\"https:\/\/secure.gravatar.com\/avatar\/049821681b589dabc0bc20695993ccebb09f5b5d4d790cd9251b97faac7c652b?s=96&d=blank&r=g\",\"caption\":\"enequipo\"},\"sameAs\":[\"https:\/\/www.facebook.com\/SonoraEE\"]}]}<\/script>\n ","yoast_head_json":{"title":"Sonora en Equipo. Guatemala a Copa Oro de futbol en medio de pol\u00e9mica invitaci\u00f3n Deportes","description":"GUATEMALA,GUATEMALA.\u2500 La selecci\u00f3n nacional de f\u00fatbol de Guatemala estar\u00e1 en la Copa Oro 2021 por invitaci\u00f3n, tras la ausencia de Curazao, trascendi\u00f3 hoy En Sonora en Equipo publicamos toda la informaci\u00f3n de Sonora, M\u00e9xico y el Mundo de manera oportuna y busca que la libertad de expresi\u00f3n sea real. Visita nuestro medio informativo publicado desde Hermosillo, Sonora. %","robots":{"index":"index","follow":"follow","max-snippet":"max-snippet:-1","max-image-preview":"max-image-preview:large","max-video-preview":"max-video-preview:-1"},"canonical":"https:\/\/www.sonoraenequipo.com.mx\/guatemala-a-copa-oro-de-futbol-en-medio-de-polemica-invitacion\/","og_locale":"es_ES","og_type":"article","og_title":"Sonora en Equipo. Guatemala a Copa Oro de futbol en medio de pol\u00e9mica invitaci\u00f3n Deportes","og_description":"GUATEMALA,GUATEMALA.\u2500 La selecci\u00f3n nacional de f\u00fatbol de Guatemala estar\u00e1 en la Copa Oro 2021 por invitaci\u00f3n, tras la ausencia de Curazao, trascendi\u00f3 hoy En Sonora en Equipo publicamos toda la informaci\u00f3n de Sonora, M\u00e9xico y el Mundo de manera oportuna y busca que la libertad de expresi\u00f3n sea real. Visita nuestro medio informativo publicado desde Hermosillo, Sonora. %","og_url":"https:\/\/www.sonoraenequipo.com.mx\/guatemala-a-copa-oro-de-futbol-en-medio-de-polemica-invitacion\/","og_site_name":"Sonora en Equipo.","article_publisher":"https:\/\/www.facebook.com\/SonoraEE\/","article_author":"https:\/\/www.facebook.com\/SonoraEE","article_published_time":"2021-07-10T06:09:21+00:00","og_image":[{"width":700,"height":400,"url":"https:\/\/www.sonoraenequipo.com.mx\/storage\/2021\/07\/GUATEMALA.jpg","type":"image\/jpeg"}],"author":"enequipo","twitter_card":"summary_large_image","twitter_creator":"@sonoraenequipo","twitter_site":"@sonoraenequipo","twitter_misc":{"Escrito por":"enequipo","Tiempo de lectura":"2 minutos"},"schema":{"@context":"https:\/\/schema.org","@graph":[{"@type":"Article","@id":"https:\/\/www.sonoraenequipo.com.mx\/guatemala-a-copa-oro-de-futbol-en-medio-de-polemica-invitacion\/#article","isPartOf":{"@id":"https:\/\/www.sonoraenequipo.com.mx\/guatemala-a-copa-oro-de-futbol-en-medio-de-polemica-invitacion\/"},"author":{"name":"enequipo","@id":"https:\/\/www.sonoraenequipo.com.mx\/#\/schema\/person\/50102df0fb23a8fa9e8effad8fa81386"},"headline":"Guatemala a Copa Oro de futbol en medio de pol\u00e9mica invitaci\u00f3n","datePublished":"2021-07-10T06:09:21+00:00","mainEntityOfPage":{"@id":"https:\/\/www.sonoraenequipo.com.mx\/guatemala-a-copa-oro-de-futbol-en-medio-de-polemica-invitacion\/"},"wordCount":327,"commentCount":0,"publisher":{"@id":"https:\/\/www.sonoraenequipo.com.mx\/#organization"},"image":{"@id":"https:\/\/www.sonoraenequipo.com.mx\/guatemala-a-copa-oro-de-futbol-en-medio-de-polemica-invitacion\/#primaryimage"},"thumbnailUrl":"https:\/\/www.sonoraenequipo.com.mx\/storage\/2021\/07\/GUATEMALA.jpg","keywords":["COPA ORO"],"articleSection":["Deportes"],"inLanguage":"es","potentialAction":[{"@type":"CommentAction","name":"Comment","target":["https:\/\/www.sonoraenequipo.com.mx\/guatemala-a-copa-oro-de-futbol-en-medio-de-polemica-invitacion\/#respond"]}]},{"@type":"WebPage","@id":"https:\/\/www.sonoraenequipo.com.mx\/guatemala-a-copa-oro-de-futbol-en-medio-de-polemica-invitacion\/","url":"https:\/\/www.sonoraenequipo.com.mx\/guatemala-a-copa-oro-de-futbol-en-medio-de-polemica-invitacion\/","name":"Sonora en Equipo. Guatemala a Copa Oro de futbol en medio de pol\u00e9mica invitaci\u00f3n Deportes","isPartOf":{"@id":"https:\/\/www.sonoraenequipo.com.mx\/#website"},"primaryImageOfPage":{"@id":"https:\/\/www.sonoraenequipo.com.mx\/guatemala-a-copa-oro-de-futbol-en-medio-de-polemica-invitacion\/#primaryimage"},"image":{"@id":"https:\/\/www.sonoraenequipo.com.mx\/guatemala-a-copa-oro-de-futbol-en-medio-de-polemica-invitacion\/#primaryimage"},"thumbnailUrl":"https:\/\/www.sonoraenequipo.com.mx\/storage\/2021\/07\/GUATEMALA.jpg","datePublished":"2021-07-10T06:09:21+00:00","description":"GUATEMALA,GUATEMALA.\u2500 La selecci\u00f3n nacional de f\u00fatbol de Guatemala estar\u00e1 en la Copa Oro 2021 por invitaci\u00f3n, tras la ausencia de Curazao, trascendi\u00f3 hoy En Sonora en Equipo publicamos toda la informaci\u00f3n de Sonora, M\u00e9xico y el Mundo de manera oportuna y busca que la libertad de expresi\u00f3n sea real. Visita nuestro medio informativo publicado desde Hermosillo, Sonora. %","breadcrumb":{"@id":"https:\/\/www.sonoraenequipo.com.mx\/guatemala-a-copa-oro-de-futbol-en-medio-de-polemica-invitacion\/#breadcrumb"},"inLanguage":"es","potentialAction":[{"@type":"ReadAction","target":["https:\/\/www.sonoraenequipo.com.mx\/guatemala-a-copa-oro-de-futbol-en-medio-de-polemica-invitacion\/"]}]},{"@type":"ImageObject","inLanguage":"es","@id":"https:\/\/www.sonoraenequipo.com.mx\/guatemala-a-copa-oro-de-futbol-en-medio-de-polemica-invitacion\/#primaryimage","url":"https:\/\/www.sonoraenequipo.com.mx\/storage\/2021\/07\/GUATEMALA.jpg","contentUrl":"https:\/\/www.sonoraenequipo.com.mx\/storage\/2021\/07\/GUATEMALA.jpg","width":700,"height":400},{"@type":"BreadcrumbList","@id":"https:\/\/www.sonoraenequipo.com.mx\/guatemala-a-copa-oro-de-futbol-en-medio-de-polemica-invitacion\/#breadcrumb","itemListElement":[{"@type":"ListItem","position":1,"name":"Portada","item":"https:\/\/www.sonoraenequipo.com.mx\/"},{"@type":"ListItem","position":2,"name":"Guatemala a Copa Oro de futbol en medio de pol\u00e9mica invitaci\u00f3n"}]},{"@type":"WebSite","@id":"https:\/\/www.sonoraenequipo.com.mx\/#website","url":"https:\/\/www.sonoraenequipo.com.mx\/","name":"Sonora en Equipo.","description":"Diario en l\u00ednea con Noticias desde Hermosillo, Sonora","publisher":{"@id":"https:\/\/www.sonoraenequipo.com.mx\/#organization"},"potentialAction":[{"@type":"SearchAction","target":{"@type":"EntryPoint","urlTemplate":"https:\/\/www.sonoraenequipo.com.mx\/?s={search_term_string}"},"query-input":{"@type":"PropertyValueSpecification","valueRequired":true,"valueName":"search_term_string"}}],"inLanguage":"es"},{"@type":"Organization","@id":"https:\/\/www.sonoraenequipo.com.mx\/#organization","name":"Sonoraenequipo.com.mx","url":"https:\/\/www.sonoraenequipo.com.mx\/","logo":{"@type":"ImageObject","inLanguage":"es","@id":"https:\/\/www.sonoraenequipo.com.mx\/#\/schema\/logo\/image\/","url":"https:\/\/www.sonoraenequipo.com.mx\/storage\/2019\/01\/sonoraenequipo_opt.png","contentUrl":"https:\/\/www.sonoraenequipo.com.mx\/storage\/2019\/01\/sonoraenequipo_opt.png","width":375,"height":125,"caption":"Sonoraenequipo.com.mx"},"image":{"@id":"https:\/\/www.sonoraenequipo.com.mx\/#\/schema\/logo\/image\/"},"sameAs":["https:\/\/www.facebook.com\/SonoraEE\/","https:\/\/x.com\/sonoraenequipo","https:\/\/www.youtube.com\/channel\/UC338nW-lPEYmJQs4ZABQ1SQ"]},{"@type":"Person","@id":"https:\/\/www.sonoraenequipo.com.mx\/#\/schema\/person\/50102df0fb23a8fa9e8effad8fa81386","name":"enequipo","image":{"@type":"ImageObject","inLanguage":"es","@id":"https:\/\/www.sonoraenequipo.com.mx\/#\/schema\/person\/image\/","url":"https:\/\/secure.gravatar.com\/avatar\/049821681b589dabc0bc20695993ccebb09f5b5d4d790cd9251b97faac7c652b?s=96&d=blank&r=g","contentUrl":"https:\/\/secure.gravatar.com\/avatar\/049821681b589dabc0bc20695993ccebb09f5b5d4d790cd9251b97faac7c652b?s=96&d=blank&r=g","caption":"enequipo"},"sameAs":["https:\/\/www.facebook.com\/SonoraEE"]}]}},"jetpack_featured_media_url":"https:\/\/www.sonoraenequipo.com.mx\/storage\/2021\/07\/GUATEMALA.jpg","_links":{"self":[{"href":"https:\/\/www.sonoraenequipo.com.mx\/api\/wp\/v2\/posts\/118106","targetHints":{"allow":["GET"]}}],"collection":[{"href":"https:\/\/www.sonoraenequipo.com.mx\/api\/wp\/v2\/posts"}],"about":[{"href":"https:\/\/www.sonoraenequipo.com.mx\/api\/wp\/v2\/types\/post"}],"author":[{"embeddable":true,"href":"https:\/\/www.sonoraenequipo.com.mx\/api\/wp\/v2\/users\/1"}],"replies":[{"embeddable":true,"href":"https:\/\/www.sonoraenequipo.com.mx\/api\/wp\/v2\/comments?post=118106"}],"version-history":[{"count":1,"href":"https:\/\/www.sonoraenequipo.com.mx\/api\/wp\/v2\/posts\/118106\/revisions"}],"predecessor-version":[{"id":118108,"href":"https:\/\/www.sonoraenequipo.com.mx\/api\/wp\/v2\/posts\/118106\/revisions\/118108"}],"wp:featuredmedia":[{"embeddable":true,"href":"https:\/\/www.sonoraenequipo.com.mx\/api\/wp\/v2\/media\/118107"}],"wp:attachment":[{"href":"https:\/\/www.sonoraenequipo.com.mx\/api\/wp\/v2\/media?parent=118106"}],"wp:term":[{"taxonomy":"category","embeddable":true,"href":"https:\/\/www.sonoraenequipo.com.mx\/api\/wp\/v2\/categories?post=118106"},{"taxonomy":"post_tag","embeddable":true,"href":"https:\/\/www.sonoraenequipo.com.mx\/api\/wp\/v2\/tags?post=118106"}],"curies":[{"name":"wp","href":"https:\/\/api.w.org\/{rel}","templated":true}]}}