{"id":118120,"date":"2021-07-09T21:36:49","date_gmt":"2021-07-10T04:36:49","guid":{"rendered":"https:\/\/www.sonoraenequipo.com.mx\/?p=118120"},"modified":"2021-07-10T09:04:23","modified_gmt":"2021-07-10T16:04:23","slug":"oms-ve-vinculo-probable-entre-problemas-cardiacos-y-algunas-vacunas-anticovid","status":"publish","type":"post","link":"https:\/\/www.sonoraenequipo.com.mx\/oms-ve-vinculo-probable-entre-problemas-cardiacos-y-algunas-vacunas-anticovid\/","title":{"rendered":"OMS ve v\u00ednculo \u201cprobable\u201d entre problemas cardiacos y algunas vacunas antiCovid"},"content":{"rendered":"<p>GINEBRA, SUIZA. \u2014 La Organizaci\u00f3n Mundial de la Salud (OMS) afirm\u00f3 este viernes que existe un v\u00ednculo <em>\u201cprobable\u201d<\/em> entre casos de inflamaci\u00f3n en el coraz\u00f3n y la inyecci\u00f3n de vacunas contra el covid de ARN mensajero, pero los beneficios de los sueros superan los riesgos.<\/p>\n<p>&nbsp;<\/p>\n<p> <\/p>\n<p>&nbsp;<\/p>\n<p>Los expertos del Comit\u00e9 Consultivo Mundial sobre Seguridad de las Vacunas de la OMS explican que se han registrado casos de miocarditis -inflamaci\u00f3n del m\u00fasculo card\u00edaco- y pericarditis \u2013inflamaci\u00f3n del revestimiento del coraz\u00f3n- en varios pa\u00edses, especialmente en Estados Unidos.<\/p>\n<p>&nbsp;<\/p>\n<p><em>\u201cLos casos reportados se produjeron en general a los pocos d\u00edas de la vacunaci\u00f3n, con mayor frecuencia en los hombres j\u00f3venes y tras la segunda dosis de vacunas de ARN mensajero contra el covid-19\u201d,<\/em> afirm\u00f3.<\/p>\n<p>&nbsp;<\/p>\n<p>Tras revisar la informaci\u00f3n disponible hasta la fecha, los expertos de la OMS concluyen que <em>\u201clas pruebas actuales sugieren una probable relaci\u00f3n causal entre la miocarditis y las vacunas de ARN mensajero\u201d.<\/em><\/p>\n<p>&nbsp;<\/p>\n<p>Sin embargo, se\u00f1alan, \u201clos beneficios de las vacunas de ARN mensajero superan los riesgos en la reducci\u00f3n de las hospitalizaciones y las muertes por infecciones de covid-19\u201d.<\/p>\n<p>&nbsp;<\/p>\n<p>Los expertos de la OMS tambi\u00e9n se\u00f1alan que los datos disponibles sugieren que el curso inmediato de la miocarditis y la pericarditis despu\u00e9s de la vacunaci\u00f3n es generalmente leve y responde al tratamiento.<\/p>\n<p>&nbsp;<\/p>\n<p><em>\u201cUn seguimiento est\u00e1 en curso para determinar los efectos a largo plazo\u201d<\/em> y actualizar las recomendaciones, dicen.<\/p>\n<p>&nbsp;<\/p>\n<p>El 23 de junio, las autoridades sanitarias estadounidenses indicaron que existe una relaci\u00f3n \u201cprobable\u201d entre los inmunizantes contra el covid-19 de Pfizer y Moderna -vacunas de ARN mensajero- y raros casos de inflamaci\u00f3n del coraz\u00f3n en adolescentes y adultos j\u00f3venes, pero matizaron que los beneficios de los remedios siguen siendo \u201cmuy superiores\u201d a los riesgos.<\/p>\n<p>&nbsp;<\/p>\n<p>&nbsp;<\/p>\n<p>Seg\u00fan la OMS, el Comit\u00e9 para la Evaluaci\u00f3n de Riesgos en Farmacovigilancia (CPVRA) de la Agencia Europea de Medicamentos (EMA) revis\u00f3 los \u00faltimos datos de Europa en su reuni\u00f3n del 5 al 8 de julio y confirm\u00f3 una relaci\u00f3n causal plausible entre la miocarditis y las vacunas de ARN mensajero.<\/p>\n<p>&nbsp;<\/p>\n<p>&nbsp;<\/p>\n<p>La miocarditis es una enfermedad rara que, seg\u00fan los expertos, suele estar provocada por un virus. El s\u00edntoma m\u00e1s com\u00fan es el dolor tor\u00e1cico, y suele tratarse con la administraci\u00f3n de f\u00e1rmacos antiinflamatorios o, si es necesario, con el suministro de ox\u00edgeno.<\/p>\n<p>&nbsp;<\/p>\n<p>(Publicada el 09\/07\/2021<\/p>\n","protected":false},"excerpt":{"rendered":"<p>GINEBRA, SUIZA. \u2014 La Organizaci\u00f3n Mundial de la Salud (OMS) afirm\u00f3 este viernes que existe&#8230;<\/p>\n","protected":false},"author":1,"featured_media":118121,"comment_status":"open","ping_status":"open","sticky":false,"template":"","format":"standard","meta":{"_monsterinsights_skip_tracking":false,"_monsterinsights_sitenote_active":false,"_monsterinsights_sitenote_note":"","_monsterinsights_sitenote_category":0,"footnotes":""},"categories":[3],"tags":[],"class_list":["post"],"yoast_head":" \n<title>Sonora en Equipo. OMS ve v\u00ednculo \u201cprobable\u201d entre problemas cardiacos y algunas vacunas antiCovid MUNDO<\/title>\n<meta name=\"description\" content=\"GINEBRA, SUIZA. \u2014 La Organizaci\u00f3n Mundial de la Salud (OMS) afirm\u00f3 este viernes que existe un v\u00ednculo \u201cprobable\u201d entre casos de inflamaci\u00f3n en el coraz\u00f3n En Sonora en Equipo publicamos toda la informaci\u00f3n de Sonora, M\u00e9xico y el Mundo de manera oportuna y busca que la libertad de expresi\u00f3n sea real. Visita nuestro medio informativo publicado desde Hermosillo, Sonora. %\" \/>\n<meta name=\"robots\" content=\"index, follow, max-snippet:-1, max-image-preview:large, max-video-preview:-1\" \/>\n<link rel=\"canonical\" href=\"https:\/\/www.sonoraenequipo.com.mx\/oms-ve-vinculo-probable-entre-problemas-cardiacos-y-algunas-vacunas-anticovid\/\" \/>\n<meta property=\"og:locale\" content=\"es_ES\" \/>\n<meta property=\"og:type\" content=\"article\" \/>\n<meta property=\"og:title\" content=\"Sonora en Equipo. OMS ve v\u00ednculo \u201cprobable\u201d entre problemas cardiacos y algunas vacunas antiCovid MUNDO\" \/>\n<meta property=\"og:description\" content=\"GINEBRA, SUIZA. \u2014 La Organizaci\u00f3n Mundial de la Salud (OMS) afirm\u00f3 este viernes que existe un v\u00ednculo \u201cprobable\u201d entre casos de inflamaci\u00f3n en el coraz\u00f3n En Sonora en Equipo publicamos toda la informaci\u00f3n de Sonora, M\u00e9xico y el Mundo de manera oportuna y busca que la libertad de expresi\u00f3n sea real. Visita nuestro medio informativo publicado desde Hermosillo, Sonora. %\" \/>\n<meta property=\"og:url\" content=\"https:\/\/www.sonoraenequipo.com.mx\/oms-ve-vinculo-probable-entre-problemas-cardiacos-y-algunas-vacunas-anticovid\/\" \/>\n<meta property=\"og:site_name\" content=\"Sonora en Equipo.\" \/>\n<meta property=\"article:publisher\" content=\"https:\/\/www.facebook.com\/SonoraEE\/\" \/>\n<meta property=\"article:author\" content=\"https:\/\/www.facebook.com\/SonoraEE\" \/>\n<meta property=\"article:published_time\" content=\"2021-07-10T04:36:49+00:00\" \/>\n<meta property=\"article:modified_time\" content=\"2021-07-10T16:04:23+00:00\" \/>\n<meta property=\"og:image\" content=\"https:\/\/www.sonoraenequipo.com.mx\/storage\/2021\/07\/problemas-cardiacos_opt.jpg\" \/>\n\t<meta property=\"og:image:width\" content=\"700\" \/>\n\t<meta property=\"og:image:height\" content=\"400\" \/>\n\t<meta property=\"og:image:type\" content=\"image\/jpeg\" \/>\n<meta name=\"author\" content=\"enequipo\" \/>\n<meta name=\"twitter:card\" content=\"summary_large_image\" \/>\n<meta name=\"twitter:creator\" content=\"@sonoraenequipo\" \/>\n<meta name=\"twitter:site\" content=\"@sonoraenequipo\" \/>\n<meta name=\"twitter:label1\" content=\"Escrito por\" \/>\n\t<meta name=\"twitter:data1\" content=\"enequipo\" \/>\n\t<meta name=\"twitter:label2\" content=\"Tiempo de lectura\" \/>\n\t<meta name=\"twitter:data2\" content=\"2 minutos\" \/>\n<script type=\"application\/ld+json\" class=\"yoast-schema-graph\">{\"@context\":\"https:\/\/schema.org\",\"@graph\":[{\"@type\":\"Article\",\"@id\":\"https:\/\/www.sonoraenequipo.com.mx\/oms-ve-vinculo-probable-entre-problemas-cardiacos-y-algunas-vacunas-anticovid\/#article\",\"isPartOf\":{\"@id\":\"https:\/\/www.sonoraenequipo.com.mx\/oms-ve-vinculo-probable-entre-problemas-cardiacos-y-algunas-vacunas-anticovid\/\"},\"author\":{\"name\":\"enequipo\",\"@id\":\"https:\/\/www.sonoraenequipo.com.mx\/#\/schema\/person\/50102df0fb23a8fa9e8effad8fa81386\"},\"headline\":\"OMS ve v\u00ednculo \u201cprobable\u201d entre problemas cardiacos y algunas vacunas antiCovid\",\"datePublished\":\"2021-07-10T04:36:49+00:00\",\"dateModified\":\"2021-07-10T16:04:23+00:00\",\"mainEntityOfPage\":{\"@id\":\"https:\/\/www.sonoraenequipo.com.mx\/oms-ve-vinculo-probable-entre-problemas-cardiacos-y-algunas-vacunas-anticovid\/\"},\"wordCount\":437,\"commentCount\":0,\"publisher\":{\"@id\":\"https:\/\/www.sonoraenequipo.com.mx\/#organization\"},\"image\":{\"@id\":\"https:\/\/www.sonoraenequipo.com.mx\/oms-ve-vinculo-probable-entre-problemas-cardiacos-y-algunas-vacunas-anticovid\/#primaryimage\"},\"thumbnailUrl\":\"https:\/\/www.sonoraenequipo.com.mx\/storage\/2021\/07\/problemas-cardiacos_opt.jpg\",\"articleSection\":[\"MUNDO\"],\"inLanguage\":\"es\",\"potentialAction\":[{\"@type\":\"CommentAction\",\"name\":\"Comment\",\"target\":[\"https:\/\/www.sonoraenequipo.com.mx\/oms-ve-vinculo-probable-entre-problemas-cardiacos-y-algunas-vacunas-anticovid\/#respond\"]}]},{\"@type\":\"WebPage\",\"@id\":\"https:\/\/www.sonoraenequipo.com.mx\/oms-ve-vinculo-probable-entre-problemas-cardiacos-y-algunas-vacunas-anticovid\/\",\"url\":\"https:\/\/www.sonoraenequipo.com.mx\/oms-ve-vinculo-probable-entre-problemas-cardiacos-y-algunas-vacunas-anticovid\/\",\"name\":\"Sonora en Equipo. OMS ve v\u00ednculo \u201cprobable\u201d entre problemas cardiacos y algunas vacunas antiCovid MUNDO\",\"isPartOf\":{\"@id\":\"https:\/\/www.sonoraenequipo.com.mx\/#website\"},\"primaryImageOfPage\":{\"@id\":\"https:\/\/www.sonoraenequipo.com.mx\/oms-ve-vinculo-probable-entre-problemas-cardiacos-y-algunas-vacunas-anticovid\/#primaryimage\"},\"image\":{\"@id\":\"https:\/\/www.sonoraenequipo.com.mx\/oms-ve-vinculo-probable-entre-problemas-cardiacos-y-algunas-vacunas-anticovid\/#primaryimage\"},\"thumbnailUrl\":\"https:\/\/www.sonoraenequipo.com.mx\/storage\/2021\/07\/problemas-cardiacos_opt.jpg\",\"datePublished\":\"2021-07-10T04:36:49+00:00\",\"dateModified\":\"2021-07-10T16:04:23+00:00\",\"description\":\"GINEBRA, SUIZA. \u2014 La Organizaci\u00f3n Mundial de la Salud (OMS) afirm\u00f3 este viernes que existe un v\u00ednculo \u201cprobable\u201d entre casos de inflamaci\u00f3n en el coraz\u00f3n En Sonora en Equipo publicamos toda la informaci\u00f3n de Sonora, M\u00e9xico y el Mundo de manera oportuna y busca que la libertad de expresi\u00f3n sea real. Visita nuestro medio informativo publicado desde Hermosillo, Sonora. %\",\"breadcrumb\":{\"@id\":\"https:\/\/www.sonoraenequipo.com.mx\/oms-ve-vinculo-probable-entre-problemas-cardiacos-y-algunas-vacunas-anticovid\/#breadcrumb\"},\"inLanguage\":\"es\",\"potentialAction\":[{\"@type\":\"ReadAction\",\"target\":[\"https:\/\/www.sonoraenequipo.com.mx\/oms-ve-vinculo-probable-entre-problemas-cardiacos-y-algunas-vacunas-anticovid\/\"]}]},{\"@type\":\"ImageObject\",\"inLanguage\":\"es\",\"@id\":\"https:\/\/www.sonoraenequipo.com.mx\/oms-ve-vinculo-probable-entre-problemas-cardiacos-y-algunas-vacunas-anticovid\/#primaryimage\",\"url\":\"https:\/\/www.sonoraenequipo.com.mx\/storage\/2021\/07\/problemas-cardiacos_opt.jpg\",\"contentUrl\":\"https:\/\/www.sonoraenequipo.com.mx\/storage\/2021\/07\/problemas-cardiacos_opt.jpg\",\"width\":700,\"height\":400},{\"@type\":\"BreadcrumbList\",\"@id\":\"https:\/\/www.sonoraenequipo.com.mx\/oms-ve-vinculo-probable-entre-problemas-cardiacos-y-algunas-vacunas-anticovid\/#breadcrumb\",\"itemListElement\":[{\"@type\":\"ListItem\",\"position\":1,\"name\":\"Portada\",\"item\":\"https:\/\/www.sonoraenequipo.com.mx\/\"},{\"@type\":\"ListItem\",\"position\":2,\"name\":\"OMS ve v\u00ednculo \u201cprobable\u201d entre problemas cardiacos y algunas vacunas antiCovid\"}]},{\"@type\":\"WebSite\",\"@id\":\"https:\/\/www.sonoraenequipo.com.mx\/#website\",\"url\":\"https:\/\/www.sonoraenequipo.com.mx\/\",\"name\":\"Sonora en Equipo.\",\"description\":\"Diario en l\u00ednea con Noticias desde Hermosillo, Sonora\",\"publisher\":{\"@id\":\"https:\/\/www.sonoraenequipo.com.mx\/#organization\"},\"potentialAction\":[{\"@type\":\"SearchAction\",\"target\":{\"@type\":\"EntryPoint\",\"urlTemplate\":\"https:\/\/www.sonoraenequipo.com.mx\/?s={search_term_string}\"},\"query-input\":{\"@type\":\"PropertyValueSpecification\",\"valueRequired\":true,\"valueName\":\"search_term_string\"}}],\"inLanguage\":\"es\"},{\"@type\":\"Organization\",\"@id\":\"https:\/\/www.sonoraenequipo.com.mx\/#organization\",\"name\":\"Sonoraenequipo.com.mx\",\"url\":\"https:\/\/www.sonoraenequipo.com.mx\/\",\"logo\":{\"@type\":\"ImageObject\",\"inLanguage\":\"es\",\"@id\":\"https:\/\/www.sonoraenequipo.com.mx\/#\/schema\/logo\/image\/\",\"url\":\"https:\/\/www.sonoraenequipo.com.mx\/storage\/2019\/01\/sonoraenequipo_opt.png\",\"contentUrl\":\"https:\/\/www.sonoraenequipo.com.mx\/storage\/2019\/01\/sonoraenequipo_opt.png\",\"width\":375,\"height\":125,\"caption\":\"Sonoraenequipo.com.mx\"},\"image\":{\"@id\":\"https:\/\/www.sonoraenequipo.com.mx\/#\/schema\/logo\/image\/\"},\"sameAs\":[\"https:\/\/www.facebook.com\/SonoraEE\/\",\"https:\/\/x.com\/sonoraenequipo\",\"https:\/\/www.youtube.com\/channel\/UC338nW-lPEYmJQs4ZABQ1SQ\"]},{\"@type\":\"Person\",\"@id\":\"https:\/\/www.sonoraenequipo.com.mx\/#\/schema\/person\/50102df0fb23a8fa9e8effad8fa81386\",\"name\":\"enequipo\",\"image\":{\"@type\":\"ImageObject\",\"inLanguage\":\"es\",\"@id\":\"https:\/\/www.sonoraenequipo.com.mx\/#\/schema\/person\/image\/\",\"url\":\"https:\/\/secure.gravatar.com\/avatar\/049821681b589dabc0bc20695993ccebb09f5b5d4d790cd9251b97faac7c652b?s=96&d=blank&r=g\",\"contentUrl\":\"https:\/\/secure.gravatar.com\/avatar\/049821681b589dabc0bc20695993ccebb09f5b5d4d790cd9251b97faac7c652b?s=96&d=blank&r=g\",\"caption\":\"enequipo\"},\"sameAs\":[\"https:\/\/www.facebook.com\/SonoraEE\"]}]}<\/script>\n ","yoast_head_json":{"title":"Sonora en Equipo. OMS ve v\u00ednculo \u201cprobable\u201d entre problemas cardiacos y algunas vacunas antiCovid MUNDO","description":"GINEBRA, SUIZA. \u2014 La Organizaci\u00f3n Mundial de la Salud (OMS) afirm\u00f3 este viernes que existe un v\u00ednculo \u201cprobable\u201d entre casos de inflamaci\u00f3n en el coraz\u00f3n En Sonora en Equipo publicamos toda la informaci\u00f3n de Sonora, M\u00e9xico y el Mundo de manera oportuna y busca que la libertad de expresi\u00f3n sea real. Visita nuestro medio informativo publicado desde Hermosillo, Sonora. %","robots":{"index":"index","follow":"follow","max-snippet":"max-snippet:-1","max-image-preview":"max-image-preview:large","max-video-preview":"max-video-preview:-1"},"canonical":"https:\/\/www.sonoraenequipo.com.mx\/oms-ve-vinculo-probable-entre-problemas-cardiacos-y-algunas-vacunas-anticovid\/","og_locale":"es_ES","og_type":"article","og_title":"Sonora en Equipo. OMS ve v\u00ednculo \u201cprobable\u201d entre problemas cardiacos y algunas vacunas antiCovid MUNDO","og_description":"GINEBRA, SUIZA. \u2014 La Organizaci\u00f3n Mundial de la Salud (OMS) afirm\u00f3 este viernes que existe un v\u00ednculo \u201cprobable\u201d entre casos de inflamaci\u00f3n en el coraz\u00f3n En Sonora en Equipo publicamos toda la informaci\u00f3n de Sonora, M\u00e9xico y el Mundo de manera oportuna y busca que la libertad de expresi\u00f3n sea real. Visita nuestro medio informativo publicado desde Hermosillo, Sonora. %","og_url":"https:\/\/www.sonoraenequipo.com.mx\/oms-ve-vinculo-probable-entre-problemas-cardiacos-y-algunas-vacunas-anticovid\/","og_site_name":"Sonora en Equipo.","article_publisher":"https:\/\/www.facebook.com\/SonoraEE\/","article_author":"https:\/\/www.facebook.com\/SonoraEE","article_published_time":"2021-07-10T04:36:49+00:00","article_modified_time":"2021-07-10T16:04:23+00:00","og_image":[{"width":700,"height":400,"url":"https:\/\/www.sonoraenequipo.com.mx\/storage\/2021\/07\/problemas-cardiacos_opt.jpg","type":"image\/jpeg"}],"author":"enequipo","twitter_card":"summary_large_image","twitter_creator":"@sonoraenequipo","twitter_site":"@sonoraenequipo","twitter_misc":{"Escrito por":"enequipo","Tiempo de lectura":"2 minutos"},"schema":{"@context":"https:\/\/schema.org","@graph":[{"@type":"Article","@id":"https:\/\/www.sonoraenequipo.com.mx\/oms-ve-vinculo-probable-entre-problemas-cardiacos-y-algunas-vacunas-anticovid\/#article","isPartOf":{"@id":"https:\/\/www.sonoraenequipo.com.mx\/oms-ve-vinculo-probable-entre-problemas-cardiacos-y-algunas-vacunas-anticovid\/"},"author":{"name":"enequipo","@id":"https:\/\/www.sonoraenequipo.com.mx\/#\/schema\/person\/50102df0fb23a8fa9e8effad8fa81386"},"headline":"OMS ve v\u00ednculo \u201cprobable\u201d entre problemas cardiacos y algunas vacunas antiCovid","datePublished":"2021-07-10T04:36:49+00:00","dateModified":"2021-07-10T16:04:23+00:00","mainEntityOfPage":{"@id":"https:\/\/www.sonoraenequipo.com.mx\/oms-ve-vinculo-probable-entre-problemas-cardiacos-y-algunas-vacunas-anticovid\/"},"wordCount":437,"commentCount":0,"publisher":{"@id":"https:\/\/www.sonoraenequipo.com.mx\/#organization"},"image":{"@id":"https:\/\/www.sonoraenequipo.com.mx\/oms-ve-vinculo-probable-entre-problemas-cardiacos-y-algunas-vacunas-anticovid\/#primaryimage"},"thumbnailUrl":"https:\/\/www.sonoraenequipo.com.mx\/storage\/2021\/07\/problemas-cardiacos_opt.jpg","articleSection":["MUNDO"],"inLanguage":"es","potentialAction":[{"@type":"CommentAction","name":"Comment","target":["https:\/\/www.sonoraenequipo.com.mx\/oms-ve-vinculo-probable-entre-problemas-cardiacos-y-algunas-vacunas-anticovid\/#respond"]}]},{"@type":"WebPage","@id":"https:\/\/www.sonoraenequipo.com.mx\/oms-ve-vinculo-probable-entre-problemas-cardiacos-y-algunas-vacunas-anticovid\/","url":"https:\/\/www.sonoraenequipo.com.mx\/oms-ve-vinculo-probable-entre-problemas-cardiacos-y-algunas-vacunas-anticovid\/","name":"Sonora en Equipo. OMS ve v\u00ednculo \u201cprobable\u201d entre problemas cardiacos y algunas vacunas antiCovid MUNDO","isPartOf":{"@id":"https:\/\/www.sonoraenequipo.com.mx\/#website"},"primaryImageOfPage":{"@id":"https:\/\/www.sonoraenequipo.com.mx\/oms-ve-vinculo-probable-entre-problemas-cardiacos-y-algunas-vacunas-anticovid\/#primaryimage"},"image":{"@id":"https:\/\/www.sonoraenequipo.com.mx\/oms-ve-vinculo-probable-entre-problemas-cardiacos-y-algunas-vacunas-anticovid\/#primaryimage"},"thumbnailUrl":"https:\/\/www.sonoraenequipo.com.mx\/storage\/2021\/07\/problemas-cardiacos_opt.jpg","datePublished":"2021-07-10T04:36:49+00:00","dateModified":"2021-07-10T16:04:23+00:00","description":"GINEBRA, SUIZA. \u2014 La Organizaci\u00f3n Mundial de la Salud (OMS) afirm\u00f3 este viernes que existe un v\u00ednculo \u201cprobable\u201d entre casos de inflamaci\u00f3n en el coraz\u00f3n En Sonora en Equipo publicamos toda la informaci\u00f3n de Sonora, M\u00e9xico y el Mundo de manera oportuna y busca que la libertad de expresi\u00f3n sea real. Visita nuestro medio informativo publicado desde Hermosillo, Sonora. %","breadcrumb":{"@id":"https:\/\/www.sonoraenequipo.com.mx\/oms-ve-vinculo-probable-entre-problemas-cardiacos-y-algunas-vacunas-anticovid\/#breadcrumb"},"inLanguage":"es","potentialAction":[{"@type":"ReadAction","target":["https:\/\/www.sonoraenequipo.com.mx\/oms-ve-vinculo-probable-entre-problemas-cardiacos-y-algunas-vacunas-anticovid\/"]}]},{"@type":"ImageObject","inLanguage":"es","@id":"https:\/\/www.sonoraenequipo.com.mx\/oms-ve-vinculo-probable-entre-problemas-cardiacos-y-algunas-vacunas-anticovid\/#primaryimage","url":"https:\/\/www.sonoraenequipo.com.mx\/storage\/2021\/07\/problemas-cardiacos_opt.jpg","contentUrl":"https:\/\/www.sonoraenequipo.com.mx\/storage\/2021\/07\/problemas-cardiacos_opt.jpg","width":700,"height":400},{"@type":"BreadcrumbList","@id":"https:\/\/www.sonoraenequipo.com.mx\/oms-ve-vinculo-probable-entre-problemas-cardiacos-y-algunas-vacunas-anticovid\/#breadcrumb","itemListElement":[{"@type":"ListItem","position":1,"name":"Portada","item":"https:\/\/www.sonoraenequipo.com.mx\/"},{"@type":"ListItem","position":2,"name":"OMS ve v\u00ednculo \u201cprobable\u201d entre problemas cardiacos y algunas vacunas antiCovid"}]},{"@type":"WebSite","@id":"https:\/\/www.sonoraenequipo.com.mx\/#website","url":"https:\/\/www.sonoraenequipo.com.mx\/","name":"Sonora en Equipo.","description":"Diario en l\u00ednea con Noticias desde Hermosillo, Sonora","publisher":{"@id":"https:\/\/www.sonoraenequipo.com.mx\/#organization"},"potentialAction":[{"@type":"SearchAction","target":{"@type":"EntryPoint","urlTemplate":"https:\/\/www.sonoraenequipo.com.mx\/?s={search_term_string}"},"query-input":{"@type":"PropertyValueSpecification","valueRequired":true,"valueName":"search_term_string"}}],"inLanguage":"es"},{"@type":"Organization","@id":"https:\/\/www.sonoraenequipo.com.mx\/#organization","name":"Sonoraenequipo.com.mx","url":"https:\/\/www.sonoraenequipo.com.mx\/","logo":{"@type":"ImageObject","inLanguage":"es","@id":"https:\/\/www.sonoraenequipo.com.mx\/#\/schema\/logo\/image\/","url":"https:\/\/www.sonoraenequipo.com.mx\/storage\/2019\/01\/sonoraenequipo_opt.png","contentUrl":"https:\/\/www.sonoraenequipo.com.mx\/storage\/2019\/01\/sonoraenequipo_opt.png","width":375,"height":125,"caption":"Sonoraenequipo.com.mx"},"image":{"@id":"https:\/\/www.sonoraenequipo.com.mx\/#\/schema\/logo\/image\/"},"sameAs":["https:\/\/www.facebook.com\/SonoraEE\/","https:\/\/x.com\/sonoraenequipo","https:\/\/www.youtube.com\/channel\/UC338nW-lPEYmJQs4ZABQ1SQ"]},{"@type":"Person","@id":"https:\/\/www.sonoraenequipo.com.mx\/#\/schema\/person\/50102df0fb23a8fa9e8effad8fa81386","name":"enequipo","image":{"@type":"ImageObject","inLanguage":"es","@id":"https:\/\/www.sonoraenequipo.com.mx\/#\/schema\/person\/image\/","url":"https:\/\/secure.gravatar.com\/avatar\/049821681b589dabc0bc20695993ccebb09f5b5d4d790cd9251b97faac7c652b?s=96&d=blank&r=g","contentUrl":"https:\/\/secure.gravatar.com\/avatar\/049821681b589dabc0bc20695993ccebb09f5b5d4d790cd9251b97faac7c652b?s=96&d=blank&r=g","caption":"enequipo"},"sameAs":["https:\/\/www.facebook.com\/SonoraEE"]}]}},"jetpack_featured_media_url":"https:\/\/www.sonoraenequipo.com.mx\/storage\/2021\/07\/problemas-cardiacos_opt.jpg","_links":{"self":[{"href":"https:\/\/www.sonoraenequipo.com.mx\/api\/wp\/v2\/posts\/118120","targetHints":{"allow":["GET"]}}],"collection":[{"href":"https:\/\/www.sonoraenequipo.com.mx\/api\/wp\/v2\/posts"}],"about":[{"href":"https:\/\/www.sonoraenequipo.com.mx\/api\/wp\/v2\/types\/post"}],"author":[{"embeddable":true,"href":"https:\/\/www.sonoraenequipo.com.mx\/api\/wp\/v2\/users\/1"}],"replies":[{"embeddable":true,"href":"https:\/\/www.sonoraenequipo.com.mx\/api\/wp\/v2\/comments?post=118120"}],"version-history":[{"count":1,"href":"https:\/\/www.sonoraenequipo.com.mx\/api\/wp\/v2\/posts\/118120\/revisions"}],"predecessor-version":[{"id":118122,"href":"https:\/\/www.sonoraenequipo.com.mx\/api\/wp\/v2\/posts\/118120\/revisions\/118122"}],"wp:featuredmedia":[{"embeddable":true,"href":"https:\/\/www.sonoraenequipo.com.mx\/api\/wp\/v2\/media\/118121"}],"wp:attachment":[{"href":"https:\/\/www.sonoraenequipo.com.mx\/api\/wp\/v2\/media?parent=118120"}],"wp:term":[{"taxonomy":"category","embeddable":true,"href":"https:\/\/www.sonoraenequipo.com.mx\/api\/wp\/v2\/categories?post=118120"},{"taxonomy":"post_tag","embeddable":true,"href":"https:\/\/www.sonoraenequipo.com.mx\/api\/wp\/v2\/tags?post=118120"}],"curies":[{"name":"wp","href":"https:\/\/api.w.org\/{rel}","templated":true}]}}