{"id":118123,"date":"2021-07-09T22:10:48","date_gmt":"2021-07-10T05:10:48","guid":{"rendered":"https:\/\/www.sonoraenequipo.com.mx\/?p=118123"},"modified":"2021-07-10T09:09:09","modified_gmt":"2021-07-10T16:09:09","slug":"al-menos-17-exmilitares-colombianos-implicados-en-magnicidio-de-haiti","status":"publish","type":"post","link":"https:\/\/www.sonoraenequipo.com.mx\/al-menos-17-exmilitares-colombianos-implicados-en-magnicidio-de-haiti\/","title":{"rendered":"Al menos 17 exmilitares colombianos implicados en magnicidio de Hait\u00ed"},"content":{"rendered":"<p>BOGOT\u00c1, COLOMBIA. \u2014 Al menos 17 exmilitares colombianos est\u00e1n presuntamente implicados en el asesinato del presidente de Hait\u00ed Jovenel Moise, informaron este viernes altos mandos del ej\u00e9rcito y la polic\u00eda en Bogot\u00e1.<\/p>\n<p>&nbsp;<\/p>\n<p> <\/p>\n<p>&nbsp;<\/p>\n<p>Dos de ellos <em>\u201cperecieron\u201d<\/em> a manos de fuerzas haitianas y hay 15 colombianos m\u00e1s que <em>\u201chabr\u00edan pertenecido al ej\u00e9rcito nacional\u201d<\/em> y que se desvincularon entre 2018 y 2020, dijo en rueda de prensa el general Jorge Luis Vargas, director de la polic\u00eda de Colombia.<\/p>\n<p>&nbsp;<\/p>\n<p>El mandatario muri\u00f3 el mi\u00e9rcoles a manos de un comando compuesto por 28 personas: 26 colombianos y dos estadounidenses de origen haitiano, seg\u00fan Puerto Pr\u00edncipe.<\/p>\n<p>&nbsp;<\/p>\n<p>Las autoridades colombianas identificaron a 15 de los implicados, pero no revelaron informaci\u00f3n sobre el paso de los sospechosos por el Ej\u00e9rcito ni las razones de su retiro.<\/p>\n<p>&nbsp;<\/p>\n<p>El presidente Iv\u00e1n Duque anunci\u00f3 el env\u00edo a Hait\u00ed de una misi\u00f3n de inteligencia de la polic\u00eda y agentes de Interpol para ayudar a esclarecer el asesinato de Moise que agrav\u00f3 la crisis pol\u00edtica y de seguridad en la naci\u00f3n m\u00e1s pobre de Am\u00e9rica.<\/p>\n<p>&nbsp;<\/p>\n<p><em>\u201cLo que queremos es la verdad. Colombia es muy robusto en tema investigativo (\u2026) debemos cooperar en unidad para que nuestros pueblos no est\u00e9n padeciendo de esos actos b\u00e1rbaros\u201d,<\/em> dijo a la AFP el embajador de Hait\u00ed en Bogot\u00e1, Jean Mary Exil.<\/p>\n<p>&nbsp;<\/p>\n<h3>Plan del magnicidio<\/h3>\n<p>&nbsp;<\/p>\n<p>En una rueda de prensa conjunta de los jefes de las Fuerzas Militares, el Ej\u00e9rcito y la Polic\u00eda se dieron a conocer algunos avances de la investigaci\u00f3n en curso.<\/p>\n<p>Se sabe que dos de los involucrados, Duberney Capador y Germ\u00e1n Alejandro Rivera, viajaron el 6 de mayo de Bogot\u00e1 a Panam\u00e1 y de all\u00ed a Santo Domingo, donde estuvieron cuatro d\u00edas antes de tomar un vuelo a Puerto Pr\u00edncipe. Los dem\u00e1s colombianos llegaron a Rep\u00fablica Dominicana el 4 de junio y el 6 cruzaron a Hait\u00ed por el paso fronterizo El Carrizal.<\/p>\n<p>&nbsp;<\/p>\n<p>La <em>\u201cplaneaci\u00f3n del homicidio\u201d<\/em> se hizo en 32 d\u00edas, de acuerdo a una infograf\u00eda compartida a la prensa.<\/p>\n<p>&nbsp;<\/p>\n<p>Las autoridades dijeron tener tambi\u00e9n informaci\u00f3n de cuatro empresas implicadas en el crimen, sin ahondar en m\u00e1s detalles.<\/p>\n<p>&nbsp;<\/p>\n<p>Moise, de 53 a\u00f1os, fue asesinado a tiros la madrugada del mi\u00e9rcoles durante un asalto a su residencia. Su esposa, Martine, qued\u00f3 gravemente herida.<\/p>\n<p>&nbsp;<\/p>\n<p>Taiw\u00e1n inform\u00f3 este viernes que 11 presuntos miembros del comando que asesin\u00f3 a Moise irrumpieron en su embajada en Puerto Pr\u00edncipe en un intento de huir, pero fueron detenidos por la polic\u00eda.<\/p>\n<p>&nbsp;<\/p>\n<p>A ra\u00edz del asesinato, Hait\u00ed entr\u00f3 en \u201cestado de sitio\u201d por 15 d\u00edas, seg\u00fan dispuso el primer ministro.<\/p>\n<p>&nbsp;<\/p>\n<h3>Soldados profesionales<\/h3>\n<p>&nbsp;<\/p>\n<p>Manuel Antonio Grosso, detenido por el magnicido, es uno de los \u201cmilitares mejor preparados del ej\u00e9rcito colombiano\u201d a sus 40 a\u00f1os, de acuerdo con el diario El Tiempo.<\/p>\n<p>&nbsp;<\/p>\n<p>En su perfil en Facebook, el hombre public\u00f3 el 6 de junio 17 fotograf\u00edas en las que se le ve posando en diferentes lugares tur\u00edsticos de Rep\u00fablica Dominicana, como el palacio presidencial en Santo Domingo.<\/p>\n<p>&nbsp;<\/p>\n<p>Otro de los capturados es Francisco Eladio Uribe, quien seg\u00fan su esposa sali\u00f3 del ej\u00e9rcito en 2019 tras 20 a\u00f1os de servicio como soldado profesional.<\/p>\n<p>&nbsp;<\/p>\n<p>El exescolta y conductor fue reclutado por una supuesta empresa de seguridad que le ofreci\u00f3 viajar a otros pa\u00edses como guardaespaldas de familias poderosas, asegur\u00f3 Yuli, la mujer que se identific\u00f3 como la pareja del exmilitar detenido en Hait\u00ed.<\/p>\n<p>&nbsp;<\/p>\n<p>En di\u00e1logo con W Radio, dijo que su esposo fue contactado por un hombre de apellido Capador, uno de los mercenarios muertos por las fuerzas haitianas tras el magnicidio.<em> \u201cInicialmente la empresa les ofreci\u00f3 2 mil 700 d\u00f3lares mensuales\u201d<\/em>, se\u00f1al\u00f3.<\/p>\n<p>&nbsp;<\/p>\n<p>Seg\u00fan su versi\u00f3n, Uribe la llam\u00f3 el jueves por WhatsApp para decirle que \u00e9l y sus compa\u00f1eros<em> \u201cestaban resguardados que porque los estaban buscando\u201d. \u201c\u00c9l no entend\u00eda muy bien lo que estaba pasando (\u2026), fue una conversaci\u00f3n muy vaga\u201d<\/em>, sostuvo.<\/p>\n<p>&nbsp;<\/p>\n<p>En Colombia, el exmilitar est\u00e1 bajo investigaci\u00f3n por la ejecuci\u00f3n de un civil que fue presentado como ca\u00eddo en combate, dentro del megaesc\u00e1ndalo que involucra al ej\u00e9rcito colombiano en un conteo de cuerpos para inflar sus resultados en la lucha contra las guerrillas de izquierda.<\/p>\n<p>&nbsp;<\/p>\n<p>(Publicada el 09\/07\/2021<\/p>\n","protected":false},"excerpt":{"rendered":"<p>BOGOT\u00c1, COLOMBIA. \u2014 Al menos 17 exmilitares colombianos est\u00e1n presuntamente implicados en el asesinato del&#8230;<\/p>\n","protected":false},"author":1,"featured_media":118124,"comment_status":"open","ping_status":"open","sticky":false,"template":"","format":"standard","meta":{"_monsterinsights_skip_tracking":false,"_monsterinsights_sitenote_active":false,"_monsterinsights_sitenote_note":"","_monsterinsights_sitenote_category":0,"footnotes":""},"categories":[3],"tags":[],"class_list":["post"],"yoast_head":" \n<title>Sonora en Equipo. Al menos 17 exmilitares colombianos implicados en magnicidio de Hait\u00ed MUNDO<\/title>\n<meta name=\"description\" content=\"BOGOT\u00c1, COLOMBIA. \u2014 Al menos 17 exmilitares colombianos est\u00e1n presuntamente implicados en el asesinato del presidente de Hait\u00ed Jovenel Moise, informaron En Sonora en Equipo publicamos toda la informaci\u00f3n de Sonora, M\u00e9xico y el Mundo de manera oportuna y busca que la libertad de expresi\u00f3n sea real. Visita nuestro medio informativo publicado desde Hermosillo, Sonora. %\" \/>\n<meta name=\"robots\" content=\"index, follow, max-snippet:-1, max-image-preview:large, max-video-preview:-1\" \/>\n<link rel=\"canonical\" href=\"https:\/\/www.sonoraenequipo.com.mx\/al-menos-17-exmilitares-colombianos-implicados-en-magnicidio-de-haiti\/\" \/>\n<meta property=\"og:locale\" content=\"es_ES\" \/>\n<meta property=\"og:type\" content=\"article\" \/>\n<meta property=\"og:title\" content=\"Sonora en Equipo. Al menos 17 exmilitares colombianos implicados en magnicidio de Hait\u00ed MUNDO\" \/>\n<meta property=\"og:description\" content=\"BOGOT\u00c1, COLOMBIA. \u2014 Al menos 17 exmilitares colombianos est\u00e1n presuntamente implicados en el asesinato del presidente de Hait\u00ed Jovenel Moise, informaron En Sonora en Equipo publicamos toda la informaci\u00f3n de Sonora, M\u00e9xico y el Mundo de manera oportuna y busca que la libertad de expresi\u00f3n sea real. Visita nuestro medio informativo publicado desde Hermosillo, Sonora. %\" \/>\n<meta property=\"og:url\" content=\"https:\/\/www.sonoraenequipo.com.mx\/al-menos-17-exmilitares-colombianos-implicados-en-magnicidio-de-haiti\/\" \/>\n<meta property=\"og:site_name\" content=\"Sonora en Equipo.\" \/>\n<meta property=\"article:publisher\" content=\"https:\/\/www.facebook.com\/SonoraEE\/\" \/>\n<meta property=\"article:author\" content=\"https:\/\/www.facebook.com\/SonoraEE\" \/>\n<meta property=\"article:published_time\" content=\"2021-07-10T05:10:48+00:00\" \/>\n<meta property=\"article:modified_time\" content=\"2021-07-10T16:09:09+00:00\" \/>\n<meta property=\"og:image\" content=\"https:\/\/www.sonoraenequipo.com.mx\/storage\/2021\/07\/asesinos-Jovenel-Moses_opt.jpg\" \/>\n\t<meta property=\"og:image:width\" content=\"700\" \/>\n\t<meta property=\"og:image:height\" content=\"400\" \/>\n\t<meta property=\"og:image:type\" content=\"image\/jpeg\" \/>\n<meta name=\"author\" content=\"enequipo\" \/>\n<meta name=\"twitter:card\" content=\"summary_large_image\" \/>\n<meta name=\"twitter:creator\" content=\"@sonoraenequipo\" \/>\n<meta name=\"twitter:site\" content=\"@sonoraenequipo\" \/>\n<meta name=\"twitter:label1\" content=\"Escrito por\" \/>\n\t<meta name=\"twitter:data1\" content=\"enequipo\" \/>\n\t<meta name=\"twitter:label2\" content=\"Tiempo de lectura\" \/>\n\t<meta name=\"twitter:data2\" content=\"3 minutos\" \/>\n<script type=\"application\/ld+json\" class=\"yoast-schema-graph\">{\"@context\":\"https:\/\/schema.org\",\"@graph\":[{\"@type\":\"Article\",\"@id\":\"https:\/\/www.sonoraenequipo.com.mx\/al-menos-17-exmilitares-colombianos-implicados-en-magnicidio-de-haiti\/#article\",\"isPartOf\":{\"@id\":\"https:\/\/www.sonoraenequipo.com.mx\/al-menos-17-exmilitares-colombianos-implicados-en-magnicidio-de-haiti\/\"},\"author\":{\"name\":\"enequipo\",\"@id\":\"https:\/\/www.sonoraenequipo.com.mx\/#\/schema\/person\/50102df0fb23a8fa9e8effad8fa81386\"},\"headline\":\"Al menos 17 exmilitares colombianos implicados en magnicidio de Hait\u00ed\",\"datePublished\":\"2021-07-10T05:10:48+00:00\",\"dateModified\":\"2021-07-10T16:09:09+00:00\",\"mainEntityOfPage\":{\"@id\":\"https:\/\/www.sonoraenequipo.com.mx\/al-menos-17-exmilitares-colombianos-implicados-en-magnicidio-de-haiti\/\"},\"wordCount\":749,\"commentCount\":0,\"publisher\":{\"@id\":\"https:\/\/www.sonoraenequipo.com.mx\/#organization\"},\"image\":{\"@id\":\"https:\/\/www.sonoraenequipo.com.mx\/al-menos-17-exmilitares-colombianos-implicados-en-magnicidio-de-haiti\/#primaryimage\"},\"thumbnailUrl\":\"https:\/\/www.sonoraenequipo.com.mx\/storage\/2021\/07\/asesinos-Jovenel-Moses_opt.jpg\",\"articleSection\":[\"MUNDO\"],\"inLanguage\":\"es\",\"potentialAction\":[{\"@type\":\"CommentAction\",\"name\":\"Comment\",\"target\":[\"https:\/\/www.sonoraenequipo.com.mx\/al-menos-17-exmilitares-colombianos-implicados-en-magnicidio-de-haiti\/#respond\"]}]},{\"@type\":\"WebPage\",\"@id\":\"https:\/\/www.sonoraenequipo.com.mx\/al-menos-17-exmilitares-colombianos-implicados-en-magnicidio-de-haiti\/\",\"url\":\"https:\/\/www.sonoraenequipo.com.mx\/al-menos-17-exmilitares-colombianos-implicados-en-magnicidio-de-haiti\/\",\"name\":\"Sonora en Equipo. Al menos 17 exmilitares colombianos implicados en magnicidio de Hait\u00ed MUNDO\",\"isPartOf\":{\"@id\":\"https:\/\/www.sonoraenequipo.com.mx\/#website\"},\"primaryImageOfPage\":{\"@id\":\"https:\/\/www.sonoraenequipo.com.mx\/al-menos-17-exmilitares-colombianos-implicados-en-magnicidio-de-haiti\/#primaryimage\"},\"image\":{\"@id\":\"https:\/\/www.sonoraenequipo.com.mx\/al-menos-17-exmilitares-colombianos-implicados-en-magnicidio-de-haiti\/#primaryimage\"},\"thumbnailUrl\":\"https:\/\/www.sonoraenequipo.com.mx\/storage\/2021\/07\/asesinos-Jovenel-Moses_opt.jpg\",\"datePublished\":\"2021-07-10T05:10:48+00:00\",\"dateModified\":\"2021-07-10T16:09:09+00:00\",\"description\":\"BOGOT\u00c1, COLOMBIA. \u2014 Al menos 17 exmilitares colombianos est\u00e1n presuntamente implicados en el asesinato del presidente de Hait\u00ed Jovenel Moise, informaron En Sonora en Equipo publicamos toda la informaci\u00f3n de Sonora, M\u00e9xico y el Mundo de manera oportuna y busca que la libertad de expresi\u00f3n sea real. Visita nuestro medio informativo publicado desde Hermosillo, Sonora. %\",\"breadcrumb\":{\"@id\":\"https:\/\/www.sonoraenequipo.com.mx\/al-menos-17-exmilitares-colombianos-implicados-en-magnicidio-de-haiti\/#breadcrumb\"},\"inLanguage\":\"es\",\"potentialAction\":[{\"@type\":\"ReadAction\",\"target\":[\"https:\/\/www.sonoraenequipo.com.mx\/al-menos-17-exmilitares-colombianos-implicados-en-magnicidio-de-haiti\/\"]}]},{\"@type\":\"ImageObject\",\"inLanguage\":\"es\",\"@id\":\"https:\/\/www.sonoraenequipo.com.mx\/al-menos-17-exmilitares-colombianos-implicados-en-magnicidio-de-haiti\/#primaryimage\",\"url\":\"https:\/\/www.sonoraenequipo.com.mx\/storage\/2021\/07\/asesinos-Jovenel-Moses_opt.jpg\",\"contentUrl\":\"https:\/\/www.sonoraenequipo.com.mx\/storage\/2021\/07\/asesinos-Jovenel-Moses_opt.jpg\",\"width\":700,\"height\":400},{\"@type\":\"BreadcrumbList\",\"@id\":\"https:\/\/www.sonoraenequipo.com.mx\/al-menos-17-exmilitares-colombianos-implicados-en-magnicidio-de-haiti\/#breadcrumb\",\"itemListElement\":[{\"@type\":\"ListItem\",\"position\":1,\"name\":\"Portada\",\"item\":\"https:\/\/www.sonoraenequipo.com.mx\/\"},{\"@type\":\"ListItem\",\"position\":2,\"name\":\"Al menos 17 exmilitares colombianos implicados en magnicidio de Hait\u00ed\"}]},{\"@type\":\"WebSite\",\"@id\":\"https:\/\/www.sonoraenequipo.com.mx\/#website\",\"url\":\"https:\/\/www.sonoraenequipo.com.mx\/\",\"name\":\"Sonora en Equipo.\",\"description\":\"Diario en l\u00ednea con Noticias desde Hermosillo, Sonora\",\"publisher\":{\"@id\":\"https:\/\/www.sonoraenequipo.com.mx\/#organization\"},\"potentialAction\":[{\"@type\":\"SearchAction\",\"target\":{\"@type\":\"EntryPoint\",\"urlTemplate\":\"https:\/\/www.sonoraenequipo.com.mx\/?s={search_term_string}\"},\"query-input\":{\"@type\":\"PropertyValueSpecification\",\"valueRequired\":true,\"valueName\":\"search_term_string\"}}],\"inLanguage\":\"es\"},{\"@type\":\"Organization\",\"@id\":\"https:\/\/www.sonoraenequipo.com.mx\/#organization\",\"name\":\"Sonoraenequipo.com.mx\",\"url\":\"https:\/\/www.sonoraenequipo.com.mx\/\",\"logo\":{\"@type\":\"ImageObject\",\"inLanguage\":\"es\",\"@id\":\"https:\/\/www.sonoraenequipo.com.mx\/#\/schema\/logo\/image\/\",\"url\":\"https:\/\/www.sonoraenequipo.com.mx\/storage\/2019\/01\/sonoraenequipo_opt.png\",\"contentUrl\":\"https:\/\/www.sonoraenequipo.com.mx\/storage\/2019\/01\/sonoraenequipo_opt.png\",\"width\":375,\"height\":125,\"caption\":\"Sonoraenequipo.com.mx\"},\"image\":{\"@id\":\"https:\/\/www.sonoraenequipo.com.mx\/#\/schema\/logo\/image\/\"},\"sameAs\":[\"https:\/\/www.facebook.com\/SonoraEE\/\",\"https:\/\/x.com\/sonoraenequipo\",\"https:\/\/www.youtube.com\/channel\/UC338nW-lPEYmJQs4ZABQ1SQ\"]},{\"@type\":\"Person\",\"@id\":\"https:\/\/www.sonoraenequipo.com.mx\/#\/schema\/person\/50102df0fb23a8fa9e8effad8fa81386\",\"name\":\"enequipo\",\"image\":{\"@type\":\"ImageObject\",\"inLanguage\":\"es\",\"@id\":\"https:\/\/www.sonoraenequipo.com.mx\/#\/schema\/person\/image\/\",\"url\":\"https:\/\/secure.gravatar.com\/avatar\/049821681b589dabc0bc20695993ccebb09f5b5d4d790cd9251b97faac7c652b?s=96&d=blank&r=g\",\"contentUrl\":\"https:\/\/secure.gravatar.com\/avatar\/049821681b589dabc0bc20695993ccebb09f5b5d4d790cd9251b97faac7c652b?s=96&d=blank&r=g\",\"caption\":\"enequipo\"},\"sameAs\":[\"https:\/\/www.facebook.com\/SonoraEE\"]}]}<\/script>\n ","yoast_head_json":{"title":"Sonora en Equipo. Al menos 17 exmilitares colombianos implicados en magnicidio de Hait\u00ed MUNDO","description":"BOGOT\u00c1, COLOMBIA. \u2014 Al menos 17 exmilitares colombianos est\u00e1n presuntamente implicados en el asesinato del presidente de Hait\u00ed Jovenel Moise, informaron En Sonora en Equipo publicamos toda la informaci\u00f3n de Sonora, M\u00e9xico y el Mundo de manera oportuna y busca que la libertad de expresi\u00f3n sea real. Visita nuestro medio informativo publicado desde Hermosillo, Sonora. %","robots":{"index":"index","follow":"follow","max-snippet":"max-snippet:-1","max-image-preview":"max-image-preview:large","max-video-preview":"max-video-preview:-1"},"canonical":"https:\/\/www.sonoraenequipo.com.mx\/al-menos-17-exmilitares-colombianos-implicados-en-magnicidio-de-haiti\/","og_locale":"es_ES","og_type":"article","og_title":"Sonora en Equipo. Al menos 17 exmilitares colombianos implicados en magnicidio de Hait\u00ed MUNDO","og_description":"BOGOT\u00c1, COLOMBIA. \u2014 Al menos 17 exmilitares colombianos est\u00e1n presuntamente implicados en el asesinato del presidente de Hait\u00ed Jovenel Moise, informaron En Sonora en Equipo publicamos toda la informaci\u00f3n de Sonora, M\u00e9xico y el Mundo de manera oportuna y busca que la libertad de expresi\u00f3n sea real. Visita nuestro medio informativo publicado desde Hermosillo, Sonora. %","og_url":"https:\/\/www.sonoraenequipo.com.mx\/al-menos-17-exmilitares-colombianos-implicados-en-magnicidio-de-haiti\/","og_site_name":"Sonora en Equipo.","article_publisher":"https:\/\/www.facebook.com\/SonoraEE\/","article_author":"https:\/\/www.facebook.com\/SonoraEE","article_published_time":"2021-07-10T05:10:48+00:00","article_modified_time":"2021-07-10T16:09:09+00:00","og_image":[{"width":700,"height":400,"url":"https:\/\/www.sonoraenequipo.com.mx\/storage\/2021\/07\/asesinos-Jovenel-Moses_opt.jpg","type":"image\/jpeg"}],"author":"enequipo","twitter_card":"summary_large_image","twitter_creator":"@sonoraenequipo","twitter_site":"@sonoraenequipo","twitter_misc":{"Escrito por":"enequipo","Tiempo de lectura":"3 minutos"},"schema":{"@context":"https:\/\/schema.org","@graph":[{"@type":"Article","@id":"https:\/\/www.sonoraenequipo.com.mx\/al-menos-17-exmilitares-colombianos-implicados-en-magnicidio-de-haiti\/#article","isPartOf":{"@id":"https:\/\/www.sonoraenequipo.com.mx\/al-menos-17-exmilitares-colombianos-implicados-en-magnicidio-de-haiti\/"},"author":{"name":"enequipo","@id":"https:\/\/www.sonoraenequipo.com.mx\/#\/schema\/person\/50102df0fb23a8fa9e8effad8fa81386"},"headline":"Al menos 17 exmilitares colombianos implicados en magnicidio de Hait\u00ed","datePublished":"2021-07-10T05:10:48+00:00","dateModified":"2021-07-10T16:09:09+00:00","mainEntityOfPage":{"@id":"https:\/\/www.sonoraenequipo.com.mx\/al-menos-17-exmilitares-colombianos-implicados-en-magnicidio-de-haiti\/"},"wordCount":749,"commentCount":0,"publisher":{"@id":"https:\/\/www.sonoraenequipo.com.mx\/#organization"},"image":{"@id":"https:\/\/www.sonoraenequipo.com.mx\/al-menos-17-exmilitares-colombianos-implicados-en-magnicidio-de-haiti\/#primaryimage"},"thumbnailUrl":"https:\/\/www.sonoraenequipo.com.mx\/storage\/2021\/07\/asesinos-Jovenel-Moses_opt.jpg","articleSection":["MUNDO"],"inLanguage":"es","potentialAction":[{"@type":"CommentAction","name":"Comment","target":["https:\/\/www.sonoraenequipo.com.mx\/al-menos-17-exmilitares-colombianos-implicados-en-magnicidio-de-haiti\/#respond"]}]},{"@type":"WebPage","@id":"https:\/\/www.sonoraenequipo.com.mx\/al-menos-17-exmilitares-colombianos-implicados-en-magnicidio-de-haiti\/","url":"https:\/\/www.sonoraenequipo.com.mx\/al-menos-17-exmilitares-colombianos-implicados-en-magnicidio-de-haiti\/","name":"Sonora en Equipo. Al menos 17 exmilitares colombianos implicados en magnicidio de Hait\u00ed MUNDO","isPartOf":{"@id":"https:\/\/www.sonoraenequipo.com.mx\/#website"},"primaryImageOfPage":{"@id":"https:\/\/www.sonoraenequipo.com.mx\/al-menos-17-exmilitares-colombianos-implicados-en-magnicidio-de-haiti\/#primaryimage"},"image":{"@id":"https:\/\/www.sonoraenequipo.com.mx\/al-menos-17-exmilitares-colombianos-implicados-en-magnicidio-de-haiti\/#primaryimage"},"thumbnailUrl":"https:\/\/www.sonoraenequipo.com.mx\/storage\/2021\/07\/asesinos-Jovenel-Moses_opt.jpg","datePublished":"2021-07-10T05:10:48+00:00","dateModified":"2021-07-10T16:09:09+00:00","description":"BOGOT\u00c1, COLOMBIA. \u2014 Al menos 17 exmilitares colombianos est\u00e1n presuntamente implicados en el asesinato del presidente de Hait\u00ed Jovenel Moise, informaron En Sonora en Equipo publicamos toda la informaci\u00f3n de Sonora, M\u00e9xico y el Mundo de manera oportuna y busca que la libertad de expresi\u00f3n sea real. Visita nuestro medio informativo publicado desde Hermosillo, Sonora. %","breadcrumb":{"@id":"https:\/\/www.sonoraenequipo.com.mx\/al-menos-17-exmilitares-colombianos-implicados-en-magnicidio-de-haiti\/#breadcrumb"},"inLanguage":"es","potentialAction":[{"@type":"ReadAction","target":["https:\/\/www.sonoraenequipo.com.mx\/al-menos-17-exmilitares-colombianos-implicados-en-magnicidio-de-haiti\/"]}]},{"@type":"ImageObject","inLanguage":"es","@id":"https:\/\/www.sonoraenequipo.com.mx\/al-menos-17-exmilitares-colombianos-implicados-en-magnicidio-de-haiti\/#primaryimage","url":"https:\/\/www.sonoraenequipo.com.mx\/storage\/2021\/07\/asesinos-Jovenel-Moses_opt.jpg","contentUrl":"https:\/\/www.sonoraenequipo.com.mx\/storage\/2021\/07\/asesinos-Jovenel-Moses_opt.jpg","width":700,"height":400},{"@type":"BreadcrumbList","@id":"https:\/\/www.sonoraenequipo.com.mx\/al-menos-17-exmilitares-colombianos-implicados-en-magnicidio-de-haiti\/#breadcrumb","itemListElement":[{"@type":"ListItem","position":1,"name":"Portada","item":"https:\/\/www.sonoraenequipo.com.mx\/"},{"@type":"ListItem","position":2,"name":"Al menos 17 exmilitares colombianos implicados en magnicidio de Hait\u00ed"}]},{"@type":"WebSite","@id":"https:\/\/www.sonoraenequipo.com.mx\/#website","url":"https:\/\/www.sonoraenequipo.com.mx\/","name":"Sonora en Equipo.","description":"Diario en l\u00ednea con Noticias desde Hermosillo, Sonora","publisher":{"@id":"https:\/\/www.sonoraenequipo.com.mx\/#organization"},"potentialAction":[{"@type":"SearchAction","target":{"@type":"EntryPoint","urlTemplate":"https:\/\/www.sonoraenequipo.com.mx\/?s={search_term_string}"},"query-input":{"@type":"PropertyValueSpecification","valueRequired":true,"valueName":"search_term_string"}}],"inLanguage":"es"},{"@type":"Organization","@id":"https:\/\/www.sonoraenequipo.com.mx\/#organization","name":"Sonoraenequipo.com.mx","url":"https:\/\/www.sonoraenequipo.com.mx\/","logo":{"@type":"ImageObject","inLanguage":"es","@id":"https:\/\/www.sonoraenequipo.com.mx\/#\/schema\/logo\/image\/","url":"https:\/\/www.sonoraenequipo.com.mx\/storage\/2019\/01\/sonoraenequipo_opt.png","contentUrl":"https:\/\/www.sonoraenequipo.com.mx\/storage\/2019\/01\/sonoraenequipo_opt.png","width":375,"height":125,"caption":"Sonoraenequipo.com.mx"},"image":{"@id":"https:\/\/www.sonoraenequipo.com.mx\/#\/schema\/logo\/image\/"},"sameAs":["https:\/\/www.facebook.com\/SonoraEE\/","https:\/\/x.com\/sonoraenequipo","https:\/\/www.youtube.com\/channel\/UC338nW-lPEYmJQs4ZABQ1SQ"]},{"@type":"Person","@id":"https:\/\/www.sonoraenequipo.com.mx\/#\/schema\/person\/50102df0fb23a8fa9e8effad8fa81386","name":"enequipo","image":{"@type":"ImageObject","inLanguage":"es","@id":"https:\/\/www.sonoraenequipo.com.mx\/#\/schema\/person\/image\/","url":"https:\/\/secure.gravatar.com\/avatar\/049821681b589dabc0bc20695993ccebb09f5b5d4d790cd9251b97faac7c652b?s=96&d=blank&r=g","contentUrl":"https:\/\/secure.gravatar.com\/avatar\/049821681b589dabc0bc20695993ccebb09f5b5d4d790cd9251b97faac7c652b?s=96&d=blank&r=g","caption":"enequipo"},"sameAs":["https:\/\/www.facebook.com\/SonoraEE"]}]}},"jetpack_featured_media_url":"https:\/\/www.sonoraenequipo.com.mx\/storage\/2021\/07\/asesinos-Jovenel-Moses_opt.jpg","_links":{"self":[{"href":"https:\/\/www.sonoraenequipo.com.mx\/api\/wp\/v2\/posts\/118123","targetHints":{"allow":["GET"]}}],"collection":[{"href":"https:\/\/www.sonoraenequipo.com.mx\/api\/wp\/v2\/posts"}],"about":[{"href":"https:\/\/www.sonoraenequipo.com.mx\/api\/wp\/v2\/types\/post"}],"author":[{"embeddable":true,"href":"https:\/\/www.sonoraenequipo.com.mx\/api\/wp\/v2\/users\/1"}],"replies":[{"embeddable":true,"href":"https:\/\/www.sonoraenequipo.com.mx\/api\/wp\/v2\/comments?post=118123"}],"version-history":[{"count":2,"href":"https:\/\/www.sonoraenequipo.com.mx\/api\/wp\/v2\/posts\/118123\/revisions"}],"predecessor-version":[{"id":118126,"href":"https:\/\/www.sonoraenequipo.com.mx\/api\/wp\/v2\/posts\/118123\/revisions\/118126"}],"wp:featuredmedia":[{"embeddable":true,"href":"https:\/\/www.sonoraenequipo.com.mx\/api\/wp\/v2\/media\/118124"}],"wp:attachment":[{"href":"https:\/\/www.sonoraenequipo.com.mx\/api\/wp\/v2\/media?parent=118123"}],"wp:term":[{"taxonomy":"category","embeddable":true,"href":"https:\/\/www.sonoraenequipo.com.mx\/api\/wp\/v2\/categories?post=118123"},{"taxonomy":"post_tag","embeddable":true,"href":"https:\/\/www.sonoraenequipo.com.mx\/api\/wp\/v2\/tags?post=118123"}],"curies":[{"name":"wp","href":"https:\/\/api.w.org\/{rel}","templated":true}]}}