{"id":118132,"date":"2021-07-10T11:07:11","date_gmt":"2021-07-10T18:07:11","guid":{"rendered":"https:\/\/www.sonoraenequipo.com.mx\/?p=118132"},"modified":"2021-07-11T12:22:42","modified_gmt":"2021-07-11T19:22:42","slug":"confirma-secretaria-de-salud-292-nuevos-casos-y-8-defunciones-por-covid","status":"publish","type":"post","link":"https:\/\/www.sonoraenequipo.com.mx\/confirma-secretaria-de-salud-292-nuevos-casos-y-8-defunciones-por-covid\/","title":{"rendered":"Confirma Secretar\u00eda de Salud 292 nuevos casos y 8 defunciones por covid"},"content":{"rendered":"<h2>\u201cLlama secretario de Salud a no quitarse el cubrebocas en lugares p\u00fablicos y con afluencia de personas\u00bb<\/h2>\n<p>&nbsp;<\/p>\n<p>HERMOSILLO, SONORA,MX.\u2500\u2500 \u00a0No hay razones para dejar de usar cubrebocas y las medidas sanitarias preventivas, ya que no ha terminado el riesgo por el COVID-19, resalt\u00f3 Enrique Clausen Iberri, al confirmarse 292 nuevos casos y 8 defunciones m\u00e1s por COVID-19 en el estado.<\/p>\n<p>&nbsp;<\/p>\n<p>El secretario de Salud en Sonora dijo que en algunos sitios no han cumplido ni con 75% de esquemas completos de vacunaci\u00f3n contra el COVID-19, ni han cumplido con que todos sus adultos mayores est\u00e9n ya vacunados, por lo que la poblaci\u00f3n debe ser m\u00e1s responsable usando siempre el cubrebocas.<\/p>\n<p>&nbsp;<\/p>\n<p>\u201cYa en redes sociales y pantallas de televisi\u00f3n se ve gente en los estadios de cualquier deporte, que ya se les permite no traer su cubrebocas, esto est\u00e1 pasando en Estados Unidos y en algunas partes de Europa, no porque veas eso, t\u00fa tienes que hacer lo mismo, no hagas caso, t\u00fa no te quites el cubrebocas\u201d, indic\u00f3.<\/p>\n<p>&nbsp;<\/p>\n<p>Clausen Iberri mencion\u00f3 que aunque est\u00e9 en proceso la vacunaci\u00f3n contra COVID-19, no deben dejarse de lado las medidas sanitarias que se han llevado a cabo por m\u00e1s de un a\u00f1o.<\/p>\n<p>&nbsp;<\/p>\n<p>Hoy se confirmaron 8 decesos m\u00e1s por COVID-19, en 5 mujeres y 3 hombres, residentes de: Hermosillo 3; \u00c1lamos, Nogales, Navojoa, Quiriego y Puerto Pe\u00f1asco 1 cada uno; con lo que se acumulan 6 mil 553 defunciones.<\/p>\n<p>&nbsp;<\/p>\n<p>Este d\u00eda se sumaron 292 nuevos casos m\u00e1s, en 162 mujeres y 130 hombres, residentes de: Hermosillo 108; Cajeme 44; Caborca 39; Guaymas 30; Huatabampo 17; Benito Ju\u00e1rez, Empalme y Navojoa 10 cada uno; Nogales 6; San Luis R\u00edo Colorado 4; B\u00e1cum y Puerto Pe\u00f1asco 3 cada uno; Magdalena 2; General Plutarco El\u00edas Calles, Pitiquito, Agua Prieta, Benjam\u00edn Hill, \u00cdmuris y Quiriego 1 cada uno. Con ello se acumulan 80 mil 908 casos en total,<\/p>\n<p>&nbsp;<\/p>\n<p>Se confirmaron 16 casos pedi\u00e1tricos en 13 ni\u00f1as y 3 ni\u00f1os, acumul\u00e1ndose mil 641 casos en total; adem\u00e1s se sumaron 4 casos en mujeres embarazadas, llegando a un total de 559 casos.<\/p>\n<p>&nbsp;<\/p>\n<p>Al momento se han realizado 147 mil 889 pruebas, de las cuales 80 mil 908 han sido casos confirmados y 66 mil 981 casos descartados. Con cuadro leve se tienen registradas 10 mil 826 personas, 2 mil 245 activos y 8 mil 581 con seguimiento terminado. De las 183 personas hospitalizadas, 30 est\u00e1n estables, 111 graves, y 42 graves.<\/p>\n<p>&nbsp;<\/p>\n<p>Casos COVID-19 en Sonora 80,908 casos confirmados y 6,553 defunciones.<\/p>\n<p>Fecha de Publicaci\u00f3n\u00a0\u00a0 s\u00e1bado \/ 10\u00a0\u00a0 \/ julio \/ 2021<\/p>\n","protected":false},"excerpt":{"rendered":"<p>\u201cLlama secretario de Salud a no quitarse el cubrebocas en lugares p\u00fablicos y con afluencia&#8230;<\/p>\n","protected":false},"author":1,"featured_media":115964,"comment_status":"open","ping_status":"open","sticky":false,"template":"","format":"standard","meta":{"_monsterinsights_skip_tracking":false,"_monsterinsights_sitenote_active":false,"_monsterinsights_sitenote_note":"","_monsterinsights_sitenote_category":0,"footnotes":""},"categories":[22],"tags":[4249,15],"class_list":["post"],"yoast_head":" \n<title>Sonora en Equipo. Confirma Secretar\u00eda de Salud 292 nuevos casos y 8 defunciones por covid Sonora<\/title>\n<meta name=\"description\" content=\"\u201cLlama secretario de Salud a no quitarse el cubrebocas en lugares p\u00fablicos y con afluencia de personas&quot; &nbsp; HERMOSILLO, SONORA,MX.\u2500\u2500 \u00a0No hay razones En Sonora en Equipo publicamos toda la informaci\u00f3n de Sonora, M\u00e9xico y el Mundo de manera oportuna y busca que la libertad de expresi\u00f3n sea real. Visita nuestro medio informativo publicado desde Hermosillo, Sonora. %\" \/>\n<meta name=\"robots\" content=\"index, follow, max-snippet:-1, max-image-preview:large, max-video-preview:-1\" \/>\n<link rel=\"canonical\" href=\"https:\/\/www.sonoraenequipo.com.mx\/confirma-secretaria-de-salud-292-nuevos-casos-y-8-defunciones-por-covid\/\" \/>\n<meta property=\"og:locale\" content=\"es_ES\" \/>\n<meta property=\"og:type\" content=\"article\" \/>\n<meta property=\"og:title\" content=\"Sonora en Equipo. Confirma Secretar\u00eda de Salud 292 nuevos casos y 8 defunciones por covid Sonora\" \/>\n<meta property=\"og:description\" content=\"\u201cLlama secretario de Salud a no quitarse el cubrebocas en lugares p\u00fablicos y con afluencia de personas&quot; &nbsp; HERMOSILLO, SONORA,MX.\u2500\u2500 \u00a0No hay razones En Sonora en Equipo publicamos toda la informaci\u00f3n de Sonora, M\u00e9xico y el Mundo de manera oportuna y busca que la libertad de expresi\u00f3n sea real. Visita nuestro medio informativo publicado desde Hermosillo, Sonora. %\" \/>\n<meta property=\"og:url\" content=\"https:\/\/www.sonoraenequipo.com.mx\/confirma-secretaria-de-salud-292-nuevos-casos-y-8-defunciones-por-covid\/\" \/>\n<meta property=\"og:site_name\" content=\"Sonora en Equipo.\" \/>\n<meta property=\"article:publisher\" content=\"https:\/\/www.facebook.com\/SonoraEE\/\" \/>\n<meta property=\"article:author\" content=\"https:\/\/www.facebook.com\/SonoraEE\" \/>\n<meta property=\"article:published_time\" content=\"2021-07-10T18:07:11+00:00\" \/>\n<meta property=\"article:modified_time\" content=\"2021-07-11T19:22:42+00:00\" \/>\n<meta property=\"og:image\" content=\"https:\/\/www.sonoraenequipo.com.mx\/storage\/2021\/06\/e-clausen16.jpg\" \/>\n\t<meta property=\"og:image:width\" content=\"700\" \/>\n\t<meta property=\"og:image:height\" content=\"400\" \/>\n\t<meta property=\"og:image:type\" content=\"image\/jpeg\" \/>\n<meta name=\"author\" content=\"enequipo\" \/>\n<meta name=\"twitter:card\" content=\"summary_large_image\" \/>\n<meta name=\"twitter:creator\" content=\"@sonoraenequipo\" \/>\n<meta name=\"twitter:site\" content=\"@sonoraenequipo\" \/>\n<meta name=\"twitter:label1\" content=\"Escrito por\" \/>\n\t<meta name=\"twitter:data1\" content=\"enequipo\" \/>\n\t<meta name=\"twitter:label2\" content=\"Tiempo de lectura\" \/>\n\t<meta name=\"twitter:data2\" content=\"2 minutos\" \/>\n<script type=\"application\/ld+json\" class=\"yoast-schema-graph\">{\"@context\":\"https:\/\/schema.org\",\"@graph\":[{\"@type\":\"Article\",\"@id\":\"https:\/\/www.sonoraenequipo.com.mx\/confirma-secretaria-de-salud-292-nuevos-casos-y-8-defunciones-por-covid\/#article\",\"isPartOf\":{\"@id\":\"https:\/\/www.sonoraenequipo.com.mx\/confirma-secretaria-de-salud-292-nuevos-casos-y-8-defunciones-por-covid\/\"},\"author\":{\"name\":\"enequipo\",\"@id\":\"https:\/\/www.sonoraenequipo.com.mx\/#\/schema\/person\/50102df0fb23a8fa9e8effad8fa81386\"},\"headline\":\"Confirma Secretar\u00eda de Salud 292 nuevos casos y 8 defunciones por covid\",\"datePublished\":\"2021-07-10T18:07:11+00:00\",\"dateModified\":\"2021-07-11T19:22:42+00:00\",\"mainEntityOfPage\":{\"@id\":\"https:\/\/www.sonoraenequipo.com.mx\/confirma-secretaria-de-salud-292-nuevos-casos-y-8-defunciones-por-covid\/\"},\"wordCount\":416,\"commentCount\":0,\"publisher\":{\"@id\":\"https:\/\/www.sonoraenequipo.com.mx\/#organization\"},\"image\":{\"@id\":\"https:\/\/www.sonoraenequipo.com.mx\/confirma-secretaria-de-salud-292-nuevos-casos-y-8-defunciones-por-covid\/#primaryimage\"},\"thumbnailUrl\":\"https:\/\/www.sonoraenequipo.com.mx\/storage\/2021\/06\/e-clausen16.jpg\",\"keywords\":[\"covid\",\"Sonora\"],\"articleSection\":[\"Sonora\"],\"inLanguage\":\"es\",\"potentialAction\":[{\"@type\":\"CommentAction\",\"name\":\"Comment\",\"target\":[\"https:\/\/www.sonoraenequipo.com.mx\/confirma-secretaria-de-salud-292-nuevos-casos-y-8-defunciones-por-covid\/#respond\"]}]},{\"@type\":\"WebPage\",\"@id\":\"https:\/\/www.sonoraenequipo.com.mx\/confirma-secretaria-de-salud-292-nuevos-casos-y-8-defunciones-por-covid\/\",\"url\":\"https:\/\/www.sonoraenequipo.com.mx\/confirma-secretaria-de-salud-292-nuevos-casos-y-8-defunciones-por-covid\/\",\"name\":\"Sonora en Equipo. Confirma Secretar\u00eda de Salud 292 nuevos casos y 8 defunciones por covid Sonora\",\"isPartOf\":{\"@id\":\"https:\/\/www.sonoraenequipo.com.mx\/#website\"},\"primaryImageOfPage\":{\"@id\":\"https:\/\/www.sonoraenequipo.com.mx\/confirma-secretaria-de-salud-292-nuevos-casos-y-8-defunciones-por-covid\/#primaryimage\"},\"image\":{\"@id\":\"https:\/\/www.sonoraenequipo.com.mx\/confirma-secretaria-de-salud-292-nuevos-casos-y-8-defunciones-por-covid\/#primaryimage\"},\"thumbnailUrl\":\"https:\/\/www.sonoraenequipo.com.mx\/storage\/2021\/06\/e-clausen16.jpg\",\"datePublished\":\"2021-07-10T18:07:11+00:00\",\"dateModified\":\"2021-07-11T19:22:42+00:00\",\"description\":\"\u201cLlama secretario de Salud a no quitarse el cubrebocas en lugares p\u00fablicos y con afluencia de personas\\\" &nbsp; HERMOSILLO, SONORA,MX.\u2500\u2500 \u00a0No hay razones En Sonora en Equipo publicamos toda la informaci\u00f3n de Sonora, M\u00e9xico y el Mundo de manera oportuna y busca que la libertad de expresi\u00f3n sea real. Visita nuestro medio informativo publicado desde Hermosillo, Sonora. %\",\"breadcrumb\":{\"@id\":\"https:\/\/www.sonoraenequipo.com.mx\/confirma-secretaria-de-salud-292-nuevos-casos-y-8-defunciones-por-covid\/#breadcrumb\"},\"inLanguage\":\"es\",\"potentialAction\":[{\"@type\":\"ReadAction\",\"target\":[\"https:\/\/www.sonoraenequipo.com.mx\/confirma-secretaria-de-salud-292-nuevos-casos-y-8-defunciones-por-covid\/\"]}]},{\"@type\":\"ImageObject\",\"inLanguage\":\"es\",\"@id\":\"https:\/\/www.sonoraenequipo.com.mx\/confirma-secretaria-de-salud-292-nuevos-casos-y-8-defunciones-por-covid\/#primaryimage\",\"url\":\"https:\/\/www.sonoraenequipo.com.mx\/storage\/2021\/06\/e-clausen16.jpg\",\"contentUrl\":\"https:\/\/www.sonoraenequipo.com.mx\/storage\/2021\/06\/e-clausen16.jpg\",\"width\":700,\"height\":400},{\"@type\":\"BreadcrumbList\",\"@id\":\"https:\/\/www.sonoraenequipo.com.mx\/confirma-secretaria-de-salud-292-nuevos-casos-y-8-defunciones-por-covid\/#breadcrumb\",\"itemListElement\":[{\"@type\":\"ListItem\",\"position\":1,\"name\":\"Portada\",\"item\":\"https:\/\/www.sonoraenequipo.com.mx\/\"},{\"@type\":\"ListItem\",\"position\":2,\"name\":\"Confirma Secretar\u00eda de Salud 292 nuevos casos y 8 defunciones por covid\"}]},{\"@type\":\"WebSite\",\"@id\":\"https:\/\/www.sonoraenequipo.com.mx\/#website\",\"url\":\"https:\/\/www.sonoraenequipo.com.mx\/\",\"name\":\"Sonora en Equipo.\",\"description\":\"Diario en l\u00ednea con Noticias desde Hermosillo, Sonora\",\"publisher\":{\"@id\":\"https:\/\/www.sonoraenequipo.com.mx\/#organization\"},\"potentialAction\":[{\"@type\":\"SearchAction\",\"target\":{\"@type\":\"EntryPoint\",\"urlTemplate\":\"https:\/\/www.sonoraenequipo.com.mx\/?s={search_term_string}\"},\"query-input\":{\"@type\":\"PropertyValueSpecification\",\"valueRequired\":true,\"valueName\":\"search_term_string\"}}],\"inLanguage\":\"es\"},{\"@type\":\"Organization\",\"@id\":\"https:\/\/www.sonoraenequipo.com.mx\/#organization\",\"name\":\"Sonoraenequipo.com.mx\",\"url\":\"https:\/\/www.sonoraenequipo.com.mx\/\",\"logo\":{\"@type\":\"ImageObject\",\"inLanguage\":\"es\",\"@id\":\"https:\/\/www.sonoraenequipo.com.mx\/#\/schema\/logo\/image\/\",\"url\":\"https:\/\/www.sonoraenequipo.com.mx\/storage\/2019\/01\/sonoraenequipo_opt.png\",\"contentUrl\":\"https:\/\/www.sonoraenequipo.com.mx\/storage\/2019\/01\/sonoraenequipo_opt.png\",\"width\":375,\"height\":125,\"caption\":\"Sonoraenequipo.com.mx\"},\"image\":{\"@id\":\"https:\/\/www.sonoraenequipo.com.mx\/#\/schema\/logo\/image\/\"},\"sameAs\":[\"https:\/\/www.facebook.com\/SonoraEE\/\",\"https:\/\/x.com\/sonoraenequipo\",\"https:\/\/www.youtube.com\/channel\/UC338nW-lPEYmJQs4ZABQ1SQ\"]},{\"@type\":\"Person\",\"@id\":\"https:\/\/www.sonoraenequipo.com.mx\/#\/schema\/person\/50102df0fb23a8fa9e8effad8fa81386\",\"name\":\"enequipo\",\"image\":{\"@type\":\"ImageObject\",\"inLanguage\":\"es\",\"@id\":\"https:\/\/www.sonoraenequipo.com.mx\/#\/schema\/person\/image\/\",\"url\":\"https:\/\/secure.gravatar.com\/avatar\/049821681b589dabc0bc20695993ccebb09f5b5d4d790cd9251b97faac7c652b?s=96&d=blank&r=g\",\"contentUrl\":\"https:\/\/secure.gravatar.com\/avatar\/049821681b589dabc0bc20695993ccebb09f5b5d4d790cd9251b97faac7c652b?s=96&d=blank&r=g\",\"caption\":\"enequipo\"},\"sameAs\":[\"https:\/\/www.facebook.com\/SonoraEE\"]}]}<\/script>\n ","yoast_head_json":{"title":"Sonora en Equipo. Confirma Secretar\u00eda de Salud 292 nuevos casos y 8 defunciones por covid Sonora","description":"\u201cLlama secretario de Salud a no quitarse el cubrebocas en lugares p\u00fablicos y con afluencia de personas\" &nbsp; HERMOSILLO, SONORA,MX.\u2500\u2500 \u00a0No hay razones En Sonora en Equipo publicamos toda la informaci\u00f3n de Sonora, M\u00e9xico y el Mundo de manera oportuna y busca que la libertad de expresi\u00f3n sea real. Visita nuestro medio informativo publicado desde Hermosillo, Sonora. %","robots":{"index":"index","follow":"follow","max-snippet":"max-snippet:-1","max-image-preview":"max-image-preview:large","max-video-preview":"max-video-preview:-1"},"canonical":"https:\/\/www.sonoraenequipo.com.mx\/confirma-secretaria-de-salud-292-nuevos-casos-y-8-defunciones-por-covid\/","og_locale":"es_ES","og_type":"article","og_title":"Sonora en Equipo. Confirma Secretar\u00eda de Salud 292 nuevos casos y 8 defunciones por covid Sonora","og_description":"\u201cLlama secretario de Salud a no quitarse el cubrebocas en lugares p\u00fablicos y con afluencia de personas\" &nbsp; HERMOSILLO, SONORA,MX.\u2500\u2500 \u00a0No hay razones En Sonora en Equipo publicamos toda la informaci\u00f3n de Sonora, M\u00e9xico y el Mundo de manera oportuna y busca que la libertad de expresi\u00f3n sea real. Visita nuestro medio informativo publicado desde Hermosillo, Sonora. %","og_url":"https:\/\/www.sonoraenequipo.com.mx\/confirma-secretaria-de-salud-292-nuevos-casos-y-8-defunciones-por-covid\/","og_site_name":"Sonora en Equipo.","article_publisher":"https:\/\/www.facebook.com\/SonoraEE\/","article_author":"https:\/\/www.facebook.com\/SonoraEE","article_published_time":"2021-07-10T18:07:11+00:00","article_modified_time":"2021-07-11T19:22:42+00:00","og_image":[{"width":700,"height":400,"url":"https:\/\/www.sonoraenequipo.com.mx\/storage\/2021\/06\/e-clausen16.jpg","type":"image\/jpeg"}],"author":"enequipo","twitter_card":"summary_large_image","twitter_creator":"@sonoraenequipo","twitter_site":"@sonoraenequipo","twitter_misc":{"Escrito por":"enequipo","Tiempo de lectura":"2 minutos"},"schema":{"@context":"https:\/\/schema.org","@graph":[{"@type":"Article","@id":"https:\/\/www.sonoraenequipo.com.mx\/confirma-secretaria-de-salud-292-nuevos-casos-y-8-defunciones-por-covid\/#article","isPartOf":{"@id":"https:\/\/www.sonoraenequipo.com.mx\/confirma-secretaria-de-salud-292-nuevos-casos-y-8-defunciones-por-covid\/"},"author":{"name":"enequipo","@id":"https:\/\/www.sonoraenequipo.com.mx\/#\/schema\/person\/50102df0fb23a8fa9e8effad8fa81386"},"headline":"Confirma Secretar\u00eda de Salud 292 nuevos casos y 8 defunciones por covid","datePublished":"2021-07-10T18:07:11+00:00","dateModified":"2021-07-11T19:22:42+00:00","mainEntityOfPage":{"@id":"https:\/\/www.sonoraenequipo.com.mx\/confirma-secretaria-de-salud-292-nuevos-casos-y-8-defunciones-por-covid\/"},"wordCount":416,"commentCount":0,"publisher":{"@id":"https:\/\/www.sonoraenequipo.com.mx\/#organization"},"image":{"@id":"https:\/\/www.sonoraenequipo.com.mx\/confirma-secretaria-de-salud-292-nuevos-casos-y-8-defunciones-por-covid\/#primaryimage"},"thumbnailUrl":"https:\/\/www.sonoraenequipo.com.mx\/storage\/2021\/06\/e-clausen16.jpg","keywords":["covid","Sonora"],"articleSection":["Sonora"],"inLanguage":"es","potentialAction":[{"@type":"CommentAction","name":"Comment","target":["https:\/\/www.sonoraenequipo.com.mx\/confirma-secretaria-de-salud-292-nuevos-casos-y-8-defunciones-por-covid\/#respond"]}]},{"@type":"WebPage","@id":"https:\/\/www.sonoraenequipo.com.mx\/confirma-secretaria-de-salud-292-nuevos-casos-y-8-defunciones-por-covid\/","url":"https:\/\/www.sonoraenequipo.com.mx\/confirma-secretaria-de-salud-292-nuevos-casos-y-8-defunciones-por-covid\/","name":"Sonora en Equipo. Confirma Secretar\u00eda de Salud 292 nuevos casos y 8 defunciones por covid Sonora","isPartOf":{"@id":"https:\/\/www.sonoraenequipo.com.mx\/#website"},"primaryImageOfPage":{"@id":"https:\/\/www.sonoraenequipo.com.mx\/confirma-secretaria-de-salud-292-nuevos-casos-y-8-defunciones-por-covid\/#primaryimage"},"image":{"@id":"https:\/\/www.sonoraenequipo.com.mx\/confirma-secretaria-de-salud-292-nuevos-casos-y-8-defunciones-por-covid\/#primaryimage"},"thumbnailUrl":"https:\/\/www.sonoraenequipo.com.mx\/storage\/2021\/06\/e-clausen16.jpg","datePublished":"2021-07-10T18:07:11+00:00","dateModified":"2021-07-11T19:22:42+00:00","description":"\u201cLlama secretario de Salud a no quitarse el cubrebocas en lugares p\u00fablicos y con afluencia de personas\" &nbsp; HERMOSILLO, SONORA,MX.\u2500\u2500 \u00a0No hay razones En Sonora en Equipo publicamos toda la informaci\u00f3n de Sonora, M\u00e9xico y el Mundo de manera oportuna y busca que la libertad de expresi\u00f3n sea real. Visita nuestro medio informativo publicado desde Hermosillo, Sonora. %","breadcrumb":{"@id":"https:\/\/www.sonoraenequipo.com.mx\/confirma-secretaria-de-salud-292-nuevos-casos-y-8-defunciones-por-covid\/#breadcrumb"},"inLanguage":"es","potentialAction":[{"@type":"ReadAction","target":["https:\/\/www.sonoraenequipo.com.mx\/confirma-secretaria-de-salud-292-nuevos-casos-y-8-defunciones-por-covid\/"]}]},{"@type":"ImageObject","inLanguage":"es","@id":"https:\/\/www.sonoraenequipo.com.mx\/confirma-secretaria-de-salud-292-nuevos-casos-y-8-defunciones-por-covid\/#primaryimage","url":"https:\/\/www.sonoraenequipo.com.mx\/storage\/2021\/06\/e-clausen16.jpg","contentUrl":"https:\/\/www.sonoraenequipo.com.mx\/storage\/2021\/06\/e-clausen16.jpg","width":700,"height":400},{"@type":"BreadcrumbList","@id":"https:\/\/www.sonoraenequipo.com.mx\/confirma-secretaria-de-salud-292-nuevos-casos-y-8-defunciones-por-covid\/#breadcrumb","itemListElement":[{"@type":"ListItem","position":1,"name":"Portada","item":"https:\/\/www.sonoraenequipo.com.mx\/"},{"@type":"ListItem","position":2,"name":"Confirma Secretar\u00eda de Salud 292 nuevos casos y 8 defunciones por covid"}]},{"@type":"WebSite","@id":"https:\/\/www.sonoraenequipo.com.mx\/#website","url":"https:\/\/www.sonoraenequipo.com.mx\/","name":"Sonora en Equipo.","description":"Diario en l\u00ednea con Noticias desde Hermosillo, Sonora","publisher":{"@id":"https:\/\/www.sonoraenequipo.com.mx\/#organization"},"potentialAction":[{"@type":"SearchAction","target":{"@type":"EntryPoint","urlTemplate":"https:\/\/www.sonoraenequipo.com.mx\/?s={search_term_string}"},"query-input":{"@type":"PropertyValueSpecification","valueRequired":true,"valueName":"search_term_string"}}],"inLanguage":"es"},{"@type":"Organization","@id":"https:\/\/www.sonoraenequipo.com.mx\/#organization","name":"Sonoraenequipo.com.mx","url":"https:\/\/www.sonoraenequipo.com.mx\/","logo":{"@type":"ImageObject","inLanguage":"es","@id":"https:\/\/www.sonoraenequipo.com.mx\/#\/schema\/logo\/image\/","url":"https:\/\/www.sonoraenequipo.com.mx\/storage\/2019\/01\/sonoraenequipo_opt.png","contentUrl":"https:\/\/www.sonoraenequipo.com.mx\/storage\/2019\/01\/sonoraenequipo_opt.png","width":375,"height":125,"caption":"Sonoraenequipo.com.mx"},"image":{"@id":"https:\/\/www.sonoraenequipo.com.mx\/#\/schema\/logo\/image\/"},"sameAs":["https:\/\/www.facebook.com\/SonoraEE\/","https:\/\/x.com\/sonoraenequipo","https:\/\/www.youtube.com\/channel\/UC338nW-lPEYmJQs4ZABQ1SQ"]},{"@type":"Person","@id":"https:\/\/www.sonoraenequipo.com.mx\/#\/schema\/person\/50102df0fb23a8fa9e8effad8fa81386","name":"enequipo","image":{"@type":"ImageObject","inLanguage":"es","@id":"https:\/\/www.sonoraenequipo.com.mx\/#\/schema\/person\/image\/","url":"https:\/\/secure.gravatar.com\/avatar\/049821681b589dabc0bc20695993ccebb09f5b5d4d790cd9251b97faac7c652b?s=96&d=blank&r=g","contentUrl":"https:\/\/secure.gravatar.com\/avatar\/049821681b589dabc0bc20695993ccebb09f5b5d4d790cd9251b97faac7c652b?s=96&d=blank&r=g","caption":"enequipo"},"sameAs":["https:\/\/www.facebook.com\/SonoraEE"]}]}},"jetpack_featured_media_url":"https:\/\/www.sonoraenequipo.com.mx\/storage\/2021\/06\/e-clausen16.jpg","_links":{"self":[{"href":"https:\/\/www.sonoraenequipo.com.mx\/api\/wp\/v2\/posts\/118132","targetHints":{"allow":["GET"]}}],"collection":[{"href":"https:\/\/www.sonoraenequipo.com.mx\/api\/wp\/v2\/posts"}],"about":[{"href":"https:\/\/www.sonoraenequipo.com.mx\/api\/wp\/v2\/types\/post"}],"author":[{"embeddable":true,"href":"https:\/\/www.sonoraenequipo.com.mx\/api\/wp\/v2\/users\/1"}],"replies":[{"embeddable":true,"href":"https:\/\/www.sonoraenequipo.com.mx\/api\/wp\/v2\/comments?post=118132"}],"version-history":[{"count":2,"href":"https:\/\/www.sonoraenequipo.com.mx\/api\/wp\/v2\/posts\/118132\/revisions"}],"predecessor-version":[{"id":118177,"href":"https:\/\/www.sonoraenequipo.com.mx\/api\/wp\/v2\/posts\/118132\/revisions\/118177"}],"wp:featuredmedia":[{"embeddable":true,"href":"https:\/\/www.sonoraenequipo.com.mx\/api\/wp\/v2\/media\/115964"}],"wp:attachment":[{"href":"https:\/\/www.sonoraenequipo.com.mx\/api\/wp\/v2\/media?parent=118132"}],"wp:term":[{"taxonomy":"category","embeddable":true,"href":"https:\/\/www.sonoraenequipo.com.mx\/api\/wp\/v2\/categories?post=118132"},{"taxonomy":"post_tag","embeddable":true,"href":"https:\/\/www.sonoraenequipo.com.mx\/api\/wp\/v2\/tags?post=118132"}],"curies":[{"name":"wp","href":"https:\/\/api.w.org\/{rel}","templated":true}]}}