{"id":118146,"date":"2021-07-10T22:56:35","date_gmt":"2021-07-11T05:56:35","guid":{"rendered":"https:\/\/www.sonoraenequipo.com.mx\/?p=118146"},"modified":"2021-07-11T12:51:28","modified_gmt":"2021-07-11T19:51:28","slug":"llega-tercera-ola-de-covid-19-a-sonora-llama-salud-a-extremar-medidas-contra-contagios","status":"publish","type":"post","link":"https:\/\/www.sonoraenequipo.com.mx\/llega-tercera-ola-de-covid-19-a-sonora-llama-salud-a-extremar-medidas-contra-contagios\/","title":{"rendered":"Llega tercera ola de COVID-19 a Sonora; llama Salud a extremar medidas contra contagios"},"content":{"rendered":"<ul>\n<li>Supera la entidad los 200 casos diarios por Coronavirus<\/li>\n<li>Ocupaci\u00f3n hospitalaria a nivel estatal al 39% en hospitales p\u00fablicos y 55% en hospitales privados.<\/li>\n<li>Ocho municipios aumentaron en riesgos en el Mapa Sonora Anticipa.<\/li>\n<\/ul>\n<p>HERMOSILLO, SONORA,MX.\u2500\u2500 La tercera ola de COVID-19 ha llegado a Sonora y las personas m\u00e1s afectadas actualmente por el virus son los j\u00f3venes no vacunados, a quienes se les pide no olvidar las acciones contra contagios, luego de que la entidad registra casos de pacientes graves por la enfermedad y supera los 200 casos nuevos diarios, dijo Enrique Clausen Iberri.<\/p>\n<p>&nbsp;<\/p>\n<p>El secretario de salud en Sonora inform\u00f3 que la ocupaci\u00f3n hospitalaria a nivel estatal se encuentra al 39% en hospitales del sector p\u00fablico y al 55% en el privado, por lo que se reitera el llamado a los j\u00f3venes a limitar su movilidad y respetar el distanciamiento social, ya que de padecer Coronavirus, aunque pudieran desarrollar s\u00edntomas leves, pudiera contagiar a una persona vacunada pero con riesgo de complicaciones.<\/p>\n<p>&nbsp;<\/p>\n<p>\u2018\u2019El n\u00famero de contagios diarios ha rebasado por varios d\u00edas los 100 e incluso los 200 contagios, es primordial que se acate el distanciamiento social, que no se olvide el uso de cubrebocas, que se eviten las aglomeraciones para contener al virus\u2019\u2019, declar\u00f3.<\/p>\n<p>&nbsp;<\/p>\n<p>En la actualizaci\u00f3n del Mapa Sonora Anticipa correspondiente del 11 al 18 de julio, se encuentran en riesgo alto: Caborca, Hermosillo, Nogales, Guaymas, Empalme, Cajeme, Navojoa y Huatabampo, mientras que en riesgo medio: Cananea, Agua Prieta, San Luis R\u00edo Colorado y Puerto Pe\u00f1asco.<\/p>\n<p>&nbsp;<\/p>\n<p>En cuanto al puntaje de riesgos, Clausen Iberri subray\u00f3 que aumentaron esta semana Cajeme de 24 a 25 puntos, Guaymas de 15 a 20 puntos, Huatabampo de 18 a 20 puntos, Empalme de 11 a 20 puntos, Nogales de 17 a 19 puntos, San Luis R\u00edo Colorado de 11 a 14 puntos.<\/p>\n<p>&nbsp;<\/p>\n<p>Adem\u00e1s, Puerto Pe\u00f1asco de 11 a 13 puntos y Agua Prieta de 9 a 10 puntos; se mantuvieron con el mismo puntaje: Hermosillo en 23, Navojoa en 21 y bajaron en riesgos: Caborca de 20 a 18 puntos y Cananea de 12 a 9 puntos.<\/p>\n<p>&nbsp;<\/p>\n<p>Riesgos por municipio y Zona Cero:<\/p>\n<p>Riesgo Alto:<\/p>\n<p>&nbsp;<\/p>\n<p>&#8211; Hermosillo: Colonias Palo Verde, Centenario, Lomas de Madrid, Balderrama, San Diego, Nueva Castilla.<\/p>\n<p>&#8211; Caborca: Colonias Bur\u00f3crata, Aviaci\u00f3n, Industrial, Centro.<\/p>\n<p>&#8211; Nogales: Centro, Fraccionamiento Los \u00c1ngeles, Buena Vista, Nuevo Nogales.<\/p>\n<p>&#8211; Guaymas: Colonias El Rastro, Centro, Luis Donaldo Colosio.<\/p>\n<p>&#8211; Empalme: Colonias Moderna, Guadalupe.<\/p>\n<p>&#8211; Cajeme: Colonias Morelos, Montecarlo, Colinas del Yaqui, Ladrilleras.<\/p>\n<p>&#8211; Navojoa: Colonias Centro, Constituci\u00f3n, Infonavit.<\/p>\n<p>&#8211; Huatabampo: Colonia D\u00edaz.<\/p>\n<p>&nbsp;<\/p>\n<p>Riesgo Medio:<\/p>\n<p>&#8211; Cananea: Colonias Minera 2, Bur\u00f3crata.<\/p>\n<p>&#8211; Agua Prieta: Colonias Magisterial, Infonavit.<\/p>\n<p>&#8211; San Luis R\u00edo Colorado: Colonias 10 de Abril, Campestre.<\/p>\n<p>&#8211; Puerto Pe\u00f1asco: Colonias Oriente, Centro.<\/p>\n<p>Fecha de Publicaci\u00f3n\u00a0\u00a0 s\u00e1bado \/ 10\u00a0\u00a0 \/ julio \/ 2021<\/p>\n<p>&nbsp;<\/p>\n","protected":false},"excerpt":{"rendered":"<p>Supera la entidad los 200 casos diarios por Coronavirus Ocupaci\u00f3n hospitalaria a nivel estatal al&#8230;<\/p>\n","protected":false},"author":1,"featured_media":118147,"comment_status":"open","ping_status":"open","sticky":false,"template":"","format":"standard","meta":{"_monsterinsights_skip_tracking":false,"_monsterinsights_sitenote_active":false,"_monsterinsights_sitenote_note":"","_monsterinsights_sitenote_category":0,"footnotes":""},"categories":[22],"tags":[4249,15],"class_list":["post"],"yoast_head":" \n<title>Sonora en Equipo. Llega tercera ola de COVID-19 a Sonora; llama Salud a extremar medidas contra contagios Sonora<\/title>\n<meta name=\"description\" content=\"Supera la entidad los 200 casos diarios por Coronavirus Ocupaci\u00f3n hospitalaria a nivel estatal al 39% en hospitales p\u00fablicos y 55% en hospitales privados. En Sonora en Equipo publicamos toda la informaci\u00f3n de Sonora, M\u00e9xico y el Mundo de manera oportuna y busca que la libertad de expresi\u00f3n sea real. Visita nuestro medio informativo publicado desde Hermosillo, Sonora. %\" \/>\n<meta name=\"robots\" content=\"index, follow, max-snippet:-1, max-image-preview:large, max-video-preview:-1\" \/>\n<link rel=\"canonical\" href=\"https:\/\/www.sonoraenequipo.com.mx\/llega-tercera-ola-de-covid-19-a-sonora-llama-salud-a-extremar-medidas-contra-contagios\/\" \/>\n<meta property=\"og:locale\" content=\"es_ES\" \/>\n<meta property=\"og:type\" content=\"article\" \/>\n<meta property=\"og:title\" content=\"Sonora en Equipo. Llega tercera ola de COVID-19 a Sonora; llama Salud a extremar medidas contra contagios Sonora\" \/>\n<meta property=\"og:description\" content=\"Supera la entidad los 200 casos diarios por Coronavirus Ocupaci\u00f3n hospitalaria a nivel estatal al 39% en hospitales p\u00fablicos y 55% en hospitales privados. En Sonora en Equipo publicamos toda la informaci\u00f3n de Sonora, M\u00e9xico y el Mundo de manera oportuna y busca que la libertad de expresi\u00f3n sea real. Visita nuestro medio informativo publicado desde Hermosillo, Sonora. %\" \/>\n<meta property=\"og:url\" content=\"https:\/\/www.sonoraenequipo.com.mx\/llega-tercera-ola-de-covid-19-a-sonora-llama-salud-a-extremar-medidas-contra-contagios\/\" \/>\n<meta property=\"og:site_name\" content=\"Sonora en Equipo.\" \/>\n<meta property=\"article:publisher\" content=\"https:\/\/www.facebook.com\/SonoraEE\/\" \/>\n<meta property=\"article:author\" content=\"https:\/\/www.facebook.com\/SonoraEE\" \/>\n<meta property=\"article:published_time\" content=\"2021-07-11T05:56:35+00:00\" \/>\n<meta property=\"article:modified_time\" content=\"2021-07-11T19:51:28+00:00\" \/>\n<meta property=\"og:image\" content=\"https:\/\/www.sonoraenequipo.com.mx\/storage\/2021\/07\/enfermo-covid.jpg\" \/>\n\t<meta property=\"og:image:width\" content=\"700\" \/>\n\t<meta property=\"og:image:height\" content=\"397\" \/>\n\t<meta property=\"og:image:type\" content=\"image\/jpeg\" \/>\n<meta name=\"author\" content=\"enequipo\" \/>\n<meta name=\"twitter:card\" content=\"summary_large_image\" \/>\n<meta name=\"twitter:creator\" content=\"@sonoraenequipo\" \/>\n<meta name=\"twitter:site\" content=\"@sonoraenequipo\" \/>\n<meta name=\"twitter:label1\" content=\"Escrito por\" \/>\n\t<meta name=\"twitter:data1\" content=\"enequipo\" \/>\n\t<meta name=\"twitter:label2\" content=\"Tiempo de lectura\" \/>\n\t<meta name=\"twitter:data2\" content=\"2 minutos\" \/>\n<script type=\"application\/ld+json\" class=\"yoast-schema-graph\">{\"@context\":\"https:\/\/schema.org\",\"@graph\":[{\"@type\":\"Article\",\"@id\":\"https:\/\/www.sonoraenequipo.com.mx\/llega-tercera-ola-de-covid-19-a-sonora-llama-salud-a-extremar-medidas-contra-contagios\/#article\",\"isPartOf\":{\"@id\":\"https:\/\/www.sonoraenequipo.com.mx\/llega-tercera-ola-de-covid-19-a-sonora-llama-salud-a-extremar-medidas-contra-contagios\/\"},\"author\":{\"name\":\"enequipo\",\"@id\":\"https:\/\/www.sonoraenequipo.com.mx\/#\/schema\/person\/50102df0fb23a8fa9e8effad8fa81386\"},\"headline\":\"Llega tercera ola de COVID-19 a Sonora; llama Salud a extremar medidas contra contagios\",\"datePublished\":\"2021-07-11T05:56:35+00:00\",\"dateModified\":\"2021-07-11T19:51:28+00:00\",\"mainEntityOfPage\":{\"@id\":\"https:\/\/www.sonoraenequipo.com.mx\/llega-tercera-ola-de-covid-19-a-sonora-llama-salud-a-extremar-medidas-contra-contagios\/\"},\"wordCount\":468,\"commentCount\":0,\"publisher\":{\"@id\":\"https:\/\/www.sonoraenequipo.com.mx\/#organization\"},\"image\":{\"@id\":\"https:\/\/www.sonoraenequipo.com.mx\/llega-tercera-ola-de-covid-19-a-sonora-llama-salud-a-extremar-medidas-contra-contagios\/#primaryimage\"},\"thumbnailUrl\":\"https:\/\/www.sonoraenequipo.com.mx\/storage\/2021\/07\/enfermo-covid.jpg\",\"keywords\":[\"covid\",\"Sonora\"],\"articleSection\":[\"Sonora\"],\"inLanguage\":\"es\",\"potentialAction\":[{\"@type\":\"CommentAction\",\"name\":\"Comment\",\"target\":[\"https:\/\/www.sonoraenequipo.com.mx\/llega-tercera-ola-de-covid-19-a-sonora-llama-salud-a-extremar-medidas-contra-contagios\/#respond\"]}]},{\"@type\":\"WebPage\",\"@id\":\"https:\/\/www.sonoraenequipo.com.mx\/llega-tercera-ola-de-covid-19-a-sonora-llama-salud-a-extremar-medidas-contra-contagios\/\",\"url\":\"https:\/\/www.sonoraenequipo.com.mx\/llega-tercera-ola-de-covid-19-a-sonora-llama-salud-a-extremar-medidas-contra-contagios\/\",\"name\":\"Sonora en Equipo. Llega tercera ola de COVID-19 a Sonora; llama Salud a extremar medidas contra contagios Sonora\",\"isPartOf\":{\"@id\":\"https:\/\/www.sonoraenequipo.com.mx\/#website\"},\"primaryImageOfPage\":{\"@id\":\"https:\/\/www.sonoraenequipo.com.mx\/llega-tercera-ola-de-covid-19-a-sonora-llama-salud-a-extremar-medidas-contra-contagios\/#primaryimage\"},\"image\":{\"@id\":\"https:\/\/www.sonoraenequipo.com.mx\/llega-tercera-ola-de-covid-19-a-sonora-llama-salud-a-extremar-medidas-contra-contagios\/#primaryimage\"},\"thumbnailUrl\":\"https:\/\/www.sonoraenequipo.com.mx\/storage\/2021\/07\/enfermo-covid.jpg\",\"datePublished\":\"2021-07-11T05:56:35+00:00\",\"dateModified\":\"2021-07-11T19:51:28+00:00\",\"description\":\"Supera la entidad los 200 casos diarios por Coronavirus Ocupaci\u00f3n hospitalaria a nivel estatal al 39% en hospitales p\u00fablicos y 55% en hospitales privados. En Sonora en Equipo publicamos toda la informaci\u00f3n de Sonora, M\u00e9xico y el Mundo de manera oportuna y busca que la libertad de expresi\u00f3n sea real. Visita nuestro medio informativo publicado desde Hermosillo, Sonora. %\",\"breadcrumb\":{\"@id\":\"https:\/\/www.sonoraenequipo.com.mx\/llega-tercera-ola-de-covid-19-a-sonora-llama-salud-a-extremar-medidas-contra-contagios\/#breadcrumb\"},\"inLanguage\":\"es\",\"potentialAction\":[{\"@type\":\"ReadAction\",\"target\":[\"https:\/\/www.sonoraenequipo.com.mx\/llega-tercera-ola-de-covid-19-a-sonora-llama-salud-a-extremar-medidas-contra-contagios\/\"]}]},{\"@type\":\"ImageObject\",\"inLanguage\":\"es\",\"@id\":\"https:\/\/www.sonoraenequipo.com.mx\/llega-tercera-ola-de-covid-19-a-sonora-llama-salud-a-extremar-medidas-contra-contagios\/#primaryimage\",\"url\":\"https:\/\/www.sonoraenequipo.com.mx\/storage\/2021\/07\/enfermo-covid.jpg\",\"contentUrl\":\"https:\/\/www.sonoraenequipo.com.mx\/storage\/2021\/07\/enfermo-covid.jpg\",\"width\":700,\"height\":397},{\"@type\":\"BreadcrumbList\",\"@id\":\"https:\/\/www.sonoraenequipo.com.mx\/llega-tercera-ola-de-covid-19-a-sonora-llama-salud-a-extremar-medidas-contra-contagios\/#breadcrumb\",\"itemListElement\":[{\"@type\":\"ListItem\",\"position\":1,\"name\":\"Portada\",\"item\":\"https:\/\/www.sonoraenequipo.com.mx\/\"},{\"@type\":\"ListItem\",\"position\":2,\"name\":\"Llega tercera ola de COVID-19 a Sonora; llama Salud a extremar medidas contra contagios\"}]},{\"@type\":\"WebSite\",\"@id\":\"https:\/\/www.sonoraenequipo.com.mx\/#website\",\"url\":\"https:\/\/www.sonoraenequipo.com.mx\/\",\"name\":\"Sonora en Equipo.\",\"description\":\"Diario en l\u00ednea con Noticias desde Hermosillo, Sonora\",\"publisher\":{\"@id\":\"https:\/\/www.sonoraenequipo.com.mx\/#organization\"},\"potentialAction\":[{\"@type\":\"SearchAction\",\"target\":{\"@type\":\"EntryPoint\",\"urlTemplate\":\"https:\/\/www.sonoraenequipo.com.mx\/?s={search_term_string}\"},\"query-input\":{\"@type\":\"PropertyValueSpecification\",\"valueRequired\":true,\"valueName\":\"search_term_string\"}}],\"inLanguage\":\"es\"},{\"@type\":\"Organization\",\"@id\":\"https:\/\/www.sonoraenequipo.com.mx\/#organization\",\"name\":\"Sonoraenequipo.com.mx\",\"url\":\"https:\/\/www.sonoraenequipo.com.mx\/\",\"logo\":{\"@type\":\"ImageObject\",\"inLanguage\":\"es\",\"@id\":\"https:\/\/www.sonoraenequipo.com.mx\/#\/schema\/logo\/image\/\",\"url\":\"https:\/\/www.sonoraenequipo.com.mx\/storage\/2019\/01\/sonoraenequipo_opt.png\",\"contentUrl\":\"https:\/\/www.sonoraenequipo.com.mx\/storage\/2019\/01\/sonoraenequipo_opt.png\",\"width\":375,\"height\":125,\"caption\":\"Sonoraenequipo.com.mx\"},\"image\":{\"@id\":\"https:\/\/www.sonoraenequipo.com.mx\/#\/schema\/logo\/image\/\"},\"sameAs\":[\"https:\/\/www.facebook.com\/SonoraEE\/\",\"https:\/\/x.com\/sonoraenequipo\",\"https:\/\/www.youtube.com\/channel\/UC338nW-lPEYmJQs4ZABQ1SQ\"]},{\"@type\":\"Person\",\"@id\":\"https:\/\/www.sonoraenequipo.com.mx\/#\/schema\/person\/50102df0fb23a8fa9e8effad8fa81386\",\"name\":\"enequipo\",\"image\":{\"@type\":\"ImageObject\",\"inLanguage\":\"es\",\"@id\":\"https:\/\/www.sonoraenequipo.com.mx\/#\/schema\/person\/image\/\",\"url\":\"https:\/\/secure.gravatar.com\/avatar\/049821681b589dabc0bc20695993ccebb09f5b5d4d790cd9251b97faac7c652b?s=96&d=blank&r=g\",\"contentUrl\":\"https:\/\/secure.gravatar.com\/avatar\/049821681b589dabc0bc20695993ccebb09f5b5d4d790cd9251b97faac7c652b?s=96&d=blank&r=g\",\"caption\":\"enequipo\"},\"sameAs\":[\"https:\/\/www.facebook.com\/SonoraEE\"]}]}<\/script>\n ","yoast_head_json":{"title":"Sonora en Equipo. Llega tercera ola de COVID-19 a Sonora; llama Salud a extremar medidas contra contagios Sonora","description":"Supera la entidad los 200 casos diarios por Coronavirus Ocupaci\u00f3n hospitalaria a nivel estatal al 39% en hospitales p\u00fablicos y 55% en hospitales privados. En Sonora en Equipo publicamos toda la informaci\u00f3n de Sonora, M\u00e9xico y el Mundo de manera oportuna y busca que la libertad de expresi\u00f3n sea real. Visita nuestro medio informativo publicado desde Hermosillo, Sonora. %","robots":{"index":"index","follow":"follow","max-snippet":"max-snippet:-1","max-image-preview":"max-image-preview:large","max-video-preview":"max-video-preview:-1"},"canonical":"https:\/\/www.sonoraenequipo.com.mx\/llega-tercera-ola-de-covid-19-a-sonora-llama-salud-a-extremar-medidas-contra-contagios\/","og_locale":"es_ES","og_type":"article","og_title":"Sonora en Equipo. Llega tercera ola de COVID-19 a Sonora; llama Salud a extremar medidas contra contagios Sonora","og_description":"Supera la entidad los 200 casos diarios por Coronavirus Ocupaci\u00f3n hospitalaria a nivel estatal al 39% en hospitales p\u00fablicos y 55% en hospitales privados. En Sonora en Equipo publicamos toda la informaci\u00f3n de Sonora, M\u00e9xico y el Mundo de manera oportuna y busca que la libertad de expresi\u00f3n sea real. Visita nuestro medio informativo publicado desde Hermosillo, Sonora. %","og_url":"https:\/\/www.sonoraenequipo.com.mx\/llega-tercera-ola-de-covid-19-a-sonora-llama-salud-a-extremar-medidas-contra-contagios\/","og_site_name":"Sonora en Equipo.","article_publisher":"https:\/\/www.facebook.com\/SonoraEE\/","article_author":"https:\/\/www.facebook.com\/SonoraEE","article_published_time":"2021-07-11T05:56:35+00:00","article_modified_time":"2021-07-11T19:51:28+00:00","og_image":[{"width":700,"height":397,"url":"https:\/\/www.sonoraenequipo.com.mx\/storage\/2021\/07\/enfermo-covid.jpg","type":"image\/jpeg"}],"author":"enequipo","twitter_card":"summary_large_image","twitter_creator":"@sonoraenequipo","twitter_site":"@sonoraenequipo","twitter_misc":{"Escrito por":"enequipo","Tiempo de lectura":"2 minutos"},"schema":{"@context":"https:\/\/schema.org","@graph":[{"@type":"Article","@id":"https:\/\/www.sonoraenequipo.com.mx\/llega-tercera-ola-de-covid-19-a-sonora-llama-salud-a-extremar-medidas-contra-contagios\/#article","isPartOf":{"@id":"https:\/\/www.sonoraenequipo.com.mx\/llega-tercera-ola-de-covid-19-a-sonora-llama-salud-a-extremar-medidas-contra-contagios\/"},"author":{"name":"enequipo","@id":"https:\/\/www.sonoraenequipo.com.mx\/#\/schema\/person\/50102df0fb23a8fa9e8effad8fa81386"},"headline":"Llega tercera ola de COVID-19 a Sonora; llama Salud a extremar medidas contra contagios","datePublished":"2021-07-11T05:56:35+00:00","dateModified":"2021-07-11T19:51:28+00:00","mainEntityOfPage":{"@id":"https:\/\/www.sonoraenequipo.com.mx\/llega-tercera-ola-de-covid-19-a-sonora-llama-salud-a-extremar-medidas-contra-contagios\/"},"wordCount":468,"commentCount":0,"publisher":{"@id":"https:\/\/www.sonoraenequipo.com.mx\/#organization"},"image":{"@id":"https:\/\/www.sonoraenequipo.com.mx\/llega-tercera-ola-de-covid-19-a-sonora-llama-salud-a-extremar-medidas-contra-contagios\/#primaryimage"},"thumbnailUrl":"https:\/\/www.sonoraenequipo.com.mx\/storage\/2021\/07\/enfermo-covid.jpg","keywords":["covid","Sonora"],"articleSection":["Sonora"],"inLanguage":"es","potentialAction":[{"@type":"CommentAction","name":"Comment","target":["https:\/\/www.sonoraenequipo.com.mx\/llega-tercera-ola-de-covid-19-a-sonora-llama-salud-a-extremar-medidas-contra-contagios\/#respond"]}]},{"@type":"WebPage","@id":"https:\/\/www.sonoraenequipo.com.mx\/llega-tercera-ola-de-covid-19-a-sonora-llama-salud-a-extremar-medidas-contra-contagios\/","url":"https:\/\/www.sonoraenequipo.com.mx\/llega-tercera-ola-de-covid-19-a-sonora-llama-salud-a-extremar-medidas-contra-contagios\/","name":"Sonora en Equipo. Llega tercera ola de COVID-19 a Sonora; llama Salud a extremar medidas contra contagios Sonora","isPartOf":{"@id":"https:\/\/www.sonoraenequipo.com.mx\/#website"},"primaryImageOfPage":{"@id":"https:\/\/www.sonoraenequipo.com.mx\/llega-tercera-ola-de-covid-19-a-sonora-llama-salud-a-extremar-medidas-contra-contagios\/#primaryimage"},"image":{"@id":"https:\/\/www.sonoraenequipo.com.mx\/llega-tercera-ola-de-covid-19-a-sonora-llama-salud-a-extremar-medidas-contra-contagios\/#primaryimage"},"thumbnailUrl":"https:\/\/www.sonoraenequipo.com.mx\/storage\/2021\/07\/enfermo-covid.jpg","datePublished":"2021-07-11T05:56:35+00:00","dateModified":"2021-07-11T19:51:28+00:00","description":"Supera la entidad los 200 casos diarios por Coronavirus Ocupaci\u00f3n hospitalaria a nivel estatal al 39% en hospitales p\u00fablicos y 55% en hospitales privados. En Sonora en Equipo publicamos toda la informaci\u00f3n de Sonora, M\u00e9xico y el Mundo de manera oportuna y busca que la libertad de expresi\u00f3n sea real. Visita nuestro medio informativo publicado desde Hermosillo, Sonora. %","breadcrumb":{"@id":"https:\/\/www.sonoraenequipo.com.mx\/llega-tercera-ola-de-covid-19-a-sonora-llama-salud-a-extremar-medidas-contra-contagios\/#breadcrumb"},"inLanguage":"es","potentialAction":[{"@type":"ReadAction","target":["https:\/\/www.sonoraenequipo.com.mx\/llega-tercera-ola-de-covid-19-a-sonora-llama-salud-a-extremar-medidas-contra-contagios\/"]}]},{"@type":"ImageObject","inLanguage":"es","@id":"https:\/\/www.sonoraenequipo.com.mx\/llega-tercera-ola-de-covid-19-a-sonora-llama-salud-a-extremar-medidas-contra-contagios\/#primaryimage","url":"https:\/\/www.sonoraenequipo.com.mx\/storage\/2021\/07\/enfermo-covid.jpg","contentUrl":"https:\/\/www.sonoraenequipo.com.mx\/storage\/2021\/07\/enfermo-covid.jpg","width":700,"height":397},{"@type":"BreadcrumbList","@id":"https:\/\/www.sonoraenequipo.com.mx\/llega-tercera-ola-de-covid-19-a-sonora-llama-salud-a-extremar-medidas-contra-contagios\/#breadcrumb","itemListElement":[{"@type":"ListItem","position":1,"name":"Portada","item":"https:\/\/www.sonoraenequipo.com.mx\/"},{"@type":"ListItem","position":2,"name":"Llega tercera ola de COVID-19 a Sonora; llama Salud a extremar medidas contra contagios"}]},{"@type":"WebSite","@id":"https:\/\/www.sonoraenequipo.com.mx\/#website","url":"https:\/\/www.sonoraenequipo.com.mx\/","name":"Sonora en Equipo.","description":"Diario en l\u00ednea con Noticias desde Hermosillo, Sonora","publisher":{"@id":"https:\/\/www.sonoraenequipo.com.mx\/#organization"},"potentialAction":[{"@type":"SearchAction","target":{"@type":"EntryPoint","urlTemplate":"https:\/\/www.sonoraenequipo.com.mx\/?s={search_term_string}"},"query-input":{"@type":"PropertyValueSpecification","valueRequired":true,"valueName":"search_term_string"}}],"inLanguage":"es"},{"@type":"Organization","@id":"https:\/\/www.sonoraenequipo.com.mx\/#organization","name":"Sonoraenequipo.com.mx","url":"https:\/\/www.sonoraenequipo.com.mx\/","logo":{"@type":"ImageObject","inLanguage":"es","@id":"https:\/\/www.sonoraenequipo.com.mx\/#\/schema\/logo\/image\/","url":"https:\/\/www.sonoraenequipo.com.mx\/storage\/2019\/01\/sonoraenequipo_opt.png","contentUrl":"https:\/\/www.sonoraenequipo.com.mx\/storage\/2019\/01\/sonoraenequipo_opt.png","width":375,"height":125,"caption":"Sonoraenequipo.com.mx"},"image":{"@id":"https:\/\/www.sonoraenequipo.com.mx\/#\/schema\/logo\/image\/"},"sameAs":["https:\/\/www.facebook.com\/SonoraEE\/","https:\/\/x.com\/sonoraenequipo","https:\/\/www.youtube.com\/channel\/UC338nW-lPEYmJQs4ZABQ1SQ"]},{"@type":"Person","@id":"https:\/\/www.sonoraenequipo.com.mx\/#\/schema\/person\/50102df0fb23a8fa9e8effad8fa81386","name":"enequipo","image":{"@type":"ImageObject","inLanguage":"es","@id":"https:\/\/www.sonoraenequipo.com.mx\/#\/schema\/person\/image\/","url":"https:\/\/secure.gravatar.com\/avatar\/049821681b589dabc0bc20695993ccebb09f5b5d4d790cd9251b97faac7c652b?s=96&d=blank&r=g","contentUrl":"https:\/\/secure.gravatar.com\/avatar\/049821681b589dabc0bc20695993ccebb09f5b5d4d790cd9251b97faac7c652b?s=96&d=blank&r=g","caption":"enequipo"},"sameAs":["https:\/\/www.facebook.com\/SonoraEE"]}]}},"jetpack_featured_media_url":"https:\/\/www.sonoraenequipo.com.mx\/storage\/2021\/07\/enfermo-covid.jpg","_links":{"self":[{"href":"https:\/\/www.sonoraenequipo.com.mx\/api\/wp\/v2\/posts\/118146","targetHints":{"allow":["GET"]}}],"collection":[{"href":"https:\/\/www.sonoraenequipo.com.mx\/api\/wp\/v2\/posts"}],"about":[{"href":"https:\/\/www.sonoraenequipo.com.mx\/api\/wp\/v2\/types\/post"}],"author":[{"embeddable":true,"href":"https:\/\/www.sonoraenequipo.com.mx\/api\/wp\/v2\/users\/1"}],"replies":[{"embeddable":true,"href":"https:\/\/www.sonoraenequipo.com.mx\/api\/wp\/v2\/comments?post=118146"}],"version-history":[{"count":1,"href":"https:\/\/www.sonoraenequipo.com.mx\/api\/wp\/v2\/posts\/118146\/revisions"}],"predecessor-version":[{"id":118148,"href":"https:\/\/www.sonoraenequipo.com.mx\/api\/wp\/v2\/posts\/118146\/revisions\/118148"}],"wp:featuredmedia":[{"embeddable":true,"href":"https:\/\/www.sonoraenequipo.com.mx\/api\/wp\/v2\/media\/118147"}],"wp:attachment":[{"href":"https:\/\/www.sonoraenequipo.com.mx\/api\/wp\/v2\/media?parent=118146"}],"wp:term":[{"taxonomy":"category","embeddable":true,"href":"https:\/\/www.sonoraenequipo.com.mx\/api\/wp\/v2\/categories?post=118146"},{"taxonomy":"post_tag","embeddable":true,"href":"https:\/\/www.sonoraenequipo.com.mx\/api\/wp\/v2\/tags?post=118146"}],"curies":[{"name":"wp","href":"https:\/\/api.w.org\/{rel}","templated":true}]}}