{"id":118170,"date":"2021-07-10T19:15:43","date_gmt":"2021-07-11T02:15:43","guid":{"rendered":"https:\/\/www.sonoraenequipo.com.mx\/?p=118170"},"modified":"2021-07-11T12:04:49","modified_gmt":"2021-07-11T19:04:49","slug":"cndh-aplaude-participacion-de-rosa-icela-rodriguez-para-llevar-paz-en-aguililla","status":"publish","type":"post","link":"https:\/\/www.sonoraenequipo.com.mx\/cndh-aplaude-participacion-de-rosa-icela-rodriguez-para-llevar-paz-en-aguililla\/","title":{"rendered":"CNDH aplaude participaci\u00f3n de Rosa Icela Rodr\u00edguez para llevar paz en Aguililla"},"content":{"rendered":"<p>CIUDAD DE M\u00c9XICO. MX. \u2014 La secretar\u00eda de Seguridad y Protecci\u00f3n Ciudadana, Rosa Icela Rodr\u00edguez, fue designada por el presidente de la Rep\u00fablica, Andr\u00e9s Manuel L\u00f3pez Obrador, como encargada del Programa de Bienestar Integral en Aguililla, Michoac\u00e1n.<\/p>\n<p>&nbsp;<\/p>\n<p> <\/p>\n<p>&nbsp;<\/p>\n<p>Vamos a dar respuesta a la problem\u00e1tica en Michoac\u00e1n, pero con apoyos sociales, no con violencia porque la convocatoria es a la paz.<\/p>\n<p>&nbsp;<\/p>\n<p>Este acto fue reconocido por la Comisi\u00f3n Nacional de los Derechos Humanos (CNDH), que se\u00f1al\u00f3 v\u00eda Twitter que su designaci\u00f3n brindar\u00e1 garant\u00eda y respeto de los derechos humanos.<\/p>\n<p>&nbsp;<\/p>\n<p>Cabe destacar que el mandatario federal dijo que el Plan incluye un reforzamiento de programas sociales y una sucursal del Banco del Bienestar, adem\u00e1s de otras acciones.<\/p>\n<p>&nbsp;<\/p>\n<p>Est\u00e1n pidiendo en Aguililla, que me dio mucho gusto, que se construya un Banco de Bienestar, ya est\u00e1 autorizado, y se van a reforzar los programas sociales, la atenci\u00f3n a j\u00f3venes, becas, el apoyo como lo vengo explicando a los adultos mayores, el apoyo para productores, no solo en Aguililla sino en toda la regi\u00f3n, se va a reforzar todo el plan de Bienestar.<\/p>\n<p>&nbsp;<\/p>\n<p>Autoridades del estado mexicano de Michoac\u00e1n, en el oeste de M\u00e9xico, lanzaron este viernes una nueva ofensiva contra grupos del crimen organizado que, desde hace siete meses, mantienen una crisis humanitaria y de seguridad en el municipio de Aguililla.<\/p>\n<p>&nbsp;<\/p>\n<h3>Antecedentes<\/h3>\n<p>&nbsp;<\/p>\n<p>El gobierno de Michoac\u00e1n inform\u00f3 que este nuevo operativo est\u00e1 dirigido contra las organizaciones criminales C\u00e1rtel Jalisco Nueva Generaci\u00f3n (CJNG) y La Nueva Familia Michoacana, esta \u00faltima con su brazo armado de Los Viagras.<\/p>\n<p>&nbsp;<\/p>\n<p>En la ofensiva participan mil agentes de la Polic\u00eda Estatal, quienes operar\u00e1n 120 patrullas, entre veh\u00edculos todo terreno, camiones, ambulancias y unidades con blindaje y artiller\u00eda.<\/p>\n<p>&nbsp;<\/p>\n<p>La Secretar\u00eda de Seguridad P\u00fablica (SSP) estatal revel\u00f3 en un reporte que los polic\u00edas tienen como objetivo <em>\u00abreestablecer la circulaci\u00f3n en el tramo carretero que une los municipios de Aguililla con Buenavista Tomatl\u00e1n y Apatzing\u00e1n\u00bb<\/em>, donde los sicarios mantienen socavones y barricadas para evitar el paso de alimentos, medicamentos y productos de primera necesidad para Aguililla.<\/p>\n<p><a class=\"twitter-timeline\" data-width=\"640\" data-height=\"960\" data-dnt=\"true\" href=\"https:\/\/twitter.com\/CNDH?ref_src=twsrc%5Etfw\">Tweets by CNDH<\/a><script async src=\"https:\/\/platform.twitter.com\/widgets.js\" charset=\"utf-8\"><\/script><\/p>\n<p>&nbsp;<\/p>\n<p>&nbsp;<\/p>\n<p>&nbsp;<\/p>\n<p>(Publicada el 10\/07\/2021 Con informaci\u00f3n de Hanzel Forteza)<\/p>\n","protected":false},"excerpt":{"rendered":"<p>CIUDAD DE M\u00c9XICO. MX. \u2014 La secretar\u00eda de Seguridad y Protecci\u00f3n Ciudadana, Rosa Icela Rodr\u00edguez,&#8230;<\/p>\n","protected":false},"author":1,"featured_media":118157,"comment_status":"open","ping_status":"open","sticky":false,"template":"","format":"standard","meta":{"_monsterinsights_skip_tracking":false,"_monsterinsights_sitenote_active":false,"_monsterinsights_sitenote_note":"","_monsterinsights_sitenote_category":0,"footnotes":""},"categories":[5],"tags":[],"class_list":["post"],"yoast_head":" \n<title>Sonora en Equipo. CNDH aplaude participaci\u00f3n de Rosa Icela Rodr\u00edguez para llevar paz en Aguililla Rep\u00fablica<\/title>\n<meta name=\"description\" content=\"CIUDAD DE M\u00c9XICO. MX. \u2014 La secretar\u00eda de Seguridad y Protecci\u00f3n Ciudadana, Rosa Icela Rodr\u00edguez, fue designada por el presidente de la Rep\u00fablica, Andr\u00e9s En Sonora en Equipo publicamos toda la informaci\u00f3n de Sonora, M\u00e9xico y el Mundo de manera oportuna y busca que la libertad de expresi\u00f3n sea real. Visita nuestro medio informativo publicado desde Hermosillo, Sonora. %\" \/>\n<meta name=\"robots\" content=\"index, follow, max-snippet:-1, max-image-preview:large, max-video-preview:-1\" \/>\n<link rel=\"canonical\" href=\"https:\/\/www.sonoraenequipo.com.mx\/cndh-aplaude-participacion-de-rosa-icela-rodriguez-para-llevar-paz-en-aguililla\/\" \/>\n<meta property=\"og:locale\" content=\"es_ES\" \/>\n<meta property=\"og:type\" content=\"article\" \/>\n<meta property=\"og:title\" content=\"Sonora en Equipo. CNDH aplaude participaci\u00f3n de Rosa Icela Rodr\u00edguez para llevar paz en Aguililla Rep\u00fablica\" \/>\n<meta property=\"og:description\" content=\"CIUDAD DE M\u00c9XICO. MX. \u2014 La secretar\u00eda de Seguridad y Protecci\u00f3n Ciudadana, Rosa Icela Rodr\u00edguez, fue designada por el presidente de la Rep\u00fablica, Andr\u00e9s En Sonora en Equipo publicamos toda la informaci\u00f3n de Sonora, M\u00e9xico y el Mundo de manera oportuna y busca que la libertad de expresi\u00f3n sea real. Visita nuestro medio informativo publicado desde Hermosillo, Sonora. %\" \/>\n<meta property=\"og:url\" content=\"https:\/\/www.sonoraenequipo.com.mx\/cndh-aplaude-participacion-de-rosa-icela-rodriguez-para-llevar-paz-en-aguililla\/\" \/>\n<meta property=\"og:site_name\" content=\"Sonora en Equipo.\" \/>\n<meta property=\"article:publisher\" content=\"https:\/\/www.facebook.com\/SonoraEE\/\" \/>\n<meta property=\"article:author\" content=\"https:\/\/www.facebook.com\/SonoraEE\" \/>\n<meta property=\"article:published_time\" content=\"2021-07-11T02:15:43+00:00\" \/>\n<meta property=\"article:modified_time\" content=\"2021-07-11T19:04:49+00:00\" \/>\n<meta property=\"og:image\" content=\"https:\/\/www.sonoraenequipo.com.mx\/storage\/2021\/07\/rosa-icela-rodriguez_opt.jpg\" \/>\n\t<meta property=\"og:image:width\" content=\"700\" \/>\n\t<meta property=\"og:image:height\" content=\"400\" \/>\n\t<meta property=\"og:image:type\" content=\"image\/jpeg\" \/>\n<meta name=\"author\" content=\"enequipo\" \/>\n<meta name=\"twitter:card\" content=\"summary_large_image\" \/>\n<meta name=\"twitter:creator\" content=\"@sonoraenequipo\" \/>\n<meta name=\"twitter:site\" content=\"@sonoraenequipo\" \/>\n<meta name=\"twitter:label1\" content=\"Escrito por\" \/>\n\t<meta name=\"twitter:data1\" content=\"enequipo\" \/>\n\t<meta name=\"twitter:label2\" content=\"Tiempo de lectura\" \/>\n\t<meta name=\"twitter:data2\" content=\"2 minutos\" \/>\n<script type=\"application\/ld+json\" class=\"yoast-schema-graph\">{\"@context\":\"https:\/\/schema.org\",\"@graph\":[{\"@type\":\"Article\",\"@id\":\"https:\/\/www.sonoraenequipo.com.mx\/cndh-aplaude-participacion-de-rosa-icela-rodriguez-para-llevar-paz-en-aguililla\/#article\",\"isPartOf\":{\"@id\":\"https:\/\/www.sonoraenequipo.com.mx\/cndh-aplaude-participacion-de-rosa-icela-rodriguez-para-llevar-paz-en-aguililla\/\"},\"author\":{\"name\":\"enequipo\",\"@id\":\"https:\/\/www.sonoraenequipo.com.mx\/#\/schema\/person\/50102df0fb23a8fa9e8effad8fa81386\"},\"headline\":\"CNDH aplaude participaci\u00f3n de Rosa Icela Rodr\u00edguez para llevar paz en Aguililla\",\"datePublished\":\"2021-07-11T02:15:43+00:00\",\"dateModified\":\"2021-07-11T19:04:49+00:00\",\"mainEntityOfPage\":{\"@id\":\"https:\/\/www.sonoraenequipo.com.mx\/cndh-aplaude-participacion-de-rosa-icela-rodriguez-para-llevar-paz-en-aguililla\/\"},\"wordCount\":407,\"commentCount\":0,\"publisher\":{\"@id\":\"https:\/\/www.sonoraenequipo.com.mx\/#organization\"},\"image\":{\"@id\":\"https:\/\/www.sonoraenequipo.com.mx\/cndh-aplaude-participacion-de-rosa-icela-rodriguez-para-llevar-paz-en-aguililla\/#primaryimage\"},\"thumbnailUrl\":\"https:\/\/www.sonoraenequipo.com.mx\/storage\/2021\/07\/rosa-icela-rodriguez_opt.jpg\",\"articleSection\":[\"Rep\u00fablica\"],\"inLanguage\":\"es\",\"potentialAction\":[{\"@type\":\"CommentAction\",\"name\":\"Comment\",\"target\":[\"https:\/\/www.sonoraenequipo.com.mx\/cndh-aplaude-participacion-de-rosa-icela-rodriguez-para-llevar-paz-en-aguililla\/#respond\"]}]},{\"@type\":\"WebPage\",\"@id\":\"https:\/\/www.sonoraenequipo.com.mx\/cndh-aplaude-participacion-de-rosa-icela-rodriguez-para-llevar-paz-en-aguililla\/\",\"url\":\"https:\/\/www.sonoraenequipo.com.mx\/cndh-aplaude-participacion-de-rosa-icela-rodriguez-para-llevar-paz-en-aguililla\/\",\"name\":\"Sonora en Equipo. CNDH aplaude participaci\u00f3n de Rosa Icela Rodr\u00edguez para llevar paz en Aguililla Rep\u00fablica\",\"isPartOf\":{\"@id\":\"https:\/\/www.sonoraenequipo.com.mx\/#website\"},\"primaryImageOfPage\":{\"@id\":\"https:\/\/www.sonoraenequipo.com.mx\/cndh-aplaude-participacion-de-rosa-icela-rodriguez-para-llevar-paz-en-aguililla\/#primaryimage\"},\"image\":{\"@id\":\"https:\/\/www.sonoraenequipo.com.mx\/cndh-aplaude-participacion-de-rosa-icela-rodriguez-para-llevar-paz-en-aguililla\/#primaryimage\"},\"thumbnailUrl\":\"https:\/\/www.sonoraenequipo.com.mx\/storage\/2021\/07\/rosa-icela-rodriguez_opt.jpg\",\"datePublished\":\"2021-07-11T02:15:43+00:00\",\"dateModified\":\"2021-07-11T19:04:49+00:00\",\"description\":\"CIUDAD DE M\u00c9XICO. MX. \u2014 La secretar\u00eda de Seguridad y Protecci\u00f3n Ciudadana, Rosa Icela Rodr\u00edguez, fue designada por el presidente de la Rep\u00fablica, Andr\u00e9s En Sonora en Equipo publicamos toda la informaci\u00f3n de Sonora, M\u00e9xico y el Mundo de manera oportuna y busca que la libertad de expresi\u00f3n sea real. Visita nuestro medio informativo publicado desde Hermosillo, Sonora. %\",\"breadcrumb\":{\"@id\":\"https:\/\/www.sonoraenequipo.com.mx\/cndh-aplaude-participacion-de-rosa-icela-rodriguez-para-llevar-paz-en-aguililla\/#breadcrumb\"},\"inLanguage\":\"es\",\"potentialAction\":[{\"@type\":\"ReadAction\",\"target\":[\"https:\/\/www.sonoraenequipo.com.mx\/cndh-aplaude-participacion-de-rosa-icela-rodriguez-para-llevar-paz-en-aguililla\/\"]}]},{\"@type\":\"ImageObject\",\"inLanguage\":\"es\",\"@id\":\"https:\/\/www.sonoraenequipo.com.mx\/cndh-aplaude-participacion-de-rosa-icela-rodriguez-para-llevar-paz-en-aguililla\/#primaryimage\",\"url\":\"https:\/\/www.sonoraenequipo.com.mx\/storage\/2021\/07\/rosa-icela-rodriguez_opt.jpg\",\"contentUrl\":\"https:\/\/www.sonoraenequipo.com.mx\/storage\/2021\/07\/rosa-icela-rodriguez_opt.jpg\",\"width\":700,\"height\":400},{\"@type\":\"BreadcrumbList\",\"@id\":\"https:\/\/www.sonoraenequipo.com.mx\/cndh-aplaude-participacion-de-rosa-icela-rodriguez-para-llevar-paz-en-aguililla\/#breadcrumb\",\"itemListElement\":[{\"@type\":\"ListItem\",\"position\":1,\"name\":\"Portada\",\"item\":\"https:\/\/www.sonoraenequipo.com.mx\/\"},{\"@type\":\"ListItem\",\"position\":2,\"name\":\"CNDH aplaude participaci\u00f3n de Rosa Icela Rodr\u00edguez para llevar paz en Aguililla\"}]},{\"@type\":\"WebSite\",\"@id\":\"https:\/\/www.sonoraenequipo.com.mx\/#website\",\"url\":\"https:\/\/www.sonoraenequipo.com.mx\/\",\"name\":\"Sonora en Equipo.\",\"description\":\"Diario en l\u00ednea con Noticias desde Hermosillo, Sonora\",\"publisher\":{\"@id\":\"https:\/\/www.sonoraenequipo.com.mx\/#organization\"},\"potentialAction\":[{\"@type\":\"SearchAction\",\"target\":{\"@type\":\"EntryPoint\",\"urlTemplate\":\"https:\/\/www.sonoraenequipo.com.mx\/?s={search_term_string}\"},\"query-input\":{\"@type\":\"PropertyValueSpecification\",\"valueRequired\":true,\"valueName\":\"search_term_string\"}}],\"inLanguage\":\"es\"},{\"@type\":\"Organization\",\"@id\":\"https:\/\/www.sonoraenequipo.com.mx\/#organization\",\"name\":\"Sonoraenequipo.com.mx\",\"url\":\"https:\/\/www.sonoraenequipo.com.mx\/\",\"logo\":{\"@type\":\"ImageObject\",\"inLanguage\":\"es\",\"@id\":\"https:\/\/www.sonoraenequipo.com.mx\/#\/schema\/logo\/image\/\",\"url\":\"https:\/\/www.sonoraenequipo.com.mx\/storage\/2019\/01\/sonoraenequipo_opt.png\",\"contentUrl\":\"https:\/\/www.sonoraenequipo.com.mx\/storage\/2019\/01\/sonoraenequipo_opt.png\",\"width\":375,\"height\":125,\"caption\":\"Sonoraenequipo.com.mx\"},\"image\":{\"@id\":\"https:\/\/www.sonoraenequipo.com.mx\/#\/schema\/logo\/image\/\"},\"sameAs\":[\"https:\/\/www.facebook.com\/SonoraEE\/\",\"https:\/\/x.com\/sonoraenequipo\",\"https:\/\/www.youtube.com\/channel\/UC338nW-lPEYmJQs4ZABQ1SQ\"]},{\"@type\":\"Person\",\"@id\":\"https:\/\/www.sonoraenequipo.com.mx\/#\/schema\/person\/50102df0fb23a8fa9e8effad8fa81386\",\"name\":\"enequipo\",\"image\":{\"@type\":\"ImageObject\",\"inLanguage\":\"es\",\"@id\":\"https:\/\/www.sonoraenequipo.com.mx\/#\/schema\/person\/image\/\",\"url\":\"https:\/\/secure.gravatar.com\/avatar\/049821681b589dabc0bc20695993ccebb09f5b5d4d790cd9251b97faac7c652b?s=96&d=blank&r=g\",\"contentUrl\":\"https:\/\/secure.gravatar.com\/avatar\/049821681b589dabc0bc20695993ccebb09f5b5d4d790cd9251b97faac7c652b?s=96&d=blank&r=g\",\"caption\":\"enequipo\"},\"sameAs\":[\"https:\/\/www.facebook.com\/SonoraEE\"]}]}<\/script>\n ","yoast_head_json":{"title":"Sonora en Equipo. CNDH aplaude participaci\u00f3n de Rosa Icela Rodr\u00edguez para llevar paz en Aguililla Rep\u00fablica","description":"CIUDAD DE M\u00c9XICO. MX. \u2014 La secretar\u00eda de Seguridad y Protecci\u00f3n Ciudadana, Rosa Icela Rodr\u00edguez, fue designada por el presidente de la Rep\u00fablica, Andr\u00e9s En Sonora en Equipo publicamos toda la informaci\u00f3n de Sonora, M\u00e9xico y el Mundo de manera oportuna y busca que la libertad de expresi\u00f3n sea real. Visita nuestro medio informativo publicado desde Hermosillo, Sonora. %","robots":{"index":"index","follow":"follow","max-snippet":"max-snippet:-1","max-image-preview":"max-image-preview:large","max-video-preview":"max-video-preview:-1"},"canonical":"https:\/\/www.sonoraenequipo.com.mx\/cndh-aplaude-participacion-de-rosa-icela-rodriguez-para-llevar-paz-en-aguililla\/","og_locale":"es_ES","og_type":"article","og_title":"Sonora en Equipo. CNDH aplaude participaci\u00f3n de Rosa Icela Rodr\u00edguez para llevar paz en Aguililla Rep\u00fablica","og_description":"CIUDAD DE M\u00c9XICO. MX. \u2014 La secretar\u00eda de Seguridad y Protecci\u00f3n Ciudadana, Rosa Icela Rodr\u00edguez, fue designada por el presidente de la Rep\u00fablica, Andr\u00e9s En Sonora en Equipo publicamos toda la informaci\u00f3n de Sonora, M\u00e9xico y el Mundo de manera oportuna y busca que la libertad de expresi\u00f3n sea real. Visita nuestro medio informativo publicado desde Hermosillo, Sonora. %","og_url":"https:\/\/www.sonoraenequipo.com.mx\/cndh-aplaude-participacion-de-rosa-icela-rodriguez-para-llevar-paz-en-aguililla\/","og_site_name":"Sonora en Equipo.","article_publisher":"https:\/\/www.facebook.com\/SonoraEE\/","article_author":"https:\/\/www.facebook.com\/SonoraEE","article_published_time":"2021-07-11T02:15:43+00:00","article_modified_time":"2021-07-11T19:04:49+00:00","og_image":[{"width":700,"height":400,"url":"https:\/\/www.sonoraenequipo.com.mx\/storage\/2021\/07\/rosa-icela-rodriguez_opt.jpg","type":"image\/jpeg"}],"author":"enequipo","twitter_card":"summary_large_image","twitter_creator":"@sonoraenequipo","twitter_site":"@sonoraenequipo","twitter_misc":{"Escrito por":"enequipo","Tiempo de lectura":"2 minutos"},"schema":{"@context":"https:\/\/schema.org","@graph":[{"@type":"Article","@id":"https:\/\/www.sonoraenequipo.com.mx\/cndh-aplaude-participacion-de-rosa-icela-rodriguez-para-llevar-paz-en-aguililla\/#article","isPartOf":{"@id":"https:\/\/www.sonoraenequipo.com.mx\/cndh-aplaude-participacion-de-rosa-icela-rodriguez-para-llevar-paz-en-aguililla\/"},"author":{"name":"enequipo","@id":"https:\/\/www.sonoraenequipo.com.mx\/#\/schema\/person\/50102df0fb23a8fa9e8effad8fa81386"},"headline":"CNDH aplaude participaci\u00f3n de Rosa Icela Rodr\u00edguez para llevar paz en Aguililla","datePublished":"2021-07-11T02:15:43+00:00","dateModified":"2021-07-11T19:04:49+00:00","mainEntityOfPage":{"@id":"https:\/\/www.sonoraenequipo.com.mx\/cndh-aplaude-participacion-de-rosa-icela-rodriguez-para-llevar-paz-en-aguililla\/"},"wordCount":407,"commentCount":0,"publisher":{"@id":"https:\/\/www.sonoraenequipo.com.mx\/#organization"},"image":{"@id":"https:\/\/www.sonoraenequipo.com.mx\/cndh-aplaude-participacion-de-rosa-icela-rodriguez-para-llevar-paz-en-aguililla\/#primaryimage"},"thumbnailUrl":"https:\/\/www.sonoraenequipo.com.mx\/storage\/2021\/07\/rosa-icela-rodriguez_opt.jpg","articleSection":["Rep\u00fablica"],"inLanguage":"es","potentialAction":[{"@type":"CommentAction","name":"Comment","target":["https:\/\/www.sonoraenequipo.com.mx\/cndh-aplaude-participacion-de-rosa-icela-rodriguez-para-llevar-paz-en-aguililla\/#respond"]}]},{"@type":"WebPage","@id":"https:\/\/www.sonoraenequipo.com.mx\/cndh-aplaude-participacion-de-rosa-icela-rodriguez-para-llevar-paz-en-aguililla\/","url":"https:\/\/www.sonoraenequipo.com.mx\/cndh-aplaude-participacion-de-rosa-icela-rodriguez-para-llevar-paz-en-aguililla\/","name":"Sonora en Equipo. CNDH aplaude participaci\u00f3n de Rosa Icela Rodr\u00edguez para llevar paz en Aguililla Rep\u00fablica","isPartOf":{"@id":"https:\/\/www.sonoraenequipo.com.mx\/#website"},"primaryImageOfPage":{"@id":"https:\/\/www.sonoraenequipo.com.mx\/cndh-aplaude-participacion-de-rosa-icela-rodriguez-para-llevar-paz-en-aguililla\/#primaryimage"},"image":{"@id":"https:\/\/www.sonoraenequipo.com.mx\/cndh-aplaude-participacion-de-rosa-icela-rodriguez-para-llevar-paz-en-aguililla\/#primaryimage"},"thumbnailUrl":"https:\/\/www.sonoraenequipo.com.mx\/storage\/2021\/07\/rosa-icela-rodriguez_opt.jpg","datePublished":"2021-07-11T02:15:43+00:00","dateModified":"2021-07-11T19:04:49+00:00","description":"CIUDAD DE M\u00c9XICO. MX. \u2014 La secretar\u00eda de Seguridad y Protecci\u00f3n Ciudadana, Rosa Icela Rodr\u00edguez, fue designada por el presidente de la Rep\u00fablica, Andr\u00e9s En Sonora en Equipo publicamos toda la informaci\u00f3n de Sonora, M\u00e9xico y el Mundo de manera oportuna y busca que la libertad de expresi\u00f3n sea real. Visita nuestro medio informativo publicado desde Hermosillo, Sonora. %","breadcrumb":{"@id":"https:\/\/www.sonoraenequipo.com.mx\/cndh-aplaude-participacion-de-rosa-icela-rodriguez-para-llevar-paz-en-aguililla\/#breadcrumb"},"inLanguage":"es","potentialAction":[{"@type":"ReadAction","target":["https:\/\/www.sonoraenequipo.com.mx\/cndh-aplaude-participacion-de-rosa-icela-rodriguez-para-llevar-paz-en-aguililla\/"]}]},{"@type":"ImageObject","inLanguage":"es","@id":"https:\/\/www.sonoraenequipo.com.mx\/cndh-aplaude-participacion-de-rosa-icela-rodriguez-para-llevar-paz-en-aguililla\/#primaryimage","url":"https:\/\/www.sonoraenequipo.com.mx\/storage\/2021\/07\/rosa-icela-rodriguez_opt.jpg","contentUrl":"https:\/\/www.sonoraenequipo.com.mx\/storage\/2021\/07\/rosa-icela-rodriguez_opt.jpg","width":700,"height":400},{"@type":"BreadcrumbList","@id":"https:\/\/www.sonoraenequipo.com.mx\/cndh-aplaude-participacion-de-rosa-icela-rodriguez-para-llevar-paz-en-aguililla\/#breadcrumb","itemListElement":[{"@type":"ListItem","position":1,"name":"Portada","item":"https:\/\/www.sonoraenequipo.com.mx\/"},{"@type":"ListItem","position":2,"name":"CNDH aplaude participaci\u00f3n de Rosa Icela Rodr\u00edguez para llevar paz en Aguililla"}]},{"@type":"WebSite","@id":"https:\/\/www.sonoraenequipo.com.mx\/#website","url":"https:\/\/www.sonoraenequipo.com.mx\/","name":"Sonora en Equipo.","description":"Diario en l\u00ednea con Noticias desde Hermosillo, Sonora","publisher":{"@id":"https:\/\/www.sonoraenequipo.com.mx\/#organization"},"potentialAction":[{"@type":"SearchAction","target":{"@type":"EntryPoint","urlTemplate":"https:\/\/www.sonoraenequipo.com.mx\/?s={search_term_string}"},"query-input":{"@type":"PropertyValueSpecification","valueRequired":true,"valueName":"search_term_string"}}],"inLanguage":"es"},{"@type":"Organization","@id":"https:\/\/www.sonoraenequipo.com.mx\/#organization","name":"Sonoraenequipo.com.mx","url":"https:\/\/www.sonoraenequipo.com.mx\/","logo":{"@type":"ImageObject","inLanguage":"es","@id":"https:\/\/www.sonoraenequipo.com.mx\/#\/schema\/logo\/image\/","url":"https:\/\/www.sonoraenequipo.com.mx\/storage\/2019\/01\/sonoraenequipo_opt.png","contentUrl":"https:\/\/www.sonoraenequipo.com.mx\/storage\/2019\/01\/sonoraenequipo_opt.png","width":375,"height":125,"caption":"Sonoraenequipo.com.mx"},"image":{"@id":"https:\/\/www.sonoraenequipo.com.mx\/#\/schema\/logo\/image\/"},"sameAs":["https:\/\/www.facebook.com\/SonoraEE\/","https:\/\/x.com\/sonoraenequipo","https:\/\/www.youtube.com\/channel\/UC338nW-lPEYmJQs4ZABQ1SQ"]},{"@type":"Person","@id":"https:\/\/www.sonoraenequipo.com.mx\/#\/schema\/person\/50102df0fb23a8fa9e8effad8fa81386","name":"enequipo","image":{"@type":"ImageObject","inLanguage":"es","@id":"https:\/\/www.sonoraenequipo.com.mx\/#\/schema\/person\/image\/","url":"https:\/\/secure.gravatar.com\/avatar\/049821681b589dabc0bc20695993ccebb09f5b5d4d790cd9251b97faac7c652b?s=96&d=blank&r=g","contentUrl":"https:\/\/secure.gravatar.com\/avatar\/049821681b589dabc0bc20695993ccebb09f5b5d4d790cd9251b97faac7c652b?s=96&d=blank&r=g","caption":"enequipo"},"sameAs":["https:\/\/www.facebook.com\/SonoraEE"]}]}},"jetpack_featured_media_url":"https:\/\/www.sonoraenequipo.com.mx\/storage\/2021\/07\/rosa-icela-rodriguez_opt.jpg","_links":{"self":[{"href":"https:\/\/www.sonoraenequipo.com.mx\/api\/wp\/v2\/posts\/118170","targetHints":{"allow":["GET"]}}],"collection":[{"href":"https:\/\/www.sonoraenequipo.com.mx\/api\/wp\/v2\/posts"}],"about":[{"href":"https:\/\/www.sonoraenequipo.com.mx\/api\/wp\/v2\/types\/post"}],"author":[{"embeddable":true,"href":"https:\/\/www.sonoraenequipo.com.mx\/api\/wp\/v2\/users\/1"}],"replies":[{"embeddable":true,"href":"https:\/\/www.sonoraenequipo.com.mx\/api\/wp\/v2\/comments?post=118170"}],"version-history":[{"count":1,"href":"https:\/\/www.sonoraenequipo.com.mx\/api\/wp\/v2\/posts\/118170\/revisions"}],"predecessor-version":[{"id":118171,"href":"https:\/\/www.sonoraenequipo.com.mx\/api\/wp\/v2\/posts\/118170\/revisions\/118171"}],"wp:featuredmedia":[{"embeddable":true,"href":"https:\/\/www.sonoraenequipo.com.mx\/api\/wp\/v2\/media\/118157"}],"wp:attachment":[{"href":"https:\/\/www.sonoraenequipo.com.mx\/api\/wp\/v2\/media?parent=118170"}],"wp:term":[{"taxonomy":"category","embeddable":true,"href":"https:\/\/www.sonoraenequipo.com.mx\/api\/wp\/v2\/categories?post=118170"},{"taxonomy":"post_tag","embeddable":true,"href":"https:\/\/www.sonoraenequipo.com.mx\/api\/wp\/v2\/tags?post=118170"}],"curies":[{"name":"wp","href":"https:\/\/api.w.org\/{rel}","templated":true}]}}