{"id":118172,"date":"2021-07-10T17:50:24","date_gmt":"2021-07-11T00:50:24","guid":{"rendered":"https:\/\/www.sonoraenequipo.com.mx\/?p=118172"},"modified":"2021-07-11T12:08:34","modified_gmt":"2021-07-11T19:08:34","slug":"vinculan-a-guajardo-a-proceso-penal-por-riqueza-injustificada-gustavo-castillo-garcia","status":"publish","type":"post","link":"https:\/\/www.sonoraenequipo.com.mx\/vinculan-a-guajardo-a-proceso-penal-por-riqueza-injustificada-gustavo-castillo-garcia\/","title":{"rendered":"Vinculan a Guajardo a proceso penal por riqueza injustificada Gustavo Castillo Garc\u00eda"},"content":{"rendered":"<p>CIUDAD DE M\u00c9XICO. MX. \u2014 Por no poder acreditar los recursos que obtuvo y que sirvieron para adquirir obras de arte y realizar diversos dep\u00f3sitos en cuentas bancarias nacionales y extranjeras, un juez federal vincul\u00f3 a proceso penal por enriquecimiento il\u00edcito a Idelfonso Guajardo Villarreal, quien se desempe\u00f1\u00f3 como secretario de Econom\u00eda durante el gobierno de Enrique Pe\u00f1a Nieto.<\/p>\n<p>&nbsp;<\/p>\n<p> <\/p>\n<p>&nbsp;<\/p>\n<p>La audiencia se llev\u00f3 a cabo el jueves pasado sin que trascendiera la realizaci\u00f3n del procedimiento judicial, y fue hasta ayer que la Fiscal\u00eda General de la Rep\u00fablica (FGR) dio a conocer que hab\u00eda judicializado un expediente en contra de Guajardo y lo acus\u00f3 de enriquecimiento il\u00edcito.<\/p>\n<p>&nbsp;<\/p>\n<p>Inicialmente a trav\u00e9s de su cuenta de Twitter, el Ministerio P\u00fablico Federal dio a conocer que el ex funcionario \u201cfirmar\u00e1 de manera peri\u00f3dica y no puede abandonar el pa\u00eds\u201d, ya que ese fue el acuerdo al que se lleg\u00f3 en el juzgado de control durante la audiencia inicial que se llev\u00f3 a cabo en las instalaciones del Poder Judicial de la Federaci\u00f3n, que se localizan en el Reclusorio Norte.<\/p>\n<p>&nbsp;<\/p>\n<p>&nbsp;<\/p>\n<p>Guajardo encabez\u00f3 el equipo de funcionarios mexicanos que realizaron las negociaciones del Tratado de Libre Comercio durante el sexenio de Enrique Pe\u00f1a Nieto y que concluyeron en la firma del T-MEC, ya que estuvo al frente de la Secretar\u00eda de Econom\u00eda del primero de diciembre de 2012 al 30 de noviembre de 2018.<\/p>\n<p>&nbsp;<\/p>\n<p>En informaci\u00f3n difundida oficialmente por la FGR se indic\u00f3 que el ex funcionario \u2013diputado federal reci\u00e9n electo\u2013 es considerado presunto responsable de enriquecimiento il\u00edcito debido a que \u201cobtuvo un incremento injustificado en su patrimonio, relacionado con la adquisici\u00f3n de obras de arte y diversos dep\u00f3sitos en cuentas bancarias tanto nacionales como extranjeras\u201d.<\/p>\n<p>&nbsp;<\/p>\n<p>El expediente fue integrado por la Fiscal\u00eda Especializada en Materia de Combate a la Corrupci\u00f3n, y de acuerdo con fuentes del gobierno federal, las cuentas bancarias que posee Guajardo y sus compras de obras de arte registraron movimientos financieros inusuales por un monto de 9 millones de pesos.<\/p>\n<p>&nbsp;<\/p>\n<p>&nbsp;<\/p>\n<p>La FGR se\u00f1al\u00f3 que el ex funcionario \u201cobtuvo un incremento injustificado en su patrimonio, del que no pudo acreditar su legal origen\u201d de 2014 a 2018, durante su lapso final al frente de la Secretar\u00eda de Econom\u00eda.<\/p>\n<p>&nbsp;<\/p>\n<p>&nbsp;<\/p>\n<p>Guajardo enfrentar\u00e1 el proceso penal en libertad, por ello el juez de control le impuso como medidas cautelares la firma peri\u00f3dica de la lista de procesados y la prohibici\u00f3n de abandonar el pa\u00eds sin autorizaci\u00f3n judicial, aunque en el C\u00f3digo Penal se establece que en casos como \u00e9ste el juez de la causa, \u201ctrat\u00e1ndose de los delitos de enriquecimiento il\u00edcito y ejercicio abusivo de funciones\u201d, deber\u00e1 dictar prisi\u00f3n preventiva oficiosa.<\/p>\n<p>&nbsp;<\/p>\n<p>&nbsp;<\/p>\n<p>(Publicada el 10\/07\/2021<\/p>\n","protected":false},"excerpt":{"rendered":"<p>CIUDAD DE M\u00c9XICO. MX. \u2014 Por no poder acreditar los recursos que obtuvo y que&#8230;<\/p>\n","protected":false},"author":1,"featured_media":118158,"comment_status":"open","ping_status":"open","sticky":false,"template":"","format":"standard","meta":{"_monsterinsights_skip_tracking":false,"_monsterinsights_sitenote_active":false,"_monsterinsights_sitenote_note":"","_monsterinsights_sitenote_category":0,"footnotes":""},"categories":[5],"tags":[],"class_list":["post"],"yoast_head":" \n<title>Sonora en Equipo. Vinculan a Guajardo a proceso penal por riqueza injustificada Gustavo Castillo Garc\u00eda Rep\u00fablica<\/title>\n<meta name=\"description\" content=\"CIUDAD DE M\u00c9XICO. MX. \u2014 Por no poder acreditar los recursos que obtuvo y que sirvieron para adquirir obras de arte y realizar diversos dep\u00f3sitos en En Sonora en Equipo publicamos toda la informaci\u00f3n de Sonora, M\u00e9xico y el Mundo de manera oportuna y busca que la libertad de expresi\u00f3n sea real. Visita nuestro medio informativo publicado desde Hermosillo, Sonora. %\" \/>\n<meta name=\"robots\" content=\"index, follow, max-snippet:-1, max-image-preview:large, max-video-preview:-1\" \/>\n<link rel=\"canonical\" href=\"https:\/\/www.sonoraenequipo.com.mx\/vinculan-a-guajardo-a-proceso-penal-por-riqueza-injustificada-gustavo-castillo-garcia\/\" \/>\n<meta property=\"og:locale\" content=\"es_ES\" \/>\n<meta property=\"og:type\" content=\"article\" \/>\n<meta property=\"og:title\" content=\"Sonora en Equipo. Vinculan a Guajardo a proceso penal por riqueza injustificada Gustavo Castillo Garc\u00eda Rep\u00fablica\" \/>\n<meta property=\"og:description\" content=\"CIUDAD DE M\u00c9XICO. MX. \u2014 Por no poder acreditar los recursos que obtuvo y que sirvieron para adquirir obras de arte y realizar diversos dep\u00f3sitos en En Sonora en Equipo publicamos toda la informaci\u00f3n de Sonora, M\u00e9xico y el Mundo de manera oportuna y busca que la libertad de expresi\u00f3n sea real. Visita nuestro medio informativo publicado desde Hermosillo, Sonora. %\" \/>\n<meta property=\"og:url\" content=\"https:\/\/www.sonoraenequipo.com.mx\/vinculan-a-guajardo-a-proceso-penal-por-riqueza-injustificada-gustavo-castillo-garcia\/\" \/>\n<meta property=\"og:site_name\" content=\"Sonora en Equipo.\" \/>\n<meta property=\"article:publisher\" content=\"https:\/\/www.facebook.com\/SonoraEE\/\" \/>\n<meta property=\"article:author\" content=\"https:\/\/www.facebook.com\/SonoraEE\" \/>\n<meta property=\"article:published_time\" content=\"2021-07-11T00:50:24+00:00\" \/>\n<meta property=\"article:modified_time\" content=\"2021-07-11T19:08:34+00:00\" \/>\n<meta property=\"og:image\" content=\"https:\/\/www.sonoraenequipo.com.mx\/storage\/2021\/07\/Guajardo_Idelfonso_opt.jpg\" \/>\n\t<meta property=\"og:image:width\" content=\"700\" \/>\n\t<meta property=\"og:image:height\" content=\"400\" \/>\n\t<meta property=\"og:image:type\" content=\"image\/jpeg\" \/>\n<meta name=\"author\" content=\"enequipo\" \/>\n<meta name=\"twitter:card\" content=\"summary_large_image\" \/>\n<meta name=\"twitter:creator\" content=\"@sonoraenequipo\" \/>\n<meta name=\"twitter:site\" content=\"@sonoraenequipo\" \/>\n<meta name=\"twitter:label1\" content=\"Escrito por\" \/>\n\t<meta name=\"twitter:data1\" content=\"enequipo\" \/>\n\t<meta name=\"twitter:label2\" content=\"Tiempo de lectura\" \/>\n\t<meta name=\"twitter:data2\" content=\"2 minutos\" \/>\n<script type=\"application\/ld+json\" class=\"yoast-schema-graph\">{\"@context\":\"https:\/\/schema.org\",\"@graph\":[{\"@type\":\"Article\",\"@id\":\"https:\/\/www.sonoraenequipo.com.mx\/vinculan-a-guajardo-a-proceso-penal-por-riqueza-injustificada-gustavo-castillo-garcia\/#article\",\"isPartOf\":{\"@id\":\"https:\/\/www.sonoraenequipo.com.mx\/vinculan-a-guajardo-a-proceso-penal-por-riqueza-injustificada-gustavo-castillo-garcia\/\"},\"author\":{\"name\":\"enequipo\",\"@id\":\"https:\/\/www.sonoraenequipo.com.mx\/#\/schema\/person\/50102df0fb23a8fa9e8effad8fa81386\"},\"headline\":\"Vinculan a Guajardo a proceso penal por riqueza injustificada Gustavo Castillo Garc\u00eda\",\"datePublished\":\"2021-07-11T00:50:24+00:00\",\"dateModified\":\"2021-07-11T19:08:34+00:00\",\"mainEntityOfPage\":{\"@id\":\"https:\/\/www.sonoraenequipo.com.mx\/vinculan-a-guajardo-a-proceso-penal-por-riqueza-injustificada-gustavo-castillo-garcia\/\"},\"wordCount\":492,\"commentCount\":0,\"publisher\":{\"@id\":\"https:\/\/www.sonoraenequipo.com.mx\/#organization\"},\"image\":{\"@id\":\"https:\/\/www.sonoraenequipo.com.mx\/vinculan-a-guajardo-a-proceso-penal-por-riqueza-injustificada-gustavo-castillo-garcia\/#primaryimage\"},\"thumbnailUrl\":\"https:\/\/www.sonoraenequipo.com.mx\/storage\/2021\/07\/Guajardo_Idelfonso_opt.jpg\",\"articleSection\":[\"Rep\u00fablica\"],\"inLanguage\":\"es\",\"potentialAction\":[{\"@type\":\"CommentAction\",\"name\":\"Comment\",\"target\":[\"https:\/\/www.sonoraenequipo.com.mx\/vinculan-a-guajardo-a-proceso-penal-por-riqueza-injustificada-gustavo-castillo-garcia\/#respond\"]}]},{\"@type\":\"WebPage\",\"@id\":\"https:\/\/www.sonoraenequipo.com.mx\/vinculan-a-guajardo-a-proceso-penal-por-riqueza-injustificada-gustavo-castillo-garcia\/\",\"url\":\"https:\/\/www.sonoraenequipo.com.mx\/vinculan-a-guajardo-a-proceso-penal-por-riqueza-injustificada-gustavo-castillo-garcia\/\",\"name\":\"Sonora en Equipo. Vinculan a Guajardo a proceso penal por riqueza injustificada Gustavo Castillo Garc\u00eda Rep\u00fablica\",\"isPartOf\":{\"@id\":\"https:\/\/www.sonoraenequipo.com.mx\/#website\"},\"primaryImageOfPage\":{\"@id\":\"https:\/\/www.sonoraenequipo.com.mx\/vinculan-a-guajardo-a-proceso-penal-por-riqueza-injustificada-gustavo-castillo-garcia\/#primaryimage\"},\"image\":{\"@id\":\"https:\/\/www.sonoraenequipo.com.mx\/vinculan-a-guajardo-a-proceso-penal-por-riqueza-injustificada-gustavo-castillo-garcia\/#primaryimage\"},\"thumbnailUrl\":\"https:\/\/www.sonoraenequipo.com.mx\/storage\/2021\/07\/Guajardo_Idelfonso_opt.jpg\",\"datePublished\":\"2021-07-11T00:50:24+00:00\",\"dateModified\":\"2021-07-11T19:08:34+00:00\",\"description\":\"CIUDAD DE M\u00c9XICO. MX. \u2014 Por no poder acreditar los recursos que obtuvo y que sirvieron para adquirir obras de arte y realizar diversos dep\u00f3sitos en En Sonora en Equipo publicamos toda la informaci\u00f3n de Sonora, M\u00e9xico y el Mundo de manera oportuna y busca que la libertad de expresi\u00f3n sea real. Visita nuestro medio informativo publicado desde Hermosillo, Sonora. %\",\"breadcrumb\":{\"@id\":\"https:\/\/www.sonoraenequipo.com.mx\/vinculan-a-guajardo-a-proceso-penal-por-riqueza-injustificada-gustavo-castillo-garcia\/#breadcrumb\"},\"inLanguage\":\"es\",\"potentialAction\":[{\"@type\":\"ReadAction\",\"target\":[\"https:\/\/www.sonoraenequipo.com.mx\/vinculan-a-guajardo-a-proceso-penal-por-riqueza-injustificada-gustavo-castillo-garcia\/\"]}]},{\"@type\":\"ImageObject\",\"inLanguage\":\"es\",\"@id\":\"https:\/\/www.sonoraenequipo.com.mx\/vinculan-a-guajardo-a-proceso-penal-por-riqueza-injustificada-gustavo-castillo-garcia\/#primaryimage\",\"url\":\"https:\/\/www.sonoraenequipo.com.mx\/storage\/2021\/07\/Guajardo_Idelfonso_opt.jpg\",\"contentUrl\":\"https:\/\/www.sonoraenequipo.com.mx\/storage\/2021\/07\/Guajardo_Idelfonso_opt.jpg\",\"width\":700,\"height\":400},{\"@type\":\"BreadcrumbList\",\"@id\":\"https:\/\/www.sonoraenequipo.com.mx\/vinculan-a-guajardo-a-proceso-penal-por-riqueza-injustificada-gustavo-castillo-garcia\/#breadcrumb\",\"itemListElement\":[{\"@type\":\"ListItem\",\"position\":1,\"name\":\"Portada\",\"item\":\"https:\/\/www.sonoraenequipo.com.mx\/\"},{\"@type\":\"ListItem\",\"position\":2,\"name\":\"Vinculan a Guajardo a proceso penal por riqueza injustificada Gustavo Castillo Garc\u00eda\"}]},{\"@type\":\"WebSite\",\"@id\":\"https:\/\/www.sonoraenequipo.com.mx\/#website\",\"url\":\"https:\/\/www.sonoraenequipo.com.mx\/\",\"name\":\"Sonora en Equipo.\",\"description\":\"Diario en l\u00ednea con Noticias desde Hermosillo, Sonora\",\"publisher\":{\"@id\":\"https:\/\/www.sonoraenequipo.com.mx\/#organization\"},\"potentialAction\":[{\"@type\":\"SearchAction\",\"target\":{\"@type\":\"EntryPoint\",\"urlTemplate\":\"https:\/\/www.sonoraenequipo.com.mx\/?s={search_term_string}\"},\"query-input\":{\"@type\":\"PropertyValueSpecification\",\"valueRequired\":true,\"valueName\":\"search_term_string\"}}],\"inLanguage\":\"es\"},{\"@type\":\"Organization\",\"@id\":\"https:\/\/www.sonoraenequipo.com.mx\/#organization\",\"name\":\"Sonoraenequipo.com.mx\",\"url\":\"https:\/\/www.sonoraenequipo.com.mx\/\",\"logo\":{\"@type\":\"ImageObject\",\"inLanguage\":\"es\",\"@id\":\"https:\/\/www.sonoraenequipo.com.mx\/#\/schema\/logo\/image\/\",\"url\":\"https:\/\/www.sonoraenequipo.com.mx\/storage\/2019\/01\/sonoraenequipo_opt.png\",\"contentUrl\":\"https:\/\/www.sonoraenequipo.com.mx\/storage\/2019\/01\/sonoraenequipo_opt.png\",\"width\":375,\"height\":125,\"caption\":\"Sonoraenequipo.com.mx\"},\"image\":{\"@id\":\"https:\/\/www.sonoraenequipo.com.mx\/#\/schema\/logo\/image\/\"},\"sameAs\":[\"https:\/\/www.facebook.com\/SonoraEE\/\",\"https:\/\/x.com\/sonoraenequipo\",\"https:\/\/www.youtube.com\/channel\/UC338nW-lPEYmJQs4ZABQ1SQ\"]},{\"@type\":\"Person\",\"@id\":\"https:\/\/www.sonoraenequipo.com.mx\/#\/schema\/person\/50102df0fb23a8fa9e8effad8fa81386\",\"name\":\"enequipo\",\"image\":{\"@type\":\"ImageObject\",\"inLanguage\":\"es\",\"@id\":\"https:\/\/www.sonoraenequipo.com.mx\/#\/schema\/person\/image\/\",\"url\":\"https:\/\/secure.gravatar.com\/avatar\/049821681b589dabc0bc20695993ccebb09f5b5d4d790cd9251b97faac7c652b?s=96&d=blank&r=g\",\"contentUrl\":\"https:\/\/secure.gravatar.com\/avatar\/049821681b589dabc0bc20695993ccebb09f5b5d4d790cd9251b97faac7c652b?s=96&d=blank&r=g\",\"caption\":\"enequipo\"},\"sameAs\":[\"https:\/\/www.facebook.com\/SonoraEE\"]}]}<\/script>\n ","yoast_head_json":{"title":"Sonora en Equipo. Vinculan a Guajardo a proceso penal por riqueza injustificada Gustavo Castillo Garc\u00eda Rep\u00fablica","description":"CIUDAD DE M\u00c9XICO. MX. \u2014 Por no poder acreditar los recursos que obtuvo y que sirvieron para adquirir obras de arte y realizar diversos dep\u00f3sitos en En Sonora en Equipo publicamos toda la informaci\u00f3n de Sonora, M\u00e9xico y el Mundo de manera oportuna y busca que la libertad de expresi\u00f3n sea real. Visita nuestro medio informativo publicado desde Hermosillo, Sonora. %","robots":{"index":"index","follow":"follow","max-snippet":"max-snippet:-1","max-image-preview":"max-image-preview:large","max-video-preview":"max-video-preview:-1"},"canonical":"https:\/\/www.sonoraenequipo.com.mx\/vinculan-a-guajardo-a-proceso-penal-por-riqueza-injustificada-gustavo-castillo-garcia\/","og_locale":"es_ES","og_type":"article","og_title":"Sonora en Equipo. Vinculan a Guajardo a proceso penal por riqueza injustificada Gustavo Castillo Garc\u00eda Rep\u00fablica","og_description":"CIUDAD DE M\u00c9XICO. MX. \u2014 Por no poder acreditar los recursos que obtuvo y que sirvieron para adquirir obras de arte y realizar diversos dep\u00f3sitos en En Sonora en Equipo publicamos toda la informaci\u00f3n de Sonora, M\u00e9xico y el Mundo de manera oportuna y busca que la libertad de expresi\u00f3n sea real. Visita nuestro medio informativo publicado desde Hermosillo, Sonora. %","og_url":"https:\/\/www.sonoraenequipo.com.mx\/vinculan-a-guajardo-a-proceso-penal-por-riqueza-injustificada-gustavo-castillo-garcia\/","og_site_name":"Sonora en Equipo.","article_publisher":"https:\/\/www.facebook.com\/SonoraEE\/","article_author":"https:\/\/www.facebook.com\/SonoraEE","article_published_time":"2021-07-11T00:50:24+00:00","article_modified_time":"2021-07-11T19:08:34+00:00","og_image":[{"width":700,"height":400,"url":"https:\/\/www.sonoraenequipo.com.mx\/storage\/2021\/07\/Guajardo_Idelfonso_opt.jpg","type":"image\/jpeg"}],"author":"enequipo","twitter_card":"summary_large_image","twitter_creator":"@sonoraenequipo","twitter_site":"@sonoraenequipo","twitter_misc":{"Escrito por":"enequipo","Tiempo de lectura":"2 minutos"},"schema":{"@context":"https:\/\/schema.org","@graph":[{"@type":"Article","@id":"https:\/\/www.sonoraenequipo.com.mx\/vinculan-a-guajardo-a-proceso-penal-por-riqueza-injustificada-gustavo-castillo-garcia\/#article","isPartOf":{"@id":"https:\/\/www.sonoraenequipo.com.mx\/vinculan-a-guajardo-a-proceso-penal-por-riqueza-injustificada-gustavo-castillo-garcia\/"},"author":{"name":"enequipo","@id":"https:\/\/www.sonoraenequipo.com.mx\/#\/schema\/person\/50102df0fb23a8fa9e8effad8fa81386"},"headline":"Vinculan a Guajardo a proceso penal por riqueza injustificada Gustavo Castillo Garc\u00eda","datePublished":"2021-07-11T00:50:24+00:00","dateModified":"2021-07-11T19:08:34+00:00","mainEntityOfPage":{"@id":"https:\/\/www.sonoraenequipo.com.mx\/vinculan-a-guajardo-a-proceso-penal-por-riqueza-injustificada-gustavo-castillo-garcia\/"},"wordCount":492,"commentCount":0,"publisher":{"@id":"https:\/\/www.sonoraenequipo.com.mx\/#organization"},"image":{"@id":"https:\/\/www.sonoraenequipo.com.mx\/vinculan-a-guajardo-a-proceso-penal-por-riqueza-injustificada-gustavo-castillo-garcia\/#primaryimage"},"thumbnailUrl":"https:\/\/www.sonoraenequipo.com.mx\/storage\/2021\/07\/Guajardo_Idelfonso_opt.jpg","articleSection":["Rep\u00fablica"],"inLanguage":"es","potentialAction":[{"@type":"CommentAction","name":"Comment","target":["https:\/\/www.sonoraenequipo.com.mx\/vinculan-a-guajardo-a-proceso-penal-por-riqueza-injustificada-gustavo-castillo-garcia\/#respond"]}]},{"@type":"WebPage","@id":"https:\/\/www.sonoraenequipo.com.mx\/vinculan-a-guajardo-a-proceso-penal-por-riqueza-injustificada-gustavo-castillo-garcia\/","url":"https:\/\/www.sonoraenequipo.com.mx\/vinculan-a-guajardo-a-proceso-penal-por-riqueza-injustificada-gustavo-castillo-garcia\/","name":"Sonora en Equipo. Vinculan a Guajardo a proceso penal por riqueza injustificada Gustavo Castillo Garc\u00eda Rep\u00fablica","isPartOf":{"@id":"https:\/\/www.sonoraenequipo.com.mx\/#website"},"primaryImageOfPage":{"@id":"https:\/\/www.sonoraenequipo.com.mx\/vinculan-a-guajardo-a-proceso-penal-por-riqueza-injustificada-gustavo-castillo-garcia\/#primaryimage"},"image":{"@id":"https:\/\/www.sonoraenequipo.com.mx\/vinculan-a-guajardo-a-proceso-penal-por-riqueza-injustificada-gustavo-castillo-garcia\/#primaryimage"},"thumbnailUrl":"https:\/\/www.sonoraenequipo.com.mx\/storage\/2021\/07\/Guajardo_Idelfonso_opt.jpg","datePublished":"2021-07-11T00:50:24+00:00","dateModified":"2021-07-11T19:08:34+00:00","description":"CIUDAD DE M\u00c9XICO. MX. \u2014 Por no poder acreditar los recursos que obtuvo y que sirvieron para adquirir obras de arte y realizar diversos dep\u00f3sitos en En Sonora en Equipo publicamos toda la informaci\u00f3n de Sonora, M\u00e9xico y el Mundo de manera oportuna y busca que la libertad de expresi\u00f3n sea real. Visita nuestro medio informativo publicado desde Hermosillo, Sonora. %","breadcrumb":{"@id":"https:\/\/www.sonoraenequipo.com.mx\/vinculan-a-guajardo-a-proceso-penal-por-riqueza-injustificada-gustavo-castillo-garcia\/#breadcrumb"},"inLanguage":"es","potentialAction":[{"@type":"ReadAction","target":["https:\/\/www.sonoraenequipo.com.mx\/vinculan-a-guajardo-a-proceso-penal-por-riqueza-injustificada-gustavo-castillo-garcia\/"]}]},{"@type":"ImageObject","inLanguage":"es","@id":"https:\/\/www.sonoraenequipo.com.mx\/vinculan-a-guajardo-a-proceso-penal-por-riqueza-injustificada-gustavo-castillo-garcia\/#primaryimage","url":"https:\/\/www.sonoraenequipo.com.mx\/storage\/2021\/07\/Guajardo_Idelfonso_opt.jpg","contentUrl":"https:\/\/www.sonoraenequipo.com.mx\/storage\/2021\/07\/Guajardo_Idelfonso_opt.jpg","width":700,"height":400},{"@type":"BreadcrumbList","@id":"https:\/\/www.sonoraenequipo.com.mx\/vinculan-a-guajardo-a-proceso-penal-por-riqueza-injustificada-gustavo-castillo-garcia\/#breadcrumb","itemListElement":[{"@type":"ListItem","position":1,"name":"Portada","item":"https:\/\/www.sonoraenequipo.com.mx\/"},{"@type":"ListItem","position":2,"name":"Vinculan a Guajardo a proceso penal por riqueza injustificada Gustavo Castillo Garc\u00eda"}]},{"@type":"WebSite","@id":"https:\/\/www.sonoraenequipo.com.mx\/#website","url":"https:\/\/www.sonoraenequipo.com.mx\/","name":"Sonora en Equipo.","description":"Diario en l\u00ednea con Noticias desde Hermosillo, Sonora","publisher":{"@id":"https:\/\/www.sonoraenequipo.com.mx\/#organization"},"potentialAction":[{"@type":"SearchAction","target":{"@type":"EntryPoint","urlTemplate":"https:\/\/www.sonoraenequipo.com.mx\/?s={search_term_string}"},"query-input":{"@type":"PropertyValueSpecification","valueRequired":true,"valueName":"search_term_string"}}],"inLanguage":"es"},{"@type":"Organization","@id":"https:\/\/www.sonoraenequipo.com.mx\/#organization","name":"Sonoraenequipo.com.mx","url":"https:\/\/www.sonoraenequipo.com.mx\/","logo":{"@type":"ImageObject","inLanguage":"es","@id":"https:\/\/www.sonoraenequipo.com.mx\/#\/schema\/logo\/image\/","url":"https:\/\/www.sonoraenequipo.com.mx\/storage\/2019\/01\/sonoraenequipo_opt.png","contentUrl":"https:\/\/www.sonoraenequipo.com.mx\/storage\/2019\/01\/sonoraenequipo_opt.png","width":375,"height":125,"caption":"Sonoraenequipo.com.mx"},"image":{"@id":"https:\/\/www.sonoraenequipo.com.mx\/#\/schema\/logo\/image\/"},"sameAs":["https:\/\/www.facebook.com\/SonoraEE\/","https:\/\/x.com\/sonoraenequipo","https:\/\/www.youtube.com\/channel\/UC338nW-lPEYmJQs4ZABQ1SQ"]},{"@type":"Person","@id":"https:\/\/www.sonoraenequipo.com.mx\/#\/schema\/person\/50102df0fb23a8fa9e8effad8fa81386","name":"enequipo","image":{"@type":"ImageObject","inLanguage":"es","@id":"https:\/\/www.sonoraenequipo.com.mx\/#\/schema\/person\/image\/","url":"https:\/\/secure.gravatar.com\/avatar\/049821681b589dabc0bc20695993ccebb09f5b5d4d790cd9251b97faac7c652b?s=96&d=blank&r=g","contentUrl":"https:\/\/secure.gravatar.com\/avatar\/049821681b589dabc0bc20695993ccebb09f5b5d4d790cd9251b97faac7c652b?s=96&d=blank&r=g","caption":"enequipo"},"sameAs":["https:\/\/www.facebook.com\/SonoraEE"]}]}},"jetpack_featured_media_url":"https:\/\/www.sonoraenequipo.com.mx\/storage\/2021\/07\/Guajardo_Idelfonso_opt.jpg","_links":{"self":[{"href":"https:\/\/www.sonoraenequipo.com.mx\/api\/wp\/v2\/posts\/118172","targetHints":{"allow":["GET"]}}],"collection":[{"href":"https:\/\/www.sonoraenequipo.com.mx\/api\/wp\/v2\/posts"}],"about":[{"href":"https:\/\/www.sonoraenequipo.com.mx\/api\/wp\/v2\/types\/post"}],"author":[{"embeddable":true,"href":"https:\/\/www.sonoraenequipo.com.mx\/api\/wp\/v2\/users\/1"}],"replies":[{"embeddable":true,"href":"https:\/\/www.sonoraenequipo.com.mx\/api\/wp\/v2\/comments?post=118172"}],"version-history":[{"count":1,"href":"https:\/\/www.sonoraenequipo.com.mx\/api\/wp\/v2\/posts\/118172\/revisions"}],"predecessor-version":[{"id":118173,"href":"https:\/\/www.sonoraenequipo.com.mx\/api\/wp\/v2\/posts\/118172\/revisions\/118173"}],"wp:featuredmedia":[{"embeddable":true,"href":"https:\/\/www.sonoraenequipo.com.mx\/api\/wp\/v2\/media\/118158"}],"wp:attachment":[{"href":"https:\/\/www.sonoraenequipo.com.mx\/api\/wp\/v2\/media?parent=118172"}],"wp:term":[{"taxonomy":"category","embeddable":true,"href":"https:\/\/www.sonoraenequipo.com.mx\/api\/wp\/v2\/categories?post=118172"},{"taxonomy":"post_tag","embeddable":true,"href":"https:\/\/www.sonoraenequipo.com.mx\/api\/wp\/v2\/tags?post=118172"}],"curies":[{"name":"wp","href":"https:\/\/api.w.org\/{rel}","templated":true}]}}