{"id":118175,"date":"2021-07-10T16:28:01","date_gmt":"2021-07-10T23:28:01","guid":{"rendered":"https:\/\/www.sonoraenequipo.com.mx\/?p=118175"},"modified":"2021-07-11T12:13:16","modified_gmt":"2021-07-11T19:13:16","slug":"martine-moise-primera-dama-de-haiti-acuso-a-la-oligarquia-del-asesinato-del-presidente","status":"publish","type":"post","link":"https:\/\/www.sonoraenequipo.com.mx\/martine-moise-primera-dama-de-haiti-acuso-a-la-oligarquia-del-asesinato-del-presidente\/","title":{"rendered":"Martine Mo\u00efse, primera dama de Hait\u00ed, acus\u00f3 a la oligarqu\u00eda del asesinato del presidente"},"content":{"rendered":"<p>MIAMI, FLORIDA. ESTADOS UNIDOS. \u2014 Despu\u00e9s de ser internada en un hospital de Miami, Florida, Estados Unidos, por las heridas de bala sufridas en el asesinato del presidente, Jovenel Mo\u00efse, la primera dama, Martine Mo\u00efse, dio sus primeras declaraciones, acusando a la oligarqu\u00eda de orquestar el asesinato por los cambios que pensaba hacer el jefe de Estado en el pa\u00eds.<\/p>\n<p>&nbsp;<\/p>\n<p> <\/p>\n<p>&nbsp;<\/p>\n<p>En el asesinato del presidente de Hait\u00ed, Jovenel Mo\u00efse, result\u00f3 herida de bala su esposa, Martine Mo\u00efse, que se recupera en un hospital de Miami, en Florida, Estados Unidos. La viuda dio su primera declaraci\u00f3n p\u00fablica este s\u00e1bado 10 de julio.<\/p>\n<p>&nbsp;<\/p>\n<p>En su mensaje se refiri\u00f3 a oscuros enemigos que ten\u00edan por objetivo detener el cambio democr\u00e1tico, en referencia a pol\u00edticos rivales y oligarcas molestos con los intentos de Mo\u00efse de limpiar la pol\u00edtica corrupta del pa\u00eds, con la propuesta de un referendo para cambiar la constituci\u00f3n haitiana.<\/p>\n<p>&nbsp;<\/p>\n<p>La primera dama haitiana envi\u00f3 un v\u00eddeo por la red social, Twitter, en el que hizo referencia a contra qui\u00e9n estaba luchando su marido:<\/p>\n<p>\u00abEnviaron mercenarios a matar al presidente en su casa con miembros de su familia dentro, y los motivos son las carreteras, el agua, la luz, el referendo, as\u00ed como elecciones a fin de a\u00f1o para que no haya transici\u00f3n en el pa\u00eds\u00bb.<\/p>\n<p>&nbsp;<\/p>\n<p>MENSAJE DE LA PRIMERA DAMA MARTINE MOISE <a href=\"https:\/\/twitter.com\/martinejmoise\/status\/1413844938098360323\">pic.twitter.com\/cFQW70xTFE<\/a><\/p>\n<p>&nbsp;<\/p>\n<p>Familiares de los soldados colombianos dicen que fueron contratados como guardaespaldas<\/p>\n<p>&nbsp;<\/p>\n<p>Un equipo de la Polic\u00eda colombiana lleg\u00f3 el s\u00e1bado a Puerto Pr\u00edncipe, capital de Hait\u00ed, para apoyar en las investigaciones del asesinato del presidente. De hecho, desde Colombia se est\u00e1 investigando a cuatro empresas que al parecer reclutaron a los mercenarios, que viajaron en dos grupos en mayo y junio.<\/p>\n<p>&nbsp;<\/p>\n<p>Seg\u00fan la Polic\u00eda, el grupo designado para el asesinato del jefe de Estado haitiano estaba formado por 26 colombianos y dos haitianos-estadounidenses. Seg\u00fan la Polic\u00eda, 17 hombres han sido capturados, 3 murieron y 8 siguen pr\u00f3fugos.<\/p>\n<p>&nbsp;<\/p>\n<p>Sin embargo, seg\u00fan recoge Reuters, familiares de los colombianos aseguran que hab\u00edan sido contratados como guardaespaldas. As\u00ed lo expres\u00f3 en un v\u00eddeo Jenny Carolina Capador, hermana de Duberney Capador, muerto en el operativo, que hab\u00eda sido militar durante 21 a\u00f1os y retirado en 2019.<\/p>\n<p>&nbsp;<\/p>\n<p><em>\u00abLe hicieron una oferta para ir a trabajar en una empresa de seguridad, para brindar protecci\u00f3n y colaborar con la salvaguardia de personas importantes, y le pagar\u00edan bien\u00bb<\/em>, dijo Capador.<\/p>\n<p>&nbsp;<\/p>\n<p>Desde Colombia reconocen que es frecuente que los exsoldados colombianos sean reclutados para trabajar como mercenarios en otros pa\u00edses, despu\u00e9s de retirarse habitualmente a los 40 a\u00f1os.<\/p>\n<p>&nbsp;<\/p>\n<h3>Hait\u00ed pidi\u00f3 intervenci\u00f3n militar de Estados Unidos<\/h3>\n<p>&nbsp;<\/p>\n<p>Hait\u00ed sigue sumido en un vac\u00edo de poder tras el asesinato del presidente Jovenel Mo\u00efse. El viernes, en medio de una crisis pol\u00edtica, social y de seguridad en la naci\u00f3n m\u00e1s pobre del continente americano, el primer ministro interino, Claude Joseph, pidi\u00f3 a la Estados Unidos la intervenci\u00f3n de sus tropas militares para estabilizar la situaci\u00f3n.<\/p>\n<p>&nbsp;<\/p>\n<p><em>\u00abDefinitivamente necesitamos asistencia y hemos pedido ayuda a nuestros socios internacionales. Creemos que nuestros socios pueden ayudar a la Polic\u00eda nacional a resolver la situaci\u00f3n\u00bb,<\/em> asegur\u00f3 Joseph a la agencia de noticias Associated Press durante una entrevista telef\u00f3nica.<\/p>\n<p>&nbsp;<\/p>\n<p>De acuerdo con Joseph, el objetivo de esta petici\u00f3n es reforzar la seguridad en los puntos clave del pa\u00eds, como puertos y aeropuertos, debido a la inseguridad que acusa la naci\u00f3n tras el asesinato del presidente Mo\u00efse, quien muri\u00f3 en su propia residencia privada el pasado mi\u00e9rcoles.<\/p>\n<p>&nbsp;<\/p>\n<p>Joseph mantuvo una conversaci\u00f3n telef\u00f3nica con el secretario de Estado de Estados Unidos, Antony Blinken, y tanto el Departamento de Estado de ese pa\u00eds como el de Defensa confirmaron haber recibido una solicitud de<em> \u00abasistencia en materia de seguridad e investigaci\u00f3n\u00bb.<\/em> Sin embargo, y de acuerdo a declaraciones de un alto funcionario estadounidense citado por la agencia de noticias Reuters, Washington no prever\u00eda, de momento, enviar tropas al pa\u00eds caribe\u00f1o.<\/p>\n<p>&nbsp;<\/p>\n<p>Por su parte, la Casa Blanca inform\u00f3 el viernes que enviar\u00eda a miembros del Bur\u00f3 Federal de Investigaciones, FBI, para que colaboren con la investigaci\u00f3n del asesinato, un crimen que ha acentuado la instabilidad pol\u00edtica, social y econ\u00f3mica en el pa\u00eds.<\/p>\n<p>&nbsp;<\/p>\n<p>Entre tanto, Naciones Unidas inst\u00f3 a que antes de que Estados Unidos tome una decisi\u00f3n al respecto de enviar o no tropas a Hait\u00ed, es necesario celebrar una reuni\u00f3n con los miembros del Consejo de Seguridad.<\/p>\n<p>&nbsp;<\/p>\n<p>&nbsp;<\/p>\n<p>(Publicada el 10\/07\/2021)<\/p>\n","protected":false},"excerpt":{"rendered":"<p>MIAMI, FLORIDA. ESTADOS UNIDOS. \u2014 Despu\u00e9s de ser internada en un hospital de Miami, Florida,&#8230;<\/p>\n","protected":false},"author":1,"featured_media":118162,"comment_status":"open","ping_status":"open","sticky":false,"template":"","format":"standard","meta":{"_monsterinsights_skip_tracking":false,"_monsterinsights_sitenote_active":false,"_monsterinsights_sitenote_note":"","_monsterinsights_sitenote_category":0,"footnotes":""},"categories":[3],"tags":[],"class_list":["post"],"yoast_head":" \n<title>Sonora en Equipo. Martine Mo\u00efse, primera dama de Hait\u00ed, acus\u00f3 a la oligarqu\u00eda del asesinato del presidente MUNDO<\/title>\n<meta name=\"description\" content=\"MIAMI, FLORIDA. ESTADOS UNIDOS. \u2014 Despu\u00e9s de ser internada en un hospital de Miami, Florida, Estados Unidos, por las heridas de bala sufridas en el En Sonora en Equipo publicamos toda la informaci\u00f3n de Sonora, M\u00e9xico y el Mundo de manera oportuna y busca que la libertad de expresi\u00f3n sea real. Visita nuestro medio informativo publicado desde Hermosillo, Sonora. %\" \/>\n<meta name=\"robots\" content=\"index, follow, max-snippet:-1, max-image-preview:large, max-video-preview:-1\" \/>\n<link rel=\"canonical\" href=\"https:\/\/www.sonoraenequipo.com.mx\/martine-moise-primera-dama-de-haiti-acuso-a-la-oligarquia-del-asesinato-del-presidente\/\" \/>\n<meta property=\"og:locale\" content=\"es_ES\" \/>\n<meta property=\"og:type\" content=\"article\" \/>\n<meta property=\"og:title\" content=\"Sonora en Equipo. Martine Mo\u00efse, primera dama de Hait\u00ed, acus\u00f3 a la oligarqu\u00eda del asesinato del presidente MUNDO\" \/>\n<meta property=\"og:description\" content=\"MIAMI, FLORIDA. ESTADOS UNIDOS. \u2014 Despu\u00e9s de ser internada en un hospital de Miami, Florida, Estados Unidos, por las heridas de bala sufridas en el En Sonora en Equipo publicamos toda la informaci\u00f3n de Sonora, M\u00e9xico y el Mundo de manera oportuna y busca que la libertad de expresi\u00f3n sea real. Visita nuestro medio informativo publicado desde Hermosillo, Sonora. %\" \/>\n<meta property=\"og:url\" content=\"https:\/\/www.sonoraenequipo.com.mx\/martine-moise-primera-dama-de-haiti-acuso-a-la-oligarquia-del-asesinato-del-presidente\/\" \/>\n<meta property=\"og:site_name\" content=\"Sonora en Equipo.\" \/>\n<meta property=\"article:publisher\" content=\"https:\/\/www.facebook.com\/SonoraEE\/\" \/>\n<meta property=\"article:author\" content=\"https:\/\/www.facebook.com\/SonoraEE\" \/>\n<meta property=\"article:published_time\" content=\"2021-07-10T23:28:01+00:00\" \/>\n<meta property=\"article:modified_time\" content=\"2021-07-11T19:13:16+00:00\" \/>\n<meta property=\"og:image\" content=\"https:\/\/www.sonoraenequipo.com.mx\/storage\/2021\/07\/viudad-de-moise_opt.jpg\" \/>\n\t<meta property=\"og:image:width\" content=\"700\" \/>\n\t<meta property=\"og:image:height\" content=\"400\" \/>\n\t<meta property=\"og:image:type\" content=\"image\/jpeg\" \/>\n<meta name=\"author\" content=\"enequipo\" \/>\n<meta name=\"twitter:card\" content=\"summary_large_image\" \/>\n<meta name=\"twitter:creator\" content=\"@sonoraenequipo\" \/>\n<meta name=\"twitter:site\" content=\"@sonoraenequipo\" \/>\n<meta name=\"twitter:label1\" content=\"Escrito por\" \/>\n\t<meta name=\"twitter:data1\" content=\"enequipo\" \/>\n\t<meta name=\"twitter:label2\" content=\"Tiempo de lectura\" \/>\n\t<meta name=\"twitter:data2\" content=\"4 minutos\" \/>\n<script type=\"application\/ld+json\" class=\"yoast-schema-graph\">{\"@context\":\"https:\/\/schema.org\",\"@graph\":[{\"@type\":\"Article\",\"@id\":\"https:\/\/www.sonoraenequipo.com.mx\/martine-moise-primera-dama-de-haiti-acuso-a-la-oligarquia-del-asesinato-del-presidente\/#article\",\"isPartOf\":{\"@id\":\"https:\/\/www.sonoraenequipo.com.mx\/martine-moise-primera-dama-de-haiti-acuso-a-la-oligarquia-del-asesinato-del-presidente\/\"},\"author\":{\"name\":\"enequipo\",\"@id\":\"https:\/\/www.sonoraenequipo.com.mx\/#\/schema\/person\/50102df0fb23a8fa9e8effad8fa81386\"},\"headline\":\"Martine Mo\u00efse, primera dama de Hait\u00ed, acus\u00f3 a la oligarqu\u00eda del asesinato del presidente\",\"datePublished\":\"2021-07-10T23:28:01+00:00\",\"dateModified\":\"2021-07-11T19:13:16+00:00\",\"mainEntityOfPage\":{\"@id\":\"https:\/\/www.sonoraenequipo.com.mx\/martine-moise-primera-dama-de-haiti-acuso-a-la-oligarquia-del-asesinato-del-presidente\/\"},\"wordCount\":818,\"commentCount\":0,\"publisher\":{\"@id\":\"https:\/\/www.sonoraenequipo.com.mx\/#organization\"},\"image\":{\"@id\":\"https:\/\/www.sonoraenequipo.com.mx\/martine-moise-primera-dama-de-haiti-acuso-a-la-oligarquia-del-asesinato-del-presidente\/#primaryimage\"},\"thumbnailUrl\":\"https:\/\/www.sonoraenequipo.com.mx\/storage\/2021\/07\/viudad-de-moise_opt.jpg\",\"articleSection\":[\"MUNDO\"],\"inLanguage\":\"es\",\"potentialAction\":[{\"@type\":\"CommentAction\",\"name\":\"Comment\",\"target\":[\"https:\/\/www.sonoraenequipo.com.mx\/martine-moise-primera-dama-de-haiti-acuso-a-la-oligarquia-del-asesinato-del-presidente\/#respond\"]}]},{\"@type\":\"WebPage\",\"@id\":\"https:\/\/www.sonoraenequipo.com.mx\/martine-moise-primera-dama-de-haiti-acuso-a-la-oligarquia-del-asesinato-del-presidente\/\",\"url\":\"https:\/\/www.sonoraenequipo.com.mx\/martine-moise-primera-dama-de-haiti-acuso-a-la-oligarquia-del-asesinato-del-presidente\/\",\"name\":\"Sonora en Equipo. Martine Mo\u00efse, primera dama de Hait\u00ed, acus\u00f3 a la oligarqu\u00eda del asesinato del presidente MUNDO\",\"isPartOf\":{\"@id\":\"https:\/\/www.sonoraenequipo.com.mx\/#website\"},\"primaryImageOfPage\":{\"@id\":\"https:\/\/www.sonoraenequipo.com.mx\/martine-moise-primera-dama-de-haiti-acuso-a-la-oligarquia-del-asesinato-del-presidente\/#primaryimage\"},\"image\":{\"@id\":\"https:\/\/www.sonoraenequipo.com.mx\/martine-moise-primera-dama-de-haiti-acuso-a-la-oligarquia-del-asesinato-del-presidente\/#primaryimage\"},\"thumbnailUrl\":\"https:\/\/www.sonoraenequipo.com.mx\/storage\/2021\/07\/viudad-de-moise_opt.jpg\",\"datePublished\":\"2021-07-10T23:28:01+00:00\",\"dateModified\":\"2021-07-11T19:13:16+00:00\",\"description\":\"MIAMI, FLORIDA. ESTADOS UNIDOS. \u2014 Despu\u00e9s de ser internada en un hospital de Miami, Florida, Estados Unidos, por las heridas de bala sufridas en el En Sonora en Equipo publicamos toda la informaci\u00f3n de Sonora, M\u00e9xico y el Mundo de manera oportuna y busca que la libertad de expresi\u00f3n sea real. Visita nuestro medio informativo publicado desde Hermosillo, Sonora. %\",\"breadcrumb\":{\"@id\":\"https:\/\/www.sonoraenequipo.com.mx\/martine-moise-primera-dama-de-haiti-acuso-a-la-oligarquia-del-asesinato-del-presidente\/#breadcrumb\"},\"inLanguage\":\"es\",\"potentialAction\":[{\"@type\":\"ReadAction\",\"target\":[\"https:\/\/www.sonoraenequipo.com.mx\/martine-moise-primera-dama-de-haiti-acuso-a-la-oligarquia-del-asesinato-del-presidente\/\"]}]},{\"@type\":\"ImageObject\",\"inLanguage\":\"es\",\"@id\":\"https:\/\/www.sonoraenequipo.com.mx\/martine-moise-primera-dama-de-haiti-acuso-a-la-oligarquia-del-asesinato-del-presidente\/#primaryimage\",\"url\":\"https:\/\/www.sonoraenequipo.com.mx\/storage\/2021\/07\/viudad-de-moise_opt.jpg\",\"contentUrl\":\"https:\/\/www.sonoraenequipo.com.mx\/storage\/2021\/07\/viudad-de-moise_opt.jpg\",\"width\":700,\"height\":400},{\"@type\":\"BreadcrumbList\",\"@id\":\"https:\/\/www.sonoraenequipo.com.mx\/martine-moise-primera-dama-de-haiti-acuso-a-la-oligarquia-del-asesinato-del-presidente\/#breadcrumb\",\"itemListElement\":[{\"@type\":\"ListItem\",\"position\":1,\"name\":\"Portada\",\"item\":\"https:\/\/www.sonoraenequipo.com.mx\/\"},{\"@type\":\"ListItem\",\"position\":2,\"name\":\"Martine Mo\u00efse, primera dama de Hait\u00ed, acus\u00f3 a la oligarqu\u00eda del asesinato del presidente\"}]},{\"@type\":\"WebSite\",\"@id\":\"https:\/\/www.sonoraenequipo.com.mx\/#website\",\"url\":\"https:\/\/www.sonoraenequipo.com.mx\/\",\"name\":\"Sonora en Equipo.\",\"description\":\"Diario en l\u00ednea con Noticias desde Hermosillo, Sonora\",\"publisher\":{\"@id\":\"https:\/\/www.sonoraenequipo.com.mx\/#organization\"},\"potentialAction\":[{\"@type\":\"SearchAction\",\"target\":{\"@type\":\"EntryPoint\",\"urlTemplate\":\"https:\/\/www.sonoraenequipo.com.mx\/?s={search_term_string}\"},\"query-input\":{\"@type\":\"PropertyValueSpecification\",\"valueRequired\":true,\"valueName\":\"search_term_string\"}}],\"inLanguage\":\"es\"},{\"@type\":\"Organization\",\"@id\":\"https:\/\/www.sonoraenequipo.com.mx\/#organization\",\"name\":\"Sonoraenequipo.com.mx\",\"url\":\"https:\/\/www.sonoraenequipo.com.mx\/\",\"logo\":{\"@type\":\"ImageObject\",\"inLanguage\":\"es\",\"@id\":\"https:\/\/www.sonoraenequipo.com.mx\/#\/schema\/logo\/image\/\",\"url\":\"https:\/\/www.sonoraenequipo.com.mx\/storage\/2019\/01\/sonoraenequipo_opt.png\",\"contentUrl\":\"https:\/\/www.sonoraenequipo.com.mx\/storage\/2019\/01\/sonoraenequipo_opt.png\",\"width\":375,\"height\":125,\"caption\":\"Sonoraenequipo.com.mx\"},\"image\":{\"@id\":\"https:\/\/www.sonoraenequipo.com.mx\/#\/schema\/logo\/image\/\"},\"sameAs\":[\"https:\/\/www.facebook.com\/SonoraEE\/\",\"https:\/\/x.com\/sonoraenequipo\",\"https:\/\/www.youtube.com\/channel\/UC338nW-lPEYmJQs4ZABQ1SQ\"]},{\"@type\":\"Person\",\"@id\":\"https:\/\/www.sonoraenequipo.com.mx\/#\/schema\/person\/50102df0fb23a8fa9e8effad8fa81386\",\"name\":\"enequipo\",\"image\":{\"@type\":\"ImageObject\",\"inLanguage\":\"es\",\"@id\":\"https:\/\/www.sonoraenequipo.com.mx\/#\/schema\/person\/image\/\",\"url\":\"https:\/\/secure.gravatar.com\/avatar\/049821681b589dabc0bc20695993ccebb09f5b5d4d790cd9251b97faac7c652b?s=96&d=blank&r=g\",\"contentUrl\":\"https:\/\/secure.gravatar.com\/avatar\/049821681b589dabc0bc20695993ccebb09f5b5d4d790cd9251b97faac7c652b?s=96&d=blank&r=g\",\"caption\":\"enequipo\"},\"sameAs\":[\"https:\/\/www.facebook.com\/SonoraEE\"]}]}<\/script>\n ","yoast_head_json":{"title":"Sonora en Equipo. Martine Mo\u00efse, primera dama de Hait\u00ed, acus\u00f3 a la oligarqu\u00eda del asesinato del presidente MUNDO","description":"MIAMI, FLORIDA. ESTADOS UNIDOS. \u2014 Despu\u00e9s de ser internada en un hospital de Miami, Florida, Estados Unidos, por las heridas de bala sufridas en el En Sonora en Equipo publicamos toda la informaci\u00f3n de Sonora, M\u00e9xico y el Mundo de manera oportuna y busca que la libertad de expresi\u00f3n sea real. Visita nuestro medio informativo publicado desde Hermosillo, Sonora. %","robots":{"index":"index","follow":"follow","max-snippet":"max-snippet:-1","max-image-preview":"max-image-preview:large","max-video-preview":"max-video-preview:-1"},"canonical":"https:\/\/www.sonoraenequipo.com.mx\/martine-moise-primera-dama-de-haiti-acuso-a-la-oligarquia-del-asesinato-del-presidente\/","og_locale":"es_ES","og_type":"article","og_title":"Sonora en Equipo. Martine Mo\u00efse, primera dama de Hait\u00ed, acus\u00f3 a la oligarqu\u00eda del asesinato del presidente MUNDO","og_description":"MIAMI, FLORIDA. ESTADOS UNIDOS. \u2014 Despu\u00e9s de ser internada en un hospital de Miami, Florida, Estados Unidos, por las heridas de bala sufridas en el En Sonora en Equipo publicamos toda la informaci\u00f3n de Sonora, M\u00e9xico y el Mundo de manera oportuna y busca que la libertad de expresi\u00f3n sea real. Visita nuestro medio informativo publicado desde Hermosillo, Sonora. %","og_url":"https:\/\/www.sonoraenequipo.com.mx\/martine-moise-primera-dama-de-haiti-acuso-a-la-oligarquia-del-asesinato-del-presidente\/","og_site_name":"Sonora en Equipo.","article_publisher":"https:\/\/www.facebook.com\/SonoraEE\/","article_author":"https:\/\/www.facebook.com\/SonoraEE","article_published_time":"2021-07-10T23:28:01+00:00","article_modified_time":"2021-07-11T19:13:16+00:00","og_image":[{"width":700,"height":400,"url":"https:\/\/www.sonoraenequipo.com.mx\/storage\/2021\/07\/viudad-de-moise_opt.jpg","type":"image\/jpeg"}],"author":"enequipo","twitter_card":"summary_large_image","twitter_creator":"@sonoraenequipo","twitter_site":"@sonoraenequipo","twitter_misc":{"Escrito por":"enequipo","Tiempo de lectura":"4 minutos"},"schema":{"@context":"https:\/\/schema.org","@graph":[{"@type":"Article","@id":"https:\/\/www.sonoraenequipo.com.mx\/martine-moise-primera-dama-de-haiti-acuso-a-la-oligarquia-del-asesinato-del-presidente\/#article","isPartOf":{"@id":"https:\/\/www.sonoraenequipo.com.mx\/martine-moise-primera-dama-de-haiti-acuso-a-la-oligarquia-del-asesinato-del-presidente\/"},"author":{"name":"enequipo","@id":"https:\/\/www.sonoraenequipo.com.mx\/#\/schema\/person\/50102df0fb23a8fa9e8effad8fa81386"},"headline":"Martine Mo\u00efse, primera dama de Hait\u00ed, acus\u00f3 a la oligarqu\u00eda del asesinato del presidente","datePublished":"2021-07-10T23:28:01+00:00","dateModified":"2021-07-11T19:13:16+00:00","mainEntityOfPage":{"@id":"https:\/\/www.sonoraenequipo.com.mx\/martine-moise-primera-dama-de-haiti-acuso-a-la-oligarquia-del-asesinato-del-presidente\/"},"wordCount":818,"commentCount":0,"publisher":{"@id":"https:\/\/www.sonoraenequipo.com.mx\/#organization"},"image":{"@id":"https:\/\/www.sonoraenequipo.com.mx\/martine-moise-primera-dama-de-haiti-acuso-a-la-oligarquia-del-asesinato-del-presidente\/#primaryimage"},"thumbnailUrl":"https:\/\/www.sonoraenequipo.com.mx\/storage\/2021\/07\/viudad-de-moise_opt.jpg","articleSection":["MUNDO"],"inLanguage":"es","potentialAction":[{"@type":"CommentAction","name":"Comment","target":["https:\/\/www.sonoraenequipo.com.mx\/martine-moise-primera-dama-de-haiti-acuso-a-la-oligarquia-del-asesinato-del-presidente\/#respond"]}]},{"@type":"WebPage","@id":"https:\/\/www.sonoraenequipo.com.mx\/martine-moise-primera-dama-de-haiti-acuso-a-la-oligarquia-del-asesinato-del-presidente\/","url":"https:\/\/www.sonoraenequipo.com.mx\/martine-moise-primera-dama-de-haiti-acuso-a-la-oligarquia-del-asesinato-del-presidente\/","name":"Sonora en Equipo. Martine Mo\u00efse, primera dama de Hait\u00ed, acus\u00f3 a la oligarqu\u00eda del asesinato del presidente MUNDO","isPartOf":{"@id":"https:\/\/www.sonoraenequipo.com.mx\/#website"},"primaryImageOfPage":{"@id":"https:\/\/www.sonoraenequipo.com.mx\/martine-moise-primera-dama-de-haiti-acuso-a-la-oligarquia-del-asesinato-del-presidente\/#primaryimage"},"image":{"@id":"https:\/\/www.sonoraenequipo.com.mx\/martine-moise-primera-dama-de-haiti-acuso-a-la-oligarquia-del-asesinato-del-presidente\/#primaryimage"},"thumbnailUrl":"https:\/\/www.sonoraenequipo.com.mx\/storage\/2021\/07\/viudad-de-moise_opt.jpg","datePublished":"2021-07-10T23:28:01+00:00","dateModified":"2021-07-11T19:13:16+00:00","description":"MIAMI, FLORIDA. ESTADOS UNIDOS. \u2014 Despu\u00e9s de ser internada en un hospital de Miami, Florida, Estados Unidos, por las heridas de bala sufridas en el En Sonora en Equipo publicamos toda la informaci\u00f3n de Sonora, M\u00e9xico y el Mundo de manera oportuna y busca que la libertad de expresi\u00f3n sea real. Visita nuestro medio informativo publicado desde Hermosillo, Sonora. %","breadcrumb":{"@id":"https:\/\/www.sonoraenequipo.com.mx\/martine-moise-primera-dama-de-haiti-acuso-a-la-oligarquia-del-asesinato-del-presidente\/#breadcrumb"},"inLanguage":"es","potentialAction":[{"@type":"ReadAction","target":["https:\/\/www.sonoraenequipo.com.mx\/martine-moise-primera-dama-de-haiti-acuso-a-la-oligarquia-del-asesinato-del-presidente\/"]}]},{"@type":"ImageObject","inLanguage":"es","@id":"https:\/\/www.sonoraenequipo.com.mx\/martine-moise-primera-dama-de-haiti-acuso-a-la-oligarquia-del-asesinato-del-presidente\/#primaryimage","url":"https:\/\/www.sonoraenequipo.com.mx\/storage\/2021\/07\/viudad-de-moise_opt.jpg","contentUrl":"https:\/\/www.sonoraenequipo.com.mx\/storage\/2021\/07\/viudad-de-moise_opt.jpg","width":700,"height":400},{"@type":"BreadcrumbList","@id":"https:\/\/www.sonoraenequipo.com.mx\/martine-moise-primera-dama-de-haiti-acuso-a-la-oligarquia-del-asesinato-del-presidente\/#breadcrumb","itemListElement":[{"@type":"ListItem","position":1,"name":"Portada","item":"https:\/\/www.sonoraenequipo.com.mx\/"},{"@type":"ListItem","position":2,"name":"Martine Mo\u00efse, primera dama de Hait\u00ed, acus\u00f3 a la oligarqu\u00eda del asesinato del presidente"}]},{"@type":"WebSite","@id":"https:\/\/www.sonoraenequipo.com.mx\/#website","url":"https:\/\/www.sonoraenequipo.com.mx\/","name":"Sonora en Equipo.","description":"Diario en l\u00ednea con Noticias desde Hermosillo, Sonora","publisher":{"@id":"https:\/\/www.sonoraenequipo.com.mx\/#organization"},"potentialAction":[{"@type":"SearchAction","target":{"@type":"EntryPoint","urlTemplate":"https:\/\/www.sonoraenequipo.com.mx\/?s={search_term_string}"},"query-input":{"@type":"PropertyValueSpecification","valueRequired":true,"valueName":"search_term_string"}}],"inLanguage":"es"},{"@type":"Organization","@id":"https:\/\/www.sonoraenequipo.com.mx\/#organization","name":"Sonoraenequipo.com.mx","url":"https:\/\/www.sonoraenequipo.com.mx\/","logo":{"@type":"ImageObject","inLanguage":"es","@id":"https:\/\/www.sonoraenequipo.com.mx\/#\/schema\/logo\/image\/","url":"https:\/\/www.sonoraenequipo.com.mx\/storage\/2019\/01\/sonoraenequipo_opt.png","contentUrl":"https:\/\/www.sonoraenequipo.com.mx\/storage\/2019\/01\/sonoraenequipo_opt.png","width":375,"height":125,"caption":"Sonoraenequipo.com.mx"},"image":{"@id":"https:\/\/www.sonoraenequipo.com.mx\/#\/schema\/logo\/image\/"},"sameAs":["https:\/\/www.facebook.com\/SonoraEE\/","https:\/\/x.com\/sonoraenequipo","https:\/\/www.youtube.com\/channel\/UC338nW-lPEYmJQs4ZABQ1SQ"]},{"@type":"Person","@id":"https:\/\/www.sonoraenequipo.com.mx\/#\/schema\/person\/50102df0fb23a8fa9e8effad8fa81386","name":"enequipo","image":{"@type":"ImageObject","inLanguage":"es","@id":"https:\/\/www.sonoraenequipo.com.mx\/#\/schema\/person\/image\/","url":"https:\/\/secure.gravatar.com\/avatar\/049821681b589dabc0bc20695993ccebb09f5b5d4d790cd9251b97faac7c652b?s=96&d=blank&r=g","contentUrl":"https:\/\/secure.gravatar.com\/avatar\/049821681b589dabc0bc20695993ccebb09f5b5d4d790cd9251b97faac7c652b?s=96&d=blank&r=g","caption":"enequipo"},"sameAs":["https:\/\/www.facebook.com\/SonoraEE"]}]}},"jetpack_featured_media_url":"https:\/\/www.sonoraenequipo.com.mx\/storage\/2021\/07\/viudad-de-moise_opt.jpg","_links":{"self":[{"href":"https:\/\/www.sonoraenequipo.com.mx\/api\/wp\/v2\/posts\/118175","targetHints":{"allow":["GET"]}}],"collection":[{"href":"https:\/\/www.sonoraenequipo.com.mx\/api\/wp\/v2\/posts"}],"about":[{"href":"https:\/\/www.sonoraenequipo.com.mx\/api\/wp\/v2\/types\/post"}],"author":[{"embeddable":true,"href":"https:\/\/www.sonoraenequipo.com.mx\/api\/wp\/v2\/users\/1"}],"replies":[{"embeddable":true,"href":"https:\/\/www.sonoraenequipo.com.mx\/api\/wp\/v2\/comments?post=118175"}],"version-history":[{"count":1,"href":"https:\/\/www.sonoraenequipo.com.mx\/api\/wp\/v2\/posts\/118175\/revisions"}],"predecessor-version":[{"id":118176,"href":"https:\/\/www.sonoraenequipo.com.mx\/api\/wp\/v2\/posts\/118175\/revisions\/118176"}],"wp:featuredmedia":[{"embeddable":true,"href":"https:\/\/www.sonoraenequipo.com.mx\/api\/wp\/v2\/media\/118162"}],"wp:attachment":[{"href":"https:\/\/www.sonoraenequipo.com.mx\/api\/wp\/v2\/media?parent=118175"}],"wp:term":[{"taxonomy":"category","embeddable":true,"href":"https:\/\/www.sonoraenequipo.com.mx\/api\/wp\/v2\/categories?post=118175"},{"taxonomy":"post_tag","embeddable":true,"href":"https:\/\/www.sonoraenequipo.com.mx\/api\/wp\/v2\/tags?post=118175"}],"curies":[{"name":"wp","href":"https:\/\/api.w.org\/{rel}","templated":true}]}}