{"id":118180,"date":"2021-07-10T14:34:59","date_gmt":"2021-07-10T21:34:59","guid":{"rendered":"https:\/\/www.sonoraenequipo.com.mx\/?p=118180"},"modified":"2021-07-11T12:30:41","modified_gmt":"2021-07-11T19:30:41","slug":"aplazan-la-investidura-del-presidente-proclamado-por-el-senado-de-haiti","status":"publish","type":"post","link":"https:\/\/www.sonoraenequipo.com.mx\/aplazan-la-investidura-del-presidente-proclamado-por-el-senado-de-haiti\/","title":{"rendered":"Aplazan la investidura del presidente proclamado por el Senado de Hait\u00ed"},"content":{"rendered":"<p>HAIT\u00cd. \u2014 El presidente del Senado de Haiti, Joseph Lambert asegur\u00f3 hoy que el acto donde ser\u00eda investido como presidente interino de la Rep\u00fablica de Hait\u00ed, fue pospuesto a petici\u00f3n de los senadores.<\/p>\n<p>&nbsp;<\/p>\n<p> <\/p>\n<p><em>\u00abLos senadores han decidido aplazar la toma de posesi\u00f3n prevista para esta tarde. Todos quieren estar presentes para participar activamente en la nominaci\u00f3n. Hay una necesidad urgente de reconstruir la esperanza en nuestro pa\u00eds\u00bb,<\/em> coment\u00f3 Joseph Lambert en Twitter.<\/p>\n<p>&nbsp;<\/p>\n<p>La resoluci\u00f3n, aprobada el viernes por ocho de los diez senadores en activo, establece que Joseph Lambert debe prestar juramento en la Asamblea Nacional ante sus colegas senadores, otros pol\u00edticos y representantes de la sociedad civil, y de inmediato asumir\u00e1 sus funciones en el Palacio Nacional.<\/p>\n<p>&nbsp;<\/p>\n<p>El Gobierno liderado por el primer ministro interino, Claude Joseph, no se ha pronunciado por el momento al respecto de la resoluci\u00f3n aprobada por el Senado.<\/p>\n<p>&nbsp;<\/p>\n<p>El texto de la C\u00e1mara Alta considera que Joseph fue cesado de su cargo el pasado lunes por medio de un decreto firmado por el presidente Jovenel Moise, asesinado el mi\u00e9rcoles, por lo que niega que tenga legitimidad para seguir al frente del Gobierno.<\/p>\n<p>&nbsp;<\/p>\n<p>Tras el magnicidio, Claude Joseph se puso al frente del Ejecutivo, con el apoyo de la Polic\u00eda y el Ej\u00e9rcito, y ha recibido el respaldo expl\u00edcito de Naciones Unidos, de Estados Unidos y de otros pa\u00edses para ejercer esas funciones.<\/p>\n<p>&nbsp;<\/p>\n<p>El Senado es el \u00fanico \u00f3rgano del pa\u00eds que cuenta con cargos electos, pero desde enero de 2020 esta c\u00e1mara legislativa no est\u00e1 facultada para tomar decisiones por falta de quorum.<\/p>\n<p>&nbsp;<\/p>\n<p>La C\u00e1mara de los Diputados y dos tercios del Senado deber\u00edan de haber sido renovados en 2019, pero las elecciones fueron aplazadas por la inestabilidad pol\u00edtica que viv\u00eda entonces el pa\u00eds, lo que condujo a la clausura del legislativo.<\/p>\n<p>&nbsp;<\/p>\n<p>(Publicada el 10\/07\/2021\/Agencias y EFE)<\/p>\n","protected":false},"excerpt":{"rendered":"<p>HAIT\u00cd. \u2014 El presidente del Senado de Haiti, Joseph Lambert asegur\u00f3 hoy que el acto&#8230;<\/p>\n","protected":false},"author":1,"featured_media":118161,"comment_status":"open","ping_status":"open","sticky":false,"template":"","format":"standard","meta":{"_monsterinsights_skip_tracking":false,"_monsterinsights_sitenote_active":false,"_monsterinsights_sitenote_note":"","_monsterinsights_sitenote_category":0,"footnotes":""},"categories":[3],"tags":[],"class_list":["post"],"yoast_head":" \n<title>Sonora en Equipo. Aplazan la investidura del presidente proclamado por el Senado de Hait\u00ed MUNDO<\/title>\n<meta name=\"description\" content=\"HAIT\u00cd. \u2014 El presidente del Senado de Haiti, Joseph Lambert asegur\u00f3 hoy que el acto donde ser\u00eda investido como presidente interino de la Rep\u00fablica de En Sonora en Equipo publicamos toda la informaci\u00f3n de Sonora, M\u00e9xico y el Mundo de manera oportuna y busca que la libertad de expresi\u00f3n sea real. Visita nuestro medio informativo publicado desde Hermosillo, Sonora. %\" \/>\n<meta name=\"robots\" content=\"index, follow, max-snippet:-1, max-image-preview:large, max-video-preview:-1\" \/>\n<link rel=\"canonical\" href=\"https:\/\/www.sonoraenequipo.com.mx\/aplazan-la-investidura-del-presidente-proclamado-por-el-senado-de-haiti\/\" \/>\n<meta property=\"og:locale\" content=\"es_ES\" \/>\n<meta property=\"og:type\" content=\"article\" \/>\n<meta property=\"og:title\" content=\"Sonora en Equipo. Aplazan la investidura del presidente proclamado por el Senado de Hait\u00ed MUNDO\" \/>\n<meta property=\"og:description\" content=\"HAIT\u00cd. \u2014 El presidente del Senado de Haiti, Joseph Lambert asegur\u00f3 hoy que el acto donde ser\u00eda investido como presidente interino de la Rep\u00fablica de En Sonora en Equipo publicamos toda la informaci\u00f3n de Sonora, M\u00e9xico y el Mundo de manera oportuna y busca que la libertad de expresi\u00f3n sea real. Visita nuestro medio informativo publicado desde Hermosillo, Sonora. %\" \/>\n<meta property=\"og:url\" content=\"https:\/\/www.sonoraenequipo.com.mx\/aplazan-la-investidura-del-presidente-proclamado-por-el-senado-de-haiti\/\" \/>\n<meta property=\"og:site_name\" content=\"Sonora en Equipo.\" \/>\n<meta property=\"article:publisher\" content=\"https:\/\/www.facebook.com\/SonoraEE\/\" \/>\n<meta property=\"article:author\" content=\"https:\/\/www.facebook.com\/SonoraEE\" \/>\n<meta property=\"article:published_time\" content=\"2021-07-10T21:34:59+00:00\" \/>\n<meta property=\"article:modified_time\" content=\"2021-07-11T19:30:41+00:00\" \/>\n<meta property=\"og:image\" content=\"https:\/\/www.sonoraenequipo.com.mx\/storage\/2021\/07\/Joseph-Lambert_opt-1.jpg\" \/>\n\t<meta property=\"og:image:width\" content=\"700\" \/>\n\t<meta property=\"og:image:height\" content=\"400\" \/>\n\t<meta property=\"og:image:type\" content=\"image\/jpeg\" \/>\n<meta name=\"author\" content=\"enequipo\" \/>\n<meta name=\"twitter:card\" content=\"summary_large_image\" \/>\n<meta name=\"twitter:creator\" content=\"@sonoraenequipo\" \/>\n<meta name=\"twitter:site\" content=\"@sonoraenequipo\" \/>\n<meta name=\"twitter:label1\" content=\"Escrito por\" \/>\n\t<meta name=\"twitter:data1\" content=\"enequipo\" \/>\n\t<meta name=\"twitter:label2\" content=\"Tiempo de lectura\" \/>\n\t<meta name=\"twitter:data2\" content=\"2 minutos\" \/>\n<script type=\"application\/ld+json\" class=\"yoast-schema-graph\">{\"@context\":\"https:\/\/schema.org\",\"@graph\":[{\"@type\":\"Article\",\"@id\":\"https:\/\/www.sonoraenequipo.com.mx\/aplazan-la-investidura-del-presidente-proclamado-por-el-senado-de-haiti\/#article\",\"isPartOf\":{\"@id\":\"https:\/\/www.sonoraenequipo.com.mx\/aplazan-la-investidura-del-presidente-proclamado-por-el-senado-de-haiti\/\"},\"author\":{\"name\":\"enequipo\",\"@id\":\"https:\/\/www.sonoraenequipo.com.mx\/#\/schema\/person\/50102df0fb23a8fa9e8effad8fa81386\"},\"headline\":\"Aplazan la investidura del presidente proclamado por el Senado de Hait\u00ed\",\"datePublished\":\"2021-07-10T21:34:59+00:00\",\"dateModified\":\"2021-07-11T19:30:41+00:00\",\"mainEntityOfPage\":{\"@id\":\"https:\/\/www.sonoraenequipo.com.mx\/aplazan-la-investidura-del-presidente-proclamado-por-el-senado-de-haiti\/\"},\"wordCount\":341,\"commentCount\":0,\"publisher\":{\"@id\":\"https:\/\/www.sonoraenequipo.com.mx\/#organization\"},\"image\":{\"@id\":\"https:\/\/www.sonoraenequipo.com.mx\/aplazan-la-investidura-del-presidente-proclamado-por-el-senado-de-haiti\/#primaryimage\"},\"thumbnailUrl\":\"https:\/\/www.sonoraenequipo.com.mx\/storage\/2021\/07\/Joseph-Lambert_opt-1.jpg\",\"articleSection\":[\"MUNDO\"],\"inLanguage\":\"es\",\"potentialAction\":[{\"@type\":\"CommentAction\",\"name\":\"Comment\",\"target\":[\"https:\/\/www.sonoraenequipo.com.mx\/aplazan-la-investidura-del-presidente-proclamado-por-el-senado-de-haiti\/#respond\"]}]},{\"@type\":\"WebPage\",\"@id\":\"https:\/\/www.sonoraenequipo.com.mx\/aplazan-la-investidura-del-presidente-proclamado-por-el-senado-de-haiti\/\",\"url\":\"https:\/\/www.sonoraenequipo.com.mx\/aplazan-la-investidura-del-presidente-proclamado-por-el-senado-de-haiti\/\",\"name\":\"Sonora en Equipo. Aplazan la investidura del presidente proclamado por el Senado de Hait\u00ed MUNDO\",\"isPartOf\":{\"@id\":\"https:\/\/www.sonoraenequipo.com.mx\/#website\"},\"primaryImageOfPage\":{\"@id\":\"https:\/\/www.sonoraenequipo.com.mx\/aplazan-la-investidura-del-presidente-proclamado-por-el-senado-de-haiti\/#primaryimage\"},\"image\":{\"@id\":\"https:\/\/www.sonoraenequipo.com.mx\/aplazan-la-investidura-del-presidente-proclamado-por-el-senado-de-haiti\/#primaryimage\"},\"thumbnailUrl\":\"https:\/\/www.sonoraenequipo.com.mx\/storage\/2021\/07\/Joseph-Lambert_opt-1.jpg\",\"datePublished\":\"2021-07-10T21:34:59+00:00\",\"dateModified\":\"2021-07-11T19:30:41+00:00\",\"description\":\"HAIT\u00cd. \u2014 El presidente del Senado de Haiti, Joseph Lambert asegur\u00f3 hoy que el acto donde ser\u00eda investido como presidente interino de la Rep\u00fablica de En Sonora en Equipo publicamos toda la informaci\u00f3n de Sonora, M\u00e9xico y el Mundo de manera oportuna y busca que la libertad de expresi\u00f3n sea real. Visita nuestro medio informativo publicado desde Hermosillo, Sonora. %\",\"breadcrumb\":{\"@id\":\"https:\/\/www.sonoraenequipo.com.mx\/aplazan-la-investidura-del-presidente-proclamado-por-el-senado-de-haiti\/#breadcrumb\"},\"inLanguage\":\"es\",\"potentialAction\":[{\"@type\":\"ReadAction\",\"target\":[\"https:\/\/www.sonoraenequipo.com.mx\/aplazan-la-investidura-del-presidente-proclamado-por-el-senado-de-haiti\/\"]}]},{\"@type\":\"ImageObject\",\"inLanguage\":\"es\",\"@id\":\"https:\/\/www.sonoraenequipo.com.mx\/aplazan-la-investidura-del-presidente-proclamado-por-el-senado-de-haiti\/#primaryimage\",\"url\":\"https:\/\/www.sonoraenequipo.com.mx\/storage\/2021\/07\/Joseph-Lambert_opt-1.jpg\",\"contentUrl\":\"https:\/\/www.sonoraenequipo.com.mx\/storage\/2021\/07\/Joseph-Lambert_opt-1.jpg\",\"width\":700,\"height\":400},{\"@type\":\"BreadcrumbList\",\"@id\":\"https:\/\/www.sonoraenequipo.com.mx\/aplazan-la-investidura-del-presidente-proclamado-por-el-senado-de-haiti\/#breadcrumb\",\"itemListElement\":[{\"@type\":\"ListItem\",\"position\":1,\"name\":\"Portada\",\"item\":\"https:\/\/www.sonoraenequipo.com.mx\/\"},{\"@type\":\"ListItem\",\"position\":2,\"name\":\"Aplazan la investidura del presidente proclamado por el Senado de Hait\u00ed\"}]},{\"@type\":\"WebSite\",\"@id\":\"https:\/\/www.sonoraenequipo.com.mx\/#website\",\"url\":\"https:\/\/www.sonoraenequipo.com.mx\/\",\"name\":\"Sonora en Equipo.\",\"description\":\"Diario en l\u00ednea con Noticias desde Hermosillo, Sonora\",\"publisher\":{\"@id\":\"https:\/\/www.sonoraenequipo.com.mx\/#organization\"},\"potentialAction\":[{\"@type\":\"SearchAction\",\"target\":{\"@type\":\"EntryPoint\",\"urlTemplate\":\"https:\/\/www.sonoraenequipo.com.mx\/?s={search_term_string}\"},\"query-input\":{\"@type\":\"PropertyValueSpecification\",\"valueRequired\":true,\"valueName\":\"search_term_string\"}}],\"inLanguage\":\"es\"},{\"@type\":\"Organization\",\"@id\":\"https:\/\/www.sonoraenequipo.com.mx\/#organization\",\"name\":\"Sonoraenequipo.com.mx\",\"url\":\"https:\/\/www.sonoraenequipo.com.mx\/\",\"logo\":{\"@type\":\"ImageObject\",\"inLanguage\":\"es\",\"@id\":\"https:\/\/www.sonoraenequipo.com.mx\/#\/schema\/logo\/image\/\",\"url\":\"https:\/\/www.sonoraenequipo.com.mx\/storage\/2019\/01\/sonoraenequipo_opt.png\",\"contentUrl\":\"https:\/\/www.sonoraenequipo.com.mx\/storage\/2019\/01\/sonoraenequipo_opt.png\",\"width\":375,\"height\":125,\"caption\":\"Sonoraenequipo.com.mx\"},\"image\":{\"@id\":\"https:\/\/www.sonoraenequipo.com.mx\/#\/schema\/logo\/image\/\"},\"sameAs\":[\"https:\/\/www.facebook.com\/SonoraEE\/\",\"https:\/\/x.com\/sonoraenequipo\",\"https:\/\/www.youtube.com\/channel\/UC338nW-lPEYmJQs4ZABQ1SQ\"]},{\"@type\":\"Person\",\"@id\":\"https:\/\/www.sonoraenequipo.com.mx\/#\/schema\/person\/50102df0fb23a8fa9e8effad8fa81386\",\"name\":\"enequipo\",\"image\":{\"@type\":\"ImageObject\",\"inLanguage\":\"es\",\"@id\":\"https:\/\/www.sonoraenequipo.com.mx\/#\/schema\/person\/image\/\",\"url\":\"https:\/\/secure.gravatar.com\/avatar\/049821681b589dabc0bc20695993ccebb09f5b5d4d790cd9251b97faac7c652b?s=96&d=blank&r=g\",\"contentUrl\":\"https:\/\/secure.gravatar.com\/avatar\/049821681b589dabc0bc20695993ccebb09f5b5d4d790cd9251b97faac7c652b?s=96&d=blank&r=g\",\"caption\":\"enequipo\"},\"sameAs\":[\"https:\/\/www.facebook.com\/SonoraEE\"]}]}<\/script>\n ","yoast_head_json":{"title":"Sonora en Equipo. Aplazan la investidura del presidente proclamado por el Senado de Hait\u00ed MUNDO","description":"HAIT\u00cd. \u2014 El presidente del Senado de Haiti, Joseph Lambert asegur\u00f3 hoy que el acto donde ser\u00eda investido como presidente interino de la Rep\u00fablica de En Sonora en Equipo publicamos toda la informaci\u00f3n de Sonora, M\u00e9xico y el Mundo de manera oportuna y busca que la libertad de expresi\u00f3n sea real. Visita nuestro medio informativo publicado desde Hermosillo, Sonora. %","robots":{"index":"index","follow":"follow","max-snippet":"max-snippet:-1","max-image-preview":"max-image-preview:large","max-video-preview":"max-video-preview:-1"},"canonical":"https:\/\/www.sonoraenequipo.com.mx\/aplazan-la-investidura-del-presidente-proclamado-por-el-senado-de-haiti\/","og_locale":"es_ES","og_type":"article","og_title":"Sonora en Equipo. Aplazan la investidura del presidente proclamado por el Senado de Hait\u00ed MUNDO","og_description":"HAIT\u00cd. \u2014 El presidente del Senado de Haiti, Joseph Lambert asegur\u00f3 hoy que el acto donde ser\u00eda investido como presidente interino de la Rep\u00fablica de En Sonora en Equipo publicamos toda la informaci\u00f3n de Sonora, M\u00e9xico y el Mundo de manera oportuna y busca que la libertad de expresi\u00f3n sea real. Visita nuestro medio informativo publicado desde Hermosillo, Sonora. %","og_url":"https:\/\/www.sonoraenequipo.com.mx\/aplazan-la-investidura-del-presidente-proclamado-por-el-senado-de-haiti\/","og_site_name":"Sonora en Equipo.","article_publisher":"https:\/\/www.facebook.com\/SonoraEE\/","article_author":"https:\/\/www.facebook.com\/SonoraEE","article_published_time":"2021-07-10T21:34:59+00:00","article_modified_time":"2021-07-11T19:30:41+00:00","og_image":[{"width":700,"height":400,"url":"https:\/\/www.sonoraenequipo.com.mx\/storage\/2021\/07\/Joseph-Lambert_opt-1.jpg","type":"image\/jpeg"}],"author":"enequipo","twitter_card":"summary_large_image","twitter_creator":"@sonoraenequipo","twitter_site":"@sonoraenequipo","twitter_misc":{"Escrito por":"enequipo","Tiempo de lectura":"2 minutos"},"schema":{"@context":"https:\/\/schema.org","@graph":[{"@type":"Article","@id":"https:\/\/www.sonoraenequipo.com.mx\/aplazan-la-investidura-del-presidente-proclamado-por-el-senado-de-haiti\/#article","isPartOf":{"@id":"https:\/\/www.sonoraenequipo.com.mx\/aplazan-la-investidura-del-presidente-proclamado-por-el-senado-de-haiti\/"},"author":{"name":"enequipo","@id":"https:\/\/www.sonoraenequipo.com.mx\/#\/schema\/person\/50102df0fb23a8fa9e8effad8fa81386"},"headline":"Aplazan la investidura del presidente proclamado por el Senado de Hait\u00ed","datePublished":"2021-07-10T21:34:59+00:00","dateModified":"2021-07-11T19:30:41+00:00","mainEntityOfPage":{"@id":"https:\/\/www.sonoraenequipo.com.mx\/aplazan-la-investidura-del-presidente-proclamado-por-el-senado-de-haiti\/"},"wordCount":341,"commentCount":0,"publisher":{"@id":"https:\/\/www.sonoraenequipo.com.mx\/#organization"},"image":{"@id":"https:\/\/www.sonoraenequipo.com.mx\/aplazan-la-investidura-del-presidente-proclamado-por-el-senado-de-haiti\/#primaryimage"},"thumbnailUrl":"https:\/\/www.sonoraenequipo.com.mx\/storage\/2021\/07\/Joseph-Lambert_opt-1.jpg","articleSection":["MUNDO"],"inLanguage":"es","potentialAction":[{"@type":"CommentAction","name":"Comment","target":["https:\/\/www.sonoraenequipo.com.mx\/aplazan-la-investidura-del-presidente-proclamado-por-el-senado-de-haiti\/#respond"]}]},{"@type":"WebPage","@id":"https:\/\/www.sonoraenequipo.com.mx\/aplazan-la-investidura-del-presidente-proclamado-por-el-senado-de-haiti\/","url":"https:\/\/www.sonoraenequipo.com.mx\/aplazan-la-investidura-del-presidente-proclamado-por-el-senado-de-haiti\/","name":"Sonora en Equipo. Aplazan la investidura del presidente proclamado por el Senado de Hait\u00ed MUNDO","isPartOf":{"@id":"https:\/\/www.sonoraenequipo.com.mx\/#website"},"primaryImageOfPage":{"@id":"https:\/\/www.sonoraenequipo.com.mx\/aplazan-la-investidura-del-presidente-proclamado-por-el-senado-de-haiti\/#primaryimage"},"image":{"@id":"https:\/\/www.sonoraenequipo.com.mx\/aplazan-la-investidura-del-presidente-proclamado-por-el-senado-de-haiti\/#primaryimage"},"thumbnailUrl":"https:\/\/www.sonoraenequipo.com.mx\/storage\/2021\/07\/Joseph-Lambert_opt-1.jpg","datePublished":"2021-07-10T21:34:59+00:00","dateModified":"2021-07-11T19:30:41+00:00","description":"HAIT\u00cd. \u2014 El presidente del Senado de Haiti, Joseph Lambert asegur\u00f3 hoy que el acto donde ser\u00eda investido como presidente interino de la Rep\u00fablica de En Sonora en Equipo publicamos toda la informaci\u00f3n de Sonora, M\u00e9xico y el Mundo de manera oportuna y busca que la libertad de expresi\u00f3n sea real. Visita nuestro medio informativo publicado desde Hermosillo, Sonora. %","breadcrumb":{"@id":"https:\/\/www.sonoraenequipo.com.mx\/aplazan-la-investidura-del-presidente-proclamado-por-el-senado-de-haiti\/#breadcrumb"},"inLanguage":"es","potentialAction":[{"@type":"ReadAction","target":["https:\/\/www.sonoraenequipo.com.mx\/aplazan-la-investidura-del-presidente-proclamado-por-el-senado-de-haiti\/"]}]},{"@type":"ImageObject","inLanguage":"es","@id":"https:\/\/www.sonoraenequipo.com.mx\/aplazan-la-investidura-del-presidente-proclamado-por-el-senado-de-haiti\/#primaryimage","url":"https:\/\/www.sonoraenequipo.com.mx\/storage\/2021\/07\/Joseph-Lambert_opt-1.jpg","contentUrl":"https:\/\/www.sonoraenequipo.com.mx\/storage\/2021\/07\/Joseph-Lambert_opt-1.jpg","width":700,"height":400},{"@type":"BreadcrumbList","@id":"https:\/\/www.sonoraenequipo.com.mx\/aplazan-la-investidura-del-presidente-proclamado-por-el-senado-de-haiti\/#breadcrumb","itemListElement":[{"@type":"ListItem","position":1,"name":"Portada","item":"https:\/\/www.sonoraenequipo.com.mx\/"},{"@type":"ListItem","position":2,"name":"Aplazan la investidura del presidente proclamado por el Senado de Hait\u00ed"}]},{"@type":"WebSite","@id":"https:\/\/www.sonoraenequipo.com.mx\/#website","url":"https:\/\/www.sonoraenequipo.com.mx\/","name":"Sonora en Equipo.","description":"Diario en l\u00ednea con Noticias desde Hermosillo, Sonora","publisher":{"@id":"https:\/\/www.sonoraenequipo.com.mx\/#organization"},"potentialAction":[{"@type":"SearchAction","target":{"@type":"EntryPoint","urlTemplate":"https:\/\/www.sonoraenequipo.com.mx\/?s={search_term_string}"},"query-input":{"@type":"PropertyValueSpecification","valueRequired":true,"valueName":"search_term_string"}}],"inLanguage":"es"},{"@type":"Organization","@id":"https:\/\/www.sonoraenequipo.com.mx\/#organization","name":"Sonoraenequipo.com.mx","url":"https:\/\/www.sonoraenequipo.com.mx\/","logo":{"@type":"ImageObject","inLanguage":"es","@id":"https:\/\/www.sonoraenequipo.com.mx\/#\/schema\/logo\/image\/","url":"https:\/\/www.sonoraenequipo.com.mx\/storage\/2019\/01\/sonoraenequipo_opt.png","contentUrl":"https:\/\/www.sonoraenequipo.com.mx\/storage\/2019\/01\/sonoraenequipo_opt.png","width":375,"height":125,"caption":"Sonoraenequipo.com.mx"},"image":{"@id":"https:\/\/www.sonoraenequipo.com.mx\/#\/schema\/logo\/image\/"},"sameAs":["https:\/\/www.facebook.com\/SonoraEE\/","https:\/\/x.com\/sonoraenequipo","https:\/\/www.youtube.com\/channel\/UC338nW-lPEYmJQs4ZABQ1SQ"]},{"@type":"Person","@id":"https:\/\/www.sonoraenequipo.com.mx\/#\/schema\/person\/50102df0fb23a8fa9e8effad8fa81386","name":"enequipo","image":{"@type":"ImageObject","inLanguage":"es","@id":"https:\/\/www.sonoraenequipo.com.mx\/#\/schema\/person\/image\/","url":"https:\/\/secure.gravatar.com\/avatar\/049821681b589dabc0bc20695993ccebb09f5b5d4d790cd9251b97faac7c652b?s=96&d=blank&r=g","contentUrl":"https:\/\/secure.gravatar.com\/avatar\/049821681b589dabc0bc20695993ccebb09f5b5d4d790cd9251b97faac7c652b?s=96&d=blank&r=g","caption":"enequipo"},"sameAs":["https:\/\/www.facebook.com\/SonoraEE"]}]}},"jetpack_featured_media_url":"https:\/\/www.sonoraenequipo.com.mx\/storage\/2021\/07\/Joseph-Lambert_opt-1.jpg","_links":{"self":[{"href":"https:\/\/www.sonoraenequipo.com.mx\/api\/wp\/v2\/posts\/118180","targetHints":{"allow":["GET"]}}],"collection":[{"href":"https:\/\/www.sonoraenequipo.com.mx\/api\/wp\/v2\/posts"}],"about":[{"href":"https:\/\/www.sonoraenequipo.com.mx\/api\/wp\/v2\/types\/post"}],"author":[{"embeddable":true,"href":"https:\/\/www.sonoraenequipo.com.mx\/api\/wp\/v2\/users\/1"}],"replies":[{"embeddable":true,"href":"https:\/\/www.sonoraenequipo.com.mx\/api\/wp\/v2\/comments?post=118180"}],"version-history":[{"count":1,"href":"https:\/\/www.sonoraenequipo.com.mx\/api\/wp\/v2\/posts\/118180\/revisions"}],"predecessor-version":[{"id":118181,"href":"https:\/\/www.sonoraenequipo.com.mx\/api\/wp\/v2\/posts\/118180\/revisions\/118181"}],"wp:featuredmedia":[{"embeddable":true,"href":"https:\/\/www.sonoraenequipo.com.mx\/api\/wp\/v2\/media\/118161"}],"wp:attachment":[{"href":"https:\/\/www.sonoraenequipo.com.mx\/api\/wp\/v2\/media?parent=118180"}],"wp:term":[{"taxonomy":"category","embeddable":true,"href":"https:\/\/www.sonoraenequipo.com.mx\/api\/wp\/v2\/categories?post=118180"},{"taxonomy":"post_tag","embeddable":true,"href":"https:\/\/www.sonoraenequipo.com.mx\/api\/wp\/v2\/tags?post=118180"}],"curies":[{"name":"wp","href":"https:\/\/api.w.org\/{rel}","templated":true}]}}