{"id":118187,"date":"2021-07-11T08:29:36","date_gmt":"2021-07-11T15:29:36","guid":{"rendered":"https:\/\/www.sonoraenequipo.com.mx\/?p=118187"},"modified":"2021-07-11T17:24:01","modified_gmt":"2021-07-12T00:24:01","slug":"estados-unidos-pide-que-la-competencia-no-se-base-en-impuestos-bajos","status":"publish","type":"post","link":"https:\/\/www.sonoraenequipo.com.mx\/estados-unidos-pide-que-la-competencia-no-se-base-en-impuestos-bajos\/","title":{"rendered":"Estados Unidos pide que la competencia no se base en impuestos bajos"},"content":{"rendered":"<p>WASHINGTON, ESTADOS UNIDOS. \u2014 Disuadir del uso de para\u00edsos fiscales permitir\u00e1 a los pa\u00edses competir por sus fundamentos econ\u00f3micos en lugar de por ofrecer tasas m\u00e1s bajas que privan a los gobiernos de dinero para infraestructura y educaci\u00f3n, seg\u00fan dijo el domingo la secretaria del Tesoro de Estados Unidos, Janet Yellen.<\/p>\n<p>&nbsp;<\/p>\n<p> <\/p>\n<p>En total, m\u00e1s de 30 millones de personas se encuentran en zonas con alertas de calor excesivo en Nevada, California y el oeste de Arizona y Utah.<\/p>\n<p>Yellen hizo esas declaraciones despu\u00e9s de que ministros de Finanzas del Grupo de las 20 mayores econom\u00edas del mundo respaldaran una tasa corporativa m\u00ednima de al menos el 15%. La medida pretende establecer un m\u00ednimo fiscal y disuadir a las empresas de recurrir a pa\u00edses con tributaciones m\u00e1s bajas como para\u00edsos fiscales.<\/p>\n<p>&nbsp;<\/p>\n<p><em>\u201cEste acuerdo pondr\u00e1 fin a la carrera hacia el fondo\u201d,<\/em> dijo en una conferencia de prensa tras la reuni\u00f3n en Venecia.<\/p>\n<p><em>\u201cEn lugar de preguntar \u2018\u00bfQui\u00e9n puede ofrecer la tasa tributaria m\u00e1s baja?&#8217;, permitir\u00e1 que todos nuestros pa\u00edses compitan por sus fundamentos econ\u00f3micos, con la habilidad de nuestras fuerzas de trabajo, nuestra capacidad de innovar y la fortaleza de nuestras instituciones legales y econ\u00f3micas<\/em>\u201d, afirm\u00f3.<\/p>\n<p><em>\u201cY esto dar\u00e1 a nuestras naciones la capacidad de reunir el financiamiento necesario para bienes p\u00fablicos importantes como infraestructura, investigaci\u00f3n y desarrollo y educaci\u00f3n\u201d<\/em>, a\u00f1adi\u00f3.<\/p>\n<p>La propuesta de fijar un m\u00ednimo global afronta obst\u00e1culos pol\u00edticos y t\u00e9cnicos antes de entrar en vigencia. Los detalles est\u00e1n por concretar en las pr\u00f3ximas semanas en la Organizaci\u00f3n de Cooperaci\u00f3n y Desarrollo en Par\u00eds, antes de que los presidentes y primeros ministros del Grupo de los 20 en una reuni\u00f3n el 30 y el 31 de octubre en Roma.<\/p>\n<p>Cada pa\u00eds tendr\u00eda entonces que legislar la tasa por su lado. La idea es que los pa\u00edses donde est\u00e1n las sedes de las compa\u00f1\u00edas graven los ingresos del extranjero en casa si esos ingresos quedan exentos de impuestos en pa\u00edses con baja tributaci\u00f3n. Eso eliminar\u00eda la motivaci\u00f3n para utilizar complejos sistemas fiscales para llevar los beneficios a filiales en pa\u00edses de bajos impuestos donde las empresas en realidad hacen poco o ning\u00fan negocio.<\/p>\n<p>Estados Unidos ya tiene un impuesto similar sobre los beneficios en el extranjero, pero la tasa est\u00e1 por debajo del nuevo m\u00ednimo del 15%. Los congresistas republicanos se han opuesto al plan del presidente, Joe Biden, de subir la tasa sobre los beneficios corporativos extranjeros al 21% para ayudar a pagar infraestructuras e inversiones en energ\u00eda limpia. El presidente dem\u00f3crata tiene una ajustada mayor\u00eda en el Congreso.<\/p>\n<p>Tres pa\u00edses de la Uni\u00f3n Europea que participaron en las conversaciones sobre la tasa m\u00ednima se han negado a refrendarla. Irlanda, Hungr\u00eda y Estonia podr\u00edan obstaculizar su adopci\u00f3n en Europa, donde las cuestiones fiscales de la Uni\u00f3n Europea requieren unanimidad. Irlanda, que basa parte de su modelo econ\u00f3mico en unos impuestos bajos, ha dicho que su tasa del 12,5% es justa.<\/p>\n<p>La propuesta del G20 tambi\u00e9n dar\u00eda a los pa\u00edses el derecho de gravar parte de los beneficios de las grandes compa\u00f1\u00edas globales que ganan dinero en su jurisdicci\u00f3n pero no tienen presencia f\u00edsica all\u00ed, como por ejemplo firmas de comercio electr\u00f3nico y publicidad digital.<\/p>\n<p>Algunos pa\u00edses, encabezados por Francia, han empezado a imponer esos impuestos sobre empresas tecnol\u00f3gicas estadounidenses como Google y Amazon. Estados Unidos considera que esos impuestos son pr\u00e1cticas fiscales injustas y ha amenazado con tomar represalias en forma de aranceles a las importaciones. Seg\u00fan el acuerdo fiscal, los pa\u00edses renunciar\u00edan a esos impuestos a cambio de una estrategia global com\u00fan.<\/p>\n<p>&nbsp;<\/p>\n<p>(Publicada el 11\/07\/2021 \/ Associated Press)<\/p>\n","protected":false},"excerpt":{"rendered":"<p>WASHINGTON, ESTADOS UNIDOS. \u2014 Disuadir del uso de para\u00edsos fiscales permitir\u00e1 a los pa\u00edses competir&#8230;<\/p>\n","protected":false},"author":1,"featured_media":118190,"comment_status":"open","ping_status":"open","sticky":false,"template":"","format":"standard","meta":{"_monsterinsights_skip_tracking":false,"_monsterinsights_sitenote_active":false,"_monsterinsights_sitenote_note":"","_monsterinsights_sitenote_category":0,"footnotes":""},"categories":[3],"tags":[],"class_list":["post"],"yoast_head":" \n<title>Sonora en Equipo. Estados Unidos pide que la competencia no se base en impuestos bajos MUNDO<\/title>\n<meta name=\"description\" content=\"WASHINGTON, ESTADOS UNIDOS. \u2014 Disuadir del uso de para\u00edsos fiscales permitir\u00e1 a los pa\u00edses competir por sus fundamentos econ\u00f3micos en lugar de por ofrecer En Sonora en Equipo publicamos toda la informaci\u00f3n de Sonora, M\u00e9xico y el Mundo de manera oportuna y busca que la libertad de expresi\u00f3n sea real. Visita nuestro medio informativo publicado desde Hermosillo, Sonora. %\" \/>\n<meta name=\"robots\" content=\"index, follow, max-snippet:-1, max-image-preview:large, max-video-preview:-1\" \/>\n<link rel=\"canonical\" href=\"https:\/\/www.sonoraenequipo.com.mx\/estados-unidos-pide-que-la-competencia-no-se-base-en-impuestos-bajos\/\" \/>\n<meta property=\"og:locale\" content=\"es_ES\" \/>\n<meta property=\"og:type\" content=\"article\" \/>\n<meta property=\"og:title\" content=\"Sonora en Equipo. Estados Unidos pide que la competencia no se base en impuestos bajos MUNDO\" \/>\n<meta property=\"og:description\" content=\"WASHINGTON, ESTADOS UNIDOS. \u2014 Disuadir del uso de para\u00edsos fiscales permitir\u00e1 a los pa\u00edses competir por sus fundamentos econ\u00f3micos en lugar de por ofrecer En Sonora en Equipo publicamos toda la informaci\u00f3n de Sonora, M\u00e9xico y el Mundo de manera oportuna y busca que la libertad de expresi\u00f3n sea real. Visita nuestro medio informativo publicado desde Hermosillo, Sonora. %\" \/>\n<meta property=\"og:url\" content=\"https:\/\/www.sonoraenequipo.com.mx\/estados-unidos-pide-que-la-competencia-no-se-base-en-impuestos-bajos\/\" \/>\n<meta property=\"og:site_name\" content=\"Sonora en Equipo.\" \/>\n<meta property=\"article:publisher\" content=\"https:\/\/www.facebook.com\/SonoraEE\/\" \/>\n<meta property=\"article:author\" content=\"https:\/\/www.facebook.com\/SonoraEE\" \/>\n<meta property=\"article:published_time\" content=\"2021-07-11T15:29:36+00:00\" \/>\n<meta property=\"article:modified_time\" content=\"2021-07-12T00:24:01+00:00\" \/>\n<meta property=\"og:image\" content=\"https:\/\/www.sonoraenequipo.com.mx\/storage\/2021\/07\/janet-yellen_opt.jpg\" \/>\n\t<meta property=\"og:image:width\" content=\"700\" \/>\n\t<meta property=\"og:image:height\" content=\"400\" \/>\n\t<meta property=\"og:image:type\" content=\"image\/jpeg\" \/>\n<meta name=\"author\" content=\"enequipo\" \/>\n<meta name=\"twitter:card\" content=\"summary_large_image\" \/>\n<meta name=\"twitter:creator\" content=\"@sonoraenequipo\" \/>\n<meta name=\"twitter:site\" content=\"@sonoraenequipo\" \/>\n<meta name=\"twitter:label1\" content=\"Escrito por\" \/>\n\t<meta name=\"twitter:data1\" content=\"enequipo\" \/>\n\t<meta name=\"twitter:label2\" content=\"Tiempo de lectura\" \/>\n\t<meta name=\"twitter:data2\" content=\"3 minutos\" \/>\n<script type=\"application\/ld+json\" class=\"yoast-schema-graph\">{\"@context\":\"https:\/\/schema.org\",\"@graph\":[{\"@type\":\"Article\",\"@id\":\"https:\/\/www.sonoraenequipo.com.mx\/estados-unidos-pide-que-la-competencia-no-se-base-en-impuestos-bajos\/#article\",\"isPartOf\":{\"@id\":\"https:\/\/www.sonoraenequipo.com.mx\/estados-unidos-pide-que-la-competencia-no-se-base-en-impuestos-bajos\/\"},\"author\":{\"name\":\"enequipo\",\"@id\":\"https:\/\/www.sonoraenequipo.com.mx\/#\/schema\/person\/50102df0fb23a8fa9e8effad8fa81386\"},\"headline\":\"Estados Unidos pide que la competencia no se base en impuestos bajos\",\"datePublished\":\"2021-07-11T15:29:36+00:00\",\"dateModified\":\"2021-07-12T00:24:01+00:00\",\"mainEntityOfPage\":{\"@id\":\"https:\/\/www.sonoraenequipo.com.mx\/estados-unidos-pide-que-la-competencia-no-se-base-en-impuestos-bajos\/\"},\"wordCount\":664,\"commentCount\":0,\"publisher\":{\"@id\":\"https:\/\/www.sonoraenequipo.com.mx\/#organization\"},\"image\":{\"@id\":\"https:\/\/www.sonoraenequipo.com.mx\/estados-unidos-pide-que-la-competencia-no-se-base-en-impuestos-bajos\/#primaryimage\"},\"thumbnailUrl\":\"https:\/\/www.sonoraenequipo.com.mx\/storage\/2021\/07\/janet-yellen_opt.jpg\",\"articleSection\":[\"MUNDO\"],\"inLanguage\":\"es\",\"potentialAction\":[{\"@type\":\"CommentAction\",\"name\":\"Comment\",\"target\":[\"https:\/\/www.sonoraenequipo.com.mx\/estados-unidos-pide-que-la-competencia-no-se-base-en-impuestos-bajos\/#respond\"]}]},{\"@type\":\"WebPage\",\"@id\":\"https:\/\/www.sonoraenequipo.com.mx\/estados-unidos-pide-que-la-competencia-no-se-base-en-impuestos-bajos\/\",\"url\":\"https:\/\/www.sonoraenequipo.com.mx\/estados-unidos-pide-que-la-competencia-no-se-base-en-impuestos-bajos\/\",\"name\":\"Sonora en Equipo. Estados Unidos pide que la competencia no se base en impuestos bajos MUNDO\",\"isPartOf\":{\"@id\":\"https:\/\/www.sonoraenequipo.com.mx\/#website\"},\"primaryImageOfPage\":{\"@id\":\"https:\/\/www.sonoraenequipo.com.mx\/estados-unidos-pide-que-la-competencia-no-se-base-en-impuestos-bajos\/#primaryimage\"},\"image\":{\"@id\":\"https:\/\/www.sonoraenequipo.com.mx\/estados-unidos-pide-que-la-competencia-no-se-base-en-impuestos-bajos\/#primaryimage\"},\"thumbnailUrl\":\"https:\/\/www.sonoraenequipo.com.mx\/storage\/2021\/07\/janet-yellen_opt.jpg\",\"datePublished\":\"2021-07-11T15:29:36+00:00\",\"dateModified\":\"2021-07-12T00:24:01+00:00\",\"description\":\"WASHINGTON, ESTADOS UNIDOS. \u2014 Disuadir del uso de para\u00edsos fiscales permitir\u00e1 a los pa\u00edses competir por sus fundamentos econ\u00f3micos en lugar de por ofrecer En Sonora en Equipo publicamos toda la informaci\u00f3n de Sonora, M\u00e9xico y el Mundo de manera oportuna y busca que la libertad de expresi\u00f3n sea real. Visita nuestro medio informativo publicado desde Hermosillo, Sonora. %\",\"breadcrumb\":{\"@id\":\"https:\/\/www.sonoraenequipo.com.mx\/estados-unidos-pide-que-la-competencia-no-se-base-en-impuestos-bajos\/#breadcrumb\"},\"inLanguage\":\"es\",\"potentialAction\":[{\"@type\":\"ReadAction\",\"target\":[\"https:\/\/www.sonoraenequipo.com.mx\/estados-unidos-pide-que-la-competencia-no-se-base-en-impuestos-bajos\/\"]}]},{\"@type\":\"ImageObject\",\"inLanguage\":\"es\",\"@id\":\"https:\/\/www.sonoraenequipo.com.mx\/estados-unidos-pide-que-la-competencia-no-se-base-en-impuestos-bajos\/#primaryimage\",\"url\":\"https:\/\/www.sonoraenequipo.com.mx\/storage\/2021\/07\/janet-yellen_opt.jpg\",\"contentUrl\":\"https:\/\/www.sonoraenequipo.com.mx\/storage\/2021\/07\/janet-yellen_opt.jpg\",\"width\":700,\"height\":400},{\"@type\":\"BreadcrumbList\",\"@id\":\"https:\/\/www.sonoraenequipo.com.mx\/estados-unidos-pide-que-la-competencia-no-se-base-en-impuestos-bajos\/#breadcrumb\",\"itemListElement\":[{\"@type\":\"ListItem\",\"position\":1,\"name\":\"Portada\",\"item\":\"https:\/\/www.sonoraenequipo.com.mx\/\"},{\"@type\":\"ListItem\",\"position\":2,\"name\":\"Estados Unidos pide que la competencia no se base en impuestos bajos\"}]},{\"@type\":\"WebSite\",\"@id\":\"https:\/\/www.sonoraenequipo.com.mx\/#website\",\"url\":\"https:\/\/www.sonoraenequipo.com.mx\/\",\"name\":\"Sonora en Equipo.\",\"description\":\"Diario en l\u00ednea con Noticias desde Hermosillo, Sonora\",\"publisher\":{\"@id\":\"https:\/\/www.sonoraenequipo.com.mx\/#organization\"},\"potentialAction\":[{\"@type\":\"SearchAction\",\"target\":{\"@type\":\"EntryPoint\",\"urlTemplate\":\"https:\/\/www.sonoraenequipo.com.mx\/?s={search_term_string}\"},\"query-input\":{\"@type\":\"PropertyValueSpecification\",\"valueRequired\":true,\"valueName\":\"search_term_string\"}}],\"inLanguage\":\"es\"},{\"@type\":\"Organization\",\"@id\":\"https:\/\/www.sonoraenequipo.com.mx\/#organization\",\"name\":\"Sonoraenequipo.com.mx\",\"url\":\"https:\/\/www.sonoraenequipo.com.mx\/\",\"logo\":{\"@type\":\"ImageObject\",\"inLanguage\":\"es\",\"@id\":\"https:\/\/www.sonoraenequipo.com.mx\/#\/schema\/logo\/image\/\",\"url\":\"https:\/\/www.sonoraenequipo.com.mx\/storage\/2019\/01\/sonoraenequipo_opt.png\",\"contentUrl\":\"https:\/\/www.sonoraenequipo.com.mx\/storage\/2019\/01\/sonoraenequipo_opt.png\",\"width\":375,\"height\":125,\"caption\":\"Sonoraenequipo.com.mx\"},\"image\":{\"@id\":\"https:\/\/www.sonoraenequipo.com.mx\/#\/schema\/logo\/image\/\"},\"sameAs\":[\"https:\/\/www.facebook.com\/SonoraEE\/\",\"https:\/\/x.com\/sonoraenequipo\",\"https:\/\/www.youtube.com\/channel\/UC338nW-lPEYmJQs4ZABQ1SQ\"]},{\"@type\":\"Person\",\"@id\":\"https:\/\/www.sonoraenequipo.com.mx\/#\/schema\/person\/50102df0fb23a8fa9e8effad8fa81386\",\"name\":\"enequipo\",\"image\":{\"@type\":\"ImageObject\",\"inLanguage\":\"es\",\"@id\":\"https:\/\/www.sonoraenequipo.com.mx\/#\/schema\/person\/image\/\",\"url\":\"https:\/\/secure.gravatar.com\/avatar\/049821681b589dabc0bc20695993ccebb09f5b5d4d790cd9251b97faac7c652b?s=96&d=blank&r=g\",\"contentUrl\":\"https:\/\/secure.gravatar.com\/avatar\/049821681b589dabc0bc20695993ccebb09f5b5d4d790cd9251b97faac7c652b?s=96&d=blank&r=g\",\"caption\":\"enequipo\"},\"sameAs\":[\"https:\/\/www.facebook.com\/SonoraEE\"]}]}<\/script>\n ","yoast_head_json":{"title":"Sonora en Equipo. Estados Unidos pide que la competencia no se base en impuestos bajos MUNDO","description":"WASHINGTON, ESTADOS UNIDOS. \u2014 Disuadir del uso de para\u00edsos fiscales permitir\u00e1 a los pa\u00edses competir por sus fundamentos econ\u00f3micos en lugar de por ofrecer En Sonora en Equipo publicamos toda la informaci\u00f3n de Sonora, M\u00e9xico y el Mundo de manera oportuna y busca que la libertad de expresi\u00f3n sea real. Visita nuestro medio informativo publicado desde Hermosillo, Sonora. %","robots":{"index":"index","follow":"follow","max-snippet":"max-snippet:-1","max-image-preview":"max-image-preview:large","max-video-preview":"max-video-preview:-1"},"canonical":"https:\/\/www.sonoraenequipo.com.mx\/estados-unidos-pide-que-la-competencia-no-se-base-en-impuestos-bajos\/","og_locale":"es_ES","og_type":"article","og_title":"Sonora en Equipo. Estados Unidos pide que la competencia no se base en impuestos bajos MUNDO","og_description":"WASHINGTON, ESTADOS UNIDOS. \u2014 Disuadir del uso de para\u00edsos fiscales permitir\u00e1 a los pa\u00edses competir por sus fundamentos econ\u00f3micos en lugar de por ofrecer En Sonora en Equipo publicamos toda la informaci\u00f3n de Sonora, M\u00e9xico y el Mundo de manera oportuna y busca que la libertad de expresi\u00f3n sea real. Visita nuestro medio informativo publicado desde Hermosillo, Sonora. %","og_url":"https:\/\/www.sonoraenequipo.com.mx\/estados-unidos-pide-que-la-competencia-no-se-base-en-impuestos-bajos\/","og_site_name":"Sonora en Equipo.","article_publisher":"https:\/\/www.facebook.com\/SonoraEE\/","article_author":"https:\/\/www.facebook.com\/SonoraEE","article_published_time":"2021-07-11T15:29:36+00:00","article_modified_time":"2021-07-12T00:24:01+00:00","og_image":[{"width":700,"height":400,"url":"https:\/\/www.sonoraenequipo.com.mx\/storage\/2021\/07\/janet-yellen_opt.jpg","type":"image\/jpeg"}],"author":"enequipo","twitter_card":"summary_large_image","twitter_creator":"@sonoraenequipo","twitter_site":"@sonoraenequipo","twitter_misc":{"Escrito por":"enequipo","Tiempo de lectura":"3 minutos"},"schema":{"@context":"https:\/\/schema.org","@graph":[{"@type":"Article","@id":"https:\/\/www.sonoraenequipo.com.mx\/estados-unidos-pide-que-la-competencia-no-se-base-en-impuestos-bajos\/#article","isPartOf":{"@id":"https:\/\/www.sonoraenequipo.com.mx\/estados-unidos-pide-que-la-competencia-no-se-base-en-impuestos-bajos\/"},"author":{"name":"enequipo","@id":"https:\/\/www.sonoraenequipo.com.mx\/#\/schema\/person\/50102df0fb23a8fa9e8effad8fa81386"},"headline":"Estados Unidos pide que la competencia no se base en impuestos bajos","datePublished":"2021-07-11T15:29:36+00:00","dateModified":"2021-07-12T00:24:01+00:00","mainEntityOfPage":{"@id":"https:\/\/www.sonoraenequipo.com.mx\/estados-unidos-pide-que-la-competencia-no-se-base-en-impuestos-bajos\/"},"wordCount":664,"commentCount":0,"publisher":{"@id":"https:\/\/www.sonoraenequipo.com.mx\/#organization"},"image":{"@id":"https:\/\/www.sonoraenequipo.com.mx\/estados-unidos-pide-que-la-competencia-no-se-base-en-impuestos-bajos\/#primaryimage"},"thumbnailUrl":"https:\/\/www.sonoraenequipo.com.mx\/storage\/2021\/07\/janet-yellen_opt.jpg","articleSection":["MUNDO"],"inLanguage":"es","potentialAction":[{"@type":"CommentAction","name":"Comment","target":["https:\/\/www.sonoraenequipo.com.mx\/estados-unidos-pide-que-la-competencia-no-se-base-en-impuestos-bajos\/#respond"]}]},{"@type":"WebPage","@id":"https:\/\/www.sonoraenequipo.com.mx\/estados-unidos-pide-que-la-competencia-no-se-base-en-impuestos-bajos\/","url":"https:\/\/www.sonoraenequipo.com.mx\/estados-unidos-pide-que-la-competencia-no-se-base-en-impuestos-bajos\/","name":"Sonora en Equipo. Estados Unidos pide que la competencia no se base en impuestos bajos MUNDO","isPartOf":{"@id":"https:\/\/www.sonoraenequipo.com.mx\/#website"},"primaryImageOfPage":{"@id":"https:\/\/www.sonoraenequipo.com.mx\/estados-unidos-pide-que-la-competencia-no-se-base-en-impuestos-bajos\/#primaryimage"},"image":{"@id":"https:\/\/www.sonoraenequipo.com.mx\/estados-unidos-pide-que-la-competencia-no-se-base-en-impuestos-bajos\/#primaryimage"},"thumbnailUrl":"https:\/\/www.sonoraenequipo.com.mx\/storage\/2021\/07\/janet-yellen_opt.jpg","datePublished":"2021-07-11T15:29:36+00:00","dateModified":"2021-07-12T00:24:01+00:00","description":"WASHINGTON, ESTADOS UNIDOS. \u2014 Disuadir del uso de para\u00edsos fiscales permitir\u00e1 a los pa\u00edses competir por sus fundamentos econ\u00f3micos en lugar de por ofrecer En Sonora en Equipo publicamos toda la informaci\u00f3n de Sonora, M\u00e9xico y el Mundo de manera oportuna y busca que la libertad de expresi\u00f3n sea real. Visita nuestro medio informativo publicado desde Hermosillo, Sonora. %","breadcrumb":{"@id":"https:\/\/www.sonoraenequipo.com.mx\/estados-unidos-pide-que-la-competencia-no-se-base-en-impuestos-bajos\/#breadcrumb"},"inLanguage":"es","potentialAction":[{"@type":"ReadAction","target":["https:\/\/www.sonoraenequipo.com.mx\/estados-unidos-pide-que-la-competencia-no-se-base-en-impuestos-bajos\/"]}]},{"@type":"ImageObject","inLanguage":"es","@id":"https:\/\/www.sonoraenequipo.com.mx\/estados-unidos-pide-que-la-competencia-no-se-base-en-impuestos-bajos\/#primaryimage","url":"https:\/\/www.sonoraenequipo.com.mx\/storage\/2021\/07\/janet-yellen_opt.jpg","contentUrl":"https:\/\/www.sonoraenequipo.com.mx\/storage\/2021\/07\/janet-yellen_opt.jpg","width":700,"height":400},{"@type":"BreadcrumbList","@id":"https:\/\/www.sonoraenequipo.com.mx\/estados-unidos-pide-que-la-competencia-no-se-base-en-impuestos-bajos\/#breadcrumb","itemListElement":[{"@type":"ListItem","position":1,"name":"Portada","item":"https:\/\/www.sonoraenequipo.com.mx\/"},{"@type":"ListItem","position":2,"name":"Estados Unidos pide que la competencia no se base en impuestos bajos"}]},{"@type":"WebSite","@id":"https:\/\/www.sonoraenequipo.com.mx\/#website","url":"https:\/\/www.sonoraenequipo.com.mx\/","name":"Sonora en Equipo.","description":"Diario en l\u00ednea con Noticias desde Hermosillo, Sonora","publisher":{"@id":"https:\/\/www.sonoraenequipo.com.mx\/#organization"},"potentialAction":[{"@type":"SearchAction","target":{"@type":"EntryPoint","urlTemplate":"https:\/\/www.sonoraenequipo.com.mx\/?s={search_term_string}"},"query-input":{"@type":"PropertyValueSpecification","valueRequired":true,"valueName":"search_term_string"}}],"inLanguage":"es"},{"@type":"Organization","@id":"https:\/\/www.sonoraenequipo.com.mx\/#organization","name":"Sonoraenequipo.com.mx","url":"https:\/\/www.sonoraenequipo.com.mx\/","logo":{"@type":"ImageObject","inLanguage":"es","@id":"https:\/\/www.sonoraenequipo.com.mx\/#\/schema\/logo\/image\/","url":"https:\/\/www.sonoraenequipo.com.mx\/storage\/2019\/01\/sonoraenequipo_opt.png","contentUrl":"https:\/\/www.sonoraenequipo.com.mx\/storage\/2019\/01\/sonoraenequipo_opt.png","width":375,"height":125,"caption":"Sonoraenequipo.com.mx"},"image":{"@id":"https:\/\/www.sonoraenequipo.com.mx\/#\/schema\/logo\/image\/"},"sameAs":["https:\/\/www.facebook.com\/SonoraEE\/","https:\/\/x.com\/sonoraenequipo","https:\/\/www.youtube.com\/channel\/UC338nW-lPEYmJQs4ZABQ1SQ"]},{"@type":"Person","@id":"https:\/\/www.sonoraenequipo.com.mx\/#\/schema\/person\/50102df0fb23a8fa9e8effad8fa81386","name":"enequipo","image":{"@type":"ImageObject","inLanguage":"es","@id":"https:\/\/www.sonoraenequipo.com.mx\/#\/schema\/person\/image\/","url":"https:\/\/secure.gravatar.com\/avatar\/049821681b589dabc0bc20695993ccebb09f5b5d4d790cd9251b97faac7c652b?s=96&d=blank&r=g","contentUrl":"https:\/\/secure.gravatar.com\/avatar\/049821681b589dabc0bc20695993ccebb09f5b5d4d790cd9251b97faac7c652b?s=96&d=blank&r=g","caption":"enequipo"},"sameAs":["https:\/\/www.facebook.com\/SonoraEE"]}]}},"jetpack_featured_media_url":"https:\/\/www.sonoraenequipo.com.mx\/storage\/2021\/07\/janet-yellen_opt.jpg","_links":{"self":[{"href":"https:\/\/www.sonoraenequipo.com.mx\/api\/wp\/v2\/posts\/118187","targetHints":{"allow":["GET"]}}],"collection":[{"href":"https:\/\/www.sonoraenequipo.com.mx\/api\/wp\/v2\/posts"}],"about":[{"href":"https:\/\/www.sonoraenequipo.com.mx\/api\/wp\/v2\/types\/post"}],"author":[{"embeddable":true,"href":"https:\/\/www.sonoraenequipo.com.mx\/api\/wp\/v2\/users\/1"}],"replies":[{"embeddable":true,"href":"https:\/\/www.sonoraenequipo.com.mx\/api\/wp\/v2\/comments?post=118187"}],"version-history":[{"count":1,"href":"https:\/\/www.sonoraenequipo.com.mx\/api\/wp\/v2\/posts\/118187\/revisions"}],"predecessor-version":[{"id":118194,"href":"https:\/\/www.sonoraenequipo.com.mx\/api\/wp\/v2\/posts\/118187\/revisions\/118194"}],"wp:featuredmedia":[{"embeddable":true,"href":"https:\/\/www.sonoraenequipo.com.mx\/api\/wp\/v2\/media\/118190"}],"wp:attachment":[{"href":"https:\/\/www.sonoraenequipo.com.mx\/api\/wp\/v2\/media?parent=118187"}],"wp:term":[{"taxonomy":"category","embeddable":true,"href":"https:\/\/www.sonoraenequipo.com.mx\/api\/wp\/v2\/categories?post=118187"},{"taxonomy":"post_tag","embeddable":true,"href":"https:\/\/www.sonoraenequipo.com.mx\/api\/wp\/v2\/tags?post=118187"}],"curies":[{"name":"wp","href":"https:\/\/api.w.org\/{rel}","templated":true}]}}