{"id":118195,"date":"2021-07-11T09:50:23","date_gmt":"2021-07-11T16:50:23","guid":{"rendered":"https:\/\/www.sonoraenequipo.com.mx\/?p=118195"},"modified":"2021-07-11T17:36:24","modified_gmt":"2021-07-12T00:36:24","slug":"australia-reporto-por-primera-vez-este-ano-una-muerte-por-covid-19-causada-por-un-contacto-local","status":"publish","type":"post","link":"https:\/\/www.sonoraenequipo.com.mx\/australia-reporto-por-primera-vez-este-ano-una-muerte-por-covid-19-causada-por-un-contacto-local\/","title":{"rendered":"Australia report\u00f3 por primera vez este a\u00f1o una muerte por COVID-19 causada por un contacto local"},"content":{"rendered":"<p>S\u00cdDNEY, AUSTRALIA. \u2014 Las autoridades sanitarias de Australia afirmaron este domingo 11 de julio que se produjo la primera muerte por coronavirus (COVID-19) en el pa\u00eds en 2021 causada por un contacto local y no por un contagio provocado por alguna persona proveniente del extranjero.<\/p>\n<p>&nbsp;<\/p>\n<p> <\/p>\n<p>Las autoridades del estado de Nueva Gales del Sur se\u00f1alaron que la v\u00edctima fue una mujer de 90 a\u00f1os, que hab\u00eda visitado a su familia en la capital del estado, S\u00eddney, y se infect\u00f3 de COVID-19 en el lugar.<\/p>\n<p>&nbsp;<\/p>\n<p>Las autoridades se\u00f1alaron que la mujer, que no ten\u00eda antecedentes de viajes ni contacto con alguien que se fuera al exterior, falleci\u00f3 a causa del vius en el hospital donde fue atendida el s\u00e1bado.<\/p>\n<p>&nbsp;<\/p>\n<p>Seg\u00fan los funcionarios, esta es la primera muerte a causa de coronavirus en 10 meses en Nueva Gales del Sur y se\u00f1alaron que 52 personas en el estado ya han recibido tratamiento contra el virus.<\/p>\n<p>&nbsp;<\/p>\n<p>La primera ministra de Nueva Gales del Sur, Gladys Berejiklian, advirti\u00f3 en un comunicado de prensa que los casos diarios de COVID-19 podr\u00edan aumentar en la regi\u00f3n.<\/p>\n<p>&nbsp;<\/p>\n<p>Berejiklian se\u00f1al\u00f3 que la enfermedad se propaga f\u00e1cilmente durante visitas a familiares y amigos, y pidi\u00f3 a los residentes del estado que no abandonen sus hogares.<\/p>\n<p>&nbsp;<\/p>\n<p><em>\u00abLos lazos estrechos entre familias son perjudiciales para la salud p\u00fablica\u00bb<\/em><\/p>\n<p>&nbsp;<\/p>\n<p>El subsecretario de Salud del estado de Nueva Gales del Sur, Kerry Chant, afirm\u00f3 que los casos de COVID-19 han aumentado en el suroeste de S\u00eddney.<\/p>\n<p>&nbsp;<\/p>\n<p>Chant afirm\u00f3 que este aumento se debe a la estrecha interacci\u00f3n de quienes viven en la misma casa. Subray\u00f3 que, a pesar de que valora la estrecha uni\u00f3n familiar, estos v\u00ednculos entre familias son muy perjudiciales para la salud p\u00fablica.<\/p>\n<p>&nbsp;<\/p>\n<p>En S\u00eddney se impuso nuevamente un toque de queda debido al aumento de casos de la variante delta de la COVID-19, que se evidenci\u00f3 por primera vez en la India y se propaga con mayor facilidad.<\/p>\n<p>&nbsp;<\/p>\n<p>Un total de 57 personas han muerto en Nueva Gales del Sur debido a la COVID-19.<\/p>\n<p>&nbsp;<\/p>\n<p>Desde el inicio de la pandemia en Australia, se han detectado m\u00e1s de 31 mil casos de COVID-19 y han muerto 911 personas a causa del virus.<\/p>\n<p>&nbsp;<\/p>\n<p>&nbsp;<\/p>\n<p>(Publicada el 11\/07\/2021 \/ Con informaci\u00f3n de Camilo Hern\u00e1ndez)<\/p>\n","protected":false},"excerpt":{"rendered":"<p>S\u00cdDNEY, AUSTRALIA. \u2014 Las autoridades sanitarias de Australia afirmaron este domingo 11 de julio que&#8230;<\/p>\n","protected":false},"author":1,"featured_media":118193,"comment_status":"open","ping_status":"open","sticky":false,"template":"","format":"standard","meta":{"_monsterinsights_skip_tracking":false,"_monsterinsights_sitenote_active":false,"_monsterinsights_sitenote_note":"","_monsterinsights_sitenote_category":0,"footnotes":""},"categories":[3],"tags":[],"class_list":["post"],"yoast_head":" \n<title>Sonora en Equipo. Australia report\u00f3 por primera vez este a\u00f1o una muerte por COVID-19 causada por un contacto local MUNDO<\/title>\n<meta name=\"description\" content=\"S\u00cdDNEY, AUSTRALIA. \u2014 Las autoridades sanitarias de Australia afirmaron este domingo 11 de julio que se produjo la primera muerte por coronavirus En Sonora en Equipo publicamos toda la informaci\u00f3n de Sonora, M\u00e9xico y el Mundo de manera oportuna y busca que la libertad de expresi\u00f3n sea real. Visita nuestro medio informativo publicado desde Hermosillo, Sonora. %\" \/>\n<meta name=\"robots\" content=\"index, follow, max-snippet:-1, max-image-preview:large, max-video-preview:-1\" \/>\n<link rel=\"canonical\" href=\"https:\/\/www.sonoraenequipo.com.mx\/australia-reporto-por-primera-vez-este-ano-una-muerte-por-covid-19-causada-por-un-contacto-local\/\" \/>\n<meta property=\"og:locale\" content=\"es_ES\" \/>\n<meta property=\"og:type\" content=\"article\" \/>\n<meta property=\"og:title\" content=\"Sonora en Equipo. Australia report\u00f3 por primera vez este a\u00f1o una muerte por COVID-19 causada por un contacto local MUNDO\" \/>\n<meta property=\"og:description\" content=\"S\u00cdDNEY, AUSTRALIA. \u2014 Las autoridades sanitarias de Australia afirmaron este domingo 11 de julio que se produjo la primera muerte por coronavirus En Sonora en Equipo publicamos toda la informaci\u00f3n de Sonora, M\u00e9xico y el Mundo de manera oportuna y busca que la libertad de expresi\u00f3n sea real. Visita nuestro medio informativo publicado desde Hermosillo, Sonora. %\" \/>\n<meta property=\"og:url\" content=\"https:\/\/www.sonoraenequipo.com.mx\/australia-reporto-por-primera-vez-este-ano-una-muerte-por-covid-19-causada-por-un-contacto-local\/\" \/>\n<meta property=\"og:site_name\" content=\"Sonora en Equipo.\" \/>\n<meta property=\"article:publisher\" content=\"https:\/\/www.facebook.com\/SonoraEE\/\" \/>\n<meta property=\"article:author\" content=\"https:\/\/www.facebook.com\/SonoraEE\" \/>\n<meta property=\"article:published_time\" content=\"2021-07-11T16:50:23+00:00\" \/>\n<meta property=\"article:modified_time\" content=\"2021-07-12T00:36:24+00:00\" \/>\n<meta property=\"og:image\" content=\"https:\/\/www.sonoraenequipo.com.mx\/storage\/2021\/07\/australia-covid19_opt.jpg\" \/>\n\t<meta property=\"og:image:width\" content=\"700\" \/>\n\t<meta property=\"og:image:height\" content=\"400\" \/>\n\t<meta property=\"og:image:type\" content=\"image\/jpeg\" \/>\n<meta name=\"author\" content=\"enequipo\" \/>\n<meta name=\"twitter:card\" content=\"summary_large_image\" \/>\n<meta name=\"twitter:creator\" content=\"@sonoraenequipo\" \/>\n<meta name=\"twitter:site\" content=\"@sonoraenequipo\" \/>\n<meta name=\"twitter:label1\" content=\"Escrito por\" \/>\n\t<meta name=\"twitter:data1\" content=\"enequipo\" \/>\n\t<meta name=\"twitter:label2\" content=\"Tiempo de lectura\" \/>\n\t<meta name=\"twitter:data2\" content=\"2 minutos\" \/>\n<script type=\"application\/ld+json\" class=\"yoast-schema-graph\">{\"@context\":\"https:\/\/schema.org\",\"@graph\":[{\"@type\":\"Article\",\"@id\":\"https:\/\/www.sonoraenequipo.com.mx\/australia-reporto-por-primera-vez-este-ano-una-muerte-por-covid-19-causada-por-un-contacto-local\/#article\",\"isPartOf\":{\"@id\":\"https:\/\/www.sonoraenequipo.com.mx\/australia-reporto-por-primera-vez-este-ano-una-muerte-por-covid-19-causada-por-un-contacto-local\/\"},\"author\":{\"name\":\"enequipo\",\"@id\":\"https:\/\/www.sonoraenequipo.com.mx\/#\/schema\/person\/50102df0fb23a8fa9e8effad8fa81386\"},\"headline\":\"Australia report\u00f3 por primera vez este a\u00f1o una muerte por COVID-19 causada por un contacto local\",\"datePublished\":\"2021-07-11T16:50:23+00:00\",\"dateModified\":\"2021-07-12T00:36:24+00:00\",\"mainEntityOfPage\":{\"@id\":\"https:\/\/www.sonoraenequipo.com.mx\/australia-reporto-por-primera-vez-este-ano-una-muerte-por-covid-19-causada-por-un-contacto-local\/\"},\"wordCount\":416,\"commentCount\":0,\"publisher\":{\"@id\":\"https:\/\/www.sonoraenequipo.com.mx\/#organization\"},\"image\":{\"@id\":\"https:\/\/www.sonoraenequipo.com.mx\/australia-reporto-por-primera-vez-este-ano-una-muerte-por-covid-19-causada-por-un-contacto-local\/#primaryimage\"},\"thumbnailUrl\":\"https:\/\/www.sonoraenequipo.com.mx\/storage\/2021\/07\/australia-covid19_opt.jpg\",\"articleSection\":[\"MUNDO\"],\"inLanguage\":\"es\",\"potentialAction\":[{\"@type\":\"CommentAction\",\"name\":\"Comment\",\"target\":[\"https:\/\/www.sonoraenequipo.com.mx\/australia-reporto-por-primera-vez-este-ano-una-muerte-por-covid-19-causada-por-un-contacto-local\/#respond\"]}]},{\"@type\":\"WebPage\",\"@id\":\"https:\/\/www.sonoraenequipo.com.mx\/australia-reporto-por-primera-vez-este-ano-una-muerte-por-covid-19-causada-por-un-contacto-local\/\",\"url\":\"https:\/\/www.sonoraenequipo.com.mx\/australia-reporto-por-primera-vez-este-ano-una-muerte-por-covid-19-causada-por-un-contacto-local\/\",\"name\":\"Sonora en Equipo. Australia report\u00f3 por primera vez este a\u00f1o una muerte por COVID-19 causada por un contacto local MUNDO\",\"isPartOf\":{\"@id\":\"https:\/\/www.sonoraenequipo.com.mx\/#website\"},\"primaryImageOfPage\":{\"@id\":\"https:\/\/www.sonoraenequipo.com.mx\/australia-reporto-por-primera-vez-este-ano-una-muerte-por-covid-19-causada-por-un-contacto-local\/#primaryimage\"},\"image\":{\"@id\":\"https:\/\/www.sonoraenequipo.com.mx\/australia-reporto-por-primera-vez-este-ano-una-muerte-por-covid-19-causada-por-un-contacto-local\/#primaryimage\"},\"thumbnailUrl\":\"https:\/\/www.sonoraenequipo.com.mx\/storage\/2021\/07\/australia-covid19_opt.jpg\",\"datePublished\":\"2021-07-11T16:50:23+00:00\",\"dateModified\":\"2021-07-12T00:36:24+00:00\",\"description\":\"S\u00cdDNEY, AUSTRALIA. \u2014 Las autoridades sanitarias de Australia afirmaron este domingo 11 de julio que se produjo la primera muerte por coronavirus En Sonora en Equipo publicamos toda la informaci\u00f3n de Sonora, M\u00e9xico y el Mundo de manera oportuna y busca que la libertad de expresi\u00f3n sea real. Visita nuestro medio informativo publicado desde Hermosillo, Sonora. %\",\"breadcrumb\":{\"@id\":\"https:\/\/www.sonoraenequipo.com.mx\/australia-reporto-por-primera-vez-este-ano-una-muerte-por-covid-19-causada-por-un-contacto-local\/#breadcrumb\"},\"inLanguage\":\"es\",\"potentialAction\":[{\"@type\":\"ReadAction\",\"target\":[\"https:\/\/www.sonoraenequipo.com.mx\/australia-reporto-por-primera-vez-este-ano-una-muerte-por-covid-19-causada-por-un-contacto-local\/\"]}]},{\"@type\":\"ImageObject\",\"inLanguage\":\"es\",\"@id\":\"https:\/\/www.sonoraenequipo.com.mx\/australia-reporto-por-primera-vez-este-ano-una-muerte-por-covid-19-causada-por-un-contacto-local\/#primaryimage\",\"url\":\"https:\/\/www.sonoraenequipo.com.mx\/storage\/2021\/07\/australia-covid19_opt.jpg\",\"contentUrl\":\"https:\/\/www.sonoraenequipo.com.mx\/storage\/2021\/07\/australia-covid19_opt.jpg\",\"width\":700,\"height\":400},{\"@type\":\"BreadcrumbList\",\"@id\":\"https:\/\/www.sonoraenequipo.com.mx\/australia-reporto-por-primera-vez-este-ano-una-muerte-por-covid-19-causada-por-un-contacto-local\/#breadcrumb\",\"itemListElement\":[{\"@type\":\"ListItem\",\"position\":1,\"name\":\"Portada\",\"item\":\"https:\/\/www.sonoraenequipo.com.mx\/\"},{\"@type\":\"ListItem\",\"position\":2,\"name\":\"Australia report\u00f3 por primera vez este a\u00f1o una muerte por COVID-19 causada por un contacto local\"}]},{\"@type\":\"WebSite\",\"@id\":\"https:\/\/www.sonoraenequipo.com.mx\/#website\",\"url\":\"https:\/\/www.sonoraenequipo.com.mx\/\",\"name\":\"Sonora en Equipo.\",\"description\":\"Diario en l\u00ednea con Noticias desde Hermosillo, Sonora\",\"publisher\":{\"@id\":\"https:\/\/www.sonoraenequipo.com.mx\/#organization\"},\"potentialAction\":[{\"@type\":\"SearchAction\",\"target\":{\"@type\":\"EntryPoint\",\"urlTemplate\":\"https:\/\/www.sonoraenequipo.com.mx\/?s={search_term_string}\"},\"query-input\":{\"@type\":\"PropertyValueSpecification\",\"valueRequired\":true,\"valueName\":\"search_term_string\"}}],\"inLanguage\":\"es\"},{\"@type\":\"Organization\",\"@id\":\"https:\/\/www.sonoraenequipo.com.mx\/#organization\",\"name\":\"Sonoraenequipo.com.mx\",\"url\":\"https:\/\/www.sonoraenequipo.com.mx\/\",\"logo\":{\"@type\":\"ImageObject\",\"inLanguage\":\"es\",\"@id\":\"https:\/\/www.sonoraenequipo.com.mx\/#\/schema\/logo\/image\/\",\"url\":\"https:\/\/www.sonoraenequipo.com.mx\/storage\/2019\/01\/sonoraenequipo_opt.png\",\"contentUrl\":\"https:\/\/www.sonoraenequipo.com.mx\/storage\/2019\/01\/sonoraenequipo_opt.png\",\"width\":375,\"height\":125,\"caption\":\"Sonoraenequipo.com.mx\"},\"image\":{\"@id\":\"https:\/\/www.sonoraenequipo.com.mx\/#\/schema\/logo\/image\/\"},\"sameAs\":[\"https:\/\/www.facebook.com\/SonoraEE\/\",\"https:\/\/x.com\/sonoraenequipo\",\"https:\/\/www.youtube.com\/channel\/UC338nW-lPEYmJQs4ZABQ1SQ\"]},{\"@type\":\"Person\",\"@id\":\"https:\/\/www.sonoraenequipo.com.mx\/#\/schema\/person\/50102df0fb23a8fa9e8effad8fa81386\",\"name\":\"enequipo\",\"image\":{\"@type\":\"ImageObject\",\"inLanguage\":\"es\",\"@id\":\"https:\/\/www.sonoraenequipo.com.mx\/#\/schema\/person\/image\/\",\"url\":\"https:\/\/secure.gravatar.com\/avatar\/049821681b589dabc0bc20695993ccebb09f5b5d4d790cd9251b97faac7c652b?s=96&d=blank&r=g\",\"contentUrl\":\"https:\/\/secure.gravatar.com\/avatar\/049821681b589dabc0bc20695993ccebb09f5b5d4d790cd9251b97faac7c652b?s=96&d=blank&r=g\",\"caption\":\"enequipo\"},\"sameAs\":[\"https:\/\/www.facebook.com\/SonoraEE\"]}]}<\/script>\n ","yoast_head_json":{"title":"Sonora en Equipo. Australia report\u00f3 por primera vez este a\u00f1o una muerte por COVID-19 causada por un contacto local MUNDO","description":"S\u00cdDNEY, AUSTRALIA. \u2014 Las autoridades sanitarias de Australia afirmaron este domingo 11 de julio que se produjo la primera muerte por coronavirus En Sonora en Equipo publicamos toda la informaci\u00f3n de Sonora, M\u00e9xico y el Mundo de manera oportuna y busca que la libertad de expresi\u00f3n sea real. Visita nuestro medio informativo publicado desde Hermosillo, Sonora. %","robots":{"index":"index","follow":"follow","max-snippet":"max-snippet:-1","max-image-preview":"max-image-preview:large","max-video-preview":"max-video-preview:-1"},"canonical":"https:\/\/www.sonoraenequipo.com.mx\/australia-reporto-por-primera-vez-este-ano-una-muerte-por-covid-19-causada-por-un-contacto-local\/","og_locale":"es_ES","og_type":"article","og_title":"Sonora en Equipo. Australia report\u00f3 por primera vez este a\u00f1o una muerte por COVID-19 causada por un contacto local MUNDO","og_description":"S\u00cdDNEY, AUSTRALIA. \u2014 Las autoridades sanitarias de Australia afirmaron este domingo 11 de julio que se produjo la primera muerte por coronavirus En Sonora en Equipo publicamos toda la informaci\u00f3n de Sonora, M\u00e9xico y el Mundo de manera oportuna y busca que la libertad de expresi\u00f3n sea real. Visita nuestro medio informativo publicado desde Hermosillo, Sonora. %","og_url":"https:\/\/www.sonoraenequipo.com.mx\/australia-reporto-por-primera-vez-este-ano-una-muerte-por-covid-19-causada-por-un-contacto-local\/","og_site_name":"Sonora en Equipo.","article_publisher":"https:\/\/www.facebook.com\/SonoraEE\/","article_author":"https:\/\/www.facebook.com\/SonoraEE","article_published_time":"2021-07-11T16:50:23+00:00","article_modified_time":"2021-07-12T00:36:24+00:00","og_image":[{"width":700,"height":400,"url":"https:\/\/www.sonoraenequipo.com.mx\/storage\/2021\/07\/australia-covid19_opt.jpg","type":"image\/jpeg"}],"author":"enequipo","twitter_card":"summary_large_image","twitter_creator":"@sonoraenequipo","twitter_site":"@sonoraenequipo","twitter_misc":{"Escrito por":"enequipo","Tiempo de lectura":"2 minutos"},"schema":{"@context":"https:\/\/schema.org","@graph":[{"@type":"Article","@id":"https:\/\/www.sonoraenequipo.com.mx\/australia-reporto-por-primera-vez-este-ano-una-muerte-por-covid-19-causada-por-un-contacto-local\/#article","isPartOf":{"@id":"https:\/\/www.sonoraenequipo.com.mx\/australia-reporto-por-primera-vez-este-ano-una-muerte-por-covid-19-causada-por-un-contacto-local\/"},"author":{"name":"enequipo","@id":"https:\/\/www.sonoraenequipo.com.mx\/#\/schema\/person\/50102df0fb23a8fa9e8effad8fa81386"},"headline":"Australia report\u00f3 por primera vez este a\u00f1o una muerte por COVID-19 causada por un contacto local","datePublished":"2021-07-11T16:50:23+00:00","dateModified":"2021-07-12T00:36:24+00:00","mainEntityOfPage":{"@id":"https:\/\/www.sonoraenequipo.com.mx\/australia-reporto-por-primera-vez-este-ano-una-muerte-por-covid-19-causada-por-un-contacto-local\/"},"wordCount":416,"commentCount":0,"publisher":{"@id":"https:\/\/www.sonoraenequipo.com.mx\/#organization"},"image":{"@id":"https:\/\/www.sonoraenequipo.com.mx\/australia-reporto-por-primera-vez-este-ano-una-muerte-por-covid-19-causada-por-un-contacto-local\/#primaryimage"},"thumbnailUrl":"https:\/\/www.sonoraenequipo.com.mx\/storage\/2021\/07\/australia-covid19_opt.jpg","articleSection":["MUNDO"],"inLanguage":"es","potentialAction":[{"@type":"CommentAction","name":"Comment","target":["https:\/\/www.sonoraenequipo.com.mx\/australia-reporto-por-primera-vez-este-ano-una-muerte-por-covid-19-causada-por-un-contacto-local\/#respond"]}]},{"@type":"WebPage","@id":"https:\/\/www.sonoraenequipo.com.mx\/australia-reporto-por-primera-vez-este-ano-una-muerte-por-covid-19-causada-por-un-contacto-local\/","url":"https:\/\/www.sonoraenequipo.com.mx\/australia-reporto-por-primera-vez-este-ano-una-muerte-por-covid-19-causada-por-un-contacto-local\/","name":"Sonora en Equipo. Australia report\u00f3 por primera vez este a\u00f1o una muerte por COVID-19 causada por un contacto local MUNDO","isPartOf":{"@id":"https:\/\/www.sonoraenequipo.com.mx\/#website"},"primaryImageOfPage":{"@id":"https:\/\/www.sonoraenequipo.com.mx\/australia-reporto-por-primera-vez-este-ano-una-muerte-por-covid-19-causada-por-un-contacto-local\/#primaryimage"},"image":{"@id":"https:\/\/www.sonoraenequipo.com.mx\/australia-reporto-por-primera-vez-este-ano-una-muerte-por-covid-19-causada-por-un-contacto-local\/#primaryimage"},"thumbnailUrl":"https:\/\/www.sonoraenequipo.com.mx\/storage\/2021\/07\/australia-covid19_opt.jpg","datePublished":"2021-07-11T16:50:23+00:00","dateModified":"2021-07-12T00:36:24+00:00","description":"S\u00cdDNEY, AUSTRALIA. \u2014 Las autoridades sanitarias de Australia afirmaron este domingo 11 de julio que se produjo la primera muerte por coronavirus En Sonora en Equipo publicamos toda la informaci\u00f3n de Sonora, M\u00e9xico y el Mundo de manera oportuna y busca que la libertad de expresi\u00f3n sea real. Visita nuestro medio informativo publicado desde Hermosillo, Sonora. %","breadcrumb":{"@id":"https:\/\/www.sonoraenequipo.com.mx\/australia-reporto-por-primera-vez-este-ano-una-muerte-por-covid-19-causada-por-un-contacto-local\/#breadcrumb"},"inLanguage":"es","potentialAction":[{"@type":"ReadAction","target":["https:\/\/www.sonoraenequipo.com.mx\/australia-reporto-por-primera-vez-este-ano-una-muerte-por-covid-19-causada-por-un-contacto-local\/"]}]},{"@type":"ImageObject","inLanguage":"es","@id":"https:\/\/www.sonoraenequipo.com.mx\/australia-reporto-por-primera-vez-este-ano-una-muerte-por-covid-19-causada-por-un-contacto-local\/#primaryimage","url":"https:\/\/www.sonoraenequipo.com.mx\/storage\/2021\/07\/australia-covid19_opt.jpg","contentUrl":"https:\/\/www.sonoraenequipo.com.mx\/storage\/2021\/07\/australia-covid19_opt.jpg","width":700,"height":400},{"@type":"BreadcrumbList","@id":"https:\/\/www.sonoraenequipo.com.mx\/australia-reporto-por-primera-vez-este-ano-una-muerte-por-covid-19-causada-por-un-contacto-local\/#breadcrumb","itemListElement":[{"@type":"ListItem","position":1,"name":"Portada","item":"https:\/\/www.sonoraenequipo.com.mx\/"},{"@type":"ListItem","position":2,"name":"Australia report\u00f3 por primera vez este a\u00f1o una muerte por COVID-19 causada por un contacto local"}]},{"@type":"WebSite","@id":"https:\/\/www.sonoraenequipo.com.mx\/#website","url":"https:\/\/www.sonoraenequipo.com.mx\/","name":"Sonora en Equipo.","description":"Diario en l\u00ednea con Noticias desde Hermosillo, Sonora","publisher":{"@id":"https:\/\/www.sonoraenequipo.com.mx\/#organization"},"potentialAction":[{"@type":"SearchAction","target":{"@type":"EntryPoint","urlTemplate":"https:\/\/www.sonoraenequipo.com.mx\/?s={search_term_string}"},"query-input":{"@type":"PropertyValueSpecification","valueRequired":true,"valueName":"search_term_string"}}],"inLanguage":"es"},{"@type":"Organization","@id":"https:\/\/www.sonoraenequipo.com.mx\/#organization","name":"Sonoraenequipo.com.mx","url":"https:\/\/www.sonoraenequipo.com.mx\/","logo":{"@type":"ImageObject","inLanguage":"es","@id":"https:\/\/www.sonoraenequipo.com.mx\/#\/schema\/logo\/image\/","url":"https:\/\/www.sonoraenequipo.com.mx\/storage\/2019\/01\/sonoraenequipo_opt.png","contentUrl":"https:\/\/www.sonoraenequipo.com.mx\/storage\/2019\/01\/sonoraenequipo_opt.png","width":375,"height":125,"caption":"Sonoraenequipo.com.mx"},"image":{"@id":"https:\/\/www.sonoraenequipo.com.mx\/#\/schema\/logo\/image\/"},"sameAs":["https:\/\/www.facebook.com\/SonoraEE\/","https:\/\/x.com\/sonoraenequipo","https:\/\/www.youtube.com\/channel\/UC338nW-lPEYmJQs4ZABQ1SQ"]},{"@type":"Person","@id":"https:\/\/www.sonoraenequipo.com.mx\/#\/schema\/person\/50102df0fb23a8fa9e8effad8fa81386","name":"enequipo","image":{"@type":"ImageObject","inLanguage":"es","@id":"https:\/\/www.sonoraenequipo.com.mx\/#\/schema\/person\/image\/","url":"https:\/\/secure.gravatar.com\/avatar\/049821681b589dabc0bc20695993ccebb09f5b5d4d790cd9251b97faac7c652b?s=96&d=blank&r=g","contentUrl":"https:\/\/secure.gravatar.com\/avatar\/049821681b589dabc0bc20695993ccebb09f5b5d4d790cd9251b97faac7c652b?s=96&d=blank&r=g","caption":"enequipo"},"sameAs":["https:\/\/www.facebook.com\/SonoraEE"]}]}},"jetpack_featured_media_url":"https:\/\/www.sonoraenequipo.com.mx\/storage\/2021\/07\/australia-covid19_opt.jpg","_links":{"self":[{"href":"https:\/\/www.sonoraenequipo.com.mx\/api\/wp\/v2\/posts\/118195","targetHints":{"allow":["GET"]}}],"collection":[{"href":"https:\/\/www.sonoraenequipo.com.mx\/api\/wp\/v2\/posts"}],"about":[{"href":"https:\/\/www.sonoraenequipo.com.mx\/api\/wp\/v2\/types\/post"}],"author":[{"embeddable":true,"href":"https:\/\/www.sonoraenequipo.com.mx\/api\/wp\/v2\/users\/1"}],"replies":[{"embeddable":true,"href":"https:\/\/www.sonoraenequipo.com.mx\/api\/wp\/v2\/comments?post=118195"}],"version-history":[{"count":1,"href":"https:\/\/www.sonoraenequipo.com.mx\/api\/wp\/v2\/posts\/118195\/revisions"}],"predecessor-version":[{"id":118196,"href":"https:\/\/www.sonoraenequipo.com.mx\/api\/wp\/v2\/posts\/118195\/revisions\/118196"}],"wp:featuredmedia":[{"embeddable":true,"href":"https:\/\/www.sonoraenequipo.com.mx\/api\/wp\/v2\/media\/118193"}],"wp:attachment":[{"href":"https:\/\/www.sonoraenequipo.com.mx\/api\/wp\/v2\/media?parent=118195"}],"wp:term":[{"taxonomy":"category","embeddable":true,"href":"https:\/\/www.sonoraenequipo.com.mx\/api\/wp\/v2\/categories?post=118195"},{"taxonomy":"post_tag","embeddable":true,"href":"https:\/\/www.sonoraenequipo.com.mx\/api\/wp\/v2\/tags?post=118195"}],"curies":[{"name":"wp","href":"https:\/\/api.w.org\/{rel}","templated":true}]}}