{"id":118197,"date":"2021-07-11T11:10:46","date_gmt":"2021-07-11T18:10:46","guid":{"rendered":"https:\/\/www.sonoraenequipo.com.mx\/?p=118197"},"modified":"2021-07-11T17:41:40","modified_gmt":"2021-07-12T00:41:40","slug":"cientos-de-personas-protestan-en-un-pueblo-cubano-contra-el-gobierno","status":"publish","type":"post","link":"https:\/\/www.sonoraenequipo.com.mx\/cientos-de-personas-protestan-en-un-pueblo-cubano-contra-el-gobierno\/","title":{"rendered":"Cientos de personas protestan en un pueblo cubano contra el Gobierno"},"content":{"rendered":"<p>LA HABANA, CUBA. \u2014 Cientos de personas salieron este domingo a la calle a protestar contra el Gobierno en el pueblo cubano de San Antonio de los Ba\u00f1os (Artemisa, oeste) al grito de \u00ab\u00a1abajo la dictadura!\u00bb, <em>\u00ablibertad\u00bb y \u00abpatria y vida\u00bb.<\/em><\/p>\n<p>&nbsp;<\/p>\n<p> <\/p>\n<p>&nbsp;<\/p>\n<p>La in\u00e9dita manifestaci\u00f3n, a la que a esta hora se sigue sumando gente, fue retransmitida en directo por usuarios de Facebook y tiene lugar en medio de una grave crisis econ\u00f3mica y sanitaria en el pa\u00eds caribe\u00f1o, donde se sufre una preocupante falta de alimentos, medicinas y otros productos b\u00e1sicos.<\/p>\n<p>&nbsp;<\/p>\n<p><em>\u00abLa gente empez\u00f3 a gritar, hay apagones horribles, de seis horas, esto no para, y es todos los d\u00edas. Empezaron a caminar, muy pac\u00edficos, lo \u00fanico que hac\u00edan era gritar. Hab\u00eda mucha gente joven\u00bb<\/em>, dijo por tel\u00e9fono a Efe una vecina de la localidad que se encontraba dentro de una tienda en el momento de los hechos.<\/p>\n<p>&nbsp;<\/p>\n<p>En San Antonio hay una fuerte presencia policial y la gente se ha quejado de que se han registrado actos de violencia contra los manifestantes pac\u00edficos, seg\u00fan relataron vecinos de San Antonio a reporteros de Efe desplazados a esa localidad de la provincia Artemisa, situada unos 37 kil\u00f3metros al oeste de La Habana.<\/p>\n<p>&nbsp;<\/p>\n<p>Tambi\u00e9n Efe pudo confirmar la presencia del presidente cubano, Miguel D\u00edaz-Canel, en el parque de la Iglesia de San Antonio, donde mantuvo una conversaci\u00f3n con un grupo de simpatizantes del Gobierno.<\/p>\n<p>&nbsp;<\/p>\n<p>Otra fuente que se encuentra en la zona del pueblo cubano se\u00f1al\u00f3 a Efe que el servicio de internet en los tel\u00e9fonos celulares ha sido cortado.<\/p>\n<p>&nbsp;<\/p>\n<p>En La Habana han circulado convocatorias en las redes sociales para manifestarse en puntos de la avenida Malec\u00f3n, pero hasta el momento no se ha realizado esa protesta.<\/p>\n<p>&nbsp;<\/p>\n<p>Esta tarde s\u00ed se congreg\u00f3 una veintena de j\u00f3venes -entre ellos el dramaturgo Yunior Aguilera- a las puertas del Instituto Cubano de Radio y Televisi\u00f3n (ICRT), donde convocaron a una protesta al grito de \u00a1Cuba sufre! y \u00a1digan la verdad y pueden ser nuestros padres!, ante una fuerte presencia de agentes de la Seguridad del Estado.<\/p>\n<p>&nbsp;<\/p>\n<p>&nbsp;<\/p>\n<p>Adem\u00e1s pidieron que las autoridades restablezcan el servicio de internet en La Habana, que se encuentra cortado en este momento.<\/p>\n<p>&nbsp;<\/p>\n<p>En las redes sociales han comenzado a circular videos de otros lugares, como el pueblo oriental de Palma Soriano (Santiago de Cuba), donde cientos de personas tambi\u00e9n se han movilizado en las calles y se escuchan consignas como <em>\u00abno m\u00e1s mentiras\u00bb y \u00abno tenemos miedo\u00bb.<\/em><\/p>\n<p>&nbsp;<\/p>\n<p>&nbsp;<\/p>\n<p>Tambi\u00e9n se han reportado r\u00e9plicas de las protestas en las localidades de Guira de Melena y Alqu\u00edzar, ambas de la provincia de Artemisa.<\/p>\n<p>&nbsp;<\/p>\n<p>&nbsp;<\/p>\n<p>Esta es la protesta antigubernamental m\u00e1s grande que se registra en la isla desde el llamado <em>\u00abmaleconazo\u00bb,<\/em> cuando en agosto de 1994, en pleno <em>\u00abperiodo especial\u00bb<\/em> cientos de personas salieron a las calles de La Habana y no se retiraron hasta que lleg\u00f3 el entonces l\u00edder cubano Fidel Castro.<\/p>\n<p>&nbsp;<\/p>\n<p>&nbsp;<\/p>\n<p>(Publicada el 11\/07\/2021 \/Agencias y MEE)<\/p>\n","protected":false},"excerpt":{"rendered":"<p>LA HABANA, CUBA. \u2014 Cientos de personas salieron este domingo a la calle a protestar&#8230;<\/p>\n","protected":false},"author":1,"featured_media":118188,"comment_status":"open","ping_status":"open","sticky":false,"template":"","format":"standard","meta":{"_monsterinsights_skip_tracking":false,"_monsterinsights_sitenote_active":false,"_monsterinsights_sitenote_note":"","_monsterinsights_sitenote_category":0,"footnotes":""},"categories":[3],"tags":[],"class_list":["post"],"yoast_head":" \n<title>Sonora en Equipo. Cientos de personas protestan en un pueblo cubano contra el Gobierno MUNDO<\/title>\n<meta name=\"description\" content=\"LA HABANA, CUBA. \u2014 Cientos de personas salieron este domingo a la calle a protestar contra el Gobierno en el pueblo cubano de San Antonio de los Ba\u00f1os En Sonora en Equipo publicamos toda la informaci\u00f3n de Sonora, M\u00e9xico y el Mundo de manera oportuna y busca que la libertad de expresi\u00f3n sea real. Visita nuestro medio informativo publicado desde Hermosillo, Sonora. %\" \/>\n<meta name=\"robots\" content=\"index, follow, max-snippet:-1, max-image-preview:large, max-video-preview:-1\" \/>\n<link rel=\"canonical\" href=\"https:\/\/www.sonoraenequipo.com.mx\/cientos-de-personas-protestan-en-un-pueblo-cubano-contra-el-gobierno\/\" \/>\n<meta property=\"og:locale\" content=\"es_ES\" \/>\n<meta property=\"og:type\" content=\"article\" \/>\n<meta property=\"og:title\" content=\"Sonora en Equipo. Cientos de personas protestan en un pueblo cubano contra el Gobierno MUNDO\" \/>\n<meta property=\"og:description\" content=\"LA HABANA, CUBA. \u2014 Cientos de personas salieron este domingo a la calle a protestar contra el Gobierno en el pueblo cubano de San Antonio de los Ba\u00f1os En Sonora en Equipo publicamos toda la informaci\u00f3n de Sonora, M\u00e9xico y el Mundo de manera oportuna y busca que la libertad de expresi\u00f3n sea real. Visita nuestro medio informativo publicado desde Hermosillo, Sonora. %\" \/>\n<meta property=\"og:url\" content=\"https:\/\/www.sonoraenequipo.com.mx\/cientos-de-personas-protestan-en-un-pueblo-cubano-contra-el-gobierno\/\" \/>\n<meta property=\"og:site_name\" content=\"Sonora en Equipo.\" \/>\n<meta property=\"article:publisher\" content=\"https:\/\/www.facebook.com\/SonoraEE\/\" \/>\n<meta property=\"article:author\" content=\"https:\/\/www.facebook.com\/SonoraEE\" \/>\n<meta property=\"article:published_time\" content=\"2021-07-11T18:10:46+00:00\" \/>\n<meta property=\"article:modified_time\" content=\"2021-07-12T00:41:40+00:00\" \/>\n<meta property=\"og:image\" content=\"https:\/\/www.sonoraenequipo.com.mx\/storage\/2021\/07\/san-antonio-cuba_opt.jpg\" \/>\n\t<meta property=\"og:image:width\" content=\"700\" \/>\n\t<meta property=\"og:image:height\" content=\"400\" \/>\n\t<meta property=\"og:image:type\" content=\"image\/jpeg\" \/>\n<meta name=\"author\" content=\"enequipo\" \/>\n<meta name=\"twitter:card\" content=\"summary_large_image\" \/>\n<meta name=\"twitter:creator\" content=\"@sonoraenequipo\" \/>\n<meta name=\"twitter:site\" content=\"@sonoraenequipo\" \/>\n<meta name=\"twitter:label1\" content=\"Escrito por\" \/>\n\t<meta name=\"twitter:data1\" content=\"enequipo\" \/>\n\t<meta name=\"twitter:label2\" content=\"Tiempo de lectura\" \/>\n\t<meta name=\"twitter:data2\" content=\"3 minutos\" \/>\n<script type=\"application\/ld+json\" class=\"yoast-schema-graph\">{\"@context\":\"https:\/\/schema.org\",\"@graph\":[{\"@type\":\"Article\",\"@id\":\"https:\/\/www.sonoraenequipo.com.mx\/cientos-de-personas-protestan-en-un-pueblo-cubano-contra-el-gobierno\/#article\",\"isPartOf\":{\"@id\":\"https:\/\/www.sonoraenequipo.com.mx\/cientos-de-personas-protestan-en-un-pueblo-cubano-contra-el-gobierno\/\"},\"author\":{\"name\":\"enequipo\",\"@id\":\"https:\/\/www.sonoraenequipo.com.mx\/#\/schema\/person\/50102df0fb23a8fa9e8effad8fa81386\"},\"headline\":\"Cientos de personas protestan en un pueblo cubano contra el Gobierno\",\"datePublished\":\"2021-07-11T18:10:46+00:00\",\"dateModified\":\"2021-07-12T00:41:40+00:00\",\"mainEntityOfPage\":{\"@id\":\"https:\/\/www.sonoraenequipo.com.mx\/cientos-de-personas-protestan-en-un-pueblo-cubano-contra-el-gobierno\/\"},\"wordCount\":540,\"commentCount\":0,\"publisher\":{\"@id\":\"https:\/\/www.sonoraenequipo.com.mx\/#organization\"},\"image\":{\"@id\":\"https:\/\/www.sonoraenequipo.com.mx\/cientos-de-personas-protestan-en-un-pueblo-cubano-contra-el-gobierno\/#primaryimage\"},\"thumbnailUrl\":\"https:\/\/www.sonoraenequipo.com.mx\/storage\/2021\/07\/san-antonio-cuba_opt.jpg\",\"articleSection\":[\"MUNDO\"],\"inLanguage\":\"es\",\"potentialAction\":[{\"@type\":\"CommentAction\",\"name\":\"Comment\",\"target\":[\"https:\/\/www.sonoraenequipo.com.mx\/cientos-de-personas-protestan-en-un-pueblo-cubano-contra-el-gobierno\/#respond\"]}]},{\"@type\":\"WebPage\",\"@id\":\"https:\/\/www.sonoraenequipo.com.mx\/cientos-de-personas-protestan-en-un-pueblo-cubano-contra-el-gobierno\/\",\"url\":\"https:\/\/www.sonoraenequipo.com.mx\/cientos-de-personas-protestan-en-un-pueblo-cubano-contra-el-gobierno\/\",\"name\":\"Sonora en Equipo. Cientos de personas protestan en un pueblo cubano contra el Gobierno MUNDO\",\"isPartOf\":{\"@id\":\"https:\/\/www.sonoraenequipo.com.mx\/#website\"},\"primaryImageOfPage\":{\"@id\":\"https:\/\/www.sonoraenequipo.com.mx\/cientos-de-personas-protestan-en-un-pueblo-cubano-contra-el-gobierno\/#primaryimage\"},\"image\":{\"@id\":\"https:\/\/www.sonoraenequipo.com.mx\/cientos-de-personas-protestan-en-un-pueblo-cubano-contra-el-gobierno\/#primaryimage\"},\"thumbnailUrl\":\"https:\/\/www.sonoraenequipo.com.mx\/storage\/2021\/07\/san-antonio-cuba_opt.jpg\",\"datePublished\":\"2021-07-11T18:10:46+00:00\",\"dateModified\":\"2021-07-12T00:41:40+00:00\",\"description\":\"LA HABANA, CUBA. \u2014 Cientos de personas salieron este domingo a la calle a protestar contra el Gobierno en el pueblo cubano de San Antonio de los Ba\u00f1os En Sonora en Equipo publicamos toda la informaci\u00f3n de Sonora, M\u00e9xico y el Mundo de manera oportuna y busca que la libertad de expresi\u00f3n sea real. Visita nuestro medio informativo publicado desde Hermosillo, Sonora. %\",\"breadcrumb\":{\"@id\":\"https:\/\/www.sonoraenequipo.com.mx\/cientos-de-personas-protestan-en-un-pueblo-cubano-contra-el-gobierno\/#breadcrumb\"},\"inLanguage\":\"es\",\"potentialAction\":[{\"@type\":\"ReadAction\",\"target\":[\"https:\/\/www.sonoraenequipo.com.mx\/cientos-de-personas-protestan-en-un-pueblo-cubano-contra-el-gobierno\/\"]}]},{\"@type\":\"ImageObject\",\"inLanguage\":\"es\",\"@id\":\"https:\/\/www.sonoraenequipo.com.mx\/cientos-de-personas-protestan-en-un-pueblo-cubano-contra-el-gobierno\/#primaryimage\",\"url\":\"https:\/\/www.sonoraenequipo.com.mx\/storage\/2021\/07\/san-antonio-cuba_opt.jpg\",\"contentUrl\":\"https:\/\/www.sonoraenequipo.com.mx\/storage\/2021\/07\/san-antonio-cuba_opt.jpg\",\"width\":700,\"height\":400},{\"@type\":\"BreadcrumbList\",\"@id\":\"https:\/\/www.sonoraenequipo.com.mx\/cientos-de-personas-protestan-en-un-pueblo-cubano-contra-el-gobierno\/#breadcrumb\",\"itemListElement\":[{\"@type\":\"ListItem\",\"position\":1,\"name\":\"Portada\",\"item\":\"https:\/\/www.sonoraenequipo.com.mx\/\"},{\"@type\":\"ListItem\",\"position\":2,\"name\":\"Cientos de personas protestan en un pueblo cubano contra el Gobierno\"}]},{\"@type\":\"WebSite\",\"@id\":\"https:\/\/www.sonoraenequipo.com.mx\/#website\",\"url\":\"https:\/\/www.sonoraenequipo.com.mx\/\",\"name\":\"Sonora en Equipo.\",\"description\":\"Diario en l\u00ednea con Noticias desde Hermosillo, Sonora\",\"publisher\":{\"@id\":\"https:\/\/www.sonoraenequipo.com.mx\/#organization\"},\"potentialAction\":[{\"@type\":\"SearchAction\",\"target\":{\"@type\":\"EntryPoint\",\"urlTemplate\":\"https:\/\/www.sonoraenequipo.com.mx\/?s={search_term_string}\"},\"query-input\":{\"@type\":\"PropertyValueSpecification\",\"valueRequired\":true,\"valueName\":\"search_term_string\"}}],\"inLanguage\":\"es\"},{\"@type\":\"Organization\",\"@id\":\"https:\/\/www.sonoraenequipo.com.mx\/#organization\",\"name\":\"Sonoraenequipo.com.mx\",\"url\":\"https:\/\/www.sonoraenequipo.com.mx\/\",\"logo\":{\"@type\":\"ImageObject\",\"inLanguage\":\"es\",\"@id\":\"https:\/\/www.sonoraenequipo.com.mx\/#\/schema\/logo\/image\/\",\"url\":\"https:\/\/www.sonoraenequipo.com.mx\/storage\/2019\/01\/sonoraenequipo_opt.png\",\"contentUrl\":\"https:\/\/www.sonoraenequipo.com.mx\/storage\/2019\/01\/sonoraenequipo_opt.png\",\"width\":375,\"height\":125,\"caption\":\"Sonoraenequipo.com.mx\"},\"image\":{\"@id\":\"https:\/\/www.sonoraenequipo.com.mx\/#\/schema\/logo\/image\/\"},\"sameAs\":[\"https:\/\/www.facebook.com\/SonoraEE\/\",\"https:\/\/x.com\/sonoraenequipo\",\"https:\/\/www.youtube.com\/channel\/UC338nW-lPEYmJQs4ZABQ1SQ\"]},{\"@type\":\"Person\",\"@id\":\"https:\/\/www.sonoraenequipo.com.mx\/#\/schema\/person\/50102df0fb23a8fa9e8effad8fa81386\",\"name\":\"enequipo\",\"image\":{\"@type\":\"ImageObject\",\"inLanguage\":\"es\",\"@id\":\"https:\/\/www.sonoraenequipo.com.mx\/#\/schema\/person\/image\/\",\"url\":\"https:\/\/secure.gravatar.com\/avatar\/049821681b589dabc0bc20695993ccebb09f5b5d4d790cd9251b97faac7c652b?s=96&d=blank&r=g\",\"contentUrl\":\"https:\/\/secure.gravatar.com\/avatar\/049821681b589dabc0bc20695993ccebb09f5b5d4d790cd9251b97faac7c652b?s=96&d=blank&r=g\",\"caption\":\"enequipo\"},\"sameAs\":[\"https:\/\/www.facebook.com\/SonoraEE\"]}]}<\/script>\n ","yoast_head_json":{"title":"Sonora en Equipo. Cientos de personas protestan en un pueblo cubano contra el Gobierno MUNDO","description":"LA HABANA, CUBA. \u2014 Cientos de personas salieron este domingo a la calle a protestar contra el Gobierno en el pueblo cubano de San Antonio de los Ba\u00f1os En Sonora en Equipo publicamos toda la informaci\u00f3n de Sonora, M\u00e9xico y el Mundo de manera oportuna y busca que la libertad de expresi\u00f3n sea real. Visita nuestro medio informativo publicado desde Hermosillo, Sonora. %","robots":{"index":"index","follow":"follow","max-snippet":"max-snippet:-1","max-image-preview":"max-image-preview:large","max-video-preview":"max-video-preview:-1"},"canonical":"https:\/\/www.sonoraenequipo.com.mx\/cientos-de-personas-protestan-en-un-pueblo-cubano-contra-el-gobierno\/","og_locale":"es_ES","og_type":"article","og_title":"Sonora en Equipo. Cientos de personas protestan en un pueblo cubano contra el Gobierno MUNDO","og_description":"LA HABANA, CUBA. \u2014 Cientos de personas salieron este domingo a la calle a protestar contra el Gobierno en el pueblo cubano de San Antonio de los Ba\u00f1os En Sonora en Equipo publicamos toda la informaci\u00f3n de Sonora, M\u00e9xico y el Mundo de manera oportuna y busca que la libertad de expresi\u00f3n sea real. Visita nuestro medio informativo publicado desde Hermosillo, Sonora. %","og_url":"https:\/\/www.sonoraenequipo.com.mx\/cientos-de-personas-protestan-en-un-pueblo-cubano-contra-el-gobierno\/","og_site_name":"Sonora en Equipo.","article_publisher":"https:\/\/www.facebook.com\/SonoraEE\/","article_author":"https:\/\/www.facebook.com\/SonoraEE","article_published_time":"2021-07-11T18:10:46+00:00","article_modified_time":"2021-07-12T00:41:40+00:00","og_image":[{"width":700,"height":400,"url":"https:\/\/www.sonoraenequipo.com.mx\/storage\/2021\/07\/san-antonio-cuba_opt.jpg","type":"image\/jpeg"}],"author":"enequipo","twitter_card":"summary_large_image","twitter_creator":"@sonoraenequipo","twitter_site":"@sonoraenequipo","twitter_misc":{"Escrito por":"enequipo","Tiempo de lectura":"3 minutos"},"schema":{"@context":"https:\/\/schema.org","@graph":[{"@type":"Article","@id":"https:\/\/www.sonoraenequipo.com.mx\/cientos-de-personas-protestan-en-un-pueblo-cubano-contra-el-gobierno\/#article","isPartOf":{"@id":"https:\/\/www.sonoraenequipo.com.mx\/cientos-de-personas-protestan-en-un-pueblo-cubano-contra-el-gobierno\/"},"author":{"name":"enequipo","@id":"https:\/\/www.sonoraenequipo.com.mx\/#\/schema\/person\/50102df0fb23a8fa9e8effad8fa81386"},"headline":"Cientos de personas protestan en un pueblo cubano contra el Gobierno","datePublished":"2021-07-11T18:10:46+00:00","dateModified":"2021-07-12T00:41:40+00:00","mainEntityOfPage":{"@id":"https:\/\/www.sonoraenequipo.com.mx\/cientos-de-personas-protestan-en-un-pueblo-cubano-contra-el-gobierno\/"},"wordCount":540,"commentCount":0,"publisher":{"@id":"https:\/\/www.sonoraenequipo.com.mx\/#organization"},"image":{"@id":"https:\/\/www.sonoraenequipo.com.mx\/cientos-de-personas-protestan-en-un-pueblo-cubano-contra-el-gobierno\/#primaryimage"},"thumbnailUrl":"https:\/\/www.sonoraenequipo.com.mx\/storage\/2021\/07\/san-antonio-cuba_opt.jpg","articleSection":["MUNDO"],"inLanguage":"es","potentialAction":[{"@type":"CommentAction","name":"Comment","target":["https:\/\/www.sonoraenequipo.com.mx\/cientos-de-personas-protestan-en-un-pueblo-cubano-contra-el-gobierno\/#respond"]}]},{"@type":"WebPage","@id":"https:\/\/www.sonoraenequipo.com.mx\/cientos-de-personas-protestan-en-un-pueblo-cubano-contra-el-gobierno\/","url":"https:\/\/www.sonoraenequipo.com.mx\/cientos-de-personas-protestan-en-un-pueblo-cubano-contra-el-gobierno\/","name":"Sonora en Equipo. Cientos de personas protestan en un pueblo cubano contra el Gobierno MUNDO","isPartOf":{"@id":"https:\/\/www.sonoraenequipo.com.mx\/#website"},"primaryImageOfPage":{"@id":"https:\/\/www.sonoraenequipo.com.mx\/cientos-de-personas-protestan-en-un-pueblo-cubano-contra-el-gobierno\/#primaryimage"},"image":{"@id":"https:\/\/www.sonoraenequipo.com.mx\/cientos-de-personas-protestan-en-un-pueblo-cubano-contra-el-gobierno\/#primaryimage"},"thumbnailUrl":"https:\/\/www.sonoraenequipo.com.mx\/storage\/2021\/07\/san-antonio-cuba_opt.jpg","datePublished":"2021-07-11T18:10:46+00:00","dateModified":"2021-07-12T00:41:40+00:00","description":"LA HABANA, CUBA. \u2014 Cientos de personas salieron este domingo a la calle a protestar contra el Gobierno en el pueblo cubano de San Antonio de los Ba\u00f1os En Sonora en Equipo publicamos toda la informaci\u00f3n de Sonora, M\u00e9xico y el Mundo de manera oportuna y busca que la libertad de expresi\u00f3n sea real. Visita nuestro medio informativo publicado desde Hermosillo, Sonora. %","breadcrumb":{"@id":"https:\/\/www.sonoraenequipo.com.mx\/cientos-de-personas-protestan-en-un-pueblo-cubano-contra-el-gobierno\/#breadcrumb"},"inLanguage":"es","potentialAction":[{"@type":"ReadAction","target":["https:\/\/www.sonoraenequipo.com.mx\/cientos-de-personas-protestan-en-un-pueblo-cubano-contra-el-gobierno\/"]}]},{"@type":"ImageObject","inLanguage":"es","@id":"https:\/\/www.sonoraenequipo.com.mx\/cientos-de-personas-protestan-en-un-pueblo-cubano-contra-el-gobierno\/#primaryimage","url":"https:\/\/www.sonoraenequipo.com.mx\/storage\/2021\/07\/san-antonio-cuba_opt.jpg","contentUrl":"https:\/\/www.sonoraenequipo.com.mx\/storage\/2021\/07\/san-antonio-cuba_opt.jpg","width":700,"height":400},{"@type":"BreadcrumbList","@id":"https:\/\/www.sonoraenequipo.com.mx\/cientos-de-personas-protestan-en-un-pueblo-cubano-contra-el-gobierno\/#breadcrumb","itemListElement":[{"@type":"ListItem","position":1,"name":"Portada","item":"https:\/\/www.sonoraenequipo.com.mx\/"},{"@type":"ListItem","position":2,"name":"Cientos de personas protestan en un pueblo cubano contra el Gobierno"}]},{"@type":"WebSite","@id":"https:\/\/www.sonoraenequipo.com.mx\/#website","url":"https:\/\/www.sonoraenequipo.com.mx\/","name":"Sonora en Equipo.","description":"Diario en l\u00ednea con Noticias desde Hermosillo, Sonora","publisher":{"@id":"https:\/\/www.sonoraenequipo.com.mx\/#organization"},"potentialAction":[{"@type":"SearchAction","target":{"@type":"EntryPoint","urlTemplate":"https:\/\/www.sonoraenequipo.com.mx\/?s={search_term_string}"},"query-input":{"@type":"PropertyValueSpecification","valueRequired":true,"valueName":"search_term_string"}}],"inLanguage":"es"},{"@type":"Organization","@id":"https:\/\/www.sonoraenequipo.com.mx\/#organization","name":"Sonoraenequipo.com.mx","url":"https:\/\/www.sonoraenequipo.com.mx\/","logo":{"@type":"ImageObject","inLanguage":"es","@id":"https:\/\/www.sonoraenequipo.com.mx\/#\/schema\/logo\/image\/","url":"https:\/\/www.sonoraenequipo.com.mx\/storage\/2019\/01\/sonoraenequipo_opt.png","contentUrl":"https:\/\/www.sonoraenequipo.com.mx\/storage\/2019\/01\/sonoraenequipo_opt.png","width":375,"height":125,"caption":"Sonoraenequipo.com.mx"},"image":{"@id":"https:\/\/www.sonoraenequipo.com.mx\/#\/schema\/logo\/image\/"},"sameAs":["https:\/\/www.facebook.com\/SonoraEE\/","https:\/\/x.com\/sonoraenequipo","https:\/\/www.youtube.com\/channel\/UC338nW-lPEYmJQs4ZABQ1SQ"]},{"@type":"Person","@id":"https:\/\/www.sonoraenequipo.com.mx\/#\/schema\/person\/50102df0fb23a8fa9e8effad8fa81386","name":"enequipo","image":{"@type":"ImageObject","inLanguage":"es","@id":"https:\/\/www.sonoraenequipo.com.mx\/#\/schema\/person\/image\/","url":"https:\/\/secure.gravatar.com\/avatar\/049821681b589dabc0bc20695993ccebb09f5b5d4d790cd9251b97faac7c652b?s=96&d=blank&r=g","contentUrl":"https:\/\/secure.gravatar.com\/avatar\/049821681b589dabc0bc20695993ccebb09f5b5d4d790cd9251b97faac7c652b?s=96&d=blank&r=g","caption":"enequipo"},"sameAs":["https:\/\/www.facebook.com\/SonoraEE"]}]}},"jetpack_featured_media_url":"https:\/\/www.sonoraenequipo.com.mx\/storage\/2021\/07\/san-antonio-cuba_opt.jpg","_links":{"self":[{"href":"https:\/\/www.sonoraenequipo.com.mx\/api\/wp\/v2\/posts\/118197","targetHints":{"allow":["GET"]}}],"collection":[{"href":"https:\/\/www.sonoraenequipo.com.mx\/api\/wp\/v2\/posts"}],"about":[{"href":"https:\/\/www.sonoraenequipo.com.mx\/api\/wp\/v2\/types\/post"}],"author":[{"embeddable":true,"href":"https:\/\/www.sonoraenequipo.com.mx\/api\/wp\/v2\/users\/1"}],"replies":[{"embeddable":true,"href":"https:\/\/www.sonoraenequipo.com.mx\/api\/wp\/v2\/comments?post=118197"}],"version-history":[{"count":1,"href":"https:\/\/www.sonoraenequipo.com.mx\/api\/wp\/v2\/posts\/118197\/revisions"}],"predecessor-version":[{"id":118198,"href":"https:\/\/www.sonoraenequipo.com.mx\/api\/wp\/v2\/posts\/118197\/revisions\/118198"}],"wp:featuredmedia":[{"embeddable":true,"href":"https:\/\/www.sonoraenequipo.com.mx\/api\/wp\/v2\/media\/118188"}],"wp:attachment":[{"href":"https:\/\/www.sonoraenequipo.com.mx\/api\/wp\/v2\/media?parent=118197"}],"wp:term":[{"taxonomy":"category","embeddable":true,"href":"https:\/\/www.sonoraenequipo.com.mx\/api\/wp\/v2\/categories?post=118197"},{"taxonomy":"post_tag","embeddable":true,"href":"https:\/\/www.sonoraenequipo.com.mx\/api\/wp\/v2\/tags?post=118197"}],"curies":[{"name":"wp","href":"https:\/\/api.w.org\/{rel}","templated":true}]}}