{"id":118199,"date":"2021-07-11T13:50:30","date_gmt":"2021-07-11T20:50:30","guid":{"rendered":"https:\/\/www.sonoraenequipo.com.mx\/?p=118199"},"modified":"2021-07-11T17:52:36","modified_gmt":"2021-07-12T00:52:36","slug":"el-gobierno-frances-endurece-el-tono-contra-los-antivacunas","status":"publish","type":"post","link":"https:\/\/www.sonoraenequipo.com.mx\/el-gobierno-frances-endurece-el-tono-contra-los-antivacunas\/","title":{"rendered":"El Gobierno franc\u00e9s endurece el tono contra los antivacunas"},"content":{"rendered":"<p>PAR\u00cdS, FRANCIA. \u2014 El deterioro de la situaci\u00f3n epid\u00e9mica en Francia en las \u00faltimas semanas, con un incremento de casi 1.500 contagios diarios m\u00e1s de media desde la semana pasada, podr\u00eda llevar al Gobierno de Emmanuel Macron a endurecer el tono contra quienes a\u00fan se muestran esc\u00e9pticos a la vacuna contra el coronavirus.<\/p>\n<p>&nbsp;<\/p>\n<p> <\/p>\n<p>&nbsp;<\/p>\n<p>El presidente Emmanuel Macron se dirigir\u00e1 a los franceses este lunes a las 20:00 horas (18:00 GMT), tras reunir por la ma\u00f1ana el Consejo de Defensa sanitario, en un discurso televisado donde se espera que zanje la cuesti\u00f3n m\u00e1s discutida de las \u00faltimas semanas: la obligatoriedad de la vacuna para el personal sanitario.<\/p>\n<p>&nbsp;<\/p>\n<p>Las reuniones con los representantes m\u00e9dicos estos d\u00edas han ido allanando el terreno para una imposici\u00f3n que ha querido evitarse hasta ahora, pero que se plantea ya como la principal soluci\u00f3n para acelerar la vacunaci\u00f3n y evitar una posible cuarta ola ante la creciente presencia de la variante delta.<\/p>\n<p>&nbsp;<\/p>\n<p>A principios de este mes, y pese a haber podido acceder a ellas desde hace varios meses, solo en torno al 60 % del personal sanitario (80,3 % en el caso de los que trabajan por cuenta propia) hab\u00edan recibido una de las dos dosis.<\/p>\n<p>&nbsp;<\/p>\n<p>El porcentaje de sanitarios con ambas pautas en residencias y hospitales no llegaba al 50 %.<\/p>\n<p>&nbsp;<\/p>\n<p><em>\u00abNo podemos aceptar que haya focos de contagio de sanitarios que contaminen a sus pacientes\u00bb,<\/em> declar\u00f3 Alain Fischer, responsable de la estrategia de vacunaci\u00f3n del Ejecutivo.<\/p>\n<p>&nbsp;<\/p>\n<p>El ministro de Sanidad, Olivier V\u00e9ran, y m\u00faltiples organizaciones del gremio se han mostrado adem\u00e1s favorables a que se lleve a las c\u00e1maras con la mayor brevedad un proyecto de ley que regule la obligaci\u00f3n y asegure la vacunaci\u00f3n antes de septiembre.<\/p>\n<p>&nbsp;<\/p>\n<h3><strong>20.000 Casos diarios en agosto<br \/>\n<\/strong><\/h3>\n<p><em>\u00abLa presi\u00f3n hospitalaria no aumenta de momento, pero va a pasar lo mismo que el verano pasado, los j\u00f3venes contaminar\u00e1n a los que no son tan j\u00f3venes y, como no todo el mundo est\u00e1 vacunado, tendremos un aumento de casos graves y de las hospitalizaciones\u00bb,<\/em> se\u00f1al\u00f3 este domingo V\u00e9ran en la emisora Radio J.<\/p>\n<p>&nbsp;<\/p>\n<p>El ministro detall\u00f3 que en la din\u00e1mica actual los 4.700 casos registrados este s\u00e1bado ser\u00e1n 6.000 en una semana, 10.000 en quince d\u00edas y 20.000 a principios de agosto <em>\u00absi no actuamos\u00bb.<\/em><\/p>\n<p>&nbsp;<\/p>\n<p>Las intervenciones de los miembros del Gobierno se suceden este fin de semana facilitando la tarea de Emmanuel Macron este lunes, en un contexto en el que la variante delta representa m\u00e1s del 40 % de los contagios.<\/p>\n<p>&nbsp;<\/p>\n<p>Para el jefe del Estado supone volver a poner la crisis sanitaria en el centro, dos meses y medio despu\u00e9s de haberse dirigido por \u00faltima vez a la naci\u00f3n para establecer el calendario del desconfinamiento, y cuando pretend\u00eda al fin centrar sus \u00faltimos diez meses de Gobierno, antes de la campa\u00f1a electoral, en la recuperaci\u00f3n econ\u00f3mica.<\/p>\n<p>&nbsp;<\/p>\n<p>Fuentes de la presidencia han dejado caer en la prensa cu\u00e1les podr\u00edan ser los nuevos anuncios frente a la nueva variante.<\/p>\n<p>&nbsp;<\/p>\n<p>Se plantea tambi\u00e9n la ampliaci\u00f3n del pasaporte sanitario a todo tipo de lugares donde se realicen actividades deportivas o socioculturales, m\u00e1s all\u00e1 de los eventos en los que es obligatorio hoy d\u00eda: aquellos que congreguen a m\u00e1s de 1.000 personas y discotecas.<\/p>\n<p>&nbsp;<\/p>\n<p>Emmanuel Macron podr\u00eda referirse tambi\u00e9n directamente a las recomendaciones de viajes para estas vacaciones, cuando el secretario de Estado de Asuntos Europeos, Cl\u00e9ment Beaune, aconseja evitar Espa\u00f1a y Portugal y otros pa\u00edses extraeuropeos donde la situaci\u00f3n est\u00e1 empeorando.<\/p>\n<p>&nbsp;<\/p>\n<p>El regreso a las medidas por territorios en funci\u00f3n de la presencia del coronavirus y un refuerzo de las medidas podr\u00eda tambi\u00e9n ser una opci\u00f3n, ya que el Consejo Cient\u00edfico que asesora al Gobierno ha alertado de una alarmante relajaci\u00f3n de las medidas de prevenci\u00f3n, como el uso de mascarillas en lugares muy transitados.<\/p>\n<p>&nbsp;<\/p>\n<p>No se descarta tampoco que Emmanuel Macron anuncie una limitaci\u00f3n de la gratuidad de los test a quienes presenten s\u00edntomas o sean contacto estrecho de un positivo, haci\u00e9ndolo de pago para quienes lo usen para viajar o acudir a eventos, otra forma tambi\u00e9n de incitar a la vacunaci\u00f3n.<\/p>\n<p>&nbsp;<\/p>\n<p>&nbsp;<\/p>\n<p>(Publicada el 11\/07\/2021)<\/p>\n","protected":false},"excerpt":{"rendered":"<p>PAR\u00cdS, FRANCIA. \u2014 El deterioro de la situaci\u00f3n epid\u00e9mica en Francia en las \u00faltimas semanas,&#8230;<\/p>\n","protected":false},"author":1,"featured_media":118191,"comment_status":"open","ping_status":"open","sticky":false,"template":"","format":"standard","meta":{"_monsterinsights_skip_tracking":false,"_monsterinsights_sitenote_active":false,"_monsterinsights_sitenote_note":"","_monsterinsights_sitenote_category":0,"footnotes":""},"categories":[5],"tags":[],"class_list":["post"],"yoast_head":" \n<title>Sonora en Equipo. El Gobierno franc\u00e9s endurece el tono contra los antivacunas Rep\u00fablica<\/title>\n<meta name=\"description\" content=\"PAR\u00cdS, FRANCIA. \u2014 El deterioro de la situaci\u00f3n epid\u00e9mica en Francia en las \u00faltimas semanas, con un incremento de casi 1.500 contagios diarios m\u00e1s de media En Sonora en Equipo publicamos toda la informaci\u00f3n de Sonora, M\u00e9xico y el Mundo de manera oportuna y busca que la libertad de expresi\u00f3n sea real. Visita nuestro medio informativo publicado desde Hermosillo, Sonora. %\" \/>\n<meta name=\"robots\" content=\"index, follow, max-snippet:-1, max-image-preview:large, max-video-preview:-1\" \/>\n<link rel=\"canonical\" href=\"https:\/\/www.sonoraenequipo.com.mx\/el-gobierno-frances-endurece-el-tono-contra-los-antivacunas\/\" \/>\n<meta property=\"og:locale\" content=\"es_ES\" \/>\n<meta property=\"og:type\" content=\"article\" \/>\n<meta property=\"og:title\" content=\"Sonora en Equipo. El Gobierno franc\u00e9s endurece el tono contra los antivacunas Rep\u00fablica\" \/>\n<meta property=\"og:description\" content=\"PAR\u00cdS, FRANCIA. \u2014 El deterioro de la situaci\u00f3n epid\u00e9mica en Francia en las \u00faltimas semanas, con un incremento de casi 1.500 contagios diarios m\u00e1s de media En Sonora en Equipo publicamos toda la informaci\u00f3n de Sonora, M\u00e9xico y el Mundo de manera oportuna y busca que la libertad de expresi\u00f3n sea real. Visita nuestro medio informativo publicado desde Hermosillo, Sonora. %\" \/>\n<meta property=\"og:url\" content=\"https:\/\/www.sonoraenequipo.com.mx\/el-gobierno-frances-endurece-el-tono-contra-los-antivacunas\/\" \/>\n<meta property=\"og:site_name\" content=\"Sonora en Equipo.\" \/>\n<meta property=\"article:publisher\" content=\"https:\/\/www.facebook.com\/SonoraEE\/\" \/>\n<meta property=\"article:author\" content=\"https:\/\/www.facebook.com\/SonoraEE\" \/>\n<meta property=\"article:published_time\" content=\"2021-07-11T20:50:30+00:00\" \/>\n<meta property=\"article:modified_time\" content=\"2021-07-12T00:52:36+00:00\" \/>\n<meta property=\"og:image\" content=\"https:\/\/www.sonoraenequipo.com.mx\/storage\/2021\/07\/el-presidente-francia-emmanuel-macron_opt.jpg\" \/>\n\t<meta property=\"og:image:width\" content=\"700\" \/>\n\t<meta property=\"og:image:height\" content=\"400\" \/>\n\t<meta property=\"og:image:type\" content=\"image\/jpeg\" \/>\n<meta name=\"author\" content=\"enequipo\" \/>\n<meta name=\"twitter:card\" content=\"summary_large_image\" \/>\n<meta name=\"twitter:creator\" content=\"@sonoraenequipo\" \/>\n<meta name=\"twitter:site\" content=\"@sonoraenequipo\" \/>\n<meta name=\"twitter:label1\" content=\"Escrito por\" \/>\n\t<meta name=\"twitter:data1\" content=\"enequipo\" \/>\n\t<meta name=\"twitter:label2\" content=\"Tiempo de lectura\" \/>\n\t<meta name=\"twitter:data2\" content=\"3 minutos\" \/>\n<script type=\"application\/ld+json\" class=\"yoast-schema-graph\">{\"@context\":\"https:\/\/schema.org\",\"@graph\":[{\"@type\":\"Article\",\"@id\":\"https:\/\/www.sonoraenequipo.com.mx\/el-gobierno-frances-endurece-el-tono-contra-los-antivacunas\/#article\",\"isPartOf\":{\"@id\":\"https:\/\/www.sonoraenequipo.com.mx\/el-gobierno-frances-endurece-el-tono-contra-los-antivacunas\/\"},\"author\":{\"name\":\"enequipo\",\"@id\":\"https:\/\/www.sonoraenequipo.com.mx\/#\/schema\/person\/50102df0fb23a8fa9e8effad8fa81386\"},\"headline\":\"El Gobierno franc\u00e9s endurece el tono contra los antivacunas\",\"datePublished\":\"2021-07-11T20:50:30+00:00\",\"dateModified\":\"2021-07-12T00:52:36+00:00\",\"mainEntityOfPage\":{\"@id\":\"https:\/\/www.sonoraenequipo.com.mx\/el-gobierno-frances-endurece-el-tono-contra-los-antivacunas\/\"},\"wordCount\":749,\"commentCount\":0,\"publisher\":{\"@id\":\"https:\/\/www.sonoraenequipo.com.mx\/#organization\"},\"image\":{\"@id\":\"https:\/\/www.sonoraenequipo.com.mx\/el-gobierno-frances-endurece-el-tono-contra-los-antivacunas\/#primaryimage\"},\"thumbnailUrl\":\"https:\/\/www.sonoraenequipo.com.mx\/storage\/2021\/07\/el-presidente-francia-emmanuel-macron_opt.jpg\",\"articleSection\":[\"Rep\u00fablica\"],\"inLanguage\":\"es\",\"potentialAction\":[{\"@type\":\"CommentAction\",\"name\":\"Comment\",\"target\":[\"https:\/\/www.sonoraenequipo.com.mx\/el-gobierno-frances-endurece-el-tono-contra-los-antivacunas\/#respond\"]}]},{\"@type\":\"WebPage\",\"@id\":\"https:\/\/www.sonoraenequipo.com.mx\/el-gobierno-frances-endurece-el-tono-contra-los-antivacunas\/\",\"url\":\"https:\/\/www.sonoraenequipo.com.mx\/el-gobierno-frances-endurece-el-tono-contra-los-antivacunas\/\",\"name\":\"Sonora en Equipo. El Gobierno franc\u00e9s endurece el tono contra los antivacunas Rep\u00fablica\",\"isPartOf\":{\"@id\":\"https:\/\/www.sonoraenequipo.com.mx\/#website\"},\"primaryImageOfPage\":{\"@id\":\"https:\/\/www.sonoraenequipo.com.mx\/el-gobierno-frances-endurece-el-tono-contra-los-antivacunas\/#primaryimage\"},\"image\":{\"@id\":\"https:\/\/www.sonoraenequipo.com.mx\/el-gobierno-frances-endurece-el-tono-contra-los-antivacunas\/#primaryimage\"},\"thumbnailUrl\":\"https:\/\/www.sonoraenequipo.com.mx\/storage\/2021\/07\/el-presidente-francia-emmanuel-macron_opt.jpg\",\"datePublished\":\"2021-07-11T20:50:30+00:00\",\"dateModified\":\"2021-07-12T00:52:36+00:00\",\"description\":\"PAR\u00cdS, FRANCIA. \u2014 El deterioro de la situaci\u00f3n epid\u00e9mica en Francia en las \u00faltimas semanas, con un incremento de casi 1.500 contagios diarios m\u00e1s de media En Sonora en Equipo publicamos toda la informaci\u00f3n de Sonora, M\u00e9xico y el Mundo de manera oportuna y busca que la libertad de expresi\u00f3n sea real. Visita nuestro medio informativo publicado desde Hermosillo, Sonora. %\",\"breadcrumb\":{\"@id\":\"https:\/\/www.sonoraenequipo.com.mx\/el-gobierno-frances-endurece-el-tono-contra-los-antivacunas\/#breadcrumb\"},\"inLanguage\":\"es\",\"potentialAction\":[{\"@type\":\"ReadAction\",\"target\":[\"https:\/\/www.sonoraenequipo.com.mx\/el-gobierno-frances-endurece-el-tono-contra-los-antivacunas\/\"]}]},{\"@type\":\"ImageObject\",\"inLanguage\":\"es\",\"@id\":\"https:\/\/www.sonoraenequipo.com.mx\/el-gobierno-frances-endurece-el-tono-contra-los-antivacunas\/#primaryimage\",\"url\":\"https:\/\/www.sonoraenequipo.com.mx\/storage\/2021\/07\/el-presidente-francia-emmanuel-macron_opt.jpg\",\"contentUrl\":\"https:\/\/www.sonoraenequipo.com.mx\/storage\/2021\/07\/el-presidente-francia-emmanuel-macron_opt.jpg\",\"width\":700,\"height\":400},{\"@type\":\"BreadcrumbList\",\"@id\":\"https:\/\/www.sonoraenequipo.com.mx\/el-gobierno-frances-endurece-el-tono-contra-los-antivacunas\/#breadcrumb\",\"itemListElement\":[{\"@type\":\"ListItem\",\"position\":1,\"name\":\"Portada\",\"item\":\"https:\/\/www.sonoraenequipo.com.mx\/\"},{\"@type\":\"ListItem\",\"position\":2,\"name\":\"El Gobierno franc\u00e9s endurece el tono contra los antivacunas\"}]},{\"@type\":\"WebSite\",\"@id\":\"https:\/\/www.sonoraenequipo.com.mx\/#website\",\"url\":\"https:\/\/www.sonoraenequipo.com.mx\/\",\"name\":\"Sonora en Equipo.\",\"description\":\"Diario en l\u00ednea con Noticias desde Hermosillo, Sonora\",\"publisher\":{\"@id\":\"https:\/\/www.sonoraenequipo.com.mx\/#organization\"},\"potentialAction\":[{\"@type\":\"SearchAction\",\"target\":{\"@type\":\"EntryPoint\",\"urlTemplate\":\"https:\/\/www.sonoraenequipo.com.mx\/?s={search_term_string}\"},\"query-input\":{\"@type\":\"PropertyValueSpecification\",\"valueRequired\":true,\"valueName\":\"search_term_string\"}}],\"inLanguage\":\"es\"},{\"@type\":\"Organization\",\"@id\":\"https:\/\/www.sonoraenequipo.com.mx\/#organization\",\"name\":\"Sonoraenequipo.com.mx\",\"url\":\"https:\/\/www.sonoraenequipo.com.mx\/\",\"logo\":{\"@type\":\"ImageObject\",\"inLanguage\":\"es\",\"@id\":\"https:\/\/www.sonoraenequipo.com.mx\/#\/schema\/logo\/image\/\",\"url\":\"https:\/\/www.sonoraenequipo.com.mx\/storage\/2019\/01\/sonoraenequipo_opt.png\",\"contentUrl\":\"https:\/\/www.sonoraenequipo.com.mx\/storage\/2019\/01\/sonoraenequipo_opt.png\",\"width\":375,\"height\":125,\"caption\":\"Sonoraenequipo.com.mx\"},\"image\":{\"@id\":\"https:\/\/www.sonoraenequipo.com.mx\/#\/schema\/logo\/image\/\"},\"sameAs\":[\"https:\/\/www.facebook.com\/SonoraEE\/\",\"https:\/\/x.com\/sonoraenequipo\",\"https:\/\/www.youtube.com\/channel\/UC338nW-lPEYmJQs4ZABQ1SQ\"]},{\"@type\":\"Person\",\"@id\":\"https:\/\/www.sonoraenequipo.com.mx\/#\/schema\/person\/50102df0fb23a8fa9e8effad8fa81386\",\"name\":\"enequipo\",\"image\":{\"@type\":\"ImageObject\",\"inLanguage\":\"es\",\"@id\":\"https:\/\/www.sonoraenequipo.com.mx\/#\/schema\/person\/image\/\",\"url\":\"https:\/\/secure.gravatar.com\/avatar\/049821681b589dabc0bc20695993ccebb09f5b5d4d790cd9251b97faac7c652b?s=96&d=blank&r=g\",\"contentUrl\":\"https:\/\/secure.gravatar.com\/avatar\/049821681b589dabc0bc20695993ccebb09f5b5d4d790cd9251b97faac7c652b?s=96&d=blank&r=g\",\"caption\":\"enequipo\"},\"sameAs\":[\"https:\/\/www.facebook.com\/SonoraEE\"]}]}<\/script>\n ","yoast_head_json":{"title":"Sonora en Equipo. El Gobierno franc\u00e9s endurece el tono contra los antivacunas Rep\u00fablica","description":"PAR\u00cdS, FRANCIA. \u2014 El deterioro de la situaci\u00f3n epid\u00e9mica en Francia en las \u00faltimas semanas, con un incremento de casi 1.500 contagios diarios m\u00e1s de media En Sonora en Equipo publicamos toda la informaci\u00f3n de Sonora, M\u00e9xico y el Mundo de manera oportuna y busca que la libertad de expresi\u00f3n sea real. Visita nuestro medio informativo publicado desde Hermosillo, Sonora. %","robots":{"index":"index","follow":"follow","max-snippet":"max-snippet:-1","max-image-preview":"max-image-preview:large","max-video-preview":"max-video-preview:-1"},"canonical":"https:\/\/www.sonoraenequipo.com.mx\/el-gobierno-frances-endurece-el-tono-contra-los-antivacunas\/","og_locale":"es_ES","og_type":"article","og_title":"Sonora en Equipo. El Gobierno franc\u00e9s endurece el tono contra los antivacunas Rep\u00fablica","og_description":"PAR\u00cdS, FRANCIA. \u2014 El deterioro de la situaci\u00f3n epid\u00e9mica en Francia en las \u00faltimas semanas, con un incremento de casi 1.500 contagios diarios m\u00e1s de media En Sonora en Equipo publicamos toda la informaci\u00f3n de Sonora, M\u00e9xico y el Mundo de manera oportuna y busca que la libertad de expresi\u00f3n sea real. Visita nuestro medio informativo publicado desde Hermosillo, Sonora. %","og_url":"https:\/\/www.sonoraenequipo.com.mx\/el-gobierno-frances-endurece-el-tono-contra-los-antivacunas\/","og_site_name":"Sonora en Equipo.","article_publisher":"https:\/\/www.facebook.com\/SonoraEE\/","article_author":"https:\/\/www.facebook.com\/SonoraEE","article_published_time":"2021-07-11T20:50:30+00:00","article_modified_time":"2021-07-12T00:52:36+00:00","og_image":[{"width":700,"height":400,"url":"https:\/\/www.sonoraenequipo.com.mx\/storage\/2021\/07\/el-presidente-francia-emmanuel-macron_opt.jpg","type":"image\/jpeg"}],"author":"enequipo","twitter_card":"summary_large_image","twitter_creator":"@sonoraenequipo","twitter_site":"@sonoraenequipo","twitter_misc":{"Escrito por":"enequipo","Tiempo de lectura":"3 minutos"},"schema":{"@context":"https:\/\/schema.org","@graph":[{"@type":"Article","@id":"https:\/\/www.sonoraenequipo.com.mx\/el-gobierno-frances-endurece-el-tono-contra-los-antivacunas\/#article","isPartOf":{"@id":"https:\/\/www.sonoraenequipo.com.mx\/el-gobierno-frances-endurece-el-tono-contra-los-antivacunas\/"},"author":{"name":"enequipo","@id":"https:\/\/www.sonoraenequipo.com.mx\/#\/schema\/person\/50102df0fb23a8fa9e8effad8fa81386"},"headline":"El Gobierno franc\u00e9s endurece el tono contra los antivacunas","datePublished":"2021-07-11T20:50:30+00:00","dateModified":"2021-07-12T00:52:36+00:00","mainEntityOfPage":{"@id":"https:\/\/www.sonoraenequipo.com.mx\/el-gobierno-frances-endurece-el-tono-contra-los-antivacunas\/"},"wordCount":749,"commentCount":0,"publisher":{"@id":"https:\/\/www.sonoraenequipo.com.mx\/#organization"},"image":{"@id":"https:\/\/www.sonoraenequipo.com.mx\/el-gobierno-frances-endurece-el-tono-contra-los-antivacunas\/#primaryimage"},"thumbnailUrl":"https:\/\/www.sonoraenequipo.com.mx\/storage\/2021\/07\/el-presidente-francia-emmanuel-macron_opt.jpg","articleSection":["Rep\u00fablica"],"inLanguage":"es","potentialAction":[{"@type":"CommentAction","name":"Comment","target":["https:\/\/www.sonoraenequipo.com.mx\/el-gobierno-frances-endurece-el-tono-contra-los-antivacunas\/#respond"]}]},{"@type":"WebPage","@id":"https:\/\/www.sonoraenequipo.com.mx\/el-gobierno-frances-endurece-el-tono-contra-los-antivacunas\/","url":"https:\/\/www.sonoraenequipo.com.mx\/el-gobierno-frances-endurece-el-tono-contra-los-antivacunas\/","name":"Sonora en Equipo. El Gobierno franc\u00e9s endurece el tono contra los antivacunas Rep\u00fablica","isPartOf":{"@id":"https:\/\/www.sonoraenequipo.com.mx\/#website"},"primaryImageOfPage":{"@id":"https:\/\/www.sonoraenequipo.com.mx\/el-gobierno-frances-endurece-el-tono-contra-los-antivacunas\/#primaryimage"},"image":{"@id":"https:\/\/www.sonoraenequipo.com.mx\/el-gobierno-frances-endurece-el-tono-contra-los-antivacunas\/#primaryimage"},"thumbnailUrl":"https:\/\/www.sonoraenequipo.com.mx\/storage\/2021\/07\/el-presidente-francia-emmanuel-macron_opt.jpg","datePublished":"2021-07-11T20:50:30+00:00","dateModified":"2021-07-12T00:52:36+00:00","description":"PAR\u00cdS, FRANCIA. \u2014 El deterioro de la situaci\u00f3n epid\u00e9mica en Francia en las \u00faltimas semanas, con un incremento de casi 1.500 contagios diarios m\u00e1s de media En Sonora en Equipo publicamos toda la informaci\u00f3n de Sonora, M\u00e9xico y el Mundo de manera oportuna y busca que la libertad de expresi\u00f3n sea real. Visita nuestro medio informativo publicado desde Hermosillo, Sonora. %","breadcrumb":{"@id":"https:\/\/www.sonoraenequipo.com.mx\/el-gobierno-frances-endurece-el-tono-contra-los-antivacunas\/#breadcrumb"},"inLanguage":"es","potentialAction":[{"@type":"ReadAction","target":["https:\/\/www.sonoraenequipo.com.mx\/el-gobierno-frances-endurece-el-tono-contra-los-antivacunas\/"]}]},{"@type":"ImageObject","inLanguage":"es","@id":"https:\/\/www.sonoraenequipo.com.mx\/el-gobierno-frances-endurece-el-tono-contra-los-antivacunas\/#primaryimage","url":"https:\/\/www.sonoraenequipo.com.mx\/storage\/2021\/07\/el-presidente-francia-emmanuel-macron_opt.jpg","contentUrl":"https:\/\/www.sonoraenequipo.com.mx\/storage\/2021\/07\/el-presidente-francia-emmanuel-macron_opt.jpg","width":700,"height":400},{"@type":"BreadcrumbList","@id":"https:\/\/www.sonoraenequipo.com.mx\/el-gobierno-frances-endurece-el-tono-contra-los-antivacunas\/#breadcrumb","itemListElement":[{"@type":"ListItem","position":1,"name":"Portada","item":"https:\/\/www.sonoraenequipo.com.mx\/"},{"@type":"ListItem","position":2,"name":"El Gobierno franc\u00e9s endurece el tono contra los antivacunas"}]},{"@type":"WebSite","@id":"https:\/\/www.sonoraenequipo.com.mx\/#website","url":"https:\/\/www.sonoraenequipo.com.mx\/","name":"Sonora en Equipo.","description":"Diario en l\u00ednea con Noticias desde Hermosillo, Sonora","publisher":{"@id":"https:\/\/www.sonoraenequipo.com.mx\/#organization"},"potentialAction":[{"@type":"SearchAction","target":{"@type":"EntryPoint","urlTemplate":"https:\/\/www.sonoraenequipo.com.mx\/?s={search_term_string}"},"query-input":{"@type":"PropertyValueSpecification","valueRequired":true,"valueName":"search_term_string"}}],"inLanguage":"es"},{"@type":"Organization","@id":"https:\/\/www.sonoraenequipo.com.mx\/#organization","name":"Sonoraenequipo.com.mx","url":"https:\/\/www.sonoraenequipo.com.mx\/","logo":{"@type":"ImageObject","inLanguage":"es","@id":"https:\/\/www.sonoraenequipo.com.mx\/#\/schema\/logo\/image\/","url":"https:\/\/www.sonoraenequipo.com.mx\/storage\/2019\/01\/sonoraenequipo_opt.png","contentUrl":"https:\/\/www.sonoraenequipo.com.mx\/storage\/2019\/01\/sonoraenequipo_opt.png","width":375,"height":125,"caption":"Sonoraenequipo.com.mx"},"image":{"@id":"https:\/\/www.sonoraenequipo.com.mx\/#\/schema\/logo\/image\/"},"sameAs":["https:\/\/www.facebook.com\/SonoraEE\/","https:\/\/x.com\/sonoraenequipo","https:\/\/www.youtube.com\/channel\/UC338nW-lPEYmJQs4ZABQ1SQ"]},{"@type":"Person","@id":"https:\/\/www.sonoraenequipo.com.mx\/#\/schema\/person\/50102df0fb23a8fa9e8effad8fa81386","name":"enequipo","image":{"@type":"ImageObject","inLanguage":"es","@id":"https:\/\/www.sonoraenequipo.com.mx\/#\/schema\/person\/image\/","url":"https:\/\/secure.gravatar.com\/avatar\/049821681b589dabc0bc20695993ccebb09f5b5d4d790cd9251b97faac7c652b?s=96&d=blank&r=g","contentUrl":"https:\/\/secure.gravatar.com\/avatar\/049821681b589dabc0bc20695993ccebb09f5b5d4d790cd9251b97faac7c652b?s=96&d=blank&r=g","caption":"enequipo"},"sameAs":["https:\/\/www.facebook.com\/SonoraEE"]}]}},"jetpack_featured_media_url":"https:\/\/www.sonoraenequipo.com.mx\/storage\/2021\/07\/el-presidente-francia-emmanuel-macron_opt.jpg","_links":{"self":[{"href":"https:\/\/www.sonoraenequipo.com.mx\/api\/wp\/v2\/posts\/118199","targetHints":{"allow":["GET"]}}],"collection":[{"href":"https:\/\/www.sonoraenequipo.com.mx\/api\/wp\/v2\/posts"}],"about":[{"href":"https:\/\/www.sonoraenequipo.com.mx\/api\/wp\/v2\/types\/post"}],"author":[{"embeddable":true,"href":"https:\/\/www.sonoraenequipo.com.mx\/api\/wp\/v2\/users\/1"}],"replies":[{"embeddable":true,"href":"https:\/\/www.sonoraenequipo.com.mx\/api\/wp\/v2\/comments?post=118199"}],"version-history":[{"count":2,"href":"https:\/\/www.sonoraenequipo.com.mx\/api\/wp\/v2\/posts\/118199\/revisions"}],"predecessor-version":[{"id":118201,"href":"https:\/\/www.sonoraenequipo.com.mx\/api\/wp\/v2\/posts\/118199\/revisions\/118201"}],"wp:featuredmedia":[{"embeddable":true,"href":"https:\/\/www.sonoraenequipo.com.mx\/api\/wp\/v2\/media\/118191"}],"wp:attachment":[{"href":"https:\/\/www.sonoraenequipo.com.mx\/api\/wp\/v2\/media?parent=118199"}],"wp:term":[{"taxonomy":"category","embeddable":true,"href":"https:\/\/www.sonoraenequipo.com.mx\/api\/wp\/v2\/categories?post=118199"},{"taxonomy":"post_tag","embeddable":true,"href":"https:\/\/www.sonoraenequipo.com.mx\/api\/wp\/v2\/tags?post=118199"}],"curies":[{"name":"wp","href":"https:\/\/api.w.org\/{rel}","templated":true}]}}