{"id":118206,"date":"2021-07-11T16:23:34","date_gmt":"2021-07-11T23:23:34","guid":{"rendered":"https:\/\/www.sonoraenequipo.com.mx\/?p=118206"},"modified":"2021-07-11T18:25:05","modified_gmt":"2021-07-12T01:25:05","slug":"eeuu-estudiara-el-riesgo-del-clima-para-sus-finanzas","status":"publish","type":"post","link":"https:\/\/www.sonoraenequipo.com.mx\/eeuu-estudiara-el-riesgo-del-clima-para-sus-finanzas\/","title":{"rendered":"EEUU estudiar\u00e1 el riesgo del clima para sus finanzas"},"content":{"rendered":"<p>WASHINGTON, ESTADOS UNIDOS. \u2014 La secretaria del Tesoro de Estados Unidos liderar\u00e1 los esfuerzos para evaluar el posible riesgo que plantea el cambio clim\u00e1tico para el sistema financiero estadounidense, seg\u00fan anunci\u00f3 el domingo la funcionaria, dentro de una amplia iniciativa del gobierno de Joe Biden.<\/p>\n<p>&nbsp;<\/p>\n<p> <\/p>\n<p>&nbsp;<\/p>\n<p>El estudio del Consejo de Supervisi\u00f3n de Estabilidad Financiera determinar\u00e1 si los bancos y otras entidades prestamistas valoran adecuadamente los riesgos de estabilidad financiera, explic\u00f3 Yellen. Ella preside el comit\u00e9, que incluye al Tesoro, la Reserva Federal, la Comisi\u00f3n de Bolsa y Valores (SEC, por sus siglas en ingl\u00e9s) y otras autoridades reguladoras.<\/p>\n<p>&nbsp;<\/p>\n<p><em>\u201cEl actual sistema financiero no produce declaraciones fiables\u201d,<\/em> dijo Yellen, en declaraciones preparadas en la Conferencia Internacional de Venecia sobre el Clima y publicadas en Washington.<\/p>\n<p>&nbsp;<\/p>\n<p>Como parte de la estrategia global del presidente, Joe Biden, el Consejo de Supervisi\u00f3n de Estabilidad Financiera estudiar\u00e1 qu\u00e9 deber\u00eda hacerse para mejorar las regulaciones actuales sobre declaraciones financieras relacionadas con el clima, indic\u00f3 Yellen.<\/p>\n<p>&nbsp;<\/p>\n<p>El Congreso cre\u00f3 el consejo en 2010 para mejorar la coordinaci\u00f3n regulatoria tras la crisis financiera de 2008.<\/p>\n<p>&nbsp;<\/p>\n<p>A los directivos de banca les preocupa que la iniciativa del gobierno pueda suponer un aumento de la supervisi\u00f3n regulatoria, lo que aumentar\u00eda el coste de los bancos para operar y reducir\u00eda su capacidad de hacer pr\u00e9stamos.<\/p>\n<p>&nbsp;<\/p>\n<p>Yellen se\u00f1al\u00f3 que Estados Unidos tambi\u00e9n pretende recabar el apoyo del Fondo Monetario Internacional, el Banco Mundial y otros bancos de desarrollo multilateral para canalizar m\u00e1s recursos en combatir el cambio clim\u00e1tico. El Banco Mundial y los bancos regionales de desarrollo son importantes fuentes de pr\u00e9stamos para pa\u00edses pobres en la financiaci\u00f3n de represas y otros proyectos de desarrollo.<\/p>\n<p>&nbsp;<\/p>\n<p><em>\u201cLos pa\u00edses en desarrollo son especialmente vulnerables al cambio clim\u00e1tico, ya que la pobreza, la seguridad alimentaria y la salud se ven muy afectadas por los eventos meteorol\u00f3gicos extremos\u201d,<\/em> dijo Yellen.<\/p>\n<p>&nbsp;<\/p>\n<p>&nbsp;<\/p>\n<p>Washington apoya los esfuerzos internacionales para movilizar 100.000 millones de d\u00f3lares anuales procedentes de distintas fuentes p\u00fablicas y privadas para respaldar los esfuerzos de los pa\u00edses en desarrollo contra el cambio clim\u00e1tico, a\u00f1adi\u00f3.<\/p>\n<p>&nbsp;<\/p>\n<p>Yellen dijo que ten\u00eda previsto convocar una cumbre de responsables de instituciones prestamistas internacionales para abordar formas de alinear mejor sus esfuerzos con el Acuerdo Clim\u00e1tico de Par\u00eds. El gobierno del expresidente Donald Trump sac\u00f3 a Estados Unidos del Acuerdo de Par\u00eds, pero Biden revoc\u00f3 esa decisi\u00f3n tras asumir el cargo este a\u00f1o.<\/p>\n<p>&nbsp;<\/p>\n<p>Desde que tom\u00f3 el relevo como secretaria del Tesoro, Yellen ha sido una de las principales voces del gobierno a favor de aumentar los esfuerzos gubernamentales contra el cambio clim\u00e1tico.<\/p>\n<p>&nbsp;<\/p>\n<p>El gobierno tambi\u00e9n ha hecho un fuerte hincapi\u00e9 en incluir enormes inversiones contra el calentamiento global en el paquete billonario de infraestructura que Biden intenta aprobar en el Congreso. Ese esfuerzo ha chocado con la oposici\u00f3n republicana y varias iniciativas clim\u00e1ticas de Biden han sido eliminadas de un plan bipartidista de infraestructuras.<\/p>\n<p>&nbsp;<\/p>\n<p>Los ecologistas afirman que el paquete m\u00e1s amplio que preparan ahora los dem\u00f3cratas debe incluir ambiciosas promesas de Biden como llevar el pa\u00eds hacia una producci\u00f3n el\u00e9ctrica libre de emisiones de di\u00f3xido de carbono y convertirse en l\u00edder mundial en el empleo de veh\u00edculos el\u00e9ctricos, as\u00ed como la creaci\u00f3n de millones de empleos en energ\u00eda solar, e\u00f3lica y otros sectores de energ\u00eda limpia.<\/p>\n<p>&nbsp;<\/p>\n<p>La conferencia internacional del domingo en Venecia se celebr\u00f3 tras una cumbre el s\u00e1bado en Venecia de responsables de finanzas del grupo de las 20 mayores econom\u00edas del mundo. El grupo respald\u00f3 una profunda revisi\u00f3n del sistema tributario internacional, lo que incluye una tasa corporativa m\u00ednima global del 15% para disuadir a las grandes empresas que buscan para\u00edsos fiscales.<\/p>\n<p>&nbsp;<\/p>\n<p>Se esperaba que la medida fuera un tema clave de la agenda cuando Biden y los dem\u00e1s l\u00edderes del G20 se reunieran para una cumbre en Roma el 30 y 31 de octubre.<\/p>\n<p>&nbsp;<\/p>\n<p>(Publicada el 11\/07\/2021 \/ MARTIN CRUTSINGER)<\/p>\n","protected":false},"excerpt":{"rendered":"<p>WASHINGTON, ESTADOS UNIDOS. \u2014 La secretaria del Tesoro de Estados Unidos liderar\u00e1 los esfuerzos para&#8230;<\/p>\n","protected":false},"author":1,"featured_media":118207,"comment_status":"open","ping_status":"open","sticky":false,"template":"","format":"standard","meta":{"_monsterinsights_skip_tracking":false,"_monsterinsights_sitenote_active":false,"_monsterinsights_sitenote_note":"","_monsterinsights_sitenote_category":0,"footnotes":""},"categories":[3],"tags":[],"class_list":["post"],"yoast_head":" \n<title>Sonora en Equipo. EEUU estudiar\u00e1 el riesgo del clima para sus finanzas MUNDO<\/title>\n<meta name=\"description\" content=\"WASHINGTON, ESTADOS UNIDOS. \u2014 La secretaria del Tesoro de Estados Unidos liderar\u00e1 los esfuerzos para evaluar el posible riesgo que plantea el cambio En Sonora en Equipo publicamos toda la informaci\u00f3n de Sonora, M\u00e9xico y el Mundo de manera oportuna y busca que la libertad de expresi\u00f3n sea real. Visita nuestro medio informativo publicado desde Hermosillo, Sonora. %\" \/>\n<meta name=\"robots\" content=\"index, follow, max-snippet:-1, max-image-preview:large, max-video-preview:-1\" \/>\n<link rel=\"canonical\" href=\"https:\/\/www.sonoraenequipo.com.mx\/eeuu-estudiara-el-riesgo-del-clima-para-sus-finanzas\/\" \/>\n<meta property=\"og:locale\" content=\"es_ES\" \/>\n<meta property=\"og:type\" content=\"article\" \/>\n<meta property=\"og:title\" content=\"Sonora en Equipo. EEUU estudiar\u00e1 el riesgo del clima para sus finanzas MUNDO\" \/>\n<meta property=\"og:description\" content=\"WASHINGTON, ESTADOS UNIDOS. \u2014 La secretaria del Tesoro de Estados Unidos liderar\u00e1 los esfuerzos para evaluar el posible riesgo que plantea el cambio En Sonora en Equipo publicamos toda la informaci\u00f3n de Sonora, M\u00e9xico y el Mundo de manera oportuna y busca que la libertad de expresi\u00f3n sea real. Visita nuestro medio informativo publicado desde Hermosillo, Sonora. %\" \/>\n<meta property=\"og:url\" content=\"https:\/\/www.sonoraenequipo.com.mx\/eeuu-estudiara-el-riesgo-del-clima-para-sus-finanzas\/\" \/>\n<meta property=\"og:site_name\" content=\"Sonora en Equipo.\" \/>\n<meta property=\"article:publisher\" content=\"https:\/\/www.facebook.com\/SonoraEE\/\" \/>\n<meta property=\"article:author\" content=\"https:\/\/www.facebook.com\/SonoraEE\" \/>\n<meta property=\"article:published_time\" content=\"2021-07-11T23:23:34+00:00\" \/>\n<meta property=\"article:modified_time\" content=\"2021-07-12T01:25:05+00:00\" \/>\n<meta property=\"og:image\" content=\"https:\/\/www.sonoraenequipo.com.mx\/storage\/2021\/07\/biden_opt.jpg\" \/>\n\t<meta property=\"og:image:width\" content=\"700\" \/>\n\t<meta property=\"og:image:height\" content=\"400\" \/>\n\t<meta property=\"og:image:type\" content=\"image\/jpeg\" \/>\n<meta name=\"author\" content=\"enequipo\" \/>\n<meta name=\"twitter:card\" content=\"summary_large_image\" \/>\n<meta name=\"twitter:creator\" content=\"@sonoraenequipo\" \/>\n<meta name=\"twitter:site\" content=\"@sonoraenequipo\" \/>\n<meta name=\"twitter:label1\" content=\"Escrito por\" \/>\n\t<meta name=\"twitter:data1\" content=\"enequipo\" \/>\n\t<meta name=\"twitter:label2\" content=\"Tiempo de lectura\" \/>\n\t<meta name=\"twitter:data2\" content=\"3 minutos\" \/>\n<script type=\"application\/ld+json\" class=\"yoast-schema-graph\">{\"@context\":\"https:\/\/schema.org\",\"@graph\":[{\"@type\":\"Article\",\"@id\":\"https:\/\/www.sonoraenequipo.com.mx\/eeuu-estudiara-el-riesgo-del-clima-para-sus-finanzas\/#article\",\"isPartOf\":{\"@id\":\"https:\/\/www.sonoraenequipo.com.mx\/eeuu-estudiara-el-riesgo-del-clima-para-sus-finanzas\/\"},\"author\":{\"name\":\"enequipo\",\"@id\":\"https:\/\/www.sonoraenequipo.com.mx\/#\/schema\/person\/50102df0fb23a8fa9e8effad8fa81386\"},\"headline\":\"EEUU estudiar\u00e1 el riesgo del clima para sus finanzas\",\"datePublished\":\"2021-07-11T23:23:34+00:00\",\"dateModified\":\"2021-07-12T01:25:05+00:00\",\"mainEntityOfPage\":{\"@id\":\"https:\/\/www.sonoraenequipo.com.mx\/eeuu-estudiara-el-riesgo-del-clima-para-sus-finanzas\/\"},\"wordCount\":706,\"commentCount\":0,\"publisher\":{\"@id\":\"https:\/\/www.sonoraenequipo.com.mx\/#organization\"},\"image\":{\"@id\":\"https:\/\/www.sonoraenequipo.com.mx\/eeuu-estudiara-el-riesgo-del-clima-para-sus-finanzas\/#primaryimage\"},\"thumbnailUrl\":\"https:\/\/www.sonoraenequipo.com.mx\/storage\/2021\/07\/biden_opt.jpg\",\"articleSection\":[\"MUNDO\"],\"inLanguage\":\"es\",\"potentialAction\":[{\"@type\":\"CommentAction\",\"name\":\"Comment\",\"target\":[\"https:\/\/www.sonoraenequipo.com.mx\/eeuu-estudiara-el-riesgo-del-clima-para-sus-finanzas\/#respond\"]}]},{\"@type\":\"WebPage\",\"@id\":\"https:\/\/www.sonoraenequipo.com.mx\/eeuu-estudiara-el-riesgo-del-clima-para-sus-finanzas\/\",\"url\":\"https:\/\/www.sonoraenequipo.com.mx\/eeuu-estudiara-el-riesgo-del-clima-para-sus-finanzas\/\",\"name\":\"Sonora en Equipo. EEUU estudiar\u00e1 el riesgo del clima para sus finanzas MUNDO\",\"isPartOf\":{\"@id\":\"https:\/\/www.sonoraenequipo.com.mx\/#website\"},\"primaryImageOfPage\":{\"@id\":\"https:\/\/www.sonoraenequipo.com.mx\/eeuu-estudiara-el-riesgo-del-clima-para-sus-finanzas\/#primaryimage\"},\"image\":{\"@id\":\"https:\/\/www.sonoraenequipo.com.mx\/eeuu-estudiara-el-riesgo-del-clima-para-sus-finanzas\/#primaryimage\"},\"thumbnailUrl\":\"https:\/\/www.sonoraenequipo.com.mx\/storage\/2021\/07\/biden_opt.jpg\",\"datePublished\":\"2021-07-11T23:23:34+00:00\",\"dateModified\":\"2021-07-12T01:25:05+00:00\",\"description\":\"WASHINGTON, ESTADOS UNIDOS. \u2014 La secretaria del Tesoro de Estados Unidos liderar\u00e1 los esfuerzos para evaluar el posible riesgo que plantea el cambio En Sonora en Equipo publicamos toda la informaci\u00f3n de Sonora, M\u00e9xico y el Mundo de manera oportuna y busca que la libertad de expresi\u00f3n sea real. Visita nuestro medio informativo publicado desde Hermosillo, Sonora. %\",\"breadcrumb\":{\"@id\":\"https:\/\/www.sonoraenequipo.com.mx\/eeuu-estudiara-el-riesgo-del-clima-para-sus-finanzas\/#breadcrumb\"},\"inLanguage\":\"es\",\"potentialAction\":[{\"@type\":\"ReadAction\",\"target\":[\"https:\/\/www.sonoraenequipo.com.mx\/eeuu-estudiara-el-riesgo-del-clima-para-sus-finanzas\/\"]}]},{\"@type\":\"ImageObject\",\"inLanguage\":\"es\",\"@id\":\"https:\/\/www.sonoraenequipo.com.mx\/eeuu-estudiara-el-riesgo-del-clima-para-sus-finanzas\/#primaryimage\",\"url\":\"https:\/\/www.sonoraenequipo.com.mx\/storage\/2021\/07\/biden_opt.jpg\",\"contentUrl\":\"https:\/\/www.sonoraenequipo.com.mx\/storage\/2021\/07\/biden_opt.jpg\",\"width\":700,\"height\":400},{\"@type\":\"BreadcrumbList\",\"@id\":\"https:\/\/www.sonoraenequipo.com.mx\/eeuu-estudiara-el-riesgo-del-clima-para-sus-finanzas\/#breadcrumb\",\"itemListElement\":[{\"@type\":\"ListItem\",\"position\":1,\"name\":\"Portada\",\"item\":\"https:\/\/www.sonoraenequipo.com.mx\/\"},{\"@type\":\"ListItem\",\"position\":2,\"name\":\"EEUU estudiar\u00e1 el riesgo del clima para sus finanzas\"}]},{\"@type\":\"WebSite\",\"@id\":\"https:\/\/www.sonoraenequipo.com.mx\/#website\",\"url\":\"https:\/\/www.sonoraenequipo.com.mx\/\",\"name\":\"Sonora en Equipo.\",\"description\":\"Diario en l\u00ednea con Noticias desde Hermosillo, Sonora\",\"publisher\":{\"@id\":\"https:\/\/www.sonoraenequipo.com.mx\/#organization\"},\"potentialAction\":[{\"@type\":\"SearchAction\",\"target\":{\"@type\":\"EntryPoint\",\"urlTemplate\":\"https:\/\/www.sonoraenequipo.com.mx\/?s={search_term_string}\"},\"query-input\":{\"@type\":\"PropertyValueSpecification\",\"valueRequired\":true,\"valueName\":\"search_term_string\"}}],\"inLanguage\":\"es\"},{\"@type\":\"Organization\",\"@id\":\"https:\/\/www.sonoraenequipo.com.mx\/#organization\",\"name\":\"Sonoraenequipo.com.mx\",\"url\":\"https:\/\/www.sonoraenequipo.com.mx\/\",\"logo\":{\"@type\":\"ImageObject\",\"inLanguage\":\"es\",\"@id\":\"https:\/\/www.sonoraenequipo.com.mx\/#\/schema\/logo\/image\/\",\"url\":\"https:\/\/www.sonoraenequipo.com.mx\/storage\/2019\/01\/sonoraenequipo_opt.png\",\"contentUrl\":\"https:\/\/www.sonoraenequipo.com.mx\/storage\/2019\/01\/sonoraenequipo_opt.png\",\"width\":375,\"height\":125,\"caption\":\"Sonoraenequipo.com.mx\"},\"image\":{\"@id\":\"https:\/\/www.sonoraenequipo.com.mx\/#\/schema\/logo\/image\/\"},\"sameAs\":[\"https:\/\/www.facebook.com\/SonoraEE\/\",\"https:\/\/x.com\/sonoraenequipo\",\"https:\/\/www.youtube.com\/channel\/UC338nW-lPEYmJQs4ZABQ1SQ\"]},{\"@type\":\"Person\",\"@id\":\"https:\/\/www.sonoraenequipo.com.mx\/#\/schema\/person\/50102df0fb23a8fa9e8effad8fa81386\",\"name\":\"enequipo\",\"image\":{\"@type\":\"ImageObject\",\"inLanguage\":\"es\",\"@id\":\"https:\/\/www.sonoraenequipo.com.mx\/#\/schema\/person\/image\/\",\"url\":\"https:\/\/secure.gravatar.com\/avatar\/049821681b589dabc0bc20695993ccebb09f5b5d4d790cd9251b97faac7c652b?s=96&d=blank&r=g\",\"contentUrl\":\"https:\/\/secure.gravatar.com\/avatar\/049821681b589dabc0bc20695993ccebb09f5b5d4d790cd9251b97faac7c652b?s=96&d=blank&r=g\",\"caption\":\"enequipo\"},\"sameAs\":[\"https:\/\/www.facebook.com\/SonoraEE\"]}]}<\/script>\n ","yoast_head_json":{"title":"Sonora en Equipo. EEUU estudiar\u00e1 el riesgo del clima para sus finanzas MUNDO","description":"WASHINGTON, ESTADOS UNIDOS. \u2014 La secretaria del Tesoro de Estados Unidos liderar\u00e1 los esfuerzos para evaluar el posible riesgo que plantea el cambio En Sonora en Equipo publicamos toda la informaci\u00f3n de Sonora, M\u00e9xico y el Mundo de manera oportuna y busca que la libertad de expresi\u00f3n sea real. Visita nuestro medio informativo publicado desde Hermosillo, Sonora. %","robots":{"index":"index","follow":"follow","max-snippet":"max-snippet:-1","max-image-preview":"max-image-preview:large","max-video-preview":"max-video-preview:-1"},"canonical":"https:\/\/www.sonoraenequipo.com.mx\/eeuu-estudiara-el-riesgo-del-clima-para-sus-finanzas\/","og_locale":"es_ES","og_type":"article","og_title":"Sonora en Equipo. EEUU estudiar\u00e1 el riesgo del clima para sus finanzas MUNDO","og_description":"WASHINGTON, ESTADOS UNIDOS. \u2014 La secretaria del Tesoro de Estados Unidos liderar\u00e1 los esfuerzos para evaluar el posible riesgo que plantea el cambio En Sonora en Equipo publicamos toda la informaci\u00f3n de Sonora, M\u00e9xico y el Mundo de manera oportuna y busca que la libertad de expresi\u00f3n sea real. Visita nuestro medio informativo publicado desde Hermosillo, Sonora. %","og_url":"https:\/\/www.sonoraenequipo.com.mx\/eeuu-estudiara-el-riesgo-del-clima-para-sus-finanzas\/","og_site_name":"Sonora en Equipo.","article_publisher":"https:\/\/www.facebook.com\/SonoraEE\/","article_author":"https:\/\/www.facebook.com\/SonoraEE","article_published_time":"2021-07-11T23:23:34+00:00","article_modified_time":"2021-07-12T01:25:05+00:00","og_image":[{"width":700,"height":400,"url":"https:\/\/www.sonoraenequipo.com.mx\/storage\/2021\/07\/biden_opt.jpg","type":"image\/jpeg"}],"author":"enequipo","twitter_card":"summary_large_image","twitter_creator":"@sonoraenequipo","twitter_site":"@sonoraenequipo","twitter_misc":{"Escrito por":"enequipo","Tiempo de lectura":"3 minutos"},"schema":{"@context":"https:\/\/schema.org","@graph":[{"@type":"Article","@id":"https:\/\/www.sonoraenequipo.com.mx\/eeuu-estudiara-el-riesgo-del-clima-para-sus-finanzas\/#article","isPartOf":{"@id":"https:\/\/www.sonoraenequipo.com.mx\/eeuu-estudiara-el-riesgo-del-clima-para-sus-finanzas\/"},"author":{"name":"enequipo","@id":"https:\/\/www.sonoraenequipo.com.mx\/#\/schema\/person\/50102df0fb23a8fa9e8effad8fa81386"},"headline":"EEUU estudiar\u00e1 el riesgo del clima para sus finanzas","datePublished":"2021-07-11T23:23:34+00:00","dateModified":"2021-07-12T01:25:05+00:00","mainEntityOfPage":{"@id":"https:\/\/www.sonoraenequipo.com.mx\/eeuu-estudiara-el-riesgo-del-clima-para-sus-finanzas\/"},"wordCount":706,"commentCount":0,"publisher":{"@id":"https:\/\/www.sonoraenequipo.com.mx\/#organization"},"image":{"@id":"https:\/\/www.sonoraenequipo.com.mx\/eeuu-estudiara-el-riesgo-del-clima-para-sus-finanzas\/#primaryimage"},"thumbnailUrl":"https:\/\/www.sonoraenequipo.com.mx\/storage\/2021\/07\/biden_opt.jpg","articleSection":["MUNDO"],"inLanguage":"es","potentialAction":[{"@type":"CommentAction","name":"Comment","target":["https:\/\/www.sonoraenequipo.com.mx\/eeuu-estudiara-el-riesgo-del-clima-para-sus-finanzas\/#respond"]}]},{"@type":"WebPage","@id":"https:\/\/www.sonoraenequipo.com.mx\/eeuu-estudiara-el-riesgo-del-clima-para-sus-finanzas\/","url":"https:\/\/www.sonoraenequipo.com.mx\/eeuu-estudiara-el-riesgo-del-clima-para-sus-finanzas\/","name":"Sonora en Equipo. EEUU estudiar\u00e1 el riesgo del clima para sus finanzas MUNDO","isPartOf":{"@id":"https:\/\/www.sonoraenequipo.com.mx\/#website"},"primaryImageOfPage":{"@id":"https:\/\/www.sonoraenequipo.com.mx\/eeuu-estudiara-el-riesgo-del-clima-para-sus-finanzas\/#primaryimage"},"image":{"@id":"https:\/\/www.sonoraenequipo.com.mx\/eeuu-estudiara-el-riesgo-del-clima-para-sus-finanzas\/#primaryimage"},"thumbnailUrl":"https:\/\/www.sonoraenequipo.com.mx\/storage\/2021\/07\/biden_opt.jpg","datePublished":"2021-07-11T23:23:34+00:00","dateModified":"2021-07-12T01:25:05+00:00","description":"WASHINGTON, ESTADOS UNIDOS. \u2014 La secretaria del Tesoro de Estados Unidos liderar\u00e1 los esfuerzos para evaluar el posible riesgo que plantea el cambio En Sonora en Equipo publicamos toda la informaci\u00f3n de Sonora, M\u00e9xico y el Mundo de manera oportuna y busca que la libertad de expresi\u00f3n sea real. Visita nuestro medio informativo publicado desde Hermosillo, Sonora. %","breadcrumb":{"@id":"https:\/\/www.sonoraenequipo.com.mx\/eeuu-estudiara-el-riesgo-del-clima-para-sus-finanzas\/#breadcrumb"},"inLanguage":"es","potentialAction":[{"@type":"ReadAction","target":["https:\/\/www.sonoraenequipo.com.mx\/eeuu-estudiara-el-riesgo-del-clima-para-sus-finanzas\/"]}]},{"@type":"ImageObject","inLanguage":"es","@id":"https:\/\/www.sonoraenequipo.com.mx\/eeuu-estudiara-el-riesgo-del-clima-para-sus-finanzas\/#primaryimage","url":"https:\/\/www.sonoraenequipo.com.mx\/storage\/2021\/07\/biden_opt.jpg","contentUrl":"https:\/\/www.sonoraenequipo.com.mx\/storage\/2021\/07\/biden_opt.jpg","width":700,"height":400},{"@type":"BreadcrumbList","@id":"https:\/\/www.sonoraenequipo.com.mx\/eeuu-estudiara-el-riesgo-del-clima-para-sus-finanzas\/#breadcrumb","itemListElement":[{"@type":"ListItem","position":1,"name":"Portada","item":"https:\/\/www.sonoraenequipo.com.mx\/"},{"@type":"ListItem","position":2,"name":"EEUU estudiar\u00e1 el riesgo del clima para sus finanzas"}]},{"@type":"WebSite","@id":"https:\/\/www.sonoraenequipo.com.mx\/#website","url":"https:\/\/www.sonoraenequipo.com.mx\/","name":"Sonora en Equipo.","description":"Diario en l\u00ednea con Noticias desde Hermosillo, Sonora","publisher":{"@id":"https:\/\/www.sonoraenequipo.com.mx\/#organization"},"potentialAction":[{"@type":"SearchAction","target":{"@type":"EntryPoint","urlTemplate":"https:\/\/www.sonoraenequipo.com.mx\/?s={search_term_string}"},"query-input":{"@type":"PropertyValueSpecification","valueRequired":true,"valueName":"search_term_string"}}],"inLanguage":"es"},{"@type":"Organization","@id":"https:\/\/www.sonoraenequipo.com.mx\/#organization","name":"Sonoraenequipo.com.mx","url":"https:\/\/www.sonoraenequipo.com.mx\/","logo":{"@type":"ImageObject","inLanguage":"es","@id":"https:\/\/www.sonoraenequipo.com.mx\/#\/schema\/logo\/image\/","url":"https:\/\/www.sonoraenequipo.com.mx\/storage\/2019\/01\/sonoraenequipo_opt.png","contentUrl":"https:\/\/www.sonoraenequipo.com.mx\/storage\/2019\/01\/sonoraenequipo_opt.png","width":375,"height":125,"caption":"Sonoraenequipo.com.mx"},"image":{"@id":"https:\/\/www.sonoraenequipo.com.mx\/#\/schema\/logo\/image\/"},"sameAs":["https:\/\/www.facebook.com\/SonoraEE\/","https:\/\/x.com\/sonoraenequipo","https:\/\/www.youtube.com\/channel\/UC338nW-lPEYmJQs4ZABQ1SQ"]},{"@type":"Person","@id":"https:\/\/www.sonoraenequipo.com.mx\/#\/schema\/person\/50102df0fb23a8fa9e8effad8fa81386","name":"enequipo","image":{"@type":"ImageObject","inLanguage":"es","@id":"https:\/\/www.sonoraenequipo.com.mx\/#\/schema\/person\/image\/","url":"https:\/\/secure.gravatar.com\/avatar\/049821681b589dabc0bc20695993ccebb09f5b5d4d790cd9251b97faac7c652b?s=96&d=blank&r=g","contentUrl":"https:\/\/secure.gravatar.com\/avatar\/049821681b589dabc0bc20695993ccebb09f5b5d4d790cd9251b97faac7c652b?s=96&d=blank&r=g","caption":"enequipo"},"sameAs":["https:\/\/www.facebook.com\/SonoraEE"]}]}},"jetpack_featured_media_url":"https:\/\/www.sonoraenequipo.com.mx\/storage\/2021\/07\/biden_opt.jpg","_links":{"self":[{"href":"https:\/\/www.sonoraenequipo.com.mx\/api\/wp\/v2\/posts\/118206","targetHints":{"allow":["GET"]}}],"collection":[{"href":"https:\/\/www.sonoraenequipo.com.mx\/api\/wp\/v2\/posts"}],"about":[{"href":"https:\/\/www.sonoraenequipo.com.mx\/api\/wp\/v2\/types\/post"}],"author":[{"embeddable":true,"href":"https:\/\/www.sonoraenequipo.com.mx\/api\/wp\/v2\/users\/1"}],"replies":[{"embeddable":true,"href":"https:\/\/www.sonoraenequipo.com.mx\/api\/wp\/v2\/comments?post=118206"}],"version-history":[{"count":1,"href":"https:\/\/www.sonoraenequipo.com.mx\/api\/wp\/v2\/posts\/118206\/revisions"}],"predecessor-version":[{"id":118208,"href":"https:\/\/www.sonoraenequipo.com.mx\/api\/wp\/v2\/posts\/118206\/revisions\/118208"}],"wp:featuredmedia":[{"embeddable":true,"href":"https:\/\/www.sonoraenequipo.com.mx\/api\/wp\/v2\/media\/118207"}],"wp:attachment":[{"href":"https:\/\/www.sonoraenequipo.com.mx\/api\/wp\/v2\/media?parent=118206"}],"wp:term":[{"taxonomy":"category","embeddable":true,"href":"https:\/\/www.sonoraenequipo.com.mx\/api\/wp\/v2\/categories?post=118206"},{"taxonomy":"post_tag","embeddable":true,"href":"https:\/\/www.sonoraenequipo.com.mx\/api\/wp\/v2\/tags?post=118206"}],"curies":[{"name":"wp","href":"https:\/\/api.w.org\/{rel}","templated":true}]}}