{"id":118209,"date":"2021-07-11T10:48:17","date_gmt":"2021-07-11T17:48:17","guid":{"rendered":"https:\/\/www.sonoraenequipo.com.mx\/?p=118209"},"modified":"2021-07-11T18:44:54","modified_gmt":"2021-07-12T01:44:54","slug":"la-inflacion-supera-aumentos-salariales-por-tercer-mes-inegi","status":"publish","type":"post","link":"https:\/\/www.sonoraenequipo.com.mx\/la-inflacion-supera-aumentos-salariales-por-tercer-mes-inegi\/","title":{"rendered":"La inflaci\u00f3n supera aumentos salariales por tercer mes: Inegi"},"content":{"rendered":"<p>CIUDAD DE M\u00c9XICO. MX. \u2014 El incremento promedio de los salarios contractuales se mantuvo en junio por tercer mes consecutivo por abajo de la inflaci\u00f3n, lo que se traduce en una p\u00e9rdida de poder adquisitivo de los trabajadores involucrados, de acuerdo con informaci\u00f3n oficial.<\/p>\n<p>&nbsp;<\/p>\n<p> <\/p>\n<p>&nbsp;<\/p>\n<p>En junio, el incremento promedio fue de 5 por ciento, que al descontar la inflaci\u00f3n anual a ese mes se tradujo en un retroceso real de 0.8 por ciento. En abril y mayo se dieron ca\u00eddas reales de 0.58 y 1.41 por ciento.<\/p>\n<p>&nbsp;<\/p>\n<p>De acuerdo con el Instituto Nacional de Estad\u00edstica y Geograf\u00eda (Inegi) durante junio la inflaci\u00f3n fue 5.88 por ciento a tasa anual, es decir, se coloc\u00f3 fuera del margen objetivo del Banco de M\u00e9xico (BdeM), el cual es de 3 por ciento con un intervalo de un punto porcentual hacia arriba o hacia abajo.<\/p>\n<p>&nbsp;<\/p>\n<p>En junio se renegociaron en la jurisdicci\u00f3n federal 516 revisiones contractuales. Con el resultado del sexto mes del a\u00f1o el poder adquisitivo de los trabajadores en el segundo trimestre no obtuvo mejor\u00edas, a pesar de que en junio el dato negativo fue menor respecto al observado en mayo.<\/p>\n<p>&nbsp;<\/p>\n<p>El primer semestre termin\u00f3 con un incremento promedio nominal de las revisiones contractuales de 4.7 por ciento, aunque el promedio real en ese periodo fue una disminuci\u00f3n de 0.21 por ciento, seg\u00fan la Secretar\u00eda del Trabajo y Previsi\u00f3n Social.<\/p>\n<p>&nbsp;<\/p>\n<p>El periodo comprendido entre abril y junio de este a\u00f1o es el de mayor duraci\u00f3n en terreno negativo para los salarios contractuales desde 2017, cuando tras la liberaci\u00f3n de los precios de las gasolinas la inflaci\u00f3n fue mayor al incremento nominal de los ingresos de la poblaci\u00f3n.<\/p>\n<p>&nbsp;<\/p>\n<p>Despu\u00e9s de ese lapso, en tres meses no consecutivos de 2018, el poder adquisitivo de los trabajadores no obtuvo mejoras, siendo octubre de ese a\u00f1o la \u00faltima ocasi\u00f3n en que se coloc\u00f3 en terreno negativo.<\/p>\n<p>&nbsp;<\/p>\n<p>Entre noviembre de 2018 y marzo pasado el incremento fue mayor a la inflaci\u00f3n, por lo que el periodo de 29 meses se convirti\u00f3 en el lapso m\u00e1s largo en que el poder adquisitivo de la poblaci\u00f3n mejor\u00f3.<\/p>\n<p>&nbsp;<\/p>\n<p>C\u00e9sar Salazar, miembro del Instituto de Investigaciones Econ\u00f3micas de la UNAM, coment\u00f3 <em>\u201cno existe ning\u00fan tipo de pol\u00edtica institucional sobre lo salarios que determine que \u00e9stos deban crecer en t\u00e9rminos de la inflaci\u00f3n, por tanto, en los esquemas de negociaci\u00f3n salarial parece existir ese l\u00edmite\u201d.<\/em><\/p>\n<p>&nbsp;<\/p>\n<p>Agreg\u00f3 que, generalmente, cuando la inflaci\u00f3n est\u00e1 por arriba del rango de 3 o 4 por ciento hay una p\u00e9rdida de poder adquisitivo de los trabajadores.<\/p>\n<p>&nbsp;<\/p>\n<p>Se\u00f1al\u00f3 que en una comparativa con el \u00edndice de precios de la canasta b\u00e1sica, se puede observar que la ca\u00edda de los salarios reales es a\u00fan mayor.<\/p>\n<p>&nbsp;<\/p>\n<p><em>\u201cAl existir una mayor actividad econ\u00f3mica, tambi\u00e9n es cierto que hay una mayor presi\u00f3n laboral, es decir, hay mas personas demandando y eso es lo que lleva a que los acuerdos institucionales no se muevan\u201d<\/em>, dijo.<\/p>\n<p>&nbsp;<\/p>\n<p>Del total de revisiones contractuales realizadas en junio, 509 corresponden a empresas de la iniciativa privada, mientras las siete restantes son del sector p\u00fablico.<\/p>\n<p>&nbsp;<\/p>\n<p>M\u00e1s de 82 mil trabajadores de empresas privadas recibieron un incremento promedio nominal de 5.3 por ciento, que al descontar el efecto de la inflaci\u00f3n result\u00f3 en un retroceso real de 0.58 por ciento.<\/p>\n<p>&nbsp;<\/p>\n<p>M\u00e1s de 12 mil trabajadores del sector p\u00fablico obtuvieron un incremento salarial promedio de 3.4 por ciento nominal, que se traduce en una contracci\u00f3n de 2.34 por ciento real.<\/p>\n<p>&nbsp;<\/p>\n<p>Por actividad, mil 608 trabajadores del sector agricultura, cr\u00eda y explotaci\u00f3n de animales, aprovechamiento forestal, pesca y caza obtuvieron el mayor aumento real que fue de 5.92 por ciento. En contraste, los salarios de servicios profesionales, cient\u00edficos y t\u00e9cnicos se contrajeron 2.91 por ciento real.<\/p>\n<p>&nbsp;<\/p>\n<p>&nbsp;<\/p>\n<p>(Publicada el 11\/07\/2021 \/ Alejandro Alegr\u00eda)<\/p>\n","protected":false},"excerpt":{"rendered":"<p>CIUDAD DE M\u00c9XICO. MX. \u2014 El incremento promedio de los salarios contractuales se mantuvo en&#8230;<\/p>\n","protected":false},"author":1,"featured_media":118211,"comment_status":"open","ping_status":"open","sticky":false,"template":"","format":"standard","meta":{"_monsterinsights_skip_tracking":false,"_monsterinsights_sitenote_active":false,"_monsterinsights_sitenote_note":"","_monsterinsights_sitenote_category":0,"footnotes":""},"categories":[5],"tags":[],"class_list":["post"],"yoast_head":" \n<title>Sonora en Equipo. La inflaci\u00f3n supera aumentos salariales por tercer mes: Inegi Rep\u00fablica<\/title>\n<meta name=\"description\" content=\"CIUDAD DE M\u00c9XICO. MX. \u2014 El incremento promedio de los salarios contractuales se mantuvo en junio por tercer mes consecutivo por abajo de la inflaci\u00f3n, lo En Sonora en Equipo publicamos toda la informaci\u00f3n de Sonora, M\u00e9xico y el Mundo de manera oportuna y busca que la libertad de expresi\u00f3n sea real. Visita nuestro medio informativo publicado desde Hermosillo, Sonora. %\" \/>\n<meta name=\"robots\" content=\"index, follow, max-snippet:-1, max-image-preview:large, max-video-preview:-1\" \/>\n<link rel=\"canonical\" href=\"https:\/\/www.sonoraenequipo.com.mx\/la-inflacion-supera-aumentos-salariales-por-tercer-mes-inegi\/\" \/>\n<meta property=\"og:locale\" content=\"es_ES\" \/>\n<meta property=\"og:type\" content=\"article\" \/>\n<meta property=\"og:title\" content=\"Sonora en Equipo. La inflaci\u00f3n supera aumentos salariales por tercer mes: Inegi Rep\u00fablica\" \/>\n<meta property=\"og:description\" content=\"CIUDAD DE M\u00c9XICO. MX. \u2014 El incremento promedio de los salarios contractuales se mantuvo en junio por tercer mes consecutivo por abajo de la inflaci\u00f3n, lo En Sonora en Equipo publicamos toda la informaci\u00f3n de Sonora, M\u00e9xico y el Mundo de manera oportuna y busca que la libertad de expresi\u00f3n sea real. Visita nuestro medio informativo publicado desde Hermosillo, Sonora. %\" \/>\n<meta property=\"og:url\" content=\"https:\/\/www.sonoraenequipo.com.mx\/la-inflacion-supera-aumentos-salariales-por-tercer-mes-inegi\/\" \/>\n<meta property=\"og:site_name\" content=\"Sonora en Equipo.\" \/>\n<meta property=\"article:publisher\" content=\"https:\/\/www.facebook.com\/SonoraEE\/\" \/>\n<meta property=\"article:author\" content=\"https:\/\/www.facebook.com\/SonoraEE\" \/>\n<meta property=\"article:published_time\" content=\"2021-07-11T17:48:17+00:00\" \/>\n<meta property=\"article:modified_time\" content=\"2021-07-12T01:44:54+00:00\" \/>\n<meta property=\"og:image\" content=\"https:\/\/www.sonoraenequipo.com.mx\/storage\/2021\/07\/Inflacion-en-mexico_opt.jpg\" \/>\n\t<meta property=\"og:image:width\" content=\"700\" \/>\n\t<meta property=\"og:image:height\" content=\"400\" \/>\n\t<meta property=\"og:image:type\" content=\"image\/jpeg\" \/>\n<meta name=\"author\" content=\"enequipo\" \/>\n<meta name=\"twitter:card\" content=\"summary_large_image\" \/>\n<meta name=\"twitter:creator\" content=\"@sonoraenequipo\" \/>\n<meta name=\"twitter:site\" content=\"@sonoraenequipo\" \/>\n<meta name=\"twitter:label1\" content=\"Escrito por\" \/>\n\t<meta name=\"twitter:data1\" content=\"enequipo\" \/>\n\t<meta name=\"twitter:label2\" content=\"Tiempo de lectura\" \/>\n\t<meta name=\"twitter:data2\" content=\"3 minutos\" \/>\n<script type=\"application\/ld+json\" class=\"yoast-schema-graph\">{\"@context\":\"https:\/\/schema.org\",\"@graph\":[{\"@type\":\"Article\",\"@id\":\"https:\/\/www.sonoraenequipo.com.mx\/la-inflacion-supera-aumentos-salariales-por-tercer-mes-inegi\/#article\",\"isPartOf\":{\"@id\":\"https:\/\/www.sonoraenequipo.com.mx\/la-inflacion-supera-aumentos-salariales-por-tercer-mes-inegi\/\"},\"author\":{\"name\":\"enequipo\",\"@id\":\"https:\/\/www.sonoraenequipo.com.mx\/#\/schema\/person\/50102df0fb23a8fa9e8effad8fa81386\"},\"headline\":\"La inflaci\u00f3n supera aumentos salariales por tercer mes: Inegi\",\"datePublished\":\"2021-07-11T17:48:17+00:00\",\"dateModified\":\"2021-07-12T01:44:54+00:00\",\"mainEntityOfPage\":{\"@id\":\"https:\/\/www.sonoraenequipo.com.mx\/la-inflacion-supera-aumentos-salariales-por-tercer-mes-inegi\/\"},\"wordCount\":676,\"commentCount\":0,\"publisher\":{\"@id\":\"https:\/\/www.sonoraenequipo.com.mx\/#organization\"},\"image\":{\"@id\":\"https:\/\/www.sonoraenequipo.com.mx\/la-inflacion-supera-aumentos-salariales-por-tercer-mes-inegi\/#primaryimage\"},\"thumbnailUrl\":\"https:\/\/www.sonoraenequipo.com.mx\/storage\/2021\/07\/Inflacion-en-mexico_opt.jpg\",\"articleSection\":[\"Rep\u00fablica\"],\"inLanguage\":\"es\",\"potentialAction\":[{\"@type\":\"CommentAction\",\"name\":\"Comment\",\"target\":[\"https:\/\/www.sonoraenequipo.com.mx\/la-inflacion-supera-aumentos-salariales-por-tercer-mes-inegi\/#respond\"]}]},{\"@type\":\"WebPage\",\"@id\":\"https:\/\/www.sonoraenequipo.com.mx\/la-inflacion-supera-aumentos-salariales-por-tercer-mes-inegi\/\",\"url\":\"https:\/\/www.sonoraenequipo.com.mx\/la-inflacion-supera-aumentos-salariales-por-tercer-mes-inegi\/\",\"name\":\"Sonora en Equipo. La inflaci\u00f3n supera aumentos salariales por tercer mes: Inegi Rep\u00fablica\",\"isPartOf\":{\"@id\":\"https:\/\/www.sonoraenequipo.com.mx\/#website\"},\"primaryImageOfPage\":{\"@id\":\"https:\/\/www.sonoraenequipo.com.mx\/la-inflacion-supera-aumentos-salariales-por-tercer-mes-inegi\/#primaryimage\"},\"image\":{\"@id\":\"https:\/\/www.sonoraenequipo.com.mx\/la-inflacion-supera-aumentos-salariales-por-tercer-mes-inegi\/#primaryimage\"},\"thumbnailUrl\":\"https:\/\/www.sonoraenequipo.com.mx\/storage\/2021\/07\/Inflacion-en-mexico_opt.jpg\",\"datePublished\":\"2021-07-11T17:48:17+00:00\",\"dateModified\":\"2021-07-12T01:44:54+00:00\",\"description\":\"CIUDAD DE M\u00c9XICO. MX. \u2014 El incremento promedio de los salarios contractuales se mantuvo en junio por tercer mes consecutivo por abajo de la inflaci\u00f3n, lo En Sonora en Equipo publicamos toda la informaci\u00f3n de Sonora, M\u00e9xico y el Mundo de manera oportuna y busca que la libertad de expresi\u00f3n sea real. Visita nuestro medio informativo publicado desde Hermosillo, Sonora. %\",\"breadcrumb\":{\"@id\":\"https:\/\/www.sonoraenequipo.com.mx\/la-inflacion-supera-aumentos-salariales-por-tercer-mes-inegi\/#breadcrumb\"},\"inLanguage\":\"es\",\"potentialAction\":[{\"@type\":\"ReadAction\",\"target\":[\"https:\/\/www.sonoraenequipo.com.mx\/la-inflacion-supera-aumentos-salariales-por-tercer-mes-inegi\/\"]}]},{\"@type\":\"ImageObject\",\"inLanguage\":\"es\",\"@id\":\"https:\/\/www.sonoraenequipo.com.mx\/la-inflacion-supera-aumentos-salariales-por-tercer-mes-inegi\/#primaryimage\",\"url\":\"https:\/\/www.sonoraenequipo.com.mx\/storage\/2021\/07\/Inflacion-en-mexico_opt.jpg\",\"contentUrl\":\"https:\/\/www.sonoraenequipo.com.mx\/storage\/2021\/07\/Inflacion-en-mexico_opt.jpg\",\"width\":700,\"height\":400},{\"@type\":\"BreadcrumbList\",\"@id\":\"https:\/\/www.sonoraenequipo.com.mx\/la-inflacion-supera-aumentos-salariales-por-tercer-mes-inegi\/#breadcrumb\",\"itemListElement\":[{\"@type\":\"ListItem\",\"position\":1,\"name\":\"Portada\",\"item\":\"https:\/\/www.sonoraenequipo.com.mx\/\"},{\"@type\":\"ListItem\",\"position\":2,\"name\":\"La inflaci\u00f3n supera aumentos salariales por tercer mes: Inegi\"}]},{\"@type\":\"WebSite\",\"@id\":\"https:\/\/www.sonoraenequipo.com.mx\/#website\",\"url\":\"https:\/\/www.sonoraenequipo.com.mx\/\",\"name\":\"Sonora en Equipo.\",\"description\":\"Diario en l\u00ednea con Noticias desde Hermosillo, Sonora\",\"publisher\":{\"@id\":\"https:\/\/www.sonoraenequipo.com.mx\/#organization\"},\"potentialAction\":[{\"@type\":\"SearchAction\",\"target\":{\"@type\":\"EntryPoint\",\"urlTemplate\":\"https:\/\/www.sonoraenequipo.com.mx\/?s={search_term_string}\"},\"query-input\":{\"@type\":\"PropertyValueSpecification\",\"valueRequired\":true,\"valueName\":\"search_term_string\"}}],\"inLanguage\":\"es\"},{\"@type\":\"Organization\",\"@id\":\"https:\/\/www.sonoraenequipo.com.mx\/#organization\",\"name\":\"Sonoraenequipo.com.mx\",\"url\":\"https:\/\/www.sonoraenequipo.com.mx\/\",\"logo\":{\"@type\":\"ImageObject\",\"inLanguage\":\"es\",\"@id\":\"https:\/\/www.sonoraenequipo.com.mx\/#\/schema\/logo\/image\/\",\"url\":\"https:\/\/www.sonoraenequipo.com.mx\/storage\/2019\/01\/sonoraenequipo_opt.png\",\"contentUrl\":\"https:\/\/www.sonoraenequipo.com.mx\/storage\/2019\/01\/sonoraenequipo_opt.png\",\"width\":375,\"height\":125,\"caption\":\"Sonoraenequipo.com.mx\"},\"image\":{\"@id\":\"https:\/\/www.sonoraenequipo.com.mx\/#\/schema\/logo\/image\/\"},\"sameAs\":[\"https:\/\/www.facebook.com\/SonoraEE\/\",\"https:\/\/x.com\/sonoraenequipo\",\"https:\/\/www.youtube.com\/channel\/UC338nW-lPEYmJQs4ZABQ1SQ\"]},{\"@type\":\"Person\",\"@id\":\"https:\/\/www.sonoraenequipo.com.mx\/#\/schema\/person\/50102df0fb23a8fa9e8effad8fa81386\",\"name\":\"enequipo\",\"image\":{\"@type\":\"ImageObject\",\"inLanguage\":\"es\",\"@id\":\"https:\/\/www.sonoraenequipo.com.mx\/#\/schema\/person\/image\/\",\"url\":\"https:\/\/secure.gravatar.com\/avatar\/049821681b589dabc0bc20695993ccebb09f5b5d4d790cd9251b97faac7c652b?s=96&d=blank&r=g\",\"contentUrl\":\"https:\/\/secure.gravatar.com\/avatar\/049821681b589dabc0bc20695993ccebb09f5b5d4d790cd9251b97faac7c652b?s=96&d=blank&r=g\",\"caption\":\"enequipo\"},\"sameAs\":[\"https:\/\/www.facebook.com\/SonoraEE\"]}]}<\/script>\n ","yoast_head_json":{"title":"Sonora en Equipo. La inflaci\u00f3n supera aumentos salariales por tercer mes: Inegi Rep\u00fablica","description":"CIUDAD DE M\u00c9XICO. MX. \u2014 El incremento promedio de los salarios contractuales se mantuvo en junio por tercer mes consecutivo por abajo de la inflaci\u00f3n, lo En Sonora en Equipo publicamos toda la informaci\u00f3n de Sonora, M\u00e9xico y el Mundo de manera oportuna y busca que la libertad de expresi\u00f3n sea real. Visita nuestro medio informativo publicado desde Hermosillo, Sonora. %","robots":{"index":"index","follow":"follow","max-snippet":"max-snippet:-1","max-image-preview":"max-image-preview:large","max-video-preview":"max-video-preview:-1"},"canonical":"https:\/\/www.sonoraenequipo.com.mx\/la-inflacion-supera-aumentos-salariales-por-tercer-mes-inegi\/","og_locale":"es_ES","og_type":"article","og_title":"Sonora en Equipo. La inflaci\u00f3n supera aumentos salariales por tercer mes: Inegi Rep\u00fablica","og_description":"CIUDAD DE M\u00c9XICO. MX. \u2014 El incremento promedio de los salarios contractuales se mantuvo en junio por tercer mes consecutivo por abajo de la inflaci\u00f3n, lo En Sonora en Equipo publicamos toda la informaci\u00f3n de Sonora, M\u00e9xico y el Mundo de manera oportuna y busca que la libertad de expresi\u00f3n sea real. Visita nuestro medio informativo publicado desde Hermosillo, Sonora. %","og_url":"https:\/\/www.sonoraenequipo.com.mx\/la-inflacion-supera-aumentos-salariales-por-tercer-mes-inegi\/","og_site_name":"Sonora en Equipo.","article_publisher":"https:\/\/www.facebook.com\/SonoraEE\/","article_author":"https:\/\/www.facebook.com\/SonoraEE","article_published_time":"2021-07-11T17:48:17+00:00","article_modified_time":"2021-07-12T01:44:54+00:00","og_image":[{"width":700,"height":400,"url":"https:\/\/www.sonoraenequipo.com.mx\/storage\/2021\/07\/Inflacion-en-mexico_opt.jpg","type":"image\/jpeg"}],"author":"enequipo","twitter_card":"summary_large_image","twitter_creator":"@sonoraenequipo","twitter_site":"@sonoraenequipo","twitter_misc":{"Escrito por":"enequipo","Tiempo de lectura":"3 minutos"},"schema":{"@context":"https:\/\/schema.org","@graph":[{"@type":"Article","@id":"https:\/\/www.sonoraenequipo.com.mx\/la-inflacion-supera-aumentos-salariales-por-tercer-mes-inegi\/#article","isPartOf":{"@id":"https:\/\/www.sonoraenequipo.com.mx\/la-inflacion-supera-aumentos-salariales-por-tercer-mes-inegi\/"},"author":{"name":"enequipo","@id":"https:\/\/www.sonoraenequipo.com.mx\/#\/schema\/person\/50102df0fb23a8fa9e8effad8fa81386"},"headline":"La inflaci\u00f3n supera aumentos salariales por tercer mes: Inegi","datePublished":"2021-07-11T17:48:17+00:00","dateModified":"2021-07-12T01:44:54+00:00","mainEntityOfPage":{"@id":"https:\/\/www.sonoraenequipo.com.mx\/la-inflacion-supera-aumentos-salariales-por-tercer-mes-inegi\/"},"wordCount":676,"commentCount":0,"publisher":{"@id":"https:\/\/www.sonoraenequipo.com.mx\/#organization"},"image":{"@id":"https:\/\/www.sonoraenequipo.com.mx\/la-inflacion-supera-aumentos-salariales-por-tercer-mes-inegi\/#primaryimage"},"thumbnailUrl":"https:\/\/www.sonoraenequipo.com.mx\/storage\/2021\/07\/Inflacion-en-mexico_opt.jpg","articleSection":["Rep\u00fablica"],"inLanguage":"es","potentialAction":[{"@type":"CommentAction","name":"Comment","target":["https:\/\/www.sonoraenequipo.com.mx\/la-inflacion-supera-aumentos-salariales-por-tercer-mes-inegi\/#respond"]}]},{"@type":"WebPage","@id":"https:\/\/www.sonoraenequipo.com.mx\/la-inflacion-supera-aumentos-salariales-por-tercer-mes-inegi\/","url":"https:\/\/www.sonoraenequipo.com.mx\/la-inflacion-supera-aumentos-salariales-por-tercer-mes-inegi\/","name":"Sonora en Equipo. La inflaci\u00f3n supera aumentos salariales por tercer mes: Inegi Rep\u00fablica","isPartOf":{"@id":"https:\/\/www.sonoraenequipo.com.mx\/#website"},"primaryImageOfPage":{"@id":"https:\/\/www.sonoraenequipo.com.mx\/la-inflacion-supera-aumentos-salariales-por-tercer-mes-inegi\/#primaryimage"},"image":{"@id":"https:\/\/www.sonoraenequipo.com.mx\/la-inflacion-supera-aumentos-salariales-por-tercer-mes-inegi\/#primaryimage"},"thumbnailUrl":"https:\/\/www.sonoraenequipo.com.mx\/storage\/2021\/07\/Inflacion-en-mexico_opt.jpg","datePublished":"2021-07-11T17:48:17+00:00","dateModified":"2021-07-12T01:44:54+00:00","description":"CIUDAD DE M\u00c9XICO. MX. \u2014 El incremento promedio de los salarios contractuales se mantuvo en junio por tercer mes consecutivo por abajo de la inflaci\u00f3n, lo En Sonora en Equipo publicamos toda la informaci\u00f3n de Sonora, M\u00e9xico y el Mundo de manera oportuna y busca que la libertad de expresi\u00f3n sea real. Visita nuestro medio informativo publicado desde Hermosillo, Sonora. %","breadcrumb":{"@id":"https:\/\/www.sonoraenequipo.com.mx\/la-inflacion-supera-aumentos-salariales-por-tercer-mes-inegi\/#breadcrumb"},"inLanguage":"es","potentialAction":[{"@type":"ReadAction","target":["https:\/\/www.sonoraenequipo.com.mx\/la-inflacion-supera-aumentos-salariales-por-tercer-mes-inegi\/"]}]},{"@type":"ImageObject","inLanguage":"es","@id":"https:\/\/www.sonoraenequipo.com.mx\/la-inflacion-supera-aumentos-salariales-por-tercer-mes-inegi\/#primaryimage","url":"https:\/\/www.sonoraenequipo.com.mx\/storage\/2021\/07\/Inflacion-en-mexico_opt.jpg","contentUrl":"https:\/\/www.sonoraenequipo.com.mx\/storage\/2021\/07\/Inflacion-en-mexico_opt.jpg","width":700,"height":400},{"@type":"BreadcrumbList","@id":"https:\/\/www.sonoraenequipo.com.mx\/la-inflacion-supera-aumentos-salariales-por-tercer-mes-inegi\/#breadcrumb","itemListElement":[{"@type":"ListItem","position":1,"name":"Portada","item":"https:\/\/www.sonoraenequipo.com.mx\/"},{"@type":"ListItem","position":2,"name":"La inflaci\u00f3n supera aumentos salariales por tercer mes: Inegi"}]},{"@type":"WebSite","@id":"https:\/\/www.sonoraenequipo.com.mx\/#website","url":"https:\/\/www.sonoraenequipo.com.mx\/","name":"Sonora en Equipo.","description":"Diario en l\u00ednea con Noticias desde Hermosillo, Sonora","publisher":{"@id":"https:\/\/www.sonoraenequipo.com.mx\/#organization"},"potentialAction":[{"@type":"SearchAction","target":{"@type":"EntryPoint","urlTemplate":"https:\/\/www.sonoraenequipo.com.mx\/?s={search_term_string}"},"query-input":{"@type":"PropertyValueSpecification","valueRequired":true,"valueName":"search_term_string"}}],"inLanguage":"es"},{"@type":"Organization","@id":"https:\/\/www.sonoraenequipo.com.mx\/#organization","name":"Sonoraenequipo.com.mx","url":"https:\/\/www.sonoraenequipo.com.mx\/","logo":{"@type":"ImageObject","inLanguage":"es","@id":"https:\/\/www.sonoraenequipo.com.mx\/#\/schema\/logo\/image\/","url":"https:\/\/www.sonoraenequipo.com.mx\/storage\/2019\/01\/sonoraenequipo_opt.png","contentUrl":"https:\/\/www.sonoraenequipo.com.mx\/storage\/2019\/01\/sonoraenequipo_opt.png","width":375,"height":125,"caption":"Sonoraenequipo.com.mx"},"image":{"@id":"https:\/\/www.sonoraenequipo.com.mx\/#\/schema\/logo\/image\/"},"sameAs":["https:\/\/www.facebook.com\/SonoraEE\/","https:\/\/x.com\/sonoraenequipo","https:\/\/www.youtube.com\/channel\/UC338nW-lPEYmJQs4ZABQ1SQ"]},{"@type":"Person","@id":"https:\/\/www.sonoraenequipo.com.mx\/#\/schema\/person\/50102df0fb23a8fa9e8effad8fa81386","name":"enequipo","image":{"@type":"ImageObject","inLanguage":"es","@id":"https:\/\/www.sonoraenequipo.com.mx\/#\/schema\/person\/image\/","url":"https:\/\/secure.gravatar.com\/avatar\/049821681b589dabc0bc20695993ccebb09f5b5d4d790cd9251b97faac7c652b?s=96&d=blank&r=g","contentUrl":"https:\/\/secure.gravatar.com\/avatar\/049821681b589dabc0bc20695993ccebb09f5b5d4d790cd9251b97faac7c652b?s=96&d=blank&r=g","caption":"enequipo"},"sameAs":["https:\/\/www.facebook.com\/SonoraEE"]}]}},"jetpack_featured_media_url":"https:\/\/www.sonoraenequipo.com.mx\/storage\/2021\/07\/Inflacion-en-mexico_opt.jpg","_links":{"self":[{"href":"https:\/\/www.sonoraenequipo.com.mx\/api\/wp\/v2\/posts\/118209","targetHints":{"allow":["GET"]}}],"collection":[{"href":"https:\/\/www.sonoraenequipo.com.mx\/api\/wp\/v2\/posts"}],"about":[{"href":"https:\/\/www.sonoraenequipo.com.mx\/api\/wp\/v2\/types\/post"}],"author":[{"embeddable":true,"href":"https:\/\/www.sonoraenequipo.com.mx\/api\/wp\/v2\/users\/1"}],"replies":[{"embeddable":true,"href":"https:\/\/www.sonoraenequipo.com.mx\/api\/wp\/v2\/comments?post=118209"}],"version-history":[{"count":1,"href":"https:\/\/www.sonoraenequipo.com.mx\/api\/wp\/v2\/posts\/118209\/revisions"}],"predecessor-version":[{"id":118212,"href":"https:\/\/www.sonoraenequipo.com.mx\/api\/wp\/v2\/posts\/118209\/revisions\/118212"}],"wp:featuredmedia":[{"embeddable":true,"href":"https:\/\/www.sonoraenequipo.com.mx\/api\/wp\/v2\/media\/118211"}],"wp:attachment":[{"href":"https:\/\/www.sonoraenequipo.com.mx\/api\/wp\/v2\/media?parent=118209"}],"wp:term":[{"taxonomy":"category","embeddable":true,"href":"https:\/\/www.sonoraenequipo.com.mx\/api\/wp\/v2\/categories?post=118209"},{"taxonomy":"post_tag","embeddable":true,"href":"https:\/\/www.sonoraenequipo.com.mx\/api\/wp\/v2\/tags?post=118209"}],"curies":[{"name":"wp","href":"https:\/\/api.w.org\/{rel}","templated":true}]}}