{"id":118227,"date":"2021-07-11T22:00:41","date_gmt":"2021-07-12T05:00:41","guid":{"rendered":"https:\/\/www.sonoraenequipo.com.mx\/?p=118227"},"modified":"2021-07-12T07:52:54","modified_gmt":"2021-07-12T14:52:54","slug":"afectan-apagones-distribucion-de-agua-en-colonias-de-hermosillo","status":"publish","type":"post","link":"https:\/\/www.sonoraenequipo.com.mx\/afectan-apagones-distribucion-de-agua-en-colonias-de-hermosillo\/","title":{"rendered":"Afectan apagones distribuci\u00f3n de agua en colonias de Hermosillo"},"content":{"rendered":"<p>HERMOSILLO, SONORA. MX. \u2014 La tormenta el\u00e9ctrica registrada durante la noche del s\u00e1bado 10 de julio en la capital sonorense provoc\u00f3 afectaciones en el suministro de energ\u00eda el\u00e9ctrica que permite operar los sistemas de pozos y rebombeo, afectando as\u00ed a diversas colonias del norte y centro de Hermosillo.<\/p>\n<p>&nbsp;<\/p>\n<p> <\/p>\n<p>&nbsp;<\/p>\n<p>Algunas de estas colonias son Eusebio Kino, Carmen Serd\u00e1n, Los \u00c1ngeles, Tierra Nueva, Puerta del Rey, Misi\u00f3n del Sol, Sierra Vista, Bachoco, Ca\u00f1ada de los Negros, 5 de Mayo, Centro y Mariachi, entre otras.<\/p>\n<p>&nbsp;<\/p>\n<p>Herman Valenzuela Salas, Coordinador Operativo de Agua de Hermosillo, expuso que durante la noche del s\u00e1bado dejaron de operar las captaciones Bagotes, Regalito y Mesa del Seri debido a los apagones, afectando con ello alrededor de 20 mil usuarios.<\/p>\n<p>&nbsp;<\/p>\n<p>Agreg\u00f3 que fue hasta mediod\u00eda de este domingo, con el apoyo de veh\u00edculos del Departamento de Bomberos que permitieron el acceso a la zona de pozos, cuando se pudieron poner en marcha de nueva cuenta los equipos que permiten dotar de agua potable a los sectores que presentaron afectaci\u00f3n en el servicio, por lo que se estima que en el transcurso del d\u00eda se empezar\u00e1 a llenar la red hidr\u00e1ulica para poder restablecer distribuci\u00f3n durante el lunes 12.<\/p>\n<p>&nbsp;<\/p>\n<p>El funcionario agradeci\u00f3 la comprensi\u00f3n de los usuarios ante esta eventualidad provocada por fallas t\u00e9cnicas ajenas al organismo.<\/p>\n<p>&nbsp;<\/p>\n<p>(Publicada el 11\/07\/2021)<\/p>\n","protected":false},"excerpt":{"rendered":"<p>HERMOSILLO, SONORA. MX. \u2014 La tormenta el\u00e9ctrica registrada durante la noche del s\u00e1bado 10 de&#8230;<\/p>\n","protected":false},"author":1,"featured_media":118232,"comment_status":"open","ping_status":"open","sticky":false,"template":"","format":"standard","meta":{"_monsterinsights_skip_tracking":false,"_monsterinsights_sitenote_active":false,"_monsterinsights_sitenote_note":"","_monsterinsights_sitenote_category":0,"footnotes":""},"categories":[4],"tags":[],"class_list":["post"],"yoast_head":" \n<title>Sonora en Equipo. Afectan apagones distribuci\u00f3n de agua en colonias de Hermosillo Municipios<\/title>\n<meta name=\"description\" content=\"HERMOSILLO, SONORA. MX. \u2014 La tormenta el\u00e9ctrica registrada durante la noche del s\u00e1bado 10 de julio en la capital sonorense provoc\u00f3 afectaciones en el En Sonora en Equipo publicamos toda la informaci\u00f3n de Sonora, M\u00e9xico y el Mundo de manera oportuna y busca que la libertad de expresi\u00f3n sea real. Visita nuestro medio informativo publicado desde Hermosillo, Sonora. %\" \/>\n<meta name=\"robots\" content=\"index, follow, max-snippet:-1, max-image-preview:large, max-video-preview:-1\" \/>\n<link rel=\"canonical\" href=\"https:\/\/www.sonoraenequipo.com.mx\/afectan-apagones-distribucion-de-agua-en-colonias-de-hermosillo\/\" \/>\n<meta property=\"og:locale\" content=\"es_ES\" \/>\n<meta property=\"og:type\" content=\"article\" \/>\n<meta property=\"og:title\" content=\"Sonora en Equipo. Afectan apagones distribuci\u00f3n de agua en colonias de Hermosillo Municipios\" \/>\n<meta property=\"og:description\" content=\"HERMOSILLO, SONORA. MX. \u2014 La tormenta el\u00e9ctrica registrada durante la noche del s\u00e1bado 10 de julio en la capital sonorense provoc\u00f3 afectaciones en el En Sonora en Equipo publicamos toda la informaci\u00f3n de Sonora, M\u00e9xico y el Mundo de manera oportuna y busca que la libertad de expresi\u00f3n sea real. Visita nuestro medio informativo publicado desde Hermosillo, Sonora. %\" \/>\n<meta property=\"og:url\" content=\"https:\/\/www.sonoraenequipo.com.mx\/afectan-apagones-distribucion-de-agua-en-colonias-de-hermosillo\/\" \/>\n<meta property=\"og:site_name\" content=\"Sonora en Equipo.\" \/>\n<meta property=\"article:publisher\" content=\"https:\/\/www.facebook.com\/SonoraEE\/\" \/>\n<meta property=\"article:author\" content=\"https:\/\/www.facebook.com\/SonoraEE\" \/>\n<meta property=\"article:published_time\" content=\"2021-07-12T05:00:41+00:00\" \/>\n<meta property=\"article:modified_time\" content=\"2021-07-12T14:52:54+00:00\" \/>\n<meta property=\"og:image\" content=\"https:\/\/www.sonoraenequipo.com.mx\/storage\/2021\/07\/agua-hillo_opt.jpg\" \/>\n\t<meta property=\"og:image:width\" content=\"700\" \/>\n\t<meta property=\"og:image:height\" content=\"400\" \/>\n\t<meta property=\"og:image:type\" content=\"image\/jpeg\" \/>\n<meta name=\"author\" content=\"enequipo\" \/>\n<meta name=\"twitter:card\" content=\"summary_large_image\" \/>\n<meta name=\"twitter:creator\" content=\"@sonoraenequipo\" \/>\n<meta name=\"twitter:site\" content=\"@sonoraenequipo\" \/>\n<meta name=\"twitter:label1\" content=\"Escrito por\" \/>\n\t<meta name=\"twitter:data1\" content=\"enequipo\" \/>\n\t<meta name=\"twitter:label2\" content=\"Tiempo de lectura\" \/>\n\t<meta name=\"twitter:data2\" content=\"1 minuto\" \/>\n<script type=\"application\/ld+json\" class=\"yoast-schema-graph\">{\"@context\":\"https:\/\/schema.org\",\"@graph\":[{\"@type\":\"Article\",\"@id\":\"https:\/\/www.sonoraenequipo.com.mx\/afectan-apagones-distribucion-de-agua-en-colonias-de-hermosillo\/#article\",\"isPartOf\":{\"@id\":\"https:\/\/www.sonoraenequipo.com.mx\/afectan-apagones-distribucion-de-agua-en-colonias-de-hermosillo\/\"},\"author\":{\"name\":\"enequipo\",\"@id\":\"https:\/\/www.sonoraenequipo.com.mx\/#\/schema\/person\/50102df0fb23a8fa9e8effad8fa81386\"},\"headline\":\"Afectan apagones distribuci\u00f3n de agua en colonias de Hermosillo\",\"datePublished\":\"2021-07-12T05:00:41+00:00\",\"dateModified\":\"2021-07-12T14:52:54+00:00\",\"mainEntityOfPage\":{\"@id\":\"https:\/\/www.sonoraenequipo.com.mx\/afectan-apagones-distribucion-de-agua-en-colonias-de-hermosillo\/\"},\"wordCount\":246,\"commentCount\":0,\"publisher\":{\"@id\":\"https:\/\/www.sonoraenequipo.com.mx\/#organization\"},\"image\":{\"@id\":\"https:\/\/www.sonoraenequipo.com.mx\/afectan-apagones-distribucion-de-agua-en-colonias-de-hermosillo\/#primaryimage\"},\"thumbnailUrl\":\"https:\/\/www.sonoraenequipo.com.mx\/storage\/2021\/07\/agua-hillo_opt.jpg\",\"articleSection\":[\"Municipios\"],\"inLanguage\":\"es\",\"potentialAction\":[{\"@type\":\"CommentAction\",\"name\":\"Comment\",\"target\":[\"https:\/\/www.sonoraenequipo.com.mx\/afectan-apagones-distribucion-de-agua-en-colonias-de-hermosillo\/#respond\"]}]},{\"@type\":\"WebPage\",\"@id\":\"https:\/\/www.sonoraenequipo.com.mx\/afectan-apagones-distribucion-de-agua-en-colonias-de-hermosillo\/\",\"url\":\"https:\/\/www.sonoraenequipo.com.mx\/afectan-apagones-distribucion-de-agua-en-colonias-de-hermosillo\/\",\"name\":\"Sonora en Equipo. Afectan apagones distribuci\u00f3n de agua en colonias de Hermosillo Municipios\",\"isPartOf\":{\"@id\":\"https:\/\/www.sonoraenequipo.com.mx\/#website\"},\"primaryImageOfPage\":{\"@id\":\"https:\/\/www.sonoraenequipo.com.mx\/afectan-apagones-distribucion-de-agua-en-colonias-de-hermosillo\/#primaryimage\"},\"image\":{\"@id\":\"https:\/\/www.sonoraenequipo.com.mx\/afectan-apagones-distribucion-de-agua-en-colonias-de-hermosillo\/#primaryimage\"},\"thumbnailUrl\":\"https:\/\/www.sonoraenequipo.com.mx\/storage\/2021\/07\/agua-hillo_opt.jpg\",\"datePublished\":\"2021-07-12T05:00:41+00:00\",\"dateModified\":\"2021-07-12T14:52:54+00:00\",\"description\":\"HERMOSILLO, SONORA. MX. \u2014 La tormenta el\u00e9ctrica registrada durante la noche del s\u00e1bado 10 de julio en la capital sonorense provoc\u00f3 afectaciones en el En Sonora en Equipo publicamos toda la informaci\u00f3n de Sonora, M\u00e9xico y el Mundo de manera oportuna y busca que la libertad de expresi\u00f3n sea real. Visita nuestro medio informativo publicado desde Hermosillo, Sonora. %\",\"breadcrumb\":{\"@id\":\"https:\/\/www.sonoraenequipo.com.mx\/afectan-apagones-distribucion-de-agua-en-colonias-de-hermosillo\/#breadcrumb\"},\"inLanguage\":\"es\",\"potentialAction\":[{\"@type\":\"ReadAction\",\"target\":[\"https:\/\/www.sonoraenequipo.com.mx\/afectan-apagones-distribucion-de-agua-en-colonias-de-hermosillo\/\"]}]},{\"@type\":\"ImageObject\",\"inLanguage\":\"es\",\"@id\":\"https:\/\/www.sonoraenequipo.com.mx\/afectan-apagones-distribucion-de-agua-en-colonias-de-hermosillo\/#primaryimage\",\"url\":\"https:\/\/www.sonoraenequipo.com.mx\/storage\/2021\/07\/agua-hillo_opt.jpg\",\"contentUrl\":\"https:\/\/www.sonoraenequipo.com.mx\/storage\/2021\/07\/agua-hillo_opt.jpg\",\"width\":700,\"height\":400},{\"@type\":\"BreadcrumbList\",\"@id\":\"https:\/\/www.sonoraenequipo.com.mx\/afectan-apagones-distribucion-de-agua-en-colonias-de-hermosillo\/#breadcrumb\",\"itemListElement\":[{\"@type\":\"ListItem\",\"position\":1,\"name\":\"Portada\",\"item\":\"https:\/\/www.sonoraenequipo.com.mx\/\"},{\"@type\":\"ListItem\",\"position\":2,\"name\":\"Afectan apagones distribuci\u00f3n de agua en colonias de Hermosillo\"}]},{\"@type\":\"WebSite\",\"@id\":\"https:\/\/www.sonoraenequipo.com.mx\/#website\",\"url\":\"https:\/\/www.sonoraenequipo.com.mx\/\",\"name\":\"Sonora en Equipo.\",\"description\":\"Diario en l\u00ednea con Noticias desde Hermosillo, Sonora\",\"publisher\":{\"@id\":\"https:\/\/www.sonoraenequipo.com.mx\/#organization\"},\"potentialAction\":[{\"@type\":\"SearchAction\",\"target\":{\"@type\":\"EntryPoint\",\"urlTemplate\":\"https:\/\/www.sonoraenequipo.com.mx\/?s={search_term_string}\"},\"query-input\":{\"@type\":\"PropertyValueSpecification\",\"valueRequired\":true,\"valueName\":\"search_term_string\"}}],\"inLanguage\":\"es\"},{\"@type\":\"Organization\",\"@id\":\"https:\/\/www.sonoraenequipo.com.mx\/#organization\",\"name\":\"Sonoraenequipo.com.mx\",\"url\":\"https:\/\/www.sonoraenequipo.com.mx\/\",\"logo\":{\"@type\":\"ImageObject\",\"inLanguage\":\"es\",\"@id\":\"https:\/\/www.sonoraenequipo.com.mx\/#\/schema\/logo\/image\/\",\"url\":\"https:\/\/www.sonoraenequipo.com.mx\/storage\/2019\/01\/sonoraenequipo_opt.png\",\"contentUrl\":\"https:\/\/www.sonoraenequipo.com.mx\/storage\/2019\/01\/sonoraenequipo_opt.png\",\"width\":375,\"height\":125,\"caption\":\"Sonoraenequipo.com.mx\"},\"image\":{\"@id\":\"https:\/\/www.sonoraenequipo.com.mx\/#\/schema\/logo\/image\/\"},\"sameAs\":[\"https:\/\/www.facebook.com\/SonoraEE\/\",\"https:\/\/x.com\/sonoraenequipo\",\"https:\/\/www.youtube.com\/channel\/UC338nW-lPEYmJQs4ZABQ1SQ\"]},{\"@type\":\"Person\",\"@id\":\"https:\/\/www.sonoraenequipo.com.mx\/#\/schema\/person\/50102df0fb23a8fa9e8effad8fa81386\",\"name\":\"enequipo\",\"image\":{\"@type\":\"ImageObject\",\"inLanguage\":\"es\",\"@id\":\"https:\/\/www.sonoraenequipo.com.mx\/#\/schema\/person\/image\/\",\"url\":\"https:\/\/secure.gravatar.com\/avatar\/049821681b589dabc0bc20695993ccebb09f5b5d4d790cd9251b97faac7c652b?s=96&d=blank&r=g\",\"contentUrl\":\"https:\/\/secure.gravatar.com\/avatar\/049821681b589dabc0bc20695993ccebb09f5b5d4d790cd9251b97faac7c652b?s=96&d=blank&r=g\",\"caption\":\"enequipo\"},\"sameAs\":[\"https:\/\/www.facebook.com\/SonoraEE\"]}]}<\/script>\n ","yoast_head_json":{"title":"Sonora en Equipo. Afectan apagones distribuci\u00f3n de agua en colonias de Hermosillo Municipios","description":"HERMOSILLO, SONORA. MX. \u2014 La tormenta el\u00e9ctrica registrada durante la noche del s\u00e1bado 10 de julio en la capital sonorense provoc\u00f3 afectaciones en el En Sonora en Equipo publicamos toda la informaci\u00f3n de Sonora, M\u00e9xico y el Mundo de manera oportuna y busca que la libertad de expresi\u00f3n sea real. Visita nuestro medio informativo publicado desde Hermosillo, Sonora. %","robots":{"index":"index","follow":"follow","max-snippet":"max-snippet:-1","max-image-preview":"max-image-preview:large","max-video-preview":"max-video-preview:-1"},"canonical":"https:\/\/www.sonoraenequipo.com.mx\/afectan-apagones-distribucion-de-agua-en-colonias-de-hermosillo\/","og_locale":"es_ES","og_type":"article","og_title":"Sonora en Equipo. Afectan apagones distribuci\u00f3n de agua en colonias de Hermosillo Municipios","og_description":"HERMOSILLO, SONORA. MX. \u2014 La tormenta el\u00e9ctrica registrada durante la noche del s\u00e1bado 10 de julio en la capital sonorense provoc\u00f3 afectaciones en el En Sonora en Equipo publicamos toda la informaci\u00f3n de Sonora, M\u00e9xico y el Mundo de manera oportuna y busca que la libertad de expresi\u00f3n sea real. Visita nuestro medio informativo publicado desde Hermosillo, Sonora. %","og_url":"https:\/\/www.sonoraenequipo.com.mx\/afectan-apagones-distribucion-de-agua-en-colonias-de-hermosillo\/","og_site_name":"Sonora en Equipo.","article_publisher":"https:\/\/www.facebook.com\/SonoraEE\/","article_author":"https:\/\/www.facebook.com\/SonoraEE","article_published_time":"2021-07-12T05:00:41+00:00","article_modified_time":"2021-07-12T14:52:54+00:00","og_image":[{"width":700,"height":400,"url":"https:\/\/www.sonoraenequipo.com.mx\/storage\/2021\/07\/agua-hillo_opt.jpg","type":"image\/jpeg"}],"author":"enequipo","twitter_card":"summary_large_image","twitter_creator":"@sonoraenequipo","twitter_site":"@sonoraenequipo","twitter_misc":{"Escrito por":"enequipo","Tiempo de lectura":"1 minuto"},"schema":{"@context":"https:\/\/schema.org","@graph":[{"@type":"Article","@id":"https:\/\/www.sonoraenequipo.com.mx\/afectan-apagones-distribucion-de-agua-en-colonias-de-hermosillo\/#article","isPartOf":{"@id":"https:\/\/www.sonoraenequipo.com.mx\/afectan-apagones-distribucion-de-agua-en-colonias-de-hermosillo\/"},"author":{"name":"enequipo","@id":"https:\/\/www.sonoraenequipo.com.mx\/#\/schema\/person\/50102df0fb23a8fa9e8effad8fa81386"},"headline":"Afectan apagones distribuci\u00f3n de agua en colonias de Hermosillo","datePublished":"2021-07-12T05:00:41+00:00","dateModified":"2021-07-12T14:52:54+00:00","mainEntityOfPage":{"@id":"https:\/\/www.sonoraenequipo.com.mx\/afectan-apagones-distribucion-de-agua-en-colonias-de-hermosillo\/"},"wordCount":246,"commentCount":0,"publisher":{"@id":"https:\/\/www.sonoraenequipo.com.mx\/#organization"},"image":{"@id":"https:\/\/www.sonoraenequipo.com.mx\/afectan-apagones-distribucion-de-agua-en-colonias-de-hermosillo\/#primaryimage"},"thumbnailUrl":"https:\/\/www.sonoraenequipo.com.mx\/storage\/2021\/07\/agua-hillo_opt.jpg","articleSection":["Municipios"],"inLanguage":"es","potentialAction":[{"@type":"CommentAction","name":"Comment","target":["https:\/\/www.sonoraenequipo.com.mx\/afectan-apagones-distribucion-de-agua-en-colonias-de-hermosillo\/#respond"]}]},{"@type":"WebPage","@id":"https:\/\/www.sonoraenequipo.com.mx\/afectan-apagones-distribucion-de-agua-en-colonias-de-hermosillo\/","url":"https:\/\/www.sonoraenequipo.com.mx\/afectan-apagones-distribucion-de-agua-en-colonias-de-hermosillo\/","name":"Sonora en Equipo. Afectan apagones distribuci\u00f3n de agua en colonias de Hermosillo Municipios","isPartOf":{"@id":"https:\/\/www.sonoraenequipo.com.mx\/#website"},"primaryImageOfPage":{"@id":"https:\/\/www.sonoraenequipo.com.mx\/afectan-apagones-distribucion-de-agua-en-colonias-de-hermosillo\/#primaryimage"},"image":{"@id":"https:\/\/www.sonoraenequipo.com.mx\/afectan-apagones-distribucion-de-agua-en-colonias-de-hermosillo\/#primaryimage"},"thumbnailUrl":"https:\/\/www.sonoraenequipo.com.mx\/storage\/2021\/07\/agua-hillo_opt.jpg","datePublished":"2021-07-12T05:00:41+00:00","dateModified":"2021-07-12T14:52:54+00:00","description":"HERMOSILLO, SONORA. MX. \u2014 La tormenta el\u00e9ctrica registrada durante la noche del s\u00e1bado 10 de julio en la capital sonorense provoc\u00f3 afectaciones en el En Sonora en Equipo publicamos toda la informaci\u00f3n de Sonora, M\u00e9xico y el Mundo de manera oportuna y busca que la libertad de expresi\u00f3n sea real. Visita nuestro medio informativo publicado desde Hermosillo, Sonora. %","breadcrumb":{"@id":"https:\/\/www.sonoraenequipo.com.mx\/afectan-apagones-distribucion-de-agua-en-colonias-de-hermosillo\/#breadcrumb"},"inLanguage":"es","potentialAction":[{"@type":"ReadAction","target":["https:\/\/www.sonoraenequipo.com.mx\/afectan-apagones-distribucion-de-agua-en-colonias-de-hermosillo\/"]}]},{"@type":"ImageObject","inLanguage":"es","@id":"https:\/\/www.sonoraenequipo.com.mx\/afectan-apagones-distribucion-de-agua-en-colonias-de-hermosillo\/#primaryimage","url":"https:\/\/www.sonoraenequipo.com.mx\/storage\/2021\/07\/agua-hillo_opt.jpg","contentUrl":"https:\/\/www.sonoraenequipo.com.mx\/storage\/2021\/07\/agua-hillo_opt.jpg","width":700,"height":400},{"@type":"BreadcrumbList","@id":"https:\/\/www.sonoraenequipo.com.mx\/afectan-apagones-distribucion-de-agua-en-colonias-de-hermosillo\/#breadcrumb","itemListElement":[{"@type":"ListItem","position":1,"name":"Portada","item":"https:\/\/www.sonoraenequipo.com.mx\/"},{"@type":"ListItem","position":2,"name":"Afectan apagones distribuci\u00f3n de agua en colonias de Hermosillo"}]},{"@type":"WebSite","@id":"https:\/\/www.sonoraenequipo.com.mx\/#website","url":"https:\/\/www.sonoraenequipo.com.mx\/","name":"Sonora en Equipo.","description":"Diario en l\u00ednea con Noticias desde Hermosillo, Sonora","publisher":{"@id":"https:\/\/www.sonoraenequipo.com.mx\/#organization"},"potentialAction":[{"@type":"SearchAction","target":{"@type":"EntryPoint","urlTemplate":"https:\/\/www.sonoraenequipo.com.mx\/?s={search_term_string}"},"query-input":{"@type":"PropertyValueSpecification","valueRequired":true,"valueName":"search_term_string"}}],"inLanguage":"es"},{"@type":"Organization","@id":"https:\/\/www.sonoraenequipo.com.mx\/#organization","name":"Sonoraenequipo.com.mx","url":"https:\/\/www.sonoraenequipo.com.mx\/","logo":{"@type":"ImageObject","inLanguage":"es","@id":"https:\/\/www.sonoraenequipo.com.mx\/#\/schema\/logo\/image\/","url":"https:\/\/www.sonoraenequipo.com.mx\/storage\/2019\/01\/sonoraenequipo_opt.png","contentUrl":"https:\/\/www.sonoraenequipo.com.mx\/storage\/2019\/01\/sonoraenequipo_opt.png","width":375,"height":125,"caption":"Sonoraenequipo.com.mx"},"image":{"@id":"https:\/\/www.sonoraenequipo.com.mx\/#\/schema\/logo\/image\/"},"sameAs":["https:\/\/www.facebook.com\/SonoraEE\/","https:\/\/x.com\/sonoraenequipo","https:\/\/www.youtube.com\/channel\/UC338nW-lPEYmJQs4ZABQ1SQ"]},{"@type":"Person","@id":"https:\/\/www.sonoraenequipo.com.mx\/#\/schema\/person\/50102df0fb23a8fa9e8effad8fa81386","name":"enequipo","image":{"@type":"ImageObject","inLanguage":"es","@id":"https:\/\/www.sonoraenequipo.com.mx\/#\/schema\/person\/image\/","url":"https:\/\/secure.gravatar.com\/avatar\/049821681b589dabc0bc20695993ccebb09f5b5d4d790cd9251b97faac7c652b?s=96&d=blank&r=g","contentUrl":"https:\/\/secure.gravatar.com\/avatar\/049821681b589dabc0bc20695993ccebb09f5b5d4d790cd9251b97faac7c652b?s=96&d=blank&r=g","caption":"enequipo"},"sameAs":["https:\/\/www.facebook.com\/SonoraEE"]}]}},"jetpack_featured_media_url":"https:\/\/www.sonoraenequipo.com.mx\/storage\/2021\/07\/agua-hillo_opt.jpg","_links":{"self":[{"href":"https:\/\/www.sonoraenequipo.com.mx\/api\/wp\/v2\/posts\/118227","targetHints":{"allow":["GET"]}}],"collection":[{"href":"https:\/\/www.sonoraenequipo.com.mx\/api\/wp\/v2\/posts"}],"about":[{"href":"https:\/\/www.sonoraenequipo.com.mx\/api\/wp\/v2\/types\/post"}],"author":[{"embeddable":true,"href":"https:\/\/www.sonoraenequipo.com.mx\/api\/wp\/v2\/users\/1"}],"replies":[{"embeddable":true,"href":"https:\/\/www.sonoraenequipo.com.mx\/api\/wp\/v2\/comments?post=118227"}],"version-history":[{"count":1,"href":"https:\/\/www.sonoraenequipo.com.mx\/api\/wp\/v2\/posts\/118227\/revisions"}],"predecessor-version":[{"id":118233,"href":"https:\/\/www.sonoraenequipo.com.mx\/api\/wp\/v2\/posts\/118227\/revisions\/118233"}],"wp:featuredmedia":[{"embeddable":true,"href":"https:\/\/www.sonoraenequipo.com.mx\/api\/wp\/v2\/media\/118232"}],"wp:attachment":[{"href":"https:\/\/www.sonoraenequipo.com.mx\/api\/wp\/v2\/media?parent=118227"}],"wp:term":[{"taxonomy":"category","embeddable":true,"href":"https:\/\/www.sonoraenequipo.com.mx\/api\/wp\/v2\/categories?post=118227"},{"taxonomy":"post_tag","embeddable":true,"href":"https:\/\/www.sonoraenequipo.com.mx\/api\/wp\/v2\/tags?post=118227"}],"curies":[{"name":"wp","href":"https:\/\/api.w.org\/{rel}","templated":true}]}}