{"id":118238,"date":"2021-07-11T20:30:13","date_gmt":"2021-07-12T03:30:13","guid":{"rendered":"https:\/\/www.sonoraenequipo.com.mx\/?p=118238"},"modified":"2021-07-12T08:02:45","modified_gmt":"2021-07-12T15:02:45","slug":"apoya-alcalde-trabajos-para-reformas-constitucionales-a-favor-de-las-comunidades-indigenas","status":"publish","type":"post","link":"https:\/\/www.sonoraenequipo.com.mx\/apoya-alcalde-trabajos-para-reformas-constitucionales-a-favor-de-las-comunidades-indigenas\/","title":{"rendered":"Apoya Alcalde trabajos para reformas constitucionales a favor de las comunidades ind\u00edgenas."},"content":{"rendered":"<p>HERMOSILLO, SONORA. MX. \u2014 Invitado por el Instituto Nacional para los Pueblos Ind\u00edgenas (INPI) en Sonora, el alcalde de Hermosillo, Ferm\u00edn Gonz\u00e1lez Gaxiola, atestigu\u00f3 el seguimiento de los acuerdos para la reforma constitucional sobre los derechos de los pueblos ind\u00edgenas en la localidad.<\/p>\n<p>&nbsp;<\/p>\n<p> <\/p>\n<p><em>\u201cReconozco a esta como una oportunidad de oro para conocer de primera mano el texto \u00edntegro de esta iniciativa que fue resultado de mucho trabajo y ejercicios de consulta previos en 2019 y 2020\u201d,<\/em> extern\u00f3 el mun\u00edcipe capitalino ante representantes de grupos \u00e9tnicos de todo Sonora, legisladores federales y personal de instituciones que desde distintos \u00e1mbitos trabaja por el bienestar de las comunidades.<\/p>\n<p>&nbsp;<\/p>\n<p><em>\u201cSin duda, las consultas efectuadas son una buena base para el \u00e9xito y trascendencia de las reformas constitucionales que se promueven, con miras a una relaci\u00f3n de respeto y coordinaci\u00f3n del estado mexicano con los pueblos ind\u00edgenas\u201d,<\/em> expres\u00f3.<\/p>\n<p>&nbsp;<\/p>\n<p>Gonz\u00e1lez Gaxiola acudi\u00f3 a la asamblea de informaci\u00f3n y seguimiento que tuvo lugar en Hermosillo, en la que se socializaron los t\u00e9rminos de una propuesta de reformas constitucionales. En el mismo tenor se celebraron eventos en T\u00f3rim y Etchojoa, con participaci\u00f3n de miembros de las etnias Yaqui, Mayo y Guarij\u00edo.<\/p>\n<p>&nbsp;<\/p>\n<p>Los asistentes recibieron una explicaci\u00f3n del proceso para traducir lo expresado durante los ejercicios de consulta celebrados en 2019 y 2020 a los t\u00e9rminos jur\u00eddicos propios de una iniciativa, as\u00ed como la ruta que la propuesta deber\u00e1 tener en la C\u00e1mara de Diputados y el Senado de la Rep\u00fablica.<\/p>\n<p>&nbsp;<\/p>\n<p>&nbsp;<\/p>\n<p>(Publicada el 11\/07\/2021)<\/p>\n","protected":false},"excerpt":{"rendered":"<p>HERMOSILLO, SONORA. MX. \u2014 Invitado por el Instituto Nacional para los Pueblos Ind\u00edgenas (INPI) en&#8230;<\/p>\n","protected":false},"author":1,"featured_media":118229,"comment_status":"open","ping_status":"open","sticky":false,"template":"","format":"standard","meta":{"_monsterinsights_skip_tracking":false,"_monsterinsights_sitenote_active":false,"_monsterinsights_sitenote_note":"","_monsterinsights_sitenote_category":0,"footnotes":""},"categories":[4],"tags":[],"class_list":["post"],"yoast_head":" \n<title>Sonora en Equipo. Apoya Alcalde trabajos para reformas constitucionales a favor de las comunidades ind\u00edgenas. Municipios<\/title>\n<meta name=\"description\" content=\"HERMOSILLO, SONORA. MX. \u2014 Invitado por el Instituto Nacional para los Pueblos Ind\u00edgenas (INPI) en Sonora, el alcalde de Hermosillo, Ferm\u00edn Gonz\u00e1lez En Sonora en Equipo publicamos toda la informaci\u00f3n de Sonora, M\u00e9xico y el Mundo de manera oportuna y busca que la libertad de expresi\u00f3n sea real. Visita nuestro medio informativo publicado desde Hermosillo, Sonora. %\" \/>\n<meta name=\"robots\" content=\"index, follow, max-snippet:-1, max-image-preview:large, max-video-preview:-1\" \/>\n<link rel=\"canonical\" href=\"https:\/\/www.sonoraenequipo.com.mx\/apoya-alcalde-trabajos-para-reformas-constitucionales-a-favor-de-las-comunidades-indigenas\/\" \/>\n<meta property=\"og:locale\" content=\"es_ES\" \/>\n<meta property=\"og:type\" content=\"article\" \/>\n<meta property=\"og:title\" content=\"Sonora en Equipo. Apoya Alcalde trabajos para reformas constitucionales a favor de las comunidades ind\u00edgenas. Municipios\" \/>\n<meta property=\"og:description\" content=\"HERMOSILLO, SONORA. MX. \u2014 Invitado por el Instituto Nacional para los Pueblos Ind\u00edgenas (INPI) en Sonora, el alcalde de Hermosillo, Ferm\u00edn Gonz\u00e1lez En Sonora en Equipo publicamos toda la informaci\u00f3n de Sonora, M\u00e9xico y el Mundo de manera oportuna y busca que la libertad de expresi\u00f3n sea real. Visita nuestro medio informativo publicado desde Hermosillo, Sonora. %\" \/>\n<meta property=\"og:url\" content=\"https:\/\/www.sonoraenequipo.com.mx\/apoya-alcalde-trabajos-para-reformas-constitucionales-a-favor-de-las-comunidades-indigenas\/\" \/>\n<meta property=\"og:site_name\" content=\"Sonora en Equipo.\" \/>\n<meta property=\"article:publisher\" content=\"https:\/\/www.facebook.com\/SonoraEE\/\" \/>\n<meta property=\"article:author\" content=\"https:\/\/www.facebook.com\/SonoraEE\" \/>\n<meta property=\"article:published_time\" content=\"2021-07-12T03:30:13+00:00\" \/>\n<meta property=\"article:modified_time\" content=\"2021-07-12T15:02:45+00:00\" \/>\n<meta property=\"og:image\" content=\"https:\/\/www.sonoraenequipo.com.mx\/storage\/2021\/07\/reformas-a-favor-de-indigenas-3_opt.jpg\" \/>\n\t<meta property=\"og:image:width\" content=\"700\" \/>\n\t<meta property=\"og:image:height\" content=\"400\" \/>\n\t<meta property=\"og:image:type\" content=\"image\/jpeg\" \/>\n<meta name=\"author\" content=\"enequipo\" \/>\n<meta name=\"twitter:card\" content=\"summary_large_image\" \/>\n<meta name=\"twitter:creator\" content=\"@sonoraenequipo\" \/>\n<meta name=\"twitter:site\" content=\"@sonoraenequipo\" \/>\n<meta name=\"twitter:label1\" content=\"Escrito por\" \/>\n\t<meta name=\"twitter:data1\" content=\"enequipo\" \/>\n\t<meta name=\"twitter:label2\" content=\"Tiempo de lectura\" \/>\n\t<meta name=\"twitter:data2\" content=\"2 minutos\" \/>\n<script type=\"application\/ld+json\" class=\"yoast-schema-graph\">{\"@context\":\"https:\/\/schema.org\",\"@graph\":[{\"@type\":\"Article\",\"@id\":\"https:\/\/www.sonoraenequipo.com.mx\/apoya-alcalde-trabajos-para-reformas-constitucionales-a-favor-de-las-comunidades-indigenas\/#article\",\"isPartOf\":{\"@id\":\"https:\/\/www.sonoraenequipo.com.mx\/apoya-alcalde-trabajos-para-reformas-constitucionales-a-favor-de-las-comunidades-indigenas\/\"},\"author\":{\"name\":\"enequipo\",\"@id\":\"https:\/\/www.sonoraenequipo.com.mx\/#\/schema\/person\/50102df0fb23a8fa9e8effad8fa81386\"},\"headline\":\"Apoya Alcalde trabajos para reformas constitucionales a favor de las comunidades ind\u00edgenas.\",\"datePublished\":\"2021-07-12T03:30:13+00:00\",\"dateModified\":\"2021-07-12T15:02:45+00:00\",\"mainEntityOfPage\":{\"@id\":\"https:\/\/www.sonoraenequipo.com.mx\/apoya-alcalde-trabajos-para-reformas-constitucionales-a-favor-de-las-comunidades-indigenas\/\"},\"wordCount\":278,\"commentCount\":0,\"publisher\":{\"@id\":\"https:\/\/www.sonoraenequipo.com.mx\/#organization\"},\"image\":{\"@id\":\"https:\/\/www.sonoraenequipo.com.mx\/apoya-alcalde-trabajos-para-reformas-constitucionales-a-favor-de-las-comunidades-indigenas\/#primaryimage\"},\"thumbnailUrl\":\"https:\/\/www.sonoraenequipo.com.mx\/storage\/2021\/07\/reformas-a-favor-de-indigenas-3_opt.jpg\",\"articleSection\":[\"Municipios\"],\"inLanguage\":\"es\",\"potentialAction\":[{\"@type\":\"CommentAction\",\"name\":\"Comment\",\"target\":[\"https:\/\/www.sonoraenequipo.com.mx\/apoya-alcalde-trabajos-para-reformas-constitucionales-a-favor-de-las-comunidades-indigenas\/#respond\"]}]},{\"@type\":\"WebPage\",\"@id\":\"https:\/\/www.sonoraenequipo.com.mx\/apoya-alcalde-trabajos-para-reformas-constitucionales-a-favor-de-las-comunidades-indigenas\/\",\"url\":\"https:\/\/www.sonoraenequipo.com.mx\/apoya-alcalde-trabajos-para-reformas-constitucionales-a-favor-de-las-comunidades-indigenas\/\",\"name\":\"Sonora en Equipo. Apoya Alcalde trabajos para reformas constitucionales a favor de las comunidades ind\u00edgenas. Municipios\",\"isPartOf\":{\"@id\":\"https:\/\/www.sonoraenequipo.com.mx\/#website\"},\"primaryImageOfPage\":{\"@id\":\"https:\/\/www.sonoraenequipo.com.mx\/apoya-alcalde-trabajos-para-reformas-constitucionales-a-favor-de-las-comunidades-indigenas\/#primaryimage\"},\"image\":{\"@id\":\"https:\/\/www.sonoraenequipo.com.mx\/apoya-alcalde-trabajos-para-reformas-constitucionales-a-favor-de-las-comunidades-indigenas\/#primaryimage\"},\"thumbnailUrl\":\"https:\/\/www.sonoraenequipo.com.mx\/storage\/2021\/07\/reformas-a-favor-de-indigenas-3_opt.jpg\",\"datePublished\":\"2021-07-12T03:30:13+00:00\",\"dateModified\":\"2021-07-12T15:02:45+00:00\",\"description\":\"HERMOSILLO, SONORA. MX. \u2014 Invitado por el Instituto Nacional para los Pueblos Ind\u00edgenas (INPI) en Sonora, el alcalde de Hermosillo, Ferm\u00edn Gonz\u00e1lez En Sonora en Equipo publicamos toda la informaci\u00f3n de Sonora, M\u00e9xico y el Mundo de manera oportuna y busca que la libertad de expresi\u00f3n sea real. Visita nuestro medio informativo publicado desde Hermosillo, Sonora. %\",\"breadcrumb\":{\"@id\":\"https:\/\/www.sonoraenequipo.com.mx\/apoya-alcalde-trabajos-para-reformas-constitucionales-a-favor-de-las-comunidades-indigenas\/#breadcrumb\"},\"inLanguage\":\"es\",\"potentialAction\":[{\"@type\":\"ReadAction\",\"target\":[\"https:\/\/www.sonoraenequipo.com.mx\/apoya-alcalde-trabajos-para-reformas-constitucionales-a-favor-de-las-comunidades-indigenas\/\"]}]},{\"@type\":\"ImageObject\",\"inLanguage\":\"es\",\"@id\":\"https:\/\/www.sonoraenequipo.com.mx\/apoya-alcalde-trabajos-para-reformas-constitucionales-a-favor-de-las-comunidades-indigenas\/#primaryimage\",\"url\":\"https:\/\/www.sonoraenequipo.com.mx\/storage\/2021\/07\/reformas-a-favor-de-indigenas-3_opt.jpg\",\"contentUrl\":\"https:\/\/www.sonoraenequipo.com.mx\/storage\/2021\/07\/reformas-a-favor-de-indigenas-3_opt.jpg\",\"width\":700,\"height\":400},{\"@type\":\"BreadcrumbList\",\"@id\":\"https:\/\/www.sonoraenequipo.com.mx\/apoya-alcalde-trabajos-para-reformas-constitucionales-a-favor-de-las-comunidades-indigenas\/#breadcrumb\",\"itemListElement\":[{\"@type\":\"ListItem\",\"position\":1,\"name\":\"Portada\",\"item\":\"https:\/\/www.sonoraenequipo.com.mx\/\"},{\"@type\":\"ListItem\",\"position\":2,\"name\":\"Apoya Alcalde trabajos para reformas constitucionales a favor de las comunidades ind\u00edgenas.\"}]},{\"@type\":\"WebSite\",\"@id\":\"https:\/\/www.sonoraenequipo.com.mx\/#website\",\"url\":\"https:\/\/www.sonoraenequipo.com.mx\/\",\"name\":\"Sonora en Equipo.\",\"description\":\"Diario en l\u00ednea con Noticias desde Hermosillo, Sonora\",\"publisher\":{\"@id\":\"https:\/\/www.sonoraenequipo.com.mx\/#organization\"},\"potentialAction\":[{\"@type\":\"SearchAction\",\"target\":{\"@type\":\"EntryPoint\",\"urlTemplate\":\"https:\/\/www.sonoraenequipo.com.mx\/?s={search_term_string}\"},\"query-input\":{\"@type\":\"PropertyValueSpecification\",\"valueRequired\":true,\"valueName\":\"search_term_string\"}}],\"inLanguage\":\"es\"},{\"@type\":\"Organization\",\"@id\":\"https:\/\/www.sonoraenequipo.com.mx\/#organization\",\"name\":\"Sonoraenequipo.com.mx\",\"url\":\"https:\/\/www.sonoraenequipo.com.mx\/\",\"logo\":{\"@type\":\"ImageObject\",\"inLanguage\":\"es\",\"@id\":\"https:\/\/www.sonoraenequipo.com.mx\/#\/schema\/logo\/image\/\",\"url\":\"https:\/\/www.sonoraenequipo.com.mx\/storage\/2019\/01\/sonoraenequipo_opt.png\",\"contentUrl\":\"https:\/\/www.sonoraenequipo.com.mx\/storage\/2019\/01\/sonoraenequipo_opt.png\",\"width\":375,\"height\":125,\"caption\":\"Sonoraenequipo.com.mx\"},\"image\":{\"@id\":\"https:\/\/www.sonoraenequipo.com.mx\/#\/schema\/logo\/image\/\"},\"sameAs\":[\"https:\/\/www.facebook.com\/SonoraEE\/\",\"https:\/\/x.com\/sonoraenequipo\",\"https:\/\/www.youtube.com\/channel\/UC338nW-lPEYmJQs4ZABQ1SQ\"]},{\"@type\":\"Person\",\"@id\":\"https:\/\/www.sonoraenequipo.com.mx\/#\/schema\/person\/50102df0fb23a8fa9e8effad8fa81386\",\"name\":\"enequipo\",\"image\":{\"@type\":\"ImageObject\",\"inLanguage\":\"es\",\"@id\":\"https:\/\/www.sonoraenequipo.com.mx\/#\/schema\/person\/image\/\",\"url\":\"https:\/\/secure.gravatar.com\/avatar\/049821681b589dabc0bc20695993ccebb09f5b5d4d790cd9251b97faac7c652b?s=96&d=blank&r=g\",\"contentUrl\":\"https:\/\/secure.gravatar.com\/avatar\/049821681b589dabc0bc20695993ccebb09f5b5d4d790cd9251b97faac7c652b?s=96&d=blank&r=g\",\"caption\":\"enequipo\"},\"sameAs\":[\"https:\/\/www.facebook.com\/SonoraEE\"]}]}<\/script>\n ","yoast_head_json":{"title":"Sonora en Equipo. Apoya Alcalde trabajos para reformas constitucionales a favor de las comunidades ind\u00edgenas. Municipios","description":"HERMOSILLO, SONORA. MX. \u2014 Invitado por el Instituto Nacional para los Pueblos Ind\u00edgenas (INPI) en Sonora, el alcalde de Hermosillo, Ferm\u00edn Gonz\u00e1lez En Sonora en Equipo publicamos toda la informaci\u00f3n de Sonora, M\u00e9xico y el Mundo de manera oportuna y busca que la libertad de expresi\u00f3n sea real. Visita nuestro medio informativo publicado desde Hermosillo, Sonora. %","robots":{"index":"index","follow":"follow","max-snippet":"max-snippet:-1","max-image-preview":"max-image-preview:large","max-video-preview":"max-video-preview:-1"},"canonical":"https:\/\/www.sonoraenequipo.com.mx\/apoya-alcalde-trabajos-para-reformas-constitucionales-a-favor-de-las-comunidades-indigenas\/","og_locale":"es_ES","og_type":"article","og_title":"Sonora en Equipo. Apoya Alcalde trabajos para reformas constitucionales a favor de las comunidades ind\u00edgenas. Municipios","og_description":"HERMOSILLO, SONORA. MX. \u2014 Invitado por el Instituto Nacional para los Pueblos Ind\u00edgenas (INPI) en Sonora, el alcalde de Hermosillo, Ferm\u00edn Gonz\u00e1lez En Sonora en Equipo publicamos toda la informaci\u00f3n de Sonora, M\u00e9xico y el Mundo de manera oportuna y busca que la libertad de expresi\u00f3n sea real. Visita nuestro medio informativo publicado desde Hermosillo, Sonora. %","og_url":"https:\/\/www.sonoraenequipo.com.mx\/apoya-alcalde-trabajos-para-reformas-constitucionales-a-favor-de-las-comunidades-indigenas\/","og_site_name":"Sonora en Equipo.","article_publisher":"https:\/\/www.facebook.com\/SonoraEE\/","article_author":"https:\/\/www.facebook.com\/SonoraEE","article_published_time":"2021-07-12T03:30:13+00:00","article_modified_time":"2021-07-12T15:02:45+00:00","og_image":[{"width":700,"height":400,"url":"https:\/\/www.sonoraenequipo.com.mx\/storage\/2021\/07\/reformas-a-favor-de-indigenas-3_opt.jpg","type":"image\/jpeg"}],"author":"enequipo","twitter_card":"summary_large_image","twitter_creator":"@sonoraenequipo","twitter_site":"@sonoraenequipo","twitter_misc":{"Escrito por":"enequipo","Tiempo de lectura":"2 minutos"},"schema":{"@context":"https:\/\/schema.org","@graph":[{"@type":"Article","@id":"https:\/\/www.sonoraenequipo.com.mx\/apoya-alcalde-trabajos-para-reformas-constitucionales-a-favor-de-las-comunidades-indigenas\/#article","isPartOf":{"@id":"https:\/\/www.sonoraenequipo.com.mx\/apoya-alcalde-trabajos-para-reformas-constitucionales-a-favor-de-las-comunidades-indigenas\/"},"author":{"name":"enequipo","@id":"https:\/\/www.sonoraenequipo.com.mx\/#\/schema\/person\/50102df0fb23a8fa9e8effad8fa81386"},"headline":"Apoya Alcalde trabajos para reformas constitucionales a favor de las comunidades ind\u00edgenas.","datePublished":"2021-07-12T03:30:13+00:00","dateModified":"2021-07-12T15:02:45+00:00","mainEntityOfPage":{"@id":"https:\/\/www.sonoraenequipo.com.mx\/apoya-alcalde-trabajos-para-reformas-constitucionales-a-favor-de-las-comunidades-indigenas\/"},"wordCount":278,"commentCount":0,"publisher":{"@id":"https:\/\/www.sonoraenequipo.com.mx\/#organization"},"image":{"@id":"https:\/\/www.sonoraenequipo.com.mx\/apoya-alcalde-trabajos-para-reformas-constitucionales-a-favor-de-las-comunidades-indigenas\/#primaryimage"},"thumbnailUrl":"https:\/\/www.sonoraenequipo.com.mx\/storage\/2021\/07\/reformas-a-favor-de-indigenas-3_opt.jpg","articleSection":["Municipios"],"inLanguage":"es","potentialAction":[{"@type":"CommentAction","name":"Comment","target":["https:\/\/www.sonoraenequipo.com.mx\/apoya-alcalde-trabajos-para-reformas-constitucionales-a-favor-de-las-comunidades-indigenas\/#respond"]}]},{"@type":"WebPage","@id":"https:\/\/www.sonoraenequipo.com.mx\/apoya-alcalde-trabajos-para-reformas-constitucionales-a-favor-de-las-comunidades-indigenas\/","url":"https:\/\/www.sonoraenequipo.com.mx\/apoya-alcalde-trabajos-para-reformas-constitucionales-a-favor-de-las-comunidades-indigenas\/","name":"Sonora en Equipo. Apoya Alcalde trabajos para reformas constitucionales a favor de las comunidades ind\u00edgenas. Municipios","isPartOf":{"@id":"https:\/\/www.sonoraenequipo.com.mx\/#website"},"primaryImageOfPage":{"@id":"https:\/\/www.sonoraenequipo.com.mx\/apoya-alcalde-trabajos-para-reformas-constitucionales-a-favor-de-las-comunidades-indigenas\/#primaryimage"},"image":{"@id":"https:\/\/www.sonoraenequipo.com.mx\/apoya-alcalde-trabajos-para-reformas-constitucionales-a-favor-de-las-comunidades-indigenas\/#primaryimage"},"thumbnailUrl":"https:\/\/www.sonoraenequipo.com.mx\/storage\/2021\/07\/reformas-a-favor-de-indigenas-3_opt.jpg","datePublished":"2021-07-12T03:30:13+00:00","dateModified":"2021-07-12T15:02:45+00:00","description":"HERMOSILLO, SONORA. MX. \u2014 Invitado por el Instituto Nacional para los Pueblos Ind\u00edgenas (INPI) en Sonora, el alcalde de Hermosillo, Ferm\u00edn Gonz\u00e1lez En Sonora en Equipo publicamos toda la informaci\u00f3n de Sonora, M\u00e9xico y el Mundo de manera oportuna y busca que la libertad de expresi\u00f3n sea real. Visita nuestro medio informativo publicado desde Hermosillo, Sonora. %","breadcrumb":{"@id":"https:\/\/www.sonoraenequipo.com.mx\/apoya-alcalde-trabajos-para-reformas-constitucionales-a-favor-de-las-comunidades-indigenas\/#breadcrumb"},"inLanguage":"es","potentialAction":[{"@type":"ReadAction","target":["https:\/\/www.sonoraenequipo.com.mx\/apoya-alcalde-trabajos-para-reformas-constitucionales-a-favor-de-las-comunidades-indigenas\/"]}]},{"@type":"ImageObject","inLanguage":"es","@id":"https:\/\/www.sonoraenequipo.com.mx\/apoya-alcalde-trabajos-para-reformas-constitucionales-a-favor-de-las-comunidades-indigenas\/#primaryimage","url":"https:\/\/www.sonoraenequipo.com.mx\/storage\/2021\/07\/reformas-a-favor-de-indigenas-3_opt.jpg","contentUrl":"https:\/\/www.sonoraenequipo.com.mx\/storage\/2021\/07\/reformas-a-favor-de-indigenas-3_opt.jpg","width":700,"height":400},{"@type":"BreadcrumbList","@id":"https:\/\/www.sonoraenequipo.com.mx\/apoya-alcalde-trabajos-para-reformas-constitucionales-a-favor-de-las-comunidades-indigenas\/#breadcrumb","itemListElement":[{"@type":"ListItem","position":1,"name":"Portada","item":"https:\/\/www.sonoraenequipo.com.mx\/"},{"@type":"ListItem","position":2,"name":"Apoya Alcalde trabajos para reformas constitucionales a favor de las comunidades ind\u00edgenas."}]},{"@type":"WebSite","@id":"https:\/\/www.sonoraenequipo.com.mx\/#website","url":"https:\/\/www.sonoraenequipo.com.mx\/","name":"Sonora en Equipo.","description":"Diario en l\u00ednea con Noticias desde Hermosillo, Sonora","publisher":{"@id":"https:\/\/www.sonoraenequipo.com.mx\/#organization"},"potentialAction":[{"@type":"SearchAction","target":{"@type":"EntryPoint","urlTemplate":"https:\/\/www.sonoraenequipo.com.mx\/?s={search_term_string}"},"query-input":{"@type":"PropertyValueSpecification","valueRequired":true,"valueName":"search_term_string"}}],"inLanguage":"es"},{"@type":"Organization","@id":"https:\/\/www.sonoraenequipo.com.mx\/#organization","name":"Sonoraenequipo.com.mx","url":"https:\/\/www.sonoraenequipo.com.mx\/","logo":{"@type":"ImageObject","inLanguage":"es","@id":"https:\/\/www.sonoraenequipo.com.mx\/#\/schema\/logo\/image\/","url":"https:\/\/www.sonoraenequipo.com.mx\/storage\/2019\/01\/sonoraenequipo_opt.png","contentUrl":"https:\/\/www.sonoraenequipo.com.mx\/storage\/2019\/01\/sonoraenequipo_opt.png","width":375,"height":125,"caption":"Sonoraenequipo.com.mx"},"image":{"@id":"https:\/\/www.sonoraenequipo.com.mx\/#\/schema\/logo\/image\/"},"sameAs":["https:\/\/www.facebook.com\/SonoraEE\/","https:\/\/x.com\/sonoraenequipo","https:\/\/www.youtube.com\/channel\/UC338nW-lPEYmJQs4ZABQ1SQ"]},{"@type":"Person","@id":"https:\/\/www.sonoraenequipo.com.mx\/#\/schema\/person\/50102df0fb23a8fa9e8effad8fa81386","name":"enequipo","image":{"@type":"ImageObject","inLanguage":"es","@id":"https:\/\/www.sonoraenequipo.com.mx\/#\/schema\/person\/image\/","url":"https:\/\/secure.gravatar.com\/avatar\/049821681b589dabc0bc20695993ccebb09f5b5d4d790cd9251b97faac7c652b?s=96&d=blank&r=g","contentUrl":"https:\/\/secure.gravatar.com\/avatar\/049821681b589dabc0bc20695993ccebb09f5b5d4d790cd9251b97faac7c652b?s=96&d=blank&r=g","caption":"enequipo"},"sameAs":["https:\/\/www.facebook.com\/SonoraEE"]}]}},"jetpack_featured_media_url":"https:\/\/www.sonoraenequipo.com.mx\/storage\/2021\/07\/reformas-a-favor-de-indigenas-3_opt.jpg","_links":{"self":[{"href":"https:\/\/www.sonoraenequipo.com.mx\/api\/wp\/v2\/posts\/118238","targetHints":{"allow":["GET"]}}],"collection":[{"href":"https:\/\/www.sonoraenequipo.com.mx\/api\/wp\/v2\/posts"}],"about":[{"href":"https:\/\/www.sonoraenequipo.com.mx\/api\/wp\/v2\/types\/post"}],"author":[{"embeddable":true,"href":"https:\/\/www.sonoraenequipo.com.mx\/api\/wp\/v2\/users\/1"}],"replies":[{"embeddable":true,"href":"https:\/\/www.sonoraenequipo.com.mx\/api\/wp\/v2\/comments?post=118238"}],"version-history":[{"count":1,"href":"https:\/\/www.sonoraenequipo.com.mx\/api\/wp\/v2\/posts\/118238\/revisions"}],"predecessor-version":[{"id":118239,"href":"https:\/\/www.sonoraenequipo.com.mx\/api\/wp\/v2\/posts\/118238\/revisions\/118239"}],"wp:featuredmedia":[{"embeddable":true,"href":"https:\/\/www.sonoraenequipo.com.mx\/api\/wp\/v2\/media\/118229"}],"wp:attachment":[{"href":"https:\/\/www.sonoraenequipo.com.mx\/api\/wp\/v2\/media?parent=118238"}],"wp:term":[{"taxonomy":"category","embeddable":true,"href":"https:\/\/www.sonoraenequipo.com.mx\/api\/wp\/v2\/categories?post=118238"},{"taxonomy":"post_tag","embeddable":true,"href":"https:\/\/www.sonoraenequipo.com.mx\/api\/wp\/v2\/tags?post=118238"}],"curies":[{"name":"wp","href":"https:\/\/api.w.org\/{rel}","templated":true}]}}