{"id":118240,"date":"2021-07-12T07:02:58","date_gmt":"2021-07-12T14:02:58","guid":{"rendered":"https:\/\/www.sonoraenequipo.com.mx\/?p=118240"},"modified":"2021-07-12T08:11:09","modified_gmt":"2021-07-12T15:11:09","slug":"presidente-de-mexico-ofrece-ayuda-humanitaria-a-cuba-y-pidio-la-resolucion-pacifica-de-la-crisis","status":"publish","type":"post","link":"https:\/\/www.sonoraenequipo.com.mx\/presidente-de-mexico-ofrece-ayuda-humanitaria-a-cuba-y-pidio-la-resolucion-pacifica-de-la-crisis\/","title":{"rendered":"Presidente de M\u00e9xico ofrece ayuda humanitaria a Cuba y pidi\u00f3 la resoluci\u00f3n pac\u00edfica de la crisis"},"content":{"rendered":"<p>CIUDAD DE M\u00c9XICO. MX. \u2014 El presidente de M\u00e9xico, Andr\u00e9s Manuel L\u00f3pez Obrador, se pronunci\u00f3 este lunes en su tradicional conferencia de prensa desde Palacio Nacional en la Ciudad de M\u00e9xico, sobre las protestas del fin de semana en Cuba contra la dictadura, en medio de una severa crisis sanitaria.<\/p>\n<p>&nbsp;<\/p>\n<p> <\/p>\n<p>&nbsp;<\/p>\n<p>El mandatario mexicano evit\u00f3 pronunciarse sobre el llamado de Miguel D\u00edaz-Canel para que los partidarios del r\u00e9gimen salieran a las calles, adem\u00e1s de las m\u00faltiples denuncias de represi\u00f3n.<em> \u201cEs un asunto interno\u201d<\/em>, dijo.<\/p>\n<p>&nbsp;<\/p>\n<p>&nbsp;<\/p>\n<p>AMLO, como se le conoce en M\u00e9xico al presidente, pidi\u00f3 evitar el intervencionismo y critic\u00f3 la <em>\u201cinusual\u201d<\/em> cobertura internacional de las protestas contra la dictadura.<\/p>\n<p>&nbsp;<\/p>\n<p>&nbsp;<\/p>\n<p><em>\u201cQuiero expresar mi solidaridad con el pueblo cubano. Creo que debe buscarse una salida mediante el di\u00e1logo sin el uso de la fuerza, sin la confrontaci\u00f3n, sin la violencia. Y tienen que ser los cubanos los que decidan, porque Cuba es un pa\u00eds libre, independiente y soberano\u201d,<\/em> expres\u00f3.<\/p>\n<p>&nbsp;<\/p>\n<p>&nbsp;<\/p>\n<p><em>\u201cNo debe haber intervencionismo. No debe utilizarse la situaci\u00f3n de salud del pueblo de Cuba con fines pol\u00edticos. Eso debe quedar de lado. Nada de politizaci\u00f3n, de campa\u00f1as medi\u00e1ticas, que ya se est\u00e1n dando a nivel mundial\u201d,<\/em> agreg\u00f3.<\/p>\n<p>&nbsp;<\/p>\n<p>&nbsp;<\/p>\n<p>El presidente mexicano acus\u00f3 a la organizaci\u00f3n Art\u00edculo 19 de difundir una imagen falsa en Twitter de las protestas que el domingo generaron gestos de solidaridad internacional y del exilio cubano en Estados Unidos.<\/p>\n<p>&nbsp;<\/p>\n<p><em>\u201cLlama la atenci\u00f3n que ha habido un despliegue informativo inusual, desde luego promovido por quienes no est\u00e1n de acuerdo con las pol\u00edticas del gobierno de Cuba, es obvio\u201d<\/em>, sentenci\u00f3.<\/p>\n<p>&nbsp;<\/p>\n<p>El presidente ofreci\u00f3 ayuda humanitaria para la isla ante la escases de medicamentos y la escalada de contagios de COVID-19.<\/p>\n<p>&nbsp;<\/p>\n<p><em>\u201cM\u00e9xico siempre ha sido solidario con Cuba y con todos los pueblos del mundo, si el gobierno de Cuba lo considera necesario y su pueblo as\u00ed lo demanda , el gobierno de M\u00e9xico podr\u00eda ayudar con medicamentos, con vacunas, con lo que se requiera , y con comida, porque la salud y la alimentaci\u00f3n son derechos humanos fundamentales; sin el manejo pol\u00edtico intervencionista que se le esta queriendo dar a este asunto\u201d,<\/em> agreg\u00f3.<\/p>\n<p>&nbsp;<\/p>\n<p>L\u00f3pez Obrador incluso sugiri\u00f3 el fin del bloqueo en contra de la dictadura cubana.<\/p>\n<p>&nbsp;<\/p>\n<p><em>\u201cLa verdad es que si se quisiera ayudar a Cuba, lo primero que se deber\u00eda de hacer es suspender el bloqueo a Cuba como lo est\u00e1n solicitando la mayor\u00eda de los pa\u00edses del mundo, eso seria un gesto verdaderamente humanitario , ning\u00fan pa\u00eds del mundo debe ser cercado , bloqueado , eso es lo m\u00e1s contrario que puede haber a los derechos humanos\u201d<\/em>, expres\u00f3 el mandatario mexicano.<\/p>\n<p>&nbsp;<\/p>\n<p>&nbsp;<\/p>\n<p>(Publicada el 12\/07\/2021)<\/p>\n","protected":false},"excerpt":{"rendered":"<p>CIUDAD DE M\u00c9XICO. MX. \u2014 El presidente de M\u00e9xico, Andr\u00e9s Manuel L\u00f3pez Obrador, se pronunci\u00f3&#8230;<\/p>\n","protected":false},"author":1,"featured_media":118241,"comment_status":"open","ping_status":"open","sticky":false,"template":"","format":"standard","meta":{"_monsterinsights_skip_tracking":false,"_monsterinsights_sitenote_active":false,"_monsterinsights_sitenote_note":"","_monsterinsights_sitenote_category":0,"footnotes":""},"categories":[5],"tags":[],"class_list":["post"],"yoast_head":" \n<title>Sonora en Equipo. Presidente de M\u00e9xico ofrece ayuda humanitaria a Cuba y pidi\u00f3 la resoluci\u00f3n pac\u00edfica de la crisis Rep\u00fablica<\/title>\n<meta name=\"description\" content=\"CIUDAD DE M\u00c9XICO. MX. \u2014 El presidente de M\u00e9xico, Andr\u00e9s Manuel L\u00f3pez Obrador, se pronunci\u00f3 este lunes en su tradicional conferencia de prensa desde En Sonora en Equipo publicamos toda la informaci\u00f3n de Sonora, M\u00e9xico y el Mundo de manera oportuna y busca que la libertad de expresi\u00f3n sea real. Visita nuestro medio informativo publicado desde Hermosillo, Sonora. %\" \/>\n<meta name=\"robots\" content=\"index, follow, max-snippet:-1, max-image-preview:large, max-video-preview:-1\" \/>\n<link rel=\"canonical\" href=\"https:\/\/www.sonoraenequipo.com.mx\/presidente-de-mexico-ofrece-ayuda-humanitaria-a-cuba-y-pidio-la-resolucion-pacifica-de-la-crisis\/\" \/>\n<meta property=\"og:locale\" content=\"es_ES\" \/>\n<meta property=\"og:type\" content=\"article\" \/>\n<meta property=\"og:title\" content=\"Sonora en Equipo. Presidente de M\u00e9xico ofrece ayuda humanitaria a Cuba y pidi\u00f3 la resoluci\u00f3n pac\u00edfica de la crisis Rep\u00fablica\" \/>\n<meta property=\"og:description\" content=\"CIUDAD DE M\u00c9XICO. MX. \u2014 El presidente de M\u00e9xico, Andr\u00e9s Manuel L\u00f3pez Obrador, se pronunci\u00f3 este lunes en su tradicional conferencia de prensa desde En Sonora en Equipo publicamos toda la informaci\u00f3n de Sonora, M\u00e9xico y el Mundo de manera oportuna y busca que la libertad de expresi\u00f3n sea real. Visita nuestro medio informativo publicado desde Hermosillo, Sonora. %\" \/>\n<meta property=\"og:url\" content=\"https:\/\/www.sonoraenequipo.com.mx\/presidente-de-mexico-ofrece-ayuda-humanitaria-a-cuba-y-pidio-la-resolucion-pacifica-de-la-crisis\/\" \/>\n<meta property=\"og:site_name\" content=\"Sonora en Equipo.\" \/>\n<meta property=\"article:publisher\" content=\"https:\/\/www.facebook.com\/SonoraEE\/\" \/>\n<meta property=\"article:author\" content=\"https:\/\/www.facebook.com\/SonoraEE\" \/>\n<meta property=\"article:published_time\" content=\"2021-07-12T14:02:58+00:00\" \/>\n<meta property=\"article:modified_time\" content=\"2021-07-12T15:11:09+00:00\" \/>\n<meta property=\"og:image\" content=\"https:\/\/www.sonoraenequipo.com.mx\/storage\/2021\/07\/lopez-obrador-pide-solidaridad-con-cuba_opt.jpg\" \/>\n\t<meta property=\"og:image:width\" content=\"700\" \/>\n\t<meta property=\"og:image:height\" content=\"400\" \/>\n\t<meta property=\"og:image:type\" content=\"image\/jpeg\" \/>\n<meta name=\"author\" content=\"enequipo\" \/>\n<meta name=\"twitter:card\" content=\"summary_large_image\" \/>\n<meta name=\"twitter:creator\" content=\"@sonoraenequipo\" \/>\n<meta name=\"twitter:site\" content=\"@sonoraenequipo\" \/>\n<meta name=\"twitter:label1\" content=\"Escrito por\" \/>\n\t<meta name=\"twitter:data1\" content=\"enequipo\" \/>\n\t<meta name=\"twitter:label2\" content=\"Tiempo de lectura\" \/>\n\t<meta name=\"twitter:data2\" content=\"2 minutos\" \/>\n<script type=\"application\/ld+json\" class=\"yoast-schema-graph\">{\"@context\":\"https:\/\/schema.org\",\"@graph\":[{\"@type\":\"Article\",\"@id\":\"https:\/\/www.sonoraenequipo.com.mx\/presidente-de-mexico-ofrece-ayuda-humanitaria-a-cuba-y-pidio-la-resolucion-pacifica-de-la-crisis\/#article\",\"isPartOf\":{\"@id\":\"https:\/\/www.sonoraenequipo.com.mx\/presidente-de-mexico-ofrece-ayuda-humanitaria-a-cuba-y-pidio-la-resolucion-pacifica-de-la-crisis\/\"},\"author\":{\"name\":\"enequipo\",\"@id\":\"https:\/\/www.sonoraenequipo.com.mx\/#\/schema\/person\/50102df0fb23a8fa9e8effad8fa81386\"},\"headline\":\"Presidente de M\u00e9xico ofrece ayuda humanitaria a Cuba y pidi\u00f3 la resoluci\u00f3n pac\u00edfica de la crisis\",\"datePublished\":\"2021-07-12T14:02:58+00:00\",\"dateModified\":\"2021-07-12T15:11:09+00:00\",\"mainEntityOfPage\":{\"@id\":\"https:\/\/www.sonoraenequipo.com.mx\/presidente-de-mexico-ofrece-ayuda-humanitaria-a-cuba-y-pidio-la-resolucion-pacifica-de-la-crisis\/\"},\"wordCount\":500,\"commentCount\":0,\"publisher\":{\"@id\":\"https:\/\/www.sonoraenequipo.com.mx\/#organization\"},\"image\":{\"@id\":\"https:\/\/www.sonoraenequipo.com.mx\/presidente-de-mexico-ofrece-ayuda-humanitaria-a-cuba-y-pidio-la-resolucion-pacifica-de-la-crisis\/#primaryimage\"},\"thumbnailUrl\":\"https:\/\/www.sonoraenequipo.com.mx\/storage\/2021\/07\/lopez-obrador-pide-solidaridad-con-cuba_opt.jpg\",\"articleSection\":[\"Rep\u00fablica\"],\"inLanguage\":\"es\",\"potentialAction\":[{\"@type\":\"CommentAction\",\"name\":\"Comment\",\"target\":[\"https:\/\/www.sonoraenequipo.com.mx\/presidente-de-mexico-ofrece-ayuda-humanitaria-a-cuba-y-pidio-la-resolucion-pacifica-de-la-crisis\/#respond\"]}]},{\"@type\":\"WebPage\",\"@id\":\"https:\/\/www.sonoraenequipo.com.mx\/presidente-de-mexico-ofrece-ayuda-humanitaria-a-cuba-y-pidio-la-resolucion-pacifica-de-la-crisis\/\",\"url\":\"https:\/\/www.sonoraenequipo.com.mx\/presidente-de-mexico-ofrece-ayuda-humanitaria-a-cuba-y-pidio-la-resolucion-pacifica-de-la-crisis\/\",\"name\":\"Sonora en Equipo. Presidente de M\u00e9xico ofrece ayuda humanitaria a Cuba y pidi\u00f3 la resoluci\u00f3n pac\u00edfica de la crisis Rep\u00fablica\",\"isPartOf\":{\"@id\":\"https:\/\/www.sonoraenequipo.com.mx\/#website\"},\"primaryImageOfPage\":{\"@id\":\"https:\/\/www.sonoraenequipo.com.mx\/presidente-de-mexico-ofrece-ayuda-humanitaria-a-cuba-y-pidio-la-resolucion-pacifica-de-la-crisis\/#primaryimage\"},\"image\":{\"@id\":\"https:\/\/www.sonoraenequipo.com.mx\/presidente-de-mexico-ofrece-ayuda-humanitaria-a-cuba-y-pidio-la-resolucion-pacifica-de-la-crisis\/#primaryimage\"},\"thumbnailUrl\":\"https:\/\/www.sonoraenequipo.com.mx\/storage\/2021\/07\/lopez-obrador-pide-solidaridad-con-cuba_opt.jpg\",\"datePublished\":\"2021-07-12T14:02:58+00:00\",\"dateModified\":\"2021-07-12T15:11:09+00:00\",\"description\":\"CIUDAD DE M\u00c9XICO. MX. \u2014 El presidente de M\u00e9xico, Andr\u00e9s Manuel L\u00f3pez Obrador, se pronunci\u00f3 este lunes en su tradicional conferencia de prensa desde En Sonora en Equipo publicamos toda la informaci\u00f3n de Sonora, M\u00e9xico y el Mundo de manera oportuna y busca que la libertad de expresi\u00f3n sea real. Visita nuestro medio informativo publicado desde Hermosillo, Sonora. %\",\"breadcrumb\":{\"@id\":\"https:\/\/www.sonoraenequipo.com.mx\/presidente-de-mexico-ofrece-ayuda-humanitaria-a-cuba-y-pidio-la-resolucion-pacifica-de-la-crisis\/#breadcrumb\"},\"inLanguage\":\"es\",\"potentialAction\":[{\"@type\":\"ReadAction\",\"target\":[\"https:\/\/www.sonoraenequipo.com.mx\/presidente-de-mexico-ofrece-ayuda-humanitaria-a-cuba-y-pidio-la-resolucion-pacifica-de-la-crisis\/\"]}]},{\"@type\":\"ImageObject\",\"inLanguage\":\"es\",\"@id\":\"https:\/\/www.sonoraenequipo.com.mx\/presidente-de-mexico-ofrece-ayuda-humanitaria-a-cuba-y-pidio-la-resolucion-pacifica-de-la-crisis\/#primaryimage\",\"url\":\"https:\/\/www.sonoraenequipo.com.mx\/storage\/2021\/07\/lopez-obrador-pide-solidaridad-con-cuba_opt.jpg\",\"contentUrl\":\"https:\/\/www.sonoraenequipo.com.mx\/storage\/2021\/07\/lopez-obrador-pide-solidaridad-con-cuba_opt.jpg\",\"width\":700,\"height\":400},{\"@type\":\"BreadcrumbList\",\"@id\":\"https:\/\/www.sonoraenequipo.com.mx\/presidente-de-mexico-ofrece-ayuda-humanitaria-a-cuba-y-pidio-la-resolucion-pacifica-de-la-crisis\/#breadcrumb\",\"itemListElement\":[{\"@type\":\"ListItem\",\"position\":1,\"name\":\"Portada\",\"item\":\"https:\/\/www.sonoraenequipo.com.mx\/\"},{\"@type\":\"ListItem\",\"position\":2,\"name\":\"Presidente de M\u00e9xico ofrece ayuda humanitaria a Cuba y pidi\u00f3 la resoluci\u00f3n pac\u00edfica de la crisis\"}]},{\"@type\":\"WebSite\",\"@id\":\"https:\/\/www.sonoraenequipo.com.mx\/#website\",\"url\":\"https:\/\/www.sonoraenequipo.com.mx\/\",\"name\":\"Sonora en Equipo.\",\"description\":\"Diario en l\u00ednea con Noticias desde Hermosillo, Sonora\",\"publisher\":{\"@id\":\"https:\/\/www.sonoraenequipo.com.mx\/#organization\"},\"potentialAction\":[{\"@type\":\"SearchAction\",\"target\":{\"@type\":\"EntryPoint\",\"urlTemplate\":\"https:\/\/www.sonoraenequipo.com.mx\/?s={search_term_string}\"},\"query-input\":{\"@type\":\"PropertyValueSpecification\",\"valueRequired\":true,\"valueName\":\"search_term_string\"}}],\"inLanguage\":\"es\"},{\"@type\":\"Organization\",\"@id\":\"https:\/\/www.sonoraenequipo.com.mx\/#organization\",\"name\":\"Sonoraenequipo.com.mx\",\"url\":\"https:\/\/www.sonoraenequipo.com.mx\/\",\"logo\":{\"@type\":\"ImageObject\",\"inLanguage\":\"es\",\"@id\":\"https:\/\/www.sonoraenequipo.com.mx\/#\/schema\/logo\/image\/\",\"url\":\"https:\/\/www.sonoraenequipo.com.mx\/storage\/2019\/01\/sonoraenequipo_opt.png\",\"contentUrl\":\"https:\/\/www.sonoraenequipo.com.mx\/storage\/2019\/01\/sonoraenequipo_opt.png\",\"width\":375,\"height\":125,\"caption\":\"Sonoraenequipo.com.mx\"},\"image\":{\"@id\":\"https:\/\/www.sonoraenequipo.com.mx\/#\/schema\/logo\/image\/\"},\"sameAs\":[\"https:\/\/www.facebook.com\/SonoraEE\/\",\"https:\/\/x.com\/sonoraenequipo\",\"https:\/\/www.youtube.com\/channel\/UC338nW-lPEYmJQs4ZABQ1SQ\"]},{\"@type\":\"Person\",\"@id\":\"https:\/\/www.sonoraenequipo.com.mx\/#\/schema\/person\/50102df0fb23a8fa9e8effad8fa81386\",\"name\":\"enequipo\",\"image\":{\"@type\":\"ImageObject\",\"inLanguage\":\"es\",\"@id\":\"https:\/\/www.sonoraenequipo.com.mx\/#\/schema\/person\/image\/\",\"url\":\"https:\/\/secure.gravatar.com\/avatar\/049821681b589dabc0bc20695993ccebb09f5b5d4d790cd9251b97faac7c652b?s=96&d=blank&r=g\",\"contentUrl\":\"https:\/\/secure.gravatar.com\/avatar\/049821681b589dabc0bc20695993ccebb09f5b5d4d790cd9251b97faac7c652b?s=96&d=blank&r=g\",\"caption\":\"enequipo\"},\"sameAs\":[\"https:\/\/www.facebook.com\/SonoraEE\"]}]}<\/script>\n ","yoast_head_json":{"title":"Sonora en Equipo. Presidente de M\u00e9xico ofrece ayuda humanitaria a Cuba y pidi\u00f3 la resoluci\u00f3n pac\u00edfica de la crisis Rep\u00fablica","description":"CIUDAD DE M\u00c9XICO. MX. \u2014 El presidente de M\u00e9xico, Andr\u00e9s Manuel L\u00f3pez Obrador, se pronunci\u00f3 este lunes en su tradicional conferencia de prensa desde En Sonora en Equipo publicamos toda la informaci\u00f3n de Sonora, M\u00e9xico y el Mundo de manera oportuna y busca que la libertad de expresi\u00f3n sea real. Visita nuestro medio informativo publicado desde Hermosillo, Sonora. %","robots":{"index":"index","follow":"follow","max-snippet":"max-snippet:-1","max-image-preview":"max-image-preview:large","max-video-preview":"max-video-preview:-1"},"canonical":"https:\/\/www.sonoraenequipo.com.mx\/presidente-de-mexico-ofrece-ayuda-humanitaria-a-cuba-y-pidio-la-resolucion-pacifica-de-la-crisis\/","og_locale":"es_ES","og_type":"article","og_title":"Sonora en Equipo. Presidente de M\u00e9xico ofrece ayuda humanitaria a Cuba y pidi\u00f3 la resoluci\u00f3n pac\u00edfica de la crisis Rep\u00fablica","og_description":"CIUDAD DE M\u00c9XICO. MX. \u2014 El presidente de M\u00e9xico, Andr\u00e9s Manuel L\u00f3pez Obrador, se pronunci\u00f3 este lunes en su tradicional conferencia de prensa desde En Sonora en Equipo publicamos toda la informaci\u00f3n de Sonora, M\u00e9xico y el Mundo de manera oportuna y busca que la libertad de expresi\u00f3n sea real. Visita nuestro medio informativo publicado desde Hermosillo, Sonora. %","og_url":"https:\/\/www.sonoraenequipo.com.mx\/presidente-de-mexico-ofrece-ayuda-humanitaria-a-cuba-y-pidio-la-resolucion-pacifica-de-la-crisis\/","og_site_name":"Sonora en Equipo.","article_publisher":"https:\/\/www.facebook.com\/SonoraEE\/","article_author":"https:\/\/www.facebook.com\/SonoraEE","article_published_time":"2021-07-12T14:02:58+00:00","article_modified_time":"2021-07-12T15:11:09+00:00","og_image":[{"width":700,"height":400,"url":"https:\/\/www.sonoraenequipo.com.mx\/storage\/2021\/07\/lopez-obrador-pide-solidaridad-con-cuba_opt.jpg","type":"image\/jpeg"}],"author":"enequipo","twitter_card":"summary_large_image","twitter_creator":"@sonoraenequipo","twitter_site":"@sonoraenequipo","twitter_misc":{"Escrito por":"enequipo","Tiempo de lectura":"2 minutos"},"schema":{"@context":"https:\/\/schema.org","@graph":[{"@type":"Article","@id":"https:\/\/www.sonoraenequipo.com.mx\/presidente-de-mexico-ofrece-ayuda-humanitaria-a-cuba-y-pidio-la-resolucion-pacifica-de-la-crisis\/#article","isPartOf":{"@id":"https:\/\/www.sonoraenequipo.com.mx\/presidente-de-mexico-ofrece-ayuda-humanitaria-a-cuba-y-pidio-la-resolucion-pacifica-de-la-crisis\/"},"author":{"name":"enequipo","@id":"https:\/\/www.sonoraenequipo.com.mx\/#\/schema\/person\/50102df0fb23a8fa9e8effad8fa81386"},"headline":"Presidente de M\u00e9xico ofrece ayuda humanitaria a Cuba y pidi\u00f3 la resoluci\u00f3n pac\u00edfica de la crisis","datePublished":"2021-07-12T14:02:58+00:00","dateModified":"2021-07-12T15:11:09+00:00","mainEntityOfPage":{"@id":"https:\/\/www.sonoraenequipo.com.mx\/presidente-de-mexico-ofrece-ayuda-humanitaria-a-cuba-y-pidio-la-resolucion-pacifica-de-la-crisis\/"},"wordCount":500,"commentCount":0,"publisher":{"@id":"https:\/\/www.sonoraenequipo.com.mx\/#organization"},"image":{"@id":"https:\/\/www.sonoraenequipo.com.mx\/presidente-de-mexico-ofrece-ayuda-humanitaria-a-cuba-y-pidio-la-resolucion-pacifica-de-la-crisis\/#primaryimage"},"thumbnailUrl":"https:\/\/www.sonoraenequipo.com.mx\/storage\/2021\/07\/lopez-obrador-pide-solidaridad-con-cuba_opt.jpg","articleSection":["Rep\u00fablica"],"inLanguage":"es","potentialAction":[{"@type":"CommentAction","name":"Comment","target":["https:\/\/www.sonoraenequipo.com.mx\/presidente-de-mexico-ofrece-ayuda-humanitaria-a-cuba-y-pidio-la-resolucion-pacifica-de-la-crisis\/#respond"]}]},{"@type":"WebPage","@id":"https:\/\/www.sonoraenequipo.com.mx\/presidente-de-mexico-ofrece-ayuda-humanitaria-a-cuba-y-pidio-la-resolucion-pacifica-de-la-crisis\/","url":"https:\/\/www.sonoraenequipo.com.mx\/presidente-de-mexico-ofrece-ayuda-humanitaria-a-cuba-y-pidio-la-resolucion-pacifica-de-la-crisis\/","name":"Sonora en Equipo. Presidente de M\u00e9xico ofrece ayuda humanitaria a Cuba y pidi\u00f3 la resoluci\u00f3n pac\u00edfica de la crisis Rep\u00fablica","isPartOf":{"@id":"https:\/\/www.sonoraenequipo.com.mx\/#website"},"primaryImageOfPage":{"@id":"https:\/\/www.sonoraenequipo.com.mx\/presidente-de-mexico-ofrece-ayuda-humanitaria-a-cuba-y-pidio-la-resolucion-pacifica-de-la-crisis\/#primaryimage"},"image":{"@id":"https:\/\/www.sonoraenequipo.com.mx\/presidente-de-mexico-ofrece-ayuda-humanitaria-a-cuba-y-pidio-la-resolucion-pacifica-de-la-crisis\/#primaryimage"},"thumbnailUrl":"https:\/\/www.sonoraenequipo.com.mx\/storage\/2021\/07\/lopez-obrador-pide-solidaridad-con-cuba_opt.jpg","datePublished":"2021-07-12T14:02:58+00:00","dateModified":"2021-07-12T15:11:09+00:00","description":"CIUDAD DE M\u00c9XICO. MX. \u2014 El presidente de M\u00e9xico, Andr\u00e9s Manuel L\u00f3pez Obrador, se pronunci\u00f3 este lunes en su tradicional conferencia de prensa desde En Sonora en Equipo publicamos toda la informaci\u00f3n de Sonora, M\u00e9xico y el Mundo de manera oportuna y busca que la libertad de expresi\u00f3n sea real. Visita nuestro medio informativo publicado desde Hermosillo, Sonora. %","breadcrumb":{"@id":"https:\/\/www.sonoraenequipo.com.mx\/presidente-de-mexico-ofrece-ayuda-humanitaria-a-cuba-y-pidio-la-resolucion-pacifica-de-la-crisis\/#breadcrumb"},"inLanguage":"es","potentialAction":[{"@type":"ReadAction","target":["https:\/\/www.sonoraenequipo.com.mx\/presidente-de-mexico-ofrece-ayuda-humanitaria-a-cuba-y-pidio-la-resolucion-pacifica-de-la-crisis\/"]}]},{"@type":"ImageObject","inLanguage":"es","@id":"https:\/\/www.sonoraenequipo.com.mx\/presidente-de-mexico-ofrece-ayuda-humanitaria-a-cuba-y-pidio-la-resolucion-pacifica-de-la-crisis\/#primaryimage","url":"https:\/\/www.sonoraenequipo.com.mx\/storage\/2021\/07\/lopez-obrador-pide-solidaridad-con-cuba_opt.jpg","contentUrl":"https:\/\/www.sonoraenequipo.com.mx\/storage\/2021\/07\/lopez-obrador-pide-solidaridad-con-cuba_opt.jpg","width":700,"height":400},{"@type":"BreadcrumbList","@id":"https:\/\/www.sonoraenequipo.com.mx\/presidente-de-mexico-ofrece-ayuda-humanitaria-a-cuba-y-pidio-la-resolucion-pacifica-de-la-crisis\/#breadcrumb","itemListElement":[{"@type":"ListItem","position":1,"name":"Portada","item":"https:\/\/www.sonoraenequipo.com.mx\/"},{"@type":"ListItem","position":2,"name":"Presidente de M\u00e9xico ofrece ayuda humanitaria a Cuba y pidi\u00f3 la resoluci\u00f3n pac\u00edfica de la crisis"}]},{"@type":"WebSite","@id":"https:\/\/www.sonoraenequipo.com.mx\/#website","url":"https:\/\/www.sonoraenequipo.com.mx\/","name":"Sonora en Equipo.","description":"Diario en l\u00ednea con Noticias desde Hermosillo, Sonora","publisher":{"@id":"https:\/\/www.sonoraenequipo.com.mx\/#organization"},"potentialAction":[{"@type":"SearchAction","target":{"@type":"EntryPoint","urlTemplate":"https:\/\/www.sonoraenequipo.com.mx\/?s={search_term_string}"},"query-input":{"@type":"PropertyValueSpecification","valueRequired":true,"valueName":"search_term_string"}}],"inLanguage":"es"},{"@type":"Organization","@id":"https:\/\/www.sonoraenequipo.com.mx\/#organization","name":"Sonoraenequipo.com.mx","url":"https:\/\/www.sonoraenequipo.com.mx\/","logo":{"@type":"ImageObject","inLanguage":"es","@id":"https:\/\/www.sonoraenequipo.com.mx\/#\/schema\/logo\/image\/","url":"https:\/\/www.sonoraenequipo.com.mx\/storage\/2019\/01\/sonoraenequipo_opt.png","contentUrl":"https:\/\/www.sonoraenequipo.com.mx\/storage\/2019\/01\/sonoraenequipo_opt.png","width":375,"height":125,"caption":"Sonoraenequipo.com.mx"},"image":{"@id":"https:\/\/www.sonoraenequipo.com.mx\/#\/schema\/logo\/image\/"},"sameAs":["https:\/\/www.facebook.com\/SonoraEE\/","https:\/\/x.com\/sonoraenequipo","https:\/\/www.youtube.com\/channel\/UC338nW-lPEYmJQs4ZABQ1SQ"]},{"@type":"Person","@id":"https:\/\/www.sonoraenequipo.com.mx\/#\/schema\/person\/50102df0fb23a8fa9e8effad8fa81386","name":"enequipo","image":{"@type":"ImageObject","inLanguage":"es","@id":"https:\/\/www.sonoraenequipo.com.mx\/#\/schema\/person\/image\/","url":"https:\/\/secure.gravatar.com\/avatar\/049821681b589dabc0bc20695993ccebb09f5b5d4d790cd9251b97faac7c652b?s=96&d=blank&r=g","contentUrl":"https:\/\/secure.gravatar.com\/avatar\/049821681b589dabc0bc20695993ccebb09f5b5d4d790cd9251b97faac7c652b?s=96&d=blank&r=g","caption":"enequipo"},"sameAs":["https:\/\/www.facebook.com\/SonoraEE"]}]}},"jetpack_featured_media_url":"https:\/\/www.sonoraenequipo.com.mx\/storage\/2021\/07\/lopez-obrador-pide-solidaridad-con-cuba_opt.jpg","_links":{"self":[{"href":"https:\/\/www.sonoraenequipo.com.mx\/api\/wp\/v2\/posts\/118240","targetHints":{"allow":["GET"]}}],"collection":[{"href":"https:\/\/www.sonoraenequipo.com.mx\/api\/wp\/v2\/posts"}],"about":[{"href":"https:\/\/www.sonoraenequipo.com.mx\/api\/wp\/v2\/types\/post"}],"author":[{"embeddable":true,"href":"https:\/\/www.sonoraenequipo.com.mx\/api\/wp\/v2\/users\/1"}],"replies":[{"embeddable":true,"href":"https:\/\/www.sonoraenequipo.com.mx\/api\/wp\/v2\/comments?post=118240"}],"version-history":[{"count":1,"href":"https:\/\/www.sonoraenequipo.com.mx\/api\/wp\/v2\/posts\/118240\/revisions"}],"predecessor-version":[{"id":118242,"href":"https:\/\/www.sonoraenequipo.com.mx\/api\/wp\/v2\/posts\/118240\/revisions\/118242"}],"wp:featuredmedia":[{"embeddable":true,"href":"https:\/\/www.sonoraenequipo.com.mx\/api\/wp\/v2\/media\/118241"}],"wp:attachment":[{"href":"https:\/\/www.sonoraenequipo.com.mx\/api\/wp\/v2\/media?parent=118240"}],"wp:term":[{"taxonomy":"category","embeddable":true,"href":"https:\/\/www.sonoraenequipo.com.mx\/api\/wp\/v2\/categories?post=118240"},{"taxonomy":"post_tag","embeddable":true,"href":"https:\/\/www.sonoraenequipo.com.mx\/api\/wp\/v2\/tags?post=118240"}],"curies":[{"name":"wp","href":"https:\/\/api.w.org\/{rel}","templated":true}]}}