{"id":118243,"date":"2021-07-12T08:17:26","date_gmt":"2021-07-12T15:17:26","guid":{"rendered":"https:\/\/www.sonoraenequipo.com.mx\/?p=118243"},"modified":"2021-07-12T14:42:29","modified_gmt":"2021-07-12T21:42:29","slug":"dialogo-no-violencia-en-cuba-y-cese-el-bloqueo-amlo","status":"publish","type":"post","link":"https:\/\/www.sonoraenequipo.com.mx\/dialogo-no-violencia-en-cuba-y-cese-el-bloqueo-amlo\/","title":{"rendered":"Di\u00e1logo, no violencia en Cuba y cese el bloqueo: AMLO"},"content":{"rendered":"<p>VILLAHERMOSA, TABASCO. MX. \u2014 \u201cMi solidaridad con el pueblo cubano. Debe buscarse una salida mediante el di\u00e1logo, sin el uso de la fuerza, sin la confrontaci\u00f3n, sin la violencia. Tienen que ser los cubanos los que decidan, porque el suyo es un pa\u00eds independiente, libre y soberano\u201d, sostuvo el presidente Andr\u00e9s Manuel L\u00f3pez Obrador.<\/p>\n<p>&nbsp;<\/p>\n<p> <\/p>\n<p>&nbsp;<\/p>\n<p>En su conferencia matutina, en la zona militar de Villahermosa, Tabasco, respondi\u00f3 con amplitud a una pregunta espec\u00edfica sobre las manifestaciones contra el gobierno en Cuba, el d\u00eda de ayer.<\/p>\n<p>&nbsp;<\/p>\n<p>Con dureza adujo que si se le quiere ayudar a Cuba, lo primero que debe hacerse es suspender el bloqueo a Cuba, \u201ccomo lo est\u00e1 solicitando la mayor\u00eda de los pueblos en el mundo, eso ser\u00eda un gesto humanitario. Nunca un pa\u00eds puede ser cercado por razones pol\u00edticas.\u201d<\/p>\n<p>&nbsp;<\/p>\n<p>Y ponder\u00f3 que existen dos formas de resolver la situaci\u00f3n en la isla: \u201ccancelando el bloqueo, y que los pa\u00edses del mundo ayuden a Cuba sin fines pol\u00edticos.\u201d<\/p>\n<p>&nbsp;<\/p>\n<p>En territorio cubano, \u201cno debe haber intervencionismo. No debe utilizarse la situaci\u00f3n de salud del pueblo cubano, con fines pol\u00edticos. \u00a1Nada de politizaci\u00f3n! -reiter\u00f3-, ni de campa\u00f1as medi\u00e1ticas que ya se est\u00e1n dando a nivel mundial. Ha habido un despliegue promovido por quienes no est\u00e1n de acuerdo con las pol\u00edticas del gobierno de Cuba, y no hay que utilizar ni politizar el apoyo humanitario para intervenir. Nosotros vamos a estar pendientes y dispuestos a ayudar al pueblo de cuba con apoyo humanitario, sin ninguna tendencia o sesgo pol\u00edtico.<\/p>\n<p>&nbsp;<\/p>\n<p><em>\u201cM\u00e9xico siempre ha sido solidarios com Cuba y con el mundo. Si el gobierno de Cuba lo considera necesario, M\u00e9xico puede ayudar con medicamentos, com vacunas con comida. Porque la salud y la alimentaci\u00f3n son derechos humanos fundamentales.\u201d<\/em><\/p>\n<p>&nbsp;<\/p>\n<p>Por otra parte el general secretario de Defensa, Luis Cresencio Sandoval dio a conocer la condici\u00f3n de seguridad del estado de Tabasco. En el caso de los feminicidios, el delito se ha reducido de forma importante al pasar de 15 en 2020, a 3 en 2021.<\/p>\n<p>&nbsp;<\/p>\n<p>El funcionario militar se\u00f1al\u00f3 a Tabasco como una entidad ubicada en una buena posici\u00f3n en el est\u00e1ndar de delitos a nivel nacional, al ubicarse en el sitio 21. Ah\u00ed, el delito de robo en carretera a transportistas se ubica como el de m\u00e1s incidencia. En 2020 se registraron 10 y en el primer semestre de 2021, 16.<\/p>\n<p>&nbsp;<\/p>\n<p>Tambi\u00e9n ponder\u00f3 el despliegue de las fuerzas de seguridad en los municipios del estado, donde act\u00faa un total de 12 mil 209 elementos, tanto de Ej\u00e9rcito Mexicano, Secretar\u00eda de Marina y la Guardia Nacional.<\/p>\n<p>&nbsp;<\/p>\n<p>En el resto de los delitos de alto impacto existe dijo el general, nivel a la baja: en el robo a transe\u00fantes hubo un acumulado anual en 2020 de 3 mil 371.<\/p>\n<p>&nbsp;<\/p>\n<p>&nbsp;<\/p>\n<p>(Publicada el 12\/07\/2021 \/ Roberto Gardu\u00f1o y Ren\u00e9 Alberto L\u00f3pez)<\/p>\n","protected":false},"excerpt":{"rendered":"<p>VILLAHERMOSA, TABASCO. MX. \u2014 \u201cMi solidaridad con el pueblo cubano. Debe buscarse una salida mediante&#8230;<\/p>\n","protected":false},"author":1,"featured_media":118244,"comment_status":"open","ping_status":"open","sticky":false,"template":"","format":"standard","meta":{"_monsterinsights_skip_tracking":false,"_monsterinsights_sitenote_active":false,"_monsterinsights_sitenote_note":"","_monsterinsights_sitenote_category":0,"footnotes":""},"categories":[5],"tags":[],"class_list":["post"],"yoast_head":" \n<title>Sonora en Equipo. Di\u00e1logo, no violencia en Cuba y cese el bloqueo: AMLO Rep\u00fablica<\/title>\n<meta name=\"description\" content=\"VILLAHERMOSA, TABASCO. MX. \u2014 \u201cMi solidaridad con el pueblo cubano. Debe buscarse una salida mediante el di\u00e1logo, sin el uso de la fuerza, sin la En Sonora en Equipo publicamos toda la informaci\u00f3n de Sonora, M\u00e9xico y el Mundo de manera oportuna y busca que la libertad de expresi\u00f3n sea real. Visita nuestro medio informativo publicado desde Hermosillo, Sonora. %\" \/>\n<meta name=\"robots\" content=\"index, follow, max-snippet:-1, max-image-preview:large, max-video-preview:-1\" \/>\n<link rel=\"canonical\" href=\"https:\/\/www.sonoraenequipo.com.mx\/dialogo-no-violencia-en-cuba-y-cese-el-bloqueo-amlo\/\" \/>\n<meta property=\"og:locale\" content=\"es_ES\" \/>\n<meta property=\"og:type\" content=\"article\" \/>\n<meta property=\"og:title\" content=\"Sonora en Equipo. Di\u00e1logo, no violencia en Cuba y cese el bloqueo: AMLO Rep\u00fablica\" \/>\n<meta property=\"og:description\" content=\"VILLAHERMOSA, TABASCO. MX. \u2014 \u201cMi solidaridad con el pueblo cubano. Debe buscarse una salida mediante el di\u00e1logo, sin el uso de la fuerza, sin la En Sonora en Equipo publicamos toda la informaci\u00f3n de Sonora, M\u00e9xico y el Mundo de manera oportuna y busca que la libertad de expresi\u00f3n sea real. Visita nuestro medio informativo publicado desde Hermosillo, Sonora. %\" \/>\n<meta property=\"og:url\" content=\"https:\/\/www.sonoraenequipo.com.mx\/dialogo-no-violencia-en-cuba-y-cese-el-bloqueo-amlo\/\" \/>\n<meta property=\"og:site_name\" content=\"Sonora en Equipo.\" \/>\n<meta property=\"article:publisher\" content=\"https:\/\/www.facebook.com\/SonoraEE\/\" \/>\n<meta property=\"article:author\" content=\"https:\/\/www.facebook.com\/SonoraEE\" \/>\n<meta property=\"article:published_time\" content=\"2021-07-12T15:17:26+00:00\" \/>\n<meta property=\"article:modified_time\" content=\"2021-07-12T21:42:29+00:00\" \/>\n<meta property=\"og:image\" content=\"https:\/\/www.sonoraenequipo.com.mx\/storage\/2021\/07\/Presidente-de-Mexico_opt.jpg\" \/>\n\t<meta property=\"og:image:width\" content=\"700\" \/>\n\t<meta property=\"og:image:height\" content=\"400\" \/>\n\t<meta property=\"og:image:type\" content=\"image\/jpeg\" \/>\n<meta name=\"author\" content=\"enequipo\" \/>\n<meta name=\"twitter:card\" content=\"summary_large_image\" \/>\n<meta name=\"twitter:creator\" content=\"@sonoraenequipo\" \/>\n<meta name=\"twitter:site\" content=\"@sonoraenequipo\" \/>\n<meta name=\"twitter:label1\" content=\"Escrito por\" \/>\n\t<meta name=\"twitter:data1\" content=\"enequipo\" \/>\n\t<meta name=\"twitter:label2\" content=\"Tiempo de lectura\" \/>\n\t<meta name=\"twitter:data2\" content=\"3 minutos\" \/>\n<script type=\"application\/ld+json\" class=\"yoast-schema-graph\">{\"@context\":\"https:\/\/schema.org\",\"@graph\":[{\"@type\":\"Article\",\"@id\":\"https:\/\/www.sonoraenequipo.com.mx\/dialogo-no-violencia-en-cuba-y-cese-el-bloqueo-amlo\/#article\",\"isPartOf\":{\"@id\":\"https:\/\/www.sonoraenequipo.com.mx\/dialogo-no-violencia-en-cuba-y-cese-el-bloqueo-amlo\/\"},\"author\":{\"name\":\"enequipo\",\"@id\":\"https:\/\/www.sonoraenequipo.com.mx\/#\/schema\/person\/50102df0fb23a8fa9e8effad8fa81386\"},\"headline\":\"Di\u00e1logo, no violencia en Cuba y cese el bloqueo: AMLO\",\"datePublished\":\"2021-07-12T15:17:26+00:00\",\"dateModified\":\"2021-07-12T21:42:29+00:00\",\"mainEntityOfPage\":{\"@id\":\"https:\/\/www.sonoraenequipo.com.mx\/dialogo-no-violencia-en-cuba-y-cese-el-bloqueo-amlo\/\"},\"wordCount\":510,\"commentCount\":0,\"publisher\":{\"@id\":\"https:\/\/www.sonoraenequipo.com.mx\/#organization\"},\"image\":{\"@id\":\"https:\/\/www.sonoraenequipo.com.mx\/dialogo-no-violencia-en-cuba-y-cese-el-bloqueo-amlo\/#primaryimage\"},\"thumbnailUrl\":\"https:\/\/www.sonoraenequipo.com.mx\/storage\/2021\/07\/Presidente-de-Mexico_opt.jpg\",\"articleSection\":[\"Rep\u00fablica\"],\"inLanguage\":\"es\",\"potentialAction\":[{\"@type\":\"CommentAction\",\"name\":\"Comment\",\"target\":[\"https:\/\/www.sonoraenequipo.com.mx\/dialogo-no-violencia-en-cuba-y-cese-el-bloqueo-amlo\/#respond\"]}]},{\"@type\":\"WebPage\",\"@id\":\"https:\/\/www.sonoraenequipo.com.mx\/dialogo-no-violencia-en-cuba-y-cese-el-bloqueo-amlo\/\",\"url\":\"https:\/\/www.sonoraenequipo.com.mx\/dialogo-no-violencia-en-cuba-y-cese-el-bloqueo-amlo\/\",\"name\":\"Sonora en Equipo. Di\u00e1logo, no violencia en Cuba y cese el bloqueo: AMLO Rep\u00fablica\",\"isPartOf\":{\"@id\":\"https:\/\/www.sonoraenequipo.com.mx\/#website\"},\"primaryImageOfPage\":{\"@id\":\"https:\/\/www.sonoraenequipo.com.mx\/dialogo-no-violencia-en-cuba-y-cese-el-bloqueo-amlo\/#primaryimage\"},\"image\":{\"@id\":\"https:\/\/www.sonoraenequipo.com.mx\/dialogo-no-violencia-en-cuba-y-cese-el-bloqueo-amlo\/#primaryimage\"},\"thumbnailUrl\":\"https:\/\/www.sonoraenequipo.com.mx\/storage\/2021\/07\/Presidente-de-Mexico_opt.jpg\",\"datePublished\":\"2021-07-12T15:17:26+00:00\",\"dateModified\":\"2021-07-12T21:42:29+00:00\",\"description\":\"VILLAHERMOSA, TABASCO. MX. \u2014 \u201cMi solidaridad con el pueblo cubano. Debe buscarse una salida mediante el di\u00e1logo, sin el uso de la fuerza, sin la En Sonora en Equipo publicamos toda la informaci\u00f3n de Sonora, M\u00e9xico y el Mundo de manera oportuna y busca que la libertad de expresi\u00f3n sea real. Visita nuestro medio informativo publicado desde Hermosillo, Sonora. %\",\"breadcrumb\":{\"@id\":\"https:\/\/www.sonoraenequipo.com.mx\/dialogo-no-violencia-en-cuba-y-cese-el-bloqueo-amlo\/#breadcrumb\"},\"inLanguage\":\"es\",\"potentialAction\":[{\"@type\":\"ReadAction\",\"target\":[\"https:\/\/www.sonoraenequipo.com.mx\/dialogo-no-violencia-en-cuba-y-cese-el-bloqueo-amlo\/\"]}]},{\"@type\":\"ImageObject\",\"inLanguage\":\"es\",\"@id\":\"https:\/\/www.sonoraenequipo.com.mx\/dialogo-no-violencia-en-cuba-y-cese-el-bloqueo-amlo\/#primaryimage\",\"url\":\"https:\/\/www.sonoraenequipo.com.mx\/storage\/2021\/07\/Presidente-de-Mexico_opt.jpg\",\"contentUrl\":\"https:\/\/www.sonoraenequipo.com.mx\/storage\/2021\/07\/Presidente-de-Mexico_opt.jpg\",\"width\":700,\"height\":400},{\"@type\":\"BreadcrumbList\",\"@id\":\"https:\/\/www.sonoraenequipo.com.mx\/dialogo-no-violencia-en-cuba-y-cese-el-bloqueo-amlo\/#breadcrumb\",\"itemListElement\":[{\"@type\":\"ListItem\",\"position\":1,\"name\":\"Portada\",\"item\":\"https:\/\/www.sonoraenequipo.com.mx\/\"},{\"@type\":\"ListItem\",\"position\":2,\"name\":\"Di\u00e1logo, no violencia en Cuba y cese el bloqueo: AMLO\"}]},{\"@type\":\"WebSite\",\"@id\":\"https:\/\/www.sonoraenequipo.com.mx\/#website\",\"url\":\"https:\/\/www.sonoraenequipo.com.mx\/\",\"name\":\"Sonora en Equipo.\",\"description\":\"Diario en l\u00ednea con Noticias desde Hermosillo, Sonora\",\"publisher\":{\"@id\":\"https:\/\/www.sonoraenequipo.com.mx\/#organization\"},\"potentialAction\":[{\"@type\":\"SearchAction\",\"target\":{\"@type\":\"EntryPoint\",\"urlTemplate\":\"https:\/\/www.sonoraenequipo.com.mx\/?s={search_term_string}\"},\"query-input\":{\"@type\":\"PropertyValueSpecification\",\"valueRequired\":true,\"valueName\":\"search_term_string\"}}],\"inLanguage\":\"es\"},{\"@type\":\"Organization\",\"@id\":\"https:\/\/www.sonoraenequipo.com.mx\/#organization\",\"name\":\"Sonoraenequipo.com.mx\",\"url\":\"https:\/\/www.sonoraenequipo.com.mx\/\",\"logo\":{\"@type\":\"ImageObject\",\"inLanguage\":\"es\",\"@id\":\"https:\/\/www.sonoraenequipo.com.mx\/#\/schema\/logo\/image\/\",\"url\":\"https:\/\/www.sonoraenequipo.com.mx\/storage\/2019\/01\/sonoraenequipo_opt.png\",\"contentUrl\":\"https:\/\/www.sonoraenequipo.com.mx\/storage\/2019\/01\/sonoraenequipo_opt.png\",\"width\":375,\"height\":125,\"caption\":\"Sonoraenequipo.com.mx\"},\"image\":{\"@id\":\"https:\/\/www.sonoraenequipo.com.mx\/#\/schema\/logo\/image\/\"},\"sameAs\":[\"https:\/\/www.facebook.com\/SonoraEE\/\",\"https:\/\/x.com\/sonoraenequipo\",\"https:\/\/www.youtube.com\/channel\/UC338nW-lPEYmJQs4ZABQ1SQ\"]},{\"@type\":\"Person\",\"@id\":\"https:\/\/www.sonoraenequipo.com.mx\/#\/schema\/person\/50102df0fb23a8fa9e8effad8fa81386\",\"name\":\"enequipo\",\"image\":{\"@type\":\"ImageObject\",\"inLanguage\":\"es\",\"@id\":\"https:\/\/www.sonoraenequipo.com.mx\/#\/schema\/person\/image\/\",\"url\":\"https:\/\/secure.gravatar.com\/avatar\/049821681b589dabc0bc20695993ccebb09f5b5d4d790cd9251b97faac7c652b?s=96&d=blank&r=g\",\"contentUrl\":\"https:\/\/secure.gravatar.com\/avatar\/049821681b589dabc0bc20695993ccebb09f5b5d4d790cd9251b97faac7c652b?s=96&d=blank&r=g\",\"caption\":\"enequipo\"},\"sameAs\":[\"https:\/\/www.facebook.com\/SonoraEE\"]}]}<\/script>\n ","yoast_head_json":{"title":"Sonora en Equipo. Di\u00e1logo, no violencia en Cuba y cese el bloqueo: AMLO Rep\u00fablica","description":"VILLAHERMOSA, TABASCO. MX. \u2014 \u201cMi solidaridad con el pueblo cubano. Debe buscarse una salida mediante el di\u00e1logo, sin el uso de la fuerza, sin la En Sonora en Equipo publicamos toda la informaci\u00f3n de Sonora, M\u00e9xico y el Mundo de manera oportuna y busca que la libertad de expresi\u00f3n sea real. Visita nuestro medio informativo publicado desde Hermosillo, Sonora. %","robots":{"index":"index","follow":"follow","max-snippet":"max-snippet:-1","max-image-preview":"max-image-preview:large","max-video-preview":"max-video-preview:-1"},"canonical":"https:\/\/www.sonoraenequipo.com.mx\/dialogo-no-violencia-en-cuba-y-cese-el-bloqueo-amlo\/","og_locale":"es_ES","og_type":"article","og_title":"Sonora en Equipo. Di\u00e1logo, no violencia en Cuba y cese el bloqueo: AMLO Rep\u00fablica","og_description":"VILLAHERMOSA, TABASCO. MX. \u2014 \u201cMi solidaridad con el pueblo cubano. Debe buscarse una salida mediante el di\u00e1logo, sin el uso de la fuerza, sin la En Sonora en Equipo publicamos toda la informaci\u00f3n de Sonora, M\u00e9xico y el Mundo de manera oportuna y busca que la libertad de expresi\u00f3n sea real. Visita nuestro medio informativo publicado desde Hermosillo, Sonora. %","og_url":"https:\/\/www.sonoraenequipo.com.mx\/dialogo-no-violencia-en-cuba-y-cese-el-bloqueo-amlo\/","og_site_name":"Sonora en Equipo.","article_publisher":"https:\/\/www.facebook.com\/SonoraEE\/","article_author":"https:\/\/www.facebook.com\/SonoraEE","article_published_time":"2021-07-12T15:17:26+00:00","article_modified_time":"2021-07-12T21:42:29+00:00","og_image":[{"width":700,"height":400,"url":"https:\/\/www.sonoraenequipo.com.mx\/storage\/2021\/07\/Presidente-de-Mexico_opt.jpg","type":"image\/jpeg"}],"author":"enequipo","twitter_card":"summary_large_image","twitter_creator":"@sonoraenequipo","twitter_site":"@sonoraenequipo","twitter_misc":{"Escrito por":"enequipo","Tiempo de lectura":"3 minutos"},"schema":{"@context":"https:\/\/schema.org","@graph":[{"@type":"Article","@id":"https:\/\/www.sonoraenequipo.com.mx\/dialogo-no-violencia-en-cuba-y-cese-el-bloqueo-amlo\/#article","isPartOf":{"@id":"https:\/\/www.sonoraenequipo.com.mx\/dialogo-no-violencia-en-cuba-y-cese-el-bloqueo-amlo\/"},"author":{"name":"enequipo","@id":"https:\/\/www.sonoraenequipo.com.mx\/#\/schema\/person\/50102df0fb23a8fa9e8effad8fa81386"},"headline":"Di\u00e1logo, no violencia en Cuba y cese el bloqueo: AMLO","datePublished":"2021-07-12T15:17:26+00:00","dateModified":"2021-07-12T21:42:29+00:00","mainEntityOfPage":{"@id":"https:\/\/www.sonoraenequipo.com.mx\/dialogo-no-violencia-en-cuba-y-cese-el-bloqueo-amlo\/"},"wordCount":510,"commentCount":0,"publisher":{"@id":"https:\/\/www.sonoraenequipo.com.mx\/#organization"},"image":{"@id":"https:\/\/www.sonoraenequipo.com.mx\/dialogo-no-violencia-en-cuba-y-cese-el-bloqueo-amlo\/#primaryimage"},"thumbnailUrl":"https:\/\/www.sonoraenequipo.com.mx\/storage\/2021\/07\/Presidente-de-Mexico_opt.jpg","articleSection":["Rep\u00fablica"],"inLanguage":"es","potentialAction":[{"@type":"CommentAction","name":"Comment","target":["https:\/\/www.sonoraenequipo.com.mx\/dialogo-no-violencia-en-cuba-y-cese-el-bloqueo-amlo\/#respond"]}]},{"@type":"WebPage","@id":"https:\/\/www.sonoraenequipo.com.mx\/dialogo-no-violencia-en-cuba-y-cese-el-bloqueo-amlo\/","url":"https:\/\/www.sonoraenequipo.com.mx\/dialogo-no-violencia-en-cuba-y-cese-el-bloqueo-amlo\/","name":"Sonora en Equipo. Di\u00e1logo, no violencia en Cuba y cese el bloqueo: AMLO Rep\u00fablica","isPartOf":{"@id":"https:\/\/www.sonoraenequipo.com.mx\/#website"},"primaryImageOfPage":{"@id":"https:\/\/www.sonoraenequipo.com.mx\/dialogo-no-violencia-en-cuba-y-cese-el-bloqueo-amlo\/#primaryimage"},"image":{"@id":"https:\/\/www.sonoraenequipo.com.mx\/dialogo-no-violencia-en-cuba-y-cese-el-bloqueo-amlo\/#primaryimage"},"thumbnailUrl":"https:\/\/www.sonoraenequipo.com.mx\/storage\/2021\/07\/Presidente-de-Mexico_opt.jpg","datePublished":"2021-07-12T15:17:26+00:00","dateModified":"2021-07-12T21:42:29+00:00","description":"VILLAHERMOSA, TABASCO. MX. \u2014 \u201cMi solidaridad con el pueblo cubano. Debe buscarse una salida mediante el di\u00e1logo, sin el uso de la fuerza, sin la En Sonora en Equipo publicamos toda la informaci\u00f3n de Sonora, M\u00e9xico y el Mundo de manera oportuna y busca que la libertad de expresi\u00f3n sea real. Visita nuestro medio informativo publicado desde Hermosillo, Sonora. %","breadcrumb":{"@id":"https:\/\/www.sonoraenequipo.com.mx\/dialogo-no-violencia-en-cuba-y-cese-el-bloqueo-amlo\/#breadcrumb"},"inLanguage":"es","potentialAction":[{"@type":"ReadAction","target":["https:\/\/www.sonoraenequipo.com.mx\/dialogo-no-violencia-en-cuba-y-cese-el-bloqueo-amlo\/"]}]},{"@type":"ImageObject","inLanguage":"es","@id":"https:\/\/www.sonoraenequipo.com.mx\/dialogo-no-violencia-en-cuba-y-cese-el-bloqueo-amlo\/#primaryimage","url":"https:\/\/www.sonoraenequipo.com.mx\/storage\/2021\/07\/Presidente-de-Mexico_opt.jpg","contentUrl":"https:\/\/www.sonoraenequipo.com.mx\/storage\/2021\/07\/Presidente-de-Mexico_opt.jpg","width":700,"height":400},{"@type":"BreadcrumbList","@id":"https:\/\/www.sonoraenequipo.com.mx\/dialogo-no-violencia-en-cuba-y-cese-el-bloqueo-amlo\/#breadcrumb","itemListElement":[{"@type":"ListItem","position":1,"name":"Portada","item":"https:\/\/www.sonoraenequipo.com.mx\/"},{"@type":"ListItem","position":2,"name":"Di\u00e1logo, no violencia en Cuba y cese el bloqueo: AMLO"}]},{"@type":"WebSite","@id":"https:\/\/www.sonoraenequipo.com.mx\/#website","url":"https:\/\/www.sonoraenequipo.com.mx\/","name":"Sonora en Equipo.","description":"Diario en l\u00ednea con Noticias desde Hermosillo, Sonora","publisher":{"@id":"https:\/\/www.sonoraenequipo.com.mx\/#organization"},"potentialAction":[{"@type":"SearchAction","target":{"@type":"EntryPoint","urlTemplate":"https:\/\/www.sonoraenequipo.com.mx\/?s={search_term_string}"},"query-input":{"@type":"PropertyValueSpecification","valueRequired":true,"valueName":"search_term_string"}}],"inLanguage":"es"},{"@type":"Organization","@id":"https:\/\/www.sonoraenequipo.com.mx\/#organization","name":"Sonoraenequipo.com.mx","url":"https:\/\/www.sonoraenequipo.com.mx\/","logo":{"@type":"ImageObject","inLanguage":"es","@id":"https:\/\/www.sonoraenequipo.com.mx\/#\/schema\/logo\/image\/","url":"https:\/\/www.sonoraenequipo.com.mx\/storage\/2019\/01\/sonoraenequipo_opt.png","contentUrl":"https:\/\/www.sonoraenequipo.com.mx\/storage\/2019\/01\/sonoraenequipo_opt.png","width":375,"height":125,"caption":"Sonoraenequipo.com.mx"},"image":{"@id":"https:\/\/www.sonoraenequipo.com.mx\/#\/schema\/logo\/image\/"},"sameAs":["https:\/\/www.facebook.com\/SonoraEE\/","https:\/\/x.com\/sonoraenequipo","https:\/\/www.youtube.com\/channel\/UC338nW-lPEYmJQs4ZABQ1SQ"]},{"@type":"Person","@id":"https:\/\/www.sonoraenequipo.com.mx\/#\/schema\/person\/50102df0fb23a8fa9e8effad8fa81386","name":"enequipo","image":{"@type":"ImageObject","inLanguage":"es","@id":"https:\/\/www.sonoraenequipo.com.mx\/#\/schema\/person\/image\/","url":"https:\/\/secure.gravatar.com\/avatar\/049821681b589dabc0bc20695993ccebb09f5b5d4d790cd9251b97faac7c652b?s=96&d=blank&r=g","contentUrl":"https:\/\/secure.gravatar.com\/avatar\/049821681b589dabc0bc20695993ccebb09f5b5d4d790cd9251b97faac7c652b?s=96&d=blank&r=g","caption":"enequipo"},"sameAs":["https:\/\/www.facebook.com\/SonoraEE"]}]}},"jetpack_featured_media_url":"https:\/\/www.sonoraenequipo.com.mx\/storage\/2021\/07\/Presidente-de-Mexico_opt.jpg","_links":{"self":[{"href":"https:\/\/www.sonoraenequipo.com.mx\/api\/wp\/v2\/posts\/118243","targetHints":{"allow":["GET"]}}],"collection":[{"href":"https:\/\/www.sonoraenequipo.com.mx\/api\/wp\/v2\/posts"}],"about":[{"href":"https:\/\/www.sonoraenequipo.com.mx\/api\/wp\/v2\/types\/post"}],"author":[{"embeddable":true,"href":"https:\/\/www.sonoraenequipo.com.mx\/api\/wp\/v2\/users\/1"}],"replies":[{"embeddable":true,"href":"https:\/\/www.sonoraenequipo.com.mx\/api\/wp\/v2\/comments?post=118243"}],"version-history":[{"count":1,"href":"https:\/\/www.sonoraenequipo.com.mx\/api\/wp\/v2\/posts\/118243\/revisions"}],"predecessor-version":[{"id":118245,"href":"https:\/\/www.sonoraenequipo.com.mx\/api\/wp\/v2\/posts\/118243\/revisions\/118245"}],"wp:featuredmedia":[{"embeddable":true,"href":"https:\/\/www.sonoraenequipo.com.mx\/api\/wp\/v2\/media\/118244"}],"wp:attachment":[{"href":"https:\/\/www.sonoraenequipo.com.mx\/api\/wp\/v2\/media?parent=118243"}],"wp:term":[{"taxonomy":"category","embeddable":true,"href":"https:\/\/www.sonoraenequipo.com.mx\/api\/wp\/v2\/categories?post=118243"},{"taxonomy":"post_tag","embeddable":true,"href":"https:\/\/www.sonoraenequipo.com.mx\/api\/wp\/v2\/tags?post=118243"}],"curies":[{"name":"wp","href":"https:\/\/api.w.org\/{rel}","templated":true}]}}