{"id":118249,"date":"2021-07-12T12:07:38","date_gmt":"2021-07-12T19:07:38","guid":{"rendered":"https:\/\/www.sonoraenequipo.com.mx\/?p=118249"},"modified":"2021-07-12T14:43:00","modified_gmt":"2021-07-12T21:43:00","slug":"covid-en-sonora-sigue-a-la-alza","status":"publish","type":"post","link":"https:\/\/www.sonoraenequipo.com.mx\/covid-en-sonora-sigue-a-la-alza\/","title":{"rendered":"Covid en Sonora sigue a la alza"},"content":{"rendered":"<p>&nbsp;<\/p>\n<p>\u25baConfirma Secretar\u00eda de Salud\u00a0 296 nuevos casos y 17 defunciones por\u00a0 Covid-19.<\/p>\n<p>&nbsp;<\/p>\n<p>\u25baSolicita secretario de Salud a COESPRISSON intensificar operativos en tiendas de autoservicio para verificar que cumplan protocolos<\/p>\n<p>&nbsp;<\/p>\n<p>Solicita secretario de Salud\u00a0 a COESPRISSON intensificar operativos en tiendas de autoservicio para verificar que cumplan protocolos.<\/p>\n<p>&nbsp;<\/p>\n<p>Casos nuevos por covid y decesos en Sonora siguen\u00a0 a la alza<\/p>\n<p>\u25baSolicita secretario de Salud a COESPRISSON intensificar operativos en tiendas de autoservicio para verificar que cumplan protocolos.<\/p>\n<p>HERMOSILLO, SONORA,MX.\u2500\u2500 El secretario de Salud en Sonora, Enrique Clausen Iberri, solicit\u00f3 a COESPRISSON se refuercen los operativos constantes\u00a0 en tiendas de autoservicio, revisando se cumplan los protocolos sanitarios y en caso de que no los acaten, sean suspendidos de manera inmediata.<\/p>\n<p>&nbsp;<\/p>\n<p>&nbsp;<\/p>\n<p>&nbsp;<\/p>\n<p>Mencion\u00f3 que se han recibido\u00a0 muchas denuncias a trav\u00e9s de redes sociales respecto a que en algunos establecimientos los empleados han relajado los protocolos sanitarios, al grado de no usar correctamente el cubrebocas.<\/p>\n<p>&nbsp;<\/p>\n<p>&nbsp;<\/p>\n<p>&nbsp;<\/p>\n<p>\u201cEstoy recibiendo muchas denuncias en redes sociales de que, en algunos establecimientos de autoservicio como, en algunos, sus empleados han dejado, en su mayor\u00eda, de realizar los protocolos sanitarios, en otros adem\u00e1s, de que su personal es muy amable, s\u00ed cuidan las medidas sanitarias\u201d, indic\u00f3.<\/p>\n<p>&nbsp;<\/p>\n<p>&nbsp;<\/p>\n<p>&nbsp;<\/p>\n<p>Clausen Iberri llam\u00f3 a los establecimientos a que realicen al 100% los protocolos sanitarios, ya que solo as\u00ed se podr\u00e1 contener la transmisi\u00f3n del COVID-19.<\/p>\n<p>&nbsp;<\/p>\n<p>&nbsp;<\/p>\n<p>&nbsp;<\/p>\n<p>\u201cEn algunos de estos establecimientos los empleados no usan cubrebocas y se molestan si les piden que lo utilicen, no se cuenta con gel alcohol, y est\u00e1n rebasando el aforo permitido\u201d, se\u00f1al\u00f3.<\/p>\n<p>&nbsp;<\/p>\n<p>&nbsp;<\/p>\n<p>&nbsp;<\/p>\n<p>Hoy se confirmaron 17 decesos por Covid-19, en 10 mujeres y 7 hombres, residentes de: Hermosillo 8; Navojoa 2; Nogales, Puerto Pe\u00f1asco, San Ignacio R\u00edo Muerto, Caborca, Cajeme, General Plutarco El\u00edas Calles y Huatabampo 1 cada uno, acumul\u00e1ndose 6 mil 575 defunciones.<\/p>\n<p>&nbsp;<\/p>\n<p>&nbsp;<\/p>\n<p>&nbsp;<\/p>\n<p>Este d\u00eda se sumaron 296 nuevos casos por Covid, en 173 mujeres y 123 hombres, acumul\u00e1ndose 81 mil 416 casos en total, residentes de: Hermosillo 91; Cajeme 50; Guaymas 45; Caborca 24; Navojoa 17; Nogales 15; Huatabampo 12; Empalme 11; Puerto Pe\u00f1asco 8; Pitiquito 5; \u00c1lamos y San Luis R\u00edo Colorado 4 cada uno; General Plutarco El\u00edas Calles 3; Benito Ju\u00e1rez, Cananea y San Ignacio R\u00edo Muerto 2 cada uno; y Etchojoa 1.<\/p>\n<p>&nbsp;<\/p>\n<p>&nbsp;<\/p>\n<p>&nbsp;<\/p>\n<p>Se confirmaron 19 casos pedi\u00e1tricos, en 12 ni\u00f1as y 7 ni\u00f1os, acumul\u00e1ndose mil 672 casos en total; adem\u00e1s se sumaron 2 casos en mujeres embarazadas, acumul\u00e1ndose 562 casos en total. Al momento, se han realizado 149 mil 003 pruebas, de las cuales 81 mil 416 han sido casos confirmados y 67 mil 587 casos descartados.<\/p>\n<p>&nbsp;<\/p>\n<p>&nbsp;<\/p>\n<p>&nbsp;<\/p>\n<p>Con cuadro leve se tienen registradas 11 mil 298 personas, 2 mil 719 activos y 8 mil 579 con seguimiento terminado.De las 197 personas que est\u00e1n hospitalizadas, 32 est\u00e1n estables, 122 graves, y 43 cr\u00edticos.<\/p>\n<p>&nbsp;<\/p>\n<p>&nbsp;<\/p>\n<p>&nbsp;<\/p>\n<p>&nbsp;<\/p>\n<p>&nbsp;<\/p>\n<p>Casos COVID-19 en Sonora 81,416 casos confirmados y 6,575 defunciones.<\/p>\n<p>Fecha de Publicaci\u00f3n\u00a0\u00a0 lunes \/ 12\u00a0\u00a0 \/ julio \/ 2021<\/p>\n<p>&nbsp;<\/p>\n","protected":false},"excerpt":{"rendered":"<p>&nbsp; \u25baConfirma Secretar\u00eda de Salud\u00a0 296 nuevos casos y 17 defunciones por\u00a0 Covid-19. &nbsp; \u25baSolicita&#8230;<\/p>\n","protected":false},"author":1,"featured_media":118250,"comment_status":"open","ping_status":"open","sticky":false,"template":"","format":"standard","meta":{"_monsterinsights_skip_tracking":false,"_monsterinsights_sitenote_active":false,"_monsterinsights_sitenote_note":"","_monsterinsights_sitenote_category":0,"footnotes":""},"categories":[22],"tags":[4249,15],"class_list":["post"],"yoast_head":" \n<title>Sonora en Equipo. Covid en Sonora sigue a la alza Sonora<\/title>\n<meta name=\"description\" content=\"&nbsp; \u25baConfirma Secretar\u00eda de Salud\u00a0 296 nuevos casos y 17 defunciones por\u00a0 Covid-19. &nbsp; \u25baSolicita secretario de Salud a COESPRISSON intensificar En Sonora en Equipo publicamos toda la informaci\u00f3n de Sonora, M\u00e9xico y el Mundo de manera oportuna y busca que la libertad de expresi\u00f3n sea real. Visita nuestro medio informativo publicado desde Hermosillo, Sonora. %\" \/>\n<meta name=\"robots\" content=\"index, follow, max-snippet:-1, max-image-preview:large, max-video-preview:-1\" \/>\n<link rel=\"canonical\" href=\"https:\/\/www.sonoraenequipo.com.mx\/covid-en-sonora-sigue-a-la-alza\/\" \/>\n<meta property=\"og:locale\" content=\"es_ES\" \/>\n<meta property=\"og:type\" content=\"article\" \/>\n<meta property=\"og:title\" content=\"Sonora en Equipo. Covid en Sonora sigue a la alza Sonora\" \/>\n<meta property=\"og:description\" content=\"&nbsp; \u25baConfirma Secretar\u00eda de Salud\u00a0 296 nuevos casos y 17 defunciones por\u00a0 Covid-19. &nbsp; \u25baSolicita secretario de Salud a COESPRISSON intensificar En Sonora en Equipo publicamos toda la informaci\u00f3n de Sonora, M\u00e9xico y el Mundo de manera oportuna y busca que la libertad de expresi\u00f3n sea real. Visita nuestro medio informativo publicado desde Hermosillo, Sonora. %\" \/>\n<meta property=\"og:url\" content=\"https:\/\/www.sonoraenequipo.com.mx\/covid-en-sonora-sigue-a-la-alza\/\" \/>\n<meta property=\"og:site_name\" content=\"Sonora en Equipo.\" \/>\n<meta property=\"article:publisher\" content=\"https:\/\/www.facebook.com\/SonoraEE\/\" \/>\n<meta property=\"article:author\" content=\"https:\/\/www.facebook.com\/SonoraEE\" \/>\n<meta property=\"article:published_time\" content=\"2021-07-12T19:07:38+00:00\" \/>\n<meta property=\"article:modified_time\" content=\"2021-07-12T21:43:00+00:00\" \/>\n<meta property=\"og:image\" content=\"https:\/\/www.sonoraenequipo.com.mx\/storage\/2021\/07\/ocup-hosp.jpg\" \/>\n\t<meta property=\"og:image:width\" content=\"600\" \/>\n\t<meta property=\"og:image:height\" content=\"400\" \/>\n\t<meta property=\"og:image:type\" content=\"image\/jpeg\" \/>\n<meta name=\"author\" content=\"enequipo\" \/>\n<meta name=\"twitter:card\" content=\"summary_large_image\" \/>\n<meta name=\"twitter:creator\" content=\"@sonoraenequipo\" \/>\n<meta name=\"twitter:site\" content=\"@sonoraenequipo\" \/>\n<meta name=\"twitter:label1\" content=\"Escrito por\" \/>\n\t<meta name=\"twitter:data1\" content=\"enequipo\" \/>\n\t<meta name=\"twitter:label2\" content=\"Tiempo de lectura\" \/>\n\t<meta name=\"twitter:data2\" content=\"3 minutos\" \/>\n<script type=\"application\/ld+json\" class=\"yoast-schema-graph\">{\"@context\":\"https:\/\/schema.org\",\"@graph\":[{\"@type\":\"Article\",\"@id\":\"https:\/\/www.sonoraenequipo.com.mx\/covid-en-sonora-sigue-a-la-alza\/#article\",\"isPartOf\":{\"@id\":\"https:\/\/www.sonoraenequipo.com.mx\/covid-en-sonora-sigue-a-la-alza\/\"},\"author\":{\"name\":\"enequipo\",\"@id\":\"https:\/\/www.sonoraenequipo.com.mx\/#\/schema\/person\/50102df0fb23a8fa9e8effad8fa81386\"},\"headline\":\"Covid en Sonora sigue a la alza\",\"datePublished\":\"2021-07-12T19:07:38+00:00\",\"dateModified\":\"2021-07-12T21:43:00+00:00\",\"mainEntityOfPage\":{\"@id\":\"https:\/\/www.sonoraenequipo.com.mx\/covid-en-sonora-sigue-a-la-alza\/\"},\"wordCount\":489,\"commentCount\":0,\"publisher\":{\"@id\":\"https:\/\/www.sonoraenequipo.com.mx\/#organization\"},\"image\":{\"@id\":\"https:\/\/www.sonoraenequipo.com.mx\/covid-en-sonora-sigue-a-la-alza\/#primaryimage\"},\"thumbnailUrl\":\"https:\/\/www.sonoraenequipo.com.mx\/storage\/2021\/07\/ocup-hosp.jpg\",\"keywords\":[\"covid\",\"Sonora\"],\"articleSection\":[\"Sonora\"],\"inLanguage\":\"es\",\"potentialAction\":[{\"@type\":\"CommentAction\",\"name\":\"Comment\",\"target\":[\"https:\/\/www.sonoraenequipo.com.mx\/covid-en-sonora-sigue-a-la-alza\/#respond\"]}]},{\"@type\":\"WebPage\",\"@id\":\"https:\/\/www.sonoraenequipo.com.mx\/covid-en-sonora-sigue-a-la-alza\/\",\"url\":\"https:\/\/www.sonoraenequipo.com.mx\/covid-en-sonora-sigue-a-la-alza\/\",\"name\":\"Sonora en Equipo. Covid en Sonora sigue a la alza Sonora\",\"isPartOf\":{\"@id\":\"https:\/\/www.sonoraenequipo.com.mx\/#website\"},\"primaryImageOfPage\":{\"@id\":\"https:\/\/www.sonoraenequipo.com.mx\/covid-en-sonora-sigue-a-la-alza\/#primaryimage\"},\"image\":{\"@id\":\"https:\/\/www.sonoraenequipo.com.mx\/covid-en-sonora-sigue-a-la-alza\/#primaryimage\"},\"thumbnailUrl\":\"https:\/\/www.sonoraenequipo.com.mx\/storage\/2021\/07\/ocup-hosp.jpg\",\"datePublished\":\"2021-07-12T19:07:38+00:00\",\"dateModified\":\"2021-07-12T21:43:00+00:00\",\"description\":\"&nbsp; \u25baConfirma Secretar\u00eda de Salud\u00a0 296 nuevos casos y 17 defunciones por\u00a0 Covid-19. &nbsp; \u25baSolicita secretario de Salud a COESPRISSON intensificar En Sonora en Equipo publicamos toda la informaci\u00f3n de Sonora, M\u00e9xico y el Mundo de manera oportuna y busca que la libertad de expresi\u00f3n sea real. Visita nuestro medio informativo publicado desde Hermosillo, Sonora. %\",\"breadcrumb\":{\"@id\":\"https:\/\/www.sonoraenequipo.com.mx\/covid-en-sonora-sigue-a-la-alza\/#breadcrumb\"},\"inLanguage\":\"es\",\"potentialAction\":[{\"@type\":\"ReadAction\",\"target\":[\"https:\/\/www.sonoraenequipo.com.mx\/covid-en-sonora-sigue-a-la-alza\/\"]}]},{\"@type\":\"ImageObject\",\"inLanguage\":\"es\",\"@id\":\"https:\/\/www.sonoraenequipo.com.mx\/covid-en-sonora-sigue-a-la-alza\/#primaryimage\",\"url\":\"https:\/\/www.sonoraenequipo.com.mx\/storage\/2021\/07\/ocup-hosp.jpg\",\"contentUrl\":\"https:\/\/www.sonoraenequipo.com.mx\/storage\/2021\/07\/ocup-hosp.jpg\",\"width\":600,\"height\":400},{\"@type\":\"BreadcrumbList\",\"@id\":\"https:\/\/www.sonoraenequipo.com.mx\/covid-en-sonora-sigue-a-la-alza\/#breadcrumb\",\"itemListElement\":[{\"@type\":\"ListItem\",\"position\":1,\"name\":\"Portada\",\"item\":\"https:\/\/www.sonoraenequipo.com.mx\/\"},{\"@type\":\"ListItem\",\"position\":2,\"name\":\"Covid en Sonora sigue a la alza\"}]},{\"@type\":\"WebSite\",\"@id\":\"https:\/\/www.sonoraenequipo.com.mx\/#website\",\"url\":\"https:\/\/www.sonoraenequipo.com.mx\/\",\"name\":\"Sonora en Equipo.\",\"description\":\"Diario en l\u00ednea con Noticias desde Hermosillo, Sonora\",\"publisher\":{\"@id\":\"https:\/\/www.sonoraenequipo.com.mx\/#organization\"},\"potentialAction\":[{\"@type\":\"SearchAction\",\"target\":{\"@type\":\"EntryPoint\",\"urlTemplate\":\"https:\/\/www.sonoraenequipo.com.mx\/?s={search_term_string}\"},\"query-input\":{\"@type\":\"PropertyValueSpecification\",\"valueRequired\":true,\"valueName\":\"search_term_string\"}}],\"inLanguage\":\"es\"},{\"@type\":\"Organization\",\"@id\":\"https:\/\/www.sonoraenequipo.com.mx\/#organization\",\"name\":\"Sonoraenequipo.com.mx\",\"url\":\"https:\/\/www.sonoraenequipo.com.mx\/\",\"logo\":{\"@type\":\"ImageObject\",\"inLanguage\":\"es\",\"@id\":\"https:\/\/www.sonoraenequipo.com.mx\/#\/schema\/logo\/image\/\",\"url\":\"https:\/\/www.sonoraenequipo.com.mx\/storage\/2019\/01\/sonoraenequipo_opt.png\",\"contentUrl\":\"https:\/\/www.sonoraenequipo.com.mx\/storage\/2019\/01\/sonoraenequipo_opt.png\",\"width\":375,\"height\":125,\"caption\":\"Sonoraenequipo.com.mx\"},\"image\":{\"@id\":\"https:\/\/www.sonoraenequipo.com.mx\/#\/schema\/logo\/image\/\"},\"sameAs\":[\"https:\/\/www.facebook.com\/SonoraEE\/\",\"https:\/\/x.com\/sonoraenequipo\",\"https:\/\/www.youtube.com\/channel\/UC338nW-lPEYmJQs4ZABQ1SQ\"]},{\"@type\":\"Person\",\"@id\":\"https:\/\/www.sonoraenequipo.com.mx\/#\/schema\/person\/50102df0fb23a8fa9e8effad8fa81386\",\"name\":\"enequipo\",\"image\":{\"@type\":\"ImageObject\",\"inLanguage\":\"es\",\"@id\":\"https:\/\/www.sonoraenequipo.com.mx\/#\/schema\/person\/image\/\",\"url\":\"https:\/\/secure.gravatar.com\/avatar\/049821681b589dabc0bc20695993ccebb09f5b5d4d790cd9251b97faac7c652b?s=96&d=blank&r=g\",\"contentUrl\":\"https:\/\/secure.gravatar.com\/avatar\/049821681b589dabc0bc20695993ccebb09f5b5d4d790cd9251b97faac7c652b?s=96&d=blank&r=g\",\"caption\":\"enequipo\"},\"sameAs\":[\"https:\/\/www.facebook.com\/SonoraEE\"]}]}<\/script>\n ","yoast_head_json":{"title":"Sonora en Equipo. Covid en Sonora sigue a la alza Sonora","description":"&nbsp; \u25baConfirma Secretar\u00eda de Salud\u00a0 296 nuevos casos y 17 defunciones por\u00a0 Covid-19. &nbsp; \u25baSolicita secretario de Salud a COESPRISSON intensificar En Sonora en Equipo publicamos toda la informaci\u00f3n de Sonora, M\u00e9xico y el Mundo de manera oportuna y busca que la libertad de expresi\u00f3n sea real. Visita nuestro medio informativo publicado desde Hermosillo, Sonora. %","robots":{"index":"index","follow":"follow","max-snippet":"max-snippet:-1","max-image-preview":"max-image-preview:large","max-video-preview":"max-video-preview:-1"},"canonical":"https:\/\/www.sonoraenequipo.com.mx\/covid-en-sonora-sigue-a-la-alza\/","og_locale":"es_ES","og_type":"article","og_title":"Sonora en Equipo. Covid en Sonora sigue a la alza Sonora","og_description":"&nbsp; \u25baConfirma Secretar\u00eda de Salud\u00a0 296 nuevos casos y 17 defunciones por\u00a0 Covid-19. &nbsp; \u25baSolicita secretario de Salud a COESPRISSON intensificar En Sonora en Equipo publicamos toda la informaci\u00f3n de Sonora, M\u00e9xico y el Mundo de manera oportuna y busca que la libertad de expresi\u00f3n sea real. Visita nuestro medio informativo publicado desde Hermosillo, Sonora. %","og_url":"https:\/\/www.sonoraenequipo.com.mx\/covid-en-sonora-sigue-a-la-alza\/","og_site_name":"Sonora en Equipo.","article_publisher":"https:\/\/www.facebook.com\/SonoraEE\/","article_author":"https:\/\/www.facebook.com\/SonoraEE","article_published_time":"2021-07-12T19:07:38+00:00","article_modified_time":"2021-07-12T21:43:00+00:00","og_image":[{"width":600,"height":400,"url":"https:\/\/www.sonoraenequipo.com.mx\/storage\/2021\/07\/ocup-hosp.jpg","type":"image\/jpeg"}],"author":"enequipo","twitter_card":"summary_large_image","twitter_creator":"@sonoraenequipo","twitter_site":"@sonoraenequipo","twitter_misc":{"Escrito por":"enequipo","Tiempo de lectura":"3 minutos"},"schema":{"@context":"https:\/\/schema.org","@graph":[{"@type":"Article","@id":"https:\/\/www.sonoraenequipo.com.mx\/covid-en-sonora-sigue-a-la-alza\/#article","isPartOf":{"@id":"https:\/\/www.sonoraenequipo.com.mx\/covid-en-sonora-sigue-a-la-alza\/"},"author":{"name":"enequipo","@id":"https:\/\/www.sonoraenequipo.com.mx\/#\/schema\/person\/50102df0fb23a8fa9e8effad8fa81386"},"headline":"Covid en Sonora sigue a la alza","datePublished":"2021-07-12T19:07:38+00:00","dateModified":"2021-07-12T21:43:00+00:00","mainEntityOfPage":{"@id":"https:\/\/www.sonoraenequipo.com.mx\/covid-en-sonora-sigue-a-la-alza\/"},"wordCount":489,"commentCount":0,"publisher":{"@id":"https:\/\/www.sonoraenequipo.com.mx\/#organization"},"image":{"@id":"https:\/\/www.sonoraenequipo.com.mx\/covid-en-sonora-sigue-a-la-alza\/#primaryimage"},"thumbnailUrl":"https:\/\/www.sonoraenequipo.com.mx\/storage\/2021\/07\/ocup-hosp.jpg","keywords":["covid","Sonora"],"articleSection":["Sonora"],"inLanguage":"es","potentialAction":[{"@type":"CommentAction","name":"Comment","target":["https:\/\/www.sonoraenequipo.com.mx\/covid-en-sonora-sigue-a-la-alza\/#respond"]}]},{"@type":"WebPage","@id":"https:\/\/www.sonoraenequipo.com.mx\/covid-en-sonora-sigue-a-la-alza\/","url":"https:\/\/www.sonoraenequipo.com.mx\/covid-en-sonora-sigue-a-la-alza\/","name":"Sonora en Equipo. Covid en Sonora sigue a la alza Sonora","isPartOf":{"@id":"https:\/\/www.sonoraenequipo.com.mx\/#website"},"primaryImageOfPage":{"@id":"https:\/\/www.sonoraenequipo.com.mx\/covid-en-sonora-sigue-a-la-alza\/#primaryimage"},"image":{"@id":"https:\/\/www.sonoraenequipo.com.mx\/covid-en-sonora-sigue-a-la-alza\/#primaryimage"},"thumbnailUrl":"https:\/\/www.sonoraenequipo.com.mx\/storage\/2021\/07\/ocup-hosp.jpg","datePublished":"2021-07-12T19:07:38+00:00","dateModified":"2021-07-12T21:43:00+00:00","description":"&nbsp; \u25baConfirma Secretar\u00eda de Salud\u00a0 296 nuevos casos y 17 defunciones por\u00a0 Covid-19. &nbsp; \u25baSolicita secretario de Salud a COESPRISSON intensificar En Sonora en Equipo publicamos toda la informaci\u00f3n de Sonora, M\u00e9xico y el Mundo de manera oportuna y busca que la libertad de expresi\u00f3n sea real. Visita nuestro medio informativo publicado desde Hermosillo, Sonora. %","breadcrumb":{"@id":"https:\/\/www.sonoraenequipo.com.mx\/covid-en-sonora-sigue-a-la-alza\/#breadcrumb"},"inLanguage":"es","potentialAction":[{"@type":"ReadAction","target":["https:\/\/www.sonoraenequipo.com.mx\/covid-en-sonora-sigue-a-la-alza\/"]}]},{"@type":"ImageObject","inLanguage":"es","@id":"https:\/\/www.sonoraenequipo.com.mx\/covid-en-sonora-sigue-a-la-alza\/#primaryimage","url":"https:\/\/www.sonoraenequipo.com.mx\/storage\/2021\/07\/ocup-hosp.jpg","contentUrl":"https:\/\/www.sonoraenequipo.com.mx\/storage\/2021\/07\/ocup-hosp.jpg","width":600,"height":400},{"@type":"BreadcrumbList","@id":"https:\/\/www.sonoraenequipo.com.mx\/covid-en-sonora-sigue-a-la-alza\/#breadcrumb","itemListElement":[{"@type":"ListItem","position":1,"name":"Portada","item":"https:\/\/www.sonoraenequipo.com.mx\/"},{"@type":"ListItem","position":2,"name":"Covid en Sonora sigue a la alza"}]},{"@type":"WebSite","@id":"https:\/\/www.sonoraenequipo.com.mx\/#website","url":"https:\/\/www.sonoraenequipo.com.mx\/","name":"Sonora en Equipo.","description":"Diario en l\u00ednea con Noticias desde Hermosillo, Sonora","publisher":{"@id":"https:\/\/www.sonoraenequipo.com.mx\/#organization"},"potentialAction":[{"@type":"SearchAction","target":{"@type":"EntryPoint","urlTemplate":"https:\/\/www.sonoraenequipo.com.mx\/?s={search_term_string}"},"query-input":{"@type":"PropertyValueSpecification","valueRequired":true,"valueName":"search_term_string"}}],"inLanguage":"es"},{"@type":"Organization","@id":"https:\/\/www.sonoraenequipo.com.mx\/#organization","name":"Sonoraenequipo.com.mx","url":"https:\/\/www.sonoraenequipo.com.mx\/","logo":{"@type":"ImageObject","inLanguage":"es","@id":"https:\/\/www.sonoraenequipo.com.mx\/#\/schema\/logo\/image\/","url":"https:\/\/www.sonoraenequipo.com.mx\/storage\/2019\/01\/sonoraenequipo_opt.png","contentUrl":"https:\/\/www.sonoraenequipo.com.mx\/storage\/2019\/01\/sonoraenequipo_opt.png","width":375,"height":125,"caption":"Sonoraenequipo.com.mx"},"image":{"@id":"https:\/\/www.sonoraenequipo.com.mx\/#\/schema\/logo\/image\/"},"sameAs":["https:\/\/www.facebook.com\/SonoraEE\/","https:\/\/x.com\/sonoraenequipo","https:\/\/www.youtube.com\/channel\/UC338nW-lPEYmJQs4ZABQ1SQ"]},{"@type":"Person","@id":"https:\/\/www.sonoraenequipo.com.mx\/#\/schema\/person\/50102df0fb23a8fa9e8effad8fa81386","name":"enequipo","image":{"@type":"ImageObject","inLanguage":"es","@id":"https:\/\/www.sonoraenequipo.com.mx\/#\/schema\/person\/image\/","url":"https:\/\/secure.gravatar.com\/avatar\/049821681b589dabc0bc20695993ccebb09f5b5d4d790cd9251b97faac7c652b?s=96&d=blank&r=g","contentUrl":"https:\/\/secure.gravatar.com\/avatar\/049821681b589dabc0bc20695993ccebb09f5b5d4d790cd9251b97faac7c652b?s=96&d=blank&r=g","caption":"enequipo"},"sameAs":["https:\/\/www.facebook.com\/SonoraEE"]}]}},"jetpack_featured_media_url":"https:\/\/www.sonoraenequipo.com.mx\/storage\/2021\/07\/ocup-hosp.jpg","_links":{"self":[{"href":"https:\/\/www.sonoraenequipo.com.mx\/api\/wp\/v2\/posts\/118249","targetHints":{"allow":["GET"]}}],"collection":[{"href":"https:\/\/www.sonoraenequipo.com.mx\/api\/wp\/v2\/posts"}],"about":[{"href":"https:\/\/www.sonoraenequipo.com.mx\/api\/wp\/v2\/types\/post"}],"author":[{"embeddable":true,"href":"https:\/\/www.sonoraenequipo.com.mx\/api\/wp\/v2\/users\/1"}],"replies":[{"embeddable":true,"href":"https:\/\/www.sonoraenequipo.com.mx\/api\/wp\/v2\/comments?post=118249"}],"version-history":[{"count":3,"href":"https:\/\/www.sonoraenequipo.com.mx\/api\/wp\/v2\/posts\/118249\/revisions"}],"predecessor-version":[{"id":118253,"href":"https:\/\/www.sonoraenequipo.com.mx\/api\/wp\/v2\/posts\/118249\/revisions\/118253"}],"wp:featuredmedia":[{"embeddable":true,"href":"https:\/\/www.sonoraenequipo.com.mx\/api\/wp\/v2\/media\/118250"}],"wp:attachment":[{"href":"https:\/\/www.sonoraenequipo.com.mx\/api\/wp\/v2\/media?parent=118249"}],"wp:term":[{"taxonomy":"category","embeddable":true,"href":"https:\/\/www.sonoraenequipo.com.mx\/api\/wp\/v2\/categories?post=118249"},{"taxonomy":"post_tag","embeddable":true,"href":"https:\/\/www.sonoraenequipo.com.mx\/api\/wp\/v2\/tags?post=118249"}],"curies":[{"name":"wp","href":"https:\/\/api.w.org\/{rel}","templated":true}]}}