{"id":118254,"date":"2021-07-12T13:43:21","date_gmt":"2021-07-12T20:43:21","guid":{"rendered":"https:\/\/www.sonoraenequipo.com.mx\/?p=118254"},"modified":"2021-07-12T13:43:21","modified_gmt":"2021-07-12T20:43:21","slug":"aprueba-sep-calendario-escolar-ajustado-para-sonora","status":"publish","type":"post","link":"https:\/\/www.sonoraenequipo.com.mx\/aprueba-sep-calendario-escolar-ajustado-para-sonora\/","title":{"rendered":"Aprueba SEP Calendario Escolar ajustado para Sonora"},"content":{"rendered":"<p>Aprueba SEP Calendario Escolar ajustado para Sonora<\/p>\n<p>\u25baProtege a estudiantes de los d\u00edas de m\u00e1s calor en ciclo escolar 2021-2022 en Sonora<\/p>\n<p>HERMOSILLO, SONORA,MX.\u2500\u2500 En Sonora, el Calendario Escolar ser\u00e1 ajustado en el ciclo 2021-2022 para escuelas p\u00fablicas y privadas de educaci\u00f3n b\u00e1sica para proteger a ni\u00f1as, ni\u00f1os y adolescentes del clima extremo de julio y agosto, se\u00f1al\u00f3 la gobernadora Claudia Pavlovich al anunciar que la propuesta presentada a la SEP para esta entidad fue aprobada.<\/p>\n<p>&nbsp;<\/p>\n<p>La mandataria sonorense agradeci\u00f3 la atenci\u00f3n y seriedad con la que la secretaria de Educaci\u00f3n P\u00fablica, Delfina G\u00f3mez \u00c1lvarez recibi\u00f3 la propuesta de calendario escolar para Sonora, en un tema que es de mucha preocupaci\u00f3n para madres y padres de familia y que ahora permitir\u00e1 que las y los alumnos se expongan menos a las altas temperaturas y se cumplan con las horas efectivas de clases, d\u00edas de asueto y sesiones del Consejo T\u00e9cnico Escolar establecidas.<\/p>\n<p>&nbsp;<\/p>\n<p>De acuerdo con el calendario escolar ya aprobado por la SEP iniciar\u00e1n las clases el 30 de agosto de 2021 para concluir el 8 de julio de 2022, con horarios ampliados en algunos meses de primavera, verano y oto\u00f1o.<\/p>\n<p>&nbsp;<\/p>\n<p>El Calendario Escolar Ajustado 2021-2022 que regir\u00e1 en Sonora, ser\u00e1 de 190 d\u00edas y 800 horas de trabajo, respeta las sesiones de Consejo T\u00e9cnico Escolar establecidas, d\u00edas de descanso obligatorio y los periodos vacacionales, precis\u00f3.<\/p>\n<p>&nbsp;<\/p>\n<p>El horario ampliado se aplicar\u00e1 en dos fases, la primera del 30 de agosto al 15 de octubre de 2021 y la segunda del 2 de mayo al 8 de julio de 2022, en los siguientes niveles:<\/p>\n<p>&nbsp;<\/p>\n<p>Preescolar:<\/p>\n<p>&#8211; Turno matutino de 8:30 a 12:00 horas.<\/p>\n<p>&#8211; Turno vespertino de 13:30 a 17:00 horas.<\/p>\n<p>&nbsp;<\/p>\n<p>Primaria:<\/p>\n<p>&#8211; Turno matutino de 7:30 a 12:30 horas.<\/p>\n<p>&#8211; Turno vespertino de 13:30 a 18:30 horas.<\/p>\n<p>&nbsp;<\/p>\n<p>Secundaria<\/p>\n<p>&#8211; Turno matutino de 7:00 a 13:30 horas.<\/p>\n<p>&#8211; Turno vespertino de 13:30 a 20:00 horas.<\/p>\n<p>&nbsp;<\/p>\n<p>El horario regular inicia el 18 de octubre de 2021 y concluye el 28 de abril de 2022.<\/p>\n<p>Horario regular:<\/p>\n<p>&nbsp;<\/p>\n<p>Preescolar:<\/p>\n<p>&#8211; Turno matutino de 9:00 a 12:00 horas.<\/p>\n<p>&#8211; Turno vespertino de 13:30 a 16:30 horas.<\/p>\n<p>&nbsp;<\/p>\n<p>Primaria:<\/p>\n<p>&#8211; Turno matutino de 8:00 a 12:30 horas.<\/p>\n<p>&#8211; Turno vespertino de 13:30 a 18:00 horas.<\/p>\n<p>&nbsp;<\/p>\n<p>Secundaria<\/p>\n<p>&#8211; Turno matutino de 7:30 a 13:30 horas.<\/p>\n<p>&#8211; Turno Vespertino de 13:30 a 19:30 horas.<\/p>\n<p>&nbsp;<\/p>\n<p>Indic\u00f3 que, en cumplimiento al Art\u00edculo 89 de la Ley General de Educaci\u00f3n, se gestionar\u00e1 la publicaci\u00f3n oportuna del Calendario Escolar Ajustado en el Bolet\u00edn Oficial del Estado de Sonora para su entrada en vigor.<\/p>\n<p>Fecha de Publicaci\u00f3n\u00a0\u00a0 lunes \/ 12\u00a0\u00a0 \/ julio \/ 2021<\/p>\n<p>&nbsp;<\/p>\n<p>&nbsp;<\/p>\n","protected":false},"excerpt":{"rendered":"<p>Aprueba SEP Calendario Escolar ajustado para Sonora \u25baProtege a estudiantes de los d\u00edas de m\u00e1s&#8230;<\/p>\n","protected":false},"author":1,"featured_media":118255,"comment_status":"open","ping_status":"open","sticky":false,"template":"","format":"standard","meta":{"_monsterinsights_skip_tracking":false,"_monsterinsights_sitenote_active":false,"_monsterinsights_sitenote_note":"","_monsterinsights_sitenote_category":0,"footnotes":""},"categories":[22],"tags":[5909],"class_list":["post"],"yoast_head":" \n<title>Sonora en Equipo. Aprueba SEP Calendario Escolar ajustado para Sonora Sonora<\/title>\n<meta name=\"description\" content=\"Aprueba SEP Calendario Escolar ajustado para Sonora \u25baProtege a estudiantes de los d\u00edas de m\u00e1s calor en ciclo escolar 2021-2022 en Sonora HERMOSILLO, En Sonora en Equipo publicamos toda la informaci\u00f3n de Sonora, M\u00e9xico y el Mundo de manera oportuna y busca que la libertad de expresi\u00f3n sea real. Visita nuestro medio informativo publicado desde Hermosillo, Sonora. %\" \/>\n<meta name=\"robots\" content=\"index, follow, max-snippet:-1, max-image-preview:large, max-video-preview:-1\" \/>\n<link rel=\"canonical\" href=\"https:\/\/www.sonoraenequipo.com.mx\/aprueba-sep-calendario-escolar-ajustado-para-sonora\/\" \/>\n<meta property=\"og:locale\" content=\"es_ES\" \/>\n<meta property=\"og:type\" content=\"article\" \/>\n<meta property=\"og:title\" content=\"Sonora en Equipo. Aprueba SEP Calendario Escolar ajustado para Sonora Sonora\" \/>\n<meta property=\"og:description\" content=\"Aprueba SEP Calendario Escolar ajustado para Sonora \u25baProtege a estudiantes de los d\u00edas de m\u00e1s calor en ciclo escolar 2021-2022 en Sonora HERMOSILLO, En Sonora en Equipo publicamos toda la informaci\u00f3n de Sonora, M\u00e9xico y el Mundo de manera oportuna y busca que la libertad de expresi\u00f3n sea real. Visita nuestro medio informativo publicado desde Hermosillo, Sonora. %\" \/>\n<meta property=\"og:url\" content=\"https:\/\/www.sonoraenequipo.com.mx\/aprueba-sep-calendario-escolar-ajustado-para-sonora\/\" \/>\n<meta property=\"og:site_name\" content=\"Sonora en Equipo.\" \/>\n<meta property=\"article:publisher\" content=\"https:\/\/www.facebook.com\/SonoraEE\/\" \/>\n<meta property=\"article:author\" content=\"https:\/\/www.facebook.com\/SonoraEE\" \/>\n<meta property=\"article:published_time\" content=\"2021-07-12T20:43:21+00:00\" \/>\n<meta property=\"og:image\" content=\"https:\/\/www.sonoraenequipo.com.mx\/storage\/2021\/07\/aula-ninos.jpg\" \/>\n\t<meta property=\"og:image:width\" content=\"700\" \/>\n\t<meta property=\"og:image:height\" content=\"400\" \/>\n\t<meta property=\"og:image:type\" content=\"image\/jpeg\" \/>\n<meta name=\"author\" content=\"enequipo\" \/>\n<meta name=\"twitter:card\" content=\"summary_large_image\" \/>\n<meta name=\"twitter:creator\" content=\"@sonoraenequipo\" \/>\n<meta name=\"twitter:site\" content=\"@sonoraenequipo\" \/>\n<meta name=\"twitter:label1\" content=\"Escrito por\" \/>\n\t<meta name=\"twitter:data1\" content=\"enequipo\" \/>\n\t<meta name=\"twitter:label2\" content=\"Tiempo de lectura\" \/>\n\t<meta name=\"twitter:data2\" content=\"2 minutos\" \/>\n<script type=\"application\/ld+json\" class=\"yoast-schema-graph\">{\"@context\":\"https:\/\/schema.org\",\"@graph\":[{\"@type\":\"Article\",\"@id\":\"https:\/\/www.sonoraenequipo.com.mx\/aprueba-sep-calendario-escolar-ajustado-para-sonora\/#article\",\"isPartOf\":{\"@id\":\"https:\/\/www.sonoraenequipo.com.mx\/aprueba-sep-calendario-escolar-ajustado-para-sonora\/\"},\"author\":{\"name\":\"enequipo\",\"@id\":\"https:\/\/www.sonoraenequipo.com.mx\/#\/schema\/person\/50102df0fb23a8fa9e8effad8fa81386\"},\"headline\":\"Aprueba SEP Calendario Escolar ajustado para Sonora\",\"datePublished\":\"2021-07-12T20:43:21+00:00\",\"mainEntityOfPage\":{\"@id\":\"https:\/\/www.sonoraenequipo.com.mx\/aprueba-sep-calendario-escolar-ajustado-para-sonora\/\"},\"wordCount\":431,\"commentCount\":0,\"publisher\":{\"@id\":\"https:\/\/www.sonoraenequipo.com.mx\/#organization\"},\"image\":{\"@id\":\"https:\/\/www.sonoraenequipo.com.mx\/aprueba-sep-calendario-escolar-ajustado-para-sonora\/#primaryimage\"},\"thumbnailUrl\":\"https:\/\/www.sonoraenequipo.com.mx\/storage\/2021\/07\/aula-ninos.jpg\",\"keywords\":[\"ciclo escolar21-22\"],\"articleSection\":[\"Sonora\"],\"inLanguage\":\"es\",\"potentialAction\":[{\"@type\":\"CommentAction\",\"name\":\"Comment\",\"target\":[\"https:\/\/www.sonoraenequipo.com.mx\/aprueba-sep-calendario-escolar-ajustado-para-sonora\/#respond\"]}]},{\"@type\":\"WebPage\",\"@id\":\"https:\/\/www.sonoraenequipo.com.mx\/aprueba-sep-calendario-escolar-ajustado-para-sonora\/\",\"url\":\"https:\/\/www.sonoraenequipo.com.mx\/aprueba-sep-calendario-escolar-ajustado-para-sonora\/\",\"name\":\"Sonora en Equipo. Aprueba SEP Calendario Escolar ajustado para Sonora Sonora\",\"isPartOf\":{\"@id\":\"https:\/\/www.sonoraenequipo.com.mx\/#website\"},\"primaryImageOfPage\":{\"@id\":\"https:\/\/www.sonoraenequipo.com.mx\/aprueba-sep-calendario-escolar-ajustado-para-sonora\/#primaryimage\"},\"image\":{\"@id\":\"https:\/\/www.sonoraenequipo.com.mx\/aprueba-sep-calendario-escolar-ajustado-para-sonora\/#primaryimage\"},\"thumbnailUrl\":\"https:\/\/www.sonoraenequipo.com.mx\/storage\/2021\/07\/aula-ninos.jpg\",\"datePublished\":\"2021-07-12T20:43:21+00:00\",\"description\":\"Aprueba SEP Calendario Escolar ajustado para Sonora \u25baProtege a estudiantes de los d\u00edas de m\u00e1s calor en ciclo escolar 2021-2022 en Sonora HERMOSILLO, En Sonora en Equipo publicamos toda la informaci\u00f3n de Sonora, M\u00e9xico y el Mundo de manera oportuna y busca que la libertad de expresi\u00f3n sea real. Visita nuestro medio informativo publicado desde Hermosillo, Sonora. %\",\"breadcrumb\":{\"@id\":\"https:\/\/www.sonoraenequipo.com.mx\/aprueba-sep-calendario-escolar-ajustado-para-sonora\/#breadcrumb\"},\"inLanguage\":\"es\",\"potentialAction\":[{\"@type\":\"ReadAction\",\"target\":[\"https:\/\/www.sonoraenequipo.com.mx\/aprueba-sep-calendario-escolar-ajustado-para-sonora\/\"]}]},{\"@type\":\"ImageObject\",\"inLanguage\":\"es\",\"@id\":\"https:\/\/www.sonoraenequipo.com.mx\/aprueba-sep-calendario-escolar-ajustado-para-sonora\/#primaryimage\",\"url\":\"https:\/\/www.sonoraenequipo.com.mx\/storage\/2021\/07\/aula-ninos.jpg\",\"contentUrl\":\"https:\/\/www.sonoraenequipo.com.mx\/storage\/2021\/07\/aula-ninos.jpg\",\"width\":700,\"height\":400},{\"@type\":\"BreadcrumbList\",\"@id\":\"https:\/\/www.sonoraenequipo.com.mx\/aprueba-sep-calendario-escolar-ajustado-para-sonora\/#breadcrumb\",\"itemListElement\":[{\"@type\":\"ListItem\",\"position\":1,\"name\":\"Portada\",\"item\":\"https:\/\/www.sonoraenequipo.com.mx\/\"},{\"@type\":\"ListItem\",\"position\":2,\"name\":\"Aprueba SEP Calendario Escolar ajustado para Sonora\"}]},{\"@type\":\"WebSite\",\"@id\":\"https:\/\/www.sonoraenequipo.com.mx\/#website\",\"url\":\"https:\/\/www.sonoraenequipo.com.mx\/\",\"name\":\"Sonora en Equipo.\",\"description\":\"Diario en l\u00ednea con Noticias desde Hermosillo, Sonora\",\"publisher\":{\"@id\":\"https:\/\/www.sonoraenequipo.com.mx\/#organization\"},\"potentialAction\":[{\"@type\":\"SearchAction\",\"target\":{\"@type\":\"EntryPoint\",\"urlTemplate\":\"https:\/\/www.sonoraenequipo.com.mx\/?s={search_term_string}\"},\"query-input\":{\"@type\":\"PropertyValueSpecification\",\"valueRequired\":true,\"valueName\":\"search_term_string\"}}],\"inLanguage\":\"es\"},{\"@type\":\"Organization\",\"@id\":\"https:\/\/www.sonoraenequipo.com.mx\/#organization\",\"name\":\"Sonoraenequipo.com.mx\",\"url\":\"https:\/\/www.sonoraenequipo.com.mx\/\",\"logo\":{\"@type\":\"ImageObject\",\"inLanguage\":\"es\",\"@id\":\"https:\/\/www.sonoraenequipo.com.mx\/#\/schema\/logo\/image\/\",\"url\":\"https:\/\/www.sonoraenequipo.com.mx\/storage\/2019\/01\/sonoraenequipo_opt.png\",\"contentUrl\":\"https:\/\/www.sonoraenequipo.com.mx\/storage\/2019\/01\/sonoraenequipo_opt.png\",\"width\":375,\"height\":125,\"caption\":\"Sonoraenequipo.com.mx\"},\"image\":{\"@id\":\"https:\/\/www.sonoraenequipo.com.mx\/#\/schema\/logo\/image\/\"},\"sameAs\":[\"https:\/\/www.facebook.com\/SonoraEE\/\",\"https:\/\/x.com\/sonoraenequipo\",\"https:\/\/www.youtube.com\/channel\/UC338nW-lPEYmJQs4ZABQ1SQ\"]},{\"@type\":\"Person\",\"@id\":\"https:\/\/www.sonoraenequipo.com.mx\/#\/schema\/person\/50102df0fb23a8fa9e8effad8fa81386\",\"name\":\"enequipo\",\"image\":{\"@type\":\"ImageObject\",\"inLanguage\":\"es\",\"@id\":\"https:\/\/www.sonoraenequipo.com.mx\/#\/schema\/person\/image\/\",\"url\":\"https:\/\/secure.gravatar.com\/avatar\/049821681b589dabc0bc20695993ccebb09f5b5d4d790cd9251b97faac7c652b?s=96&d=blank&r=g\",\"contentUrl\":\"https:\/\/secure.gravatar.com\/avatar\/049821681b589dabc0bc20695993ccebb09f5b5d4d790cd9251b97faac7c652b?s=96&d=blank&r=g\",\"caption\":\"enequipo\"},\"sameAs\":[\"https:\/\/www.facebook.com\/SonoraEE\"]}]}<\/script>\n ","yoast_head_json":{"title":"Sonora en Equipo. Aprueba SEP Calendario Escolar ajustado para Sonora Sonora","description":"Aprueba SEP Calendario Escolar ajustado para Sonora \u25baProtege a estudiantes de los d\u00edas de m\u00e1s calor en ciclo escolar 2021-2022 en Sonora HERMOSILLO, En Sonora en Equipo publicamos toda la informaci\u00f3n de Sonora, M\u00e9xico y el Mundo de manera oportuna y busca que la libertad de expresi\u00f3n sea real. Visita nuestro medio informativo publicado desde Hermosillo, Sonora. %","robots":{"index":"index","follow":"follow","max-snippet":"max-snippet:-1","max-image-preview":"max-image-preview:large","max-video-preview":"max-video-preview:-1"},"canonical":"https:\/\/www.sonoraenequipo.com.mx\/aprueba-sep-calendario-escolar-ajustado-para-sonora\/","og_locale":"es_ES","og_type":"article","og_title":"Sonora en Equipo. Aprueba SEP Calendario Escolar ajustado para Sonora Sonora","og_description":"Aprueba SEP Calendario Escolar ajustado para Sonora \u25baProtege a estudiantes de los d\u00edas de m\u00e1s calor en ciclo escolar 2021-2022 en Sonora HERMOSILLO, En Sonora en Equipo publicamos toda la informaci\u00f3n de Sonora, M\u00e9xico y el Mundo de manera oportuna y busca que la libertad de expresi\u00f3n sea real. Visita nuestro medio informativo publicado desde Hermosillo, Sonora. %","og_url":"https:\/\/www.sonoraenequipo.com.mx\/aprueba-sep-calendario-escolar-ajustado-para-sonora\/","og_site_name":"Sonora en Equipo.","article_publisher":"https:\/\/www.facebook.com\/SonoraEE\/","article_author":"https:\/\/www.facebook.com\/SonoraEE","article_published_time":"2021-07-12T20:43:21+00:00","og_image":[{"width":700,"height":400,"url":"https:\/\/www.sonoraenequipo.com.mx\/storage\/2021\/07\/aula-ninos.jpg","type":"image\/jpeg"}],"author":"enequipo","twitter_card":"summary_large_image","twitter_creator":"@sonoraenequipo","twitter_site":"@sonoraenequipo","twitter_misc":{"Escrito por":"enequipo","Tiempo de lectura":"2 minutos"},"schema":{"@context":"https:\/\/schema.org","@graph":[{"@type":"Article","@id":"https:\/\/www.sonoraenequipo.com.mx\/aprueba-sep-calendario-escolar-ajustado-para-sonora\/#article","isPartOf":{"@id":"https:\/\/www.sonoraenequipo.com.mx\/aprueba-sep-calendario-escolar-ajustado-para-sonora\/"},"author":{"name":"enequipo","@id":"https:\/\/www.sonoraenequipo.com.mx\/#\/schema\/person\/50102df0fb23a8fa9e8effad8fa81386"},"headline":"Aprueba SEP Calendario Escolar ajustado para Sonora","datePublished":"2021-07-12T20:43:21+00:00","mainEntityOfPage":{"@id":"https:\/\/www.sonoraenequipo.com.mx\/aprueba-sep-calendario-escolar-ajustado-para-sonora\/"},"wordCount":431,"commentCount":0,"publisher":{"@id":"https:\/\/www.sonoraenequipo.com.mx\/#organization"},"image":{"@id":"https:\/\/www.sonoraenequipo.com.mx\/aprueba-sep-calendario-escolar-ajustado-para-sonora\/#primaryimage"},"thumbnailUrl":"https:\/\/www.sonoraenequipo.com.mx\/storage\/2021\/07\/aula-ninos.jpg","keywords":["ciclo escolar21-22"],"articleSection":["Sonora"],"inLanguage":"es","potentialAction":[{"@type":"CommentAction","name":"Comment","target":["https:\/\/www.sonoraenequipo.com.mx\/aprueba-sep-calendario-escolar-ajustado-para-sonora\/#respond"]}]},{"@type":"WebPage","@id":"https:\/\/www.sonoraenequipo.com.mx\/aprueba-sep-calendario-escolar-ajustado-para-sonora\/","url":"https:\/\/www.sonoraenequipo.com.mx\/aprueba-sep-calendario-escolar-ajustado-para-sonora\/","name":"Sonora en Equipo. Aprueba SEP Calendario Escolar ajustado para Sonora Sonora","isPartOf":{"@id":"https:\/\/www.sonoraenequipo.com.mx\/#website"},"primaryImageOfPage":{"@id":"https:\/\/www.sonoraenequipo.com.mx\/aprueba-sep-calendario-escolar-ajustado-para-sonora\/#primaryimage"},"image":{"@id":"https:\/\/www.sonoraenequipo.com.mx\/aprueba-sep-calendario-escolar-ajustado-para-sonora\/#primaryimage"},"thumbnailUrl":"https:\/\/www.sonoraenequipo.com.mx\/storage\/2021\/07\/aula-ninos.jpg","datePublished":"2021-07-12T20:43:21+00:00","description":"Aprueba SEP Calendario Escolar ajustado para Sonora \u25baProtege a estudiantes de los d\u00edas de m\u00e1s calor en ciclo escolar 2021-2022 en Sonora HERMOSILLO, En Sonora en Equipo publicamos toda la informaci\u00f3n de Sonora, M\u00e9xico y el Mundo de manera oportuna y busca que la libertad de expresi\u00f3n sea real. Visita nuestro medio informativo publicado desde Hermosillo, Sonora. %","breadcrumb":{"@id":"https:\/\/www.sonoraenequipo.com.mx\/aprueba-sep-calendario-escolar-ajustado-para-sonora\/#breadcrumb"},"inLanguage":"es","potentialAction":[{"@type":"ReadAction","target":["https:\/\/www.sonoraenequipo.com.mx\/aprueba-sep-calendario-escolar-ajustado-para-sonora\/"]}]},{"@type":"ImageObject","inLanguage":"es","@id":"https:\/\/www.sonoraenequipo.com.mx\/aprueba-sep-calendario-escolar-ajustado-para-sonora\/#primaryimage","url":"https:\/\/www.sonoraenequipo.com.mx\/storage\/2021\/07\/aula-ninos.jpg","contentUrl":"https:\/\/www.sonoraenequipo.com.mx\/storage\/2021\/07\/aula-ninos.jpg","width":700,"height":400},{"@type":"BreadcrumbList","@id":"https:\/\/www.sonoraenequipo.com.mx\/aprueba-sep-calendario-escolar-ajustado-para-sonora\/#breadcrumb","itemListElement":[{"@type":"ListItem","position":1,"name":"Portada","item":"https:\/\/www.sonoraenequipo.com.mx\/"},{"@type":"ListItem","position":2,"name":"Aprueba SEP Calendario Escolar ajustado para Sonora"}]},{"@type":"WebSite","@id":"https:\/\/www.sonoraenequipo.com.mx\/#website","url":"https:\/\/www.sonoraenequipo.com.mx\/","name":"Sonora en Equipo.","description":"Diario en l\u00ednea con Noticias desde Hermosillo, Sonora","publisher":{"@id":"https:\/\/www.sonoraenequipo.com.mx\/#organization"},"potentialAction":[{"@type":"SearchAction","target":{"@type":"EntryPoint","urlTemplate":"https:\/\/www.sonoraenequipo.com.mx\/?s={search_term_string}"},"query-input":{"@type":"PropertyValueSpecification","valueRequired":true,"valueName":"search_term_string"}}],"inLanguage":"es"},{"@type":"Organization","@id":"https:\/\/www.sonoraenequipo.com.mx\/#organization","name":"Sonoraenequipo.com.mx","url":"https:\/\/www.sonoraenequipo.com.mx\/","logo":{"@type":"ImageObject","inLanguage":"es","@id":"https:\/\/www.sonoraenequipo.com.mx\/#\/schema\/logo\/image\/","url":"https:\/\/www.sonoraenequipo.com.mx\/storage\/2019\/01\/sonoraenequipo_opt.png","contentUrl":"https:\/\/www.sonoraenequipo.com.mx\/storage\/2019\/01\/sonoraenequipo_opt.png","width":375,"height":125,"caption":"Sonoraenequipo.com.mx"},"image":{"@id":"https:\/\/www.sonoraenequipo.com.mx\/#\/schema\/logo\/image\/"},"sameAs":["https:\/\/www.facebook.com\/SonoraEE\/","https:\/\/x.com\/sonoraenequipo","https:\/\/www.youtube.com\/channel\/UC338nW-lPEYmJQs4ZABQ1SQ"]},{"@type":"Person","@id":"https:\/\/www.sonoraenequipo.com.mx\/#\/schema\/person\/50102df0fb23a8fa9e8effad8fa81386","name":"enequipo","image":{"@type":"ImageObject","inLanguage":"es","@id":"https:\/\/www.sonoraenequipo.com.mx\/#\/schema\/person\/image\/","url":"https:\/\/secure.gravatar.com\/avatar\/049821681b589dabc0bc20695993ccebb09f5b5d4d790cd9251b97faac7c652b?s=96&d=blank&r=g","contentUrl":"https:\/\/secure.gravatar.com\/avatar\/049821681b589dabc0bc20695993ccebb09f5b5d4d790cd9251b97faac7c652b?s=96&d=blank&r=g","caption":"enequipo"},"sameAs":["https:\/\/www.facebook.com\/SonoraEE"]}]}},"jetpack_featured_media_url":"https:\/\/www.sonoraenequipo.com.mx\/storage\/2021\/07\/aula-ninos.jpg","_links":{"self":[{"href":"https:\/\/www.sonoraenequipo.com.mx\/api\/wp\/v2\/posts\/118254","targetHints":{"allow":["GET"]}}],"collection":[{"href":"https:\/\/www.sonoraenequipo.com.mx\/api\/wp\/v2\/posts"}],"about":[{"href":"https:\/\/www.sonoraenequipo.com.mx\/api\/wp\/v2\/types\/post"}],"author":[{"embeddable":true,"href":"https:\/\/www.sonoraenequipo.com.mx\/api\/wp\/v2\/users\/1"}],"replies":[{"embeddable":true,"href":"https:\/\/www.sonoraenequipo.com.mx\/api\/wp\/v2\/comments?post=118254"}],"version-history":[{"count":1,"href":"https:\/\/www.sonoraenequipo.com.mx\/api\/wp\/v2\/posts\/118254\/revisions"}],"predecessor-version":[{"id":118256,"href":"https:\/\/www.sonoraenequipo.com.mx\/api\/wp\/v2\/posts\/118254\/revisions\/118256"}],"wp:featuredmedia":[{"embeddable":true,"href":"https:\/\/www.sonoraenequipo.com.mx\/api\/wp\/v2\/media\/118255"}],"wp:attachment":[{"href":"https:\/\/www.sonoraenequipo.com.mx\/api\/wp\/v2\/media?parent=118254"}],"wp:term":[{"taxonomy":"category","embeddable":true,"href":"https:\/\/www.sonoraenequipo.com.mx\/api\/wp\/v2\/categories?post=118254"},{"taxonomy":"post_tag","embeddable":true,"href":"https:\/\/www.sonoraenequipo.com.mx\/api\/wp\/v2\/tags?post=118254"}],"curies":[{"name":"wp","href":"https:\/\/api.w.org\/{rel}","templated":true}]}}