{"id":118257,"date":"2021-07-12T14:09:03","date_gmt":"2021-07-12T21:09:03","guid":{"rendered":"https:\/\/www.sonoraenequipo.com.mx\/?p=118257"},"modified":"2021-07-12T20:35:00","modified_gmt":"2021-07-13T03:35:00","slug":"lo-que-el-covid-19-puede-ensenarnos-sobre-la-mitigacion-del-cambio-climatico-fmi","status":"publish","type":"post","link":"https:\/\/www.sonoraenequipo.com.mx\/lo-que-el-covid-19-puede-ensenarnos-sobre-la-mitigacion-del-cambio-climatico-fmi\/","title":{"rendered":"Lo que el COVID-19 puede ense\u00f1arnos sobre la mitigaci\u00f3n del cambio clim\u00e1tico: FMI"},"content":{"rendered":"<p>WASHINGTON, ESTADOS UNIDOS.\u2500 Mientras la pandemia de COVID-19 sigue asolando el mundo, el cambio clim\u00e1tico \u2014una crisis que puede causar una destrucci\u00f3n a\u00fan mayor\u2014 se avecina. Todas las crisis nos ense\u00f1an lecciones, pero la pandemia ha ido m\u00e1s all\u00e1: nos ha recordado el poder de la naturaleza. Una encuesta reciente de Ipsos realizada a nivel mundial para el FMI(Fondo Monetario Internacional) encontr\u00f3 que el 43 por ciento de las personas encuestadas informaron estar m\u00e1s preocupadas por el cambio clim\u00e1tico ahora antes que de la pandemia, y solo el 7 por ciento dijo que est\u00e1 menos preocupada. La mayor conciencia p\u00fablica sobre los peligros del cambio clim\u00e1tico sin paliativos hace que este sea un momento importante para que los responsables de la formulaci\u00f3n de pol\u00edticas promulguen reformas audaces. Pero a\u00fan quedan muchos desaf\u00edos por delante.<\/p>\n<p>En primer lugar, observemos algunas de las similitudes entre el COVID-19 y el cambio clim\u00e1tico. El comportamiento humano es fundamental para ambas crisis. El SARS-COV2 se propaga directamente entre las personas, lo que requiere distanciamiento social para la contenci\u00f3n. El cambio clim\u00e1tico se debe principalmente a las emisiones de gases de efecto invernadero de la actividad humana, lo que nos obliga a utilizar menos energ\u00eda y m\u00e1s limpia.<\/p>\n<p>&nbsp;<\/p>\n<p>Ambas crisis son mundiales y econ\u00f3micamente devastadoras, y es probable que ambas afecten de manera desproporcionada a los pobres y profundicen las desigualdades existentes. La pandemia dej\u00f3 a millones de personas sin trabajo, lo que podr\u00eda dejar cicatrices duraderas en las econom\u00edas. Del mismo modo, se espera que el cambio clim\u00e1tico sin control cause da\u00f1os econ\u00f3micos sustanciales,perjudicando desproporcionadamente a los pobres y desencadenando potencialmente la migraci\u00f3n a gran escala.<\/p>\n<p>&nbsp;<\/p>\n<p>Ambas crisis requieren soluciones globales. La crisis del COVID-19 no se resolver\u00e1 hasta que todos los pa\u00edses controlen la pandemia a trav\u00e9s de una vacunaci\u00f3n generalizada, y la crisis clim\u00e1tica no se resolver\u00e1 hasta que todos los emisores entren en acci\u00f3n, llevando las emisiones globales a cero neto.<\/p>\n<p>&nbsp;<\/p>\n<p>Algunas de las cosas que observamos durante el a\u00f1o pasado son motivo de gran preocupaci\u00f3n.<\/p>\n<p>&nbsp;<\/p>\n<p>El primero es el cortoplacismo. Ning\u00fan pa\u00eds estaba preparado para la pandemia de COVID-19, a pesar de los m\u00faltiples brotes devastadores de la \u00faltima d\u00e9cada (por ejemplo, MERS, SARS, \u00e9bola, Zika) y las m\u00faltiples advertencias de los cient\u00edficos. Peor a\u00fan, a medida que el COVID-19 golpeaba, algunos legisladores no estaban dispuestos a reconocer el peligro hasta que fuera demasiado tarde, ignorando el consejo de los expertos en salud p\u00fablica y actuando solo despu\u00e9s de que se incurri\u00f3 en grandes costos humanos y econ\u00f3micos. Esto sin duda plantea la siguiente pregunta: si fue dif\u00edcil reaccionar ante un peligro a unas pocas semanas de distancia, \u00bfc\u00f3mo seremos capaces de responder a un peligro a unas pocas d\u00e9cadas de distancia?<\/p>\n<p>&nbsp;<\/p>\n<p>La segunda preocupaci\u00f3n es la insuficiente cooperaci\u00f3n. Si bien la colaboraci\u00f3n entre los cient\u00edficos no ten\u00eda precedentes, la cooperaci\u00f3n entre los gobiernos para distribuir las vacunas de manera equitativa flaque\u00f3 desde el principio, y la mayor\u00eda de los pa\u00edses, en cambio, recay\u00f3 en el nacionalismo de las vacunas. De hecho, si bien ning\u00fan pa\u00eds aceptar\u00eda una distribuci\u00f3n interna de la vacuna basada en el dinero y el poder, todos los pa\u00edses aceptaron una distribuci\u00f3n internacional basada en esos mismos criterios, a pesar de la notable excepci\u00f3n de la iniciativa COVAX y los recientes llamamientos a compartir los excedentes de vacunas y patentes.<\/p>\n<p>&nbsp;<\/p>\n<p>El poder de la ciencia<\/p>\n<p>&nbsp;<\/p>\n<p>Tambi\u00e9n ha habido sorpresas positivas en el \u00faltimo a\u00f1o que nos permiten ser m\u00e1s optimistas de cara al futuro.<\/p>\n<p>&nbsp;<\/p>\n<p>La respuesta a la pandemia ha demostrado que un esfuerzo cient\u00edfico concertado puede hacer milagros. Despu\u00e9s de todo, el desarrollo de una nueva vacuna suele tardar de 5 a 10 a\u00f1os seg\u00fan la Universidad Johns Hopkins, y hasta el d\u00eda de hoy todav\u00eda no hay vacunas contra la malaria y el VIH\/SIDA. Apenas el a\u00f1o pasado, la mayor\u00eda de los expertos estimaron que la entrega de una vacuna efectiva contra el COVID-19 tomar\u00eda al menos de 12 a 18 meses, y algunos dudaron de que se pudiera hacer. Sin embargo, gracias a la espectacular colaboraci\u00f3n entre cient\u00edficos,la generosa financiaci\u00f3n de los gobiernos y el ingenio del sector privado, las vacunas se aprobaron solo 9 meses despu\u00e9s de que la Organizaci\u00f3n Mundial de la Salud declarara una pandemia.<\/p>\n<p>&nbsp;<\/p>\n<p>Tambi\u00e9n en lo que respecta al cambio clim\u00e1tico, las nuevas tecnolog\u00edas son cruciales, aunque no suficientes, para hacer frente al desaf\u00edo de reducir las emisiones de carbono a cero neto para 2050. Piense en el almacenamiento de bater\u00edas a escala industrial, el hidr\u00f3geno verde, la captura de carbono o las tecnolog\u00edas de emisi\u00f3n negativa. Se necesitan avances para reducir los costos de esas tecnolog\u00edas limpias y ampliar su adopci\u00f3n. Los r\u00e1pidos avances en la tecnolog\u00eda de paneles solares y una ca\u00edda del 80 por ciento en los precios en la \u00faltima d\u00e9cada sugieren que se puede lograr un progreso importante r\u00e1pidamente si se comprometen suficientes recursos.<\/p>\n<p>&nbsp;<\/p>\n<p>Lecciones para la mitigaci\u00f3n del cambio clim\u00e1tico<\/p>\n<p>&nbsp;<\/p>\n<p>En primer lugar, necesitamos una estrategia para superar el cortoplacismo desde el principio. El cortoplacismo est\u00e1 impulsado por el temor a la p\u00e9rdida de empleos y la amenaza de medios de vida. La mejor manera de derrotarlo es comunicar pol\u00edticas coherentes y cre\u00edbles para garantizar una\u00bbtransici\u00f3n justa\u00bb. Si se hace bien, mitigar el cambio clim\u00e1tico \u2014con el uso de la fijaci\u00f3n del precio del carbono\u2014puede ayudar a los gobiernos a recaudar ingresos que luego pueden usarse para crear empleos y proteger a los hogares m\u00e1s pobres, lo que deber\u00eda ayudar a las sociedades a mantener una visi\u00f3n a m\u00e1s largo plazo para detener el cambio clim\u00e1tico antes de que sea demasiado tarde.<\/p>\n<p>&nbsp;<\/p>\n<p>En segundo lugar, tenemos que reconocer que los gobiernos desempe\u00f1an un papel clave para poner fin a las grandes crisis sist\u00e9micas. Los gobiernos respaldaron los mercados financieros detenidos durante la Crisis Financiera Global, por ejemplo, y m\u00e1s recientemente proporcionaron capital de riesgo para el desarrollo de vacunas contra el COVID-19. Del mismo modo, los avances necesarios en el desarrollo y la adopci\u00f3n de tecnolog\u00edas ecol\u00f3gicas s\u00f3lo se producir\u00e1n con el apoyo del gobierno a la investigaci\u00f3n b\u00e1sica y la infraestructura.<\/p>\n<p>&nbsp;<\/p>\n<p>Por \u00faltimo, la colaboraci\u00f3n entre pa\u00edses ser\u00e1 clave. El Acuerdo clim\u00e1tico de Par\u00eds ha alentado a algunos pa\u00edses a aumentar su ambici\u00f3n. Sin embargo, muchos pa\u00edses no est\u00e1n cumpliendo sus promesas voluntarias de reducir las emisiones, que en conjunto todav\u00eda no son lo suficientemente ambiciosas como para mantener el calentamiento global por debajo de los 2 \u00b0C. Un acuerdo complementario entre los principales emisores \u2014con la adopci\u00f3n de un piso diferenciado del precio del carbono para ayudar a monitorear y limitar las preocupaciones de competitividad\u2014 podr\u00eda ayudar a los pa\u00edses a coordinarse. El impulso sin precedentes hacia la mitigaci\u00f3n del cambio clim\u00e1tico en una serie de emisores hoy en d\u00eda no deber\u00eda desperdiciarse, sino que deber\u00eda consagrarse en un convenio colectivo que pueda atraer a m\u00e1s participantes con el tiempo. Otra prioridad clave es que la comunidad mundial proporcione financiaci\u00f3n clim\u00e1tica y transferencias de tecnolog\u00eda a las econom\u00edas en desarrollo para ayudarlas a mejorar sus esfuerzos de mitigaci\u00f3n y adaptaci\u00f3n. \u00bfQu\u00e9 mejor momento para hacerlo que ante la movilizaci\u00f3n de salud p\u00fablica m\u00e1s importante en un siglo?<\/p>\n<p>Fecha de Publicaci\u00f3n\u00a0\u00a0 lunes \/ 12\u00a0\u00a0 \/ julio \/ 2021\/ Por\u00a0 Oya Celasun, Florencia Jaumottey Antonio Spilimbergo\/ FMI<\/p>\n<p>&nbsp;<\/p>\n","protected":false},"excerpt":{"rendered":"<p>WASHINGTON, ESTADOS UNIDOS.\u2500 Mientras la pandemia de COVID-19 sigue asolando el mundo, el cambio clim\u00e1tico&#8230;<\/p>\n","protected":false},"author":1,"featured_media":118258,"comment_status":"open","ping_status":"open","sticky":false,"template":"","format":"standard","meta":{"_monsterinsights_skip_tracking":false,"_monsterinsights_sitenote_active":false,"_monsterinsights_sitenote_note":"","_monsterinsights_sitenote_category":0,"footnotes":""},"categories":[3],"tags":[5910,4249],"class_list":["post"],"yoast_head":" \n<title>Sonora en Equipo. Lo que el COVID-19 puede ense\u00f1arnos sobre la mitigaci\u00f3n del cambio clim\u00e1tico: FMI<\/title>\n<meta name=\"description\" content=\"WASHINGTON, ESTADOS UNIDOS.\u2500 Mientras la pandemia de COVID-19 sigue asolando el mundo, el cambio clim\u00e1tico \u2014una crisis que puede causar una destrucci\u00f3n En Sonora en Equipo publicamos toda la informaci\u00f3n de Sonora, M\u00e9xico y el Mundo de manera oportuna y busca que la libertad de expresi\u00f3n sea real. Visita nuestro medio informativo publicado desde Hermosillo, Sonora. %\" \/>\n<meta name=\"robots\" content=\"index, follow, max-snippet:-1, max-image-preview:large, max-video-preview:-1\" \/>\n<link rel=\"canonical\" href=\"https:\/\/www.sonoraenequipo.com.mx\/lo-que-el-covid-19-puede-ensenarnos-sobre-la-mitigacion-del-cambio-climatico-fmi\/\" \/>\n<meta property=\"og:locale\" content=\"es_ES\" \/>\n<meta property=\"og:type\" content=\"article\" \/>\n<meta property=\"og:title\" content=\"Sonora en Equipo. Lo que el COVID-19 puede ense\u00f1arnos sobre la mitigaci\u00f3n del cambio clim\u00e1tico: FMI\" \/>\n<meta property=\"og:description\" content=\"WASHINGTON, ESTADOS UNIDOS.\u2500 Mientras la pandemia de COVID-19 sigue asolando el mundo, el cambio clim\u00e1tico \u2014una crisis que puede causar una destrucci\u00f3n En Sonora en Equipo publicamos toda la informaci\u00f3n de Sonora, M\u00e9xico y el Mundo de manera oportuna y busca que la libertad de expresi\u00f3n sea real. Visita nuestro medio informativo publicado desde Hermosillo, Sonora. %\" \/>\n<meta property=\"og:url\" content=\"https:\/\/www.sonoraenequipo.com.mx\/lo-que-el-covid-19-puede-ensenarnos-sobre-la-mitigacion-del-cambio-climatico-fmi\/\" \/>\n<meta property=\"og:site_name\" content=\"Sonora en Equipo.\" \/>\n<meta property=\"article:publisher\" content=\"https:\/\/www.facebook.com\/SonoraEE\/\" \/>\n<meta property=\"article:author\" content=\"https:\/\/www.facebook.com\/SonoraEE\" \/>\n<meta property=\"article:published_time\" content=\"2021-07-12T21:09:03+00:00\" \/>\n<meta property=\"article:modified_time\" content=\"2021-07-13T03:35:00+00:00\" \/>\n<meta property=\"og:image\" content=\"https:\/\/www.sonoraenequipo.com.mx\/storage\/2021\/07\/cambio-climatico.jpg\" \/>\n\t<meta property=\"og:image:width\" content=\"700\" \/>\n\t<meta property=\"og:image:height\" content=\"400\" \/>\n\t<meta property=\"og:image:type\" content=\"image\/jpeg\" \/>\n<meta name=\"author\" content=\"enequipo\" \/>\n<meta name=\"twitter:card\" content=\"summary_large_image\" \/>\n<meta name=\"twitter:creator\" content=\"@sonoraenequipo\" \/>\n<meta name=\"twitter:site\" content=\"@sonoraenequipo\" \/>\n<meta name=\"twitter:label1\" content=\"Escrito por\" \/>\n\t<meta name=\"twitter:data1\" content=\"enequipo\" \/>\n\t<meta name=\"twitter:label2\" content=\"Tiempo de lectura\" \/>\n\t<meta name=\"twitter:data2\" content=\"6 minutos\" \/>\n<script type=\"application\/ld+json\" class=\"yoast-schema-graph\">{\"@context\":\"https:\/\/schema.org\",\"@graph\":[{\"@type\":\"Article\",\"@id\":\"https:\/\/www.sonoraenequipo.com.mx\/lo-que-el-covid-19-puede-ensenarnos-sobre-la-mitigacion-del-cambio-climatico-fmi\/#article\",\"isPartOf\":{\"@id\":\"https:\/\/www.sonoraenequipo.com.mx\/lo-que-el-covid-19-puede-ensenarnos-sobre-la-mitigacion-del-cambio-climatico-fmi\/\"},\"author\":{\"name\":\"enequipo\",\"@id\":\"https:\/\/www.sonoraenequipo.com.mx\/#\/schema\/person\/50102df0fb23a8fa9e8effad8fa81386\"},\"headline\":\"Lo que el COVID-19 puede ense\u00f1arnos sobre la mitigaci\u00f3n del cambio clim\u00e1tico: FMI\",\"datePublished\":\"2021-07-12T21:09:03+00:00\",\"dateModified\":\"2021-07-13T03:35:00+00:00\",\"mainEntityOfPage\":{\"@id\":\"https:\/\/www.sonoraenequipo.com.mx\/lo-que-el-covid-19-puede-ensenarnos-sobre-la-mitigacion-del-cambio-climatico-fmi\/\"},\"wordCount\":1368,\"commentCount\":0,\"publisher\":{\"@id\":\"https:\/\/www.sonoraenequipo.com.mx\/#organization\"},\"image\":{\"@id\":\"https:\/\/www.sonoraenequipo.com.mx\/lo-que-el-covid-19-puede-ensenarnos-sobre-la-mitigacion-del-cambio-climatico-fmi\/#primaryimage\"},\"thumbnailUrl\":\"https:\/\/www.sonoraenequipo.com.mx\/storage\/2021\/07\/cambio-climatico.jpg\",\"keywords\":[\"cambioclim\u00e1tico\",\"covid\"],\"articleSection\":[\"MUNDO\"],\"inLanguage\":\"es\",\"potentialAction\":[{\"@type\":\"CommentAction\",\"name\":\"Comment\",\"target\":[\"https:\/\/www.sonoraenequipo.com.mx\/lo-que-el-covid-19-puede-ensenarnos-sobre-la-mitigacion-del-cambio-climatico-fmi\/#respond\"]}]},{\"@type\":\"WebPage\",\"@id\":\"https:\/\/www.sonoraenequipo.com.mx\/lo-que-el-covid-19-puede-ensenarnos-sobre-la-mitigacion-del-cambio-climatico-fmi\/\",\"url\":\"https:\/\/www.sonoraenequipo.com.mx\/lo-que-el-covid-19-puede-ensenarnos-sobre-la-mitigacion-del-cambio-climatico-fmi\/\",\"name\":\"Sonora en Equipo. Lo que el COVID-19 puede ense\u00f1arnos sobre la mitigaci\u00f3n del cambio clim\u00e1tico: FMI\",\"isPartOf\":{\"@id\":\"https:\/\/www.sonoraenequipo.com.mx\/#website\"},\"primaryImageOfPage\":{\"@id\":\"https:\/\/www.sonoraenequipo.com.mx\/lo-que-el-covid-19-puede-ensenarnos-sobre-la-mitigacion-del-cambio-climatico-fmi\/#primaryimage\"},\"image\":{\"@id\":\"https:\/\/www.sonoraenequipo.com.mx\/lo-que-el-covid-19-puede-ensenarnos-sobre-la-mitigacion-del-cambio-climatico-fmi\/#primaryimage\"},\"thumbnailUrl\":\"https:\/\/www.sonoraenequipo.com.mx\/storage\/2021\/07\/cambio-climatico.jpg\",\"datePublished\":\"2021-07-12T21:09:03+00:00\",\"dateModified\":\"2021-07-13T03:35:00+00:00\",\"description\":\"WASHINGTON, ESTADOS UNIDOS.\u2500 Mientras la pandemia de COVID-19 sigue asolando el mundo, el cambio clim\u00e1tico \u2014una crisis que puede causar una destrucci\u00f3n En Sonora en Equipo publicamos toda la informaci\u00f3n de Sonora, M\u00e9xico y el Mundo de manera oportuna y busca que la libertad de expresi\u00f3n sea real. Visita nuestro medio informativo publicado desde Hermosillo, Sonora. %\",\"breadcrumb\":{\"@id\":\"https:\/\/www.sonoraenequipo.com.mx\/lo-que-el-covid-19-puede-ensenarnos-sobre-la-mitigacion-del-cambio-climatico-fmi\/#breadcrumb\"},\"inLanguage\":\"es\",\"potentialAction\":[{\"@type\":\"ReadAction\",\"target\":[\"https:\/\/www.sonoraenequipo.com.mx\/lo-que-el-covid-19-puede-ensenarnos-sobre-la-mitigacion-del-cambio-climatico-fmi\/\"]}]},{\"@type\":\"ImageObject\",\"inLanguage\":\"es\",\"@id\":\"https:\/\/www.sonoraenequipo.com.mx\/lo-que-el-covid-19-puede-ensenarnos-sobre-la-mitigacion-del-cambio-climatico-fmi\/#primaryimage\",\"url\":\"https:\/\/www.sonoraenequipo.com.mx\/storage\/2021\/07\/cambio-climatico.jpg\",\"contentUrl\":\"https:\/\/www.sonoraenequipo.com.mx\/storage\/2021\/07\/cambio-climatico.jpg\",\"width\":700,\"height\":400},{\"@type\":\"BreadcrumbList\",\"@id\":\"https:\/\/www.sonoraenequipo.com.mx\/lo-que-el-covid-19-puede-ensenarnos-sobre-la-mitigacion-del-cambio-climatico-fmi\/#breadcrumb\",\"itemListElement\":[{\"@type\":\"ListItem\",\"position\":1,\"name\":\"Portada\",\"item\":\"https:\/\/www.sonoraenequipo.com.mx\/\"},{\"@type\":\"ListItem\",\"position\":2,\"name\":\"Lo que el COVID-19 puede ense\u00f1arnos sobre la mitigaci\u00f3n del cambio clim\u00e1tico: FMI\"}]},{\"@type\":\"WebSite\",\"@id\":\"https:\/\/www.sonoraenequipo.com.mx\/#website\",\"url\":\"https:\/\/www.sonoraenequipo.com.mx\/\",\"name\":\"Sonora en Equipo.\",\"description\":\"Diario en l\u00ednea con Noticias desde Hermosillo, Sonora\",\"publisher\":{\"@id\":\"https:\/\/www.sonoraenequipo.com.mx\/#organization\"},\"potentialAction\":[{\"@type\":\"SearchAction\",\"target\":{\"@type\":\"EntryPoint\",\"urlTemplate\":\"https:\/\/www.sonoraenequipo.com.mx\/?s={search_term_string}\"},\"query-input\":{\"@type\":\"PropertyValueSpecification\",\"valueRequired\":true,\"valueName\":\"search_term_string\"}}],\"inLanguage\":\"es\"},{\"@type\":\"Organization\",\"@id\":\"https:\/\/www.sonoraenequipo.com.mx\/#organization\",\"name\":\"Sonoraenequipo.com.mx\",\"url\":\"https:\/\/www.sonoraenequipo.com.mx\/\",\"logo\":{\"@type\":\"ImageObject\",\"inLanguage\":\"es\",\"@id\":\"https:\/\/www.sonoraenequipo.com.mx\/#\/schema\/logo\/image\/\",\"url\":\"https:\/\/www.sonoraenequipo.com.mx\/storage\/2019\/01\/sonoraenequipo_opt.png\",\"contentUrl\":\"https:\/\/www.sonoraenequipo.com.mx\/storage\/2019\/01\/sonoraenequipo_opt.png\",\"width\":375,\"height\":125,\"caption\":\"Sonoraenequipo.com.mx\"},\"image\":{\"@id\":\"https:\/\/www.sonoraenequipo.com.mx\/#\/schema\/logo\/image\/\"},\"sameAs\":[\"https:\/\/www.facebook.com\/SonoraEE\/\",\"https:\/\/x.com\/sonoraenequipo\",\"https:\/\/www.youtube.com\/channel\/UC338nW-lPEYmJQs4ZABQ1SQ\"]},{\"@type\":\"Person\",\"@id\":\"https:\/\/www.sonoraenequipo.com.mx\/#\/schema\/person\/50102df0fb23a8fa9e8effad8fa81386\",\"name\":\"enequipo\",\"image\":{\"@type\":\"ImageObject\",\"inLanguage\":\"es\",\"@id\":\"https:\/\/www.sonoraenequipo.com.mx\/#\/schema\/person\/image\/\",\"url\":\"https:\/\/secure.gravatar.com\/avatar\/049821681b589dabc0bc20695993ccebb09f5b5d4d790cd9251b97faac7c652b?s=96&d=blank&r=g\",\"contentUrl\":\"https:\/\/secure.gravatar.com\/avatar\/049821681b589dabc0bc20695993ccebb09f5b5d4d790cd9251b97faac7c652b?s=96&d=blank&r=g\",\"caption\":\"enequipo\"},\"sameAs\":[\"https:\/\/www.facebook.com\/SonoraEE\"]}]}<\/script>\n ","yoast_head_json":{"title":"Sonora en Equipo. Lo que el COVID-19 puede ense\u00f1arnos sobre la mitigaci\u00f3n del cambio clim\u00e1tico: FMI","description":"WASHINGTON, ESTADOS UNIDOS.\u2500 Mientras la pandemia de COVID-19 sigue asolando el mundo, el cambio clim\u00e1tico \u2014una crisis que puede causar una destrucci\u00f3n En Sonora en Equipo publicamos toda la informaci\u00f3n de Sonora, M\u00e9xico y el Mundo de manera oportuna y busca que la libertad de expresi\u00f3n sea real. Visita nuestro medio informativo publicado desde Hermosillo, Sonora. %","robots":{"index":"index","follow":"follow","max-snippet":"max-snippet:-1","max-image-preview":"max-image-preview:large","max-video-preview":"max-video-preview:-1"},"canonical":"https:\/\/www.sonoraenequipo.com.mx\/lo-que-el-covid-19-puede-ensenarnos-sobre-la-mitigacion-del-cambio-climatico-fmi\/","og_locale":"es_ES","og_type":"article","og_title":"Sonora en Equipo. Lo que el COVID-19 puede ense\u00f1arnos sobre la mitigaci\u00f3n del cambio clim\u00e1tico: FMI","og_description":"WASHINGTON, ESTADOS UNIDOS.\u2500 Mientras la pandemia de COVID-19 sigue asolando el mundo, el cambio clim\u00e1tico \u2014una crisis que puede causar una destrucci\u00f3n En Sonora en Equipo publicamos toda la informaci\u00f3n de Sonora, M\u00e9xico y el Mundo de manera oportuna y busca que la libertad de expresi\u00f3n sea real. Visita nuestro medio informativo publicado desde Hermosillo, Sonora. %","og_url":"https:\/\/www.sonoraenequipo.com.mx\/lo-que-el-covid-19-puede-ensenarnos-sobre-la-mitigacion-del-cambio-climatico-fmi\/","og_site_name":"Sonora en Equipo.","article_publisher":"https:\/\/www.facebook.com\/SonoraEE\/","article_author":"https:\/\/www.facebook.com\/SonoraEE","article_published_time":"2021-07-12T21:09:03+00:00","article_modified_time":"2021-07-13T03:35:00+00:00","og_image":[{"width":700,"height":400,"url":"https:\/\/www.sonoraenequipo.com.mx\/storage\/2021\/07\/cambio-climatico.jpg","type":"image\/jpeg"}],"author":"enequipo","twitter_card":"summary_large_image","twitter_creator":"@sonoraenequipo","twitter_site":"@sonoraenequipo","twitter_misc":{"Escrito por":"enequipo","Tiempo de lectura":"6 minutos"},"schema":{"@context":"https:\/\/schema.org","@graph":[{"@type":"Article","@id":"https:\/\/www.sonoraenequipo.com.mx\/lo-que-el-covid-19-puede-ensenarnos-sobre-la-mitigacion-del-cambio-climatico-fmi\/#article","isPartOf":{"@id":"https:\/\/www.sonoraenequipo.com.mx\/lo-que-el-covid-19-puede-ensenarnos-sobre-la-mitigacion-del-cambio-climatico-fmi\/"},"author":{"name":"enequipo","@id":"https:\/\/www.sonoraenequipo.com.mx\/#\/schema\/person\/50102df0fb23a8fa9e8effad8fa81386"},"headline":"Lo que el COVID-19 puede ense\u00f1arnos sobre la mitigaci\u00f3n del cambio clim\u00e1tico: FMI","datePublished":"2021-07-12T21:09:03+00:00","dateModified":"2021-07-13T03:35:00+00:00","mainEntityOfPage":{"@id":"https:\/\/www.sonoraenequipo.com.mx\/lo-que-el-covid-19-puede-ensenarnos-sobre-la-mitigacion-del-cambio-climatico-fmi\/"},"wordCount":1368,"commentCount":0,"publisher":{"@id":"https:\/\/www.sonoraenequipo.com.mx\/#organization"},"image":{"@id":"https:\/\/www.sonoraenequipo.com.mx\/lo-que-el-covid-19-puede-ensenarnos-sobre-la-mitigacion-del-cambio-climatico-fmi\/#primaryimage"},"thumbnailUrl":"https:\/\/www.sonoraenequipo.com.mx\/storage\/2021\/07\/cambio-climatico.jpg","keywords":["cambioclim\u00e1tico","covid"],"articleSection":["MUNDO"],"inLanguage":"es","potentialAction":[{"@type":"CommentAction","name":"Comment","target":["https:\/\/www.sonoraenequipo.com.mx\/lo-que-el-covid-19-puede-ensenarnos-sobre-la-mitigacion-del-cambio-climatico-fmi\/#respond"]}]},{"@type":"WebPage","@id":"https:\/\/www.sonoraenequipo.com.mx\/lo-que-el-covid-19-puede-ensenarnos-sobre-la-mitigacion-del-cambio-climatico-fmi\/","url":"https:\/\/www.sonoraenequipo.com.mx\/lo-que-el-covid-19-puede-ensenarnos-sobre-la-mitigacion-del-cambio-climatico-fmi\/","name":"Sonora en Equipo. Lo que el COVID-19 puede ense\u00f1arnos sobre la mitigaci\u00f3n del cambio clim\u00e1tico: FMI","isPartOf":{"@id":"https:\/\/www.sonoraenequipo.com.mx\/#website"},"primaryImageOfPage":{"@id":"https:\/\/www.sonoraenequipo.com.mx\/lo-que-el-covid-19-puede-ensenarnos-sobre-la-mitigacion-del-cambio-climatico-fmi\/#primaryimage"},"image":{"@id":"https:\/\/www.sonoraenequipo.com.mx\/lo-que-el-covid-19-puede-ensenarnos-sobre-la-mitigacion-del-cambio-climatico-fmi\/#primaryimage"},"thumbnailUrl":"https:\/\/www.sonoraenequipo.com.mx\/storage\/2021\/07\/cambio-climatico.jpg","datePublished":"2021-07-12T21:09:03+00:00","dateModified":"2021-07-13T03:35:00+00:00","description":"WASHINGTON, ESTADOS UNIDOS.\u2500 Mientras la pandemia de COVID-19 sigue asolando el mundo, el cambio clim\u00e1tico \u2014una crisis que puede causar una destrucci\u00f3n En Sonora en Equipo publicamos toda la informaci\u00f3n de Sonora, M\u00e9xico y el Mundo de manera oportuna y busca que la libertad de expresi\u00f3n sea real. Visita nuestro medio informativo publicado desde Hermosillo, Sonora. %","breadcrumb":{"@id":"https:\/\/www.sonoraenequipo.com.mx\/lo-que-el-covid-19-puede-ensenarnos-sobre-la-mitigacion-del-cambio-climatico-fmi\/#breadcrumb"},"inLanguage":"es","potentialAction":[{"@type":"ReadAction","target":["https:\/\/www.sonoraenequipo.com.mx\/lo-que-el-covid-19-puede-ensenarnos-sobre-la-mitigacion-del-cambio-climatico-fmi\/"]}]},{"@type":"ImageObject","inLanguage":"es","@id":"https:\/\/www.sonoraenequipo.com.mx\/lo-que-el-covid-19-puede-ensenarnos-sobre-la-mitigacion-del-cambio-climatico-fmi\/#primaryimage","url":"https:\/\/www.sonoraenequipo.com.mx\/storage\/2021\/07\/cambio-climatico.jpg","contentUrl":"https:\/\/www.sonoraenequipo.com.mx\/storage\/2021\/07\/cambio-climatico.jpg","width":700,"height":400},{"@type":"BreadcrumbList","@id":"https:\/\/www.sonoraenequipo.com.mx\/lo-que-el-covid-19-puede-ensenarnos-sobre-la-mitigacion-del-cambio-climatico-fmi\/#breadcrumb","itemListElement":[{"@type":"ListItem","position":1,"name":"Portada","item":"https:\/\/www.sonoraenequipo.com.mx\/"},{"@type":"ListItem","position":2,"name":"Lo que el COVID-19 puede ense\u00f1arnos sobre la mitigaci\u00f3n del cambio clim\u00e1tico: FMI"}]},{"@type":"WebSite","@id":"https:\/\/www.sonoraenequipo.com.mx\/#website","url":"https:\/\/www.sonoraenequipo.com.mx\/","name":"Sonora en Equipo.","description":"Diario en l\u00ednea con Noticias desde Hermosillo, Sonora","publisher":{"@id":"https:\/\/www.sonoraenequipo.com.mx\/#organization"},"potentialAction":[{"@type":"SearchAction","target":{"@type":"EntryPoint","urlTemplate":"https:\/\/www.sonoraenequipo.com.mx\/?s={search_term_string}"},"query-input":{"@type":"PropertyValueSpecification","valueRequired":true,"valueName":"search_term_string"}}],"inLanguage":"es"},{"@type":"Organization","@id":"https:\/\/www.sonoraenequipo.com.mx\/#organization","name":"Sonoraenequipo.com.mx","url":"https:\/\/www.sonoraenequipo.com.mx\/","logo":{"@type":"ImageObject","inLanguage":"es","@id":"https:\/\/www.sonoraenequipo.com.mx\/#\/schema\/logo\/image\/","url":"https:\/\/www.sonoraenequipo.com.mx\/storage\/2019\/01\/sonoraenequipo_opt.png","contentUrl":"https:\/\/www.sonoraenequipo.com.mx\/storage\/2019\/01\/sonoraenequipo_opt.png","width":375,"height":125,"caption":"Sonoraenequipo.com.mx"},"image":{"@id":"https:\/\/www.sonoraenequipo.com.mx\/#\/schema\/logo\/image\/"},"sameAs":["https:\/\/www.facebook.com\/SonoraEE\/","https:\/\/x.com\/sonoraenequipo","https:\/\/www.youtube.com\/channel\/UC338nW-lPEYmJQs4ZABQ1SQ"]},{"@type":"Person","@id":"https:\/\/www.sonoraenequipo.com.mx\/#\/schema\/person\/50102df0fb23a8fa9e8effad8fa81386","name":"enequipo","image":{"@type":"ImageObject","inLanguage":"es","@id":"https:\/\/www.sonoraenequipo.com.mx\/#\/schema\/person\/image\/","url":"https:\/\/secure.gravatar.com\/avatar\/049821681b589dabc0bc20695993ccebb09f5b5d4d790cd9251b97faac7c652b?s=96&d=blank&r=g","contentUrl":"https:\/\/secure.gravatar.com\/avatar\/049821681b589dabc0bc20695993ccebb09f5b5d4d790cd9251b97faac7c652b?s=96&d=blank&r=g","caption":"enequipo"},"sameAs":["https:\/\/www.facebook.com\/SonoraEE"]}]}},"jetpack_featured_media_url":"https:\/\/www.sonoraenequipo.com.mx\/storage\/2021\/07\/cambio-climatico.jpg","_links":{"self":[{"href":"https:\/\/www.sonoraenequipo.com.mx\/api\/wp\/v2\/posts\/118257","targetHints":{"allow":["GET"]}}],"collection":[{"href":"https:\/\/www.sonoraenequipo.com.mx\/api\/wp\/v2\/posts"}],"about":[{"href":"https:\/\/www.sonoraenequipo.com.mx\/api\/wp\/v2\/types\/post"}],"author":[{"embeddable":true,"href":"https:\/\/www.sonoraenequipo.com.mx\/api\/wp\/v2\/users\/1"}],"replies":[{"embeddable":true,"href":"https:\/\/www.sonoraenequipo.com.mx\/api\/wp\/v2\/comments?post=118257"}],"version-history":[{"count":1,"href":"https:\/\/www.sonoraenequipo.com.mx\/api\/wp\/v2\/posts\/118257\/revisions"}],"predecessor-version":[{"id":118259,"href":"https:\/\/www.sonoraenequipo.com.mx\/api\/wp\/v2\/posts\/118257\/revisions\/118259"}],"wp:featuredmedia":[{"embeddable":true,"href":"https:\/\/www.sonoraenequipo.com.mx\/api\/wp\/v2\/media\/118258"}],"wp:attachment":[{"href":"https:\/\/www.sonoraenequipo.com.mx\/api\/wp\/v2\/media?parent=118257"}],"wp:term":[{"taxonomy":"category","embeddable":true,"href":"https:\/\/www.sonoraenequipo.com.mx\/api\/wp\/v2\/categories?post=118257"},{"taxonomy":"post_tag","embeddable":true,"href":"https:\/\/www.sonoraenequipo.com.mx\/api\/wp\/v2\/tags?post=118257"}],"curies":[{"name":"wp","href":"https:\/\/api.w.org\/{rel}","templated":true}]}}