{"id":118272,"date":"2021-07-12T15:48:18","date_gmt":"2021-07-12T22:48:18","guid":{"rendered":"https:\/\/www.sonoraenequipo.com.mx\/?p=118272"},"modified":"2021-07-12T18:09:42","modified_gmt":"2021-07-13T01:09:42","slug":"miguel-barbosa-pide-recuperar-la-etica-del-ejercicio-profesional","status":"publish","type":"post","link":"https:\/\/www.sonoraenequipo.com.mx\/miguel-barbosa-pide-recuperar-la-etica-del-ejercicio-profesional\/","title":{"rendered":"Miguel Barbosa pide recuperar la \u00e9tica del ejercicio profesional"},"content":{"rendered":"<p>PUEBLA, PUEBLA. MX. \u2014 Al encabezar la Conmemoraci\u00f3n del D\u00eda del Abogado \u201c61 aniversario\u201d, el gobernador de Puebla, Miguel Barbosa Huerta advirti\u00f3 que es necesario recuperar la \u00e9tica en el ejercicio profesional en todos los niveles y \u00e1reas, pues reconoci\u00f3 que se ha deteriorado.<\/p>\n<p>&nbsp;<\/p>\n<p> <\/p>\n<p>&nbsp;<\/p>\n<p><em>\u201cEs muy lamentable ver que ahora no se defiende el derecho: se arrebata y se atropella para satisfacer los intereses que se encargan a la representaci\u00f3n del profesional del Derecho\u201d,<\/em> se\u00f1al\u00f3 en este evento en el que estuvo acompa\u00f1ado por los presidentes del Tribunal Superior de Justicia y de la Junta de Gobierno y Coordinaci\u00f3n Pol\u00edtica del Congreso local, H\u00e9ctor S\u00e1nchez S\u00e1nchez y Nora Merino Escamilla, respectivamente.<\/p>\n<p>&nbsp;<\/p>\n<p>Barbosa Huerta reprob\u00f3 la existencia de c\u00edrculos de poder en el ejercicio del derecho como profesi\u00f3n, luego de subrayar que las y los abogados poblanos deben de seguir trabajando para devolverle a la sociedad sus valores a trav\u00e9s de la justicia.<\/p>\n<p>&nbsp;<\/p>\n<p>Afirm\u00f3 que hay que tener fe que el derecho es el mejor instrumento regulador de la conducta humana, que la justicia es el destino normal del derecho y que la paz es el sustituto bondadoso de la justicia, pero sobre todo en la libertad porque sin ella no habr\u00eda ninguno de los tres conceptos.<\/p>\n<p>&nbsp;<\/p>\n<p>En este acto, al cual tambi\u00e9n asisti\u00f3 la presidenta honoraria del Patronato del SEDIF, Rosario Orozco Caballero, el mandatario estatal demand\u00f3 a las y los abogados una constante actualizaci\u00f3n acad\u00e9mica para serles \u00fatiles a la sociedad.<\/p>\n<h3>Reformas\u00a0 Nacionales<\/h3>\n<p>Por su parte, el magistrado S\u00e1nchez S\u00e1nchez destac\u00f3 los grandes esfuerzos de visi\u00f3n, dise\u00f1o e impulso presupuestal que ha hecho el Gobierno del estado para que Puebla est\u00e9 a la altura constitucional de las \u00faltimas reformas nacionales.<\/p>\n<p>Sin embargo, dijo que lo anterior no se podr\u00e1 materializar sin el apoyo de la academia, por lo que llam\u00f3 a las instituciones educativas a sembrar la oralidad y transparencia en las nuevas generaciones de abogados, pues coment\u00f3 que son esquemas que llegaron para quedarse en la profesi\u00f3n.<\/p>\n<p>En este evento estuvo presente el magistrado Jos\u00e9 Francisco Cilia L\u00f3pez, presidente del Segundo Tribunal Colegiado del Segundo Circuito del Estado de M\u00e9xico, quien ofreci\u00f3 la conferencia magistral \u201cLa Reforma Laboral, su implementaci\u00f3n y sus efectos en el estado mexicano\u201d.<\/p>\n<p>&nbsp;<\/p>\n<p>&nbsp;<\/p>\n<p>(Publicada el 12\/07\/2021)<\/p>\n","protected":false},"excerpt":{"rendered":"<p>PUEBLA, PUEBLA. MX. \u2014 Al encabezar la Conmemoraci\u00f3n del D\u00eda del Abogado \u201c61 aniversario\u201d, el&#8230;<\/p>\n","protected":false},"author":1,"featured_media":118273,"comment_status":"open","ping_status":"open","sticky":false,"template":"","format":"standard","meta":{"_monsterinsights_skip_tracking":false,"_monsterinsights_sitenote_active":false,"_monsterinsights_sitenote_note":"","_monsterinsights_sitenote_category":0,"footnotes":""},"categories":[5],"tags":[],"class_list":["post"],"yoast_head":" \n<title>Sonora en Equipo. Miguel Barbosa pide recuperar la \u00e9tica del ejercicio profesional Rep\u00fablica<\/title>\n<meta name=\"description\" content=\"PUEBLA, PUEBLA. MX. \u2014 Al encabezar la Conmemoraci\u00f3n del D\u00eda del Abogado \u201c61 aniversario\u201d, el gobernador de Puebla, Miguel Barbosa Huerta advirti\u00f3 que es En Sonora en Equipo publicamos toda la informaci\u00f3n de Sonora, M\u00e9xico y el Mundo de manera oportuna y busca que la libertad de expresi\u00f3n sea real. Visita nuestro medio informativo publicado desde Hermosillo, Sonora. %\" \/>\n<meta name=\"robots\" content=\"index, follow, max-snippet:-1, max-image-preview:large, max-video-preview:-1\" \/>\n<link rel=\"canonical\" href=\"https:\/\/www.sonoraenequipo.com.mx\/miguel-barbosa-pide-recuperar-la-etica-del-ejercicio-profesional\/\" \/>\n<meta property=\"og:locale\" content=\"es_ES\" \/>\n<meta property=\"og:type\" content=\"article\" \/>\n<meta property=\"og:title\" content=\"Sonora en Equipo. Miguel Barbosa pide recuperar la \u00e9tica del ejercicio profesional Rep\u00fablica\" \/>\n<meta property=\"og:description\" content=\"PUEBLA, PUEBLA. MX. \u2014 Al encabezar la Conmemoraci\u00f3n del D\u00eda del Abogado \u201c61 aniversario\u201d, el gobernador de Puebla, Miguel Barbosa Huerta advirti\u00f3 que es En Sonora en Equipo publicamos toda la informaci\u00f3n de Sonora, M\u00e9xico y el Mundo de manera oportuna y busca que la libertad de expresi\u00f3n sea real. Visita nuestro medio informativo publicado desde Hermosillo, Sonora. %\" \/>\n<meta property=\"og:url\" content=\"https:\/\/www.sonoraenequipo.com.mx\/miguel-barbosa-pide-recuperar-la-etica-del-ejercicio-profesional\/\" \/>\n<meta property=\"og:site_name\" content=\"Sonora en Equipo.\" \/>\n<meta property=\"article:publisher\" content=\"https:\/\/www.facebook.com\/SonoraEE\/\" \/>\n<meta property=\"article:author\" content=\"https:\/\/www.facebook.com\/SonoraEE\" \/>\n<meta property=\"article:published_time\" content=\"2021-07-12T22:48:18+00:00\" \/>\n<meta property=\"article:modified_time\" content=\"2021-07-13T01:09:42+00:00\" \/>\n<meta property=\"og:image\" content=\"https:\/\/www.sonoraenequipo.com.mx\/storage\/2021\/07\/Barbosa-dia-del-abogado_opt.jpg\" \/>\n\t<meta property=\"og:image:width\" content=\"700\" \/>\n\t<meta property=\"og:image:height\" content=\"400\" \/>\n\t<meta property=\"og:image:type\" content=\"image\/jpeg\" \/>\n<meta name=\"author\" content=\"enequipo\" \/>\n<meta name=\"twitter:card\" content=\"summary_large_image\" \/>\n<meta name=\"twitter:creator\" content=\"@sonoraenequipo\" \/>\n<meta name=\"twitter:site\" content=\"@sonoraenequipo\" \/>\n<meta name=\"twitter:label1\" content=\"Escrito por\" \/>\n\t<meta name=\"twitter:data1\" content=\"enequipo\" \/>\n\t<meta name=\"twitter:label2\" content=\"Tiempo de lectura\" \/>\n\t<meta name=\"twitter:data2\" content=\"2 minutos\" \/>\n<script type=\"application\/ld+json\" class=\"yoast-schema-graph\">{\"@context\":\"https:\/\/schema.org\",\"@graph\":[{\"@type\":\"Article\",\"@id\":\"https:\/\/www.sonoraenequipo.com.mx\/miguel-barbosa-pide-recuperar-la-etica-del-ejercicio-profesional\/#article\",\"isPartOf\":{\"@id\":\"https:\/\/www.sonoraenequipo.com.mx\/miguel-barbosa-pide-recuperar-la-etica-del-ejercicio-profesional\/\"},\"author\":{\"name\":\"enequipo\",\"@id\":\"https:\/\/www.sonoraenequipo.com.mx\/#\/schema\/person\/50102df0fb23a8fa9e8effad8fa81386\"},\"headline\":\"Miguel Barbosa pide recuperar la \u00e9tica del ejercicio profesional\",\"datePublished\":\"2021-07-12T22:48:18+00:00\",\"dateModified\":\"2021-07-13T01:09:42+00:00\",\"mainEntityOfPage\":{\"@id\":\"https:\/\/www.sonoraenequipo.com.mx\/miguel-barbosa-pide-recuperar-la-etica-del-ejercicio-profesional\/\"},\"wordCount\":410,\"commentCount\":0,\"publisher\":{\"@id\":\"https:\/\/www.sonoraenequipo.com.mx\/#organization\"},\"image\":{\"@id\":\"https:\/\/www.sonoraenequipo.com.mx\/miguel-barbosa-pide-recuperar-la-etica-del-ejercicio-profesional\/#primaryimage\"},\"thumbnailUrl\":\"https:\/\/www.sonoraenequipo.com.mx\/storage\/2021\/07\/Barbosa-dia-del-abogado_opt.jpg\",\"articleSection\":[\"Rep\u00fablica\"],\"inLanguage\":\"es\",\"potentialAction\":[{\"@type\":\"CommentAction\",\"name\":\"Comment\",\"target\":[\"https:\/\/www.sonoraenequipo.com.mx\/miguel-barbosa-pide-recuperar-la-etica-del-ejercicio-profesional\/#respond\"]}]},{\"@type\":\"WebPage\",\"@id\":\"https:\/\/www.sonoraenequipo.com.mx\/miguel-barbosa-pide-recuperar-la-etica-del-ejercicio-profesional\/\",\"url\":\"https:\/\/www.sonoraenequipo.com.mx\/miguel-barbosa-pide-recuperar-la-etica-del-ejercicio-profesional\/\",\"name\":\"Sonora en Equipo. Miguel Barbosa pide recuperar la \u00e9tica del ejercicio profesional Rep\u00fablica\",\"isPartOf\":{\"@id\":\"https:\/\/www.sonoraenequipo.com.mx\/#website\"},\"primaryImageOfPage\":{\"@id\":\"https:\/\/www.sonoraenequipo.com.mx\/miguel-barbosa-pide-recuperar-la-etica-del-ejercicio-profesional\/#primaryimage\"},\"image\":{\"@id\":\"https:\/\/www.sonoraenequipo.com.mx\/miguel-barbosa-pide-recuperar-la-etica-del-ejercicio-profesional\/#primaryimage\"},\"thumbnailUrl\":\"https:\/\/www.sonoraenequipo.com.mx\/storage\/2021\/07\/Barbosa-dia-del-abogado_opt.jpg\",\"datePublished\":\"2021-07-12T22:48:18+00:00\",\"dateModified\":\"2021-07-13T01:09:42+00:00\",\"description\":\"PUEBLA, PUEBLA. MX. \u2014 Al encabezar la Conmemoraci\u00f3n del D\u00eda del Abogado \u201c61 aniversario\u201d, el gobernador de Puebla, Miguel Barbosa Huerta advirti\u00f3 que es En Sonora en Equipo publicamos toda la informaci\u00f3n de Sonora, M\u00e9xico y el Mundo de manera oportuna y busca que la libertad de expresi\u00f3n sea real. Visita nuestro medio informativo publicado desde Hermosillo, Sonora. %\",\"breadcrumb\":{\"@id\":\"https:\/\/www.sonoraenequipo.com.mx\/miguel-barbosa-pide-recuperar-la-etica-del-ejercicio-profesional\/#breadcrumb\"},\"inLanguage\":\"es\",\"potentialAction\":[{\"@type\":\"ReadAction\",\"target\":[\"https:\/\/www.sonoraenequipo.com.mx\/miguel-barbosa-pide-recuperar-la-etica-del-ejercicio-profesional\/\"]}]},{\"@type\":\"ImageObject\",\"inLanguage\":\"es\",\"@id\":\"https:\/\/www.sonoraenequipo.com.mx\/miguel-barbosa-pide-recuperar-la-etica-del-ejercicio-profesional\/#primaryimage\",\"url\":\"https:\/\/www.sonoraenequipo.com.mx\/storage\/2021\/07\/Barbosa-dia-del-abogado_opt.jpg\",\"contentUrl\":\"https:\/\/www.sonoraenequipo.com.mx\/storage\/2021\/07\/Barbosa-dia-del-abogado_opt.jpg\",\"width\":700,\"height\":400},{\"@type\":\"BreadcrumbList\",\"@id\":\"https:\/\/www.sonoraenequipo.com.mx\/miguel-barbosa-pide-recuperar-la-etica-del-ejercicio-profesional\/#breadcrumb\",\"itemListElement\":[{\"@type\":\"ListItem\",\"position\":1,\"name\":\"Portada\",\"item\":\"https:\/\/www.sonoraenequipo.com.mx\/\"},{\"@type\":\"ListItem\",\"position\":2,\"name\":\"Miguel Barbosa pide recuperar la \u00e9tica del ejercicio profesional\"}]},{\"@type\":\"WebSite\",\"@id\":\"https:\/\/www.sonoraenequipo.com.mx\/#website\",\"url\":\"https:\/\/www.sonoraenequipo.com.mx\/\",\"name\":\"Sonora en Equipo.\",\"description\":\"Diario en l\u00ednea con Noticias desde Hermosillo, Sonora\",\"publisher\":{\"@id\":\"https:\/\/www.sonoraenequipo.com.mx\/#organization\"},\"potentialAction\":[{\"@type\":\"SearchAction\",\"target\":{\"@type\":\"EntryPoint\",\"urlTemplate\":\"https:\/\/www.sonoraenequipo.com.mx\/?s={search_term_string}\"},\"query-input\":{\"@type\":\"PropertyValueSpecification\",\"valueRequired\":true,\"valueName\":\"search_term_string\"}}],\"inLanguage\":\"es\"},{\"@type\":\"Organization\",\"@id\":\"https:\/\/www.sonoraenequipo.com.mx\/#organization\",\"name\":\"Sonoraenequipo.com.mx\",\"url\":\"https:\/\/www.sonoraenequipo.com.mx\/\",\"logo\":{\"@type\":\"ImageObject\",\"inLanguage\":\"es\",\"@id\":\"https:\/\/www.sonoraenequipo.com.mx\/#\/schema\/logo\/image\/\",\"url\":\"https:\/\/www.sonoraenequipo.com.mx\/storage\/2019\/01\/sonoraenequipo_opt.png\",\"contentUrl\":\"https:\/\/www.sonoraenequipo.com.mx\/storage\/2019\/01\/sonoraenequipo_opt.png\",\"width\":375,\"height\":125,\"caption\":\"Sonoraenequipo.com.mx\"},\"image\":{\"@id\":\"https:\/\/www.sonoraenequipo.com.mx\/#\/schema\/logo\/image\/\"},\"sameAs\":[\"https:\/\/www.facebook.com\/SonoraEE\/\",\"https:\/\/x.com\/sonoraenequipo\",\"https:\/\/www.youtube.com\/channel\/UC338nW-lPEYmJQs4ZABQ1SQ\"]},{\"@type\":\"Person\",\"@id\":\"https:\/\/www.sonoraenequipo.com.mx\/#\/schema\/person\/50102df0fb23a8fa9e8effad8fa81386\",\"name\":\"enequipo\",\"image\":{\"@type\":\"ImageObject\",\"inLanguage\":\"es\",\"@id\":\"https:\/\/www.sonoraenequipo.com.mx\/#\/schema\/person\/image\/\",\"url\":\"https:\/\/secure.gravatar.com\/avatar\/049821681b589dabc0bc20695993ccebb09f5b5d4d790cd9251b97faac7c652b?s=96&d=blank&r=g\",\"contentUrl\":\"https:\/\/secure.gravatar.com\/avatar\/049821681b589dabc0bc20695993ccebb09f5b5d4d790cd9251b97faac7c652b?s=96&d=blank&r=g\",\"caption\":\"enequipo\"},\"sameAs\":[\"https:\/\/www.facebook.com\/SonoraEE\"]}]}<\/script>\n ","yoast_head_json":{"title":"Sonora en Equipo. Miguel Barbosa pide recuperar la \u00e9tica del ejercicio profesional Rep\u00fablica","description":"PUEBLA, PUEBLA. MX. \u2014 Al encabezar la Conmemoraci\u00f3n del D\u00eda del Abogado \u201c61 aniversario\u201d, el gobernador de Puebla, Miguel Barbosa Huerta advirti\u00f3 que es En Sonora en Equipo publicamos toda la informaci\u00f3n de Sonora, M\u00e9xico y el Mundo de manera oportuna y busca que la libertad de expresi\u00f3n sea real. Visita nuestro medio informativo publicado desde Hermosillo, Sonora. %","robots":{"index":"index","follow":"follow","max-snippet":"max-snippet:-1","max-image-preview":"max-image-preview:large","max-video-preview":"max-video-preview:-1"},"canonical":"https:\/\/www.sonoraenequipo.com.mx\/miguel-barbosa-pide-recuperar-la-etica-del-ejercicio-profesional\/","og_locale":"es_ES","og_type":"article","og_title":"Sonora en Equipo. Miguel Barbosa pide recuperar la \u00e9tica del ejercicio profesional Rep\u00fablica","og_description":"PUEBLA, PUEBLA. MX. \u2014 Al encabezar la Conmemoraci\u00f3n del D\u00eda del Abogado \u201c61 aniversario\u201d, el gobernador de Puebla, Miguel Barbosa Huerta advirti\u00f3 que es En Sonora en Equipo publicamos toda la informaci\u00f3n de Sonora, M\u00e9xico y el Mundo de manera oportuna y busca que la libertad de expresi\u00f3n sea real. Visita nuestro medio informativo publicado desde Hermosillo, Sonora. %","og_url":"https:\/\/www.sonoraenequipo.com.mx\/miguel-barbosa-pide-recuperar-la-etica-del-ejercicio-profesional\/","og_site_name":"Sonora en Equipo.","article_publisher":"https:\/\/www.facebook.com\/SonoraEE\/","article_author":"https:\/\/www.facebook.com\/SonoraEE","article_published_time":"2021-07-12T22:48:18+00:00","article_modified_time":"2021-07-13T01:09:42+00:00","og_image":[{"width":700,"height":400,"url":"https:\/\/www.sonoraenequipo.com.mx\/storage\/2021\/07\/Barbosa-dia-del-abogado_opt.jpg","type":"image\/jpeg"}],"author":"enequipo","twitter_card":"summary_large_image","twitter_creator":"@sonoraenequipo","twitter_site":"@sonoraenequipo","twitter_misc":{"Escrito por":"enequipo","Tiempo de lectura":"2 minutos"},"schema":{"@context":"https:\/\/schema.org","@graph":[{"@type":"Article","@id":"https:\/\/www.sonoraenequipo.com.mx\/miguel-barbosa-pide-recuperar-la-etica-del-ejercicio-profesional\/#article","isPartOf":{"@id":"https:\/\/www.sonoraenequipo.com.mx\/miguel-barbosa-pide-recuperar-la-etica-del-ejercicio-profesional\/"},"author":{"name":"enequipo","@id":"https:\/\/www.sonoraenequipo.com.mx\/#\/schema\/person\/50102df0fb23a8fa9e8effad8fa81386"},"headline":"Miguel Barbosa pide recuperar la \u00e9tica del ejercicio profesional","datePublished":"2021-07-12T22:48:18+00:00","dateModified":"2021-07-13T01:09:42+00:00","mainEntityOfPage":{"@id":"https:\/\/www.sonoraenequipo.com.mx\/miguel-barbosa-pide-recuperar-la-etica-del-ejercicio-profesional\/"},"wordCount":410,"commentCount":0,"publisher":{"@id":"https:\/\/www.sonoraenequipo.com.mx\/#organization"},"image":{"@id":"https:\/\/www.sonoraenequipo.com.mx\/miguel-barbosa-pide-recuperar-la-etica-del-ejercicio-profesional\/#primaryimage"},"thumbnailUrl":"https:\/\/www.sonoraenequipo.com.mx\/storage\/2021\/07\/Barbosa-dia-del-abogado_opt.jpg","articleSection":["Rep\u00fablica"],"inLanguage":"es","potentialAction":[{"@type":"CommentAction","name":"Comment","target":["https:\/\/www.sonoraenequipo.com.mx\/miguel-barbosa-pide-recuperar-la-etica-del-ejercicio-profesional\/#respond"]}]},{"@type":"WebPage","@id":"https:\/\/www.sonoraenequipo.com.mx\/miguel-barbosa-pide-recuperar-la-etica-del-ejercicio-profesional\/","url":"https:\/\/www.sonoraenequipo.com.mx\/miguel-barbosa-pide-recuperar-la-etica-del-ejercicio-profesional\/","name":"Sonora en Equipo. Miguel Barbosa pide recuperar la \u00e9tica del ejercicio profesional Rep\u00fablica","isPartOf":{"@id":"https:\/\/www.sonoraenequipo.com.mx\/#website"},"primaryImageOfPage":{"@id":"https:\/\/www.sonoraenequipo.com.mx\/miguel-barbosa-pide-recuperar-la-etica-del-ejercicio-profesional\/#primaryimage"},"image":{"@id":"https:\/\/www.sonoraenequipo.com.mx\/miguel-barbosa-pide-recuperar-la-etica-del-ejercicio-profesional\/#primaryimage"},"thumbnailUrl":"https:\/\/www.sonoraenequipo.com.mx\/storage\/2021\/07\/Barbosa-dia-del-abogado_opt.jpg","datePublished":"2021-07-12T22:48:18+00:00","dateModified":"2021-07-13T01:09:42+00:00","description":"PUEBLA, PUEBLA. MX. \u2014 Al encabezar la Conmemoraci\u00f3n del D\u00eda del Abogado \u201c61 aniversario\u201d, el gobernador de Puebla, Miguel Barbosa Huerta advirti\u00f3 que es En Sonora en Equipo publicamos toda la informaci\u00f3n de Sonora, M\u00e9xico y el Mundo de manera oportuna y busca que la libertad de expresi\u00f3n sea real. Visita nuestro medio informativo publicado desde Hermosillo, Sonora. %","breadcrumb":{"@id":"https:\/\/www.sonoraenequipo.com.mx\/miguel-barbosa-pide-recuperar-la-etica-del-ejercicio-profesional\/#breadcrumb"},"inLanguage":"es","potentialAction":[{"@type":"ReadAction","target":["https:\/\/www.sonoraenequipo.com.mx\/miguel-barbosa-pide-recuperar-la-etica-del-ejercicio-profesional\/"]}]},{"@type":"ImageObject","inLanguage":"es","@id":"https:\/\/www.sonoraenequipo.com.mx\/miguel-barbosa-pide-recuperar-la-etica-del-ejercicio-profesional\/#primaryimage","url":"https:\/\/www.sonoraenequipo.com.mx\/storage\/2021\/07\/Barbosa-dia-del-abogado_opt.jpg","contentUrl":"https:\/\/www.sonoraenequipo.com.mx\/storage\/2021\/07\/Barbosa-dia-del-abogado_opt.jpg","width":700,"height":400},{"@type":"BreadcrumbList","@id":"https:\/\/www.sonoraenequipo.com.mx\/miguel-barbosa-pide-recuperar-la-etica-del-ejercicio-profesional\/#breadcrumb","itemListElement":[{"@type":"ListItem","position":1,"name":"Portada","item":"https:\/\/www.sonoraenequipo.com.mx\/"},{"@type":"ListItem","position":2,"name":"Miguel Barbosa pide recuperar la \u00e9tica del ejercicio profesional"}]},{"@type":"WebSite","@id":"https:\/\/www.sonoraenequipo.com.mx\/#website","url":"https:\/\/www.sonoraenequipo.com.mx\/","name":"Sonora en Equipo.","description":"Diario en l\u00ednea con Noticias desde Hermosillo, Sonora","publisher":{"@id":"https:\/\/www.sonoraenequipo.com.mx\/#organization"},"potentialAction":[{"@type":"SearchAction","target":{"@type":"EntryPoint","urlTemplate":"https:\/\/www.sonoraenequipo.com.mx\/?s={search_term_string}"},"query-input":{"@type":"PropertyValueSpecification","valueRequired":true,"valueName":"search_term_string"}}],"inLanguage":"es"},{"@type":"Organization","@id":"https:\/\/www.sonoraenequipo.com.mx\/#organization","name":"Sonoraenequipo.com.mx","url":"https:\/\/www.sonoraenequipo.com.mx\/","logo":{"@type":"ImageObject","inLanguage":"es","@id":"https:\/\/www.sonoraenequipo.com.mx\/#\/schema\/logo\/image\/","url":"https:\/\/www.sonoraenequipo.com.mx\/storage\/2019\/01\/sonoraenequipo_opt.png","contentUrl":"https:\/\/www.sonoraenequipo.com.mx\/storage\/2019\/01\/sonoraenequipo_opt.png","width":375,"height":125,"caption":"Sonoraenequipo.com.mx"},"image":{"@id":"https:\/\/www.sonoraenequipo.com.mx\/#\/schema\/logo\/image\/"},"sameAs":["https:\/\/www.facebook.com\/SonoraEE\/","https:\/\/x.com\/sonoraenequipo","https:\/\/www.youtube.com\/channel\/UC338nW-lPEYmJQs4ZABQ1SQ"]},{"@type":"Person","@id":"https:\/\/www.sonoraenequipo.com.mx\/#\/schema\/person\/50102df0fb23a8fa9e8effad8fa81386","name":"enequipo","image":{"@type":"ImageObject","inLanguage":"es","@id":"https:\/\/www.sonoraenequipo.com.mx\/#\/schema\/person\/image\/","url":"https:\/\/secure.gravatar.com\/avatar\/049821681b589dabc0bc20695993ccebb09f5b5d4d790cd9251b97faac7c652b?s=96&d=blank&r=g","contentUrl":"https:\/\/secure.gravatar.com\/avatar\/049821681b589dabc0bc20695993ccebb09f5b5d4d790cd9251b97faac7c652b?s=96&d=blank&r=g","caption":"enequipo"},"sameAs":["https:\/\/www.facebook.com\/SonoraEE"]}]}},"jetpack_featured_media_url":"https:\/\/www.sonoraenequipo.com.mx\/storage\/2021\/07\/Barbosa-dia-del-abogado_opt.jpg","_links":{"self":[{"href":"https:\/\/www.sonoraenequipo.com.mx\/api\/wp\/v2\/posts\/118272","targetHints":{"allow":["GET"]}}],"collection":[{"href":"https:\/\/www.sonoraenequipo.com.mx\/api\/wp\/v2\/posts"}],"about":[{"href":"https:\/\/www.sonoraenequipo.com.mx\/api\/wp\/v2\/types\/post"}],"author":[{"embeddable":true,"href":"https:\/\/www.sonoraenequipo.com.mx\/api\/wp\/v2\/users\/1"}],"replies":[{"embeddable":true,"href":"https:\/\/www.sonoraenequipo.com.mx\/api\/wp\/v2\/comments?post=118272"}],"version-history":[{"count":2,"href":"https:\/\/www.sonoraenequipo.com.mx\/api\/wp\/v2\/posts\/118272\/revisions"}],"predecessor-version":[{"id":118275,"href":"https:\/\/www.sonoraenequipo.com.mx\/api\/wp\/v2\/posts\/118272\/revisions\/118275"}],"wp:featuredmedia":[{"embeddable":true,"href":"https:\/\/www.sonoraenequipo.com.mx\/api\/wp\/v2\/media\/118273"}],"wp:attachment":[{"href":"https:\/\/www.sonoraenequipo.com.mx\/api\/wp\/v2\/media?parent=118272"}],"wp:term":[{"taxonomy":"category","embeddable":true,"href":"https:\/\/www.sonoraenequipo.com.mx\/api\/wp\/v2\/categories?post=118272"},{"taxonomy":"post_tag","embeddable":true,"href":"https:\/\/www.sonoraenequipo.com.mx\/api\/wp\/v2\/tags?post=118272"}],"curies":[{"name":"wp","href":"https:\/\/api.w.org\/{rel}","templated":true}]}}