{"id":118279,"date":"2021-07-11T23:47:29","date_gmt":"2021-07-12T06:47:29","guid":{"rendered":"https:\/\/www.sonoraenequipo.com.mx\/?p=118279"},"modified":"2021-07-12T18:56:35","modified_gmt":"2021-07-13T01:56:35","slug":"detenido-en-haiti-por-asesinato-de-presidente-tenia-objetivos-politicos","status":"publish","type":"post","link":"https:\/\/www.sonoraenequipo.com.mx\/detenido-en-haiti-por-asesinato-de-presidente-tenia-objetivos-politicos\/","title":{"rendered":"Detenido en Hait\u00ed por asesinato de presidente ten\u00eda \u201cobjetivos pol\u00edticos\u201d"},"content":{"rendered":"<p>PUERTO PRINCIPE, HAIT\u00cd. \u2014 La polic\u00eda haitiana anunci\u00f3 el domingo por la noche la detenci\u00f3n de un ciudadano haitiano \u201cque ten\u00eda objetivos pol\u00edticos\u201d al reclutar al comando que asesin\u00f3 al presidente Jovenel Moise la noche del martes al mi\u00e9rcoles.<\/p>\n<p>&nbsp;<\/p>\n<p> <\/p>\n<p><em>\u201cEs un individuo que ingres\u00f3 a Hait\u00ed a bordo de un avi\u00f3n privado con objetivos pol\u00edticos\u201c,<\/em> dijo L\u00e9on Charles, director de la polic\u00eda nacional.<\/p>\n<p>&nbsp;<\/p>\n<p>A su llegada a su pa\u00eds en junio, Charles Emmanuel Sanon, de 63 a\u00f1os, de nacionalidad haitiana, estaba acompa\u00f1ado de varios colombianos encargados de velar por su seguridad, seg\u00fan detalles proporcionados durante una rueda de prensa en presencia de varios ministros.<\/p>\n<p>&nbsp;<\/p>\n<p><em>\u201cEntonces la misi\u00f3n cambi\u00f3\u201d<\/em>, explic\u00f3 Charles.<em> \u201cLa misi\u00f3n era detener al presidente de la Rep\u00fablica y desde all\u00ed se mont\u00f3 el operativo: luego entraron 22 personas m\u00e1s a Hait\u00ed\u201d,<\/em> agreg\u00f3.<\/p>\n<p>&nbsp;<\/p>\n<p>Interrogatorios realizados a los 18 ciudadanos colombianos detenidos el mi\u00e9rcoles permitieron a la polic\u00eda saber que Charles Emmanuel Sanon hab\u00eda reclutado a los 26 integrantes del comando a trav\u00e9s de una empresa de seguridad venezolana llamada CTU, con sede en Florida.<\/p>\n<p>&nbsp;<\/p>\n<p><em>\u201cCuando nosotros, la polic\u00eda, bloqueamos el avance de estos bandidos despu\u00e9s de haber cometido su crimen la primera persona a la que llam\u00f3 uno de los atacantes fue Charles Emmanuel Sanon. Se puso en contacto con otras dos personas a las que consideramos autores intelectuales del asesinato del presidente Jovenel Mo\u00efse\u201d<\/em>, indic\u00f3 L\u00e9on Charles sin detallar la identidad de estos dos sospechosos.<\/p>\n<p>&nbsp;<\/p>\n<p>Funcionarios estadounidenses del FBI, el Departamento de Estado, el Departamento de Justicia y el Departamento de Seguridad Nacional llegaron a Hait\u00ed el domingo y se reunieron con el director general de la polic\u00eda nacional.<\/p>\n<p>&nbsp;<\/p>\n<p>La delegaci\u00f3n estadounidense mantuvo reuniones separadas con los principales actores pol\u00edticos locales, entre ellos el primer ministro Claude Joseph.<\/p>\n<p>&nbsp;<\/p>\n<p>&nbsp;<\/p>\n<p><em>\u201cMe reun\u00ed con la delegaci\u00f3n estadounidense y juntos valoramos la resoluci\u00f3n del Senado que me eligi\u00f3 como presidente provisional de la Rep\u00fablica\u201d<\/em>, tuite\u00f3 el domingo Joseph Lambert, presidente del Senado.<\/p>\n<p>&nbsp;<\/p>\n<p>Cuatro d\u00edas despu\u00e9s del asesinato del jefe de Estado, persisten \u00e1reas grises sobre el asesinato de Jovenel Moise, atacado en su residencia privada, fuertemente vigilada.<\/p>\n<p>&nbsp;<\/p>\n<p>(Publicada el 11\/07\/2021)<\/p>\n","protected":false},"excerpt":{"rendered":"<p>PUERTO PRINCIPE, HAIT\u00cd. \u2014 La polic\u00eda haitiana anunci\u00f3 el domingo por la noche la detenci\u00f3n&#8230;<\/p>\n","protected":false},"author":1,"featured_media":118280,"comment_status":"open","ping_status":"open","sticky":false,"template":"","format":"standard","meta":{"_monsterinsights_skip_tracking":false,"_monsterinsights_sitenote_active":false,"_monsterinsights_sitenote_note":"","_monsterinsights_sitenote_category":0,"footnotes":""},"categories":[3],"tags":[],"class_list":["post"],"yoast_head":" \n<title>Sonora en Equipo. Detenido en Hait\u00ed por asesinato de presidente ten\u00eda \u201cobjetivos pol\u00edticos\u201d MUNDO<\/title>\n<meta name=\"description\" content=\"PUERTO PRINCIPE, HAIT\u00cd. \u2014 La polic\u00eda haitiana anunci\u00f3 el domingo por la noche la detenci\u00f3n de un ciudadano haitiano \u201cque ten\u00eda objetivos pol\u00edticos\u201d al En Sonora en Equipo publicamos toda la informaci\u00f3n de Sonora, M\u00e9xico y el Mundo de manera oportuna y busca que la libertad de expresi\u00f3n sea real. Visita nuestro medio informativo publicado desde Hermosillo, Sonora. %\" \/>\n<meta name=\"robots\" content=\"index, follow, max-snippet:-1, max-image-preview:large, max-video-preview:-1\" \/>\n<link rel=\"canonical\" href=\"https:\/\/www.sonoraenequipo.com.mx\/detenido-en-haiti-por-asesinato-de-presidente-tenia-objetivos-politicos\/\" \/>\n<meta property=\"og:locale\" content=\"es_ES\" \/>\n<meta property=\"og:type\" content=\"article\" \/>\n<meta property=\"og:title\" content=\"Sonora en Equipo. Detenido en Hait\u00ed por asesinato de presidente ten\u00eda \u201cobjetivos pol\u00edticos\u201d MUNDO\" \/>\n<meta property=\"og:description\" content=\"PUERTO PRINCIPE, HAIT\u00cd. \u2014 La polic\u00eda haitiana anunci\u00f3 el domingo por la noche la detenci\u00f3n de un ciudadano haitiano \u201cque ten\u00eda objetivos pol\u00edticos\u201d al En Sonora en Equipo publicamos toda la informaci\u00f3n de Sonora, M\u00e9xico y el Mundo de manera oportuna y busca que la libertad de expresi\u00f3n sea real. Visita nuestro medio informativo publicado desde Hermosillo, Sonora. %\" \/>\n<meta property=\"og:url\" content=\"https:\/\/www.sonoraenequipo.com.mx\/detenido-en-haiti-por-asesinato-de-presidente-tenia-objetivos-politicos\/\" \/>\n<meta property=\"og:site_name\" content=\"Sonora en Equipo.\" \/>\n<meta property=\"article:publisher\" content=\"https:\/\/www.facebook.com\/SonoraEE\/\" \/>\n<meta property=\"article:author\" content=\"https:\/\/www.facebook.com\/SonoraEE\" \/>\n<meta property=\"article:published_time\" content=\"2021-07-12T06:47:29+00:00\" \/>\n<meta property=\"article:modified_time\" content=\"2021-07-13T01:56:35+00:00\" \/>\n<meta property=\"og:image\" content=\"https:\/\/www.sonoraenequipo.com.mx\/storage\/2021\/07\/detenido-asesino-intelectual_opt.jpg\" \/>\n\t<meta property=\"og:image:width\" content=\"700\" \/>\n\t<meta property=\"og:image:height\" content=\"400\" \/>\n\t<meta property=\"og:image:type\" content=\"image\/jpeg\" \/>\n<meta name=\"author\" content=\"enequipo\" \/>\n<meta name=\"twitter:card\" content=\"summary_large_image\" \/>\n<meta name=\"twitter:creator\" content=\"@sonoraenequipo\" \/>\n<meta name=\"twitter:site\" content=\"@sonoraenequipo\" \/>\n<meta name=\"twitter:label1\" content=\"Escrito por\" \/>\n\t<meta name=\"twitter:data1\" content=\"enequipo\" \/>\n\t<meta name=\"twitter:label2\" content=\"Tiempo de lectura\" \/>\n\t<meta name=\"twitter:data2\" content=\"2 minutos\" \/>\n<script type=\"application\/ld+json\" class=\"yoast-schema-graph\">{\"@context\":\"https:\/\/schema.org\",\"@graph\":[{\"@type\":\"Article\",\"@id\":\"https:\/\/www.sonoraenequipo.com.mx\/detenido-en-haiti-por-asesinato-de-presidente-tenia-objetivos-politicos\/#article\",\"isPartOf\":{\"@id\":\"https:\/\/www.sonoraenequipo.com.mx\/detenido-en-haiti-por-asesinato-de-presidente-tenia-objetivos-politicos\/\"},\"author\":{\"name\":\"enequipo\",\"@id\":\"https:\/\/www.sonoraenequipo.com.mx\/#\/schema\/person\/50102df0fb23a8fa9e8effad8fa81386\"},\"headline\":\"Detenido en Hait\u00ed por asesinato de presidente ten\u00eda \u201cobjetivos pol\u00edticos\u201d\",\"datePublished\":\"2021-07-12T06:47:29+00:00\",\"dateModified\":\"2021-07-13T01:56:35+00:00\",\"mainEntityOfPage\":{\"@id\":\"https:\/\/www.sonoraenequipo.com.mx\/detenido-en-haiti-por-asesinato-de-presidente-tenia-objetivos-politicos\/\"},\"wordCount\":398,\"commentCount\":0,\"publisher\":{\"@id\":\"https:\/\/www.sonoraenequipo.com.mx\/#organization\"},\"image\":{\"@id\":\"https:\/\/www.sonoraenequipo.com.mx\/detenido-en-haiti-por-asesinato-de-presidente-tenia-objetivos-politicos\/#primaryimage\"},\"thumbnailUrl\":\"https:\/\/www.sonoraenequipo.com.mx\/storage\/2021\/07\/detenido-asesino-intelectual_opt.jpg\",\"articleSection\":[\"MUNDO\"],\"inLanguage\":\"es\",\"potentialAction\":[{\"@type\":\"CommentAction\",\"name\":\"Comment\",\"target\":[\"https:\/\/www.sonoraenequipo.com.mx\/detenido-en-haiti-por-asesinato-de-presidente-tenia-objetivos-politicos\/#respond\"]}]},{\"@type\":\"WebPage\",\"@id\":\"https:\/\/www.sonoraenequipo.com.mx\/detenido-en-haiti-por-asesinato-de-presidente-tenia-objetivos-politicos\/\",\"url\":\"https:\/\/www.sonoraenequipo.com.mx\/detenido-en-haiti-por-asesinato-de-presidente-tenia-objetivos-politicos\/\",\"name\":\"Sonora en Equipo. Detenido en Hait\u00ed por asesinato de presidente ten\u00eda \u201cobjetivos pol\u00edticos\u201d MUNDO\",\"isPartOf\":{\"@id\":\"https:\/\/www.sonoraenequipo.com.mx\/#website\"},\"primaryImageOfPage\":{\"@id\":\"https:\/\/www.sonoraenequipo.com.mx\/detenido-en-haiti-por-asesinato-de-presidente-tenia-objetivos-politicos\/#primaryimage\"},\"image\":{\"@id\":\"https:\/\/www.sonoraenequipo.com.mx\/detenido-en-haiti-por-asesinato-de-presidente-tenia-objetivos-politicos\/#primaryimage\"},\"thumbnailUrl\":\"https:\/\/www.sonoraenequipo.com.mx\/storage\/2021\/07\/detenido-asesino-intelectual_opt.jpg\",\"datePublished\":\"2021-07-12T06:47:29+00:00\",\"dateModified\":\"2021-07-13T01:56:35+00:00\",\"description\":\"PUERTO PRINCIPE, HAIT\u00cd. \u2014 La polic\u00eda haitiana anunci\u00f3 el domingo por la noche la detenci\u00f3n de un ciudadano haitiano \u201cque ten\u00eda objetivos pol\u00edticos\u201d al En Sonora en Equipo publicamos toda la informaci\u00f3n de Sonora, M\u00e9xico y el Mundo de manera oportuna y busca que la libertad de expresi\u00f3n sea real. Visita nuestro medio informativo publicado desde Hermosillo, Sonora. %\",\"breadcrumb\":{\"@id\":\"https:\/\/www.sonoraenequipo.com.mx\/detenido-en-haiti-por-asesinato-de-presidente-tenia-objetivos-politicos\/#breadcrumb\"},\"inLanguage\":\"es\",\"potentialAction\":[{\"@type\":\"ReadAction\",\"target\":[\"https:\/\/www.sonoraenequipo.com.mx\/detenido-en-haiti-por-asesinato-de-presidente-tenia-objetivos-politicos\/\"]}]},{\"@type\":\"ImageObject\",\"inLanguage\":\"es\",\"@id\":\"https:\/\/www.sonoraenequipo.com.mx\/detenido-en-haiti-por-asesinato-de-presidente-tenia-objetivos-politicos\/#primaryimage\",\"url\":\"https:\/\/www.sonoraenequipo.com.mx\/storage\/2021\/07\/detenido-asesino-intelectual_opt.jpg\",\"contentUrl\":\"https:\/\/www.sonoraenequipo.com.mx\/storage\/2021\/07\/detenido-asesino-intelectual_opt.jpg\",\"width\":700,\"height\":400},{\"@type\":\"BreadcrumbList\",\"@id\":\"https:\/\/www.sonoraenequipo.com.mx\/detenido-en-haiti-por-asesinato-de-presidente-tenia-objetivos-politicos\/#breadcrumb\",\"itemListElement\":[{\"@type\":\"ListItem\",\"position\":1,\"name\":\"Portada\",\"item\":\"https:\/\/www.sonoraenequipo.com.mx\/\"},{\"@type\":\"ListItem\",\"position\":2,\"name\":\"Detenido en Hait\u00ed por asesinato de presidente ten\u00eda \u201cobjetivos pol\u00edticos\u201d\"}]},{\"@type\":\"WebSite\",\"@id\":\"https:\/\/www.sonoraenequipo.com.mx\/#website\",\"url\":\"https:\/\/www.sonoraenequipo.com.mx\/\",\"name\":\"Sonora en Equipo.\",\"description\":\"Diario en l\u00ednea con Noticias desde Hermosillo, Sonora\",\"publisher\":{\"@id\":\"https:\/\/www.sonoraenequipo.com.mx\/#organization\"},\"potentialAction\":[{\"@type\":\"SearchAction\",\"target\":{\"@type\":\"EntryPoint\",\"urlTemplate\":\"https:\/\/www.sonoraenequipo.com.mx\/?s={search_term_string}\"},\"query-input\":{\"@type\":\"PropertyValueSpecification\",\"valueRequired\":true,\"valueName\":\"search_term_string\"}}],\"inLanguage\":\"es\"},{\"@type\":\"Organization\",\"@id\":\"https:\/\/www.sonoraenequipo.com.mx\/#organization\",\"name\":\"Sonoraenequipo.com.mx\",\"url\":\"https:\/\/www.sonoraenequipo.com.mx\/\",\"logo\":{\"@type\":\"ImageObject\",\"inLanguage\":\"es\",\"@id\":\"https:\/\/www.sonoraenequipo.com.mx\/#\/schema\/logo\/image\/\",\"url\":\"https:\/\/www.sonoraenequipo.com.mx\/storage\/2019\/01\/sonoraenequipo_opt.png\",\"contentUrl\":\"https:\/\/www.sonoraenequipo.com.mx\/storage\/2019\/01\/sonoraenequipo_opt.png\",\"width\":375,\"height\":125,\"caption\":\"Sonoraenequipo.com.mx\"},\"image\":{\"@id\":\"https:\/\/www.sonoraenequipo.com.mx\/#\/schema\/logo\/image\/\"},\"sameAs\":[\"https:\/\/www.facebook.com\/SonoraEE\/\",\"https:\/\/x.com\/sonoraenequipo\",\"https:\/\/www.youtube.com\/channel\/UC338nW-lPEYmJQs4ZABQ1SQ\"]},{\"@type\":\"Person\",\"@id\":\"https:\/\/www.sonoraenequipo.com.mx\/#\/schema\/person\/50102df0fb23a8fa9e8effad8fa81386\",\"name\":\"enequipo\",\"image\":{\"@type\":\"ImageObject\",\"inLanguage\":\"es\",\"@id\":\"https:\/\/www.sonoraenequipo.com.mx\/#\/schema\/person\/image\/\",\"url\":\"https:\/\/secure.gravatar.com\/avatar\/049821681b589dabc0bc20695993ccebb09f5b5d4d790cd9251b97faac7c652b?s=96&d=blank&r=g\",\"contentUrl\":\"https:\/\/secure.gravatar.com\/avatar\/049821681b589dabc0bc20695993ccebb09f5b5d4d790cd9251b97faac7c652b?s=96&d=blank&r=g\",\"caption\":\"enequipo\"},\"sameAs\":[\"https:\/\/www.facebook.com\/SonoraEE\"]}]}<\/script>\n ","yoast_head_json":{"title":"Sonora en Equipo. Detenido en Hait\u00ed por asesinato de presidente ten\u00eda \u201cobjetivos pol\u00edticos\u201d MUNDO","description":"PUERTO PRINCIPE, HAIT\u00cd. \u2014 La polic\u00eda haitiana anunci\u00f3 el domingo por la noche la detenci\u00f3n de un ciudadano haitiano \u201cque ten\u00eda objetivos pol\u00edticos\u201d al En Sonora en Equipo publicamos toda la informaci\u00f3n de Sonora, M\u00e9xico y el Mundo de manera oportuna y busca que la libertad de expresi\u00f3n sea real. Visita nuestro medio informativo publicado desde Hermosillo, Sonora. %","robots":{"index":"index","follow":"follow","max-snippet":"max-snippet:-1","max-image-preview":"max-image-preview:large","max-video-preview":"max-video-preview:-1"},"canonical":"https:\/\/www.sonoraenequipo.com.mx\/detenido-en-haiti-por-asesinato-de-presidente-tenia-objetivos-politicos\/","og_locale":"es_ES","og_type":"article","og_title":"Sonora en Equipo. Detenido en Hait\u00ed por asesinato de presidente ten\u00eda \u201cobjetivos pol\u00edticos\u201d MUNDO","og_description":"PUERTO PRINCIPE, HAIT\u00cd. \u2014 La polic\u00eda haitiana anunci\u00f3 el domingo por la noche la detenci\u00f3n de un ciudadano haitiano \u201cque ten\u00eda objetivos pol\u00edticos\u201d al En Sonora en Equipo publicamos toda la informaci\u00f3n de Sonora, M\u00e9xico y el Mundo de manera oportuna y busca que la libertad de expresi\u00f3n sea real. Visita nuestro medio informativo publicado desde Hermosillo, Sonora. %","og_url":"https:\/\/www.sonoraenequipo.com.mx\/detenido-en-haiti-por-asesinato-de-presidente-tenia-objetivos-politicos\/","og_site_name":"Sonora en Equipo.","article_publisher":"https:\/\/www.facebook.com\/SonoraEE\/","article_author":"https:\/\/www.facebook.com\/SonoraEE","article_published_time":"2021-07-12T06:47:29+00:00","article_modified_time":"2021-07-13T01:56:35+00:00","og_image":[{"width":700,"height":400,"url":"https:\/\/www.sonoraenequipo.com.mx\/storage\/2021\/07\/detenido-asesino-intelectual_opt.jpg","type":"image\/jpeg"}],"author":"enequipo","twitter_card":"summary_large_image","twitter_creator":"@sonoraenequipo","twitter_site":"@sonoraenequipo","twitter_misc":{"Escrito por":"enequipo","Tiempo de lectura":"2 minutos"},"schema":{"@context":"https:\/\/schema.org","@graph":[{"@type":"Article","@id":"https:\/\/www.sonoraenequipo.com.mx\/detenido-en-haiti-por-asesinato-de-presidente-tenia-objetivos-politicos\/#article","isPartOf":{"@id":"https:\/\/www.sonoraenequipo.com.mx\/detenido-en-haiti-por-asesinato-de-presidente-tenia-objetivos-politicos\/"},"author":{"name":"enequipo","@id":"https:\/\/www.sonoraenequipo.com.mx\/#\/schema\/person\/50102df0fb23a8fa9e8effad8fa81386"},"headline":"Detenido en Hait\u00ed por asesinato de presidente ten\u00eda \u201cobjetivos pol\u00edticos\u201d","datePublished":"2021-07-12T06:47:29+00:00","dateModified":"2021-07-13T01:56:35+00:00","mainEntityOfPage":{"@id":"https:\/\/www.sonoraenequipo.com.mx\/detenido-en-haiti-por-asesinato-de-presidente-tenia-objetivos-politicos\/"},"wordCount":398,"commentCount":0,"publisher":{"@id":"https:\/\/www.sonoraenequipo.com.mx\/#organization"},"image":{"@id":"https:\/\/www.sonoraenequipo.com.mx\/detenido-en-haiti-por-asesinato-de-presidente-tenia-objetivos-politicos\/#primaryimage"},"thumbnailUrl":"https:\/\/www.sonoraenequipo.com.mx\/storage\/2021\/07\/detenido-asesino-intelectual_opt.jpg","articleSection":["MUNDO"],"inLanguage":"es","potentialAction":[{"@type":"CommentAction","name":"Comment","target":["https:\/\/www.sonoraenequipo.com.mx\/detenido-en-haiti-por-asesinato-de-presidente-tenia-objetivos-politicos\/#respond"]}]},{"@type":"WebPage","@id":"https:\/\/www.sonoraenequipo.com.mx\/detenido-en-haiti-por-asesinato-de-presidente-tenia-objetivos-politicos\/","url":"https:\/\/www.sonoraenequipo.com.mx\/detenido-en-haiti-por-asesinato-de-presidente-tenia-objetivos-politicos\/","name":"Sonora en Equipo. Detenido en Hait\u00ed por asesinato de presidente ten\u00eda \u201cobjetivos pol\u00edticos\u201d MUNDO","isPartOf":{"@id":"https:\/\/www.sonoraenequipo.com.mx\/#website"},"primaryImageOfPage":{"@id":"https:\/\/www.sonoraenequipo.com.mx\/detenido-en-haiti-por-asesinato-de-presidente-tenia-objetivos-politicos\/#primaryimage"},"image":{"@id":"https:\/\/www.sonoraenequipo.com.mx\/detenido-en-haiti-por-asesinato-de-presidente-tenia-objetivos-politicos\/#primaryimage"},"thumbnailUrl":"https:\/\/www.sonoraenequipo.com.mx\/storage\/2021\/07\/detenido-asesino-intelectual_opt.jpg","datePublished":"2021-07-12T06:47:29+00:00","dateModified":"2021-07-13T01:56:35+00:00","description":"PUERTO PRINCIPE, HAIT\u00cd. \u2014 La polic\u00eda haitiana anunci\u00f3 el domingo por la noche la detenci\u00f3n de un ciudadano haitiano \u201cque ten\u00eda objetivos pol\u00edticos\u201d al En Sonora en Equipo publicamos toda la informaci\u00f3n de Sonora, M\u00e9xico y el Mundo de manera oportuna y busca que la libertad de expresi\u00f3n sea real. Visita nuestro medio informativo publicado desde Hermosillo, Sonora. %","breadcrumb":{"@id":"https:\/\/www.sonoraenequipo.com.mx\/detenido-en-haiti-por-asesinato-de-presidente-tenia-objetivos-politicos\/#breadcrumb"},"inLanguage":"es","potentialAction":[{"@type":"ReadAction","target":["https:\/\/www.sonoraenequipo.com.mx\/detenido-en-haiti-por-asesinato-de-presidente-tenia-objetivos-politicos\/"]}]},{"@type":"ImageObject","inLanguage":"es","@id":"https:\/\/www.sonoraenequipo.com.mx\/detenido-en-haiti-por-asesinato-de-presidente-tenia-objetivos-politicos\/#primaryimage","url":"https:\/\/www.sonoraenequipo.com.mx\/storage\/2021\/07\/detenido-asesino-intelectual_opt.jpg","contentUrl":"https:\/\/www.sonoraenequipo.com.mx\/storage\/2021\/07\/detenido-asesino-intelectual_opt.jpg","width":700,"height":400},{"@type":"BreadcrumbList","@id":"https:\/\/www.sonoraenequipo.com.mx\/detenido-en-haiti-por-asesinato-de-presidente-tenia-objetivos-politicos\/#breadcrumb","itemListElement":[{"@type":"ListItem","position":1,"name":"Portada","item":"https:\/\/www.sonoraenequipo.com.mx\/"},{"@type":"ListItem","position":2,"name":"Detenido en Hait\u00ed por asesinato de presidente ten\u00eda \u201cobjetivos pol\u00edticos\u201d"}]},{"@type":"WebSite","@id":"https:\/\/www.sonoraenequipo.com.mx\/#website","url":"https:\/\/www.sonoraenequipo.com.mx\/","name":"Sonora en Equipo.","description":"Diario en l\u00ednea con Noticias desde Hermosillo, Sonora","publisher":{"@id":"https:\/\/www.sonoraenequipo.com.mx\/#organization"},"potentialAction":[{"@type":"SearchAction","target":{"@type":"EntryPoint","urlTemplate":"https:\/\/www.sonoraenequipo.com.mx\/?s={search_term_string}"},"query-input":{"@type":"PropertyValueSpecification","valueRequired":true,"valueName":"search_term_string"}}],"inLanguage":"es"},{"@type":"Organization","@id":"https:\/\/www.sonoraenequipo.com.mx\/#organization","name":"Sonoraenequipo.com.mx","url":"https:\/\/www.sonoraenequipo.com.mx\/","logo":{"@type":"ImageObject","inLanguage":"es","@id":"https:\/\/www.sonoraenequipo.com.mx\/#\/schema\/logo\/image\/","url":"https:\/\/www.sonoraenequipo.com.mx\/storage\/2019\/01\/sonoraenequipo_opt.png","contentUrl":"https:\/\/www.sonoraenequipo.com.mx\/storage\/2019\/01\/sonoraenequipo_opt.png","width":375,"height":125,"caption":"Sonoraenequipo.com.mx"},"image":{"@id":"https:\/\/www.sonoraenequipo.com.mx\/#\/schema\/logo\/image\/"},"sameAs":["https:\/\/www.facebook.com\/SonoraEE\/","https:\/\/x.com\/sonoraenequipo","https:\/\/www.youtube.com\/channel\/UC338nW-lPEYmJQs4ZABQ1SQ"]},{"@type":"Person","@id":"https:\/\/www.sonoraenequipo.com.mx\/#\/schema\/person\/50102df0fb23a8fa9e8effad8fa81386","name":"enequipo","image":{"@type":"ImageObject","inLanguage":"es","@id":"https:\/\/www.sonoraenequipo.com.mx\/#\/schema\/person\/image\/","url":"https:\/\/secure.gravatar.com\/avatar\/049821681b589dabc0bc20695993ccebb09f5b5d4d790cd9251b97faac7c652b?s=96&d=blank&r=g","contentUrl":"https:\/\/secure.gravatar.com\/avatar\/049821681b589dabc0bc20695993ccebb09f5b5d4d790cd9251b97faac7c652b?s=96&d=blank&r=g","caption":"enequipo"},"sameAs":["https:\/\/www.facebook.com\/SonoraEE"]}]}},"jetpack_featured_media_url":"https:\/\/www.sonoraenequipo.com.mx\/storage\/2021\/07\/detenido-asesino-intelectual_opt.jpg","_links":{"self":[{"href":"https:\/\/www.sonoraenequipo.com.mx\/api\/wp\/v2\/posts\/118279","targetHints":{"allow":["GET"]}}],"collection":[{"href":"https:\/\/www.sonoraenequipo.com.mx\/api\/wp\/v2\/posts"}],"about":[{"href":"https:\/\/www.sonoraenequipo.com.mx\/api\/wp\/v2\/types\/post"}],"author":[{"embeddable":true,"href":"https:\/\/www.sonoraenequipo.com.mx\/api\/wp\/v2\/users\/1"}],"replies":[{"embeddable":true,"href":"https:\/\/www.sonoraenequipo.com.mx\/api\/wp\/v2\/comments?post=118279"}],"version-history":[{"count":1,"href":"https:\/\/www.sonoraenequipo.com.mx\/api\/wp\/v2\/posts\/118279\/revisions"}],"predecessor-version":[{"id":118281,"href":"https:\/\/www.sonoraenequipo.com.mx\/api\/wp\/v2\/posts\/118279\/revisions\/118281"}],"wp:featuredmedia":[{"embeddable":true,"href":"https:\/\/www.sonoraenequipo.com.mx\/api\/wp\/v2\/media\/118280"}],"wp:attachment":[{"href":"https:\/\/www.sonoraenequipo.com.mx\/api\/wp\/v2\/media?parent=118279"}],"wp:term":[{"taxonomy":"category","embeddable":true,"href":"https:\/\/www.sonoraenequipo.com.mx\/api\/wp\/v2\/categories?post=118279"},{"taxonomy":"post_tag","embeddable":true,"href":"https:\/\/www.sonoraenequipo.com.mx\/api\/wp\/v2\/tags?post=118279"}],"curies":[{"name":"wp","href":"https:\/\/api.w.org\/{rel}","templated":true}]}}