{"id":118285,"date":"2021-07-12T11:29:18","date_gmt":"2021-07-12T18:29:18","guid":{"rendered":"https:\/\/www.sonoraenequipo.com.mx\/?p=118285"},"modified":"2021-07-12T21:05:51","modified_gmt":"2021-07-13T04:05:51","slug":"marti-batres-nuevo-secretario-de-gobierno-de-la-cdmx","status":"publish","type":"post","link":"https:\/\/www.sonoraenequipo.com.mx\/marti-batres-nuevo-secretario-de-gobierno-de-la-cdmx\/","title":{"rendered":"Mart\u00ed Batres, nuevo secretario de Gobierno de la CDMX"},"content":{"rendered":"<p>CIUDAD DE M\u00c9XICO. MX. \u2014 Mart\u00ed Batres asumir\u00e1 el cargo como secretario de Gobierno de la Ciudad de M\u00e9xico el 15 de julio, luego de pedir licencia como senador de la Rep\u00fablica, expres\u00f3 en conferencia de prensa, junto a la Jefa de Gobierno capitalina, Claudia Sheinbaum, realizada el 12 de julio de 2021.<\/p>\n<p>&nbsp;<\/p>\n<p> <\/p>\n<p>Mart\u00ed Batres asumir\u00e1 el cargo como secretario de Gobierno de la Ciudad de M\u00e9xico el 15 de julio, luego de pedir licencia como senador de la Rep\u00fablica, expres\u00f3 en conferencia de prensa, junto a la Jefa de Gobierno capitalina, Claudia Sheinbaum, realizada el 12 de julio de 2021. Foto cortes\u00eda del Gobierno de la CDMX<\/p>\n<p>&nbsp;<\/p>\n<p>Ciudad de M\u00e9xico. La jefa de gobierno de la Ciudad de M\u00e9xico, Claudia Shenbaum, inform\u00f3 que a partir del pr\u00f3ximo jueves el hoy senador Mart\u00ed Batres ser\u00e1 el nuevo secretario de Gobierno capitalino, en sustituci\u00f3n de Jos\u00e9 Alfonso Su\u00e1rez del Real, quien se incorporar\u00e1 como jefe de oficina de la titular del ejecutivo local.<\/p>\n<p>&nbsp;<\/p>\n<p>Batres se\u00f1al\u00f3 que su labor se desarrollar\u00e1 <em>\u00abcon institucionalidad, \u00e1nimo conciliador, entrega al trabajo, austeridad personal y esp\u00edritu republicano\u00bb.<\/em><\/p>\n<p>&nbsp;<\/p>\n<p>La incorporaci\u00f3n de Batres al gabinete de la administraci\u00f3n capitalina implicar\u00e1 adem\u00e1s un cambio en la Comisi\u00f3n para la Reconstrucci\u00f3n de la Ciudad, toda vez que su actual titular, C\u00e9sar Cravioto, ocupar\u00e1 la curul del nuevo encargado de la pol\u00edtica interior de la ciudad en el Senado de la Rep\u00fablica, del que es su suplente.<\/p>\n<p>&nbsp;<\/p>\n<p>En videoconferencia, Sheinbaum tambi\u00e9n inform\u00f3 que nombr\u00f3 como nuevo coordinador de Comunicaci\u00f3n Social al ex director del canal de televisi\u00f3n del gobierno Capital 21, Sebasti\u00e1n Rodr\u00edguez, cargo que ocupar\u00e1 tambi\u00e9n a partir del 15 julio, en el que est\u00e1 como encargado de despacho desde febrero pasado Israel Bahena.<\/p>\n<p>&nbsp;<\/p>\n<p>Otros dos cambios anunciados por la mandataria capitalina son la incorporaci\u00f3n de Carlos Augusto Morales, como secretario particular y la integraci\u00f3n de Luis Ruiz a la Secretar\u00eda de Movilidad local, como subsecretario de Transporte.<\/p>\n<p>&nbsp;<\/p>\n<p>Hasta ahora Batres se desempe\u00f1a como senador de la Rep\u00fablica por la Ciudad de M\u00e9xico. Es licenciado en Derecho, maestro en Trabajo Social por la Universidad Nacional Aut\u00f3noma de M\u00e9xico (UNAM) y doctorante en Estudios Latinoamericanos por la misma casa de estudios.<\/p>\n<p>&nbsp;<\/p>\n<p>Fue presidente de la Comisi\u00f3n de Gobierno de la Asamblea Legislativa de la Ciudad de M\u00e9xico. Fungi\u00f3 como subsecretario de Gobierno, durante el periodo en el que Andr\u00e9s Manuel L\u00f3pez Obrador fue jefe de Gobierno.<\/p>\n<p>&nbsp;<\/p>\n<p>Ocup\u00f3 la Secretar\u00eda de Desarrollo Social cuando Marcelo Ebrard fue jefe de Gobierno.<\/p>\n<p>&nbsp;<\/p>\n<p>(Publicada el 12\/07\/2021)<\/p>\n","protected":false},"excerpt":{"rendered":"<p>CIUDAD DE M\u00c9XICO. MX. \u2014 Mart\u00ed Batres asumir\u00e1 el cargo como secretario de Gobierno de&#8230;<\/p>\n","protected":false},"author":1,"featured_media":118292,"comment_status":"open","ping_status":"open","sticky":false,"template":"","format":"standard","meta":{"_monsterinsights_skip_tracking":false,"_monsterinsights_sitenote_active":false,"_monsterinsights_sitenote_note":"","_monsterinsights_sitenote_category":0,"footnotes":""},"categories":[5],"tags":[],"class_list":["post"],"yoast_head":" \n<title>Sonora en Equipo. Mart\u00ed Batres, nuevo secretario de Gobierno de la CDMX Rep\u00fablica<\/title>\n<meta name=\"description\" content=\"CIUDAD DE M\u00c9XICO. MX. \u2014 Mart\u00ed Batres asumir\u00e1 el cargo como secretario de Gobierno de la Ciudad de M\u00e9xico el 15 de julio, luego de pedir licencia como En Sonora en Equipo publicamos toda la informaci\u00f3n de Sonora, M\u00e9xico y el Mundo de manera oportuna y busca que la libertad de expresi\u00f3n sea real. Visita nuestro medio informativo publicado desde Hermosillo, Sonora. %\" \/>\n<meta name=\"robots\" content=\"index, follow, max-snippet:-1, max-image-preview:large, max-video-preview:-1\" \/>\n<link rel=\"canonical\" href=\"https:\/\/www.sonoraenequipo.com.mx\/marti-batres-nuevo-secretario-de-gobierno-de-la-cdmx\/\" \/>\n<meta property=\"og:locale\" content=\"es_ES\" \/>\n<meta property=\"og:type\" content=\"article\" \/>\n<meta property=\"og:title\" content=\"Sonora en Equipo. Mart\u00ed Batres, nuevo secretario de Gobierno de la CDMX Rep\u00fablica\" \/>\n<meta property=\"og:description\" content=\"CIUDAD DE M\u00c9XICO. MX. \u2014 Mart\u00ed Batres asumir\u00e1 el cargo como secretario de Gobierno de la Ciudad de M\u00e9xico el 15 de julio, luego de pedir licencia como En Sonora en Equipo publicamos toda la informaci\u00f3n de Sonora, M\u00e9xico y el Mundo de manera oportuna y busca que la libertad de expresi\u00f3n sea real. Visita nuestro medio informativo publicado desde Hermosillo, Sonora. %\" \/>\n<meta property=\"og:url\" content=\"https:\/\/www.sonoraenequipo.com.mx\/marti-batres-nuevo-secretario-de-gobierno-de-la-cdmx\/\" \/>\n<meta property=\"og:site_name\" content=\"Sonora en Equipo.\" \/>\n<meta property=\"article:publisher\" content=\"https:\/\/www.facebook.com\/SonoraEE\/\" \/>\n<meta property=\"article:author\" content=\"https:\/\/www.facebook.com\/SonoraEE\" \/>\n<meta property=\"article:published_time\" content=\"2021-07-12T18:29:18+00:00\" \/>\n<meta property=\"article:modified_time\" content=\"2021-07-13T04:05:51+00:00\" \/>\n<meta property=\"og:image\" content=\"https:\/\/www.sonoraenequipo.com.mx\/storage\/2021\/07\/marti-batres_opt.jpg\" \/>\n\t<meta property=\"og:image:width\" content=\"700\" \/>\n\t<meta property=\"og:image:height\" content=\"400\" \/>\n\t<meta property=\"og:image:type\" content=\"image\/jpeg\" \/>\n<meta name=\"author\" content=\"enequipo\" \/>\n<meta name=\"twitter:card\" content=\"summary_large_image\" \/>\n<meta name=\"twitter:creator\" content=\"@sonoraenequipo\" \/>\n<meta name=\"twitter:site\" content=\"@sonoraenequipo\" \/>\n<meta name=\"twitter:label1\" content=\"Escrito por\" \/>\n\t<meta name=\"twitter:data1\" content=\"enequipo\" \/>\n\t<meta name=\"twitter:label2\" content=\"Tiempo de lectura\" \/>\n\t<meta name=\"twitter:data2\" content=\"2 minutos\" \/>\n<script type=\"application\/ld+json\" class=\"yoast-schema-graph\">{\"@context\":\"https:\/\/schema.org\",\"@graph\":[{\"@type\":\"Article\",\"@id\":\"https:\/\/www.sonoraenequipo.com.mx\/marti-batres-nuevo-secretario-de-gobierno-de-la-cdmx\/#article\",\"isPartOf\":{\"@id\":\"https:\/\/www.sonoraenequipo.com.mx\/marti-batres-nuevo-secretario-de-gobierno-de-la-cdmx\/\"},\"author\":{\"name\":\"enequipo\",\"@id\":\"https:\/\/www.sonoraenequipo.com.mx\/#\/schema\/person\/50102df0fb23a8fa9e8effad8fa81386\"},\"headline\":\"Mart\u00ed Batres, nuevo secretario de Gobierno de la CDMX\",\"datePublished\":\"2021-07-12T18:29:18+00:00\",\"dateModified\":\"2021-07-13T04:05:51+00:00\",\"mainEntityOfPage\":{\"@id\":\"https:\/\/www.sonoraenequipo.com.mx\/marti-batres-nuevo-secretario-de-gobierno-de-la-cdmx\/\"},\"wordCount\":460,\"commentCount\":0,\"publisher\":{\"@id\":\"https:\/\/www.sonoraenequipo.com.mx\/#organization\"},\"image\":{\"@id\":\"https:\/\/www.sonoraenequipo.com.mx\/marti-batres-nuevo-secretario-de-gobierno-de-la-cdmx\/#primaryimage\"},\"thumbnailUrl\":\"https:\/\/www.sonoraenequipo.com.mx\/storage\/2021\/07\/marti-batres_opt.jpg\",\"articleSection\":[\"Rep\u00fablica\"],\"inLanguage\":\"es\",\"potentialAction\":[{\"@type\":\"CommentAction\",\"name\":\"Comment\",\"target\":[\"https:\/\/www.sonoraenequipo.com.mx\/marti-batres-nuevo-secretario-de-gobierno-de-la-cdmx\/#respond\"]}]},{\"@type\":\"WebPage\",\"@id\":\"https:\/\/www.sonoraenequipo.com.mx\/marti-batres-nuevo-secretario-de-gobierno-de-la-cdmx\/\",\"url\":\"https:\/\/www.sonoraenequipo.com.mx\/marti-batres-nuevo-secretario-de-gobierno-de-la-cdmx\/\",\"name\":\"Sonora en Equipo. Mart\u00ed Batres, nuevo secretario de Gobierno de la CDMX Rep\u00fablica\",\"isPartOf\":{\"@id\":\"https:\/\/www.sonoraenequipo.com.mx\/#website\"},\"primaryImageOfPage\":{\"@id\":\"https:\/\/www.sonoraenequipo.com.mx\/marti-batres-nuevo-secretario-de-gobierno-de-la-cdmx\/#primaryimage\"},\"image\":{\"@id\":\"https:\/\/www.sonoraenequipo.com.mx\/marti-batres-nuevo-secretario-de-gobierno-de-la-cdmx\/#primaryimage\"},\"thumbnailUrl\":\"https:\/\/www.sonoraenequipo.com.mx\/storage\/2021\/07\/marti-batres_opt.jpg\",\"datePublished\":\"2021-07-12T18:29:18+00:00\",\"dateModified\":\"2021-07-13T04:05:51+00:00\",\"description\":\"CIUDAD DE M\u00c9XICO. MX. \u2014 Mart\u00ed Batres asumir\u00e1 el cargo como secretario de Gobierno de la Ciudad de M\u00e9xico el 15 de julio, luego de pedir licencia como En Sonora en Equipo publicamos toda la informaci\u00f3n de Sonora, M\u00e9xico y el Mundo de manera oportuna y busca que la libertad de expresi\u00f3n sea real. Visita nuestro medio informativo publicado desde Hermosillo, Sonora. %\",\"breadcrumb\":{\"@id\":\"https:\/\/www.sonoraenequipo.com.mx\/marti-batres-nuevo-secretario-de-gobierno-de-la-cdmx\/#breadcrumb\"},\"inLanguage\":\"es\",\"potentialAction\":[{\"@type\":\"ReadAction\",\"target\":[\"https:\/\/www.sonoraenequipo.com.mx\/marti-batres-nuevo-secretario-de-gobierno-de-la-cdmx\/\"]}]},{\"@type\":\"ImageObject\",\"inLanguage\":\"es\",\"@id\":\"https:\/\/www.sonoraenequipo.com.mx\/marti-batres-nuevo-secretario-de-gobierno-de-la-cdmx\/#primaryimage\",\"url\":\"https:\/\/www.sonoraenequipo.com.mx\/storage\/2021\/07\/marti-batres_opt.jpg\",\"contentUrl\":\"https:\/\/www.sonoraenequipo.com.mx\/storage\/2021\/07\/marti-batres_opt.jpg\",\"width\":700,\"height\":400},{\"@type\":\"BreadcrumbList\",\"@id\":\"https:\/\/www.sonoraenequipo.com.mx\/marti-batres-nuevo-secretario-de-gobierno-de-la-cdmx\/#breadcrumb\",\"itemListElement\":[{\"@type\":\"ListItem\",\"position\":1,\"name\":\"Portada\",\"item\":\"https:\/\/www.sonoraenequipo.com.mx\/\"},{\"@type\":\"ListItem\",\"position\":2,\"name\":\"Mart\u00ed Batres, nuevo secretario de Gobierno de la CDMX\"}]},{\"@type\":\"WebSite\",\"@id\":\"https:\/\/www.sonoraenequipo.com.mx\/#website\",\"url\":\"https:\/\/www.sonoraenequipo.com.mx\/\",\"name\":\"Sonora en Equipo.\",\"description\":\"Diario en l\u00ednea con Noticias desde Hermosillo, Sonora\",\"publisher\":{\"@id\":\"https:\/\/www.sonoraenequipo.com.mx\/#organization\"},\"potentialAction\":[{\"@type\":\"SearchAction\",\"target\":{\"@type\":\"EntryPoint\",\"urlTemplate\":\"https:\/\/www.sonoraenequipo.com.mx\/?s={search_term_string}\"},\"query-input\":{\"@type\":\"PropertyValueSpecification\",\"valueRequired\":true,\"valueName\":\"search_term_string\"}}],\"inLanguage\":\"es\"},{\"@type\":\"Organization\",\"@id\":\"https:\/\/www.sonoraenequipo.com.mx\/#organization\",\"name\":\"Sonoraenequipo.com.mx\",\"url\":\"https:\/\/www.sonoraenequipo.com.mx\/\",\"logo\":{\"@type\":\"ImageObject\",\"inLanguage\":\"es\",\"@id\":\"https:\/\/www.sonoraenequipo.com.mx\/#\/schema\/logo\/image\/\",\"url\":\"https:\/\/www.sonoraenequipo.com.mx\/storage\/2019\/01\/sonoraenequipo_opt.png\",\"contentUrl\":\"https:\/\/www.sonoraenequipo.com.mx\/storage\/2019\/01\/sonoraenequipo_opt.png\",\"width\":375,\"height\":125,\"caption\":\"Sonoraenequipo.com.mx\"},\"image\":{\"@id\":\"https:\/\/www.sonoraenequipo.com.mx\/#\/schema\/logo\/image\/\"},\"sameAs\":[\"https:\/\/www.facebook.com\/SonoraEE\/\",\"https:\/\/x.com\/sonoraenequipo\",\"https:\/\/www.youtube.com\/channel\/UC338nW-lPEYmJQs4ZABQ1SQ\"]},{\"@type\":\"Person\",\"@id\":\"https:\/\/www.sonoraenequipo.com.mx\/#\/schema\/person\/50102df0fb23a8fa9e8effad8fa81386\",\"name\":\"enequipo\",\"image\":{\"@type\":\"ImageObject\",\"inLanguage\":\"es\",\"@id\":\"https:\/\/www.sonoraenequipo.com.mx\/#\/schema\/person\/image\/\",\"url\":\"https:\/\/secure.gravatar.com\/avatar\/049821681b589dabc0bc20695993ccebb09f5b5d4d790cd9251b97faac7c652b?s=96&d=blank&r=g\",\"contentUrl\":\"https:\/\/secure.gravatar.com\/avatar\/049821681b589dabc0bc20695993ccebb09f5b5d4d790cd9251b97faac7c652b?s=96&d=blank&r=g\",\"caption\":\"enequipo\"},\"sameAs\":[\"https:\/\/www.facebook.com\/SonoraEE\"]}]}<\/script>\n ","yoast_head_json":{"title":"Sonora en Equipo. Mart\u00ed Batres, nuevo secretario de Gobierno de la CDMX Rep\u00fablica","description":"CIUDAD DE M\u00c9XICO. MX. \u2014 Mart\u00ed Batres asumir\u00e1 el cargo como secretario de Gobierno de la Ciudad de M\u00e9xico el 15 de julio, luego de pedir licencia como En Sonora en Equipo publicamos toda la informaci\u00f3n de Sonora, M\u00e9xico y el Mundo de manera oportuna y busca que la libertad de expresi\u00f3n sea real. Visita nuestro medio informativo publicado desde Hermosillo, Sonora. %","robots":{"index":"index","follow":"follow","max-snippet":"max-snippet:-1","max-image-preview":"max-image-preview:large","max-video-preview":"max-video-preview:-1"},"canonical":"https:\/\/www.sonoraenequipo.com.mx\/marti-batres-nuevo-secretario-de-gobierno-de-la-cdmx\/","og_locale":"es_ES","og_type":"article","og_title":"Sonora en Equipo. Mart\u00ed Batres, nuevo secretario de Gobierno de la CDMX Rep\u00fablica","og_description":"CIUDAD DE M\u00c9XICO. MX. \u2014 Mart\u00ed Batres asumir\u00e1 el cargo como secretario de Gobierno de la Ciudad de M\u00e9xico el 15 de julio, luego de pedir licencia como En Sonora en Equipo publicamos toda la informaci\u00f3n de Sonora, M\u00e9xico y el Mundo de manera oportuna y busca que la libertad de expresi\u00f3n sea real. Visita nuestro medio informativo publicado desde Hermosillo, Sonora. %","og_url":"https:\/\/www.sonoraenequipo.com.mx\/marti-batres-nuevo-secretario-de-gobierno-de-la-cdmx\/","og_site_name":"Sonora en Equipo.","article_publisher":"https:\/\/www.facebook.com\/SonoraEE\/","article_author":"https:\/\/www.facebook.com\/SonoraEE","article_published_time":"2021-07-12T18:29:18+00:00","article_modified_time":"2021-07-13T04:05:51+00:00","og_image":[{"width":700,"height":400,"url":"https:\/\/www.sonoraenequipo.com.mx\/storage\/2021\/07\/marti-batres_opt.jpg","type":"image\/jpeg"}],"author":"enequipo","twitter_card":"summary_large_image","twitter_creator":"@sonoraenequipo","twitter_site":"@sonoraenequipo","twitter_misc":{"Escrito por":"enequipo","Tiempo de lectura":"2 minutos"},"schema":{"@context":"https:\/\/schema.org","@graph":[{"@type":"Article","@id":"https:\/\/www.sonoraenequipo.com.mx\/marti-batres-nuevo-secretario-de-gobierno-de-la-cdmx\/#article","isPartOf":{"@id":"https:\/\/www.sonoraenequipo.com.mx\/marti-batres-nuevo-secretario-de-gobierno-de-la-cdmx\/"},"author":{"name":"enequipo","@id":"https:\/\/www.sonoraenequipo.com.mx\/#\/schema\/person\/50102df0fb23a8fa9e8effad8fa81386"},"headline":"Mart\u00ed Batres, nuevo secretario de Gobierno de la CDMX","datePublished":"2021-07-12T18:29:18+00:00","dateModified":"2021-07-13T04:05:51+00:00","mainEntityOfPage":{"@id":"https:\/\/www.sonoraenequipo.com.mx\/marti-batres-nuevo-secretario-de-gobierno-de-la-cdmx\/"},"wordCount":460,"commentCount":0,"publisher":{"@id":"https:\/\/www.sonoraenequipo.com.mx\/#organization"},"image":{"@id":"https:\/\/www.sonoraenequipo.com.mx\/marti-batres-nuevo-secretario-de-gobierno-de-la-cdmx\/#primaryimage"},"thumbnailUrl":"https:\/\/www.sonoraenequipo.com.mx\/storage\/2021\/07\/marti-batres_opt.jpg","articleSection":["Rep\u00fablica"],"inLanguage":"es","potentialAction":[{"@type":"CommentAction","name":"Comment","target":["https:\/\/www.sonoraenequipo.com.mx\/marti-batres-nuevo-secretario-de-gobierno-de-la-cdmx\/#respond"]}]},{"@type":"WebPage","@id":"https:\/\/www.sonoraenequipo.com.mx\/marti-batres-nuevo-secretario-de-gobierno-de-la-cdmx\/","url":"https:\/\/www.sonoraenequipo.com.mx\/marti-batres-nuevo-secretario-de-gobierno-de-la-cdmx\/","name":"Sonora en Equipo. Mart\u00ed Batres, nuevo secretario de Gobierno de la CDMX Rep\u00fablica","isPartOf":{"@id":"https:\/\/www.sonoraenequipo.com.mx\/#website"},"primaryImageOfPage":{"@id":"https:\/\/www.sonoraenequipo.com.mx\/marti-batres-nuevo-secretario-de-gobierno-de-la-cdmx\/#primaryimage"},"image":{"@id":"https:\/\/www.sonoraenequipo.com.mx\/marti-batres-nuevo-secretario-de-gobierno-de-la-cdmx\/#primaryimage"},"thumbnailUrl":"https:\/\/www.sonoraenequipo.com.mx\/storage\/2021\/07\/marti-batres_opt.jpg","datePublished":"2021-07-12T18:29:18+00:00","dateModified":"2021-07-13T04:05:51+00:00","description":"CIUDAD DE M\u00c9XICO. MX. \u2014 Mart\u00ed Batres asumir\u00e1 el cargo como secretario de Gobierno de la Ciudad de M\u00e9xico el 15 de julio, luego de pedir licencia como En Sonora en Equipo publicamos toda la informaci\u00f3n de Sonora, M\u00e9xico y el Mundo de manera oportuna y busca que la libertad de expresi\u00f3n sea real. Visita nuestro medio informativo publicado desde Hermosillo, Sonora. %","breadcrumb":{"@id":"https:\/\/www.sonoraenequipo.com.mx\/marti-batres-nuevo-secretario-de-gobierno-de-la-cdmx\/#breadcrumb"},"inLanguage":"es","potentialAction":[{"@type":"ReadAction","target":["https:\/\/www.sonoraenequipo.com.mx\/marti-batres-nuevo-secretario-de-gobierno-de-la-cdmx\/"]}]},{"@type":"ImageObject","inLanguage":"es","@id":"https:\/\/www.sonoraenequipo.com.mx\/marti-batres-nuevo-secretario-de-gobierno-de-la-cdmx\/#primaryimage","url":"https:\/\/www.sonoraenequipo.com.mx\/storage\/2021\/07\/marti-batres_opt.jpg","contentUrl":"https:\/\/www.sonoraenequipo.com.mx\/storage\/2021\/07\/marti-batres_opt.jpg","width":700,"height":400},{"@type":"BreadcrumbList","@id":"https:\/\/www.sonoraenequipo.com.mx\/marti-batres-nuevo-secretario-de-gobierno-de-la-cdmx\/#breadcrumb","itemListElement":[{"@type":"ListItem","position":1,"name":"Portada","item":"https:\/\/www.sonoraenequipo.com.mx\/"},{"@type":"ListItem","position":2,"name":"Mart\u00ed Batres, nuevo secretario de Gobierno de la CDMX"}]},{"@type":"WebSite","@id":"https:\/\/www.sonoraenequipo.com.mx\/#website","url":"https:\/\/www.sonoraenequipo.com.mx\/","name":"Sonora en Equipo.","description":"Diario en l\u00ednea con Noticias desde Hermosillo, Sonora","publisher":{"@id":"https:\/\/www.sonoraenequipo.com.mx\/#organization"},"potentialAction":[{"@type":"SearchAction","target":{"@type":"EntryPoint","urlTemplate":"https:\/\/www.sonoraenequipo.com.mx\/?s={search_term_string}"},"query-input":{"@type":"PropertyValueSpecification","valueRequired":true,"valueName":"search_term_string"}}],"inLanguage":"es"},{"@type":"Organization","@id":"https:\/\/www.sonoraenequipo.com.mx\/#organization","name":"Sonoraenequipo.com.mx","url":"https:\/\/www.sonoraenequipo.com.mx\/","logo":{"@type":"ImageObject","inLanguage":"es","@id":"https:\/\/www.sonoraenequipo.com.mx\/#\/schema\/logo\/image\/","url":"https:\/\/www.sonoraenequipo.com.mx\/storage\/2019\/01\/sonoraenequipo_opt.png","contentUrl":"https:\/\/www.sonoraenequipo.com.mx\/storage\/2019\/01\/sonoraenequipo_opt.png","width":375,"height":125,"caption":"Sonoraenequipo.com.mx"},"image":{"@id":"https:\/\/www.sonoraenequipo.com.mx\/#\/schema\/logo\/image\/"},"sameAs":["https:\/\/www.facebook.com\/SonoraEE\/","https:\/\/x.com\/sonoraenequipo","https:\/\/www.youtube.com\/channel\/UC338nW-lPEYmJQs4ZABQ1SQ"]},{"@type":"Person","@id":"https:\/\/www.sonoraenequipo.com.mx\/#\/schema\/person\/50102df0fb23a8fa9e8effad8fa81386","name":"enequipo","image":{"@type":"ImageObject","inLanguage":"es","@id":"https:\/\/www.sonoraenequipo.com.mx\/#\/schema\/person\/image\/","url":"https:\/\/secure.gravatar.com\/avatar\/049821681b589dabc0bc20695993ccebb09f5b5d4d790cd9251b97faac7c652b?s=96&d=blank&r=g","contentUrl":"https:\/\/secure.gravatar.com\/avatar\/049821681b589dabc0bc20695993ccebb09f5b5d4d790cd9251b97faac7c652b?s=96&d=blank&r=g","caption":"enequipo"},"sameAs":["https:\/\/www.facebook.com\/SonoraEE"]}]}},"jetpack_featured_media_url":"https:\/\/www.sonoraenequipo.com.mx\/storage\/2021\/07\/marti-batres_opt.jpg","_links":{"self":[{"href":"https:\/\/www.sonoraenequipo.com.mx\/api\/wp\/v2\/posts\/118285","targetHints":{"allow":["GET"]}}],"collection":[{"href":"https:\/\/www.sonoraenequipo.com.mx\/api\/wp\/v2\/posts"}],"about":[{"href":"https:\/\/www.sonoraenequipo.com.mx\/api\/wp\/v2\/types\/post"}],"author":[{"embeddable":true,"href":"https:\/\/www.sonoraenequipo.com.mx\/api\/wp\/v2\/users\/1"}],"replies":[{"embeddable":true,"href":"https:\/\/www.sonoraenequipo.com.mx\/api\/wp\/v2\/comments?post=118285"}],"version-history":[{"count":1,"href":"https:\/\/www.sonoraenequipo.com.mx\/api\/wp\/v2\/posts\/118285\/revisions"}],"predecessor-version":[{"id":118293,"href":"https:\/\/www.sonoraenequipo.com.mx\/api\/wp\/v2\/posts\/118285\/revisions\/118293"}],"wp:featuredmedia":[{"embeddable":true,"href":"https:\/\/www.sonoraenequipo.com.mx\/api\/wp\/v2\/media\/118292"}],"wp:attachment":[{"href":"https:\/\/www.sonoraenequipo.com.mx\/api\/wp\/v2\/media?parent=118285"}],"wp:term":[{"taxonomy":"category","embeddable":true,"href":"https:\/\/www.sonoraenequipo.com.mx\/api\/wp\/v2\/categories?post=118285"},{"taxonomy":"post_tag","embeddable":true,"href":"https:\/\/www.sonoraenequipo.com.mx\/api\/wp\/v2\/tags?post=118285"}],"curies":[{"name":"wp","href":"https:\/\/api.w.org\/{rel}","templated":true}]}}