{"id":118291,"date":"2021-07-12T22:08:58","date_gmt":"2021-07-13T05:08:58","guid":{"rendered":"https:\/\/www.sonoraenequipo.com.mx\/?p=118291"},"modified":"2021-07-13T08:33:58","modified_gmt":"2021-07-13T15:33:58","slug":"en-gira-de-trabajo-numero-500-por-sonora-gobernadora-pavlovich-entrega-apoyos-en-comunidades-de-la-sierra","status":"publish","type":"post","link":"https:\/\/www.sonoraenequipo.com.mx\/en-gira-de-trabajo-numero-500-por-sonora-gobernadora-pavlovich-entrega-apoyos-en-comunidades-de-la-sierra\/","title":{"rendered":"En  gira de trabajo n\u00famero 500 por Sonora, gobernadora Pavlovich entrega apoyos en comunidades de la sierra"},"content":{"rendered":"<p>ARIVECHI, SONORA,MX Con la entrega de becas para estudiantes de educaci\u00f3n b\u00e1sica, camiones escolares y apoyos productivos para mujeres en Bacanora, Sahuaripa y Arivechi, la gobernadora Claudia Pavlovich Arellano cumpli\u00f3 su gira n\u00famero 500 por Sonora en lo que va su administraci\u00f3n.<\/p>\n<p>&nbsp;<\/p>\n<p>\u201cVoy a cumplir mis seis a\u00f1os como gobernadora, yo le dije a mi madre que iba a trabajar intensamente hasta el \u00faltimo d\u00eda de mi gobierno para mi gente, sobre todo para quien m\u00e1s lo necesita, por eso trabaj\u00e9 tanto en becas, por eso sigo entregando las becas, est\u00e1 aqu\u00ed el transporte escolar\u201d, destac\u00f3.<\/p>\n<p>&nbsp;<\/p>\n<p>Acompa\u00f1ada de Yazmina Anaya Camargo, directora general del Instituto de Becas y Cr\u00e9dito Educativo y Daniel Garc\u00eda Escalante, secretario de Desarrollo Social, la mandataria estatal recorri\u00f3 estos tres municipios de la sierra sonorense, donde al entregar becas y camiones escolares a estudiantes de educaci\u00f3n b\u00e1sica, destac\u00f3 que el legado m\u00e1s importante que se puede heredar a los hijos es la educaci\u00f3n, por eso es importante que las ni\u00f1as, ni\u00f1os y adolescentes contin\u00faen recibiendo sus becas.<\/p>\n<p>&nbsp;<\/p>\n<p>\u201cHemos trabajado mucho, me siento muy orgullosa de haber sido la primera mujer en gobernar este estado y me siento muy orgullosa de estarles cumpliendo como se merecen\u201d, expres\u00f3.<\/p>\n<p>&nbsp;<\/p>\n<p>En Bacanora, la mandataria estatal, junto al presidente municipal Belisario Pacheco Galindo, entreg\u00f3 becas a estudiantes de primaria y secundaria y est\u00edmulos educativos y apoyos becas para internet, en beneficio de ni\u00f1as, ni\u00f1os y adolescentes; adem\u00e1s, entreg\u00f3 un cami\u00f3n escolar para que las y los estudiantes del Cecytes se trasladen con seguridad a Sahuaripa.<\/p>\n<p>&nbsp;<\/p>\n<p>Al continuar por su gira, en Sahuaripa, la gobernadora Pavlovich acompa\u00f1ada de la presidenta municipal Delia Berenice Porchas Garc\u00eda, benefici\u00f3 a 380 estudiantes de educaci\u00f3n b\u00e1sica y preparatoria con los programas de becas; est\u00edmulos educativos; B\u00e9calos Sonora, Excelencia Sonora Media Superior y Est\u00edmulos educativos, apoyo para internet.<\/p>\n<p>&nbsp;<\/p>\n<p>En esta localidad tambi\u00e9n entreg\u00f3 proyectos productivos: cuatro tortiller\u00edas, una panader\u00eda, una cocina econ\u00f3mica, dos carros de hot dogs, un producto empacado, una carreta de tacos y un equipo para aplicaci\u00f3n de u\u00f1as, todos ellos del programa Soy Pilar de Sedeson; all\u00ed, la presidenta municipal de Sahuaripa agradeci\u00f3 a la gobernadora Pavlovich por todos los beneficios que llev\u00f3 a su municipio que mejoran la calidad de vida de las familias.<\/p>\n<p>&nbsp;<\/p>\n<p>\u201cTodo esto hubiera sido imposible si no la tuvi\u00e9ramos a usted, por qu\u00e9, porque gobern\u00f3 como mujer, pensando como mujer, sabe lo que duele la familia, y por eso le doy las gracias\u201d, asegur\u00f3.<\/p>\n<p>&nbsp;<\/p>\n<p>En Arivechi, la gobernadora Pavlovich, acompa\u00f1ada de Samuel Oca\u00f1a Garc\u00eda, presidente municipal, entreg\u00f3 un cami\u00f3n escolar, becas para estudiantes de educaci\u00f3n b\u00e1sica, est\u00edmulos educativos de primaria y secundaria p\u00fablica y apoyos para internet, en beneficio de 176 ni\u00f1as, ni\u00f1os y adolescentes.<\/p>\n<p>&nbsp;<\/p>\n<p>Al concluir la gira, la gobernadora Claudia Pavlovich Arellano, junto al exgobernador Samuel Oca\u00f1a, celebr\u00f3 con un pastel que en ese municipio se cumplieron 500 giras por todo el estado.<\/p>\n<p>Fecha de Publicaci\u00f3n\u00a0\u00a0 lunes \/ 12\u00a0\u00a0 \/ julio \/ 2021<\/p>\n","protected":false},"excerpt":{"rendered":"<p>ARIVECHI, SONORA,MX Con la entrega de becas para estudiantes de educaci\u00f3n b\u00e1sica, camiones escolares y&#8230;<\/p>\n","protected":false},"author":1,"featured_media":118295,"comment_status":"open","ping_status":"open","sticky":false,"template":"","format":"standard","meta":{"_monsterinsights_skip_tracking":false,"_monsterinsights_sitenote_active":false,"_monsterinsights_sitenote_note":"","_monsterinsights_sitenote_category":0,"footnotes":""},"categories":[22],"tags":[116,5912,3336,15,5913],"class_list":["post"],"yoast_head":" \n<title>Sonora en Equipo. En gira de trabajo n\u00famero 500 por Sonora, gobernadora Pavlovich entrega apoyos en comunidades de la sierra Sonora<\/title>\n<meta name=\"description\" content=\"ARIVECHI, SONORA,MX Con la entrega de becas para estudiantes de educaci\u00f3n b\u00e1sica, camiones escolares y apoyos productivos para mujeres en Bacanora, En Sonora en Equipo publicamos toda la informaci\u00f3n de Sonora, M\u00e9xico y el Mundo de manera oportuna y busca que la libertad de expresi\u00f3n sea real. Visita nuestro medio informativo publicado desde Hermosillo, Sonora. %\" \/>\n<meta name=\"robots\" content=\"index, follow, max-snippet:-1, max-image-preview:large, max-video-preview:-1\" \/>\n<link rel=\"canonical\" href=\"https:\/\/www.sonoraenequipo.com.mx\/en-gira-de-trabajo-numero-500-por-sonora-gobernadora-pavlovich-entrega-apoyos-en-comunidades-de-la-sierra\/\" \/>\n<meta property=\"og:locale\" content=\"es_ES\" \/>\n<meta property=\"og:type\" content=\"article\" \/>\n<meta property=\"og:title\" content=\"Sonora en Equipo. En gira de trabajo n\u00famero 500 por Sonora, gobernadora Pavlovich entrega apoyos en comunidades de la sierra Sonora\" \/>\n<meta property=\"og:description\" content=\"ARIVECHI, SONORA,MX Con la entrega de becas para estudiantes de educaci\u00f3n b\u00e1sica, camiones escolares y apoyos productivos para mujeres en Bacanora, En Sonora en Equipo publicamos toda la informaci\u00f3n de Sonora, M\u00e9xico y el Mundo de manera oportuna y busca que la libertad de expresi\u00f3n sea real. Visita nuestro medio informativo publicado desde Hermosillo, Sonora. %\" \/>\n<meta property=\"og:url\" content=\"https:\/\/www.sonoraenequipo.com.mx\/en-gira-de-trabajo-numero-500-por-sonora-gobernadora-pavlovich-entrega-apoyos-en-comunidades-de-la-sierra\/\" \/>\n<meta property=\"og:site_name\" content=\"Sonora en Equipo.\" \/>\n<meta property=\"article:publisher\" content=\"https:\/\/www.facebook.com\/SonoraEE\/\" \/>\n<meta property=\"article:author\" content=\"https:\/\/www.facebook.com\/SonoraEE\" \/>\n<meta property=\"article:published_time\" content=\"2021-07-13T05:08:58+00:00\" \/>\n<meta property=\"article:modified_time\" content=\"2021-07-13T15:33:58+00:00\" \/>\n<meta property=\"og:image\" content=\"https:\/\/www.sonoraenequipo.com.mx\/storage\/2021\/07\/cpa120721.jpg\" \/>\n\t<meta property=\"og:image:width\" content=\"700\" \/>\n\t<meta property=\"og:image:height\" content=\"400\" \/>\n\t<meta property=\"og:image:type\" content=\"image\/jpeg\" \/>\n<meta name=\"author\" content=\"enequipo\" \/>\n<meta name=\"twitter:card\" content=\"summary_large_image\" \/>\n<meta name=\"twitter:creator\" content=\"@sonoraenequipo\" \/>\n<meta name=\"twitter:site\" content=\"@sonoraenequipo\" \/>\n<meta name=\"twitter:label1\" content=\"Escrito por\" \/>\n\t<meta name=\"twitter:data1\" content=\"enequipo\" \/>\n\t<meta name=\"twitter:label2\" content=\"Tiempo de lectura\" \/>\n\t<meta name=\"twitter:data2\" content=\"3 minutos\" \/>\n<script type=\"application\/ld+json\" class=\"yoast-schema-graph\">{\"@context\":\"https:\/\/schema.org\",\"@graph\":[{\"@type\":\"Article\",\"@id\":\"https:\/\/www.sonoraenequipo.com.mx\/en-gira-de-trabajo-numero-500-por-sonora-gobernadora-pavlovich-entrega-apoyos-en-comunidades-de-la-sierra\/#article\",\"isPartOf\":{\"@id\":\"https:\/\/www.sonoraenequipo.com.mx\/en-gira-de-trabajo-numero-500-por-sonora-gobernadora-pavlovich-entrega-apoyos-en-comunidades-de-la-sierra\/\"},\"author\":{\"name\":\"enequipo\",\"@id\":\"https:\/\/www.sonoraenequipo.com.mx\/#\/schema\/person\/50102df0fb23a8fa9e8effad8fa81386\"},\"headline\":\"En gira de trabajo n\u00famero 500 por Sonora, gobernadora Pavlovich entrega apoyos en comunidades de la sierra\",\"datePublished\":\"2021-07-13T05:08:58+00:00\",\"dateModified\":\"2021-07-13T15:33:58+00:00\",\"mainEntityOfPage\":{\"@id\":\"https:\/\/www.sonoraenequipo.com.mx\/en-gira-de-trabajo-numero-500-por-sonora-gobernadora-pavlovich-entrega-apoyos-en-comunidades-de-la-sierra\/\"},\"wordCount\":552,\"commentCount\":0,\"publisher\":{\"@id\":\"https:\/\/www.sonoraenequipo.com.mx\/#organization\"},\"image\":{\"@id\":\"https:\/\/www.sonoraenequipo.com.mx\/en-gira-de-trabajo-numero-500-por-sonora-gobernadora-pavlovich-entrega-apoyos-en-comunidades-de-la-sierra\/#primaryimage\"},\"thumbnailUrl\":\"https:\/\/www.sonoraenequipo.com.mx\/storage\/2021\/07\/cpa120721.jpg\",\"keywords\":[\"claudia pavlovich\",\"gira\",\"sierra\",\"Sonora\",\"trabajo\"],\"articleSection\":[\"Sonora\"],\"inLanguage\":\"es\",\"potentialAction\":[{\"@type\":\"CommentAction\",\"name\":\"Comment\",\"target\":[\"https:\/\/www.sonoraenequipo.com.mx\/en-gira-de-trabajo-numero-500-por-sonora-gobernadora-pavlovich-entrega-apoyos-en-comunidades-de-la-sierra\/#respond\"]}]},{\"@type\":\"WebPage\",\"@id\":\"https:\/\/www.sonoraenequipo.com.mx\/en-gira-de-trabajo-numero-500-por-sonora-gobernadora-pavlovich-entrega-apoyos-en-comunidades-de-la-sierra\/\",\"url\":\"https:\/\/www.sonoraenequipo.com.mx\/en-gira-de-trabajo-numero-500-por-sonora-gobernadora-pavlovich-entrega-apoyos-en-comunidades-de-la-sierra\/\",\"name\":\"Sonora en Equipo. En gira de trabajo n\u00famero 500 por Sonora, gobernadora Pavlovich entrega apoyos en comunidades de la sierra Sonora\",\"isPartOf\":{\"@id\":\"https:\/\/www.sonoraenequipo.com.mx\/#website\"},\"primaryImageOfPage\":{\"@id\":\"https:\/\/www.sonoraenequipo.com.mx\/en-gira-de-trabajo-numero-500-por-sonora-gobernadora-pavlovich-entrega-apoyos-en-comunidades-de-la-sierra\/#primaryimage\"},\"image\":{\"@id\":\"https:\/\/www.sonoraenequipo.com.mx\/en-gira-de-trabajo-numero-500-por-sonora-gobernadora-pavlovich-entrega-apoyos-en-comunidades-de-la-sierra\/#primaryimage\"},\"thumbnailUrl\":\"https:\/\/www.sonoraenequipo.com.mx\/storage\/2021\/07\/cpa120721.jpg\",\"datePublished\":\"2021-07-13T05:08:58+00:00\",\"dateModified\":\"2021-07-13T15:33:58+00:00\",\"description\":\"ARIVECHI, SONORA,MX Con la entrega de becas para estudiantes de educaci\u00f3n b\u00e1sica, camiones escolares y apoyos productivos para mujeres en Bacanora, En Sonora en Equipo publicamos toda la informaci\u00f3n de Sonora, M\u00e9xico y el Mundo de manera oportuna y busca que la libertad de expresi\u00f3n sea real. Visita nuestro medio informativo publicado desde Hermosillo, Sonora. %\",\"breadcrumb\":{\"@id\":\"https:\/\/www.sonoraenequipo.com.mx\/en-gira-de-trabajo-numero-500-por-sonora-gobernadora-pavlovich-entrega-apoyos-en-comunidades-de-la-sierra\/#breadcrumb\"},\"inLanguage\":\"es\",\"potentialAction\":[{\"@type\":\"ReadAction\",\"target\":[\"https:\/\/www.sonoraenequipo.com.mx\/en-gira-de-trabajo-numero-500-por-sonora-gobernadora-pavlovich-entrega-apoyos-en-comunidades-de-la-sierra\/\"]}]},{\"@type\":\"ImageObject\",\"inLanguage\":\"es\",\"@id\":\"https:\/\/www.sonoraenequipo.com.mx\/en-gira-de-trabajo-numero-500-por-sonora-gobernadora-pavlovich-entrega-apoyos-en-comunidades-de-la-sierra\/#primaryimage\",\"url\":\"https:\/\/www.sonoraenequipo.com.mx\/storage\/2021\/07\/cpa120721.jpg\",\"contentUrl\":\"https:\/\/www.sonoraenequipo.com.mx\/storage\/2021\/07\/cpa120721.jpg\",\"width\":700,\"height\":400},{\"@type\":\"BreadcrumbList\",\"@id\":\"https:\/\/www.sonoraenequipo.com.mx\/en-gira-de-trabajo-numero-500-por-sonora-gobernadora-pavlovich-entrega-apoyos-en-comunidades-de-la-sierra\/#breadcrumb\",\"itemListElement\":[{\"@type\":\"ListItem\",\"position\":1,\"name\":\"Portada\",\"item\":\"https:\/\/www.sonoraenequipo.com.mx\/\"},{\"@type\":\"ListItem\",\"position\":2,\"name\":\"En gira de trabajo n\u00famero 500 por Sonora, gobernadora Pavlovich entrega apoyos en comunidades de la sierra\"}]},{\"@type\":\"WebSite\",\"@id\":\"https:\/\/www.sonoraenequipo.com.mx\/#website\",\"url\":\"https:\/\/www.sonoraenequipo.com.mx\/\",\"name\":\"Sonora en Equipo.\",\"description\":\"Diario en l\u00ednea con Noticias desde Hermosillo, Sonora\",\"publisher\":{\"@id\":\"https:\/\/www.sonoraenequipo.com.mx\/#organization\"},\"potentialAction\":[{\"@type\":\"SearchAction\",\"target\":{\"@type\":\"EntryPoint\",\"urlTemplate\":\"https:\/\/www.sonoraenequipo.com.mx\/?s={search_term_string}\"},\"query-input\":{\"@type\":\"PropertyValueSpecification\",\"valueRequired\":true,\"valueName\":\"search_term_string\"}}],\"inLanguage\":\"es\"},{\"@type\":\"Organization\",\"@id\":\"https:\/\/www.sonoraenequipo.com.mx\/#organization\",\"name\":\"Sonoraenequipo.com.mx\",\"url\":\"https:\/\/www.sonoraenequipo.com.mx\/\",\"logo\":{\"@type\":\"ImageObject\",\"inLanguage\":\"es\",\"@id\":\"https:\/\/www.sonoraenequipo.com.mx\/#\/schema\/logo\/image\/\",\"url\":\"https:\/\/www.sonoraenequipo.com.mx\/storage\/2019\/01\/sonoraenequipo_opt.png\",\"contentUrl\":\"https:\/\/www.sonoraenequipo.com.mx\/storage\/2019\/01\/sonoraenequipo_opt.png\",\"width\":375,\"height\":125,\"caption\":\"Sonoraenequipo.com.mx\"},\"image\":{\"@id\":\"https:\/\/www.sonoraenequipo.com.mx\/#\/schema\/logo\/image\/\"},\"sameAs\":[\"https:\/\/www.facebook.com\/SonoraEE\/\",\"https:\/\/x.com\/sonoraenequipo\",\"https:\/\/www.youtube.com\/channel\/UC338nW-lPEYmJQs4ZABQ1SQ\"]},{\"@type\":\"Person\",\"@id\":\"https:\/\/www.sonoraenequipo.com.mx\/#\/schema\/person\/50102df0fb23a8fa9e8effad8fa81386\",\"name\":\"enequipo\",\"image\":{\"@type\":\"ImageObject\",\"inLanguage\":\"es\",\"@id\":\"https:\/\/www.sonoraenequipo.com.mx\/#\/schema\/person\/image\/\",\"url\":\"https:\/\/secure.gravatar.com\/avatar\/049821681b589dabc0bc20695993ccebb09f5b5d4d790cd9251b97faac7c652b?s=96&d=blank&r=g\",\"contentUrl\":\"https:\/\/secure.gravatar.com\/avatar\/049821681b589dabc0bc20695993ccebb09f5b5d4d790cd9251b97faac7c652b?s=96&d=blank&r=g\",\"caption\":\"enequipo\"},\"sameAs\":[\"https:\/\/www.facebook.com\/SonoraEE\"]}]}<\/script>\n ","yoast_head_json":{"title":"Sonora en Equipo. En gira de trabajo n\u00famero 500 por Sonora, gobernadora Pavlovich entrega apoyos en comunidades de la sierra Sonora","description":"ARIVECHI, SONORA,MX Con la entrega de becas para estudiantes de educaci\u00f3n b\u00e1sica, camiones escolares y apoyos productivos para mujeres en Bacanora, En Sonora en Equipo publicamos toda la informaci\u00f3n de Sonora, M\u00e9xico y el Mundo de manera oportuna y busca que la libertad de expresi\u00f3n sea real. Visita nuestro medio informativo publicado desde Hermosillo, Sonora. %","robots":{"index":"index","follow":"follow","max-snippet":"max-snippet:-1","max-image-preview":"max-image-preview:large","max-video-preview":"max-video-preview:-1"},"canonical":"https:\/\/www.sonoraenequipo.com.mx\/en-gira-de-trabajo-numero-500-por-sonora-gobernadora-pavlovich-entrega-apoyos-en-comunidades-de-la-sierra\/","og_locale":"es_ES","og_type":"article","og_title":"Sonora en Equipo. En gira de trabajo n\u00famero 500 por Sonora, gobernadora Pavlovich entrega apoyos en comunidades de la sierra Sonora","og_description":"ARIVECHI, SONORA,MX Con la entrega de becas para estudiantes de educaci\u00f3n b\u00e1sica, camiones escolares y apoyos productivos para mujeres en Bacanora, En Sonora en Equipo publicamos toda la informaci\u00f3n de Sonora, M\u00e9xico y el Mundo de manera oportuna y busca que la libertad de expresi\u00f3n sea real. Visita nuestro medio informativo publicado desde Hermosillo, Sonora. %","og_url":"https:\/\/www.sonoraenequipo.com.mx\/en-gira-de-trabajo-numero-500-por-sonora-gobernadora-pavlovich-entrega-apoyos-en-comunidades-de-la-sierra\/","og_site_name":"Sonora en Equipo.","article_publisher":"https:\/\/www.facebook.com\/SonoraEE\/","article_author":"https:\/\/www.facebook.com\/SonoraEE","article_published_time":"2021-07-13T05:08:58+00:00","article_modified_time":"2021-07-13T15:33:58+00:00","og_image":[{"width":700,"height":400,"url":"https:\/\/www.sonoraenequipo.com.mx\/storage\/2021\/07\/cpa120721.jpg","type":"image\/jpeg"}],"author":"enequipo","twitter_card":"summary_large_image","twitter_creator":"@sonoraenequipo","twitter_site":"@sonoraenequipo","twitter_misc":{"Escrito por":"enequipo","Tiempo de lectura":"3 minutos"},"schema":{"@context":"https:\/\/schema.org","@graph":[{"@type":"Article","@id":"https:\/\/www.sonoraenequipo.com.mx\/en-gira-de-trabajo-numero-500-por-sonora-gobernadora-pavlovich-entrega-apoyos-en-comunidades-de-la-sierra\/#article","isPartOf":{"@id":"https:\/\/www.sonoraenequipo.com.mx\/en-gira-de-trabajo-numero-500-por-sonora-gobernadora-pavlovich-entrega-apoyos-en-comunidades-de-la-sierra\/"},"author":{"name":"enequipo","@id":"https:\/\/www.sonoraenequipo.com.mx\/#\/schema\/person\/50102df0fb23a8fa9e8effad8fa81386"},"headline":"En gira de trabajo n\u00famero 500 por Sonora, gobernadora Pavlovich entrega apoyos en comunidades de la sierra","datePublished":"2021-07-13T05:08:58+00:00","dateModified":"2021-07-13T15:33:58+00:00","mainEntityOfPage":{"@id":"https:\/\/www.sonoraenequipo.com.mx\/en-gira-de-trabajo-numero-500-por-sonora-gobernadora-pavlovich-entrega-apoyos-en-comunidades-de-la-sierra\/"},"wordCount":552,"commentCount":0,"publisher":{"@id":"https:\/\/www.sonoraenequipo.com.mx\/#organization"},"image":{"@id":"https:\/\/www.sonoraenequipo.com.mx\/en-gira-de-trabajo-numero-500-por-sonora-gobernadora-pavlovich-entrega-apoyos-en-comunidades-de-la-sierra\/#primaryimage"},"thumbnailUrl":"https:\/\/www.sonoraenequipo.com.mx\/storage\/2021\/07\/cpa120721.jpg","keywords":["claudia pavlovich","gira","sierra","Sonora","trabajo"],"articleSection":["Sonora"],"inLanguage":"es","potentialAction":[{"@type":"CommentAction","name":"Comment","target":["https:\/\/www.sonoraenequipo.com.mx\/en-gira-de-trabajo-numero-500-por-sonora-gobernadora-pavlovich-entrega-apoyos-en-comunidades-de-la-sierra\/#respond"]}]},{"@type":"WebPage","@id":"https:\/\/www.sonoraenequipo.com.mx\/en-gira-de-trabajo-numero-500-por-sonora-gobernadora-pavlovich-entrega-apoyos-en-comunidades-de-la-sierra\/","url":"https:\/\/www.sonoraenequipo.com.mx\/en-gira-de-trabajo-numero-500-por-sonora-gobernadora-pavlovich-entrega-apoyos-en-comunidades-de-la-sierra\/","name":"Sonora en Equipo. En gira de trabajo n\u00famero 500 por Sonora, gobernadora Pavlovich entrega apoyos en comunidades de la sierra Sonora","isPartOf":{"@id":"https:\/\/www.sonoraenequipo.com.mx\/#website"},"primaryImageOfPage":{"@id":"https:\/\/www.sonoraenequipo.com.mx\/en-gira-de-trabajo-numero-500-por-sonora-gobernadora-pavlovich-entrega-apoyos-en-comunidades-de-la-sierra\/#primaryimage"},"image":{"@id":"https:\/\/www.sonoraenequipo.com.mx\/en-gira-de-trabajo-numero-500-por-sonora-gobernadora-pavlovich-entrega-apoyos-en-comunidades-de-la-sierra\/#primaryimage"},"thumbnailUrl":"https:\/\/www.sonoraenequipo.com.mx\/storage\/2021\/07\/cpa120721.jpg","datePublished":"2021-07-13T05:08:58+00:00","dateModified":"2021-07-13T15:33:58+00:00","description":"ARIVECHI, SONORA,MX Con la entrega de becas para estudiantes de educaci\u00f3n b\u00e1sica, camiones escolares y apoyos productivos para mujeres en Bacanora, En Sonora en Equipo publicamos toda la informaci\u00f3n de Sonora, M\u00e9xico y el Mundo de manera oportuna y busca que la libertad de expresi\u00f3n sea real. Visita nuestro medio informativo publicado desde Hermosillo, Sonora. %","breadcrumb":{"@id":"https:\/\/www.sonoraenequipo.com.mx\/en-gira-de-trabajo-numero-500-por-sonora-gobernadora-pavlovich-entrega-apoyos-en-comunidades-de-la-sierra\/#breadcrumb"},"inLanguage":"es","potentialAction":[{"@type":"ReadAction","target":["https:\/\/www.sonoraenequipo.com.mx\/en-gira-de-trabajo-numero-500-por-sonora-gobernadora-pavlovich-entrega-apoyos-en-comunidades-de-la-sierra\/"]}]},{"@type":"ImageObject","inLanguage":"es","@id":"https:\/\/www.sonoraenequipo.com.mx\/en-gira-de-trabajo-numero-500-por-sonora-gobernadora-pavlovich-entrega-apoyos-en-comunidades-de-la-sierra\/#primaryimage","url":"https:\/\/www.sonoraenequipo.com.mx\/storage\/2021\/07\/cpa120721.jpg","contentUrl":"https:\/\/www.sonoraenequipo.com.mx\/storage\/2021\/07\/cpa120721.jpg","width":700,"height":400},{"@type":"BreadcrumbList","@id":"https:\/\/www.sonoraenequipo.com.mx\/en-gira-de-trabajo-numero-500-por-sonora-gobernadora-pavlovich-entrega-apoyos-en-comunidades-de-la-sierra\/#breadcrumb","itemListElement":[{"@type":"ListItem","position":1,"name":"Portada","item":"https:\/\/www.sonoraenequipo.com.mx\/"},{"@type":"ListItem","position":2,"name":"En gira de trabajo n\u00famero 500 por Sonora, gobernadora Pavlovich entrega apoyos en comunidades de la sierra"}]},{"@type":"WebSite","@id":"https:\/\/www.sonoraenequipo.com.mx\/#website","url":"https:\/\/www.sonoraenequipo.com.mx\/","name":"Sonora en Equipo.","description":"Diario en l\u00ednea con Noticias desde Hermosillo, Sonora","publisher":{"@id":"https:\/\/www.sonoraenequipo.com.mx\/#organization"},"potentialAction":[{"@type":"SearchAction","target":{"@type":"EntryPoint","urlTemplate":"https:\/\/www.sonoraenequipo.com.mx\/?s={search_term_string}"},"query-input":{"@type":"PropertyValueSpecification","valueRequired":true,"valueName":"search_term_string"}}],"inLanguage":"es"},{"@type":"Organization","@id":"https:\/\/www.sonoraenequipo.com.mx\/#organization","name":"Sonoraenequipo.com.mx","url":"https:\/\/www.sonoraenequipo.com.mx\/","logo":{"@type":"ImageObject","inLanguage":"es","@id":"https:\/\/www.sonoraenequipo.com.mx\/#\/schema\/logo\/image\/","url":"https:\/\/www.sonoraenequipo.com.mx\/storage\/2019\/01\/sonoraenequipo_opt.png","contentUrl":"https:\/\/www.sonoraenequipo.com.mx\/storage\/2019\/01\/sonoraenequipo_opt.png","width":375,"height":125,"caption":"Sonoraenequipo.com.mx"},"image":{"@id":"https:\/\/www.sonoraenequipo.com.mx\/#\/schema\/logo\/image\/"},"sameAs":["https:\/\/www.facebook.com\/SonoraEE\/","https:\/\/x.com\/sonoraenequipo","https:\/\/www.youtube.com\/channel\/UC338nW-lPEYmJQs4ZABQ1SQ"]},{"@type":"Person","@id":"https:\/\/www.sonoraenequipo.com.mx\/#\/schema\/person\/50102df0fb23a8fa9e8effad8fa81386","name":"enequipo","image":{"@type":"ImageObject","inLanguage":"es","@id":"https:\/\/www.sonoraenequipo.com.mx\/#\/schema\/person\/image\/","url":"https:\/\/secure.gravatar.com\/avatar\/049821681b589dabc0bc20695993ccebb09f5b5d4d790cd9251b97faac7c652b?s=96&d=blank&r=g","contentUrl":"https:\/\/secure.gravatar.com\/avatar\/049821681b589dabc0bc20695993ccebb09f5b5d4d790cd9251b97faac7c652b?s=96&d=blank&r=g","caption":"enequipo"},"sameAs":["https:\/\/www.facebook.com\/SonoraEE"]}]}},"jetpack_featured_media_url":"https:\/\/www.sonoraenequipo.com.mx\/storage\/2021\/07\/cpa120721.jpg","_links":{"self":[{"href":"https:\/\/www.sonoraenequipo.com.mx\/api\/wp\/v2\/posts\/118291","targetHints":{"allow":["GET"]}}],"collection":[{"href":"https:\/\/www.sonoraenequipo.com.mx\/api\/wp\/v2\/posts"}],"about":[{"href":"https:\/\/www.sonoraenequipo.com.mx\/api\/wp\/v2\/types\/post"}],"author":[{"embeddable":true,"href":"https:\/\/www.sonoraenequipo.com.mx\/api\/wp\/v2\/users\/1"}],"replies":[{"embeddable":true,"href":"https:\/\/www.sonoraenequipo.com.mx\/api\/wp\/v2\/comments?post=118291"}],"version-history":[{"count":1,"href":"https:\/\/www.sonoraenequipo.com.mx\/api\/wp\/v2\/posts\/118291\/revisions"}],"predecessor-version":[{"id":118296,"href":"https:\/\/www.sonoraenequipo.com.mx\/api\/wp\/v2\/posts\/118291\/revisions\/118296"}],"wp:featuredmedia":[{"embeddable":true,"href":"https:\/\/www.sonoraenequipo.com.mx\/api\/wp\/v2\/media\/118295"}],"wp:attachment":[{"href":"https:\/\/www.sonoraenequipo.com.mx\/api\/wp\/v2\/media?parent=118291"}],"wp:term":[{"taxonomy":"category","embeddable":true,"href":"https:\/\/www.sonoraenequipo.com.mx\/api\/wp\/v2\/categories?post=118291"},{"taxonomy":"post_tag","embeddable":true,"href":"https:\/\/www.sonoraenequipo.com.mx\/api\/wp\/v2\/tags?post=118291"}],"curies":[{"name":"wp","href":"https:\/\/api.w.org\/{rel}","templated":true}]}}