{"id":118297,"date":"2021-07-12T21:44:25","date_gmt":"2021-07-13T04:44:25","guid":{"rendered":"https:\/\/www.sonoraenequipo.com.mx\/?p=118297"},"modified":"2021-07-12T21:45:31","modified_gmt":"2021-07-13T04:45:31","slug":"aumentan-percances-viales-en-hermosillo-2-muertos-y-15-heridos-en-una-semana","status":"publish","type":"post","link":"https:\/\/www.sonoraenequipo.com.mx\/aumentan-percances-viales-en-hermosillo-2-muertos-y-15-heridos-en-una-semana\/","title":{"rendered":"Aumentan percances viales en Hermosillo, 2 muertos y 15 heridos en una semana"},"content":{"rendered":"<p>HERMOSILLO, SONORA,MX.\u2500\u2500 En la semana comprendida entre el 5 y el 11 de julio, personal del Departamento de Tr\u00e1nsito atendi\u00f3 33 hechos viales en los cuales se realiz\u00f3 un Informe Policial Homologado, cinco hechos m\u00e1s que la semana previa.<\/p>\n<p>&nbsp;<\/p>\n<p>&nbsp;<\/p>\n<p>&nbsp;<\/p>\n<p>La mayor\u00eda de estos accidentes fueron por alcance (12), por imprudencia (10) y por velocidad (7).<\/p>\n<p>&nbsp;<\/p>\n<p>&nbsp;<\/p>\n<p>&nbsp;<\/p>\n<p>En los hechos viales resultaron lesionadas 15 personas y dos m\u00e1s perdieron la vida, uno por atropellamiento y otro en un choque en la costa de Hermosillo.<\/p>\n<p>&nbsp;<\/p>\n<p>&nbsp;<\/p>\n<p>&nbsp;<\/p>\n<p>44 personas fueron detectadas conduciendo en estado de ebriedad, 15 de ellos en los filtros instalados durante el fin de semana.<\/p>\n<p>&nbsp;<\/p>\n<p>&nbsp;<\/p>\n<p>&nbsp;<\/p>\n<p>Durante el mismo periodo de tiempo se realizaron 2 mil 710 infracciones a la Ley de Tr\u00e1nsito en todo el Municipio.<\/p>\n<p>&nbsp;<\/p>\n<p>&nbsp;<\/p>\n<p>&nbsp;<\/p>\n<p>En relaci\u00f3n a la vigilancia en la carretera 100 Estatal se incrementaron los recorridos del operativo Carrusel en la r\u00faa, llegando hasta los 48, as\u00ed como la instalaci\u00f3n e 38 puntos de observaci\u00f3n.<\/p>\n<p>&nbsp;<\/p>\n<p>&nbsp;<\/p>\n<p>&nbsp;<\/p>\n<p>Tambi\u00e9n se contabilizaron m\u00e1s de 3 mil 500 veh\u00edculos ingresando a las playas de Bah\u00eda de Kino durante el fin de semana.<\/p>\n<p>&nbsp;<\/p>\n<p>&nbsp;<\/p>\n<p>&nbsp;<\/p>\n<p>Jos\u00e9 \u00c1ngel Rom\u00e1n Rodr\u00edguez, director de Tr\u00e1nsito, dijo que se han detectado en los filtros de alcoholimetr\u00eda conductores que superan hasta en 300 por ciento el l\u00edmite permitido, que es de .040, por lo que hizo un llamado a la conciencia de las personas a evitar el conducir un veh\u00edculo en estado inconveniente.<\/p>\n<p>&nbsp;<\/p>\n<p>&nbsp;<\/p>\n<p>&nbsp;<\/p>\n<p>Tambi\u00e9n, pidi\u00f3 tener mucha precauci\u00f3n al momento de conducir durante alguna precipitaci\u00f3n pluvial como las vividas los \u00faltimos d\u00edas, exhortando a los conductores a no poner en riesgo su integridad o la de terceras personas.<\/p>\n<p>Fecha de Publicaci\u00f3n\u00a0\u00a0 lunes \/ 12\u00a0\u00a0 \/ julio \/ 2021<\/p>\n<p>&nbsp;<\/p>\n","protected":false},"excerpt":{"rendered":"<p>HERMOSILLO, SONORA,MX.\u2500\u2500 En la semana comprendida entre el 5 y el 11 de julio, personal&#8230;<\/p>\n","protected":false},"author":1,"featured_media":118298,"comment_status":"open","ping_status":"open","sticky":false,"template":"","format":"standard","meta":{"_monsterinsights_skip_tracking":false,"_monsterinsights_sitenote_active":false,"_monsterinsights_sitenote_note":"","_monsterinsights_sitenote_category":0,"footnotes":""},"categories":[3144],"tags":[35,5914,5134],"class_list":["post"],"yoast_head":" \n<title>Sonora en Equipo. Aumentan percances viales en Hermosillo, 2 muertos y 15 heridos en una semana Polic\u00edaca<\/title>\n<meta name=\"description\" content=\"HERMOSILLO, SONORA,MX.\u2500\u2500 En la semana comprendida entre el 5 y el 11 de julio, personal del Departamento de Tr\u00e1nsito atendi\u00f3 33 hechos viales en los En Sonora en Equipo publicamos toda la informaci\u00f3n de Sonora, M\u00e9xico y el Mundo de manera oportuna y busca que la libertad de expresi\u00f3n sea real. Visita nuestro medio informativo publicado desde Hermosillo, Sonora. %\" \/>\n<meta name=\"robots\" content=\"index, follow, max-snippet:-1, max-image-preview:large, max-video-preview:-1\" \/>\n<link rel=\"canonical\" href=\"https:\/\/www.sonoraenequipo.com.mx\/aumentan-percances-viales-en-hermosillo-2-muertos-y-15-heridos-en-una-semana\/\" \/>\n<meta property=\"og:locale\" content=\"es_ES\" \/>\n<meta property=\"og:type\" content=\"article\" \/>\n<meta property=\"og:title\" content=\"Sonora en Equipo. Aumentan percances viales en Hermosillo, 2 muertos y 15 heridos en una semana Polic\u00edaca\" \/>\n<meta property=\"og:description\" content=\"HERMOSILLO, SONORA,MX.\u2500\u2500 En la semana comprendida entre el 5 y el 11 de julio, personal del Departamento de Tr\u00e1nsito atendi\u00f3 33 hechos viales en los En Sonora en Equipo publicamos toda la informaci\u00f3n de Sonora, M\u00e9xico y el Mundo de manera oportuna y busca que la libertad de expresi\u00f3n sea real. Visita nuestro medio informativo publicado desde Hermosillo, Sonora. %\" \/>\n<meta property=\"og:url\" content=\"https:\/\/www.sonoraenequipo.com.mx\/aumentan-percances-viales-en-hermosillo-2-muertos-y-15-heridos-en-una-semana\/\" \/>\n<meta property=\"og:site_name\" content=\"Sonora en Equipo.\" \/>\n<meta property=\"article:publisher\" content=\"https:\/\/www.facebook.com\/SonoraEE\/\" \/>\n<meta property=\"article:author\" content=\"https:\/\/www.facebook.com\/SonoraEE\" \/>\n<meta property=\"article:published_time\" content=\"2021-07-13T04:44:25+00:00\" \/>\n<meta property=\"article:modified_time\" content=\"2021-07-13T04:45:31+00:00\" \/>\n<meta property=\"og:image\" content=\"https:\/\/www.sonoraenequipo.com.mx\/storage\/2021\/07\/choque-hmo.jpg\" \/>\n\t<meta property=\"og:image:width\" content=\"700\" \/>\n\t<meta property=\"og:image:height\" content=\"400\" \/>\n\t<meta property=\"og:image:type\" content=\"image\/jpeg\" \/>\n<meta name=\"author\" content=\"enequipo\" \/>\n<meta name=\"twitter:card\" content=\"summary_large_image\" \/>\n<meta name=\"twitter:creator\" content=\"@sonoraenequipo\" \/>\n<meta name=\"twitter:site\" content=\"@sonoraenequipo\" \/>\n<meta name=\"twitter:label1\" content=\"Escrito por\" \/>\n\t<meta name=\"twitter:data1\" content=\"enequipo\" \/>\n\t<meta name=\"twitter:label2\" content=\"Tiempo de lectura\" \/>\n\t<meta name=\"twitter:data2\" content=\"2 minutos\" \/>\n<script type=\"application\/ld+json\" class=\"yoast-schema-graph\">{\"@context\":\"https:\/\/schema.org\",\"@graph\":[{\"@type\":\"Article\",\"@id\":\"https:\/\/www.sonoraenequipo.com.mx\/aumentan-percances-viales-en-hermosillo-2-muertos-y-15-heridos-en-una-semana\/#article\",\"isPartOf\":{\"@id\":\"https:\/\/www.sonoraenequipo.com.mx\/aumentan-percances-viales-en-hermosillo-2-muertos-y-15-heridos-en-una-semana\/\"},\"author\":{\"name\":\"enequipo\",\"@id\":\"https:\/\/www.sonoraenequipo.com.mx\/#\/schema\/person\/50102df0fb23a8fa9e8effad8fa81386\"},\"headline\":\"Aumentan percances viales en Hermosillo, 2 muertos y 15 heridos en una semana\",\"datePublished\":\"2021-07-13T04:44:25+00:00\",\"dateModified\":\"2021-07-13T04:45:31+00:00\",\"mainEntityOfPage\":{\"@id\":\"https:\/\/www.sonoraenequipo.com.mx\/aumentan-percances-viales-en-hermosillo-2-muertos-y-15-heridos-en-una-semana\/\"},\"wordCount\":315,\"commentCount\":0,\"publisher\":{\"@id\":\"https:\/\/www.sonoraenequipo.com.mx\/#organization\"},\"image\":{\"@id\":\"https:\/\/www.sonoraenequipo.com.mx\/aumentan-percances-viales-en-hermosillo-2-muertos-y-15-heridos-en-una-semana\/#primaryimage\"},\"thumbnailUrl\":\"https:\/\/www.sonoraenequipo.com.mx\/storage\/2021\/07\/choque-hmo.jpg\",\"keywords\":[\"hermosillo\",\"percances viales\",\"transito\"],\"articleSection\":[\"Polic\u00edaca\"],\"inLanguage\":\"es\",\"potentialAction\":[{\"@type\":\"CommentAction\",\"name\":\"Comment\",\"target\":[\"https:\/\/www.sonoraenequipo.com.mx\/aumentan-percances-viales-en-hermosillo-2-muertos-y-15-heridos-en-una-semana\/#respond\"]}]},{\"@type\":\"WebPage\",\"@id\":\"https:\/\/www.sonoraenequipo.com.mx\/aumentan-percances-viales-en-hermosillo-2-muertos-y-15-heridos-en-una-semana\/\",\"url\":\"https:\/\/www.sonoraenequipo.com.mx\/aumentan-percances-viales-en-hermosillo-2-muertos-y-15-heridos-en-una-semana\/\",\"name\":\"Sonora en Equipo. Aumentan percances viales en Hermosillo, 2 muertos y 15 heridos en una semana Polic\u00edaca\",\"isPartOf\":{\"@id\":\"https:\/\/www.sonoraenequipo.com.mx\/#website\"},\"primaryImageOfPage\":{\"@id\":\"https:\/\/www.sonoraenequipo.com.mx\/aumentan-percances-viales-en-hermosillo-2-muertos-y-15-heridos-en-una-semana\/#primaryimage\"},\"image\":{\"@id\":\"https:\/\/www.sonoraenequipo.com.mx\/aumentan-percances-viales-en-hermosillo-2-muertos-y-15-heridos-en-una-semana\/#primaryimage\"},\"thumbnailUrl\":\"https:\/\/www.sonoraenequipo.com.mx\/storage\/2021\/07\/choque-hmo.jpg\",\"datePublished\":\"2021-07-13T04:44:25+00:00\",\"dateModified\":\"2021-07-13T04:45:31+00:00\",\"description\":\"HERMOSILLO, SONORA,MX.\u2500\u2500 En la semana comprendida entre el 5 y el 11 de julio, personal del Departamento de Tr\u00e1nsito atendi\u00f3 33 hechos viales en los En Sonora en Equipo publicamos toda la informaci\u00f3n de Sonora, M\u00e9xico y el Mundo de manera oportuna y busca que la libertad de expresi\u00f3n sea real. Visita nuestro medio informativo publicado desde Hermosillo, Sonora. %\",\"breadcrumb\":{\"@id\":\"https:\/\/www.sonoraenequipo.com.mx\/aumentan-percances-viales-en-hermosillo-2-muertos-y-15-heridos-en-una-semana\/#breadcrumb\"},\"inLanguage\":\"es\",\"potentialAction\":[{\"@type\":\"ReadAction\",\"target\":[\"https:\/\/www.sonoraenequipo.com.mx\/aumentan-percances-viales-en-hermosillo-2-muertos-y-15-heridos-en-una-semana\/\"]}]},{\"@type\":\"ImageObject\",\"inLanguage\":\"es\",\"@id\":\"https:\/\/www.sonoraenequipo.com.mx\/aumentan-percances-viales-en-hermosillo-2-muertos-y-15-heridos-en-una-semana\/#primaryimage\",\"url\":\"https:\/\/www.sonoraenequipo.com.mx\/storage\/2021\/07\/choque-hmo.jpg\",\"contentUrl\":\"https:\/\/www.sonoraenequipo.com.mx\/storage\/2021\/07\/choque-hmo.jpg\",\"width\":700,\"height\":400,\"caption\":\"imagen Expreso, para ilustrar\"},{\"@type\":\"BreadcrumbList\",\"@id\":\"https:\/\/www.sonoraenequipo.com.mx\/aumentan-percances-viales-en-hermosillo-2-muertos-y-15-heridos-en-una-semana\/#breadcrumb\",\"itemListElement\":[{\"@type\":\"ListItem\",\"position\":1,\"name\":\"Portada\",\"item\":\"https:\/\/www.sonoraenequipo.com.mx\/\"},{\"@type\":\"ListItem\",\"position\":2,\"name\":\"Aumentan percances viales en Hermosillo, 2 muertos y 15 heridos en una semana\"}]},{\"@type\":\"WebSite\",\"@id\":\"https:\/\/www.sonoraenequipo.com.mx\/#website\",\"url\":\"https:\/\/www.sonoraenequipo.com.mx\/\",\"name\":\"Sonora en Equipo.\",\"description\":\"Diario en l\u00ednea con Noticias desde Hermosillo, Sonora\",\"publisher\":{\"@id\":\"https:\/\/www.sonoraenequipo.com.mx\/#organization\"},\"potentialAction\":[{\"@type\":\"SearchAction\",\"target\":{\"@type\":\"EntryPoint\",\"urlTemplate\":\"https:\/\/www.sonoraenequipo.com.mx\/?s={search_term_string}\"},\"query-input\":{\"@type\":\"PropertyValueSpecification\",\"valueRequired\":true,\"valueName\":\"search_term_string\"}}],\"inLanguage\":\"es\"},{\"@type\":\"Organization\",\"@id\":\"https:\/\/www.sonoraenequipo.com.mx\/#organization\",\"name\":\"Sonoraenequipo.com.mx\",\"url\":\"https:\/\/www.sonoraenequipo.com.mx\/\",\"logo\":{\"@type\":\"ImageObject\",\"inLanguage\":\"es\",\"@id\":\"https:\/\/www.sonoraenequipo.com.mx\/#\/schema\/logo\/image\/\",\"url\":\"https:\/\/www.sonoraenequipo.com.mx\/storage\/2019\/01\/sonoraenequipo_opt.png\",\"contentUrl\":\"https:\/\/www.sonoraenequipo.com.mx\/storage\/2019\/01\/sonoraenequipo_opt.png\",\"width\":375,\"height\":125,\"caption\":\"Sonoraenequipo.com.mx\"},\"image\":{\"@id\":\"https:\/\/www.sonoraenequipo.com.mx\/#\/schema\/logo\/image\/\"},\"sameAs\":[\"https:\/\/www.facebook.com\/SonoraEE\/\",\"https:\/\/x.com\/sonoraenequipo\",\"https:\/\/www.youtube.com\/channel\/UC338nW-lPEYmJQs4ZABQ1SQ\"]},{\"@type\":\"Person\",\"@id\":\"https:\/\/www.sonoraenequipo.com.mx\/#\/schema\/person\/50102df0fb23a8fa9e8effad8fa81386\",\"name\":\"enequipo\",\"image\":{\"@type\":\"ImageObject\",\"inLanguage\":\"es\",\"@id\":\"https:\/\/www.sonoraenequipo.com.mx\/#\/schema\/person\/image\/\",\"url\":\"https:\/\/secure.gravatar.com\/avatar\/049821681b589dabc0bc20695993ccebb09f5b5d4d790cd9251b97faac7c652b?s=96&d=blank&r=g\",\"contentUrl\":\"https:\/\/secure.gravatar.com\/avatar\/049821681b589dabc0bc20695993ccebb09f5b5d4d790cd9251b97faac7c652b?s=96&d=blank&r=g\",\"caption\":\"enequipo\"},\"sameAs\":[\"https:\/\/www.facebook.com\/SonoraEE\"]}]}<\/script>\n ","yoast_head_json":{"title":"Sonora en Equipo. Aumentan percances viales en Hermosillo, 2 muertos y 15 heridos en una semana Polic\u00edaca","description":"HERMOSILLO, SONORA,MX.\u2500\u2500 En la semana comprendida entre el 5 y el 11 de julio, personal del Departamento de Tr\u00e1nsito atendi\u00f3 33 hechos viales en los En Sonora en Equipo publicamos toda la informaci\u00f3n de Sonora, M\u00e9xico y el Mundo de manera oportuna y busca que la libertad de expresi\u00f3n sea real. Visita nuestro medio informativo publicado desde Hermosillo, Sonora. %","robots":{"index":"index","follow":"follow","max-snippet":"max-snippet:-1","max-image-preview":"max-image-preview:large","max-video-preview":"max-video-preview:-1"},"canonical":"https:\/\/www.sonoraenequipo.com.mx\/aumentan-percances-viales-en-hermosillo-2-muertos-y-15-heridos-en-una-semana\/","og_locale":"es_ES","og_type":"article","og_title":"Sonora en Equipo. Aumentan percances viales en Hermosillo, 2 muertos y 15 heridos en una semana Polic\u00edaca","og_description":"HERMOSILLO, SONORA,MX.\u2500\u2500 En la semana comprendida entre el 5 y el 11 de julio, personal del Departamento de Tr\u00e1nsito atendi\u00f3 33 hechos viales en los En Sonora en Equipo publicamos toda la informaci\u00f3n de Sonora, M\u00e9xico y el Mundo de manera oportuna y busca que la libertad de expresi\u00f3n sea real. Visita nuestro medio informativo publicado desde Hermosillo, Sonora. %","og_url":"https:\/\/www.sonoraenequipo.com.mx\/aumentan-percances-viales-en-hermosillo-2-muertos-y-15-heridos-en-una-semana\/","og_site_name":"Sonora en Equipo.","article_publisher":"https:\/\/www.facebook.com\/SonoraEE\/","article_author":"https:\/\/www.facebook.com\/SonoraEE","article_published_time":"2021-07-13T04:44:25+00:00","article_modified_time":"2021-07-13T04:45:31+00:00","og_image":[{"width":700,"height":400,"url":"https:\/\/www.sonoraenequipo.com.mx\/storage\/2021\/07\/choque-hmo.jpg","type":"image\/jpeg"}],"author":"enequipo","twitter_card":"summary_large_image","twitter_creator":"@sonoraenequipo","twitter_site":"@sonoraenequipo","twitter_misc":{"Escrito por":"enequipo","Tiempo de lectura":"2 minutos"},"schema":{"@context":"https:\/\/schema.org","@graph":[{"@type":"Article","@id":"https:\/\/www.sonoraenequipo.com.mx\/aumentan-percances-viales-en-hermosillo-2-muertos-y-15-heridos-en-una-semana\/#article","isPartOf":{"@id":"https:\/\/www.sonoraenequipo.com.mx\/aumentan-percances-viales-en-hermosillo-2-muertos-y-15-heridos-en-una-semana\/"},"author":{"name":"enequipo","@id":"https:\/\/www.sonoraenequipo.com.mx\/#\/schema\/person\/50102df0fb23a8fa9e8effad8fa81386"},"headline":"Aumentan percances viales en Hermosillo, 2 muertos y 15 heridos en una semana","datePublished":"2021-07-13T04:44:25+00:00","dateModified":"2021-07-13T04:45:31+00:00","mainEntityOfPage":{"@id":"https:\/\/www.sonoraenequipo.com.mx\/aumentan-percances-viales-en-hermosillo-2-muertos-y-15-heridos-en-una-semana\/"},"wordCount":315,"commentCount":0,"publisher":{"@id":"https:\/\/www.sonoraenequipo.com.mx\/#organization"},"image":{"@id":"https:\/\/www.sonoraenequipo.com.mx\/aumentan-percances-viales-en-hermosillo-2-muertos-y-15-heridos-en-una-semana\/#primaryimage"},"thumbnailUrl":"https:\/\/www.sonoraenequipo.com.mx\/storage\/2021\/07\/choque-hmo.jpg","keywords":["hermosillo","percances viales","transito"],"articleSection":["Polic\u00edaca"],"inLanguage":"es","potentialAction":[{"@type":"CommentAction","name":"Comment","target":["https:\/\/www.sonoraenequipo.com.mx\/aumentan-percances-viales-en-hermosillo-2-muertos-y-15-heridos-en-una-semana\/#respond"]}]},{"@type":"WebPage","@id":"https:\/\/www.sonoraenequipo.com.mx\/aumentan-percances-viales-en-hermosillo-2-muertos-y-15-heridos-en-una-semana\/","url":"https:\/\/www.sonoraenequipo.com.mx\/aumentan-percances-viales-en-hermosillo-2-muertos-y-15-heridos-en-una-semana\/","name":"Sonora en Equipo. Aumentan percances viales en Hermosillo, 2 muertos y 15 heridos en una semana Polic\u00edaca","isPartOf":{"@id":"https:\/\/www.sonoraenequipo.com.mx\/#website"},"primaryImageOfPage":{"@id":"https:\/\/www.sonoraenequipo.com.mx\/aumentan-percances-viales-en-hermosillo-2-muertos-y-15-heridos-en-una-semana\/#primaryimage"},"image":{"@id":"https:\/\/www.sonoraenequipo.com.mx\/aumentan-percances-viales-en-hermosillo-2-muertos-y-15-heridos-en-una-semana\/#primaryimage"},"thumbnailUrl":"https:\/\/www.sonoraenequipo.com.mx\/storage\/2021\/07\/choque-hmo.jpg","datePublished":"2021-07-13T04:44:25+00:00","dateModified":"2021-07-13T04:45:31+00:00","description":"HERMOSILLO, SONORA,MX.\u2500\u2500 En la semana comprendida entre el 5 y el 11 de julio, personal del Departamento de Tr\u00e1nsito atendi\u00f3 33 hechos viales en los En Sonora en Equipo publicamos toda la informaci\u00f3n de Sonora, M\u00e9xico y el Mundo de manera oportuna y busca que la libertad de expresi\u00f3n sea real. Visita nuestro medio informativo publicado desde Hermosillo, Sonora. %","breadcrumb":{"@id":"https:\/\/www.sonoraenequipo.com.mx\/aumentan-percances-viales-en-hermosillo-2-muertos-y-15-heridos-en-una-semana\/#breadcrumb"},"inLanguage":"es","potentialAction":[{"@type":"ReadAction","target":["https:\/\/www.sonoraenequipo.com.mx\/aumentan-percances-viales-en-hermosillo-2-muertos-y-15-heridos-en-una-semana\/"]}]},{"@type":"ImageObject","inLanguage":"es","@id":"https:\/\/www.sonoraenequipo.com.mx\/aumentan-percances-viales-en-hermosillo-2-muertos-y-15-heridos-en-una-semana\/#primaryimage","url":"https:\/\/www.sonoraenequipo.com.mx\/storage\/2021\/07\/choque-hmo.jpg","contentUrl":"https:\/\/www.sonoraenequipo.com.mx\/storage\/2021\/07\/choque-hmo.jpg","width":700,"height":400,"caption":"imagen Expreso, para ilustrar"},{"@type":"BreadcrumbList","@id":"https:\/\/www.sonoraenequipo.com.mx\/aumentan-percances-viales-en-hermosillo-2-muertos-y-15-heridos-en-una-semana\/#breadcrumb","itemListElement":[{"@type":"ListItem","position":1,"name":"Portada","item":"https:\/\/www.sonoraenequipo.com.mx\/"},{"@type":"ListItem","position":2,"name":"Aumentan percances viales en Hermosillo, 2 muertos y 15 heridos en una semana"}]},{"@type":"WebSite","@id":"https:\/\/www.sonoraenequipo.com.mx\/#website","url":"https:\/\/www.sonoraenequipo.com.mx\/","name":"Sonora en Equipo.","description":"Diario en l\u00ednea con Noticias desde Hermosillo, Sonora","publisher":{"@id":"https:\/\/www.sonoraenequipo.com.mx\/#organization"},"potentialAction":[{"@type":"SearchAction","target":{"@type":"EntryPoint","urlTemplate":"https:\/\/www.sonoraenequipo.com.mx\/?s={search_term_string}"},"query-input":{"@type":"PropertyValueSpecification","valueRequired":true,"valueName":"search_term_string"}}],"inLanguage":"es"},{"@type":"Organization","@id":"https:\/\/www.sonoraenequipo.com.mx\/#organization","name":"Sonoraenequipo.com.mx","url":"https:\/\/www.sonoraenequipo.com.mx\/","logo":{"@type":"ImageObject","inLanguage":"es","@id":"https:\/\/www.sonoraenequipo.com.mx\/#\/schema\/logo\/image\/","url":"https:\/\/www.sonoraenequipo.com.mx\/storage\/2019\/01\/sonoraenequipo_opt.png","contentUrl":"https:\/\/www.sonoraenequipo.com.mx\/storage\/2019\/01\/sonoraenequipo_opt.png","width":375,"height":125,"caption":"Sonoraenequipo.com.mx"},"image":{"@id":"https:\/\/www.sonoraenequipo.com.mx\/#\/schema\/logo\/image\/"},"sameAs":["https:\/\/www.facebook.com\/SonoraEE\/","https:\/\/x.com\/sonoraenequipo","https:\/\/www.youtube.com\/channel\/UC338nW-lPEYmJQs4ZABQ1SQ"]},{"@type":"Person","@id":"https:\/\/www.sonoraenequipo.com.mx\/#\/schema\/person\/50102df0fb23a8fa9e8effad8fa81386","name":"enequipo","image":{"@type":"ImageObject","inLanguage":"es","@id":"https:\/\/www.sonoraenequipo.com.mx\/#\/schema\/person\/image\/","url":"https:\/\/secure.gravatar.com\/avatar\/049821681b589dabc0bc20695993ccebb09f5b5d4d790cd9251b97faac7c652b?s=96&d=blank&r=g","contentUrl":"https:\/\/secure.gravatar.com\/avatar\/049821681b589dabc0bc20695993ccebb09f5b5d4d790cd9251b97faac7c652b?s=96&d=blank&r=g","caption":"enequipo"},"sameAs":["https:\/\/www.facebook.com\/SonoraEE"]}]}},"jetpack_featured_media_url":"https:\/\/www.sonoraenequipo.com.mx\/storage\/2021\/07\/choque-hmo.jpg","_links":{"self":[{"href":"https:\/\/www.sonoraenequipo.com.mx\/api\/wp\/v2\/posts\/118297","targetHints":{"allow":["GET"]}}],"collection":[{"href":"https:\/\/www.sonoraenequipo.com.mx\/api\/wp\/v2\/posts"}],"about":[{"href":"https:\/\/www.sonoraenequipo.com.mx\/api\/wp\/v2\/types\/post"}],"author":[{"embeddable":true,"href":"https:\/\/www.sonoraenequipo.com.mx\/api\/wp\/v2\/users\/1"}],"replies":[{"embeddable":true,"href":"https:\/\/www.sonoraenequipo.com.mx\/api\/wp\/v2\/comments?post=118297"}],"version-history":[{"count":1,"href":"https:\/\/www.sonoraenequipo.com.mx\/api\/wp\/v2\/posts\/118297\/revisions"}],"predecessor-version":[{"id":118299,"href":"https:\/\/www.sonoraenequipo.com.mx\/api\/wp\/v2\/posts\/118297\/revisions\/118299"}],"wp:featuredmedia":[{"embeddable":true,"href":"https:\/\/www.sonoraenequipo.com.mx\/api\/wp\/v2\/media\/118298"}],"wp:attachment":[{"href":"https:\/\/www.sonoraenequipo.com.mx\/api\/wp\/v2\/media?parent=118297"}],"wp:term":[{"taxonomy":"category","embeddable":true,"href":"https:\/\/www.sonoraenequipo.com.mx\/api\/wp\/v2\/categories?post=118297"},{"taxonomy":"post_tag","embeddable":true,"href":"https:\/\/www.sonoraenequipo.com.mx\/api\/wp\/v2\/tags?post=118297"}],"curies":[{"name":"wp","href":"https:\/\/api.w.org\/{rel}","templated":true}]}}