{"id":118300,"date":"2021-07-12T16:26:29","date_gmt":"2021-07-12T23:26:29","guid":{"rendered":"https:\/\/www.sonoraenequipo.com.mx\/?p=118300"},"modified":"2021-07-13T08:50:31","modified_gmt":"2021-07-13T15:50:31","slug":"liberan-otros-dos-lotes-de-vacuna-astrazeneca-envasadas-en-mexico","status":"publish","type":"post","link":"https:\/\/www.sonoraenequipo.com.mx\/liberan-otros-dos-lotes-de-vacuna-astrazeneca-envasadas-en-mexico\/","title":{"rendered":"Liberan otros dos lotes de vacuna AstraZeneca envasadas en M\u00e9xico"},"content":{"rendered":"<p>CIUDAD DE M\u00c9XICO. MX. \u2014 La Comisi\u00f3n Federal para la Protecci\u00f3n contra Riesgos Sanitarios (Cofepris) indic\u00f3 que se liberaron dos nuevos lotes de la vacuna AstraZeneca, envasados en el Estado de M\u00e9xico por Laboratorios Liomont.<\/p>\n<p>&nbsp;<\/p>\n<p> <\/p>\n<p>A trav\u00e9s de un comunicado se precis\u00f3 que el primer lote contiene 737 mil dosis de la vacuna, mientras que el segundo est\u00e1 conformado por 932 mil 800 dosis.<\/p>\n<p>&nbsp;<\/p>\n<p>Tras ser liberados, los lotes se destinar\u00e1n a la Pol\u00edtica Nacional de Vacunaci\u00f3n contra el virus SARS-CoV-2, para la prevenci\u00f3n del Covid-19 en el pa\u00eds.<\/p>\n<p>&nbsp;<\/p>\n<p>La Cofepris precis\u00f3 que la autorizaci\u00f3n para su uso de emergencia se da tras llevar a cabo los an\u00e1lisis necesarios a trav\u00e9s del Laboratorio Nacional de Referencia de la Comisi\u00f3n de control anal\u00edtico y Ampliaci\u00f3n de Cobertura.<\/p>\n<p>&nbsp;<\/p>\n<p>Para esto se llevan a cabo 15 pruebas a los biol\u00f3gicos elaborados para combatir del Covid-19, como esterilidad, identidad y potencia, entre otras.<\/p>\n<p><a class=\"twitter-timeline\" data-width=\"640\" data-height=\"960\" data-dnt=\"true\" href=\"https:\/\/twitter.com\/COFEPRIS?ref_src=twsrc%5Etfw\">Tweets by COFEPRIS<\/a><script async src=\"https:\/\/platform.twitter.com\/widgets.js\" charset=\"utf-8\"><\/script><\/p>\n<p>&nbsp;<\/p>\n<p>(Publicada el 12\/07\/2021)<\/p>\n","protected":false},"excerpt":{"rendered":"<p>CIUDAD DE M\u00c9XICO. MX. \u2014 La Comisi\u00f3n Federal para la Protecci\u00f3n contra Riesgos Sanitarios (Cofepris)&#8230;<\/p>\n","protected":false},"author":1,"featured_media":118301,"comment_status":"open","ping_status":"open","sticky":false,"template":"","format":"standard","meta":{"_monsterinsights_skip_tracking":false,"_monsterinsights_sitenote_active":false,"_monsterinsights_sitenote_note":"","_monsterinsights_sitenote_category":0,"footnotes":""},"categories":[5],"tags":[],"class_list":["post"],"yoast_head":" \n<title>Sonora en Equipo. Liberan otros dos lotes de vacuna AstraZeneca envasadas en M\u00e9xico Rep\u00fablica<\/title>\n<meta name=\"description\" content=\"CIUDAD DE M\u00c9XICO. MX. \u2014 La Comisi\u00f3n Federal para la Protecci\u00f3n contra Riesgos Sanitarios (Cofepris) indic\u00f3 que se liberaron dos nuevos lotes de la vacuna En Sonora en Equipo publicamos toda la informaci\u00f3n de Sonora, M\u00e9xico y el Mundo de manera oportuna y busca que la libertad de expresi\u00f3n sea real. Visita nuestro medio informativo publicado desde Hermosillo, Sonora. %\" \/>\n<meta name=\"robots\" content=\"index, follow, max-snippet:-1, max-image-preview:large, max-video-preview:-1\" \/>\n<link rel=\"canonical\" href=\"https:\/\/www.sonoraenequipo.com.mx\/liberan-otros-dos-lotes-de-vacuna-astrazeneca-envasadas-en-mexico\/\" \/>\n<meta property=\"og:locale\" content=\"es_ES\" \/>\n<meta property=\"og:type\" content=\"article\" \/>\n<meta property=\"og:title\" content=\"Sonora en Equipo. Liberan otros dos lotes de vacuna AstraZeneca envasadas en M\u00e9xico Rep\u00fablica\" \/>\n<meta property=\"og:description\" content=\"CIUDAD DE M\u00c9XICO. MX. \u2014 La Comisi\u00f3n Federal para la Protecci\u00f3n contra Riesgos Sanitarios (Cofepris) indic\u00f3 que se liberaron dos nuevos lotes de la vacuna En Sonora en Equipo publicamos toda la informaci\u00f3n de Sonora, M\u00e9xico y el Mundo de manera oportuna y busca que la libertad de expresi\u00f3n sea real. Visita nuestro medio informativo publicado desde Hermosillo, Sonora. %\" \/>\n<meta property=\"og:url\" content=\"https:\/\/www.sonoraenequipo.com.mx\/liberan-otros-dos-lotes-de-vacuna-astrazeneca-envasadas-en-mexico\/\" \/>\n<meta property=\"og:site_name\" content=\"Sonora en Equipo.\" \/>\n<meta property=\"article:publisher\" content=\"https:\/\/www.facebook.com\/SonoraEE\/\" \/>\n<meta property=\"article:author\" content=\"https:\/\/www.facebook.com\/SonoraEE\" \/>\n<meta property=\"article:published_time\" content=\"2021-07-12T23:26:29+00:00\" \/>\n<meta property=\"article:modified_time\" content=\"2021-07-13T15:50:31+00:00\" \/>\n<meta property=\"og:image\" content=\"https:\/\/www.sonoraenequipo.com.mx\/storage\/2021\/07\/lotes-AstraZeneca_opt.jpg\" \/>\n\t<meta property=\"og:image:width\" content=\"700\" \/>\n\t<meta property=\"og:image:height\" content=\"400\" \/>\n\t<meta property=\"og:image:type\" content=\"image\/jpeg\" \/>\n<meta name=\"author\" content=\"enequipo\" \/>\n<meta name=\"twitter:card\" content=\"summary_large_image\" \/>\n<meta name=\"twitter:creator\" content=\"@sonoraenequipo\" \/>\n<meta name=\"twitter:site\" content=\"@sonoraenequipo\" \/>\n<meta name=\"twitter:label1\" content=\"Escrito por\" \/>\n\t<meta name=\"twitter:data1\" content=\"enequipo\" \/>\n\t<meta name=\"twitter:label2\" content=\"Tiempo de lectura\" \/>\n\t<meta name=\"twitter:data2\" content=\"1 minuto\" \/>\n<script type=\"application\/ld+json\" class=\"yoast-schema-graph\">{\"@context\":\"https:\/\/schema.org\",\"@graph\":[{\"@type\":\"Article\",\"@id\":\"https:\/\/www.sonoraenequipo.com.mx\/liberan-otros-dos-lotes-de-vacuna-astrazeneca-envasadas-en-mexico\/#article\",\"isPartOf\":{\"@id\":\"https:\/\/www.sonoraenequipo.com.mx\/liberan-otros-dos-lotes-de-vacuna-astrazeneca-envasadas-en-mexico\/\"},\"author\":{\"name\":\"enequipo\",\"@id\":\"https:\/\/www.sonoraenequipo.com.mx\/#\/schema\/person\/50102df0fb23a8fa9e8effad8fa81386\"},\"headline\":\"Liberan otros dos lotes de vacuna AstraZeneca envasadas en M\u00e9xico\",\"datePublished\":\"2021-07-12T23:26:29+00:00\",\"dateModified\":\"2021-07-13T15:50:31+00:00\",\"mainEntityOfPage\":{\"@id\":\"https:\/\/www.sonoraenequipo.com.mx\/liberan-otros-dos-lotes-de-vacuna-astrazeneca-envasadas-en-mexico\/\"},\"wordCount\":183,\"commentCount\":0,\"publisher\":{\"@id\":\"https:\/\/www.sonoraenequipo.com.mx\/#organization\"},\"image\":{\"@id\":\"https:\/\/www.sonoraenequipo.com.mx\/liberan-otros-dos-lotes-de-vacuna-astrazeneca-envasadas-en-mexico\/#primaryimage\"},\"thumbnailUrl\":\"https:\/\/www.sonoraenequipo.com.mx\/storage\/2021\/07\/lotes-AstraZeneca_opt.jpg\",\"articleSection\":[\"Rep\u00fablica\"],\"inLanguage\":\"es\",\"potentialAction\":[{\"@type\":\"CommentAction\",\"name\":\"Comment\",\"target\":[\"https:\/\/www.sonoraenequipo.com.mx\/liberan-otros-dos-lotes-de-vacuna-astrazeneca-envasadas-en-mexico\/#respond\"]}]},{\"@type\":\"WebPage\",\"@id\":\"https:\/\/www.sonoraenequipo.com.mx\/liberan-otros-dos-lotes-de-vacuna-astrazeneca-envasadas-en-mexico\/\",\"url\":\"https:\/\/www.sonoraenequipo.com.mx\/liberan-otros-dos-lotes-de-vacuna-astrazeneca-envasadas-en-mexico\/\",\"name\":\"Sonora en Equipo. Liberan otros dos lotes de vacuna AstraZeneca envasadas en M\u00e9xico Rep\u00fablica\",\"isPartOf\":{\"@id\":\"https:\/\/www.sonoraenequipo.com.mx\/#website\"},\"primaryImageOfPage\":{\"@id\":\"https:\/\/www.sonoraenequipo.com.mx\/liberan-otros-dos-lotes-de-vacuna-astrazeneca-envasadas-en-mexico\/#primaryimage\"},\"image\":{\"@id\":\"https:\/\/www.sonoraenequipo.com.mx\/liberan-otros-dos-lotes-de-vacuna-astrazeneca-envasadas-en-mexico\/#primaryimage\"},\"thumbnailUrl\":\"https:\/\/www.sonoraenequipo.com.mx\/storage\/2021\/07\/lotes-AstraZeneca_opt.jpg\",\"datePublished\":\"2021-07-12T23:26:29+00:00\",\"dateModified\":\"2021-07-13T15:50:31+00:00\",\"description\":\"CIUDAD DE M\u00c9XICO. MX. \u2014 La Comisi\u00f3n Federal para la Protecci\u00f3n contra Riesgos Sanitarios (Cofepris) indic\u00f3 que se liberaron dos nuevos lotes de la vacuna En Sonora en Equipo publicamos toda la informaci\u00f3n de Sonora, M\u00e9xico y el Mundo de manera oportuna y busca que la libertad de expresi\u00f3n sea real. Visita nuestro medio informativo publicado desde Hermosillo, Sonora. %\",\"breadcrumb\":{\"@id\":\"https:\/\/www.sonoraenequipo.com.mx\/liberan-otros-dos-lotes-de-vacuna-astrazeneca-envasadas-en-mexico\/#breadcrumb\"},\"inLanguage\":\"es\",\"potentialAction\":[{\"@type\":\"ReadAction\",\"target\":[\"https:\/\/www.sonoraenequipo.com.mx\/liberan-otros-dos-lotes-de-vacuna-astrazeneca-envasadas-en-mexico\/\"]}]},{\"@type\":\"ImageObject\",\"inLanguage\":\"es\",\"@id\":\"https:\/\/www.sonoraenequipo.com.mx\/liberan-otros-dos-lotes-de-vacuna-astrazeneca-envasadas-en-mexico\/#primaryimage\",\"url\":\"https:\/\/www.sonoraenequipo.com.mx\/storage\/2021\/07\/lotes-AstraZeneca_opt.jpg\",\"contentUrl\":\"https:\/\/www.sonoraenequipo.com.mx\/storage\/2021\/07\/lotes-AstraZeneca_opt.jpg\",\"width\":700,\"height\":400},{\"@type\":\"BreadcrumbList\",\"@id\":\"https:\/\/www.sonoraenequipo.com.mx\/liberan-otros-dos-lotes-de-vacuna-astrazeneca-envasadas-en-mexico\/#breadcrumb\",\"itemListElement\":[{\"@type\":\"ListItem\",\"position\":1,\"name\":\"Portada\",\"item\":\"https:\/\/www.sonoraenequipo.com.mx\/\"},{\"@type\":\"ListItem\",\"position\":2,\"name\":\"Liberan otros dos lotes de vacuna AstraZeneca envasadas en M\u00e9xico\"}]},{\"@type\":\"WebSite\",\"@id\":\"https:\/\/www.sonoraenequipo.com.mx\/#website\",\"url\":\"https:\/\/www.sonoraenequipo.com.mx\/\",\"name\":\"Sonora en Equipo.\",\"description\":\"Diario en l\u00ednea con Noticias desde Hermosillo, Sonora\",\"publisher\":{\"@id\":\"https:\/\/www.sonoraenequipo.com.mx\/#organization\"},\"potentialAction\":[{\"@type\":\"SearchAction\",\"target\":{\"@type\":\"EntryPoint\",\"urlTemplate\":\"https:\/\/www.sonoraenequipo.com.mx\/?s={search_term_string}\"},\"query-input\":{\"@type\":\"PropertyValueSpecification\",\"valueRequired\":true,\"valueName\":\"search_term_string\"}}],\"inLanguage\":\"es\"},{\"@type\":\"Organization\",\"@id\":\"https:\/\/www.sonoraenequipo.com.mx\/#organization\",\"name\":\"Sonoraenequipo.com.mx\",\"url\":\"https:\/\/www.sonoraenequipo.com.mx\/\",\"logo\":{\"@type\":\"ImageObject\",\"inLanguage\":\"es\",\"@id\":\"https:\/\/www.sonoraenequipo.com.mx\/#\/schema\/logo\/image\/\",\"url\":\"https:\/\/www.sonoraenequipo.com.mx\/storage\/2019\/01\/sonoraenequipo_opt.png\",\"contentUrl\":\"https:\/\/www.sonoraenequipo.com.mx\/storage\/2019\/01\/sonoraenequipo_opt.png\",\"width\":375,\"height\":125,\"caption\":\"Sonoraenequipo.com.mx\"},\"image\":{\"@id\":\"https:\/\/www.sonoraenequipo.com.mx\/#\/schema\/logo\/image\/\"},\"sameAs\":[\"https:\/\/www.facebook.com\/SonoraEE\/\",\"https:\/\/x.com\/sonoraenequipo\",\"https:\/\/www.youtube.com\/channel\/UC338nW-lPEYmJQs4ZABQ1SQ\"]},{\"@type\":\"Person\",\"@id\":\"https:\/\/www.sonoraenequipo.com.mx\/#\/schema\/person\/50102df0fb23a8fa9e8effad8fa81386\",\"name\":\"enequipo\",\"image\":{\"@type\":\"ImageObject\",\"inLanguage\":\"es\",\"@id\":\"https:\/\/www.sonoraenequipo.com.mx\/#\/schema\/person\/image\/\",\"url\":\"https:\/\/secure.gravatar.com\/avatar\/049821681b589dabc0bc20695993ccebb09f5b5d4d790cd9251b97faac7c652b?s=96&d=blank&r=g\",\"contentUrl\":\"https:\/\/secure.gravatar.com\/avatar\/049821681b589dabc0bc20695993ccebb09f5b5d4d790cd9251b97faac7c652b?s=96&d=blank&r=g\",\"caption\":\"enequipo\"},\"sameAs\":[\"https:\/\/www.facebook.com\/SonoraEE\"]}]}<\/script>\n ","yoast_head_json":{"title":"Sonora en Equipo. Liberan otros dos lotes de vacuna AstraZeneca envasadas en M\u00e9xico Rep\u00fablica","description":"CIUDAD DE M\u00c9XICO. MX. \u2014 La Comisi\u00f3n Federal para la Protecci\u00f3n contra Riesgos Sanitarios (Cofepris) indic\u00f3 que se liberaron dos nuevos lotes de la vacuna En Sonora en Equipo publicamos toda la informaci\u00f3n de Sonora, M\u00e9xico y el Mundo de manera oportuna y busca que la libertad de expresi\u00f3n sea real. Visita nuestro medio informativo publicado desde Hermosillo, Sonora. %","robots":{"index":"index","follow":"follow","max-snippet":"max-snippet:-1","max-image-preview":"max-image-preview:large","max-video-preview":"max-video-preview:-1"},"canonical":"https:\/\/www.sonoraenequipo.com.mx\/liberan-otros-dos-lotes-de-vacuna-astrazeneca-envasadas-en-mexico\/","og_locale":"es_ES","og_type":"article","og_title":"Sonora en Equipo. Liberan otros dos lotes de vacuna AstraZeneca envasadas en M\u00e9xico Rep\u00fablica","og_description":"CIUDAD DE M\u00c9XICO. MX. \u2014 La Comisi\u00f3n Federal para la Protecci\u00f3n contra Riesgos Sanitarios (Cofepris) indic\u00f3 que se liberaron dos nuevos lotes de la vacuna En Sonora en Equipo publicamos toda la informaci\u00f3n de Sonora, M\u00e9xico y el Mundo de manera oportuna y busca que la libertad de expresi\u00f3n sea real. Visita nuestro medio informativo publicado desde Hermosillo, Sonora. %","og_url":"https:\/\/www.sonoraenequipo.com.mx\/liberan-otros-dos-lotes-de-vacuna-astrazeneca-envasadas-en-mexico\/","og_site_name":"Sonora en Equipo.","article_publisher":"https:\/\/www.facebook.com\/SonoraEE\/","article_author":"https:\/\/www.facebook.com\/SonoraEE","article_published_time":"2021-07-12T23:26:29+00:00","article_modified_time":"2021-07-13T15:50:31+00:00","og_image":[{"width":700,"height":400,"url":"https:\/\/www.sonoraenequipo.com.mx\/storage\/2021\/07\/lotes-AstraZeneca_opt.jpg","type":"image\/jpeg"}],"author":"enequipo","twitter_card":"summary_large_image","twitter_creator":"@sonoraenequipo","twitter_site":"@sonoraenequipo","twitter_misc":{"Escrito por":"enequipo","Tiempo de lectura":"1 minuto"},"schema":{"@context":"https:\/\/schema.org","@graph":[{"@type":"Article","@id":"https:\/\/www.sonoraenequipo.com.mx\/liberan-otros-dos-lotes-de-vacuna-astrazeneca-envasadas-en-mexico\/#article","isPartOf":{"@id":"https:\/\/www.sonoraenequipo.com.mx\/liberan-otros-dos-lotes-de-vacuna-astrazeneca-envasadas-en-mexico\/"},"author":{"name":"enequipo","@id":"https:\/\/www.sonoraenequipo.com.mx\/#\/schema\/person\/50102df0fb23a8fa9e8effad8fa81386"},"headline":"Liberan otros dos lotes de vacuna AstraZeneca envasadas en M\u00e9xico","datePublished":"2021-07-12T23:26:29+00:00","dateModified":"2021-07-13T15:50:31+00:00","mainEntityOfPage":{"@id":"https:\/\/www.sonoraenequipo.com.mx\/liberan-otros-dos-lotes-de-vacuna-astrazeneca-envasadas-en-mexico\/"},"wordCount":183,"commentCount":0,"publisher":{"@id":"https:\/\/www.sonoraenequipo.com.mx\/#organization"},"image":{"@id":"https:\/\/www.sonoraenequipo.com.mx\/liberan-otros-dos-lotes-de-vacuna-astrazeneca-envasadas-en-mexico\/#primaryimage"},"thumbnailUrl":"https:\/\/www.sonoraenequipo.com.mx\/storage\/2021\/07\/lotes-AstraZeneca_opt.jpg","articleSection":["Rep\u00fablica"],"inLanguage":"es","potentialAction":[{"@type":"CommentAction","name":"Comment","target":["https:\/\/www.sonoraenequipo.com.mx\/liberan-otros-dos-lotes-de-vacuna-astrazeneca-envasadas-en-mexico\/#respond"]}]},{"@type":"WebPage","@id":"https:\/\/www.sonoraenequipo.com.mx\/liberan-otros-dos-lotes-de-vacuna-astrazeneca-envasadas-en-mexico\/","url":"https:\/\/www.sonoraenequipo.com.mx\/liberan-otros-dos-lotes-de-vacuna-astrazeneca-envasadas-en-mexico\/","name":"Sonora en Equipo. Liberan otros dos lotes de vacuna AstraZeneca envasadas en M\u00e9xico Rep\u00fablica","isPartOf":{"@id":"https:\/\/www.sonoraenequipo.com.mx\/#website"},"primaryImageOfPage":{"@id":"https:\/\/www.sonoraenequipo.com.mx\/liberan-otros-dos-lotes-de-vacuna-astrazeneca-envasadas-en-mexico\/#primaryimage"},"image":{"@id":"https:\/\/www.sonoraenequipo.com.mx\/liberan-otros-dos-lotes-de-vacuna-astrazeneca-envasadas-en-mexico\/#primaryimage"},"thumbnailUrl":"https:\/\/www.sonoraenequipo.com.mx\/storage\/2021\/07\/lotes-AstraZeneca_opt.jpg","datePublished":"2021-07-12T23:26:29+00:00","dateModified":"2021-07-13T15:50:31+00:00","description":"CIUDAD DE M\u00c9XICO. MX. \u2014 La Comisi\u00f3n Federal para la Protecci\u00f3n contra Riesgos Sanitarios (Cofepris) indic\u00f3 que se liberaron dos nuevos lotes de la vacuna En Sonora en Equipo publicamos toda la informaci\u00f3n de Sonora, M\u00e9xico y el Mundo de manera oportuna y busca que la libertad de expresi\u00f3n sea real. Visita nuestro medio informativo publicado desde Hermosillo, Sonora. %","breadcrumb":{"@id":"https:\/\/www.sonoraenequipo.com.mx\/liberan-otros-dos-lotes-de-vacuna-astrazeneca-envasadas-en-mexico\/#breadcrumb"},"inLanguage":"es","potentialAction":[{"@type":"ReadAction","target":["https:\/\/www.sonoraenequipo.com.mx\/liberan-otros-dos-lotes-de-vacuna-astrazeneca-envasadas-en-mexico\/"]}]},{"@type":"ImageObject","inLanguage":"es","@id":"https:\/\/www.sonoraenequipo.com.mx\/liberan-otros-dos-lotes-de-vacuna-astrazeneca-envasadas-en-mexico\/#primaryimage","url":"https:\/\/www.sonoraenequipo.com.mx\/storage\/2021\/07\/lotes-AstraZeneca_opt.jpg","contentUrl":"https:\/\/www.sonoraenequipo.com.mx\/storage\/2021\/07\/lotes-AstraZeneca_opt.jpg","width":700,"height":400},{"@type":"BreadcrumbList","@id":"https:\/\/www.sonoraenequipo.com.mx\/liberan-otros-dos-lotes-de-vacuna-astrazeneca-envasadas-en-mexico\/#breadcrumb","itemListElement":[{"@type":"ListItem","position":1,"name":"Portada","item":"https:\/\/www.sonoraenequipo.com.mx\/"},{"@type":"ListItem","position":2,"name":"Liberan otros dos lotes de vacuna AstraZeneca envasadas en M\u00e9xico"}]},{"@type":"WebSite","@id":"https:\/\/www.sonoraenequipo.com.mx\/#website","url":"https:\/\/www.sonoraenequipo.com.mx\/","name":"Sonora en Equipo.","description":"Diario en l\u00ednea con Noticias desde Hermosillo, Sonora","publisher":{"@id":"https:\/\/www.sonoraenequipo.com.mx\/#organization"},"potentialAction":[{"@type":"SearchAction","target":{"@type":"EntryPoint","urlTemplate":"https:\/\/www.sonoraenequipo.com.mx\/?s={search_term_string}"},"query-input":{"@type":"PropertyValueSpecification","valueRequired":true,"valueName":"search_term_string"}}],"inLanguage":"es"},{"@type":"Organization","@id":"https:\/\/www.sonoraenequipo.com.mx\/#organization","name":"Sonoraenequipo.com.mx","url":"https:\/\/www.sonoraenequipo.com.mx\/","logo":{"@type":"ImageObject","inLanguage":"es","@id":"https:\/\/www.sonoraenequipo.com.mx\/#\/schema\/logo\/image\/","url":"https:\/\/www.sonoraenequipo.com.mx\/storage\/2019\/01\/sonoraenequipo_opt.png","contentUrl":"https:\/\/www.sonoraenequipo.com.mx\/storage\/2019\/01\/sonoraenequipo_opt.png","width":375,"height":125,"caption":"Sonoraenequipo.com.mx"},"image":{"@id":"https:\/\/www.sonoraenequipo.com.mx\/#\/schema\/logo\/image\/"},"sameAs":["https:\/\/www.facebook.com\/SonoraEE\/","https:\/\/x.com\/sonoraenequipo","https:\/\/www.youtube.com\/channel\/UC338nW-lPEYmJQs4ZABQ1SQ"]},{"@type":"Person","@id":"https:\/\/www.sonoraenequipo.com.mx\/#\/schema\/person\/50102df0fb23a8fa9e8effad8fa81386","name":"enequipo","image":{"@type":"ImageObject","inLanguage":"es","@id":"https:\/\/www.sonoraenequipo.com.mx\/#\/schema\/person\/image\/","url":"https:\/\/secure.gravatar.com\/avatar\/049821681b589dabc0bc20695993ccebb09f5b5d4d790cd9251b97faac7c652b?s=96&d=blank&r=g","contentUrl":"https:\/\/secure.gravatar.com\/avatar\/049821681b589dabc0bc20695993ccebb09f5b5d4d790cd9251b97faac7c652b?s=96&d=blank&r=g","caption":"enequipo"},"sameAs":["https:\/\/www.facebook.com\/SonoraEE"]}]}},"jetpack_featured_media_url":"https:\/\/www.sonoraenequipo.com.mx\/storage\/2021\/07\/lotes-AstraZeneca_opt.jpg","_links":{"self":[{"href":"https:\/\/www.sonoraenequipo.com.mx\/api\/wp\/v2\/posts\/118300","targetHints":{"allow":["GET"]}}],"collection":[{"href":"https:\/\/www.sonoraenequipo.com.mx\/api\/wp\/v2\/posts"}],"about":[{"href":"https:\/\/www.sonoraenequipo.com.mx\/api\/wp\/v2\/types\/post"}],"author":[{"embeddable":true,"href":"https:\/\/www.sonoraenequipo.com.mx\/api\/wp\/v2\/users\/1"}],"replies":[{"embeddable":true,"href":"https:\/\/www.sonoraenequipo.com.mx\/api\/wp\/v2\/comments?post=118300"}],"version-history":[{"count":1,"href":"https:\/\/www.sonoraenequipo.com.mx\/api\/wp\/v2\/posts\/118300\/revisions"}],"predecessor-version":[{"id":118302,"href":"https:\/\/www.sonoraenequipo.com.mx\/api\/wp\/v2\/posts\/118300\/revisions\/118302"}],"wp:featuredmedia":[{"embeddable":true,"href":"https:\/\/www.sonoraenequipo.com.mx\/api\/wp\/v2\/media\/118301"}],"wp:attachment":[{"href":"https:\/\/www.sonoraenequipo.com.mx\/api\/wp\/v2\/media?parent=118300"}],"wp:term":[{"taxonomy":"category","embeddable":true,"href":"https:\/\/www.sonoraenequipo.com.mx\/api\/wp\/v2\/categories?post=118300"},{"taxonomy":"post_tag","embeddable":true,"href":"https:\/\/www.sonoraenequipo.com.mx\/api\/wp\/v2\/tags?post=118300"}],"curies":[{"name":"wp","href":"https:\/\/api.w.org\/{rel}","templated":true}]}}