{"id":118303,"date":"2021-07-12T18:51:09","date_gmt":"2021-07-13T01:51:09","guid":{"rendered":"https:\/\/www.sonoraenequipo.com.mx\/?p=118303"},"modified":"2021-07-13T09:08:52","modified_gmt":"2021-07-13T16:08:52","slug":"diputados-avalan-periodo-extra-por-desafuero-de-huerta-y-toledo","status":"publish","type":"post","link":"https:\/\/www.sonoraenequipo.com.mx\/diputados-avalan-periodo-extra-por-desafuero-de-huerta-y-toledo\/","title":{"rendered":"Diputados avalan periodo extra por desafuero de Huerta y Toledo"},"content":{"rendered":"<p>CIUDAD DE M\u00c9XICO.MX. \u2014 La Primera Comisi\u00f3n Permanente de la C\u00e1mara de Diputados aprob\u00f3 un periodo extraordinario de sesiones para que el pleno discuta el desafuero de Sa\u00fal Huerta y Mauricio Toledo.<\/p>\n<p>&nbsp;<\/p>\n<p> <\/p>\n<p>De este modo ser\u00e1 este martes cuando se vote para retirarles el fuero a los legisladores acusados de abuso sexual (Huerta) y enriquecimiento il\u00edcito (Toledo).<\/p>\n<p>&nbsp;<\/p>\n<p>Durante la reuni\u00f3n de la Comisi\u00f3n Permanente el caso de Toledo fue motivo de confrontaci\u00f3n ya que los legisladores de PT rechazaron que se incluyera en el periodo extraordinario, sin embargo, pas\u00f3 con 11 votos a favor.<\/p>\n<p>&nbsp;<\/p>\n<p>Esto luego de que el domingo la Secci\u00f3n Instructora aprobara el proyecto para quitar el fuero al petista con tres votos a favor y uno en contra.<\/p>\n<p>&nbsp;<\/p>\n<p>Adem\u00e1s de estos casos se analizar\u00e1 el desafuero del fiscal de Morelos, Uriel Carmona, quien actualmente cuenta con un amparo.<\/p>\n<p>(Publicada el 12\/07\/2021)<\/p>\n","protected":false},"excerpt":{"rendered":"<p>CIUDAD DE M\u00c9XICO.MX. \u2014 La Primera Comisi\u00f3n Permanente de la C\u00e1mara de Diputados aprob\u00f3 un&#8230;<\/p>\n","protected":false},"author":1,"featured_media":118304,"comment_status":"open","ping_status":"open","sticky":false,"template":"","format":"standard","meta":{"_monsterinsights_skip_tracking":false,"_monsterinsights_sitenote_active":false,"_monsterinsights_sitenote_note":"","_monsterinsights_sitenote_category":0,"footnotes":""},"categories":[5],"tags":[],"class_list":["post"],"yoast_head":" \n<title>Sonora en Equipo. Diputados avalan periodo extra por desafuero de Huerta y Toledo Rep\u00fablica<\/title>\n<meta name=\"description\" content=\"CIUDAD DE M\u00c9XICO.MX. \u2014 La Primera Comisi\u00f3n Permanente de la C\u00e1mara de Diputados aprob\u00f3 un periodo extraordinario de sesiones para que el pleno discuta el En Sonora en Equipo publicamos toda la informaci\u00f3n de Sonora, M\u00e9xico y el Mundo de manera oportuna y busca que la libertad de expresi\u00f3n sea real. Visita nuestro medio informativo publicado desde Hermosillo, Sonora. %\" \/>\n<meta name=\"robots\" content=\"index, follow, max-snippet:-1, max-image-preview:large, max-video-preview:-1\" \/>\n<link rel=\"canonical\" href=\"https:\/\/www.sonoraenequipo.com.mx\/diputados-avalan-periodo-extra-por-desafuero-de-huerta-y-toledo\/\" \/>\n<meta property=\"og:locale\" content=\"es_ES\" \/>\n<meta property=\"og:type\" content=\"article\" \/>\n<meta property=\"og:title\" content=\"Sonora en Equipo. Diputados avalan periodo extra por desafuero de Huerta y Toledo Rep\u00fablica\" \/>\n<meta property=\"og:description\" content=\"CIUDAD DE M\u00c9XICO.MX. \u2014 La Primera Comisi\u00f3n Permanente de la C\u00e1mara de Diputados aprob\u00f3 un periodo extraordinario de sesiones para que el pleno discuta el En Sonora en Equipo publicamos toda la informaci\u00f3n de Sonora, M\u00e9xico y el Mundo de manera oportuna y busca que la libertad de expresi\u00f3n sea real. Visita nuestro medio informativo publicado desde Hermosillo, Sonora. %\" \/>\n<meta property=\"og:url\" content=\"https:\/\/www.sonoraenequipo.com.mx\/diputados-avalan-periodo-extra-por-desafuero-de-huerta-y-toledo\/\" \/>\n<meta property=\"og:site_name\" content=\"Sonora en Equipo.\" \/>\n<meta property=\"article:publisher\" content=\"https:\/\/www.facebook.com\/SonoraEE\/\" \/>\n<meta property=\"article:author\" content=\"https:\/\/www.facebook.com\/SonoraEE\" \/>\n<meta property=\"article:published_time\" content=\"2021-07-13T01:51:09+00:00\" \/>\n<meta property=\"article:modified_time\" content=\"2021-07-13T16:08:52+00:00\" \/>\n<meta property=\"og:image\" content=\"https:\/\/www.sonoraenequipo.com.mx\/storage\/2021\/07\/desafuero-Huerta-Toledo_opt.jpg\" \/>\n\t<meta property=\"og:image:width\" content=\"700\" \/>\n\t<meta property=\"og:image:height\" content=\"400\" \/>\n\t<meta property=\"og:image:type\" content=\"image\/jpeg\" \/>\n<meta name=\"author\" content=\"enequipo\" \/>\n<meta name=\"twitter:card\" content=\"summary_large_image\" \/>\n<meta name=\"twitter:creator\" content=\"@sonoraenequipo\" \/>\n<meta name=\"twitter:site\" content=\"@sonoraenequipo\" \/>\n<meta name=\"twitter:label1\" content=\"Escrito por\" \/>\n\t<meta name=\"twitter:data1\" content=\"enequipo\" \/>\n\t<meta name=\"twitter:label2\" content=\"Tiempo de lectura\" \/>\n\t<meta name=\"twitter:data2\" content=\"1 minuto\" \/>\n<script type=\"application\/ld+json\" class=\"yoast-schema-graph\">{\"@context\":\"https:\/\/schema.org\",\"@graph\":[{\"@type\":\"Article\",\"@id\":\"https:\/\/www.sonoraenequipo.com.mx\/diputados-avalan-periodo-extra-por-desafuero-de-huerta-y-toledo\/#article\",\"isPartOf\":{\"@id\":\"https:\/\/www.sonoraenequipo.com.mx\/diputados-avalan-periodo-extra-por-desafuero-de-huerta-y-toledo\/\"},\"author\":{\"name\":\"enequipo\",\"@id\":\"https:\/\/www.sonoraenequipo.com.mx\/#\/schema\/person\/50102df0fb23a8fa9e8effad8fa81386\"},\"headline\":\"Diputados avalan periodo extra por desafuero de Huerta y Toledo\",\"datePublished\":\"2021-07-13T01:51:09+00:00\",\"dateModified\":\"2021-07-13T16:08:52+00:00\",\"mainEntityOfPage\":{\"@id\":\"https:\/\/www.sonoraenequipo.com.mx\/diputados-avalan-periodo-extra-por-desafuero-de-huerta-y-toledo\/\"},\"wordCount\":166,\"commentCount\":0,\"publisher\":{\"@id\":\"https:\/\/www.sonoraenequipo.com.mx\/#organization\"},\"image\":{\"@id\":\"https:\/\/www.sonoraenequipo.com.mx\/diputados-avalan-periodo-extra-por-desafuero-de-huerta-y-toledo\/#primaryimage\"},\"thumbnailUrl\":\"https:\/\/www.sonoraenequipo.com.mx\/storage\/2021\/07\/desafuero-Huerta-Toledo_opt.jpg\",\"articleSection\":[\"Rep\u00fablica\"],\"inLanguage\":\"es\",\"potentialAction\":[{\"@type\":\"CommentAction\",\"name\":\"Comment\",\"target\":[\"https:\/\/www.sonoraenequipo.com.mx\/diputados-avalan-periodo-extra-por-desafuero-de-huerta-y-toledo\/#respond\"]}]},{\"@type\":\"WebPage\",\"@id\":\"https:\/\/www.sonoraenequipo.com.mx\/diputados-avalan-periodo-extra-por-desafuero-de-huerta-y-toledo\/\",\"url\":\"https:\/\/www.sonoraenequipo.com.mx\/diputados-avalan-periodo-extra-por-desafuero-de-huerta-y-toledo\/\",\"name\":\"Sonora en Equipo. Diputados avalan periodo extra por desafuero de Huerta y Toledo Rep\u00fablica\",\"isPartOf\":{\"@id\":\"https:\/\/www.sonoraenequipo.com.mx\/#website\"},\"primaryImageOfPage\":{\"@id\":\"https:\/\/www.sonoraenequipo.com.mx\/diputados-avalan-periodo-extra-por-desafuero-de-huerta-y-toledo\/#primaryimage\"},\"image\":{\"@id\":\"https:\/\/www.sonoraenequipo.com.mx\/diputados-avalan-periodo-extra-por-desafuero-de-huerta-y-toledo\/#primaryimage\"},\"thumbnailUrl\":\"https:\/\/www.sonoraenequipo.com.mx\/storage\/2021\/07\/desafuero-Huerta-Toledo_opt.jpg\",\"datePublished\":\"2021-07-13T01:51:09+00:00\",\"dateModified\":\"2021-07-13T16:08:52+00:00\",\"description\":\"CIUDAD DE M\u00c9XICO.MX. \u2014 La Primera Comisi\u00f3n Permanente de la C\u00e1mara de Diputados aprob\u00f3 un periodo extraordinario de sesiones para que el pleno discuta el En Sonora en Equipo publicamos toda la informaci\u00f3n de Sonora, M\u00e9xico y el Mundo de manera oportuna y busca que la libertad de expresi\u00f3n sea real. Visita nuestro medio informativo publicado desde Hermosillo, Sonora. %\",\"breadcrumb\":{\"@id\":\"https:\/\/www.sonoraenequipo.com.mx\/diputados-avalan-periodo-extra-por-desafuero-de-huerta-y-toledo\/#breadcrumb\"},\"inLanguage\":\"es\",\"potentialAction\":[{\"@type\":\"ReadAction\",\"target\":[\"https:\/\/www.sonoraenequipo.com.mx\/diputados-avalan-periodo-extra-por-desafuero-de-huerta-y-toledo\/\"]}]},{\"@type\":\"ImageObject\",\"inLanguage\":\"es\",\"@id\":\"https:\/\/www.sonoraenequipo.com.mx\/diputados-avalan-periodo-extra-por-desafuero-de-huerta-y-toledo\/#primaryimage\",\"url\":\"https:\/\/www.sonoraenequipo.com.mx\/storage\/2021\/07\/desafuero-Huerta-Toledo_opt.jpg\",\"contentUrl\":\"https:\/\/www.sonoraenequipo.com.mx\/storage\/2021\/07\/desafuero-Huerta-Toledo_opt.jpg\",\"width\":700,\"height\":400},{\"@type\":\"BreadcrumbList\",\"@id\":\"https:\/\/www.sonoraenequipo.com.mx\/diputados-avalan-periodo-extra-por-desafuero-de-huerta-y-toledo\/#breadcrumb\",\"itemListElement\":[{\"@type\":\"ListItem\",\"position\":1,\"name\":\"Portada\",\"item\":\"https:\/\/www.sonoraenequipo.com.mx\/\"},{\"@type\":\"ListItem\",\"position\":2,\"name\":\"Diputados avalan periodo extra por desafuero de Huerta y Toledo\"}]},{\"@type\":\"WebSite\",\"@id\":\"https:\/\/www.sonoraenequipo.com.mx\/#website\",\"url\":\"https:\/\/www.sonoraenequipo.com.mx\/\",\"name\":\"Sonora en Equipo.\",\"description\":\"Diario en l\u00ednea con Noticias desde Hermosillo, Sonora\",\"publisher\":{\"@id\":\"https:\/\/www.sonoraenequipo.com.mx\/#organization\"},\"potentialAction\":[{\"@type\":\"SearchAction\",\"target\":{\"@type\":\"EntryPoint\",\"urlTemplate\":\"https:\/\/www.sonoraenequipo.com.mx\/?s={search_term_string}\"},\"query-input\":{\"@type\":\"PropertyValueSpecification\",\"valueRequired\":true,\"valueName\":\"search_term_string\"}}],\"inLanguage\":\"es\"},{\"@type\":\"Organization\",\"@id\":\"https:\/\/www.sonoraenequipo.com.mx\/#organization\",\"name\":\"Sonoraenequipo.com.mx\",\"url\":\"https:\/\/www.sonoraenequipo.com.mx\/\",\"logo\":{\"@type\":\"ImageObject\",\"inLanguage\":\"es\",\"@id\":\"https:\/\/www.sonoraenequipo.com.mx\/#\/schema\/logo\/image\/\",\"url\":\"https:\/\/www.sonoraenequipo.com.mx\/storage\/2019\/01\/sonoraenequipo_opt.png\",\"contentUrl\":\"https:\/\/www.sonoraenequipo.com.mx\/storage\/2019\/01\/sonoraenequipo_opt.png\",\"width\":375,\"height\":125,\"caption\":\"Sonoraenequipo.com.mx\"},\"image\":{\"@id\":\"https:\/\/www.sonoraenequipo.com.mx\/#\/schema\/logo\/image\/\"},\"sameAs\":[\"https:\/\/www.facebook.com\/SonoraEE\/\",\"https:\/\/x.com\/sonoraenequipo\",\"https:\/\/www.youtube.com\/channel\/UC338nW-lPEYmJQs4ZABQ1SQ\"]},{\"@type\":\"Person\",\"@id\":\"https:\/\/www.sonoraenequipo.com.mx\/#\/schema\/person\/50102df0fb23a8fa9e8effad8fa81386\",\"name\":\"enequipo\",\"image\":{\"@type\":\"ImageObject\",\"inLanguage\":\"es\",\"@id\":\"https:\/\/www.sonoraenequipo.com.mx\/#\/schema\/person\/image\/\",\"url\":\"https:\/\/secure.gravatar.com\/avatar\/049821681b589dabc0bc20695993ccebb09f5b5d4d790cd9251b97faac7c652b?s=96&d=blank&r=g\",\"contentUrl\":\"https:\/\/secure.gravatar.com\/avatar\/049821681b589dabc0bc20695993ccebb09f5b5d4d790cd9251b97faac7c652b?s=96&d=blank&r=g\",\"caption\":\"enequipo\"},\"sameAs\":[\"https:\/\/www.facebook.com\/SonoraEE\"]}]}<\/script>\n ","yoast_head_json":{"title":"Sonora en Equipo. Diputados avalan periodo extra por desafuero de Huerta y Toledo Rep\u00fablica","description":"CIUDAD DE M\u00c9XICO.MX. \u2014 La Primera Comisi\u00f3n Permanente de la C\u00e1mara de Diputados aprob\u00f3 un periodo extraordinario de sesiones para que el pleno discuta el En Sonora en Equipo publicamos toda la informaci\u00f3n de Sonora, M\u00e9xico y el Mundo de manera oportuna y busca que la libertad de expresi\u00f3n sea real. Visita nuestro medio informativo publicado desde Hermosillo, Sonora. %","robots":{"index":"index","follow":"follow","max-snippet":"max-snippet:-1","max-image-preview":"max-image-preview:large","max-video-preview":"max-video-preview:-1"},"canonical":"https:\/\/www.sonoraenequipo.com.mx\/diputados-avalan-periodo-extra-por-desafuero-de-huerta-y-toledo\/","og_locale":"es_ES","og_type":"article","og_title":"Sonora en Equipo. Diputados avalan periodo extra por desafuero de Huerta y Toledo Rep\u00fablica","og_description":"CIUDAD DE M\u00c9XICO.MX. \u2014 La Primera Comisi\u00f3n Permanente de la C\u00e1mara de Diputados aprob\u00f3 un periodo extraordinario de sesiones para que el pleno discuta el En Sonora en Equipo publicamos toda la informaci\u00f3n de Sonora, M\u00e9xico y el Mundo de manera oportuna y busca que la libertad de expresi\u00f3n sea real. Visita nuestro medio informativo publicado desde Hermosillo, Sonora. %","og_url":"https:\/\/www.sonoraenequipo.com.mx\/diputados-avalan-periodo-extra-por-desafuero-de-huerta-y-toledo\/","og_site_name":"Sonora en Equipo.","article_publisher":"https:\/\/www.facebook.com\/SonoraEE\/","article_author":"https:\/\/www.facebook.com\/SonoraEE","article_published_time":"2021-07-13T01:51:09+00:00","article_modified_time":"2021-07-13T16:08:52+00:00","og_image":[{"width":700,"height":400,"url":"https:\/\/www.sonoraenequipo.com.mx\/storage\/2021\/07\/desafuero-Huerta-Toledo_opt.jpg","type":"image\/jpeg"}],"author":"enequipo","twitter_card":"summary_large_image","twitter_creator":"@sonoraenequipo","twitter_site":"@sonoraenequipo","twitter_misc":{"Escrito por":"enequipo","Tiempo de lectura":"1 minuto"},"schema":{"@context":"https:\/\/schema.org","@graph":[{"@type":"Article","@id":"https:\/\/www.sonoraenequipo.com.mx\/diputados-avalan-periodo-extra-por-desafuero-de-huerta-y-toledo\/#article","isPartOf":{"@id":"https:\/\/www.sonoraenequipo.com.mx\/diputados-avalan-periodo-extra-por-desafuero-de-huerta-y-toledo\/"},"author":{"name":"enequipo","@id":"https:\/\/www.sonoraenequipo.com.mx\/#\/schema\/person\/50102df0fb23a8fa9e8effad8fa81386"},"headline":"Diputados avalan periodo extra por desafuero de Huerta y Toledo","datePublished":"2021-07-13T01:51:09+00:00","dateModified":"2021-07-13T16:08:52+00:00","mainEntityOfPage":{"@id":"https:\/\/www.sonoraenequipo.com.mx\/diputados-avalan-periodo-extra-por-desafuero-de-huerta-y-toledo\/"},"wordCount":166,"commentCount":0,"publisher":{"@id":"https:\/\/www.sonoraenequipo.com.mx\/#organization"},"image":{"@id":"https:\/\/www.sonoraenequipo.com.mx\/diputados-avalan-periodo-extra-por-desafuero-de-huerta-y-toledo\/#primaryimage"},"thumbnailUrl":"https:\/\/www.sonoraenequipo.com.mx\/storage\/2021\/07\/desafuero-Huerta-Toledo_opt.jpg","articleSection":["Rep\u00fablica"],"inLanguage":"es","potentialAction":[{"@type":"CommentAction","name":"Comment","target":["https:\/\/www.sonoraenequipo.com.mx\/diputados-avalan-periodo-extra-por-desafuero-de-huerta-y-toledo\/#respond"]}]},{"@type":"WebPage","@id":"https:\/\/www.sonoraenequipo.com.mx\/diputados-avalan-periodo-extra-por-desafuero-de-huerta-y-toledo\/","url":"https:\/\/www.sonoraenequipo.com.mx\/diputados-avalan-periodo-extra-por-desafuero-de-huerta-y-toledo\/","name":"Sonora en Equipo. Diputados avalan periodo extra por desafuero de Huerta y Toledo Rep\u00fablica","isPartOf":{"@id":"https:\/\/www.sonoraenequipo.com.mx\/#website"},"primaryImageOfPage":{"@id":"https:\/\/www.sonoraenequipo.com.mx\/diputados-avalan-periodo-extra-por-desafuero-de-huerta-y-toledo\/#primaryimage"},"image":{"@id":"https:\/\/www.sonoraenequipo.com.mx\/diputados-avalan-periodo-extra-por-desafuero-de-huerta-y-toledo\/#primaryimage"},"thumbnailUrl":"https:\/\/www.sonoraenequipo.com.mx\/storage\/2021\/07\/desafuero-Huerta-Toledo_opt.jpg","datePublished":"2021-07-13T01:51:09+00:00","dateModified":"2021-07-13T16:08:52+00:00","description":"CIUDAD DE M\u00c9XICO.MX. \u2014 La Primera Comisi\u00f3n Permanente de la C\u00e1mara de Diputados aprob\u00f3 un periodo extraordinario de sesiones para que el pleno discuta el En Sonora en Equipo publicamos toda la informaci\u00f3n de Sonora, M\u00e9xico y el Mundo de manera oportuna y busca que la libertad de expresi\u00f3n sea real. Visita nuestro medio informativo publicado desde Hermosillo, Sonora. %","breadcrumb":{"@id":"https:\/\/www.sonoraenequipo.com.mx\/diputados-avalan-periodo-extra-por-desafuero-de-huerta-y-toledo\/#breadcrumb"},"inLanguage":"es","potentialAction":[{"@type":"ReadAction","target":["https:\/\/www.sonoraenequipo.com.mx\/diputados-avalan-periodo-extra-por-desafuero-de-huerta-y-toledo\/"]}]},{"@type":"ImageObject","inLanguage":"es","@id":"https:\/\/www.sonoraenequipo.com.mx\/diputados-avalan-periodo-extra-por-desafuero-de-huerta-y-toledo\/#primaryimage","url":"https:\/\/www.sonoraenequipo.com.mx\/storage\/2021\/07\/desafuero-Huerta-Toledo_opt.jpg","contentUrl":"https:\/\/www.sonoraenequipo.com.mx\/storage\/2021\/07\/desafuero-Huerta-Toledo_opt.jpg","width":700,"height":400},{"@type":"BreadcrumbList","@id":"https:\/\/www.sonoraenequipo.com.mx\/diputados-avalan-periodo-extra-por-desafuero-de-huerta-y-toledo\/#breadcrumb","itemListElement":[{"@type":"ListItem","position":1,"name":"Portada","item":"https:\/\/www.sonoraenequipo.com.mx\/"},{"@type":"ListItem","position":2,"name":"Diputados avalan periodo extra por desafuero de Huerta y Toledo"}]},{"@type":"WebSite","@id":"https:\/\/www.sonoraenequipo.com.mx\/#website","url":"https:\/\/www.sonoraenequipo.com.mx\/","name":"Sonora en Equipo.","description":"Diario en l\u00ednea con Noticias desde Hermosillo, Sonora","publisher":{"@id":"https:\/\/www.sonoraenequipo.com.mx\/#organization"},"potentialAction":[{"@type":"SearchAction","target":{"@type":"EntryPoint","urlTemplate":"https:\/\/www.sonoraenequipo.com.mx\/?s={search_term_string}"},"query-input":{"@type":"PropertyValueSpecification","valueRequired":true,"valueName":"search_term_string"}}],"inLanguage":"es"},{"@type":"Organization","@id":"https:\/\/www.sonoraenequipo.com.mx\/#organization","name":"Sonoraenequipo.com.mx","url":"https:\/\/www.sonoraenequipo.com.mx\/","logo":{"@type":"ImageObject","inLanguage":"es","@id":"https:\/\/www.sonoraenequipo.com.mx\/#\/schema\/logo\/image\/","url":"https:\/\/www.sonoraenequipo.com.mx\/storage\/2019\/01\/sonoraenequipo_opt.png","contentUrl":"https:\/\/www.sonoraenequipo.com.mx\/storage\/2019\/01\/sonoraenequipo_opt.png","width":375,"height":125,"caption":"Sonoraenequipo.com.mx"},"image":{"@id":"https:\/\/www.sonoraenequipo.com.mx\/#\/schema\/logo\/image\/"},"sameAs":["https:\/\/www.facebook.com\/SonoraEE\/","https:\/\/x.com\/sonoraenequipo","https:\/\/www.youtube.com\/channel\/UC338nW-lPEYmJQs4ZABQ1SQ"]},{"@type":"Person","@id":"https:\/\/www.sonoraenequipo.com.mx\/#\/schema\/person\/50102df0fb23a8fa9e8effad8fa81386","name":"enequipo","image":{"@type":"ImageObject","inLanguage":"es","@id":"https:\/\/www.sonoraenequipo.com.mx\/#\/schema\/person\/image\/","url":"https:\/\/secure.gravatar.com\/avatar\/049821681b589dabc0bc20695993ccebb09f5b5d4d790cd9251b97faac7c652b?s=96&d=blank&r=g","contentUrl":"https:\/\/secure.gravatar.com\/avatar\/049821681b589dabc0bc20695993ccebb09f5b5d4d790cd9251b97faac7c652b?s=96&d=blank&r=g","caption":"enequipo"},"sameAs":["https:\/\/www.facebook.com\/SonoraEE"]}]}},"jetpack_featured_media_url":"https:\/\/www.sonoraenequipo.com.mx\/storage\/2021\/07\/desafuero-Huerta-Toledo_opt.jpg","_links":{"self":[{"href":"https:\/\/www.sonoraenequipo.com.mx\/api\/wp\/v2\/posts\/118303","targetHints":{"allow":["GET"]}}],"collection":[{"href":"https:\/\/www.sonoraenequipo.com.mx\/api\/wp\/v2\/posts"}],"about":[{"href":"https:\/\/www.sonoraenequipo.com.mx\/api\/wp\/v2\/types\/post"}],"author":[{"embeddable":true,"href":"https:\/\/www.sonoraenequipo.com.mx\/api\/wp\/v2\/users\/1"}],"replies":[{"embeddable":true,"href":"https:\/\/www.sonoraenequipo.com.mx\/api\/wp\/v2\/comments?post=118303"}],"version-history":[{"count":1,"href":"https:\/\/www.sonoraenequipo.com.mx\/api\/wp\/v2\/posts\/118303\/revisions"}],"predecessor-version":[{"id":118305,"href":"https:\/\/www.sonoraenequipo.com.mx\/api\/wp\/v2\/posts\/118303\/revisions\/118305"}],"wp:featuredmedia":[{"embeddable":true,"href":"https:\/\/www.sonoraenequipo.com.mx\/api\/wp\/v2\/media\/118304"}],"wp:attachment":[{"href":"https:\/\/www.sonoraenequipo.com.mx\/api\/wp\/v2\/media?parent=118303"}],"wp:term":[{"taxonomy":"category","embeddable":true,"href":"https:\/\/www.sonoraenequipo.com.mx\/api\/wp\/v2\/categories?post=118303"},{"taxonomy":"post_tag","embeddable":true,"href":"https:\/\/www.sonoraenequipo.com.mx\/api\/wp\/v2\/tags?post=118303"}],"curies":[{"name":"wp","href":"https:\/\/api.w.org\/{rel}","templated":true}]}}