{"id":118311,"date":"2021-07-13T07:20:48","date_gmt":"2021-07-13T14:20:48","guid":{"rendered":"https:\/\/www.sonoraenequipo.com.mx\/?p=118311"},"modified":"2021-07-13T09:56:32","modified_gmt":"2021-07-13T16:56:32","slug":"estados-unidos-interviene-en-cuba","status":"publish","type":"post","link":"https:\/\/www.sonoraenequipo.com.mx\/estados-unidos-interviene-en-cuba\/","title":{"rendered":"Estados Unidos interviene en Cuba"},"content":{"rendered":"<p>NUEVA YORK. ESTADOS UNIDOS. \u2014 El gobierno de Estados Unidos expres\u00f3 de inmediato su apoyo a las protestas anti gubernamentales en Cuba por la crisis que padece ese pa\u00eds sin reconocer que las medidas estadunidenses dise\u00f1adas para asfixiar la econom\u00eda de la isla, y que la comunidad internacional acaba de condenar por 29 ocasi\u00f3n, tienen justo el prop\u00f3sito de generar ese tipo de crisis, y sin mencionar los millones de d\u00f3lares que Washington dedica para intervenir en los asuntos internos de Cuba incluyendo promover justo ese tipo de manifestaciones.<\/p>\n<p>&nbsp;<\/p>\n<p> <\/p>\n<p>El presidente Joe Biden expres\u00f3 <em>\u201cnuestro apoyo al pueblo cubano y su clamor por libertad y alivio ante las tr\u00e1gicas consecuencias de la pandemia y las d\u00e9cadas de represi\u00f3n y padecimiento econ\u00f3mico a las que ha sido sometido por el r\u00e9gimen autoritario de Cuba\u201d.<\/em> Agreg\u00f3 que el <em>\u201cel pueblo cubano est\u00e1 actuando con valent\u00eda al reivindicar sus derechos fundamentales y universales\u201d<\/em> y llam\u00f3 a que el \u201cr\u00e9gimen cubano escuche a su pueblo y atienda sus necesidades en este momento vital en lugar de enriquecerse\u201d.<\/p>\n<p>&nbsp;<\/p>\n<p>El secretario de Estado, Antony Blinken, coment\u00f3 en conferencia de prensa que \u201c<em>decenas de miles\u201d <\/em>de cubanos salieron a las calles para <em>\u201cejercer sus derechos de asamblea pac\u00edfica y expresar sus perspectivas\u2026 llamando por la libertad y derechos humanos\u201d<\/em> y que criticaron al <em>\u201cr\u00e9gimen autoritario cubano por fracasar en atender las necesidades m\u00e1s b\u00e1sicas de la gente, incluyendo alimento y medicina\u201d.<\/em> Inst\u00f3 al gobierno cubano a no reprimir a los manifestantes y permitir que ese pueblo pueda \u201c<em>determinar sus propio futuro\u201d.<\/em><\/p>\n<p>&nbsp;<\/p>\n<p>Ambas declaraciones, como varias m\u00e1s de sus subordinados en el gobierno, fueron notables por lo que no mencionaron: que las pol\u00edticas del embargo de seis d\u00e9cadas junto con m\u00e1s de 243 medidas mas impulsadas durante el gobierno de Donald Trump est\u00e1n dise\u00f1adas justo para asfixiar la econom\u00eda cubana y para provocar carencias de alimento, combustible y medicinas. Justo por sus efectos sobre el pueblo cubano fueron condenadas por la abrumadora mayor\u00eda de la Asamblea General de La Organizaci\u00f3n de Naciones Unidas el 23 de junio, incluyendo a casi todos los aliados de Washington con la excepci\u00f3n de Israel.<\/p>\n<p>Tampoco mencionaron que Washington contin\u00faa distribuyendo m\u00e1s de 20 millones de d\u00f3lares anuales en <em>\u201casistencia\u201d<\/em> a agrupaciones cubanas anti gubernamentales. En el proyecto de ley del presupuesto federal para el pr\u00f3ximo a\u00f1o fiscal, se est\u00e1 proponiendo otorgar otros 20 millones para \u201cconstrucci\u00f3n de democracia, derechos humanos y programas de sociedad civil en Cuba\u201d. Tambi\u00e9n se propone casi 13 millones para Radio y TV Mart\u00ed entre otros canales de propaganda (no es p\u00fablico cu\u00e1ntos millones m\u00e1s en operaciones secretas).<\/p>\n<p>&nbsp;<\/p>\n<p>Lo que ha sorprendido a varios expertos y observadores de la relaci\u00f3n bilateral es la decisi\u00f3n del nuevo gobierno de Biden de, hasta la fecha, no hacer un giro en la pol\u00edtica hacia la isla, la cual prometi\u00f3 hacer en su campa\u00f1a electoral donde afirmaba que las pol\u00edticas de aislamiento de Cuba hab\u00edan fracasado.<\/p>\n<p>&nbsp;<\/p>\n<p>Hoy Blinken -evitando mencionar las sanciones econ\u00f3micas y los fondos de asistencia a la disidencia y menos la larga y oscura historia de intervenciones- descart\u00f3 hoy que los incidentes en Cuba tengan algo que ver con Washington.<em> \u201cSer\u00eda un grave error para el r\u00e9gimen cubano interpretar lo que est\u00e1 ocurriendo\u2026 como resultado o producto de cualquier cosa que haya hecho Estados Unidos\u201d,<\/em> afirm\u00f3.<\/p>\n<p>&nbsp;<\/p>\n<p>Jen Psaki, vocera de la Casa Blanca, reiter\u00f3 que <em>\u201chay toda indicaci\u00f3n de que las protestas de ayer fueron expresiones espont\u00e1neas de gente que est\u00e1 agotada con el mal manejo econ\u00f3mico y represi\u00f3n del gobierno cubano\u201d<\/em>. Pero pareci\u00f3 contradecirse inmediatamente despu\u00e9s al agregar que el gobierno de Biden<em> \u201cest\u00e1 evaluando c\u00f3mo podemos ayudar directamente al pueblo de Cuba\u201d.<\/em><\/p>\n<p>Llam\u00f3 la atenci\u00f3n de algunos observadores que los sucesos en Cuba no parecieron sorprender a Washington, y menos a Miami.<\/p>\n<p>&nbsp;<\/p>\n<p>El abogado Jos\u00e9 Pertierra, veterano especialista sobre la relaci\u00f3n Estados Unidos-Cuba, comenta a La Jornada que <em>\u201cesto es una tormenta perfecta\u201d<\/em> en la cual se combinan las consecuencias de las medidas estadunidenses <em>\u201cpara apretar la tuerca\u201d<\/em> del bloqueo incluyendo falta de alimento y electricidad (en pleno calor de verano) y una pandemia que entre otras cosas ha forzado el cierre del turismo, todo resultando en condiciones desesperantes para la poblaci\u00f3n. Al manifestarse ese malestar por diversos sectores en Cuba, <em>\u201cEstados Unidos busca alentar esas expresiones\u201d<\/em> y recuerda que eso siempre fue el prop\u00f3sito expl\u00edcito del bloqueo desde el inicio<em>: \u201cdesesperar a la gente\u201d.<\/em><\/p>\n<p>&nbsp;<\/p>\n<p>Los promotores de estas pol\u00edticas en Estados Unidos siempre est\u00e1n preparados para utilizar las crisis que se dedican a fomentar, y <em>\u201ctienen un gui\u00f3n, incluyendo amenazas contra los que las denuncian\u201d. Tienen el objetivo inmediato de evitar que se levante el bloqueo, y tal vez <\/em>-con lo que acaba de ocurrir- <em>lo han conseguido, por ahora, con Biden\u201d<\/em>, considera.<\/p>\n<p>&nbsp;<\/p>\n<p>Ese gui\u00f3n no proviene de Cuba sino desde Miami, afirma, y como ejemplo cuenta que fue amenazado el domingo durante las manifestaciones en la isla. Recibi\u00f3 una llamada de un<em> \u201cn\u00famero oculto\u201d<\/em> que le marc\u00f3 insistentemente, y cuando por fin contest\u00f3, una voz le advirti\u00f3: <em>\u201cel comunismo se cae hoy en Cuba. Te estamos vigilando Pertierra. Te vas a tener que cuidar\u201d.<\/em> No fue el \u00fanico en recibir esa llamada.<\/p>\n<p>&nbsp;<\/p>\n<p>Aunque legisladores de ambos partidos, sobre todos los cubanoestadunidenses, expresaron su usual condena contra el gobierno cubano, con el poderoso jefe del Comit\u00e9 de Relaciones Exteriores del Senado el dem\u00f3crata Robert Menendez afirmando que <em>\u201c\u00e9ste podr\u00eda ser un momento para que cambie el curso de la historia\u201d<\/em> y el diputado republicano Marco Rubio instando a Biden a que exija que las fuerzas cubanas no repriman con violencia a los manifestantes, no todos se sumaron al coro oficial.<\/p>\n<p>&nbsp;<\/p>\n<p>El veterano diputado dem\u00f3crata Jim McGovern declar\u00f3 que<em> \u201cel gobierno cubano tiene que respetar los derechos de su gente de protestar pac\u00edfica y legit\u00edmente. Y el gobierno de Estados Unidos tiene que poner fin a nuestro embargo que ha sido un fracaso miserable y ha causado gran sufrimiento para el pueblo cubano\u201d.<\/em><\/p>\n<p>&nbsp;<\/p>\n<p>El jefe del Comit\u00e9 de Asuntos Exteriores Gregory Meeks se sum\u00f3 notablemente a la posici\u00f3n de su colega y llam\u00f3 a que Biden <em>\u201cayude a aliviar el sufrimiento en Cuba al rescindir las sanciones de la era Trump y ofrecer asistencia humanitaria y de vacunas adicionales al pueblo cubano\u201d.<\/em><\/p>\n<p>&nbsp;<\/p>\n<p>A la vez, tambi\u00e9n se expres\u00f3 un coro diverso de progresistas en Estados Unidos que exigieron <em>\u201cmanos fuera de Cuba\u201d.<\/em><\/p>\n<p>&nbsp;<\/p>\n<p>(Publicada el 12\/07\/2021 \/ David Brooks)<\/p>\n","protected":false},"excerpt":{"rendered":"<p>NUEVA YORK. ESTADOS UNIDOS. \u2014 El gobierno de Estados Unidos expres\u00f3 de inmediato su apoyo&#8230;<\/p>\n","protected":false},"author":1,"featured_media":118312,"comment_status":"open","ping_status":"open","sticky":false,"template":"","format":"standard","meta":{"_monsterinsights_skip_tracking":false,"_monsterinsights_sitenote_active":false,"_monsterinsights_sitenote_note":"","_monsterinsights_sitenote_category":0,"footnotes":""},"categories":[3],"tags":[],"class_list":["post"],"yoast_head":" \n<title>Sonora en Equipo. Estados Unidos interviene en Cuba MUNDO<\/title>\n<meta name=\"description\" content=\"NUEVA YORK. ESTADOS UNIDOS. \u2014 El gobierno de Estados Unidos expres\u00f3 de inmediato su apoyo a las protestas anti gubernamentales en Cuba por la crisis que En Sonora en Equipo publicamos toda la informaci\u00f3n de Sonora, M\u00e9xico y el Mundo de manera oportuna y busca que la libertad de expresi\u00f3n sea real. Visita nuestro medio informativo publicado desde Hermosillo, Sonora. %\" \/>\n<meta name=\"robots\" content=\"index, follow, max-snippet:-1, max-image-preview:large, max-video-preview:-1\" \/>\n<link rel=\"canonical\" href=\"https:\/\/www.sonoraenequipo.com.mx\/estados-unidos-interviene-en-cuba\/\" \/>\n<meta property=\"og:locale\" content=\"es_ES\" \/>\n<meta property=\"og:type\" content=\"article\" \/>\n<meta property=\"og:title\" content=\"Sonora en Equipo. Estados Unidos interviene en Cuba MUNDO\" \/>\n<meta property=\"og:description\" content=\"NUEVA YORK. ESTADOS UNIDOS. \u2014 El gobierno de Estados Unidos expres\u00f3 de inmediato su apoyo a las protestas anti gubernamentales en Cuba por la crisis que En Sonora en Equipo publicamos toda la informaci\u00f3n de Sonora, M\u00e9xico y el Mundo de manera oportuna y busca que la libertad de expresi\u00f3n sea real. Visita nuestro medio informativo publicado desde Hermosillo, Sonora. %\" \/>\n<meta property=\"og:url\" content=\"https:\/\/www.sonoraenequipo.com.mx\/estados-unidos-interviene-en-cuba\/\" \/>\n<meta property=\"og:site_name\" content=\"Sonora en Equipo.\" \/>\n<meta property=\"article:publisher\" content=\"https:\/\/www.facebook.com\/SonoraEE\/\" \/>\n<meta property=\"article:author\" content=\"https:\/\/www.facebook.com\/SonoraEE\" \/>\n<meta property=\"article:published_time\" content=\"2021-07-13T14:20:48+00:00\" \/>\n<meta property=\"article:modified_time\" content=\"2021-07-13T16:56:32+00:00\" \/>\n<meta property=\"og:image\" content=\"https:\/\/www.sonoraenequipo.com.mx\/storage\/2021\/07\/marcha-cubana_opt.jpg\" \/>\n\t<meta property=\"og:image:width\" content=\"700\" \/>\n\t<meta property=\"og:image:height\" content=\"400\" \/>\n\t<meta property=\"og:image:type\" content=\"image\/jpeg\" \/>\n<meta name=\"author\" content=\"enequipo\" \/>\n<meta name=\"twitter:card\" content=\"summary_large_image\" \/>\n<meta name=\"twitter:creator\" content=\"@sonoraenequipo\" \/>\n<meta name=\"twitter:site\" content=\"@sonoraenequipo\" \/>\n<meta name=\"twitter:label1\" content=\"Escrito por\" \/>\n\t<meta name=\"twitter:data1\" content=\"enequipo\" \/>\n\t<meta name=\"twitter:label2\" content=\"Tiempo de lectura\" \/>\n\t<meta name=\"twitter:data2\" content=\"5 minutos\" \/>\n<script type=\"application\/ld+json\" class=\"yoast-schema-graph\">{\"@context\":\"https:\/\/schema.org\",\"@graph\":[{\"@type\":\"Article\",\"@id\":\"https:\/\/www.sonoraenequipo.com.mx\/estados-unidos-interviene-en-cuba\/#article\",\"isPartOf\":{\"@id\":\"https:\/\/www.sonoraenequipo.com.mx\/estados-unidos-interviene-en-cuba\/\"},\"author\":{\"name\":\"enequipo\",\"@id\":\"https:\/\/www.sonoraenequipo.com.mx\/#\/schema\/person\/50102df0fb23a8fa9e8effad8fa81386\"},\"headline\":\"Estados Unidos interviene en Cuba\",\"datePublished\":\"2021-07-13T14:20:48+00:00\",\"dateModified\":\"2021-07-13T16:56:32+00:00\",\"mainEntityOfPage\":{\"@id\":\"https:\/\/www.sonoraenequipo.com.mx\/estados-unidos-interviene-en-cuba\/\"},\"wordCount\":1140,\"commentCount\":0,\"publisher\":{\"@id\":\"https:\/\/www.sonoraenequipo.com.mx\/#organization\"},\"image\":{\"@id\":\"https:\/\/www.sonoraenequipo.com.mx\/estados-unidos-interviene-en-cuba\/#primaryimage\"},\"thumbnailUrl\":\"https:\/\/www.sonoraenequipo.com.mx\/storage\/2021\/07\/marcha-cubana_opt.jpg\",\"articleSection\":[\"MUNDO\"],\"inLanguage\":\"es\",\"potentialAction\":[{\"@type\":\"CommentAction\",\"name\":\"Comment\",\"target\":[\"https:\/\/www.sonoraenequipo.com.mx\/estados-unidos-interviene-en-cuba\/#respond\"]}]},{\"@type\":\"WebPage\",\"@id\":\"https:\/\/www.sonoraenequipo.com.mx\/estados-unidos-interviene-en-cuba\/\",\"url\":\"https:\/\/www.sonoraenequipo.com.mx\/estados-unidos-interviene-en-cuba\/\",\"name\":\"Sonora en Equipo. Estados Unidos interviene en Cuba MUNDO\",\"isPartOf\":{\"@id\":\"https:\/\/www.sonoraenequipo.com.mx\/#website\"},\"primaryImageOfPage\":{\"@id\":\"https:\/\/www.sonoraenequipo.com.mx\/estados-unidos-interviene-en-cuba\/#primaryimage\"},\"image\":{\"@id\":\"https:\/\/www.sonoraenequipo.com.mx\/estados-unidos-interviene-en-cuba\/#primaryimage\"},\"thumbnailUrl\":\"https:\/\/www.sonoraenequipo.com.mx\/storage\/2021\/07\/marcha-cubana_opt.jpg\",\"datePublished\":\"2021-07-13T14:20:48+00:00\",\"dateModified\":\"2021-07-13T16:56:32+00:00\",\"description\":\"NUEVA YORK. ESTADOS UNIDOS. \u2014 El gobierno de Estados Unidos expres\u00f3 de inmediato su apoyo a las protestas anti gubernamentales en Cuba por la crisis que En Sonora en Equipo publicamos toda la informaci\u00f3n de Sonora, M\u00e9xico y el Mundo de manera oportuna y busca que la libertad de expresi\u00f3n sea real. Visita nuestro medio informativo publicado desde Hermosillo, Sonora. %\",\"breadcrumb\":{\"@id\":\"https:\/\/www.sonoraenequipo.com.mx\/estados-unidos-interviene-en-cuba\/#breadcrumb\"},\"inLanguage\":\"es\",\"potentialAction\":[{\"@type\":\"ReadAction\",\"target\":[\"https:\/\/www.sonoraenequipo.com.mx\/estados-unidos-interviene-en-cuba\/\"]}]},{\"@type\":\"ImageObject\",\"inLanguage\":\"es\",\"@id\":\"https:\/\/www.sonoraenequipo.com.mx\/estados-unidos-interviene-en-cuba\/#primaryimage\",\"url\":\"https:\/\/www.sonoraenequipo.com.mx\/storage\/2021\/07\/marcha-cubana_opt.jpg\",\"contentUrl\":\"https:\/\/www.sonoraenequipo.com.mx\/storage\/2021\/07\/marcha-cubana_opt.jpg\",\"width\":700,\"height\":400},{\"@type\":\"BreadcrumbList\",\"@id\":\"https:\/\/www.sonoraenequipo.com.mx\/estados-unidos-interviene-en-cuba\/#breadcrumb\",\"itemListElement\":[{\"@type\":\"ListItem\",\"position\":1,\"name\":\"Portada\",\"item\":\"https:\/\/www.sonoraenequipo.com.mx\/\"},{\"@type\":\"ListItem\",\"position\":2,\"name\":\"Estados Unidos interviene en Cuba\"}]},{\"@type\":\"WebSite\",\"@id\":\"https:\/\/www.sonoraenequipo.com.mx\/#website\",\"url\":\"https:\/\/www.sonoraenequipo.com.mx\/\",\"name\":\"Sonora en Equipo.\",\"description\":\"Diario en l\u00ednea con Noticias desde Hermosillo, Sonora\",\"publisher\":{\"@id\":\"https:\/\/www.sonoraenequipo.com.mx\/#organization\"},\"potentialAction\":[{\"@type\":\"SearchAction\",\"target\":{\"@type\":\"EntryPoint\",\"urlTemplate\":\"https:\/\/www.sonoraenequipo.com.mx\/?s={search_term_string}\"},\"query-input\":{\"@type\":\"PropertyValueSpecification\",\"valueRequired\":true,\"valueName\":\"search_term_string\"}}],\"inLanguage\":\"es\"},{\"@type\":\"Organization\",\"@id\":\"https:\/\/www.sonoraenequipo.com.mx\/#organization\",\"name\":\"Sonoraenequipo.com.mx\",\"url\":\"https:\/\/www.sonoraenequipo.com.mx\/\",\"logo\":{\"@type\":\"ImageObject\",\"inLanguage\":\"es\",\"@id\":\"https:\/\/www.sonoraenequipo.com.mx\/#\/schema\/logo\/image\/\",\"url\":\"https:\/\/www.sonoraenequipo.com.mx\/storage\/2019\/01\/sonoraenequipo_opt.png\",\"contentUrl\":\"https:\/\/www.sonoraenequipo.com.mx\/storage\/2019\/01\/sonoraenequipo_opt.png\",\"width\":375,\"height\":125,\"caption\":\"Sonoraenequipo.com.mx\"},\"image\":{\"@id\":\"https:\/\/www.sonoraenequipo.com.mx\/#\/schema\/logo\/image\/\"},\"sameAs\":[\"https:\/\/www.facebook.com\/SonoraEE\/\",\"https:\/\/x.com\/sonoraenequipo\",\"https:\/\/www.youtube.com\/channel\/UC338nW-lPEYmJQs4ZABQ1SQ\"]},{\"@type\":\"Person\",\"@id\":\"https:\/\/www.sonoraenequipo.com.mx\/#\/schema\/person\/50102df0fb23a8fa9e8effad8fa81386\",\"name\":\"enequipo\",\"image\":{\"@type\":\"ImageObject\",\"inLanguage\":\"es\",\"@id\":\"https:\/\/www.sonoraenequipo.com.mx\/#\/schema\/person\/image\/\",\"url\":\"https:\/\/secure.gravatar.com\/avatar\/049821681b589dabc0bc20695993ccebb09f5b5d4d790cd9251b97faac7c652b?s=96&d=blank&r=g\",\"contentUrl\":\"https:\/\/secure.gravatar.com\/avatar\/049821681b589dabc0bc20695993ccebb09f5b5d4d790cd9251b97faac7c652b?s=96&d=blank&r=g\",\"caption\":\"enequipo\"},\"sameAs\":[\"https:\/\/www.facebook.com\/SonoraEE\"]}]}<\/script>\n ","yoast_head_json":{"title":"Sonora en Equipo. Estados Unidos interviene en Cuba MUNDO","description":"NUEVA YORK. ESTADOS UNIDOS. \u2014 El gobierno de Estados Unidos expres\u00f3 de inmediato su apoyo a las protestas anti gubernamentales en Cuba por la crisis que En Sonora en Equipo publicamos toda la informaci\u00f3n de Sonora, M\u00e9xico y el Mundo de manera oportuna y busca que la libertad de expresi\u00f3n sea real. Visita nuestro medio informativo publicado desde Hermosillo, Sonora. %","robots":{"index":"index","follow":"follow","max-snippet":"max-snippet:-1","max-image-preview":"max-image-preview:large","max-video-preview":"max-video-preview:-1"},"canonical":"https:\/\/www.sonoraenequipo.com.mx\/estados-unidos-interviene-en-cuba\/","og_locale":"es_ES","og_type":"article","og_title":"Sonora en Equipo. Estados Unidos interviene en Cuba MUNDO","og_description":"NUEVA YORK. ESTADOS UNIDOS. \u2014 El gobierno de Estados Unidos expres\u00f3 de inmediato su apoyo a las protestas anti gubernamentales en Cuba por la crisis que En Sonora en Equipo publicamos toda la informaci\u00f3n de Sonora, M\u00e9xico y el Mundo de manera oportuna y busca que la libertad de expresi\u00f3n sea real. Visita nuestro medio informativo publicado desde Hermosillo, Sonora. %","og_url":"https:\/\/www.sonoraenequipo.com.mx\/estados-unidos-interviene-en-cuba\/","og_site_name":"Sonora en Equipo.","article_publisher":"https:\/\/www.facebook.com\/SonoraEE\/","article_author":"https:\/\/www.facebook.com\/SonoraEE","article_published_time":"2021-07-13T14:20:48+00:00","article_modified_time":"2021-07-13T16:56:32+00:00","og_image":[{"width":700,"height":400,"url":"https:\/\/www.sonoraenequipo.com.mx\/storage\/2021\/07\/marcha-cubana_opt.jpg","type":"image\/jpeg"}],"author":"enequipo","twitter_card":"summary_large_image","twitter_creator":"@sonoraenequipo","twitter_site":"@sonoraenequipo","twitter_misc":{"Escrito por":"enequipo","Tiempo de lectura":"5 minutos"},"schema":{"@context":"https:\/\/schema.org","@graph":[{"@type":"Article","@id":"https:\/\/www.sonoraenequipo.com.mx\/estados-unidos-interviene-en-cuba\/#article","isPartOf":{"@id":"https:\/\/www.sonoraenequipo.com.mx\/estados-unidos-interviene-en-cuba\/"},"author":{"name":"enequipo","@id":"https:\/\/www.sonoraenequipo.com.mx\/#\/schema\/person\/50102df0fb23a8fa9e8effad8fa81386"},"headline":"Estados Unidos interviene en Cuba","datePublished":"2021-07-13T14:20:48+00:00","dateModified":"2021-07-13T16:56:32+00:00","mainEntityOfPage":{"@id":"https:\/\/www.sonoraenequipo.com.mx\/estados-unidos-interviene-en-cuba\/"},"wordCount":1140,"commentCount":0,"publisher":{"@id":"https:\/\/www.sonoraenequipo.com.mx\/#organization"},"image":{"@id":"https:\/\/www.sonoraenequipo.com.mx\/estados-unidos-interviene-en-cuba\/#primaryimage"},"thumbnailUrl":"https:\/\/www.sonoraenequipo.com.mx\/storage\/2021\/07\/marcha-cubana_opt.jpg","articleSection":["MUNDO"],"inLanguage":"es","potentialAction":[{"@type":"CommentAction","name":"Comment","target":["https:\/\/www.sonoraenequipo.com.mx\/estados-unidos-interviene-en-cuba\/#respond"]}]},{"@type":"WebPage","@id":"https:\/\/www.sonoraenequipo.com.mx\/estados-unidos-interviene-en-cuba\/","url":"https:\/\/www.sonoraenequipo.com.mx\/estados-unidos-interviene-en-cuba\/","name":"Sonora en Equipo. Estados Unidos interviene en Cuba MUNDO","isPartOf":{"@id":"https:\/\/www.sonoraenequipo.com.mx\/#website"},"primaryImageOfPage":{"@id":"https:\/\/www.sonoraenequipo.com.mx\/estados-unidos-interviene-en-cuba\/#primaryimage"},"image":{"@id":"https:\/\/www.sonoraenequipo.com.mx\/estados-unidos-interviene-en-cuba\/#primaryimage"},"thumbnailUrl":"https:\/\/www.sonoraenequipo.com.mx\/storage\/2021\/07\/marcha-cubana_opt.jpg","datePublished":"2021-07-13T14:20:48+00:00","dateModified":"2021-07-13T16:56:32+00:00","description":"NUEVA YORK. ESTADOS UNIDOS. \u2014 El gobierno de Estados Unidos expres\u00f3 de inmediato su apoyo a las protestas anti gubernamentales en Cuba por la crisis que En Sonora en Equipo publicamos toda la informaci\u00f3n de Sonora, M\u00e9xico y el Mundo de manera oportuna y busca que la libertad de expresi\u00f3n sea real. Visita nuestro medio informativo publicado desde Hermosillo, Sonora. %","breadcrumb":{"@id":"https:\/\/www.sonoraenequipo.com.mx\/estados-unidos-interviene-en-cuba\/#breadcrumb"},"inLanguage":"es","potentialAction":[{"@type":"ReadAction","target":["https:\/\/www.sonoraenequipo.com.mx\/estados-unidos-interviene-en-cuba\/"]}]},{"@type":"ImageObject","inLanguage":"es","@id":"https:\/\/www.sonoraenequipo.com.mx\/estados-unidos-interviene-en-cuba\/#primaryimage","url":"https:\/\/www.sonoraenequipo.com.mx\/storage\/2021\/07\/marcha-cubana_opt.jpg","contentUrl":"https:\/\/www.sonoraenequipo.com.mx\/storage\/2021\/07\/marcha-cubana_opt.jpg","width":700,"height":400},{"@type":"BreadcrumbList","@id":"https:\/\/www.sonoraenequipo.com.mx\/estados-unidos-interviene-en-cuba\/#breadcrumb","itemListElement":[{"@type":"ListItem","position":1,"name":"Portada","item":"https:\/\/www.sonoraenequipo.com.mx\/"},{"@type":"ListItem","position":2,"name":"Estados Unidos interviene en Cuba"}]},{"@type":"WebSite","@id":"https:\/\/www.sonoraenequipo.com.mx\/#website","url":"https:\/\/www.sonoraenequipo.com.mx\/","name":"Sonora en Equipo.","description":"Diario en l\u00ednea con Noticias desde Hermosillo, Sonora","publisher":{"@id":"https:\/\/www.sonoraenequipo.com.mx\/#organization"},"potentialAction":[{"@type":"SearchAction","target":{"@type":"EntryPoint","urlTemplate":"https:\/\/www.sonoraenequipo.com.mx\/?s={search_term_string}"},"query-input":{"@type":"PropertyValueSpecification","valueRequired":true,"valueName":"search_term_string"}}],"inLanguage":"es"},{"@type":"Organization","@id":"https:\/\/www.sonoraenequipo.com.mx\/#organization","name":"Sonoraenequipo.com.mx","url":"https:\/\/www.sonoraenequipo.com.mx\/","logo":{"@type":"ImageObject","inLanguage":"es","@id":"https:\/\/www.sonoraenequipo.com.mx\/#\/schema\/logo\/image\/","url":"https:\/\/www.sonoraenequipo.com.mx\/storage\/2019\/01\/sonoraenequipo_opt.png","contentUrl":"https:\/\/www.sonoraenequipo.com.mx\/storage\/2019\/01\/sonoraenequipo_opt.png","width":375,"height":125,"caption":"Sonoraenequipo.com.mx"},"image":{"@id":"https:\/\/www.sonoraenequipo.com.mx\/#\/schema\/logo\/image\/"},"sameAs":["https:\/\/www.facebook.com\/SonoraEE\/","https:\/\/x.com\/sonoraenequipo","https:\/\/www.youtube.com\/channel\/UC338nW-lPEYmJQs4ZABQ1SQ"]},{"@type":"Person","@id":"https:\/\/www.sonoraenequipo.com.mx\/#\/schema\/person\/50102df0fb23a8fa9e8effad8fa81386","name":"enequipo","image":{"@type":"ImageObject","inLanguage":"es","@id":"https:\/\/www.sonoraenequipo.com.mx\/#\/schema\/person\/image\/","url":"https:\/\/secure.gravatar.com\/avatar\/049821681b589dabc0bc20695993ccebb09f5b5d4d790cd9251b97faac7c652b?s=96&d=blank&r=g","contentUrl":"https:\/\/secure.gravatar.com\/avatar\/049821681b589dabc0bc20695993ccebb09f5b5d4d790cd9251b97faac7c652b?s=96&d=blank&r=g","caption":"enequipo"},"sameAs":["https:\/\/www.facebook.com\/SonoraEE"]}]}},"jetpack_featured_media_url":"https:\/\/www.sonoraenequipo.com.mx\/storage\/2021\/07\/marcha-cubana_opt.jpg","_links":{"self":[{"href":"https:\/\/www.sonoraenequipo.com.mx\/api\/wp\/v2\/posts\/118311","targetHints":{"allow":["GET"]}}],"collection":[{"href":"https:\/\/www.sonoraenequipo.com.mx\/api\/wp\/v2\/posts"}],"about":[{"href":"https:\/\/www.sonoraenequipo.com.mx\/api\/wp\/v2\/types\/post"}],"author":[{"embeddable":true,"href":"https:\/\/www.sonoraenequipo.com.mx\/api\/wp\/v2\/users\/1"}],"replies":[{"embeddable":true,"href":"https:\/\/www.sonoraenequipo.com.mx\/api\/wp\/v2\/comments?post=118311"}],"version-history":[{"count":1,"href":"https:\/\/www.sonoraenequipo.com.mx\/api\/wp\/v2\/posts\/118311\/revisions"}],"predecessor-version":[{"id":118313,"href":"https:\/\/www.sonoraenequipo.com.mx\/api\/wp\/v2\/posts\/118311\/revisions\/118313"}],"wp:featuredmedia":[{"embeddable":true,"href":"https:\/\/www.sonoraenequipo.com.mx\/api\/wp\/v2\/media\/118312"}],"wp:attachment":[{"href":"https:\/\/www.sonoraenequipo.com.mx\/api\/wp\/v2\/media?parent=118311"}],"wp:term":[{"taxonomy":"category","embeddable":true,"href":"https:\/\/www.sonoraenequipo.com.mx\/api\/wp\/v2\/categories?post=118311"},{"taxonomy":"post_tag","embeddable":true,"href":"https:\/\/www.sonoraenequipo.com.mx\/api\/wp\/v2\/tags?post=118311"}],"curies":[{"name":"wp","href":"https:\/\/api.w.org\/{rel}","templated":true}]}}