{"id":118314,"date":"2021-07-12T23:55:19","date_gmt":"2021-07-13T06:55:19","guid":{"rendered":"https:\/\/www.sonoraenequipo.com.mx\/?p=118314"},"modified":"2021-07-13T10:07:10","modified_gmt":"2021-07-13T17:07:10","slug":"ratifican-que-loret-de-mola-sabia-de-montaje-contra-vallarta-y-cassez","status":"publish","type":"post","link":"https:\/\/www.sonoraenequipo.com.mx\/ratifican-que-loret-de-mola-sabia-de-montaje-contra-vallarta-y-cassez\/","title":{"rendered":"Ratifican que Loret de Mola sab\u00eda de montaje contra Vallarta y Cassez"},"content":{"rendered":"<p>TOUCA, ESTADO DE M\u00c9XICO. MX. \u2014 El lunes (12.07.2021), los periodistas Carlos Loret de Mola, Laura Barranco y Juan Manuel Maga\u00f1a, conductor, asistente de informaci\u00f3n y coordinador de informaci\u00f3n, respectivamente del noticiero matutino de Televisa, Primero Noticias, en 2005, sostuvieron un careo frente al juez tercero de distrito en materia de procesos federales, con sede en el Estado de M\u00e9xico, donde cada uno dio su versi\u00f3n respecto al montaje televisivo que tiene en la c\u00e1rcel a Israel Vallarta.<\/p>\n<p>&nbsp;<\/p>\n<p> <\/p>\n<p>El careo se realiz\u00f3 en una diligencia bajo la modalidad de video conferencia, en la que se intent\u00f3 dilucidar qui\u00e9n, dentro del noticiero, conoc\u00eda que el operativo de captura de Israel Vallarta y de su pareja sentimental, la francesa Florence Cassez, era un montaje orquestado por el entonces director de la Agencia Federal de Investigaci\u00f3n Genaro Garc\u00eda Luna, y que fue encabezado por Luis C\u00e1rdenas Palomino.<\/p>\n<p>&nbsp;<\/p>\n<p>Israel Vallarta lleva 16 a\u00f1os preso acusado de pertenecer y encabezar la banda de secuestradores Los Zodiaco, y Florence Cassez logr\u00f3 su libertad en 2013 tras comprobarse que el operativo en el que ambos fueron capturados el 9 de diciembre del 2005, fue un telemontaje, pues en realidad hab\u00edan sido detenidos dos d\u00edas antes, lo que implic\u00f3 violaciones al debido proceso.<\/p>\n<p>&nbsp;<\/p>\n<p>&nbsp;<\/p>\n<p>Durante el careo solicitado por la defensa de Vallarta, Laura Barranco y Juan Manuel Maga\u00f1a ratificaron su testimonio en el sentido de que el conductor del espacio noticioso, Carlos Loret de Mola, s\u00ed tuvo conocimiento de que el operativo de captura, pues era una recreaci\u00f3n de la captura.<\/p>\n<p>&nbsp;<\/p>\n<p>Maga\u00f1a expreso que Loret de Mola s\u00ed sab\u00eda del montaje del operativo, pues en un inicio no hab\u00eda se\u00f1al para trasmitirlo en vivo y entonces se grab\u00f3 la detenci\u00f3n para su posterior transmisi\u00f3n, pero cuando la vio Loret, dijo: <em>\u201cEso est\u00e1 ching\u00f3n; ser\u00e1 que se pueden regresar para la transmisi\u00f3n en vivo\u201d<\/em>, coment\u00f3 Maga\u00f1a, durante una entrevista que le concedi\u00f3 al programa Astillero de Julio Hern\u00e1ndez L\u00f3pez.<\/p>\n<p>&nbsp;<\/p>\n<p>Fue entonces, que los agentes de la AFI se alinearon de nueva cuenta, y en coordinaci\u00f3n con la producci\u00f3n del noticiero, esperaron el momento para tener se\u00f1al y lanzar el operativo en vivo, relat\u00f3.<\/p>\n<p>&nbsp;<\/p>\n<p>Loret se defendi\u00f3 con el argumento de que nadie en la producci\u00f3n, le alert\u00f3 que el operativo era un montaje.<\/p>\n<p>&nbsp;<\/p>\n<p>En un video que Carlos Loret difundi\u00f3 en redes sociales tras el careo, expres\u00f3 que para \u00e9l<em> \u201cfue un gran d\u00eda\u201d,<\/em> pues en la diligencia judicial ni Barranco ni Maga\u00f1a,<em> \u201cpudieron probar que fui c\u00f3mplice de las autoridades para este montaje\u201d.<\/em><\/p>\n<p>&nbsp;<\/p>\n<p><em>\u201cAl carearme con ambos, ninguno pudo probar lo que ven\u00eda diciendo que yo fui c\u00f3mplice de las autoridades en ese montaje. No acepto que se me se\u00f1ale de haberme coludido con las autoridades para hacer un montaje\u2026 Lo he dicho siempre y he ofrecido, una y otra vez, disculpas. Fue un error no haberme dado cuenta (del montaje) pero no acepto que se me se\u00f1ale de haberme coludido con las autoridades para hacer un montaje\u201d<\/em>, dijo.<\/p>\n<p>&nbsp;<\/p>\n<p>El conductor de televisi\u00f3n indic\u00f3 que esa versi\u00f3n ha sido la que se ha alentado por el gobierno de Andr\u00e9s Manuel L\u00f3pez Obrador, en respuesta a los se\u00f1alamientos que de corrupci\u00f3n que ha hecho de sus hermanos Pio y Mart\u00edn L\u00f3pez Obrador y de Manuel Bartlelt,<em> \u201cpor lo cual se ha querido ensa\u00f1ar conmigo\u201d.<\/em><\/p>\n<p>&nbsp;<\/p>\n<p>Al inicio de la diligencia, Israel Vallarta pidi\u00f3 que en esta ocasi\u00f3n, Loret de Mola no fuera asistido por un abogado, como ocurri\u00f3 en octubre del 2020, sino que \u00e9l respondiera directamente a las preguntas que se le formulaban. El abogado que acompa\u00f1\u00f3 al conductor de televisi\u00f3n, casi no particip\u00f3, aunque los familiares de Vallarta, presentes en la video conferencia, sospecharon que s\u00ed lo asisti\u00f3 al proveerle de respuestas por escrito que Loret le\u00eda.<\/p>\n<p>&nbsp;<\/p>\n<p>La esposa de Vallarta, Mary Sainz confi\u00f3 en que esta diligencia sirva para cerrar la instrucci\u00f3n del proceso penal y sea el elemento que permita al juez exonerar a su marido de la imputaci\u00f3n, pues ha quedado demostrado que hubo violaciones al debido proceso, debido a este telemontaje que todos han admitido.<\/p>\n<p>&nbsp;<\/p>\n<p>Este martes, los abogados y la esposa de Israel Vallarta, dar\u00e1n una conferencia de medios en el Zocalo capitalino donde dar\u00e1n a conocer m\u00e1s detalles de la audiencia y los pasos que seguir\u00e1n para lograr su liberaci\u00f3n tras 16 a\u00f1os preso.<\/p>\n<p>&nbsp;<\/p>\n<p>&nbsp;<\/p>\n<p>(Publicada el 12\/07\/2021 \/JORNADA)<\/p>\n","protected":false},"excerpt":{"rendered":"<p>TOUCA, ESTADO DE M\u00c9XICO. MX. \u2014 El lunes (12.07.2021), los periodistas Carlos Loret de Mola,&#8230;<\/p>\n","protected":false},"author":1,"featured_media":118315,"comment_status":"open","ping_status":"open","sticky":false,"template":"","format":"standard","meta":{"_monsterinsights_skip_tracking":false,"_monsterinsights_sitenote_active":false,"_monsterinsights_sitenote_note":"","_monsterinsights_sitenote_category":0,"footnotes":""},"categories":[5],"tags":[],"class_list":["post"],"yoast_head":" \n<title>Sonora en Equipo. Ratifican que Loret de Mola sab\u00eda de montaje contra Vallarta y Cassez Rep\u00fablica<\/title>\n<meta name=\"description\" content=\"TOUCA, ESTADO DE M\u00c9XICO. MX. \u2014 El lunes (12.07.2021), los periodistas Carlos Loret de Mola, Laura Barranco y Juan Manuel Maga\u00f1a, conductor, asistente de En Sonora en Equipo publicamos toda la informaci\u00f3n de Sonora, M\u00e9xico y el Mundo de manera oportuna y busca que la libertad de expresi\u00f3n sea real. Visita nuestro medio informativo publicado desde Hermosillo, Sonora. %\" \/>\n<meta name=\"robots\" content=\"index, follow, max-snippet:-1, max-image-preview:large, max-video-preview:-1\" \/>\n<link rel=\"canonical\" href=\"https:\/\/www.sonoraenequipo.com.mx\/ratifican-que-loret-de-mola-sabia-de-montaje-contra-vallarta-y-cassez\/\" \/>\n<meta property=\"og:locale\" content=\"es_ES\" \/>\n<meta property=\"og:type\" content=\"article\" \/>\n<meta property=\"og:title\" content=\"Sonora en Equipo. Ratifican que Loret de Mola sab\u00eda de montaje contra Vallarta y Cassez Rep\u00fablica\" \/>\n<meta property=\"og:description\" content=\"TOUCA, ESTADO DE M\u00c9XICO. MX. \u2014 El lunes (12.07.2021), los periodistas Carlos Loret de Mola, Laura Barranco y Juan Manuel Maga\u00f1a, conductor, asistente de En Sonora en Equipo publicamos toda la informaci\u00f3n de Sonora, M\u00e9xico y el Mundo de manera oportuna y busca que la libertad de expresi\u00f3n sea real. Visita nuestro medio informativo publicado desde Hermosillo, Sonora. %\" \/>\n<meta property=\"og:url\" content=\"https:\/\/www.sonoraenequipo.com.mx\/ratifican-que-loret-de-mola-sabia-de-montaje-contra-vallarta-y-cassez\/\" \/>\n<meta property=\"og:site_name\" content=\"Sonora en Equipo.\" \/>\n<meta property=\"article:publisher\" content=\"https:\/\/www.facebook.com\/SonoraEE\/\" \/>\n<meta property=\"article:author\" content=\"https:\/\/www.facebook.com\/SonoraEE\" \/>\n<meta property=\"article:published_time\" content=\"2021-07-13T06:55:19+00:00\" \/>\n<meta property=\"article:modified_time\" content=\"2021-07-13T17:07:10+00:00\" \/>\n<meta property=\"og:image\" content=\"https:\/\/www.sonoraenequipo.com.mx\/storage\/2021\/07\/vallarta-loret_opt.jpg\" \/>\n\t<meta property=\"og:image:width\" content=\"700\" \/>\n\t<meta property=\"og:image:height\" content=\"400\" \/>\n\t<meta property=\"og:image:type\" content=\"image\/jpeg\" \/>\n<meta name=\"author\" content=\"enequipo\" \/>\n<meta name=\"twitter:card\" content=\"summary_large_image\" \/>\n<meta name=\"twitter:creator\" content=\"@sonoraenequipo\" \/>\n<meta name=\"twitter:site\" content=\"@sonoraenequipo\" \/>\n<meta name=\"twitter:label1\" content=\"Escrito por\" \/>\n\t<meta name=\"twitter:data1\" content=\"enequipo\" \/>\n\t<meta name=\"twitter:label2\" content=\"Tiempo de lectura\" \/>\n\t<meta name=\"twitter:data2\" content=\"4 minutos\" \/>\n<script type=\"application\/ld+json\" class=\"yoast-schema-graph\">{\"@context\":\"https:\/\/schema.org\",\"@graph\":[{\"@type\":\"Article\",\"@id\":\"https:\/\/www.sonoraenequipo.com.mx\/ratifican-que-loret-de-mola-sabia-de-montaje-contra-vallarta-y-cassez\/#article\",\"isPartOf\":{\"@id\":\"https:\/\/www.sonoraenequipo.com.mx\/ratifican-que-loret-de-mola-sabia-de-montaje-contra-vallarta-y-cassez\/\"},\"author\":{\"name\":\"enequipo\",\"@id\":\"https:\/\/www.sonoraenequipo.com.mx\/#\/schema\/person\/50102df0fb23a8fa9e8effad8fa81386\"},\"headline\":\"Ratifican que Loret de Mola sab\u00eda de montaje contra Vallarta y Cassez\",\"datePublished\":\"2021-07-13T06:55:19+00:00\",\"dateModified\":\"2021-07-13T17:07:10+00:00\",\"mainEntityOfPage\":{\"@id\":\"https:\/\/www.sonoraenequipo.com.mx\/ratifican-que-loret-de-mola-sabia-de-montaje-contra-vallarta-y-cassez\/\"},\"wordCount\":793,\"commentCount\":0,\"publisher\":{\"@id\":\"https:\/\/www.sonoraenequipo.com.mx\/#organization\"},\"image\":{\"@id\":\"https:\/\/www.sonoraenequipo.com.mx\/ratifican-que-loret-de-mola-sabia-de-montaje-contra-vallarta-y-cassez\/#primaryimage\"},\"thumbnailUrl\":\"https:\/\/www.sonoraenequipo.com.mx\/storage\/2021\/07\/vallarta-loret_opt.jpg\",\"articleSection\":[\"Rep\u00fablica\"],\"inLanguage\":\"es\",\"potentialAction\":[{\"@type\":\"CommentAction\",\"name\":\"Comment\",\"target\":[\"https:\/\/www.sonoraenequipo.com.mx\/ratifican-que-loret-de-mola-sabia-de-montaje-contra-vallarta-y-cassez\/#respond\"]}]},{\"@type\":\"WebPage\",\"@id\":\"https:\/\/www.sonoraenequipo.com.mx\/ratifican-que-loret-de-mola-sabia-de-montaje-contra-vallarta-y-cassez\/\",\"url\":\"https:\/\/www.sonoraenequipo.com.mx\/ratifican-que-loret-de-mola-sabia-de-montaje-contra-vallarta-y-cassez\/\",\"name\":\"Sonora en Equipo. Ratifican que Loret de Mola sab\u00eda de montaje contra Vallarta y Cassez Rep\u00fablica\",\"isPartOf\":{\"@id\":\"https:\/\/www.sonoraenequipo.com.mx\/#website\"},\"primaryImageOfPage\":{\"@id\":\"https:\/\/www.sonoraenequipo.com.mx\/ratifican-que-loret-de-mola-sabia-de-montaje-contra-vallarta-y-cassez\/#primaryimage\"},\"image\":{\"@id\":\"https:\/\/www.sonoraenequipo.com.mx\/ratifican-que-loret-de-mola-sabia-de-montaje-contra-vallarta-y-cassez\/#primaryimage\"},\"thumbnailUrl\":\"https:\/\/www.sonoraenequipo.com.mx\/storage\/2021\/07\/vallarta-loret_opt.jpg\",\"datePublished\":\"2021-07-13T06:55:19+00:00\",\"dateModified\":\"2021-07-13T17:07:10+00:00\",\"description\":\"TOUCA, ESTADO DE M\u00c9XICO. MX. \u2014 El lunes (12.07.2021), los periodistas Carlos Loret de Mola, Laura Barranco y Juan Manuel Maga\u00f1a, conductor, asistente de En Sonora en Equipo publicamos toda la informaci\u00f3n de Sonora, M\u00e9xico y el Mundo de manera oportuna y busca que la libertad de expresi\u00f3n sea real. Visita nuestro medio informativo publicado desde Hermosillo, Sonora. %\",\"breadcrumb\":{\"@id\":\"https:\/\/www.sonoraenequipo.com.mx\/ratifican-que-loret-de-mola-sabia-de-montaje-contra-vallarta-y-cassez\/#breadcrumb\"},\"inLanguage\":\"es\",\"potentialAction\":[{\"@type\":\"ReadAction\",\"target\":[\"https:\/\/www.sonoraenequipo.com.mx\/ratifican-que-loret-de-mola-sabia-de-montaje-contra-vallarta-y-cassez\/\"]}]},{\"@type\":\"ImageObject\",\"inLanguage\":\"es\",\"@id\":\"https:\/\/www.sonoraenequipo.com.mx\/ratifican-que-loret-de-mola-sabia-de-montaje-contra-vallarta-y-cassez\/#primaryimage\",\"url\":\"https:\/\/www.sonoraenequipo.com.mx\/storage\/2021\/07\/vallarta-loret_opt.jpg\",\"contentUrl\":\"https:\/\/www.sonoraenequipo.com.mx\/storage\/2021\/07\/vallarta-loret_opt.jpg\",\"width\":700,\"height\":400},{\"@type\":\"BreadcrumbList\",\"@id\":\"https:\/\/www.sonoraenequipo.com.mx\/ratifican-que-loret-de-mola-sabia-de-montaje-contra-vallarta-y-cassez\/#breadcrumb\",\"itemListElement\":[{\"@type\":\"ListItem\",\"position\":1,\"name\":\"Portada\",\"item\":\"https:\/\/www.sonoraenequipo.com.mx\/\"},{\"@type\":\"ListItem\",\"position\":2,\"name\":\"Ratifican que Loret de Mola sab\u00eda de montaje contra Vallarta y Cassez\"}]},{\"@type\":\"WebSite\",\"@id\":\"https:\/\/www.sonoraenequipo.com.mx\/#website\",\"url\":\"https:\/\/www.sonoraenequipo.com.mx\/\",\"name\":\"Sonora en Equipo.\",\"description\":\"Diario en l\u00ednea con Noticias desde Hermosillo, Sonora\",\"publisher\":{\"@id\":\"https:\/\/www.sonoraenequipo.com.mx\/#organization\"},\"potentialAction\":[{\"@type\":\"SearchAction\",\"target\":{\"@type\":\"EntryPoint\",\"urlTemplate\":\"https:\/\/www.sonoraenequipo.com.mx\/?s={search_term_string}\"},\"query-input\":{\"@type\":\"PropertyValueSpecification\",\"valueRequired\":true,\"valueName\":\"search_term_string\"}}],\"inLanguage\":\"es\"},{\"@type\":\"Organization\",\"@id\":\"https:\/\/www.sonoraenequipo.com.mx\/#organization\",\"name\":\"Sonoraenequipo.com.mx\",\"url\":\"https:\/\/www.sonoraenequipo.com.mx\/\",\"logo\":{\"@type\":\"ImageObject\",\"inLanguage\":\"es\",\"@id\":\"https:\/\/www.sonoraenequipo.com.mx\/#\/schema\/logo\/image\/\",\"url\":\"https:\/\/www.sonoraenequipo.com.mx\/storage\/2019\/01\/sonoraenequipo_opt.png\",\"contentUrl\":\"https:\/\/www.sonoraenequipo.com.mx\/storage\/2019\/01\/sonoraenequipo_opt.png\",\"width\":375,\"height\":125,\"caption\":\"Sonoraenequipo.com.mx\"},\"image\":{\"@id\":\"https:\/\/www.sonoraenequipo.com.mx\/#\/schema\/logo\/image\/\"},\"sameAs\":[\"https:\/\/www.facebook.com\/SonoraEE\/\",\"https:\/\/x.com\/sonoraenequipo\",\"https:\/\/www.youtube.com\/channel\/UC338nW-lPEYmJQs4ZABQ1SQ\"]},{\"@type\":\"Person\",\"@id\":\"https:\/\/www.sonoraenequipo.com.mx\/#\/schema\/person\/50102df0fb23a8fa9e8effad8fa81386\",\"name\":\"enequipo\",\"image\":{\"@type\":\"ImageObject\",\"inLanguage\":\"es\",\"@id\":\"https:\/\/www.sonoraenequipo.com.mx\/#\/schema\/person\/image\/\",\"url\":\"https:\/\/secure.gravatar.com\/avatar\/049821681b589dabc0bc20695993ccebb09f5b5d4d790cd9251b97faac7c652b?s=96&d=blank&r=g\",\"contentUrl\":\"https:\/\/secure.gravatar.com\/avatar\/049821681b589dabc0bc20695993ccebb09f5b5d4d790cd9251b97faac7c652b?s=96&d=blank&r=g\",\"caption\":\"enequipo\"},\"sameAs\":[\"https:\/\/www.facebook.com\/SonoraEE\"]}]}<\/script>\n ","yoast_head_json":{"title":"Sonora en Equipo. Ratifican que Loret de Mola sab\u00eda de montaje contra Vallarta y Cassez Rep\u00fablica","description":"TOUCA, ESTADO DE M\u00c9XICO. MX. \u2014 El lunes (12.07.2021), los periodistas Carlos Loret de Mola, Laura Barranco y Juan Manuel Maga\u00f1a, conductor, asistente de En Sonora en Equipo publicamos toda la informaci\u00f3n de Sonora, M\u00e9xico y el Mundo de manera oportuna y busca que la libertad de expresi\u00f3n sea real. Visita nuestro medio informativo publicado desde Hermosillo, Sonora. %","robots":{"index":"index","follow":"follow","max-snippet":"max-snippet:-1","max-image-preview":"max-image-preview:large","max-video-preview":"max-video-preview:-1"},"canonical":"https:\/\/www.sonoraenequipo.com.mx\/ratifican-que-loret-de-mola-sabia-de-montaje-contra-vallarta-y-cassez\/","og_locale":"es_ES","og_type":"article","og_title":"Sonora en Equipo. Ratifican que Loret de Mola sab\u00eda de montaje contra Vallarta y Cassez Rep\u00fablica","og_description":"TOUCA, ESTADO DE M\u00c9XICO. MX. \u2014 El lunes (12.07.2021), los periodistas Carlos Loret de Mola, Laura Barranco y Juan Manuel Maga\u00f1a, conductor, asistente de En Sonora en Equipo publicamos toda la informaci\u00f3n de Sonora, M\u00e9xico y el Mundo de manera oportuna y busca que la libertad de expresi\u00f3n sea real. Visita nuestro medio informativo publicado desde Hermosillo, Sonora. %","og_url":"https:\/\/www.sonoraenequipo.com.mx\/ratifican-que-loret-de-mola-sabia-de-montaje-contra-vallarta-y-cassez\/","og_site_name":"Sonora en Equipo.","article_publisher":"https:\/\/www.facebook.com\/SonoraEE\/","article_author":"https:\/\/www.facebook.com\/SonoraEE","article_published_time":"2021-07-13T06:55:19+00:00","article_modified_time":"2021-07-13T17:07:10+00:00","og_image":[{"width":700,"height":400,"url":"https:\/\/www.sonoraenequipo.com.mx\/storage\/2021\/07\/vallarta-loret_opt.jpg","type":"image\/jpeg"}],"author":"enequipo","twitter_card":"summary_large_image","twitter_creator":"@sonoraenequipo","twitter_site":"@sonoraenequipo","twitter_misc":{"Escrito por":"enequipo","Tiempo de lectura":"4 minutos"},"schema":{"@context":"https:\/\/schema.org","@graph":[{"@type":"Article","@id":"https:\/\/www.sonoraenequipo.com.mx\/ratifican-que-loret-de-mola-sabia-de-montaje-contra-vallarta-y-cassez\/#article","isPartOf":{"@id":"https:\/\/www.sonoraenequipo.com.mx\/ratifican-que-loret-de-mola-sabia-de-montaje-contra-vallarta-y-cassez\/"},"author":{"name":"enequipo","@id":"https:\/\/www.sonoraenequipo.com.mx\/#\/schema\/person\/50102df0fb23a8fa9e8effad8fa81386"},"headline":"Ratifican que Loret de Mola sab\u00eda de montaje contra Vallarta y Cassez","datePublished":"2021-07-13T06:55:19+00:00","dateModified":"2021-07-13T17:07:10+00:00","mainEntityOfPage":{"@id":"https:\/\/www.sonoraenequipo.com.mx\/ratifican-que-loret-de-mola-sabia-de-montaje-contra-vallarta-y-cassez\/"},"wordCount":793,"commentCount":0,"publisher":{"@id":"https:\/\/www.sonoraenequipo.com.mx\/#organization"},"image":{"@id":"https:\/\/www.sonoraenequipo.com.mx\/ratifican-que-loret-de-mola-sabia-de-montaje-contra-vallarta-y-cassez\/#primaryimage"},"thumbnailUrl":"https:\/\/www.sonoraenequipo.com.mx\/storage\/2021\/07\/vallarta-loret_opt.jpg","articleSection":["Rep\u00fablica"],"inLanguage":"es","potentialAction":[{"@type":"CommentAction","name":"Comment","target":["https:\/\/www.sonoraenequipo.com.mx\/ratifican-que-loret-de-mola-sabia-de-montaje-contra-vallarta-y-cassez\/#respond"]}]},{"@type":"WebPage","@id":"https:\/\/www.sonoraenequipo.com.mx\/ratifican-que-loret-de-mola-sabia-de-montaje-contra-vallarta-y-cassez\/","url":"https:\/\/www.sonoraenequipo.com.mx\/ratifican-que-loret-de-mola-sabia-de-montaje-contra-vallarta-y-cassez\/","name":"Sonora en Equipo. Ratifican que Loret de Mola sab\u00eda de montaje contra Vallarta y Cassez Rep\u00fablica","isPartOf":{"@id":"https:\/\/www.sonoraenequipo.com.mx\/#website"},"primaryImageOfPage":{"@id":"https:\/\/www.sonoraenequipo.com.mx\/ratifican-que-loret-de-mola-sabia-de-montaje-contra-vallarta-y-cassez\/#primaryimage"},"image":{"@id":"https:\/\/www.sonoraenequipo.com.mx\/ratifican-que-loret-de-mola-sabia-de-montaje-contra-vallarta-y-cassez\/#primaryimage"},"thumbnailUrl":"https:\/\/www.sonoraenequipo.com.mx\/storage\/2021\/07\/vallarta-loret_opt.jpg","datePublished":"2021-07-13T06:55:19+00:00","dateModified":"2021-07-13T17:07:10+00:00","description":"TOUCA, ESTADO DE M\u00c9XICO. MX. \u2014 El lunes (12.07.2021), los periodistas Carlos Loret de Mola, Laura Barranco y Juan Manuel Maga\u00f1a, conductor, asistente de En Sonora en Equipo publicamos toda la informaci\u00f3n de Sonora, M\u00e9xico y el Mundo de manera oportuna y busca que la libertad de expresi\u00f3n sea real. Visita nuestro medio informativo publicado desde Hermosillo, Sonora. %","breadcrumb":{"@id":"https:\/\/www.sonoraenequipo.com.mx\/ratifican-que-loret-de-mola-sabia-de-montaje-contra-vallarta-y-cassez\/#breadcrumb"},"inLanguage":"es","potentialAction":[{"@type":"ReadAction","target":["https:\/\/www.sonoraenequipo.com.mx\/ratifican-que-loret-de-mola-sabia-de-montaje-contra-vallarta-y-cassez\/"]}]},{"@type":"ImageObject","inLanguage":"es","@id":"https:\/\/www.sonoraenequipo.com.mx\/ratifican-que-loret-de-mola-sabia-de-montaje-contra-vallarta-y-cassez\/#primaryimage","url":"https:\/\/www.sonoraenequipo.com.mx\/storage\/2021\/07\/vallarta-loret_opt.jpg","contentUrl":"https:\/\/www.sonoraenequipo.com.mx\/storage\/2021\/07\/vallarta-loret_opt.jpg","width":700,"height":400},{"@type":"BreadcrumbList","@id":"https:\/\/www.sonoraenequipo.com.mx\/ratifican-que-loret-de-mola-sabia-de-montaje-contra-vallarta-y-cassez\/#breadcrumb","itemListElement":[{"@type":"ListItem","position":1,"name":"Portada","item":"https:\/\/www.sonoraenequipo.com.mx\/"},{"@type":"ListItem","position":2,"name":"Ratifican que Loret de Mola sab\u00eda de montaje contra Vallarta y Cassez"}]},{"@type":"WebSite","@id":"https:\/\/www.sonoraenequipo.com.mx\/#website","url":"https:\/\/www.sonoraenequipo.com.mx\/","name":"Sonora en Equipo.","description":"Diario en l\u00ednea con Noticias desde Hermosillo, Sonora","publisher":{"@id":"https:\/\/www.sonoraenequipo.com.mx\/#organization"},"potentialAction":[{"@type":"SearchAction","target":{"@type":"EntryPoint","urlTemplate":"https:\/\/www.sonoraenequipo.com.mx\/?s={search_term_string}"},"query-input":{"@type":"PropertyValueSpecification","valueRequired":true,"valueName":"search_term_string"}}],"inLanguage":"es"},{"@type":"Organization","@id":"https:\/\/www.sonoraenequipo.com.mx\/#organization","name":"Sonoraenequipo.com.mx","url":"https:\/\/www.sonoraenequipo.com.mx\/","logo":{"@type":"ImageObject","inLanguage":"es","@id":"https:\/\/www.sonoraenequipo.com.mx\/#\/schema\/logo\/image\/","url":"https:\/\/www.sonoraenequipo.com.mx\/storage\/2019\/01\/sonoraenequipo_opt.png","contentUrl":"https:\/\/www.sonoraenequipo.com.mx\/storage\/2019\/01\/sonoraenequipo_opt.png","width":375,"height":125,"caption":"Sonoraenequipo.com.mx"},"image":{"@id":"https:\/\/www.sonoraenequipo.com.mx\/#\/schema\/logo\/image\/"},"sameAs":["https:\/\/www.facebook.com\/SonoraEE\/","https:\/\/x.com\/sonoraenequipo","https:\/\/www.youtube.com\/channel\/UC338nW-lPEYmJQs4ZABQ1SQ"]},{"@type":"Person","@id":"https:\/\/www.sonoraenequipo.com.mx\/#\/schema\/person\/50102df0fb23a8fa9e8effad8fa81386","name":"enequipo","image":{"@type":"ImageObject","inLanguage":"es","@id":"https:\/\/www.sonoraenequipo.com.mx\/#\/schema\/person\/image\/","url":"https:\/\/secure.gravatar.com\/avatar\/049821681b589dabc0bc20695993ccebb09f5b5d4d790cd9251b97faac7c652b?s=96&d=blank&r=g","contentUrl":"https:\/\/secure.gravatar.com\/avatar\/049821681b589dabc0bc20695993ccebb09f5b5d4d790cd9251b97faac7c652b?s=96&d=blank&r=g","caption":"enequipo"},"sameAs":["https:\/\/www.facebook.com\/SonoraEE"]}]}},"jetpack_featured_media_url":"https:\/\/www.sonoraenequipo.com.mx\/storage\/2021\/07\/vallarta-loret_opt.jpg","_links":{"self":[{"href":"https:\/\/www.sonoraenequipo.com.mx\/api\/wp\/v2\/posts\/118314","targetHints":{"allow":["GET"]}}],"collection":[{"href":"https:\/\/www.sonoraenequipo.com.mx\/api\/wp\/v2\/posts"}],"about":[{"href":"https:\/\/www.sonoraenequipo.com.mx\/api\/wp\/v2\/types\/post"}],"author":[{"embeddable":true,"href":"https:\/\/www.sonoraenequipo.com.mx\/api\/wp\/v2\/users\/1"}],"replies":[{"embeddable":true,"href":"https:\/\/www.sonoraenequipo.com.mx\/api\/wp\/v2\/comments?post=118314"}],"version-history":[{"count":1,"href":"https:\/\/www.sonoraenequipo.com.mx\/api\/wp\/v2\/posts\/118314\/revisions"}],"predecessor-version":[{"id":118316,"href":"https:\/\/www.sonoraenequipo.com.mx\/api\/wp\/v2\/posts\/118314\/revisions\/118316"}],"wp:featuredmedia":[{"embeddable":true,"href":"https:\/\/www.sonoraenequipo.com.mx\/api\/wp\/v2\/media\/118315"}],"wp:attachment":[{"href":"https:\/\/www.sonoraenequipo.com.mx\/api\/wp\/v2\/media?parent=118314"}],"wp:term":[{"taxonomy":"category","embeddable":true,"href":"https:\/\/www.sonoraenequipo.com.mx\/api\/wp\/v2\/categories?post=118314"},{"taxonomy":"post_tag","embeddable":true,"href":"https:\/\/www.sonoraenequipo.com.mx\/api\/wp\/v2\/tags?post=118314"}],"curies":[{"name":"wp","href":"https:\/\/api.w.org\/{rel}","templated":true}]}}