{"id":118318,"date":"2021-07-13T07:15:36","date_gmt":"2021-07-13T14:15:36","guid":{"rendered":"https:\/\/www.sonoraenequipo.com.mx\/?p=118318"},"modified":"2021-07-13T17:18:45","modified_gmt":"2021-07-14T00:18:45","slug":"retomar-habitos-saludables-evitara-ser-parte-de-la-poblacion-de-riesgo-clausen","status":"publish","type":"post","link":"https:\/\/www.sonoraenequipo.com.mx\/retomar-habitos-saludables-evitara-ser-parte-de-la-poblacion-de-riesgo-clausen\/","title":{"rendered":"Retomar h\u00e1bitos saludables evitar\u00e1 ser parte de la poblaci\u00f3n de riesgo: Clausen"},"content":{"rendered":"<p>\u25baConfirman dos defunciones y 124 nuevos casos por COVID-19<\/p>\n<p>HERMOSILLO, SONORA,MX.\u2500\u2500 En m\u00e1s de 400 d\u00edas de pandemia el COVID-19 nos ha ense\u00f1ado que las personas que sufren de enfermedades cr\u00f3nico degenerativas como hipertensi\u00f3n, diabetes, entre otras, son poblaci\u00f3n las m\u00e1s vulnerable ante este virus y otros padecimientos, inform\u00f3 Enrique Clausen Iberri, al confirmarse dos defunciones y 124 nuevos casos por COVID-19 en el estado.<\/p>\n<p>&nbsp;<\/p>\n<p>&nbsp;<\/p>\n<p>&nbsp;<\/p>\n<p>El secretario de Salud detall\u00f3 que para no formar parte de esta poblaci\u00f3n vulnerable es fundamental que se retomen h\u00e1bitos saludables como alimentaci\u00f3n, realizar ejercicio.<\/p>\n<p>&nbsp;<\/p>\n<p>&nbsp;<\/p>\n<p>&nbsp;<\/p>\n<p>\u201cEl coronavirus es un enemigo cruel y despiadado que va a aprovechar el punto m\u00e1s d\u00e9bil de nuestro cuerpo; aunque la vacuna es segura y es importante vacunarnos, tambi\u00e9n es importante que cuidemos nuestra salud con un estilo de vida sano, y continuar con el uso de cubrebocas, gel sanitizante y distanciamiento social\u201d, manifest\u00f3.<\/p>\n<p>&nbsp;<\/p>\n<p>&nbsp;<\/p>\n<p>&nbsp;<\/p>\n<p>En cuanto a los datos estad\u00edsticos de este lunes 71 mil 908 personas se han recuperado en Sonora, 11 pacientes fueron dados de alta; se confirmaron dos decesos por COVID-19 en una mujer y un hombre residentes de Hermosillo; derechohabientes del IMSS; para acumular 6 mil 577 defunciones.<\/p>\n<p>&nbsp;<\/p>\n<p>&nbsp;<\/p>\n<p>&nbsp;<\/p>\n<p>Se suman 124 nuevos casos en 63 hombres y 61 mujeres; acumul\u00e1ndose 81 mil 540 en total. Los nuevos casos son residentes de Hermosillo 61; Caborca 18; Cajeme 16; Guaymas siete; Navojoa seis; Nogales cuatro; Nacozari de Garc\u00eda, Agua Prieta y Benjam\u00edn Hill dos cada uno; San Luis R\u00edo Colorado, Empalme, Pitiquito, Gral. Plutarco El\u00edas Calles, Etchojoa y Magdalena uno cada uno.<\/p>\n<p>&nbsp;<\/p>\n<p>&nbsp;<\/p>\n<p>&nbsp;<\/p>\n<p>Se confirmaron ocho casos pedi\u00e1tricos en cinco ni\u00f1as y tres ni\u00f1os; acumul\u00e1ndose mil 680 casos en total; se confirmaron tres casos en mujeres embarazadas; acumul\u00e1ndose 565 casos en total. De los 124 casos de hoy, cuatro fueron en trabajadores de la salud de diversas instituciones.<\/p>\n<p>&nbsp;<\/p>\n<p>&nbsp;<\/p>\n<p>&nbsp;<\/p>\n<p>Al momento se han realizado 149 mil 335 pruebas; se han confirmado 81 mil 540 casos y descartado 67 mil 795; 11 mil 404 personas presentan cuadro leve (2 mil 842 activos y 8 mil 562 seguimiento terminado); 63 mil 346 pacientes curados; hospitalizados 213 (36 estables, 135 graves, 42 cr\u00edticos).<\/p>\n<p>&nbsp;<\/p>\n<p>&nbsp;<\/p>\n<p>&nbsp;<\/p>\n<p>&nbsp;<\/p>\n<p>&nbsp;<\/p>\n<p>Casos COVID-19 en Sonora 81,540 casos confirmados y 6,577 defunciones.<\/p>\n<p>Fecha de Publicaci\u00f3n\u00a0\u00a0 martes \/ 13\u00a0\u00a0 \/ julio \/ 2021<\/p>\n<p>&nbsp;<\/p>\n","protected":false},"excerpt":{"rendered":"<p>\u25baConfirman dos defunciones y 124 nuevos casos por COVID-19 HERMOSILLO, SONORA,MX.\u2500\u2500 En m\u00e1s de 400&#8230;<\/p>\n","protected":false},"author":1,"featured_media":107587,"comment_status":"open","ping_status":"open","sticky":false,"template":"","format":"standard","meta":{"_monsterinsights_skip_tracking":false,"_monsterinsights_sitenote_active":false,"_monsterinsights_sitenote_note":"","_monsterinsights_sitenote_category":0,"footnotes":""},"categories":[22],"tags":[4249,15],"class_list":["post"],"yoast_head":" \n<title>Sonora en Equipo. Retomar h\u00e1bitos saludables evitar\u00e1 ser parte de la poblaci\u00f3n de riesgo: Clausen Sonora<\/title>\n<meta name=\"description\" content=\"\u25baConfirman dos defunciones y 124 nuevos casos por COVID-19 HERMOSILLO, SONORA,MX.\u2500\u2500 En m\u00e1s de 400 d\u00edas de pandemia el COVID-19 nos ha ense\u00f1ado que las En Sonora en Equipo publicamos toda la informaci\u00f3n de Sonora, M\u00e9xico y el Mundo de manera oportuna y busca que la libertad de expresi\u00f3n sea real. Visita nuestro medio informativo publicado desde Hermosillo, Sonora. %\" \/>\n<meta name=\"robots\" content=\"index, follow, max-snippet:-1, max-image-preview:large, max-video-preview:-1\" \/>\n<link rel=\"canonical\" href=\"https:\/\/www.sonoraenequipo.com.mx\/retomar-habitos-saludables-evitara-ser-parte-de-la-poblacion-de-riesgo-clausen\/\" \/>\n<meta property=\"og:locale\" content=\"es_ES\" \/>\n<meta property=\"og:type\" content=\"article\" \/>\n<meta property=\"og:title\" content=\"Sonora en Equipo. Retomar h\u00e1bitos saludables evitar\u00e1 ser parte de la poblaci\u00f3n de riesgo: Clausen Sonora\" \/>\n<meta property=\"og:description\" content=\"\u25baConfirman dos defunciones y 124 nuevos casos por COVID-19 HERMOSILLO, SONORA,MX.\u2500\u2500 En m\u00e1s de 400 d\u00edas de pandemia el COVID-19 nos ha ense\u00f1ado que las En Sonora en Equipo publicamos toda la informaci\u00f3n de Sonora, M\u00e9xico y el Mundo de manera oportuna y busca que la libertad de expresi\u00f3n sea real. Visita nuestro medio informativo publicado desde Hermosillo, Sonora. %\" \/>\n<meta property=\"og:url\" content=\"https:\/\/www.sonoraenequipo.com.mx\/retomar-habitos-saludables-evitara-ser-parte-de-la-poblacion-de-riesgo-clausen\/\" \/>\n<meta property=\"og:site_name\" content=\"Sonora en Equipo.\" \/>\n<meta property=\"article:publisher\" content=\"https:\/\/www.facebook.com\/SonoraEE\/\" \/>\n<meta property=\"article:author\" content=\"https:\/\/www.facebook.com\/SonoraEE\" \/>\n<meta property=\"article:published_time\" content=\"2021-07-13T14:15:36+00:00\" \/>\n<meta property=\"article:modified_time\" content=\"2021-07-14T00:18:45+00:00\" \/>\n<meta property=\"og:image\" content=\"https:\/\/www.sonoraenequipo.com.mx\/storage\/2021\/02\/clausen.jpg\" \/>\n\t<meta property=\"og:image:width\" content=\"500\" \/>\n\t<meta property=\"og:image:height\" content=\"300\" \/>\n\t<meta property=\"og:image:type\" content=\"image\/jpeg\" \/>\n<meta name=\"author\" content=\"enequipo\" \/>\n<meta name=\"twitter:card\" content=\"summary_large_image\" \/>\n<meta name=\"twitter:creator\" content=\"@sonoraenequipo\" \/>\n<meta name=\"twitter:site\" content=\"@sonoraenequipo\" \/>\n<meta name=\"twitter:label1\" content=\"Escrito por\" \/>\n\t<meta name=\"twitter:data1\" content=\"enequipo\" \/>\n\t<meta name=\"twitter:label2\" content=\"Tiempo de lectura\" \/>\n\t<meta name=\"twitter:data2\" content=\"2 minutos\" \/>\n<script type=\"application\/ld+json\" class=\"yoast-schema-graph\">{\"@context\":\"https:\/\/schema.org\",\"@graph\":[{\"@type\":\"Article\",\"@id\":\"https:\/\/www.sonoraenequipo.com.mx\/retomar-habitos-saludables-evitara-ser-parte-de-la-poblacion-de-riesgo-clausen\/#article\",\"isPartOf\":{\"@id\":\"https:\/\/www.sonoraenequipo.com.mx\/retomar-habitos-saludables-evitara-ser-parte-de-la-poblacion-de-riesgo-clausen\/\"},\"author\":{\"name\":\"enequipo\",\"@id\":\"https:\/\/www.sonoraenequipo.com.mx\/#\/schema\/person\/50102df0fb23a8fa9e8effad8fa81386\"},\"headline\":\"Retomar h\u00e1bitos saludables evitar\u00e1 ser parte de la poblaci\u00f3n de riesgo: Clausen\",\"datePublished\":\"2021-07-13T14:15:36+00:00\",\"dateModified\":\"2021-07-14T00:18:45+00:00\",\"mainEntityOfPage\":{\"@id\":\"https:\/\/www.sonoraenequipo.com.mx\/retomar-habitos-saludables-evitara-ser-parte-de-la-poblacion-de-riesgo-clausen\/\"},\"wordCount\":391,\"commentCount\":0,\"publisher\":{\"@id\":\"https:\/\/www.sonoraenequipo.com.mx\/#organization\"},\"image\":{\"@id\":\"https:\/\/www.sonoraenequipo.com.mx\/retomar-habitos-saludables-evitara-ser-parte-de-la-poblacion-de-riesgo-clausen\/#primaryimage\"},\"thumbnailUrl\":\"https:\/\/www.sonoraenequipo.com.mx\/storage\/2021\/02\/clausen.jpg\",\"keywords\":[\"covid\",\"Sonora\"],\"articleSection\":[\"Sonora\"],\"inLanguage\":\"es\",\"potentialAction\":[{\"@type\":\"CommentAction\",\"name\":\"Comment\",\"target\":[\"https:\/\/www.sonoraenequipo.com.mx\/retomar-habitos-saludables-evitara-ser-parte-de-la-poblacion-de-riesgo-clausen\/#respond\"]}]},{\"@type\":\"WebPage\",\"@id\":\"https:\/\/www.sonoraenequipo.com.mx\/retomar-habitos-saludables-evitara-ser-parte-de-la-poblacion-de-riesgo-clausen\/\",\"url\":\"https:\/\/www.sonoraenequipo.com.mx\/retomar-habitos-saludables-evitara-ser-parte-de-la-poblacion-de-riesgo-clausen\/\",\"name\":\"Sonora en Equipo. Retomar h\u00e1bitos saludables evitar\u00e1 ser parte de la poblaci\u00f3n de riesgo: Clausen Sonora\",\"isPartOf\":{\"@id\":\"https:\/\/www.sonoraenequipo.com.mx\/#website\"},\"primaryImageOfPage\":{\"@id\":\"https:\/\/www.sonoraenequipo.com.mx\/retomar-habitos-saludables-evitara-ser-parte-de-la-poblacion-de-riesgo-clausen\/#primaryimage\"},\"image\":{\"@id\":\"https:\/\/www.sonoraenequipo.com.mx\/retomar-habitos-saludables-evitara-ser-parte-de-la-poblacion-de-riesgo-clausen\/#primaryimage\"},\"thumbnailUrl\":\"https:\/\/www.sonoraenequipo.com.mx\/storage\/2021\/02\/clausen.jpg\",\"datePublished\":\"2021-07-13T14:15:36+00:00\",\"dateModified\":\"2021-07-14T00:18:45+00:00\",\"description\":\"\u25baConfirman dos defunciones y 124 nuevos casos por COVID-19 HERMOSILLO, SONORA,MX.\u2500\u2500 En m\u00e1s de 400 d\u00edas de pandemia el COVID-19 nos ha ense\u00f1ado que las En Sonora en Equipo publicamos toda la informaci\u00f3n de Sonora, M\u00e9xico y el Mundo de manera oportuna y busca que la libertad de expresi\u00f3n sea real. Visita nuestro medio informativo publicado desde Hermosillo, Sonora. %\",\"breadcrumb\":{\"@id\":\"https:\/\/www.sonoraenequipo.com.mx\/retomar-habitos-saludables-evitara-ser-parte-de-la-poblacion-de-riesgo-clausen\/#breadcrumb\"},\"inLanguage\":\"es\",\"potentialAction\":[{\"@type\":\"ReadAction\",\"target\":[\"https:\/\/www.sonoraenequipo.com.mx\/retomar-habitos-saludables-evitara-ser-parte-de-la-poblacion-de-riesgo-clausen\/\"]}]},{\"@type\":\"ImageObject\",\"inLanguage\":\"es\",\"@id\":\"https:\/\/www.sonoraenequipo.com.mx\/retomar-habitos-saludables-evitara-ser-parte-de-la-poblacion-de-riesgo-clausen\/#primaryimage\",\"url\":\"https:\/\/www.sonoraenequipo.com.mx\/storage\/2021\/02\/clausen.jpg\",\"contentUrl\":\"https:\/\/www.sonoraenequipo.com.mx\/storage\/2021\/02\/clausen.jpg\",\"width\":500,\"height\":300},{\"@type\":\"BreadcrumbList\",\"@id\":\"https:\/\/www.sonoraenequipo.com.mx\/retomar-habitos-saludables-evitara-ser-parte-de-la-poblacion-de-riesgo-clausen\/#breadcrumb\",\"itemListElement\":[{\"@type\":\"ListItem\",\"position\":1,\"name\":\"Portada\",\"item\":\"https:\/\/www.sonoraenequipo.com.mx\/\"},{\"@type\":\"ListItem\",\"position\":2,\"name\":\"Retomar h\u00e1bitos saludables evitar\u00e1 ser parte de la poblaci\u00f3n de riesgo: Clausen\"}]},{\"@type\":\"WebSite\",\"@id\":\"https:\/\/www.sonoraenequipo.com.mx\/#website\",\"url\":\"https:\/\/www.sonoraenequipo.com.mx\/\",\"name\":\"Sonora en Equipo.\",\"description\":\"Diario en l\u00ednea con Noticias desde Hermosillo, Sonora\",\"publisher\":{\"@id\":\"https:\/\/www.sonoraenequipo.com.mx\/#organization\"},\"potentialAction\":[{\"@type\":\"SearchAction\",\"target\":{\"@type\":\"EntryPoint\",\"urlTemplate\":\"https:\/\/www.sonoraenequipo.com.mx\/?s={search_term_string}\"},\"query-input\":{\"@type\":\"PropertyValueSpecification\",\"valueRequired\":true,\"valueName\":\"search_term_string\"}}],\"inLanguage\":\"es\"},{\"@type\":\"Organization\",\"@id\":\"https:\/\/www.sonoraenequipo.com.mx\/#organization\",\"name\":\"Sonoraenequipo.com.mx\",\"url\":\"https:\/\/www.sonoraenequipo.com.mx\/\",\"logo\":{\"@type\":\"ImageObject\",\"inLanguage\":\"es\",\"@id\":\"https:\/\/www.sonoraenequipo.com.mx\/#\/schema\/logo\/image\/\",\"url\":\"https:\/\/www.sonoraenequipo.com.mx\/storage\/2019\/01\/sonoraenequipo_opt.png\",\"contentUrl\":\"https:\/\/www.sonoraenequipo.com.mx\/storage\/2019\/01\/sonoraenequipo_opt.png\",\"width\":375,\"height\":125,\"caption\":\"Sonoraenequipo.com.mx\"},\"image\":{\"@id\":\"https:\/\/www.sonoraenequipo.com.mx\/#\/schema\/logo\/image\/\"},\"sameAs\":[\"https:\/\/www.facebook.com\/SonoraEE\/\",\"https:\/\/x.com\/sonoraenequipo\",\"https:\/\/www.youtube.com\/channel\/UC338nW-lPEYmJQs4ZABQ1SQ\"]},{\"@type\":\"Person\",\"@id\":\"https:\/\/www.sonoraenequipo.com.mx\/#\/schema\/person\/50102df0fb23a8fa9e8effad8fa81386\",\"name\":\"enequipo\",\"image\":{\"@type\":\"ImageObject\",\"inLanguage\":\"es\",\"@id\":\"https:\/\/www.sonoraenequipo.com.mx\/#\/schema\/person\/image\/\",\"url\":\"https:\/\/secure.gravatar.com\/avatar\/049821681b589dabc0bc20695993ccebb09f5b5d4d790cd9251b97faac7c652b?s=96&d=blank&r=g\",\"contentUrl\":\"https:\/\/secure.gravatar.com\/avatar\/049821681b589dabc0bc20695993ccebb09f5b5d4d790cd9251b97faac7c652b?s=96&d=blank&r=g\",\"caption\":\"enequipo\"},\"sameAs\":[\"https:\/\/www.facebook.com\/SonoraEE\"]}]}<\/script>\n ","yoast_head_json":{"title":"Sonora en Equipo. Retomar h\u00e1bitos saludables evitar\u00e1 ser parte de la poblaci\u00f3n de riesgo: Clausen Sonora","description":"\u25baConfirman dos defunciones y 124 nuevos casos por COVID-19 HERMOSILLO, SONORA,MX.\u2500\u2500 En m\u00e1s de 400 d\u00edas de pandemia el COVID-19 nos ha ense\u00f1ado que las En Sonora en Equipo publicamos toda la informaci\u00f3n de Sonora, M\u00e9xico y el Mundo de manera oportuna y busca que la libertad de expresi\u00f3n sea real. Visita nuestro medio informativo publicado desde Hermosillo, Sonora. %","robots":{"index":"index","follow":"follow","max-snippet":"max-snippet:-1","max-image-preview":"max-image-preview:large","max-video-preview":"max-video-preview:-1"},"canonical":"https:\/\/www.sonoraenequipo.com.mx\/retomar-habitos-saludables-evitara-ser-parte-de-la-poblacion-de-riesgo-clausen\/","og_locale":"es_ES","og_type":"article","og_title":"Sonora en Equipo. Retomar h\u00e1bitos saludables evitar\u00e1 ser parte de la poblaci\u00f3n de riesgo: Clausen Sonora","og_description":"\u25baConfirman dos defunciones y 124 nuevos casos por COVID-19 HERMOSILLO, SONORA,MX.\u2500\u2500 En m\u00e1s de 400 d\u00edas de pandemia el COVID-19 nos ha ense\u00f1ado que las En Sonora en Equipo publicamos toda la informaci\u00f3n de Sonora, M\u00e9xico y el Mundo de manera oportuna y busca que la libertad de expresi\u00f3n sea real. Visita nuestro medio informativo publicado desde Hermosillo, Sonora. %","og_url":"https:\/\/www.sonoraenequipo.com.mx\/retomar-habitos-saludables-evitara-ser-parte-de-la-poblacion-de-riesgo-clausen\/","og_site_name":"Sonora en Equipo.","article_publisher":"https:\/\/www.facebook.com\/SonoraEE\/","article_author":"https:\/\/www.facebook.com\/SonoraEE","article_published_time":"2021-07-13T14:15:36+00:00","article_modified_time":"2021-07-14T00:18:45+00:00","og_image":[{"width":500,"height":300,"url":"https:\/\/www.sonoraenequipo.com.mx\/storage\/2021\/02\/clausen.jpg","type":"image\/jpeg"}],"author":"enequipo","twitter_card":"summary_large_image","twitter_creator":"@sonoraenequipo","twitter_site":"@sonoraenequipo","twitter_misc":{"Escrito por":"enequipo","Tiempo de lectura":"2 minutos"},"schema":{"@context":"https:\/\/schema.org","@graph":[{"@type":"Article","@id":"https:\/\/www.sonoraenequipo.com.mx\/retomar-habitos-saludables-evitara-ser-parte-de-la-poblacion-de-riesgo-clausen\/#article","isPartOf":{"@id":"https:\/\/www.sonoraenequipo.com.mx\/retomar-habitos-saludables-evitara-ser-parte-de-la-poblacion-de-riesgo-clausen\/"},"author":{"name":"enequipo","@id":"https:\/\/www.sonoraenequipo.com.mx\/#\/schema\/person\/50102df0fb23a8fa9e8effad8fa81386"},"headline":"Retomar h\u00e1bitos saludables evitar\u00e1 ser parte de la poblaci\u00f3n de riesgo: Clausen","datePublished":"2021-07-13T14:15:36+00:00","dateModified":"2021-07-14T00:18:45+00:00","mainEntityOfPage":{"@id":"https:\/\/www.sonoraenequipo.com.mx\/retomar-habitos-saludables-evitara-ser-parte-de-la-poblacion-de-riesgo-clausen\/"},"wordCount":391,"commentCount":0,"publisher":{"@id":"https:\/\/www.sonoraenequipo.com.mx\/#organization"},"image":{"@id":"https:\/\/www.sonoraenequipo.com.mx\/retomar-habitos-saludables-evitara-ser-parte-de-la-poblacion-de-riesgo-clausen\/#primaryimage"},"thumbnailUrl":"https:\/\/www.sonoraenequipo.com.mx\/storage\/2021\/02\/clausen.jpg","keywords":["covid","Sonora"],"articleSection":["Sonora"],"inLanguage":"es","potentialAction":[{"@type":"CommentAction","name":"Comment","target":["https:\/\/www.sonoraenequipo.com.mx\/retomar-habitos-saludables-evitara-ser-parte-de-la-poblacion-de-riesgo-clausen\/#respond"]}]},{"@type":"WebPage","@id":"https:\/\/www.sonoraenequipo.com.mx\/retomar-habitos-saludables-evitara-ser-parte-de-la-poblacion-de-riesgo-clausen\/","url":"https:\/\/www.sonoraenequipo.com.mx\/retomar-habitos-saludables-evitara-ser-parte-de-la-poblacion-de-riesgo-clausen\/","name":"Sonora en Equipo. Retomar h\u00e1bitos saludables evitar\u00e1 ser parte de la poblaci\u00f3n de riesgo: Clausen Sonora","isPartOf":{"@id":"https:\/\/www.sonoraenequipo.com.mx\/#website"},"primaryImageOfPage":{"@id":"https:\/\/www.sonoraenequipo.com.mx\/retomar-habitos-saludables-evitara-ser-parte-de-la-poblacion-de-riesgo-clausen\/#primaryimage"},"image":{"@id":"https:\/\/www.sonoraenequipo.com.mx\/retomar-habitos-saludables-evitara-ser-parte-de-la-poblacion-de-riesgo-clausen\/#primaryimage"},"thumbnailUrl":"https:\/\/www.sonoraenequipo.com.mx\/storage\/2021\/02\/clausen.jpg","datePublished":"2021-07-13T14:15:36+00:00","dateModified":"2021-07-14T00:18:45+00:00","description":"\u25baConfirman dos defunciones y 124 nuevos casos por COVID-19 HERMOSILLO, SONORA,MX.\u2500\u2500 En m\u00e1s de 400 d\u00edas de pandemia el COVID-19 nos ha ense\u00f1ado que las En Sonora en Equipo publicamos toda la informaci\u00f3n de Sonora, M\u00e9xico y el Mundo de manera oportuna y busca que la libertad de expresi\u00f3n sea real. Visita nuestro medio informativo publicado desde Hermosillo, Sonora. %","breadcrumb":{"@id":"https:\/\/www.sonoraenequipo.com.mx\/retomar-habitos-saludables-evitara-ser-parte-de-la-poblacion-de-riesgo-clausen\/#breadcrumb"},"inLanguage":"es","potentialAction":[{"@type":"ReadAction","target":["https:\/\/www.sonoraenequipo.com.mx\/retomar-habitos-saludables-evitara-ser-parte-de-la-poblacion-de-riesgo-clausen\/"]}]},{"@type":"ImageObject","inLanguage":"es","@id":"https:\/\/www.sonoraenequipo.com.mx\/retomar-habitos-saludables-evitara-ser-parte-de-la-poblacion-de-riesgo-clausen\/#primaryimage","url":"https:\/\/www.sonoraenequipo.com.mx\/storage\/2021\/02\/clausen.jpg","contentUrl":"https:\/\/www.sonoraenequipo.com.mx\/storage\/2021\/02\/clausen.jpg","width":500,"height":300},{"@type":"BreadcrumbList","@id":"https:\/\/www.sonoraenequipo.com.mx\/retomar-habitos-saludables-evitara-ser-parte-de-la-poblacion-de-riesgo-clausen\/#breadcrumb","itemListElement":[{"@type":"ListItem","position":1,"name":"Portada","item":"https:\/\/www.sonoraenequipo.com.mx\/"},{"@type":"ListItem","position":2,"name":"Retomar h\u00e1bitos saludables evitar\u00e1 ser parte de la poblaci\u00f3n de riesgo: Clausen"}]},{"@type":"WebSite","@id":"https:\/\/www.sonoraenequipo.com.mx\/#website","url":"https:\/\/www.sonoraenequipo.com.mx\/","name":"Sonora en Equipo.","description":"Diario en l\u00ednea con Noticias desde Hermosillo, Sonora","publisher":{"@id":"https:\/\/www.sonoraenequipo.com.mx\/#organization"},"potentialAction":[{"@type":"SearchAction","target":{"@type":"EntryPoint","urlTemplate":"https:\/\/www.sonoraenequipo.com.mx\/?s={search_term_string}"},"query-input":{"@type":"PropertyValueSpecification","valueRequired":true,"valueName":"search_term_string"}}],"inLanguage":"es"},{"@type":"Organization","@id":"https:\/\/www.sonoraenequipo.com.mx\/#organization","name":"Sonoraenequipo.com.mx","url":"https:\/\/www.sonoraenequipo.com.mx\/","logo":{"@type":"ImageObject","inLanguage":"es","@id":"https:\/\/www.sonoraenequipo.com.mx\/#\/schema\/logo\/image\/","url":"https:\/\/www.sonoraenequipo.com.mx\/storage\/2019\/01\/sonoraenequipo_opt.png","contentUrl":"https:\/\/www.sonoraenequipo.com.mx\/storage\/2019\/01\/sonoraenequipo_opt.png","width":375,"height":125,"caption":"Sonoraenequipo.com.mx"},"image":{"@id":"https:\/\/www.sonoraenequipo.com.mx\/#\/schema\/logo\/image\/"},"sameAs":["https:\/\/www.facebook.com\/SonoraEE\/","https:\/\/x.com\/sonoraenequipo","https:\/\/www.youtube.com\/channel\/UC338nW-lPEYmJQs4ZABQ1SQ"]},{"@type":"Person","@id":"https:\/\/www.sonoraenequipo.com.mx\/#\/schema\/person\/50102df0fb23a8fa9e8effad8fa81386","name":"enequipo","image":{"@type":"ImageObject","inLanguage":"es","@id":"https:\/\/www.sonoraenequipo.com.mx\/#\/schema\/person\/image\/","url":"https:\/\/secure.gravatar.com\/avatar\/049821681b589dabc0bc20695993ccebb09f5b5d4d790cd9251b97faac7c652b?s=96&d=blank&r=g","contentUrl":"https:\/\/secure.gravatar.com\/avatar\/049821681b589dabc0bc20695993ccebb09f5b5d4d790cd9251b97faac7c652b?s=96&d=blank&r=g","caption":"enequipo"},"sameAs":["https:\/\/www.facebook.com\/SonoraEE"]}]}},"jetpack_featured_media_url":"https:\/\/www.sonoraenequipo.com.mx\/storage\/2021\/02\/clausen.jpg","_links":{"self":[{"href":"https:\/\/www.sonoraenequipo.com.mx\/api\/wp\/v2\/posts\/118318","targetHints":{"allow":["GET"]}}],"collection":[{"href":"https:\/\/www.sonoraenequipo.com.mx\/api\/wp\/v2\/posts"}],"about":[{"href":"https:\/\/www.sonoraenequipo.com.mx\/api\/wp\/v2\/types\/post"}],"author":[{"embeddable":true,"href":"https:\/\/www.sonoraenequipo.com.mx\/api\/wp\/v2\/users\/1"}],"replies":[{"embeddable":true,"href":"https:\/\/www.sonoraenequipo.com.mx\/api\/wp\/v2\/comments?post=118318"}],"version-history":[{"count":1,"href":"https:\/\/www.sonoraenequipo.com.mx\/api\/wp\/v2\/posts\/118318\/revisions"}],"predecessor-version":[{"id":118319,"href":"https:\/\/www.sonoraenequipo.com.mx\/api\/wp\/v2\/posts\/118318\/revisions\/118319"}],"wp:featuredmedia":[{"embeddable":true,"href":"https:\/\/www.sonoraenequipo.com.mx\/api\/wp\/v2\/media\/107587"}],"wp:attachment":[{"href":"https:\/\/www.sonoraenequipo.com.mx\/api\/wp\/v2\/media?parent=118318"}],"wp:term":[{"taxonomy":"category","embeddable":true,"href":"https:\/\/www.sonoraenequipo.com.mx\/api\/wp\/v2\/categories?post=118318"},{"taxonomy":"post_tag","embeddable":true,"href":"https:\/\/www.sonoraenequipo.com.mx\/api\/wp\/v2\/tags?post=118318"}],"curies":[{"name":"wp","href":"https:\/\/api.w.org\/{rel}","templated":true}]}}