{"id":118330,"date":"2021-07-13T08:28:55","date_gmt":"2021-07-13T15:28:55","guid":{"rendered":"https:\/\/www.sonoraenequipo.com.mx\/?p=118330"},"modified":"2021-07-13T13:01:24","modified_gmt":"2021-07-13T20:01:24","slug":"todos-tienen-posibilidad-dice-el-presidente-del-destape-de-ebrard-para-2024","status":"publish","type":"post","link":"https:\/\/www.sonoraenequipo.com.mx\/todos-tienen-posibilidad-dice-el-presidente-del-destape-de-ebrard-para-2024\/","title":{"rendered":"\u201cTodos tienen posibilidad\u201d, dice el Presidente del destape de Ebrard para 2024"},"content":{"rendered":"<p>CIUDAD DE M\u00c9XICO. MX. \u2014 El Presidente Andr\u00e9s Manuel L\u00f3pez Obrador dijo esta ma\u00f1ana que <em>\u201ctodos tienen posibilidad, de acuerdo a la Constituci\u00f3n\u201d,<\/em> cuando fue cuestionado sobre el destape de Marcelo Ebrard Casaub\u00f3n para la carrera presidencial de 2024.<\/p>\n<p>&nbsp;<\/p>\n<p> <\/p>\n<p>&nbsp;<\/p>\n<p><em>\u201cEst\u00e1n cumpliendo con su responsabilidad, que es lo principal: servir al pueblo. All\u00ed est\u00e1n, trabajando en sus tareas, en sus funciones. Lo est\u00e1n haciendo muy bien, todos. Y ya en su momento, con el procedimiento democr\u00e1tico que elijan los partidos, se tiene que decir\u201d,<\/em> afirm\u00f3.<\/p>\n<p>&nbsp;<\/p>\n<p><em>\u201cAyer habl\u00e9 de que soy como el destapador. Nada m\u00e1s que mi corcholata favorita va a ser la que el pueblo quiera\u201d.<\/em><\/p>\n<p>&nbsp;<\/p>\n<p><strong>\u2013\u00bfY se van a poder controlar las corcholatas?<\/strong> \u2013pregunt\u00f3 un reportero.<\/p>\n<p>&nbsp;<\/p>\n<p><em>\u2013\u00a1Ah! El pueblo pone a cada quien en su sitio<\/em> \u2013dijo el Presidente.<\/p>\n<p>&nbsp;<\/p>\n<p><em>\u201cEs que la gente ya es la principal protagonista del cambio. Ya hay democracia plena, ya son los ciudadanos los que deciden. Ya es muy poderosa la fuerza de la opini\u00f3n p\u00fablica, pero no pensemos que es la \u00fanica que existe en la idea de que los medios de informaci\u00f3n convencional la van formando. Es lo que se transmite de boca en boca, el corre la voz. Es la informaci\u00f3n que se obtiene en familia\u201d<\/em>, dijo.<\/p>\n<p>&nbsp;<\/p>\n<p>(Publicada el 13\/07\/2021 \/ Con informaci\u00f3n de EFE)<\/p>\n","protected":false},"excerpt":{"rendered":"<p>CIUDAD DE M\u00c9XICO. MX. \u2014 El Presidente Andr\u00e9s Manuel L\u00f3pez Obrador dijo esta ma\u00f1ana que&#8230;<\/p>\n","protected":false},"author":1,"featured_media":118332,"comment_status":"open","ping_status":"open","sticky":false,"template":"","format":"standard","meta":{"_monsterinsights_skip_tracking":false,"_monsterinsights_sitenote_active":false,"_monsterinsights_sitenote_note":"","_monsterinsights_sitenote_category":0,"footnotes":""},"categories":[5],"tags":[],"class_list":["post"],"yoast_head":" \n<title>Sonora en Equipo. \u201cTodos tienen posibilidad\u201d, dice el Presidente del destape de Ebrard para 2024 Rep\u00fablica<\/title>\n<meta name=\"description\" content=\"CIUDAD DE M\u00c9XICO. MX. \u2014 El Presidente Andr\u00e9s Manuel L\u00f3pez Obrador dijo esta ma\u00f1ana que \u201ctodos tienen posibilidad, de acuerdo a la Constituci\u00f3n\u201d, cuando En Sonora en Equipo publicamos toda la informaci\u00f3n de Sonora, M\u00e9xico y el Mundo de manera oportuna y busca que la libertad de expresi\u00f3n sea real. Visita nuestro medio informativo publicado desde Hermosillo, Sonora. %\" \/>\n<meta name=\"robots\" content=\"index, follow, max-snippet:-1, max-image-preview:large, max-video-preview:-1\" \/>\n<link rel=\"canonical\" href=\"https:\/\/www.sonoraenequipo.com.mx\/todos-tienen-posibilidad-dice-el-presidente-del-destape-de-ebrard-para-2024\/\" \/>\n<meta property=\"og:locale\" content=\"es_ES\" \/>\n<meta property=\"og:type\" content=\"article\" \/>\n<meta property=\"og:title\" content=\"Sonora en Equipo. \u201cTodos tienen posibilidad\u201d, dice el Presidente del destape de Ebrard para 2024 Rep\u00fablica\" \/>\n<meta property=\"og:description\" content=\"CIUDAD DE M\u00c9XICO. MX. \u2014 El Presidente Andr\u00e9s Manuel L\u00f3pez Obrador dijo esta ma\u00f1ana que \u201ctodos tienen posibilidad, de acuerdo a la Constituci\u00f3n\u201d, cuando En Sonora en Equipo publicamos toda la informaci\u00f3n de Sonora, M\u00e9xico y el Mundo de manera oportuna y busca que la libertad de expresi\u00f3n sea real. Visita nuestro medio informativo publicado desde Hermosillo, Sonora. %\" \/>\n<meta property=\"og:url\" content=\"https:\/\/www.sonoraenequipo.com.mx\/todos-tienen-posibilidad-dice-el-presidente-del-destape-de-ebrard-para-2024\/\" \/>\n<meta property=\"og:site_name\" content=\"Sonora en Equipo.\" \/>\n<meta property=\"article:publisher\" content=\"https:\/\/www.facebook.com\/SonoraEE\/\" \/>\n<meta property=\"article:author\" content=\"https:\/\/www.facebook.com\/SonoraEE\" \/>\n<meta property=\"article:published_time\" content=\"2021-07-13T15:28:55+00:00\" \/>\n<meta property=\"article:modified_time\" content=\"2021-07-13T20:01:24+00:00\" \/>\n<meta property=\"og:image\" content=\"https:\/\/www.sonoraenequipo.com.mx\/storage\/2021\/07\/amlo-conferencia_opt.jpg\" \/>\n\t<meta property=\"og:image:width\" content=\"700\" \/>\n\t<meta property=\"og:image:height\" content=\"400\" \/>\n\t<meta property=\"og:image:type\" content=\"image\/jpeg\" \/>\n<meta name=\"author\" content=\"enequipo\" \/>\n<meta name=\"twitter:card\" content=\"summary_large_image\" \/>\n<meta name=\"twitter:creator\" content=\"@sonoraenequipo\" \/>\n<meta name=\"twitter:site\" content=\"@sonoraenequipo\" \/>\n<meta name=\"twitter:label1\" content=\"Escrito por\" \/>\n\t<meta name=\"twitter:data1\" content=\"enequipo\" \/>\n\t<meta name=\"twitter:label2\" content=\"Tiempo de lectura\" \/>\n\t<meta name=\"twitter:data2\" content=\"1 minuto\" \/>\n<script type=\"application\/ld+json\" class=\"yoast-schema-graph\">{\"@context\":\"https:\/\/schema.org\",\"@graph\":[{\"@type\":\"Article\",\"@id\":\"https:\/\/www.sonoraenequipo.com.mx\/todos-tienen-posibilidad-dice-el-presidente-del-destape-de-ebrard-para-2024\/#article\",\"isPartOf\":{\"@id\":\"https:\/\/www.sonoraenequipo.com.mx\/todos-tienen-posibilidad-dice-el-presidente-del-destape-de-ebrard-para-2024\/\"},\"author\":{\"name\":\"enequipo\",\"@id\":\"https:\/\/www.sonoraenequipo.com.mx\/#\/schema\/person\/50102df0fb23a8fa9e8effad8fa81386\"},\"headline\":\"\u201cTodos tienen posibilidad\u201d, dice el Presidente del destape de Ebrard para 2024\",\"datePublished\":\"2021-07-13T15:28:55+00:00\",\"dateModified\":\"2021-07-13T20:01:24+00:00\",\"mainEntityOfPage\":{\"@id\":\"https:\/\/www.sonoraenequipo.com.mx\/todos-tienen-posibilidad-dice-el-presidente-del-destape-de-ebrard-para-2024\/\"},\"wordCount\":244,\"commentCount\":0,\"publisher\":{\"@id\":\"https:\/\/www.sonoraenequipo.com.mx\/#organization\"},\"image\":{\"@id\":\"https:\/\/www.sonoraenequipo.com.mx\/todos-tienen-posibilidad-dice-el-presidente-del-destape-de-ebrard-para-2024\/#primaryimage\"},\"thumbnailUrl\":\"https:\/\/www.sonoraenequipo.com.mx\/storage\/2021\/07\/amlo-conferencia_opt.jpg\",\"articleSection\":[\"Rep\u00fablica\"],\"inLanguage\":\"es\",\"potentialAction\":[{\"@type\":\"CommentAction\",\"name\":\"Comment\",\"target\":[\"https:\/\/www.sonoraenequipo.com.mx\/todos-tienen-posibilidad-dice-el-presidente-del-destape-de-ebrard-para-2024\/#respond\"]}]},{\"@type\":\"WebPage\",\"@id\":\"https:\/\/www.sonoraenequipo.com.mx\/todos-tienen-posibilidad-dice-el-presidente-del-destape-de-ebrard-para-2024\/\",\"url\":\"https:\/\/www.sonoraenequipo.com.mx\/todos-tienen-posibilidad-dice-el-presidente-del-destape-de-ebrard-para-2024\/\",\"name\":\"Sonora en Equipo. \u201cTodos tienen posibilidad\u201d, dice el Presidente del destape de Ebrard para 2024 Rep\u00fablica\",\"isPartOf\":{\"@id\":\"https:\/\/www.sonoraenequipo.com.mx\/#website\"},\"primaryImageOfPage\":{\"@id\":\"https:\/\/www.sonoraenequipo.com.mx\/todos-tienen-posibilidad-dice-el-presidente-del-destape-de-ebrard-para-2024\/#primaryimage\"},\"image\":{\"@id\":\"https:\/\/www.sonoraenequipo.com.mx\/todos-tienen-posibilidad-dice-el-presidente-del-destape-de-ebrard-para-2024\/#primaryimage\"},\"thumbnailUrl\":\"https:\/\/www.sonoraenequipo.com.mx\/storage\/2021\/07\/amlo-conferencia_opt.jpg\",\"datePublished\":\"2021-07-13T15:28:55+00:00\",\"dateModified\":\"2021-07-13T20:01:24+00:00\",\"description\":\"CIUDAD DE M\u00c9XICO. MX. \u2014 El Presidente Andr\u00e9s Manuel L\u00f3pez Obrador dijo esta ma\u00f1ana que \u201ctodos tienen posibilidad, de acuerdo a la Constituci\u00f3n\u201d, cuando En Sonora en Equipo publicamos toda la informaci\u00f3n de Sonora, M\u00e9xico y el Mundo de manera oportuna y busca que la libertad de expresi\u00f3n sea real. Visita nuestro medio informativo publicado desde Hermosillo, Sonora. %\",\"breadcrumb\":{\"@id\":\"https:\/\/www.sonoraenequipo.com.mx\/todos-tienen-posibilidad-dice-el-presidente-del-destape-de-ebrard-para-2024\/#breadcrumb\"},\"inLanguage\":\"es\",\"potentialAction\":[{\"@type\":\"ReadAction\",\"target\":[\"https:\/\/www.sonoraenequipo.com.mx\/todos-tienen-posibilidad-dice-el-presidente-del-destape-de-ebrard-para-2024\/\"]}]},{\"@type\":\"ImageObject\",\"inLanguage\":\"es\",\"@id\":\"https:\/\/www.sonoraenequipo.com.mx\/todos-tienen-posibilidad-dice-el-presidente-del-destape-de-ebrard-para-2024\/#primaryimage\",\"url\":\"https:\/\/www.sonoraenequipo.com.mx\/storage\/2021\/07\/amlo-conferencia_opt.jpg\",\"contentUrl\":\"https:\/\/www.sonoraenequipo.com.mx\/storage\/2021\/07\/amlo-conferencia_opt.jpg\",\"width\":700,\"height\":400},{\"@type\":\"BreadcrumbList\",\"@id\":\"https:\/\/www.sonoraenequipo.com.mx\/todos-tienen-posibilidad-dice-el-presidente-del-destape-de-ebrard-para-2024\/#breadcrumb\",\"itemListElement\":[{\"@type\":\"ListItem\",\"position\":1,\"name\":\"Portada\",\"item\":\"https:\/\/www.sonoraenequipo.com.mx\/\"},{\"@type\":\"ListItem\",\"position\":2,\"name\":\"\u201cTodos tienen posibilidad\u201d, dice el Presidente del destape de Ebrard para 2024\"}]},{\"@type\":\"WebSite\",\"@id\":\"https:\/\/www.sonoraenequipo.com.mx\/#website\",\"url\":\"https:\/\/www.sonoraenequipo.com.mx\/\",\"name\":\"Sonora en Equipo.\",\"description\":\"Diario en l\u00ednea con Noticias desde Hermosillo, Sonora\",\"publisher\":{\"@id\":\"https:\/\/www.sonoraenequipo.com.mx\/#organization\"},\"potentialAction\":[{\"@type\":\"SearchAction\",\"target\":{\"@type\":\"EntryPoint\",\"urlTemplate\":\"https:\/\/www.sonoraenequipo.com.mx\/?s={search_term_string}\"},\"query-input\":{\"@type\":\"PropertyValueSpecification\",\"valueRequired\":true,\"valueName\":\"search_term_string\"}}],\"inLanguage\":\"es\"},{\"@type\":\"Organization\",\"@id\":\"https:\/\/www.sonoraenequipo.com.mx\/#organization\",\"name\":\"Sonoraenequipo.com.mx\",\"url\":\"https:\/\/www.sonoraenequipo.com.mx\/\",\"logo\":{\"@type\":\"ImageObject\",\"inLanguage\":\"es\",\"@id\":\"https:\/\/www.sonoraenequipo.com.mx\/#\/schema\/logo\/image\/\",\"url\":\"https:\/\/www.sonoraenequipo.com.mx\/storage\/2019\/01\/sonoraenequipo_opt.png\",\"contentUrl\":\"https:\/\/www.sonoraenequipo.com.mx\/storage\/2019\/01\/sonoraenequipo_opt.png\",\"width\":375,\"height\":125,\"caption\":\"Sonoraenequipo.com.mx\"},\"image\":{\"@id\":\"https:\/\/www.sonoraenequipo.com.mx\/#\/schema\/logo\/image\/\"},\"sameAs\":[\"https:\/\/www.facebook.com\/SonoraEE\/\",\"https:\/\/x.com\/sonoraenequipo\",\"https:\/\/www.youtube.com\/channel\/UC338nW-lPEYmJQs4ZABQ1SQ\"]},{\"@type\":\"Person\",\"@id\":\"https:\/\/www.sonoraenequipo.com.mx\/#\/schema\/person\/50102df0fb23a8fa9e8effad8fa81386\",\"name\":\"enequipo\",\"image\":{\"@type\":\"ImageObject\",\"inLanguage\":\"es\",\"@id\":\"https:\/\/www.sonoraenequipo.com.mx\/#\/schema\/person\/image\/\",\"url\":\"https:\/\/secure.gravatar.com\/avatar\/049821681b589dabc0bc20695993ccebb09f5b5d4d790cd9251b97faac7c652b?s=96&d=blank&r=g\",\"contentUrl\":\"https:\/\/secure.gravatar.com\/avatar\/049821681b589dabc0bc20695993ccebb09f5b5d4d790cd9251b97faac7c652b?s=96&d=blank&r=g\",\"caption\":\"enequipo\"},\"sameAs\":[\"https:\/\/www.facebook.com\/SonoraEE\"]}]}<\/script>\n ","yoast_head_json":{"title":"Sonora en Equipo. \u201cTodos tienen posibilidad\u201d, dice el Presidente del destape de Ebrard para 2024 Rep\u00fablica","description":"CIUDAD DE M\u00c9XICO. MX. \u2014 El Presidente Andr\u00e9s Manuel L\u00f3pez Obrador dijo esta ma\u00f1ana que \u201ctodos tienen posibilidad, de acuerdo a la Constituci\u00f3n\u201d, cuando En Sonora en Equipo publicamos toda la informaci\u00f3n de Sonora, M\u00e9xico y el Mundo de manera oportuna y busca que la libertad de expresi\u00f3n sea real. Visita nuestro medio informativo publicado desde Hermosillo, Sonora. %","robots":{"index":"index","follow":"follow","max-snippet":"max-snippet:-1","max-image-preview":"max-image-preview:large","max-video-preview":"max-video-preview:-1"},"canonical":"https:\/\/www.sonoraenequipo.com.mx\/todos-tienen-posibilidad-dice-el-presidente-del-destape-de-ebrard-para-2024\/","og_locale":"es_ES","og_type":"article","og_title":"Sonora en Equipo. \u201cTodos tienen posibilidad\u201d, dice el Presidente del destape de Ebrard para 2024 Rep\u00fablica","og_description":"CIUDAD DE M\u00c9XICO. MX. \u2014 El Presidente Andr\u00e9s Manuel L\u00f3pez Obrador dijo esta ma\u00f1ana que \u201ctodos tienen posibilidad, de acuerdo a la Constituci\u00f3n\u201d, cuando En Sonora en Equipo publicamos toda la informaci\u00f3n de Sonora, M\u00e9xico y el Mundo de manera oportuna y busca que la libertad de expresi\u00f3n sea real. Visita nuestro medio informativo publicado desde Hermosillo, Sonora. %","og_url":"https:\/\/www.sonoraenequipo.com.mx\/todos-tienen-posibilidad-dice-el-presidente-del-destape-de-ebrard-para-2024\/","og_site_name":"Sonora en Equipo.","article_publisher":"https:\/\/www.facebook.com\/SonoraEE\/","article_author":"https:\/\/www.facebook.com\/SonoraEE","article_published_time":"2021-07-13T15:28:55+00:00","article_modified_time":"2021-07-13T20:01:24+00:00","og_image":[{"width":700,"height":400,"url":"https:\/\/www.sonoraenequipo.com.mx\/storage\/2021\/07\/amlo-conferencia_opt.jpg","type":"image\/jpeg"}],"author":"enequipo","twitter_card":"summary_large_image","twitter_creator":"@sonoraenequipo","twitter_site":"@sonoraenequipo","twitter_misc":{"Escrito por":"enequipo","Tiempo de lectura":"1 minuto"},"schema":{"@context":"https:\/\/schema.org","@graph":[{"@type":"Article","@id":"https:\/\/www.sonoraenequipo.com.mx\/todos-tienen-posibilidad-dice-el-presidente-del-destape-de-ebrard-para-2024\/#article","isPartOf":{"@id":"https:\/\/www.sonoraenequipo.com.mx\/todos-tienen-posibilidad-dice-el-presidente-del-destape-de-ebrard-para-2024\/"},"author":{"name":"enequipo","@id":"https:\/\/www.sonoraenequipo.com.mx\/#\/schema\/person\/50102df0fb23a8fa9e8effad8fa81386"},"headline":"\u201cTodos tienen posibilidad\u201d, dice el Presidente del destape de Ebrard para 2024","datePublished":"2021-07-13T15:28:55+00:00","dateModified":"2021-07-13T20:01:24+00:00","mainEntityOfPage":{"@id":"https:\/\/www.sonoraenequipo.com.mx\/todos-tienen-posibilidad-dice-el-presidente-del-destape-de-ebrard-para-2024\/"},"wordCount":244,"commentCount":0,"publisher":{"@id":"https:\/\/www.sonoraenequipo.com.mx\/#organization"},"image":{"@id":"https:\/\/www.sonoraenequipo.com.mx\/todos-tienen-posibilidad-dice-el-presidente-del-destape-de-ebrard-para-2024\/#primaryimage"},"thumbnailUrl":"https:\/\/www.sonoraenequipo.com.mx\/storage\/2021\/07\/amlo-conferencia_opt.jpg","articleSection":["Rep\u00fablica"],"inLanguage":"es","potentialAction":[{"@type":"CommentAction","name":"Comment","target":["https:\/\/www.sonoraenequipo.com.mx\/todos-tienen-posibilidad-dice-el-presidente-del-destape-de-ebrard-para-2024\/#respond"]}]},{"@type":"WebPage","@id":"https:\/\/www.sonoraenequipo.com.mx\/todos-tienen-posibilidad-dice-el-presidente-del-destape-de-ebrard-para-2024\/","url":"https:\/\/www.sonoraenequipo.com.mx\/todos-tienen-posibilidad-dice-el-presidente-del-destape-de-ebrard-para-2024\/","name":"Sonora en Equipo. \u201cTodos tienen posibilidad\u201d, dice el Presidente del destape de Ebrard para 2024 Rep\u00fablica","isPartOf":{"@id":"https:\/\/www.sonoraenequipo.com.mx\/#website"},"primaryImageOfPage":{"@id":"https:\/\/www.sonoraenequipo.com.mx\/todos-tienen-posibilidad-dice-el-presidente-del-destape-de-ebrard-para-2024\/#primaryimage"},"image":{"@id":"https:\/\/www.sonoraenequipo.com.mx\/todos-tienen-posibilidad-dice-el-presidente-del-destape-de-ebrard-para-2024\/#primaryimage"},"thumbnailUrl":"https:\/\/www.sonoraenequipo.com.mx\/storage\/2021\/07\/amlo-conferencia_opt.jpg","datePublished":"2021-07-13T15:28:55+00:00","dateModified":"2021-07-13T20:01:24+00:00","description":"CIUDAD DE M\u00c9XICO. MX. \u2014 El Presidente Andr\u00e9s Manuel L\u00f3pez Obrador dijo esta ma\u00f1ana que \u201ctodos tienen posibilidad, de acuerdo a la Constituci\u00f3n\u201d, cuando En Sonora en Equipo publicamos toda la informaci\u00f3n de Sonora, M\u00e9xico y el Mundo de manera oportuna y busca que la libertad de expresi\u00f3n sea real. Visita nuestro medio informativo publicado desde Hermosillo, Sonora. %","breadcrumb":{"@id":"https:\/\/www.sonoraenequipo.com.mx\/todos-tienen-posibilidad-dice-el-presidente-del-destape-de-ebrard-para-2024\/#breadcrumb"},"inLanguage":"es","potentialAction":[{"@type":"ReadAction","target":["https:\/\/www.sonoraenequipo.com.mx\/todos-tienen-posibilidad-dice-el-presidente-del-destape-de-ebrard-para-2024\/"]}]},{"@type":"ImageObject","inLanguage":"es","@id":"https:\/\/www.sonoraenequipo.com.mx\/todos-tienen-posibilidad-dice-el-presidente-del-destape-de-ebrard-para-2024\/#primaryimage","url":"https:\/\/www.sonoraenequipo.com.mx\/storage\/2021\/07\/amlo-conferencia_opt.jpg","contentUrl":"https:\/\/www.sonoraenequipo.com.mx\/storage\/2021\/07\/amlo-conferencia_opt.jpg","width":700,"height":400},{"@type":"BreadcrumbList","@id":"https:\/\/www.sonoraenequipo.com.mx\/todos-tienen-posibilidad-dice-el-presidente-del-destape-de-ebrard-para-2024\/#breadcrumb","itemListElement":[{"@type":"ListItem","position":1,"name":"Portada","item":"https:\/\/www.sonoraenequipo.com.mx\/"},{"@type":"ListItem","position":2,"name":"\u201cTodos tienen posibilidad\u201d, dice el Presidente del destape de Ebrard para 2024"}]},{"@type":"WebSite","@id":"https:\/\/www.sonoraenequipo.com.mx\/#website","url":"https:\/\/www.sonoraenequipo.com.mx\/","name":"Sonora en Equipo.","description":"Diario en l\u00ednea con Noticias desde Hermosillo, Sonora","publisher":{"@id":"https:\/\/www.sonoraenequipo.com.mx\/#organization"},"potentialAction":[{"@type":"SearchAction","target":{"@type":"EntryPoint","urlTemplate":"https:\/\/www.sonoraenequipo.com.mx\/?s={search_term_string}"},"query-input":{"@type":"PropertyValueSpecification","valueRequired":true,"valueName":"search_term_string"}}],"inLanguage":"es"},{"@type":"Organization","@id":"https:\/\/www.sonoraenequipo.com.mx\/#organization","name":"Sonoraenequipo.com.mx","url":"https:\/\/www.sonoraenequipo.com.mx\/","logo":{"@type":"ImageObject","inLanguage":"es","@id":"https:\/\/www.sonoraenequipo.com.mx\/#\/schema\/logo\/image\/","url":"https:\/\/www.sonoraenequipo.com.mx\/storage\/2019\/01\/sonoraenequipo_opt.png","contentUrl":"https:\/\/www.sonoraenequipo.com.mx\/storage\/2019\/01\/sonoraenequipo_opt.png","width":375,"height":125,"caption":"Sonoraenequipo.com.mx"},"image":{"@id":"https:\/\/www.sonoraenequipo.com.mx\/#\/schema\/logo\/image\/"},"sameAs":["https:\/\/www.facebook.com\/SonoraEE\/","https:\/\/x.com\/sonoraenequipo","https:\/\/www.youtube.com\/channel\/UC338nW-lPEYmJQs4ZABQ1SQ"]},{"@type":"Person","@id":"https:\/\/www.sonoraenequipo.com.mx\/#\/schema\/person\/50102df0fb23a8fa9e8effad8fa81386","name":"enequipo","image":{"@type":"ImageObject","inLanguage":"es","@id":"https:\/\/www.sonoraenequipo.com.mx\/#\/schema\/person\/image\/","url":"https:\/\/secure.gravatar.com\/avatar\/049821681b589dabc0bc20695993ccebb09f5b5d4d790cd9251b97faac7c652b?s=96&d=blank&r=g","contentUrl":"https:\/\/secure.gravatar.com\/avatar\/049821681b589dabc0bc20695993ccebb09f5b5d4d790cd9251b97faac7c652b?s=96&d=blank&r=g","caption":"enequipo"},"sameAs":["https:\/\/www.facebook.com\/SonoraEE"]}]}},"jetpack_featured_media_url":"https:\/\/www.sonoraenequipo.com.mx\/storage\/2021\/07\/amlo-conferencia_opt.jpg","_links":{"self":[{"href":"https:\/\/www.sonoraenequipo.com.mx\/api\/wp\/v2\/posts\/118330","targetHints":{"allow":["GET"]}}],"collection":[{"href":"https:\/\/www.sonoraenequipo.com.mx\/api\/wp\/v2\/posts"}],"about":[{"href":"https:\/\/www.sonoraenequipo.com.mx\/api\/wp\/v2\/types\/post"}],"author":[{"embeddable":true,"href":"https:\/\/www.sonoraenequipo.com.mx\/api\/wp\/v2\/users\/1"}],"replies":[{"embeddable":true,"href":"https:\/\/www.sonoraenequipo.com.mx\/api\/wp\/v2\/comments?post=118330"}],"version-history":[{"count":1,"href":"https:\/\/www.sonoraenequipo.com.mx\/api\/wp\/v2\/posts\/118330\/revisions"}],"predecessor-version":[{"id":118335,"href":"https:\/\/www.sonoraenequipo.com.mx\/api\/wp\/v2\/posts\/118330\/revisions\/118335"}],"wp:featuredmedia":[{"embeddable":true,"href":"https:\/\/www.sonoraenequipo.com.mx\/api\/wp\/v2\/media\/118332"}],"wp:attachment":[{"href":"https:\/\/www.sonoraenequipo.com.mx\/api\/wp\/v2\/media?parent=118330"}],"wp:term":[{"taxonomy":"category","embeddable":true,"href":"https:\/\/www.sonoraenequipo.com.mx\/api\/wp\/v2\/categories?post=118330"},{"taxonomy":"post_tag","embeddable":true,"href":"https:\/\/www.sonoraenequipo.com.mx\/api\/wp\/v2\/tags?post=118330"}],"curies":[{"name":"wp","href":"https:\/\/api.w.org\/{rel}","templated":true}]}}