{"id":118339,"date":"2021-07-13T11:46:12","date_gmt":"2021-07-13T18:46:12","guid":{"rendered":"https:\/\/www.sonoraenequipo.com.mx\/?p=118339"},"modified":"2021-07-13T13:40:09","modified_gmt":"2021-07-13T20:40:09","slug":"la-inflacion-de-eu-se-descontrola-y-pega-a-los-combustibles-y-alimentos","status":"publish","type":"post","link":"https:\/\/www.sonoraenequipo.com.mx\/la-inflacion-de-eu-se-descontrola-y-pega-a-los-combustibles-y-alimentos\/","title":{"rendered":"La inflaci\u00f3n de EU se descontrola y pega a los combustibles y alimentos"},"content":{"rendered":"<p>WASHINGTON, ESTADOS UNIDOS. \u2014 El \u00cdndice de Precios al Consumidor (IPC) en Estados Unidos se situ\u00f3 en el 5.4 por ciento en junio en tasa interanual, la mayor desde 2008 y cuatro d\u00e9cimas m\u00e1s que en mayo, inform\u00f3 hoy la Oficina de Estad\u00edsticas Laborales (BLS).<\/p>\n<p>&nbsp;<\/p>\n<p> <\/p>\n<p>&nbsp;<\/p>\n<p>La cifra interanual de junio supera al 5 por ciento de mayo y es la mayor desde 2008. El incremento de la inflaci\u00f3n el mes pasado vino dado en gran medida por el aumento de los precios de los coches de segunda mano (10.5 por ciento) y la gasolina (2.5 por ciento). Si se excluyen los precios de alimentos y combustibles, los m\u00e1s vol\u00e1tiles, la inflaci\u00f3n subyacente el mes pasado fue del 0.9 por ciento, y del 4.5 por ciento en los \u00faltimos 12 meses.<\/p>\n<p>&nbsp;<\/p>\n<p>El impacto del dato ha pegado hasta M\u00e9xico. El tipo de cambio rebasaba esta ma\u00f1ana las 20 unidades por d\u00f3lar. \u201cEl dato de inflaci\u00f3n por encima de las expectativas, podr\u00eda generar volatilidad en el resto de la sesi\u00f3n pues aumenta la especulaci\u00f3n en torno a la postura de la Reserva Federal\u201d, escribi\u00f3 Gabriela Siller, directora de an\u00e1lisis econ\u00f3mico financiero de Banco Base, en un reporte.<\/p>\n<p>&nbsp;<\/p>\n<p>&nbsp;<\/p>\n<p>Los mercados financieros han estado nerviosos y la moneda retrocedi\u00f3 0.7 por ciento en el mercado spot para operar por arriba de los 20 pesos por d\u00f3lar. El banco central estadounidense elev\u00f3 el mes pasado sus previsiones de inflaci\u00f3n hasta el 3.4 por ciento al cierre de 2021.<\/p>\n<p>&nbsp;<\/p>\n<p><em>\u201cLos inversionistas, legisladores y funcionarios del banco central est\u00e1n observando de cerca la inflaci\u00f3n, que se ha elevado en los \u00faltimos meses tanto por una peculiaridad en los datos como por desajustes entre la demanda y la oferta a medida que la econom\u00eda se recupera\u201d<\/em>, dice esta ma\u00f1ana The New York Times.<\/p>\n<p>&nbsp;<\/p>\n<p>Los aumentos r\u00e1pidos de precios pueden presionar a los consumidores si los salarios no se mantienen, y el repunte podr\u00eda empujar al banco central a retirar el apoyo a la econom\u00eda si parece que la inflaci\u00f3n va a resultar sostenida.<em> \u201cLas pol\u00edticas de dinero barato de la Fed son generalmente buenas para los mercados, por lo que una retirada r\u00e1pida ser\u00eda una mala noticia para los inversores en acciones y otras clases de activos\u201d,<\/em> se lee en el diario.<\/p>\n<p>&nbsp;<\/p>\n<p>&nbsp;<\/p>\n<p>Los legisladores de Estados Unidos esperan que la inflaci\u00f3n se desvanezca a medida que la econom\u00eda atraviese un per\u00edodo de reapertura pand\u00e9mica vol\u00e1til, pero no est\u00e1 claro qu\u00e9 tan r\u00e1pido suceder\u00e1.<\/p>\n<p>&nbsp;<\/p>\n<p>&nbsp;<\/p>\n<p><em>\u201cLos precios han subido m\u00e1s r\u00e1pido de lo que los funcionarios de la Fed hab\u00edan pronosticado a principios de este a\u00f1o, ciertas medidas de las expectativas de inflaci\u00f3n del consumidor han aumentado, algo que podr\u00eda hacer que la inflaci\u00f3n sea una profec\u00eda autocumplida si se vuelve m\u00e1s extrema, y algunos funcionarios del banco central son cada vez m\u00e1s cautelosos. Al mismo tiempo, los mercados se han vuelto m\u00e1s optimistas sobre las perspectivas de inflaci\u00f3n\u201d,<\/em> agrega el Times.<\/p>\n<p>&nbsp;<\/p>\n<p>&nbsp;<\/p>\n<p>Y es que el repunte inflacionario de Estados Unidos en los precios de consumo se conoce dos semanas antes de la pr\u00f3xima reuni\u00f3n de la Reserva Federal (Fed) de Estados Unidos sobre pol\u00edtica monetaria, y en medio de la creciente preocupaci\u00f3n por la inflaci\u00f3n a medida que la econom\u00eda afianza la recuperaci\u00f3n.<\/p>\n<p>&nbsp;<\/p>\n<p>&nbsp;<\/p>\n<p>Su presidente, Jerome Powell, ha reconocido que se ver\u00e1n notables subidas de precios, pero que ser\u00e1n de car\u00e1cter <em>\u201ctransitorio\u201d,<\/em> por lo que ha insistido en que no prev\u00e9 modificar los tipos de inter\u00e9s del banco central, actualmente entre el 0 por ciento y el 0.25 por ciento en lo que resta de a\u00f1o.<\/p>\n<p>&nbsp;<\/p>\n<p>(Publicada el 13\/07\/2021 \/ Con informaci\u00f3n de EFE)<\/p>\n","protected":false},"excerpt":{"rendered":"<p>WASHINGTON, ESTADOS UNIDOS. \u2014 El \u00cdndice de Precios al Consumidor (IPC) en Estados Unidos se&#8230;<\/p>\n","protected":false},"author":1,"featured_media":118346,"comment_status":"open","ping_status":"open","sticky":false,"template":"","format":"standard","meta":{"_monsterinsights_skip_tracking":false,"_monsterinsights_sitenote_active":false,"_monsterinsights_sitenote_note":"","_monsterinsights_sitenote_category":0,"footnotes":""},"categories":[5],"tags":[],"class_list":["post"],"yoast_head":" \n<title>Sonora en Equipo. La inflaci\u00f3n de EU se descontrola y pega a los combustibles y alimentos Rep\u00fablica<\/title>\n<meta name=\"description\" content=\"WASHINGTON, ESTADOS UNIDOS. \u2014 El \u00cdndice de Precios al Consumidor (IPC) en Estados Unidos se situ\u00f3 en el 5.4 por ciento en junio en tasa interanual, la En Sonora en Equipo publicamos toda la informaci\u00f3n de Sonora, M\u00e9xico y el Mundo de manera oportuna y busca que la libertad de expresi\u00f3n sea real. Visita nuestro medio informativo publicado desde Hermosillo, Sonora. %\" \/>\n<meta name=\"robots\" content=\"index, follow, max-snippet:-1, max-image-preview:large, max-video-preview:-1\" \/>\n<link rel=\"canonical\" href=\"https:\/\/www.sonoraenequipo.com.mx\/la-inflacion-de-eu-se-descontrola-y-pega-a-los-combustibles-y-alimentos\/\" \/>\n<meta property=\"og:locale\" content=\"es_ES\" \/>\n<meta property=\"og:type\" content=\"article\" \/>\n<meta property=\"og:title\" content=\"Sonora en Equipo. La inflaci\u00f3n de EU se descontrola y pega a los combustibles y alimentos Rep\u00fablica\" \/>\n<meta property=\"og:description\" content=\"WASHINGTON, ESTADOS UNIDOS. \u2014 El \u00cdndice de Precios al Consumidor (IPC) en Estados Unidos se situ\u00f3 en el 5.4 por ciento en junio en tasa interanual, la En Sonora en Equipo publicamos toda la informaci\u00f3n de Sonora, M\u00e9xico y el Mundo de manera oportuna y busca que la libertad de expresi\u00f3n sea real. Visita nuestro medio informativo publicado desde Hermosillo, Sonora. %\" \/>\n<meta property=\"og:url\" content=\"https:\/\/www.sonoraenequipo.com.mx\/la-inflacion-de-eu-se-descontrola-y-pega-a-los-combustibles-y-alimentos\/\" \/>\n<meta property=\"og:site_name\" content=\"Sonora en Equipo.\" \/>\n<meta property=\"article:publisher\" content=\"https:\/\/www.facebook.com\/SonoraEE\/\" \/>\n<meta property=\"article:author\" content=\"https:\/\/www.facebook.com\/SonoraEE\" \/>\n<meta property=\"article:published_time\" content=\"2021-07-13T18:46:12+00:00\" \/>\n<meta property=\"article:modified_time\" content=\"2021-07-13T20:40:09+00:00\" \/>\n<meta property=\"og:image\" content=\"https:\/\/www.sonoraenequipo.com.mx\/storage\/2021\/07\/inflacion-de-eu-mas-alta-en-13-anos_opt.jpg\" \/>\n\t<meta property=\"og:image:width\" content=\"700\" \/>\n\t<meta property=\"og:image:height\" content=\"400\" \/>\n\t<meta property=\"og:image:type\" content=\"image\/jpeg\" \/>\n<meta name=\"author\" content=\"enequipo\" \/>\n<meta name=\"twitter:card\" content=\"summary_large_image\" \/>\n<meta name=\"twitter:creator\" content=\"@sonoraenequipo\" \/>\n<meta name=\"twitter:site\" content=\"@sonoraenequipo\" \/>\n<meta name=\"twitter:label1\" content=\"Escrito por\" \/>\n\t<meta name=\"twitter:data1\" content=\"enequipo\" \/>\n\t<meta name=\"twitter:label2\" content=\"Tiempo de lectura\" \/>\n\t<meta name=\"twitter:data2\" content=\"3 minutos\" \/>\n<script type=\"application\/ld+json\" class=\"yoast-schema-graph\">{\"@context\":\"https:\/\/schema.org\",\"@graph\":[{\"@type\":\"Article\",\"@id\":\"https:\/\/www.sonoraenequipo.com.mx\/la-inflacion-de-eu-se-descontrola-y-pega-a-los-combustibles-y-alimentos\/#article\",\"isPartOf\":{\"@id\":\"https:\/\/www.sonoraenequipo.com.mx\/la-inflacion-de-eu-se-descontrola-y-pega-a-los-combustibles-y-alimentos\/\"},\"author\":{\"name\":\"enequipo\",\"@id\":\"https:\/\/www.sonoraenequipo.com.mx\/#\/schema\/person\/50102df0fb23a8fa9e8effad8fa81386\"},\"headline\":\"La inflaci\u00f3n de EU se descontrola y pega a los combustibles y alimentos\",\"datePublished\":\"2021-07-13T18:46:12+00:00\",\"dateModified\":\"2021-07-13T20:40:09+00:00\",\"mainEntityOfPage\":{\"@id\":\"https:\/\/www.sonoraenequipo.com.mx\/la-inflacion-de-eu-se-descontrola-y-pega-a-los-combustibles-y-alimentos\/\"},\"wordCount\":666,\"commentCount\":0,\"publisher\":{\"@id\":\"https:\/\/www.sonoraenequipo.com.mx\/#organization\"},\"image\":{\"@id\":\"https:\/\/www.sonoraenequipo.com.mx\/la-inflacion-de-eu-se-descontrola-y-pega-a-los-combustibles-y-alimentos\/#primaryimage\"},\"thumbnailUrl\":\"https:\/\/www.sonoraenequipo.com.mx\/storage\/2021\/07\/inflacion-de-eu-mas-alta-en-13-anos_opt.jpg\",\"articleSection\":[\"Rep\u00fablica\"],\"inLanguage\":\"es\",\"potentialAction\":[{\"@type\":\"CommentAction\",\"name\":\"Comment\",\"target\":[\"https:\/\/www.sonoraenequipo.com.mx\/la-inflacion-de-eu-se-descontrola-y-pega-a-los-combustibles-y-alimentos\/#respond\"]}]},{\"@type\":\"WebPage\",\"@id\":\"https:\/\/www.sonoraenequipo.com.mx\/la-inflacion-de-eu-se-descontrola-y-pega-a-los-combustibles-y-alimentos\/\",\"url\":\"https:\/\/www.sonoraenequipo.com.mx\/la-inflacion-de-eu-se-descontrola-y-pega-a-los-combustibles-y-alimentos\/\",\"name\":\"Sonora en Equipo. La inflaci\u00f3n de EU se descontrola y pega a los combustibles y alimentos Rep\u00fablica\",\"isPartOf\":{\"@id\":\"https:\/\/www.sonoraenequipo.com.mx\/#website\"},\"primaryImageOfPage\":{\"@id\":\"https:\/\/www.sonoraenequipo.com.mx\/la-inflacion-de-eu-se-descontrola-y-pega-a-los-combustibles-y-alimentos\/#primaryimage\"},\"image\":{\"@id\":\"https:\/\/www.sonoraenequipo.com.mx\/la-inflacion-de-eu-se-descontrola-y-pega-a-los-combustibles-y-alimentos\/#primaryimage\"},\"thumbnailUrl\":\"https:\/\/www.sonoraenequipo.com.mx\/storage\/2021\/07\/inflacion-de-eu-mas-alta-en-13-anos_opt.jpg\",\"datePublished\":\"2021-07-13T18:46:12+00:00\",\"dateModified\":\"2021-07-13T20:40:09+00:00\",\"description\":\"WASHINGTON, ESTADOS UNIDOS. \u2014 El \u00cdndice de Precios al Consumidor (IPC) en Estados Unidos se situ\u00f3 en el 5.4 por ciento en junio en tasa interanual, la En Sonora en Equipo publicamos toda la informaci\u00f3n de Sonora, M\u00e9xico y el Mundo de manera oportuna y busca que la libertad de expresi\u00f3n sea real. Visita nuestro medio informativo publicado desde Hermosillo, Sonora. %\",\"breadcrumb\":{\"@id\":\"https:\/\/www.sonoraenequipo.com.mx\/la-inflacion-de-eu-se-descontrola-y-pega-a-los-combustibles-y-alimentos\/#breadcrumb\"},\"inLanguage\":\"es\",\"potentialAction\":[{\"@type\":\"ReadAction\",\"target\":[\"https:\/\/www.sonoraenequipo.com.mx\/la-inflacion-de-eu-se-descontrola-y-pega-a-los-combustibles-y-alimentos\/\"]}]},{\"@type\":\"ImageObject\",\"inLanguage\":\"es\",\"@id\":\"https:\/\/www.sonoraenequipo.com.mx\/la-inflacion-de-eu-se-descontrola-y-pega-a-los-combustibles-y-alimentos\/#primaryimage\",\"url\":\"https:\/\/www.sonoraenequipo.com.mx\/storage\/2021\/07\/inflacion-de-eu-mas-alta-en-13-anos_opt.jpg\",\"contentUrl\":\"https:\/\/www.sonoraenequipo.com.mx\/storage\/2021\/07\/inflacion-de-eu-mas-alta-en-13-anos_opt.jpg\",\"width\":700,\"height\":400},{\"@type\":\"BreadcrumbList\",\"@id\":\"https:\/\/www.sonoraenequipo.com.mx\/la-inflacion-de-eu-se-descontrola-y-pega-a-los-combustibles-y-alimentos\/#breadcrumb\",\"itemListElement\":[{\"@type\":\"ListItem\",\"position\":1,\"name\":\"Portada\",\"item\":\"https:\/\/www.sonoraenequipo.com.mx\/\"},{\"@type\":\"ListItem\",\"position\":2,\"name\":\"La inflaci\u00f3n de EU se descontrola y pega a los combustibles y alimentos\"}]},{\"@type\":\"WebSite\",\"@id\":\"https:\/\/www.sonoraenequipo.com.mx\/#website\",\"url\":\"https:\/\/www.sonoraenequipo.com.mx\/\",\"name\":\"Sonora en Equipo.\",\"description\":\"Diario en l\u00ednea con Noticias desde Hermosillo, Sonora\",\"publisher\":{\"@id\":\"https:\/\/www.sonoraenequipo.com.mx\/#organization\"},\"potentialAction\":[{\"@type\":\"SearchAction\",\"target\":{\"@type\":\"EntryPoint\",\"urlTemplate\":\"https:\/\/www.sonoraenequipo.com.mx\/?s={search_term_string}\"},\"query-input\":{\"@type\":\"PropertyValueSpecification\",\"valueRequired\":true,\"valueName\":\"search_term_string\"}}],\"inLanguage\":\"es\"},{\"@type\":\"Organization\",\"@id\":\"https:\/\/www.sonoraenequipo.com.mx\/#organization\",\"name\":\"Sonoraenequipo.com.mx\",\"url\":\"https:\/\/www.sonoraenequipo.com.mx\/\",\"logo\":{\"@type\":\"ImageObject\",\"inLanguage\":\"es\",\"@id\":\"https:\/\/www.sonoraenequipo.com.mx\/#\/schema\/logo\/image\/\",\"url\":\"https:\/\/www.sonoraenequipo.com.mx\/storage\/2019\/01\/sonoraenequipo_opt.png\",\"contentUrl\":\"https:\/\/www.sonoraenequipo.com.mx\/storage\/2019\/01\/sonoraenequipo_opt.png\",\"width\":375,\"height\":125,\"caption\":\"Sonoraenequipo.com.mx\"},\"image\":{\"@id\":\"https:\/\/www.sonoraenequipo.com.mx\/#\/schema\/logo\/image\/\"},\"sameAs\":[\"https:\/\/www.facebook.com\/SonoraEE\/\",\"https:\/\/x.com\/sonoraenequipo\",\"https:\/\/www.youtube.com\/channel\/UC338nW-lPEYmJQs4ZABQ1SQ\"]},{\"@type\":\"Person\",\"@id\":\"https:\/\/www.sonoraenequipo.com.mx\/#\/schema\/person\/50102df0fb23a8fa9e8effad8fa81386\",\"name\":\"enequipo\",\"image\":{\"@type\":\"ImageObject\",\"inLanguage\":\"es\",\"@id\":\"https:\/\/www.sonoraenequipo.com.mx\/#\/schema\/person\/image\/\",\"url\":\"https:\/\/secure.gravatar.com\/avatar\/049821681b589dabc0bc20695993ccebb09f5b5d4d790cd9251b97faac7c652b?s=96&d=blank&r=g\",\"contentUrl\":\"https:\/\/secure.gravatar.com\/avatar\/049821681b589dabc0bc20695993ccebb09f5b5d4d790cd9251b97faac7c652b?s=96&d=blank&r=g\",\"caption\":\"enequipo\"},\"sameAs\":[\"https:\/\/www.facebook.com\/SonoraEE\"]}]}<\/script>\n ","yoast_head_json":{"title":"Sonora en Equipo. La inflaci\u00f3n de EU se descontrola y pega a los combustibles y alimentos Rep\u00fablica","description":"WASHINGTON, ESTADOS UNIDOS. \u2014 El \u00cdndice de Precios al Consumidor (IPC) en Estados Unidos se situ\u00f3 en el 5.4 por ciento en junio en tasa interanual, la En Sonora en Equipo publicamos toda la informaci\u00f3n de Sonora, M\u00e9xico y el Mundo de manera oportuna y busca que la libertad de expresi\u00f3n sea real. Visita nuestro medio informativo publicado desde Hermosillo, Sonora. %","robots":{"index":"index","follow":"follow","max-snippet":"max-snippet:-1","max-image-preview":"max-image-preview:large","max-video-preview":"max-video-preview:-1"},"canonical":"https:\/\/www.sonoraenequipo.com.mx\/la-inflacion-de-eu-se-descontrola-y-pega-a-los-combustibles-y-alimentos\/","og_locale":"es_ES","og_type":"article","og_title":"Sonora en Equipo. La inflaci\u00f3n de EU se descontrola y pega a los combustibles y alimentos Rep\u00fablica","og_description":"WASHINGTON, ESTADOS UNIDOS. \u2014 El \u00cdndice de Precios al Consumidor (IPC) en Estados Unidos se situ\u00f3 en el 5.4 por ciento en junio en tasa interanual, la En Sonora en Equipo publicamos toda la informaci\u00f3n de Sonora, M\u00e9xico y el Mundo de manera oportuna y busca que la libertad de expresi\u00f3n sea real. Visita nuestro medio informativo publicado desde Hermosillo, Sonora. %","og_url":"https:\/\/www.sonoraenequipo.com.mx\/la-inflacion-de-eu-se-descontrola-y-pega-a-los-combustibles-y-alimentos\/","og_site_name":"Sonora en Equipo.","article_publisher":"https:\/\/www.facebook.com\/SonoraEE\/","article_author":"https:\/\/www.facebook.com\/SonoraEE","article_published_time":"2021-07-13T18:46:12+00:00","article_modified_time":"2021-07-13T20:40:09+00:00","og_image":[{"width":700,"height":400,"url":"https:\/\/www.sonoraenequipo.com.mx\/storage\/2021\/07\/inflacion-de-eu-mas-alta-en-13-anos_opt.jpg","type":"image\/jpeg"}],"author":"enequipo","twitter_card":"summary_large_image","twitter_creator":"@sonoraenequipo","twitter_site":"@sonoraenequipo","twitter_misc":{"Escrito por":"enequipo","Tiempo de lectura":"3 minutos"},"schema":{"@context":"https:\/\/schema.org","@graph":[{"@type":"Article","@id":"https:\/\/www.sonoraenequipo.com.mx\/la-inflacion-de-eu-se-descontrola-y-pega-a-los-combustibles-y-alimentos\/#article","isPartOf":{"@id":"https:\/\/www.sonoraenequipo.com.mx\/la-inflacion-de-eu-se-descontrola-y-pega-a-los-combustibles-y-alimentos\/"},"author":{"name":"enequipo","@id":"https:\/\/www.sonoraenequipo.com.mx\/#\/schema\/person\/50102df0fb23a8fa9e8effad8fa81386"},"headline":"La inflaci\u00f3n de EU se descontrola y pega a los combustibles y alimentos","datePublished":"2021-07-13T18:46:12+00:00","dateModified":"2021-07-13T20:40:09+00:00","mainEntityOfPage":{"@id":"https:\/\/www.sonoraenequipo.com.mx\/la-inflacion-de-eu-se-descontrola-y-pega-a-los-combustibles-y-alimentos\/"},"wordCount":666,"commentCount":0,"publisher":{"@id":"https:\/\/www.sonoraenequipo.com.mx\/#organization"},"image":{"@id":"https:\/\/www.sonoraenequipo.com.mx\/la-inflacion-de-eu-se-descontrola-y-pega-a-los-combustibles-y-alimentos\/#primaryimage"},"thumbnailUrl":"https:\/\/www.sonoraenequipo.com.mx\/storage\/2021\/07\/inflacion-de-eu-mas-alta-en-13-anos_opt.jpg","articleSection":["Rep\u00fablica"],"inLanguage":"es","potentialAction":[{"@type":"CommentAction","name":"Comment","target":["https:\/\/www.sonoraenequipo.com.mx\/la-inflacion-de-eu-se-descontrola-y-pega-a-los-combustibles-y-alimentos\/#respond"]}]},{"@type":"WebPage","@id":"https:\/\/www.sonoraenequipo.com.mx\/la-inflacion-de-eu-se-descontrola-y-pega-a-los-combustibles-y-alimentos\/","url":"https:\/\/www.sonoraenequipo.com.mx\/la-inflacion-de-eu-se-descontrola-y-pega-a-los-combustibles-y-alimentos\/","name":"Sonora en Equipo. La inflaci\u00f3n de EU se descontrola y pega a los combustibles y alimentos Rep\u00fablica","isPartOf":{"@id":"https:\/\/www.sonoraenequipo.com.mx\/#website"},"primaryImageOfPage":{"@id":"https:\/\/www.sonoraenequipo.com.mx\/la-inflacion-de-eu-se-descontrola-y-pega-a-los-combustibles-y-alimentos\/#primaryimage"},"image":{"@id":"https:\/\/www.sonoraenequipo.com.mx\/la-inflacion-de-eu-se-descontrola-y-pega-a-los-combustibles-y-alimentos\/#primaryimage"},"thumbnailUrl":"https:\/\/www.sonoraenequipo.com.mx\/storage\/2021\/07\/inflacion-de-eu-mas-alta-en-13-anos_opt.jpg","datePublished":"2021-07-13T18:46:12+00:00","dateModified":"2021-07-13T20:40:09+00:00","description":"WASHINGTON, ESTADOS UNIDOS. \u2014 El \u00cdndice de Precios al Consumidor (IPC) en Estados Unidos se situ\u00f3 en el 5.4 por ciento en junio en tasa interanual, la En Sonora en Equipo publicamos toda la informaci\u00f3n de Sonora, M\u00e9xico y el Mundo de manera oportuna y busca que la libertad de expresi\u00f3n sea real. Visita nuestro medio informativo publicado desde Hermosillo, Sonora. %","breadcrumb":{"@id":"https:\/\/www.sonoraenequipo.com.mx\/la-inflacion-de-eu-se-descontrola-y-pega-a-los-combustibles-y-alimentos\/#breadcrumb"},"inLanguage":"es","potentialAction":[{"@type":"ReadAction","target":["https:\/\/www.sonoraenequipo.com.mx\/la-inflacion-de-eu-se-descontrola-y-pega-a-los-combustibles-y-alimentos\/"]}]},{"@type":"ImageObject","inLanguage":"es","@id":"https:\/\/www.sonoraenequipo.com.mx\/la-inflacion-de-eu-se-descontrola-y-pega-a-los-combustibles-y-alimentos\/#primaryimage","url":"https:\/\/www.sonoraenequipo.com.mx\/storage\/2021\/07\/inflacion-de-eu-mas-alta-en-13-anos_opt.jpg","contentUrl":"https:\/\/www.sonoraenequipo.com.mx\/storage\/2021\/07\/inflacion-de-eu-mas-alta-en-13-anos_opt.jpg","width":700,"height":400},{"@type":"BreadcrumbList","@id":"https:\/\/www.sonoraenequipo.com.mx\/la-inflacion-de-eu-se-descontrola-y-pega-a-los-combustibles-y-alimentos\/#breadcrumb","itemListElement":[{"@type":"ListItem","position":1,"name":"Portada","item":"https:\/\/www.sonoraenequipo.com.mx\/"},{"@type":"ListItem","position":2,"name":"La inflaci\u00f3n de EU se descontrola y pega a los combustibles y alimentos"}]},{"@type":"WebSite","@id":"https:\/\/www.sonoraenequipo.com.mx\/#website","url":"https:\/\/www.sonoraenequipo.com.mx\/","name":"Sonora en Equipo.","description":"Diario en l\u00ednea con Noticias desde Hermosillo, Sonora","publisher":{"@id":"https:\/\/www.sonoraenequipo.com.mx\/#organization"},"potentialAction":[{"@type":"SearchAction","target":{"@type":"EntryPoint","urlTemplate":"https:\/\/www.sonoraenequipo.com.mx\/?s={search_term_string}"},"query-input":{"@type":"PropertyValueSpecification","valueRequired":true,"valueName":"search_term_string"}}],"inLanguage":"es"},{"@type":"Organization","@id":"https:\/\/www.sonoraenequipo.com.mx\/#organization","name":"Sonoraenequipo.com.mx","url":"https:\/\/www.sonoraenequipo.com.mx\/","logo":{"@type":"ImageObject","inLanguage":"es","@id":"https:\/\/www.sonoraenequipo.com.mx\/#\/schema\/logo\/image\/","url":"https:\/\/www.sonoraenequipo.com.mx\/storage\/2019\/01\/sonoraenequipo_opt.png","contentUrl":"https:\/\/www.sonoraenequipo.com.mx\/storage\/2019\/01\/sonoraenequipo_opt.png","width":375,"height":125,"caption":"Sonoraenequipo.com.mx"},"image":{"@id":"https:\/\/www.sonoraenequipo.com.mx\/#\/schema\/logo\/image\/"},"sameAs":["https:\/\/www.facebook.com\/SonoraEE\/","https:\/\/x.com\/sonoraenequipo","https:\/\/www.youtube.com\/channel\/UC338nW-lPEYmJQs4ZABQ1SQ"]},{"@type":"Person","@id":"https:\/\/www.sonoraenequipo.com.mx\/#\/schema\/person\/50102df0fb23a8fa9e8effad8fa81386","name":"enequipo","image":{"@type":"ImageObject","inLanguage":"es","@id":"https:\/\/www.sonoraenequipo.com.mx\/#\/schema\/person\/image\/","url":"https:\/\/secure.gravatar.com\/avatar\/049821681b589dabc0bc20695993ccebb09f5b5d4d790cd9251b97faac7c652b?s=96&d=blank&r=g","contentUrl":"https:\/\/secure.gravatar.com\/avatar\/049821681b589dabc0bc20695993ccebb09f5b5d4d790cd9251b97faac7c652b?s=96&d=blank&r=g","caption":"enequipo"},"sameAs":["https:\/\/www.facebook.com\/SonoraEE"]}]}},"jetpack_featured_media_url":"https:\/\/www.sonoraenequipo.com.mx\/storage\/2021\/07\/inflacion-de-eu-mas-alta-en-13-anos_opt.jpg","_links":{"self":[{"href":"https:\/\/www.sonoraenequipo.com.mx\/api\/wp\/v2\/posts\/118339","targetHints":{"allow":["GET"]}}],"collection":[{"href":"https:\/\/www.sonoraenequipo.com.mx\/api\/wp\/v2\/posts"}],"about":[{"href":"https:\/\/www.sonoraenequipo.com.mx\/api\/wp\/v2\/types\/post"}],"author":[{"embeddable":true,"href":"https:\/\/www.sonoraenequipo.com.mx\/api\/wp\/v2\/users\/1"}],"replies":[{"embeddable":true,"href":"https:\/\/www.sonoraenequipo.com.mx\/api\/wp\/v2\/comments?post=118339"}],"version-history":[{"count":1,"href":"https:\/\/www.sonoraenequipo.com.mx\/api\/wp\/v2\/posts\/118339\/revisions"}],"predecessor-version":[{"id":118348,"href":"https:\/\/www.sonoraenequipo.com.mx\/api\/wp\/v2\/posts\/118339\/revisions\/118348"}],"wp:featuredmedia":[{"embeddable":true,"href":"https:\/\/www.sonoraenequipo.com.mx\/api\/wp\/v2\/media\/118346"}],"wp:attachment":[{"href":"https:\/\/www.sonoraenequipo.com.mx\/api\/wp\/v2\/media?parent=118339"}],"wp:term":[{"taxonomy":"category","embeddable":true,"href":"https:\/\/www.sonoraenequipo.com.mx\/api\/wp\/v2\/categories?post=118339"},{"taxonomy":"post_tag","embeddable":true,"href":"https:\/\/www.sonoraenequipo.com.mx\/api\/wp\/v2\/tags?post=118339"}],"curies":[{"name":"wp","href":"https:\/\/api.w.org\/{rel}","templated":true}]}}