{"id":118486,"date":"2021-07-11T23:55:55","date_gmt":"2021-07-12T06:55:55","guid":{"rendered":"https:\/\/www.sonoraenequipo.com.mx\/?p=118486"},"modified":"2022-07-09T14:50:39","modified_gmt":"2022-07-09T21:50:39","slug":"notas-sueltas-llueve-en-la-ciudad","status":"publish","type":"post","link":"https:\/\/www.sonoraenequipo.com.mx\/notas-sueltas-llueve-en-la-ciudad\/","title":{"rendered":"NOTAS SUELTAS. Llueve en la ciudad"},"content":{"rendered":"<p style=\"text-align: right;\"><em><strong>\u201cCada ciudad recibe la forma del desierto al que se opone\u201d<\/strong><\/em> (Italo Calvino).<\/p>\n<p>&nbsp;<\/p>\n<p> <\/p>\n<p>&nbsp;<\/p>\n<p>El calor que padecemos por causas naturales, es decir, por estar en una regi\u00f3n des\u00e9rtica parte de la gran Aridoam\u00e9rica, no es poca cosa si leemos las temperaturas que alcanzan ciudades como nuestra capital, desarbolada gracias a los impulsos inmobiliarios y a la visi\u00f3n obtusa de los gobiernos.<\/p>\n<p>&nbsp;<\/p>\n<p>As\u00ed pues, mientras muchos habitantes de otras regiones del pa\u00eds y el mundo se sienten morir en el infierno cuando el term\u00f3metro marca los 35 grados cent\u00edgrados, los sonorenses de las costas y los valles bien pueden continuar sus vidas con total normalidad con lecturas de 45 grados, aunque lamentando cada vez m\u00e1s la desaparici\u00f3n de tal o cual \u00e1rea verde, la desviaci\u00f3n de tal o cual r\u00edo o arroyo, y la lotificaci\u00f3n y desarrollo de proyectos habitacionales donde antes habitaban aves y peces para solaz de los ciudadanos.<\/p>\n<p>&nbsp;<\/p>\n<p>Aqu\u00ed tenemos que la mancha urbana se desparrama por la geograf\u00eda, causando que la temperatura aumente, las lluvias escaseen y la recarga de los acu\u00edferos baje lo suficiente como para hablar de estr\u00e9s h\u00eddrico, sequ\u00eda extraordinaria y haya rogativas para que la Virgen de la Cueva haga su milagro, o que haya agua aunque no sea d\u00eda de San Juan.<\/p>\n<p>&nbsp;<\/p>\n<p>La ciudad crece con vigoroso impulso y las invasiones de terrenos han hecho la fama y fortuna de personajes bastante olvidables en el folclore pol\u00edtico local, pero que presionan al gobierno municipal para que les resuelva el problema de la vivienda y los servicios a los clientes de su liderazgo.<\/p>\n<p>&nbsp;<\/p>\n<p>Tenemos <em>\u201ccolonias\u201d<\/em> que emergen como hongos, sin m\u00e1s impulso que la necesidad y la saliva de los promotores, sin planeaci\u00f3n, sin idea de la necesidad de espacios libres y arbolados, sin pizca de conciencia ecol\u00f3gica, sin la menor preocupaci\u00f3n por el ambiente, pero que sirven al jugoso negocio del reparto de lotes.<\/p>\n<p>&nbsp;<\/p>\n<p>Por otra parte, tenemos una ciudad capital donde es f\u00e1cil morir electrocutado o ahogado en un paso a desnivel (El Imparcial, 04.07.21), porque tanto los servicios de mantenimiento el\u00e9ctrico como los de las vialidades est\u00e1 para cuando las cosas ya ocurrieron.<\/p>\n<p>&nbsp;<\/p>\n<p>La ciudad se ve adornada con obras escult\u00f3ricas de pl\u00e1stico, aunque a veces se emprenden labores necesarias visibles para la c\u00e1mara fotogr\u00e1fica, el selfie o la toma panor\u00e1mica, no para la verdadera funcionalidad urbana en caso de lluvia. Las tripas de la ciudad est\u00e1n llenas de desechos, por no decir otra cosa.<\/p>\n<p>&nbsp;<\/p>\n<p>Pero hay ideas y acciones que en mayor o menor medida han tenido la buena acogida del ciudadano com\u00fan, en algunos casos como reacci\u00f3n a medidas claramente lesivas al ambiente, como la protesta contra la destrucci\u00f3n del vivero y parque de Villa de Seris, contra la intentona absurda y gandalla de la venta del El C\u00e1rcamo de la Sauceda y el abandono de los humedales.<\/p>\n<p>&nbsp;<\/p>\n<p>Tenemos acciones positivas como la reforestaci\u00f3n y mantenimiento del Parque Madero, de algunos camellones, de algunos parques abandonados y vandalizados, por mencionar algunos.<\/p>\n<p>&nbsp;<\/p>\n<p>Asimismo, han surgido ideas como la de dise\u00f1ar e implementar un sistema de recolecci\u00f3n de agua de lluvia, de aprovechamiento del agua, de mantenimiento de humedales, de saneamiento y cuidado de recursos h\u00eddricos.<\/p>\n<p>&nbsp;<\/p>\n<p>La ciudad capital, entre otras con importante concentraci\u00f3n humana, requiere de planeaci\u00f3n urbana, que haya un gobierno atento al entorno, a los recursos disponibles, a la prevenci\u00f3n de contingencias y con capacidad para resolver y prevenir problemas de infraestructura, de ambiente, de transporte, de salud y seguridad p\u00fablica.<\/p>\n<p>&nbsp;<\/p>\n<p>En los tiempos que corren, la diferencia est\u00e1 en la velocidad y eficacia de la respuesta que den las autoridades a los problemas que, por su propia naturaleza, no puedan ser resueltos por los vecinos.<\/p>\n<p>&nbsp;<\/p>\n<p>As\u00ed pues, es hasta rid\u00edculo ver a los pol\u00edticos pasar el tiempo firmando pactos, acuerdos y haciendo declaraciones de banqueta en vez de estudiar los problemas que, por su antig\u00fcedad, ya deber\u00edan forman parte de la agenda p\u00fablica, y plantear e implementar las soluciones que sea pertinentes y oportunas en cumplimiento de sus obligaciones legales.<\/p>\n<p>&nbsp;<\/p>\n<p>La lluvia nos ha ense\u00f1ado, una vez m\u00e1s, cu\u00e1n vulnerables somos y qu\u00e9 tan poco entendemos el contexto y los problemas del lugar donde nos toc\u00f3 vivir.<\/p>\n<p>&nbsp;<\/p>\n<p><a href=\"http:\/\/jdarredondo.blogspot.com\"><strong>http:\/\/jdarredondo.blogspot.com<\/strong><\/a><\/p>\n<p>&nbsp;<\/p>\n<p>(Publicada el 11\/07\/2021)<\/p>\n","protected":false},"excerpt":{"rendered":"<p>\u201cCada ciudad recibe la forma del desierto al que se opone\u201d (Italo Calvino). &nbsp;<\/p>\n","protected":false},"author":8,"featured_media":118499,"comment_status":"open","ping_status":"open","sticky":false,"template":"","format":"standard","meta":{"_monsterinsights_skip_tracking":false,"_monsterinsights_sitenote_active":false,"_monsterinsights_sitenote_note":"","_monsterinsights_sitenote_category":0,"footnotes":""},"categories":[14],"tags":[],"class_list":["post"],"yoast_head":" \n<title>Sonora en Equipo. NOTAS SUELTAS. Llueve en la ciudad Voces<\/title>\n<meta name=\"description\" content=\"\u201cCada ciudad recibe la forma del desierto al que se opone\u201d (Italo Calvino). &nbsp; &nbsp; El calor que padecemos por causas naturales, es decir, por estar En Sonora en Equipo publicamos toda la informaci\u00f3n de Sonora, M\u00e9xico y el Mundo de manera oportuna y busca que la libertad de expresi\u00f3n sea real. Visita nuestro medio informativo publicado desde Hermosillo, Sonora. %\" \/>\n<meta name=\"robots\" content=\"index, follow, max-snippet:-1, max-image-preview:large, max-video-preview:-1\" \/>\n<link rel=\"canonical\" href=\"https:\/\/www.sonoraenequipo.com.mx\/notas-sueltas-llueve-en-la-ciudad\/\" \/>\n<meta property=\"og:locale\" content=\"es_ES\" \/>\n<meta property=\"og:type\" content=\"article\" \/>\n<meta property=\"og:title\" content=\"Sonora en Equipo. NOTAS SUELTAS. Llueve en la ciudad Voces\" \/>\n<meta property=\"og:description\" content=\"\u201cCada ciudad recibe la forma del desierto al que se opone\u201d (Italo Calvino). &nbsp; &nbsp; El calor que padecemos por causas naturales, es decir, por estar En Sonora en Equipo publicamos toda la informaci\u00f3n de Sonora, M\u00e9xico y el Mundo de manera oportuna y busca que la libertad de expresi\u00f3n sea real. Visita nuestro medio informativo publicado desde Hermosillo, Sonora. %\" \/>\n<meta property=\"og:url\" content=\"https:\/\/www.sonoraenequipo.com.mx\/notas-sueltas-llueve-en-la-ciudad\/\" \/>\n<meta property=\"og:site_name\" content=\"Sonora en Equipo.\" \/>\n<meta property=\"article:publisher\" content=\"https:\/\/www.facebook.com\/SonoraEE\/\" \/>\n<meta property=\"article:published_time\" content=\"2021-07-12T06:55:55+00:00\" \/>\n<meta property=\"article:modified_time\" content=\"2022-07-09T21:50:39+00:00\" \/>\n<meta property=\"og:image\" content=\"https:\/\/www.sonoraenequipo.com.mx\/storage\/2021\/07\/llueve_opt.jpg\" \/>\n\t<meta property=\"og:image:width\" content=\"700\" \/>\n\t<meta property=\"og:image:height\" content=\"400\" \/>\n\t<meta property=\"og:image:type\" content=\"image\/jpeg\" \/>\n<meta name=\"author\" content=\"Jos\u00e9 Dar\u00edo Arredondo L\u00f3pez\" \/>\n<meta name=\"twitter:card\" content=\"summary_large_image\" \/>\n<meta name=\"twitter:creator\" content=\"@sonoraenequipo\" \/>\n<meta name=\"twitter:site\" content=\"@sonoraenequipo\" \/>\n<meta name=\"twitter:label1\" content=\"Escrito por\" \/>\n\t<meta name=\"twitter:data1\" content=\"Jos\u00e9 Dar\u00edo Arredondo L\u00f3pez\" \/>\n\t<meta name=\"twitter:label2\" content=\"Tiempo de lectura\" \/>\n\t<meta name=\"twitter:data2\" content=\"4 minutos\" \/>\n<script type=\"application\/ld+json\" class=\"yoast-schema-graph\">{\"@context\":\"https:\/\/schema.org\",\"@graph\":[{\"@type\":\"Article\",\"@id\":\"https:\/\/www.sonoraenequipo.com.mx\/notas-sueltas-llueve-en-la-ciudad\/#article\",\"isPartOf\":{\"@id\":\"https:\/\/www.sonoraenequipo.com.mx\/notas-sueltas-llueve-en-la-ciudad\/\"},\"author\":{\"name\":\"Jos\u00e9 Dar\u00edo Arredondo L\u00f3pez\",\"@id\":\"https:\/\/www.sonoraenequipo.com.mx\/#\/schema\/person\/b2f7d4b3e5504aad00b5aca5d6793968\"},\"headline\":\"NOTAS SUELTAS. Llueve en la ciudad\",\"datePublished\":\"2021-07-12T06:55:55+00:00\",\"dateModified\":\"2022-07-09T21:50:39+00:00\",\"mainEntityOfPage\":{\"@id\":\"https:\/\/www.sonoraenequipo.com.mx\/notas-sueltas-llueve-en-la-ciudad\/\"},\"wordCount\":768,\"commentCount\":0,\"publisher\":{\"@id\":\"https:\/\/www.sonoraenequipo.com.mx\/#organization\"},\"image\":{\"@id\":\"https:\/\/www.sonoraenequipo.com.mx\/notas-sueltas-llueve-en-la-ciudad\/#primaryimage\"},\"thumbnailUrl\":\"https:\/\/www.sonoraenequipo.com.mx\/storage\/2021\/07\/llueve_opt.jpg\",\"articleSection\":[\"Voces\"],\"inLanguage\":\"es\",\"potentialAction\":[{\"@type\":\"CommentAction\",\"name\":\"Comment\",\"target\":[\"https:\/\/www.sonoraenequipo.com.mx\/notas-sueltas-llueve-en-la-ciudad\/#respond\"]}]},{\"@type\":\"WebPage\",\"@id\":\"https:\/\/www.sonoraenequipo.com.mx\/notas-sueltas-llueve-en-la-ciudad\/\",\"url\":\"https:\/\/www.sonoraenequipo.com.mx\/notas-sueltas-llueve-en-la-ciudad\/\",\"name\":\"Sonora en Equipo. NOTAS SUELTAS. Llueve en la ciudad Voces\",\"isPartOf\":{\"@id\":\"https:\/\/www.sonoraenequipo.com.mx\/#website\"},\"primaryImageOfPage\":{\"@id\":\"https:\/\/www.sonoraenequipo.com.mx\/notas-sueltas-llueve-en-la-ciudad\/#primaryimage\"},\"image\":{\"@id\":\"https:\/\/www.sonoraenequipo.com.mx\/notas-sueltas-llueve-en-la-ciudad\/#primaryimage\"},\"thumbnailUrl\":\"https:\/\/www.sonoraenequipo.com.mx\/storage\/2021\/07\/llueve_opt.jpg\",\"datePublished\":\"2021-07-12T06:55:55+00:00\",\"dateModified\":\"2022-07-09T21:50:39+00:00\",\"description\":\"\u201cCada ciudad recibe la forma del desierto al que se opone\u201d (Italo Calvino). &nbsp; &nbsp; El calor que padecemos por causas naturales, es decir, por estar En Sonora en Equipo publicamos toda la informaci\u00f3n de Sonora, M\u00e9xico y el Mundo de manera oportuna y busca que la libertad de expresi\u00f3n sea real. Visita nuestro medio informativo publicado desde Hermosillo, Sonora. %\",\"breadcrumb\":{\"@id\":\"https:\/\/www.sonoraenequipo.com.mx\/notas-sueltas-llueve-en-la-ciudad\/#breadcrumb\"},\"inLanguage\":\"es\",\"potentialAction\":[{\"@type\":\"ReadAction\",\"target\":[\"https:\/\/www.sonoraenequipo.com.mx\/notas-sueltas-llueve-en-la-ciudad\/\"]}]},{\"@type\":\"ImageObject\",\"inLanguage\":\"es\",\"@id\":\"https:\/\/www.sonoraenequipo.com.mx\/notas-sueltas-llueve-en-la-ciudad\/#primaryimage\",\"url\":\"https:\/\/www.sonoraenequipo.com.mx\/storage\/2021\/07\/llueve_opt.jpg\",\"contentUrl\":\"https:\/\/www.sonoraenequipo.com.mx\/storage\/2021\/07\/llueve_opt.jpg\",\"width\":700,\"height\":400},{\"@type\":\"BreadcrumbList\",\"@id\":\"https:\/\/www.sonoraenequipo.com.mx\/notas-sueltas-llueve-en-la-ciudad\/#breadcrumb\",\"itemListElement\":[{\"@type\":\"ListItem\",\"position\":1,\"name\":\"Portada\",\"item\":\"https:\/\/www.sonoraenequipo.com.mx\/\"},{\"@type\":\"ListItem\",\"position\":2,\"name\":\"NOTAS SUELTAS. Llueve en la ciudad\"}]},{\"@type\":\"WebSite\",\"@id\":\"https:\/\/www.sonoraenequipo.com.mx\/#website\",\"url\":\"https:\/\/www.sonoraenequipo.com.mx\/\",\"name\":\"Sonora en Equipo.\",\"description\":\"Diario en l\u00ednea con Noticias desde Hermosillo, Sonora\",\"publisher\":{\"@id\":\"https:\/\/www.sonoraenequipo.com.mx\/#organization\"},\"potentialAction\":[{\"@type\":\"SearchAction\",\"target\":{\"@type\":\"EntryPoint\",\"urlTemplate\":\"https:\/\/www.sonoraenequipo.com.mx\/?s={search_term_string}\"},\"query-input\":{\"@type\":\"PropertyValueSpecification\",\"valueRequired\":true,\"valueName\":\"search_term_string\"}}],\"inLanguage\":\"es\"},{\"@type\":\"Organization\",\"@id\":\"https:\/\/www.sonoraenequipo.com.mx\/#organization\",\"name\":\"Sonoraenequipo.com.mx\",\"url\":\"https:\/\/www.sonoraenequipo.com.mx\/\",\"logo\":{\"@type\":\"ImageObject\",\"inLanguage\":\"es\",\"@id\":\"https:\/\/www.sonoraenequipo.com.mx\/#\/schema\/logo\/image\/\",\"url\":\"https:\/\/www.sonoraenequipo.com.mx\/storage\/2019\/01\/sonoraenequipo_opt.png\",\"contentUrl\":\"https:\/\/www.sonoraenequipo.com.mx\/storage\/2019\/01\/sonoraenequipo_opt.png\",\"width\":375,\"height\":125,\"caption\":\"Sonoraenequipo.com.mx\"},\"image\":{\"@id\":\"https:\/\/www.sonoraenequipo.com.mx\/#\/schema\/logo\/image\/\"},\"sameAs\":[\"https:\/\/www.facebook.com\/SonoraEE\/\",\"https:\/\/x.com\/sonoraenequipo\",\"https:\/\/www.youtube.com\/channel\/UC338nW-lPEYmJQs4ZABQ1SQ\"]},{\"@type\":\"Person\",\"@id\":\"https:\/\/www.sonoraenequipo.com.mx\/#\/schema\/person\/b2f7d4b3e5504aad00b5aca5d6793968\",\"name\":\"Jos\u00e9 Dar\u00edo Arredondo L\u00f3pez\",\"image\":{\"@type\":\"ImageObject\",\"inLanguage\":\"es\",\"@id\":\"https:\/\/www.sonoraenequipo.com.mx\/#\/schema\/person\/image\/\",\"url\":\"https:\/\/secure.gravatar.com\/avatar\/f2045d0fa3f125a8f9d8560826b10fdcf77b66c7124667565c680e91be13a925?s=96&d=blank&r=g\",\"contentUrl\":\"https:\/\/secure.gravatar.com\/avatar\/f2045d0fa3f125a8f9d8560826b10fdcf77b66c7124667565c680e91be13a925?s=96&d=blank&r=g\",\"caption\":\"Jos\u00e9 Dar\u00edo Arredondo L\u00f3pez\"},\"sameAs\":[\"http:\/\/sonoraenequipo.com.mx\"]}]}<\/script>\n ","yoast_head_json":{"title":"Sonora en Equipo. NOTAS SUELTAS. Llueve en la ciudad Voces","description":"\u201cCada ciudad recibe la forma del desierto al que se opone\u201d (Italo Calvino). &nbsp; &nbsp; El calor que padecemos por causas naturales, es decir, por estar En Sonora en Equipo publicamos toda la informaci\u00f3n de Sonora, M\u00e9xico y el Mundo de manera oportuna y busca que la libertad de expresi\u00f3n sea real. Visita nuestro medio informativo publicado desde Hermosillo, Sonora. %","robots":{"index":"index","follow":"follow","max-snippet":"max-snippet:-1","max-image-preview":"max-image-preview:large","max-video-preview":"max-video-preview:-1"},"canonical":"https:\/\/www.sonoraenequipo.com.mx\/notas-sueltas-llueve-en-la-ciudad\/","og_locale":"es_ES","og_type":"article","og_title":"Sonora en Equipo. NOTAS SUELTAS. Llueve en la ciudad Voces","og_description":"\u201cCada ciudad recibe la forma del desierto al que se opone\u201d (Italo Calvino). &nbsp; &nbsp; El calor que padecemos por causas naturales, es decir, por estar En Sonora en Equipo publicamos toda la informaci\u00f3n de Sonora, M\u00e9xico y el Mundo de manera oportuna y busca que la libertad de expresi\u00f3n sea real. Visita nuestro medio informativo publicado desde Hermosillo, Sonora. %","og_url":"https:\/\/www.sonoraenequipo.com.mx\/notas-sueltas-llueve-en-la-ciudad\/","og_site_name":"Sonora en Equipo.","article_publisher":"https:\/\/www.facebook.com\/SonoraEE\/","article_published_time":"2021-07-12T06:55:55+00:00","article_modified_time":"2022-07-09T21:50:39+00:00","og_image":[{"width":700,"height":400,"url":"https:\/\/www.sonoraenequipo.com.mx\/storage\/2021\/07\/llueve_opt.jpg","type":"image\/jpeg"}],"author":"Jos\u00e9 Dar\u00edo Arredondo L\u00f3pez","twitter_card":"summary_large_image","twitter_creator":"@sonoraenequipo","twitter_site":"@sonoraenequipo","twitter_misc":{"Escrito por":"Jos\u00e9 Dar\u00edo Arredondo L\u00f3pez","Tiempo de lectura":"4 minutos"},"schema":{"@context":"https:\/\/schema.org","@graph":[{"@type":"Article","@id":"https:\/\/www.sonoraenequipo.com.mx\/notas-sueltas-llueve-en-la-ciudad\/#article","isPartOf":{"@id":"https:\/\/www.sonoraenequipo.com.mx\/notas-sueltas-llueve-en-la-ciudad\/"},"author":{"name":"Jos\u00e9 Dar\u00edo Arredondo L\u00f3pez","@id":"https:\/\/www.sonoraenequipo.com.mx\/#\/schema\/person\/b2f7d4b3e5504aad00b5aca5d6793968"},"headline":"NOTAS SUELTAS. Llueve en la ciudad","datePublished":"2021-07-12T06:55:55+00:00","dateModified":"2022-07-09T21:50:39+00:00","mainEntityOfPage":{"@id":"https:\/\/www.sonoraenequipo.com.mx\/notas-sueltas-llueve-en-la-ciudad\/"},"wordCount":768,"commentCount":0,"publisher":{"@id":"https:\/\/www.sonoraenequipo.com.mx\/#organization"},"image":{"@id":"https:\/\/www.sonoraenequipo.com.mx\/notas-sueltas-llueve-en-la-ciudad\/#primaryimage"},"thumbnailUrl":"https:\/\/www.sonoraenequipo.com.mx\/storage\/2021\/07\/llueve_opt.jpg","articleSection":["Voces"],"inLanguage":"es","potentialAction":[{"@type":"CommentAction","name":"Comment","target":["https:\/\/www.sonoraenequipo.com.mx\/notas-sueltas-llueve-en-la-ciudad\/#respond"]}]},{"@type":"WebPage","@id":"https:\/\/www.sonoraenequipo.com.mx\/notas-sueltas-llueve-en-la-ciudad\/","url":"https:\/\/www.sonoraenequipo.com.mx\/notas-sueltas-llueve-en-la-ciudad\/","name":"Sonora en Equipo. NOTAS SUELTAS. Llueve en la ciudad Voces","isPartOf":{"@id":"https:\/\/www.sonoraenequipo.com.mx\/#website"},"primaryImageOfPage":{"@id":"https:\/\/www.sonoraenequipo.com.mx\/notas-sueltas-llueve-en-la-ciudad\/#primaryimage"},"image":{"@id":"https:\/\/www.sonoraenequipo.com.mx\/notas-sueltas-llueve-en-la-ciudad\/#primaryimage"},"thumbnailUrl":"https:\/\/www.sonoraenequipo.com.mx\/storage\/2021\/07\/llueve_opt.jpg","datePublished":"2021-07-12T06:55:55+00:00","dateModified":"2022-07-09T21:50:39+00:00","description":"\u201cCada ciudad recibe la forma del desierto al que se opone\u201d (Italo Calvino). &nbsp; &nbsp; El calor que padecemos por causas naturales, es decir, por estar En Sonora en Equipo publicamos toda la informaci\u00f3n de Sonora, M\u00e9xico y el Mundo de manera oportuna y busca que la libertad de expresi\u00f3n sea real. Visita nuestro medio informativo publicado desde Hermosillo, Sonora. %","breadcrumb":{"@id":"https:\/\/www.sonoraenequipo.com.mx\/notas-sueltas-llueve-en-la-ciudad\/#breadcrumb"},"inLanguage":"es","potentialAction":[{"@type":"ReadAction","target":["https:\/\/www.sonoraenequipo.com.mx\/notas-sueltas-llueve-en-la-ciudad\/"]}]},{"@type":"ImageObject","inLanguage":"es","@id":"https:\/\/www.sonoraenequipo.com.mx\/notas-sueltas-llueve-en-la-ciudad\/#primaryimage","url":"https:\/\/www.sonoraenequipo.com.mx\/storage\/2021\/07\/llueve_opt.jpg","contentUrl":"https:\/\/www.sonoraenequipo.com.mx\/storage\/2021\/07\/llueve_opt.jpg","width":700,"height":400},{"@type":"BreadcrumbList","@id":"https:\/\/www.sonoraenequipo.com.mx\/notas-sueltas-llueve-en-la-ciudad\/#breadcrumb","itemListElement":[{"@type":"ListItem","position":1,"name":"Portada","item":"https:\/\/www.sonoraenequipo.com.mx\/"},{"@type":"ListItem","position":2,"name":"NOTAS SUELTAS. Llueve en la ciudad"}]},{"@type":"WebSite","@id":"https:\/\/www.sonoraenequipo.com.mx\/#website","url":"https:\/\/www.sonoraenequipo.com.mx\/","name":"Sonora en Equipo.","description":"Diario en l\u00ednea con Noticias desde Hermosillo, Sonora","publisher":{"@id":"https:\/\/www.sonoraenequipo.com.mx\/#organization"},"potentialAction":[{"@type":"SearchAction","target":{"@type":"EntryPoint","urlTemplate":"https:\/\/www.sonoraenequipo.com.mx\/?s={search_term_string}"},"query-input":{"@type":"PropertyValueSpecification","valueRequired":true,"valueName":"search_term_string"}}],"inLanguage":"es"},{"@type":"Organization","@id":"https:\/\/www.sonoraenequipo.com.mx\/#organization","name":"Sonoraenequipo.com.mx","url":"https:\/\/www.sonoraenequipo.com.mx\/","logo":{"@type":"ImageObject","inLanguage":"es","@id":"https:\/\/www.sonoraenequipo.com.mx\/#\/schema\/logo\/image\/","url":"https:\/\/www.sonoraenequipo.com.mx\/storage\/2019\/01\/sonoraenequipo_opt.png","contentUrl":"https:\/\/www.sonoraenequipo.com.mx\/storage\/2019\/01\/sonoraenequipo_opt.png","width":375,"height":125,"caption":"Sonoraenequipo.com.mx"},"image":{"@id":"https:\/\/www.sonoraenequipo.com.mx\/#\/schema\/logo\/image\/"},"sameAs":["https:\/\/www.facebook.com\/SonoraEE\/","https:\/\/x.com\/sonoraenequipo","https:\/\/www.youtube.com\/channel\/UC338nW-lPEYmJQs4ZABQ1SQ"]},{"@type":"Person","@id":"https:\/\/www.sonoraenequipo.com.mx\/#\/schema\/person\/b2f7d4b3e5504aad00b5aca5d6793968","name":"Jos\u00e9 Dar\u00edo Arredondo L\u00f3pez","image":{"@type":"ImageObject","inLanguage":"es","@id":"https:\/\/www.sonoraenequipo.com.mx\/#\/schema\/person\/image\/","url":"https:\/\/secure.gravatar.com\/avatar\/f2045d0fa3f125a8f9d8560826b10fdcf77b66c7124667565c680e91be13a925?s=96&d=blank&r=g","contentUrl":"https:\/\/secure.gravatar.com\/avatar\/f2045d0fa3f125a8f9d8560826b10fdcf77b66c7124667565c680e91be13a925?s=96&d=blank&r=g","caption":"Jos\u00e9 Dar\u00edo Arredondo L\u00f3pez"},"sameAs":["http:\/\/sonoraenequipo.com.mx"]}]}},"jetpack_featured_media_url":"https:\/\/www.sonoraenequipo.com.mx\/storage\/2021\/07\/llueve_opt.jpg","_links":{"self":[{"href":"https:\/\/www.sonoraenequipo.com.mx\/api\/wp\/v2\/posts\/118486","targetHints":{"allow":["GET"]}}],"collection":[{"href":"https:\/\/www.sonoraenequipo.com.mx\/api\/wp\/v2\/posts"}],"about":[{"href":"https:\/\/www.sonoraenequipo.com.mx\/api\/wp\/v2\/types\/post"}],"author":[{"embeddable":true,"href":"https:\/\/www.sonoraenequipo.com.mx\/api\/wp\/v2\/users\/8"}],"replies":[{"embeddable":true,"href":"https:\/\/www.sonoraenequipo.com.mx\/api\/wp\/v2\/comments?post=118486"}],"version-history":[{"count":2,"href":"https:\/\/www.sonoraenequipo.com.mx\/api\/wp\/v2\/posts\/118486\/revisions"}],"predecessor-version":[{"id":118501,"href":"https:\/\/www.sonoraenequipo.com.mx\/api\/wp\/v2\/posts\/118486\/revisions\/118501"}],"wp:featuredmedia":[{"embeddable":true,"href":"https:\/\/www.sonoraenequipo.com.mx\/api\/wp\/v2\/media\/118499"}],"wp:attachment":[{"href":"https:\/\/www.sonoraenequipo.com.mx\/api\/wp\/v2\/media?parent=118486"}],"wp:term":[{"taxonomy":"category","embeddable":true,"href":"https:\/\/www.sonoraenequipo.com.mx\/api\/wp\/v2\/categories?post=118486"},{"taxonomy":"post_tag","embeddable":true,"href":"https:\/\/www.sonoraenequipo.com.mx\/api\/wp\/v2\/tags?post=118486"}],"curies":[{"name":"wp","href":"https:\/\/api.w.org\/{rel}","templated":true}]}}