{"id":118822,"date":"2021-07-21T13:03:50","date_gmt":"2021-07-21T20:03:50","guid":{"rendered":"https:\/\/www.sonoraenequipo.com.mx\/?p=118822"},"modified":"2021-07-21T20:27:12","modified_gmt":"2021-07-22T03:27:12","slug":"registra-sonora-dos-fallecimientos-y-166-nuevos-casos-de-covid","status":"publish","type":"post","link":"https:\/\/www.sonoraenequipo.com.mx\/registra-sonora-dos-fallecimientos-y-166-nuevos-casos-de-covid\/","title":{"rendered":"Registra Sonora dos fallecimientos y 166 nuevos casos de COVID"},"content":{"rendered":"<p>HERMOSILLO, SONORA,MX.\u2500\u2500 La Secretar\u00eda de Salud en Sonora dio a conocer que este d\u00eda se confirmaron dos decesos y 166 nuevos casos de COVID-19, con lo que se acumulan 6 mil 618 defunciones y 83 mil 610 casos que han sido positivos en la entidad, desde el inicio de la pandemia.<\/p>\n<p>&nbsp;<\/p>\n<p> <\/p>\n<p>&nbsp;<\/p>\n<p>Este martes, se confirmaron dos fallecimientos, en una mujer y un hombre; ambas personas eran residentes de Cajeme; y derechohabientes del IMSS, acumul\u00e1ndose un total de 6 mil 618 defunciones.<\/p>\n<p>&nbsp;<\/p>\n<p>Tambi\u00e9n se confirmaron 166 nuevos casos por COVID, en 91 mujeres y 75 hombres, para un total de 83 mil 610 casos en la entidad. De los contagios nuevos, 60 son residentes de Hermosillo; 57 de Cajeme; 13 de Navojoa; 11 de Caborca; nueve de Nogales; cuatro de Guaymas; cuatro de Huatabampo; tres de Benito Ju\u00e1rez; dos de Empalme; uno de Puerto Pe\u00f1asco; uno de \u00c1lamos; y uno de Etchojoa.<\/p>\n<p>&nbsp;<\/p>\n<p>Se confirmaron 18 casos pedi\u00e1tricos, en 12 ni\u00f1os y seis ni\u00f1as, acumul\u00e1ndose mil 802; se confirmaron dos casos en mujeres embarazadas, acumul\u00e1ndose 585 casos; cinco de los 166 casos fueron en trabajadores de la salud de distintas instituciones. Este martes, se dieron de alta a 21 pacientes y hasta el momento 74 mil 570 personas se han recuperado en la entidad.<\/p>\n<p>&nbsp;<\/p>\n<p>Al momento, se han realizado 153 mil 661 pruebas; se han confirmado 83 mil 610 casos y se han descartado 70 mil 051; en cuadro leve, 13 mil 427 casos, 2 mil 203 activos y 11 mil 224 concluyeron su seguimiento; 63 mil 346 pacientes se han curado y 219 pacientes se encuentran hospitalizados, 32 de ellos estables, 138 graves y 49 cr\u00edticos.<\/p>\n<p>&nbsp;<\/p>\n<p>Casos COVID-19 en Sonora 83,610 casos confirmados y 6,618 defunciones<\/p>\n<p>&nbsp;<\/p>\n<p>Defunciones registradas 20 de julio de 2021: 2<\/p>\n<p>&nbsp;<\/p>\n<p>Fecha de Publicaci\u00f3n\u00a0\u00a0 mi\u00e9rcoles \/ 21\u00a0\u00a0 \/ julio \/ 2021<\/p>\n<p>&nbsp;<\/p>\n","protected":false},"excerpt":{"rendered":"<p>HERMOSILLO, SONORA,MX.\u2500\u2500 La Secretar\u00eda de Salud en Sonora dio a conocer que este d\u00eda se&#8230;<\/p>\n","protected":false},"author":1,"featured_media":118147,"comment_status":"open","ping_status":"open","sticky":false,"template":"","format":"standard","meta":{"_monsterinsights_skip_tracking":false,"_monsterinsights_sitenote_active":false,"_monsterinsights_sitenote_note":"","_monsterinsights_sitenote_category":0,"footnotes":""},"categories":[22],"tags":[4249,15],"class_list":["post"],"yoast_head":" \n<title>Sonora en Equipo. Registra Sonora dos fallecimientos y 166 nuevos casos de COVID Sonora<\/title>\n<meta name=\"description\" content=\"HERMOSILLO, SONORA,MX.\u2500\u2500 La Secretar\u00eda de Salud en Sonora dio a conocer que este d\u00eda se confirmaron dos decesos y 166 nuevos casos de COVID-19, con lo que En Sonora en Equipo publicamos toda la informaci\u00f3n de Sonora, M\u00e9xico y el Mundo de manera oportuna y busca que la libertad de expresi\u00f3n sea real. Visita nuestro medio informativo publicado desde Hermosillo, Sonora. %\" \/>\n<meta name=\"robots\" content=\"index, follow, max-snippet:-1, max-image-preview:large, max-video-preview:-1\" \/>\n<link rel=\"canonical\" href=\"https:\/\/www.sonoraenequipo.com.mx\/registra-sonora-dos-fallecimientos-y-166-nuevos-casos-de-covid\/\" \/>\n<meta property=\"og:locale\" content=\"es_ES\" \/>\n<meta property=\"og:type\" content=\"article\" \/>\n<meta property=\"og:title\" content=\"Sonora en Equipo. Registra Sonora dos fallecimientos y 166 nuevos casos de COVID Sonora\" \/>\n<meta property=\"og:description\" content=\"HERMOSILLO, SONORA,MX.\u2500\u2500 La Secretar\u00eda de Salud en Sonora dio a conocer que este d\u00eda se confirmaron dos decesos y 166 nuevos casos de COVID-19, con lo que En Sonora en Equipo publicamos toda la informaci\u00f3n de Sonora, M\u00e9xico y el Mundo de manera oportuna y busca que la libertad de expresi\u00f3n sea real. Visita nuestro medio informativo publicado desde Hermosillo, Sonora. %\" \/>\n<meta property=\"og:url\" content=\"https:\/\/www.sonoraenequipo.com.mx\/registra-sonora-dos-fallecimientos-y-166-nuevos-casos-de-covid\/\" \/>\n<meta property=\"og:site_name\" content=\"Sonora en Equipo.\" \/>\n<meta property=\"article:publisher\" content=\"https:\/\/www.facebook.com\/SonoraEE\/\" \/>\n<meta property=\"article:author\" content=\"https:\/\/www.facebook.com\/SonoraEE\" \/>\n<meta property=\"article:published_time\" content=\"2021-07-21T20:03:50+00:00\" \/>\n<meta property=\"article:modified_time\" content=\"2021-07-22T03:27:12+00:00\" \/>\n<meta property=\"og:image\" content=\"https:\/\/www.sonoraenequipo.com.mx\/storage\/2021\/07\/enfermo-covid.jpg\" \/>\n\t<meta property=\"og:image:width\" content=\"700\" \/>\n\t<meta property=\"og:image:height\" content=\"397\" \/>\n\t<meta property=\"og:image:type\" content=\"image\/jpeg\" \/>\n<meta name=\"author\" content=\"enequipo\" \/>\n<meta name=\"twitter:card\" content=\"summary_large_image\" \/>\n<meta name=\"twitter:creator\" content=\"@sonoraenequipo\" \/>\n<meta name=\"twitter:site\" content=\"@sonoraenequipo\" \/>\n<meta name=\"twitter:label1\" content=\"Escrito por\" \/>\n\t<meta name=\"twitter:data1\" content=\"enequipo\" \/>\n\t<meta name=\"twitter:label2\" content=\"Tiempo de lectura\" \/>\n\t<meta name=\"twitter:data2\" content=\"2 minutos\" \/>\n<script type=\"application\/ld+json\" class=\"yoast-schema-graph\">{\"@context\":\"https:\/\/schema.org\",\"@graph\":[{\"@type\":\"Article\",\"@id\":\"https:\/\/www.sonoraenequipo.com.mx\/registra-sonora-dos-fallecimientos-y-166-nuevos-casos-de-covid\/#article\",\"isPartOf\":{\"@id\":\"https:\/\/www.sonoraenequipo.com.mx\/registra-sonora-dos-fallecimientos-y-166-nuevos-casos-de-covid\/\"},\"author\":{\"name\":\"enequipo\",\"@id\":\"https:\/\/www.sonoraenequipo.com.mx\/#\/schema\/person\/50102df0fb23a8fa9e8effad8fa81386\"},\"headline\":\"Registra Sonora dos fallecimientos y 166 nuevos casos de COVID\",\"datePublished\":\"2021-07-21T20:03:50+00:00\",\"dateModified\":\"2021-07-22T03:27:12+00:00\",\"mainEntityOfPage\":{\"@id\":\"https:\/\/www.sonoraenequipo.com.mx\/registra-sonora-dos-fallecimientos-y-166-nuevos-casos-de-covid\/\"},\"wordCount\":284,\"commentCount\":0,\"publisher\":{\"@id\":\"https:\/\/www.sonoraenequipo.com.mx\/#organization\"},\"image\":{\"@id\":\"https:\/\/www.sonoraenequipo.com.mx\/registra-sonora-dos-fallecimientos-y-166-nuevos-casos-de-covid\/#primaryimage\"},\"thumbnailUrl\":\"https:\/\/www.sonoraenequipo.com.mx\/storage\/2021\/07\/enfermo-covid.jpg\",\"keywords\":[\"covid\",\"Sonora\"],\"articleSection\":[\"Sonora\"],\"inLanguage\":\"es\",\"potentialAction\":[{\"@type\":\"CommentAction\",\"name\":\"Comment\",\"target\":[\"https:\/\/www.sonoraenequipo.com.mx\/registra-sonora-dos-fallecimientos-y-166-nuevos-casos-de-covid\/#respond\"]}]},{\"@type\":\"WebPage\",\"@id\":\"https:\/\/www.sonoraenequipo.com.mx\/registra-sonora-dos-fallecimientos-y-166-nuevos-casos-de-covid\/\",\"url\":\"https:\/\/www.sonoraenequipo.com.mx\/registra-sonora-dos-fallecimientos-y-166-nuevos-casos-de-covid\/\",\"name\":\"Sonora en Equipo. Registra Sonora dos fallecimientos y 166 nuevos casos de COVID Sonora\",\"isPartOf\":{\"@id\":\"https:\/\/www.sonoraenequipo.com.mx\/#website\"},\"primaryImageOfPage\":{\"@id\":\"https:\/\/www.sonoraenequipo.com.mx\/registra-sonora-dos-fallecimientos-y-166-nuevos-casos-de-covid\/#primaryimage\"},\"image\":{\"@id\":\"https:\/\/www.sonoraenequipo.com.mx\/registra-sonora-dos-fallecimientos-y-166-nuevos-casos-de-covid\/#primaryimage\"},\"thumbnailUrl\":\"https:\/\/www.sonoraenequipo.com.mx\/storage\/2021\/07\/enfermo-covid.jpg\",\"datePublished\":\"2021-07-21T20:03:50+00:00\",\"dateModified\":\"2021-07-22T03:27:12+00:00\",\"description\":\"HERMOSILLO, SONORA,MX.\u2500\u2500 La Secretar\u00eda de Salud en Sonora dio a conocer que este d\u00eda se confirmaron dos decesos y 166 nuevos casos de COVID-19, con lo que En Sonora en Equipo publicamos toda la informaci\u00f3n de Sonora, M\u00e9xico y el Mundo de manera oportuna y busca que la libertad de expresi\u00f3n sea real. Visita nuestro medio informativo publicado desde Hermosillo, Sonora. %\",\"breadcrumb\":{\"@id\":\"https:\/\/www.sonoraenequipo.com.mx\/registra-sonora-dos-fallecimientos-y-166-nuevos-casos-de-covid\/#breadcrumb\"},\"inLanguage\":\"es\",\"potentialAction\":[{\"@type\":\"ReadAction\",\"target\":[\"https:\/\/www.sonoraenequipo.com.mx\/registra-sonora-dos-fallecimientos-y-166-nuevos-casos-de-covid\/\"]}]},{\"@type\":\"ImageObject\",\"inLanguage\":\"es\",\"@id\":\"https:\/\/www.sonoraenequipo.com.mx\/registra-sonora-dos-fallecimientos-y-166-nuevos-casos-de-covid\/#primaryimage\",\"url\":\"https:\/\/www.sonoraenequipo.com.mx\/storage\/2021\/07\/enfermo-covid.jpg\",\"contentUrl\":\"https:\/\/www.sonoraenequipo.com.mx\/storage\/2021\/07\/enfermo-covid.jpg\",\"width\":700,\"height\":397},{\"@type\":\"BreadcrumbList\",\"@id\":\"https:\/\/www.sonoraenequipo.com.mx\/registra-sonora-dos-fallecimientos-y-166-nuevos-casos-de-covid\/#breadcrumb\",\"itemListElement\":[{\"@type\":\"ListItem\",\"position\":1,\"name\":\"Portada\",\"item\":\"https:\/\/www.sonoraenequipo.com.mx\/\"},{\"@type\":\"ListItem\",\"position\":2,\"name\":\"Registra Sonora dos fallecimientos y 166 nuevos casos de COVID\"}]},{\"@type\":\"WebSite\",\"@id\":\"https:\/\/www.sonoraenequipo.com.mx\/#website\",\"url\":\"https:\/\/www.sonoraenequipo.com.mx\/\",\"name\":\"Sonora en Equipo.\",\"description\":\"Diario en l\u00ednea con Noticias desde Hermosillo, Sonora\",\"publisher\":{\"@id\":\"https:\/\/www.sonoraenequipo.com.mx\/#organization\"},\"potentialAction\":[{\"@type\":\"SearchAction\",\"target\":{\"@type\":\"EntryPoint\",\"urlTemplate\":\"https:\/\/www.sonoraenequipo.com.mx\/?s={search_term_string}\"},\"query-input\":{\"@type\":\"PropertyValueSpecification\",\"valueRequired\":true,\"valueName\":\"search_term_string\"}}],\"inLanguage\":\"es\"},{\"@type\":\"Organization\",\"@id\":\"https:\/\/www.sonoraenequipo.com.mx\/#organization\",\"name\":\"Sonoraenequipo.com.mx\",\"url\":\"https:\/\/www.sonoraenequipo.com.mx\/\",\"logo\":{\"@type\":\"ImageObject\",\"inLanguage\":\"es\",\"@id\":\"https:\/\/www.sonoraenequipo.com.mx\/#\/schema\/logo\/image\/\",\"url\":\"https:\/\/www.sonoraenequipo.com.mx\/storage\/2019\/01\/sonoraenequipo_opt.png\",\"contentUrl\":\"https:\/\/www.sonoraenequipo.com.mx\/storage\/2019\/01\/sonoraenequipo_opt.png\",\"width\":375,\"height\":125,\"caption\":\"Sonoraenequipo.com.mx\"},\"image\":{\"@id\":\"https:\/\/www.sonoraenequipo.com.mx\/#\/schema\/logo\/image\/\"},\"sameAs\":[\"https:\/\/www.facebook.com\/SonoraEE\/\",\"https:\/\/x.com\/sonoraenequipo\",\"https:\/\/www.youtube.com\/channel\/UC338nW-lPEYmJQs4ZABQ1SQ\"]},{\"@type\":\"Person\",\"@id\":\"https:\/\/www.sonoraenequipo.com.mx\/#\/schema\/person\/50102df0fb23a8fa9e8effad8fa81386\",\"name\":\"enequipo\",\"image\":{\"@type\":\"ImageObject\",\"inLanguage\":\"es\",\"@id\":\"https:\/\/www.sonoraenequipo.com.mx\/#\/schema\/person\/image\/\",\"url\":\"https:\/\/secure.gravatar.com\/avatar\/049821681b589dabc0bc20695993ccebb09f5b5d4d790cd9251b97faac7c652b?s=96&d=blank&r=g\",\"contentUrl\":\"https:\/\/secure.gravatar.com\/avatar\/049821681b589dabc0bc20695993ccebb09f5b5d4d790cd9251b97faac7c652b?s=96&d=blank&r=g\",\"caption\":\"enequipo\"},\"sameAs\":[\"https:\/\/www.facebook.com\/SonoraEE\"]}]}<\/script>\n ","yoast_head_json":{"title":"Sonora en Equipo. Registra Sonora dos fallecimientos y 166 nuevos casos de COVID Sonora","description":"HERMOSILLO, SONORA,MX.\u2500\u2500 La Secretar\u00eda de Salud en Sonora dio a conocer que este d\u00eda se confirmaron dos decesos y 166 nuevos casos de COVID-19, con lo que En Sonora en Equipo publicamos toda la informaci\u00f3n de Sonora, M\u00e9xico y el Mundo de manera oportuna y busca que la libertad de expresi\u00f3n sea real. Visita nuestro medio informativo publicado desde Hermosillo, Sonora. %","robots":{"index":"index","follow":"follow","max-snippet":"max-snippet:-1","max-image-preview":"max-image-preview:large","max-video-preview":"max-video-preview:-1"},"canonical":"https:\/\/www.sonoraenequipo.com.mx\/registra-sonora-dos-fallecimientos-y-166-nuevos-casos-de-covid\/","og_locale":"es_ES","og_type":"article","og_title":"Sonora en Equipo. Registra Sonora dos fallecimientos y 166 nuevos casos de COVID Sonora","og_description":"HERMOSILLO, SONORA,MX.\u2500\u2500 La Secretar\u00eda de Salud en Sonora dio a conocer que este d\u00eda se confirmaron dos decesos y 166 nuevos casos de COVID-19, con lo que En Sonora en Equipo publicamos toda la informaci\u00f3n de Sonora, M\u00e9xico y el Mundo de manera oportuna y busca que la libertad de expresi\u00f3n sea real. Visita nuestro medio informativo publicado desde Hermosillo, Sonora. %","og_url":"https:\/\/www.sonoraenequipo.com.mx\/registra-sonora-dos-fallecimientos-y-166-nuevos-casos-de-covid\/","og_site_name":"Sonora en Equipo.","article_publisher":"https:\/\/www.facebook.com\/SonoraEE\/","article_author":"https:\/\/www.facebook.com\/SonoraEE","article_published_time":"2021-07-21T20:03:50+00:00","article_modified_time":"2021-07-22T03:27:12+00:00","og_image":[{"width":700,"height":397,"url":"https:\/\/www.sonoraenequipo.com.mx\/storage\/2021\/07\/enfermo-covid.jpg","type":"image\/jpeg"}],"author":"enequipo","twitter_card":"summary_large_image","twitter_creator":"@sonoraenequipo","twitter_site":"@sonoraenequipo","twitter_misc":{"Escrito por":"enequipo","Tiempo de lectura":"2 minutos"},"schema":{"@context":"https:\/\/schema.org","@graph":[{"@type":"Article","@id":"https:\/\/www.sonoraenequipo.com.mx\/registra-sonora-dos-fallecimientos-y-166-nuevos-casos-de-covid\/#article","isPartOf":{"@id":"https:\/\/www.sonoraenequipo.com.mx\/registra-sonora-dos-fallecimientos-y-166-nuevos-casos-de-covid\/"},"author":{"name":"enequipo","@id":"https:\/\/www.sonoraenequipo.com.mx\/#\/schema\/person\/50102df0fb23a8fa9e8effad8fa81386"},"headline":"Registra Sonora dos fallecimientos y 166 nuevos casos de COVID","datePublished":"2021-07-21T20:03:50+00:00","dateModified":"2021-07-22T03:27:12+00:00","mainEntityOfPage":{"@id":"https:\/\/www.sonoraenequipo.com.mx\/registra-sonora-dos-fallecimientos-y-166-nuevos-casos-de-covid\/"},"wordCount":284,"commentCount":0,"publisher":{"@id":"https:\/\/www.sonoraenequipo.com.mx\/#organization"},"image":{"@id":"https:\/\/www.sonoraenequipo.com.mx\/registra-sonora-dos-fallecimientos-y-166-nuevos-casos-de-covid\/#primaryimage"},"thumbnailUrl":"https:\/\/www.sonoraenequipo.com.mx\/storage\/2021\/07\/enfermo-covid.jpg","keywords":["covid","Sonora"],"articleSection":["Sonora"],"inLanguage":"es","potentialAction":[{"@type":"CommentAction","name":"Comment","target":["https:\/\/www.sonoraenequipo.com.mx\/registra-sonora-dos-fallecimientos-y-166-nuevos-casos-de-covid\/#respond"]}]},{"@type":"WebPage","@id":"https:\/\/www.sonoraenequipo.com.mx\/registra-sonora-dos-fallecimientos-y-166-nuevos-casos-de-covid\/","url":"https:\/\/www.sonoraenequipo.com.mx\/registra-sonora-dos-fallecimientos-y-166-nuevos-casos-de-covid\/","name":"Sonora en Equipo. Registra Sonora dos fallecimientos y 166 nuevos casos de COVID Sonora","isPartOf":{"@id":"https:\/\/www.sonoraenequipo.com.mx\/#website"},"primaryImageOfPage":{"@id":"https:\/\/www.sonoraenequipo.com.mx\/registra-sonora-dos-fallecimientos-y-166-nuevos-casos-de-covid\/#primaryimage"},"image":{"@id":"https:\/\/www.sonoraenequipo.com.mx\/registra-sonora-dos-fallecimientos-y-166-nuevos-casos-de-covid\/#primaryimage"},"thumbnailUrl":"https:\/\/www.sonoraenequipo.com.mx\/storage\/2021\/07\/enfermo-covid.jpg","datePublished":"2021-07-21T20:03:50+00:00","dateModified":"2021-07-22T03:27:12+00:00","description":"HERMOSILLO, SONORA,MX.\u2500\u2500 La Secretar\u00eda de Salud en Sonora dio a conocer que este d\u00eda se confirmaron dos decesos y 166 nuevos casos de COVID-19, con lo que En Sonora en Equipo publicamos toda la informaci\u00f3n de Sonora, M\u00e9xico y el Mundo de manera oportuna y busca que la libertad de expresi\u00f3n sea real. Visita nuestro medio informativo publicado desde Hermosillo, Sonora. %","breadcrumb":{"@id":"https:\/\/www.sonoraenequipo.com.mx\/registra-sonora-dos-fallecimientos-y-166-nuevos-casos-de-covid\/#breadcrumb"},"inLanguage":"es","potentialAction":[{"@type":"ReadAction","target":["https:\/\/www.sonoraenequipo.com.mx\/registra-sonora-dos-fallecimientos-y-166-nuevos-casos-de-covid\/"]}]},{"@type":"ImageObject","inLanguage":"es","@id":"https:\/\/www.sonoraenequipo.com.mx\/registra-sonora-dos-fallecimientos-y-166-nuevos-casos-de-covid\/#primaryimage","url":"https:\/\/www.sonoraenequipo.com.mx\/storage\/2021\/07\/enfermo-covid.jpg","contentUrl":"https:\/\/www.sonoraenequipo.com.mx\/storage\/2021\/07\/enfermo-covid.jpg","width":700,"height":397},{"@type":"BreadcrumbList","@id":"https:\/\/www.sonoraenequipo.com.mx\/registra-sonora-dos-fallecimientos-y-166-nuevos-casos-de-covid\/#breadcrumb","itemListElement":[{"@type":"ListItem","position":1,"name":"Portada","item":"https:\/\/www.sonoraenequipo.com.mx\/"},{"@type":"ListItem","position":2,"name":"Registra Sonora dos fallecimientos y 166 nuevos casos de COVID"}]},{"@type":"WebSite","@id":"https:\/\/www.sonoraenequipo.com.mx\/#website","url":"https:\/\/www.sonoraenequipo.com.mx\/","name":"Sonora en Equipo.","description":"Diario en l\u00ednea con Noticias desde Hermosillo, Sonora","publisher":{"@id":"https:\/\/www.sonoraenequipo.com.mx\/#organization"},"potentialAction":[{"@type":"SearchAction","target":{"@type":"EntryPoint","urlTemplate":"https:\/\/www.sonoraenequipo.com.mx\/?s={search_term_string}"},"query-input":{"@type":"PropertyValueSpecification","valueRequired":true,"valueName":"search_term_string"}}],"inLanguage":"es"},{"@type":"Organization","@id":"https:\/\/www.sonoraenequipo.com.mx\/#organization","name":"Sonoraenequipo.com.mx","url":"https:\/\/www.sonoraenequipo.com.mx\/","logo":{"@type":"ImageObject","inLanguage":"es","@id":"https:\/\/www.sonoraenequipo.com.mx\/#\/schema\/logo\/image\/","url":"https:\/\/www.sonoraenequipo.com.mx\/storage\/2019\/01\/sonoraenequipo_opt.png","contentUrl":"https:\/\/www.sonoraenequipo.com.mx\/storage\/2019\/01\/sonoraenequipo_opt.png","width":375,"height":125,"caption":"Sonoraenequipo.com.mx"},"image":{"@id":"https:\/\/www.sonoraenequipo.com.mx\/#\/schema\/logo\/image\/"},"sameAs":["https:\/\/www.facebook.com\/SonoraEE\/","https:\/\/x.com\/sonoraenequipo","https:\/\/www.youtube.com\/channel\/UC338nW-lPEYmJQs4ZABQ1SQ"]},{"@type":"Person","@id":"https:\/\/www.sonoraenequipo.com.mx\/#\/schema\/person\/50102df0fb23a8fa9e8effad8fa81386","name":"enequipo","image":{"@type":"ImageObject","inLanguage":"es","@id":"https:\/\/www.sonoraenequipo.com.mx\/#\/schema\/person\/image\/","url":"https:\/\/secure.gravatar.com\/avatar\/049821681b589dabc0bc20695993ccebb09f5b5d4d790cd9251b97faac7c652b?s=96&d=blank&r=g","contentUrl":"https:\/\/secure.gravatar.com\/avatar\/049821681b589dabc0bc20695993ccebb09f5b5d4d790cd9251b97faac7c652b?s=96&d=blank&r=g","caption":"enequipo"},"sameAs":["https:\/\/www.facebook.com\/SonoraEE"]}]}},"jetpack_featured_media_url":"https:\/\/www.sonoraenequipo.com.mx\/storage\/2021\/07\/enfermo-covid.jpg","_links":{"self":[{"href":"https:\/\/www.sonoraenequipo.com.mx\/api\/wp\/v2\/posts\/118822","targetHints":{"allow":["GET"]}}],"collection":[{"href":"https:\/\/www.sonoraenequipo.com.mx\/api\/wp\/v2\/posts"}],"about":[{"href":"https:\/\/www.sonoraenequipo.com.mx\/api\/wp\/v2\/types\/post"}],"author":[{"embeddable":true,"href":"https:\/\/www.sonoraenequipo.com.mx\/api\/wp\/v2\/users\/1"}],"replies":[{"embeddable":true,"href":"https:\/\/www.sonoraenequipo.com.mx\/api\/wp\/v2\/comments?post=118822"}],"version-history":[{"count":4,"href":"https:\/\/www.sonoraenequipo.com.mx\/api\/wp\/v2\/posts\/118822\/revisions"}],"predecessor-version":[{"id":118846,"href":"https:\/\/www.sonoraenequipo.com.mx\/api\/wp\/v2\/posts\/118822\/revisions\/118846"}],"wp:featuredmedia":[{"embeddable":true,"href":"https:\/\/www.sonoraenequipo.com.mx\/api\/wp\/v2\/media\/118147"}],"wp:attachment":[{"href":"https:\/\/www.sonoraenequipo.com.mx\/api\/wp\/v2\/media?parent=118822"}],"wp:term":[{"taxonomy":"category","embeddable":true,"href":"https:\/\/www.sonoraenequipo.com.mx\/api\/wp\/v2\/categories?post=118822"},{"taxonomy":"post_tag","embeddable":true,"href":"https:\/\/www.sonoraenequipo.com.mx\/api\/wp\/v2\/tags?post=118822"}],"curies":[{"name":"wp","href":"https:\/\/api.w.org\/{rel}","templated":true}]}}