{"id":118834,"date":"2021-07-21T14:00:58","date_gmt":"2021-07-21T21:00:58","guid":{"rendered":"https:\/\/www.sonoraenequipo.com.mx\/?p=118834"},"modified":"2021-07-21T20:33:15","modified_gmt":"2021-07-22T03:33:15","slug":"cae-en-caborca-sujeto-acusado-de-secuestro-en-veracruz","status":"publish","type":"post","link":"https:\/\/www.sonoraenequipo.com.mx\/cae-en-caborca-sujeto-acusado-de-secuestro-en-veracruz\/","title":{"rendered":"Cae en Caborca sujeto acusado de secuestro en Veracruz"},"content":{"rendered":"<p>HERMOSILLO, SONORA. MX. \u2014 Un objetivo prioritario requerido en Veracruz fue ubicado y aprehendido, en unos campos agr\u00edcolas del Ejido Y Griega, por agentes de la Unidad Especializada en Combate al Secuestro (UECS), de la Fiscal\u00eda de Sonora.<\/p>\n<p>&nbsp;<\/p>\n<p> <\/p>\n<p>&nbsp;<\/p>\n<p>Los elementos, adscritos a la Agencia Ministerial de Investigaci\u00f3n Criminal (AMIC), de la Fiscal\u00eda General de Justicia del Estado de Sonora (FGJE), realizaron la acci\u00f3n en coordinaci\u00f3n con sus hom\u00f3logos de Veracruz.<\/p>\n<p>&nbsp;<\/p>\n<p>Bajo oficio de colaboraci\u00f3n entre las Fiscal\u00edas de Sonora y Veracruz, se ejecut\u00f3 la orden de aprehensi\u00f3n a Jos\u00e9 Luis \u201cN.\u201d al figurar en la causa penal 147\/2021 por el delito de secuestro agravado, ya que es requerido por un Juez.<\/p>\n<p>&nbsp;<\/p>\n<p>Personal de las unidades especializadas sonorense y veracruzana en combate al secuestro mantuvieron la coordinaci\u00f3n para la b\u00fasqueda, localizaci\u00f3n y detenci\u00f3n de imputado, a quien de inmediato se le traslad\u00f3 a Hermosillo.<\/p>\n<p>&nbsp;<\/p>\n<p>Investigaciones realizadas por los agentes de las UECS, de Sonora y Veracruz, determinaron que Jos\u00e9 Luis \u201cN.\u201d radicaba y laboraba en el municipio de Caborca, fue ubicado en un campo agr\u00edcola ubicado en la zona de la Y Griega.<\/p>\n<p>&nbsp;<\/p>\n<p>Una vez aprehendido, personal de la AMIC Sonora ley\u00f3 al imputado sus derechos, respet\u00f3 sus derechos constitucionales y brind\u00f3 atenci\u00f3n m\u00e9dica, se llev\u00f3 a las oficinas centrales de la Fiscal\u00eda en Sonora para despu\u00e9s ser trasladado a Veracruz.<\/p>\n<p>&nbsp;<\/p>\n<p>La Fiscal\u00eda General del Estado de Veracruz mantiene las investigaciones contra el imputado por el delito de secuestro agravado. La coordinaci\u00f3n con la Fiscal\u00eda de Sonora con otras entidades se mantiene las 24 horas de los 365 d\u00edas.<\/p>\n<p>&nbsp;<\/p>\n<p>Fecha de Publicaci\u00f3n\u00a0\u00a0 mi\u00e9rcoles \/ 21\u00a0\u00a0 \/ julio \/ 2021<\/p>\n<p>&nbsp;<\/p>\n","protected":false},"excerpt":{"rendered":"<p>HERMOSILLO, SONORA. MX. \u2014 Un objetivo prioritario requerido en Veracruz fue ubicado y aprehendido, en&#8230;<\/p>\n","protected":false},"author":1,"featured_media":118835,"comment_status":"open","ping_status":"open","sticky":false,"template":"","format":"standard","meta":{"_monsterinsights_skip_tracking":false,"_monsterinsights_sitenote_active":false,"_monsterinsights_sitenote_note":"","_monsterinsights_sitenote_category":0,"footnotes":""},"categories":[3144],"tags":[5931],"class_list":["post"],"yoast_head":" \n<title>Sonora en Equipo. Cae en Caborca sujeto acusado de secuestro en Veracruz Polic\u00edaca<\/title>\n<meta name=\"description\" content=\"HERMOSILLO, SONORA. MX. \u2014 Un objetivo prioritario requerido en Veracruz fue ubicado y aprehendido, en unos campos agr\u00edcolas del Ejido Y Griega, por En Sonora en Equipo publicamos toda la informaci\u00f3n de Sonora, M\u00e9xico y el Mundo de manera oportuna y busca que la libertad de expresi\u00f3n sea real. Visita nuestro medio informativo publicado desde Hermosillo, Sonora. %\" \/>\n<meta name=\"robots\" content=\"index, follow, max-snippet:-1, max-image-preview:large, max-video-preview:-1\" \/>\n<link rel=\"canonical\" href=\"https:\/\/www.sonoraenequipo.com.mx\/cae-en-caborca-sujeto-acusado-de-secuestro-en-veracruz\/\" \/>\n<meta property=\"og:locale\" content=\"es_ES\" \/>\n<meta property=\"og:type\" content=\"article\" \/>\n<meta property=\"og:title\" content=\"Sonora en Equipo. Cae en Caborca sujeto acusado de secuestro en Veracruz Polic\u00edaca\" \/>\n<meta property=\"og:description\" content=\"HERMOSILLO, SONORA. MX. \u2014 Un objetivo prioritario requerido en Veracruz fue ubicado y aprehendido, en unos campos agr\u00edcolas del Ejido Y Griega, por En Sonora en Equipo publicamos toda la informaci\u00f3n de Sonora, M\u00e9xico y el Mundo de manera oportuna y busca que la libertad de expresi\u00f3n sea real. Visita nuestro medio informativo publicado desde Hermosillo, Sonora. %\" \/>\n<meta property=\"og:url\" content=\"https:\/\/www.sonoraenequipo.com.mx\/cae-en-caborca-sujeto-acusado-de-secuestro-en-veracruz\/\" \/>\n<meta property=\"og:site_name\" content=\"Sonora en Equipo.\" \/>\n<meta property=\"article:publisher\" content=\"https:\/\/www.facebook.com\/SonoraEE\/\" \/>\n<meta property=\"article:author\" content=\"https:\/\/www.facebook.com\/SonoraEE\" \/>\n<meta property=\"article:published_time\" content=\"2021-07-21T21:00:58+00:00\" \/>\n<meta property=\"article:modified_time\" content=\"2021-07-22T03:33:15+00:00\" \/>\n<meta property=\"og:image\" content=\"https:\/\/www.sonoraenequipo.com.mx\/storage\/2021\/07\/secuestrador-ver.jpg\" \/>\n\t<meta property=\"og:image:width\" content=\"700\" \/>\n\t<meta property=\"og:image:height\" content=\"400\" \/>\n\t<meta property=\"og:image:type\" content=\"image\/jpeg\" \/>\n<meta name=\"author\" content=\"enequipo\" \/>\n<meta name=\"twitter:card\" content=\"summary_large_image\" \/>\n<meta name=\"twitter:creator\" content=\"@sonoraenequipo\" \/>\n<meta name=\"twitter:site\" content=\"@sonoraenequipo\" \/>\n<meta name=\"twitter:label1\" content=\"Escrito por\" \/>\n\t<meta name=\"twitter:data1\" content=\"enequipo\" \/>\n\t<meta name=\"twitter:label2\" content=\"Tiempo de lectura\" \/>\n\t<meta name=\"twitter:data2\" content=\"2 minutos\" \/>\n<script type=\"application\/ld+json\" class=\"yoast-schema-graph\">{\"@context\":\"https:\/\/schema.org\",\"@graph\":[{\"@type\":\"Article\",\"@id\":\"https:\/\/www.sonoraenequipo.com.mx\/cae-en-caborca-sujeto-acusado-de-secuestro-en-veracruz\/#article\",\"isPartOf\":{\"@id\":\"https:\/\/www.sonoraenequipo.com.mx\/cae-en-caborca-sujeto-acusado-de-secuestro-en-veracruz\/\"},\"author\":{\"name\":\"enequipo\",\"@id\":\"https:\/\/www.sonoraenequipo.com.mx\/#\/schema\/person\/50102df0fb23a8fa9e8effad8fa81386\"},\"headline\":\"Cae en Caborca sujeto acusado de secuestro en Veracruz\",\"datePublished\":\"2021-07-21T21:00:58+00:00\",\"dateModified\":\"2021-07-22T03:33:15+00:00\",\"mainEntityOfPage\":{\"@id\":\"https:\/\/www.sonoraenequipo.com.mx\/cae-en-caborca-sujeto-acusado-de-secuestro-en-veracruz\/\"},\"wordCount\":302,\"commentCount\":0,\"publisher\":{\"@id\":\"https:\/\/www.sonoraenequipo.com.mx\/#organization\"},\"image\":{\"@id\":\"https:\/\/www.sonoraenequipo.com.mx\/cae-en-caborca-sujeto-acusado-de-secuestro-en-veracruz\/#primaryimage\"},\"thumbnailUrl\":\"https:\/\/www.sonoraenequipo.com.mx\/storage\/2021\/07\/secuestrador-ver.jpg\",\"keywords\":[\"secuestro seguridad\"],\"articleSection\":[\"Polic\u00edaca\"],\"inLanguage\":\"es\",\"potentialAction\":[{\"@type\":\"CommentAction\",\"name\":\"Comment\",\"target\":[\"https:\/\/www.sonoraenequipo.com.mx\/cae-en-caborca-sujeto-acusado-de-secuestro-en-veracruz\/#respond\"]}]},{\"@type\":\"WebPage\",\"@id\":\"https:\/\/www.sonoraenequipo.com.mx\/cae-en-caborca-sujeto-acusado-de-secuestro-en-veracruz\/\",\"url\":\"https:\/\/www.sonoraenequipo.com.mx\/cae-en-caborca-sujeto-acusado-de-secuestro-en-veracruz\/\",\"name\":\"Sonora en Equipo. Cae en Caborca sujeto acusado de secuestro en Veracruz Polic\u00edaca\",\"isPartOf\":{\"@id\":\"https:\/\/www.sonoraenequipo.com.mx\/#website\"},\"primaryImageOfPage\":{\"@id\":\"https:\/\/www.sonoraenequipo.com.mx\/cae-en-caborca-sujeto-acusado-de-secuestro-en-veracruz\/#primaryimage\"},\"image\":{\"@id\":\"https:\/\/www.sonoraenequipo.com.mx\/cae-en-caborca-sujeto-acusado-de-secuestro-en-veracruz\/#primaryimage\"},\"thumbnailUrl\":\"https:\/\/www.sonoraenequipo.com.mx\/storage\/2021\/07\/secuestrador-ver.jpg\",\"datePublished\":\"2021-07-21T21:00:58+00:00\",\"dateModified\":\"2021-07-22T03:33:15+00:00\",\"description\":\"HERMOSILLO, SONORA. MX. \u2014 Un objetivo prioritario requerido en Veracruz fue ubicado y aprehendido, en unos campos agr\u00edcolas del Ejido Y Griega, por En Sonora en Equipo publicamos toda la informaci\u00f3n de Sonora, M\u00e9xico y el Mundo de manera oportuna y busca que la libertad de expresi\u00f3n sea real. Visita nuestro medio informativo publicado desde Hermosillo, Sonora. %\",\"breadcrumb\":{\"@id\":\"https:\/\/www.sonoraenequipo.com.mx\/cae-en-caborca-sujeto-acusado-de-secuestro-en-veracruz\/#breadcrumb\"},\"inLanguage\":\"es\",\"potentialAction\":[{\"@type\":\"ReadAction\",\"target\":[\"https:\/\/www.sonoraenequipo.com.mx\/cae-en-caborca-sujeto-acusado-de-secuestro-en-veracruz\/\"]}]},{\"@type\":\"ImageObject\",\"inLanguage\":\"es\",\"@id\":\"https:\/\/www.sonoraenequipo.com.mx\/cae-en-caborca-sujeto-acusado-de-secuestro-en-veracruz\/#primaryimage\",\"url\":\"https:\/\/www.sonoraenequipo.com.mx\/storage\/2021\/07\/secuestrador-ver.jpg\",\"contentUrl\":\"https:\/\/www.sonoraenequipo.com.mx\/storage\/2021\/07\/secuestrador-ver.jpg\",\"width\":700,\"height\":400},{\"@type\":\"BreadcrumbList\",\"@id\":\"https:\/\/www.sonoraenequipo.com.mx\/cae-en-caborca-sujeto-acusado-de-secuestro-en-veracruz\/#breadcrumb\",\"itemListElement\":[{\"@type\":\"ListItem\",\"position\":1,\"name\":\"Portada\",\"item\":\"https:\/\/www.sonoraenequipo.com.mx\/\"},{\"@type\":\"ListItem\",\"position\":2,\"name\":\"Cae en Caborca sujeto acusado de secuestro en Veracruz\"}]},{\"@type\":\"WebSite\",\"@id\":\"https:\/\/www.sonoraenequipo.com.mx\/#website\",\"url\":\"https:\/\/www.sonoraenequipo.com.mx\/\",\"name\":\"Sonora en Equipo.\",\"description\":\"Diario en l\u00ednea con Noticias desde Hermosillo, Sonora\",\"publisher\":{\"@id\":\"https:\/\/www.sonoraenequipo.com.mx\/#organization\"},\"potentialAction\":[{\"@type\":\"SearchAction\",\"target\":{\"@type\":\"EntryPoint\",\"urlTemplate\":\"https:\/\/www.sonoraenequipo.com.mx\/?s={search_term_string}\"},\"query-input\":{\"@type\":\"PropertyValueSpecification\",\"valueRequired\":true,\"valueName\":\"search_term_string\"}}],\"inLanguage\":\"es\"},{\"@type\":\"Organization\",\"@id\":\"https:\/\/www.sonoraenequipo.com.mx\/#organization\",\"name\":\"Sonoraenequipo.com.mx\",\"url\":\"https:\/\/www.sonoraenequipo.com.mx\/\",\"logo\":{\"@type\":\"ImageObject\",\"inLanguage\":\"es\",\"@id\":\"https:\/\/www.sonoraenequipo.com.mx\/#\/schema\/logo\/image\/\",\"url\":\"https:\/\/www.sonoraenequipo.com.mx\/storage\/2019\/01\/sonoraenequipo_opt.png\",\"contentUrl\":\"https:\/\/www.sonoraenequipo.com.mx\/storage\/2019\/01\/sonoraenequipo_opt.png\",\"width\":375,\"height\":125,\"caption\":\"Sonoraenequipo.com.mx\"},\"image\":{\"@id\":\"https:\/\/www.sonoraenequipo.com.mx\/#\/schema\/logo\/image\/\"},\"sameAs\":[\"https:\/\/www.facebook.com\/SonoraEE\/\",\"https:\/\/x.com\/sonoraenequipo\",\"https:\/\/www.youtube.com\/channel\/UC338nW-lPEYmJQs4ZABQ1SQ\"]},{\"@type\":\"Person\",\"@id\":\"https:\/\/www.sonoraenequipo.com.mx\/#\/schema\/person\/50102df0fb23a8fa9e8effad8fa81386\",\"name\":\"enequipo\",\"image\":{\"@type\":\"ImageObject\",\"inLanguage\":\"es\",\"@id\":\"https:\/\/www.sonoraenequipo.com.mx\/#\/schema\/person\/image\/\",\"url\":\"https:\/\/secure.gravatar.com\/avatar\/049821681b589dabc0bc20695993ccebb09f5b5d4d790cd9251b97faac7c652b?s=96&d=blank&r=g\",\"contentUrl\":\"https:\/\/secure.gravatar.com\/avatar\/049821681b589dabc0bc20695993ccebb09f5b5d4d790cd9251b97faac7c652b?s=96&d=blank&r=g\",\"caption\":\"enequipo\"},\"sameAs\":[\"https:\/\/www.facebook.com\/SonoraEE\"]}]}<\/script>\n ","yoast_head_json":{"title":"Sonora en Equipo. Cae en Caborca sujeto acusado de secuestro en Veracruz Polic\u00edaca","description":"HERMOSILLO, SONORA. MX. \u2014 Un objetivo prioritario requerido en Veracruz fue ubicado y aprehendido, en unos campos agr\u00edcolas del Ejido Y Griega, por En Sonora en Equipo publicamos toda la informaci\u00f3n de Sonora, M\u00e9xico y el Mundo de manera oportuna y busca que la libertad de expresi\u00f3n sea real. Visita nuestro medio informativo publicado desde Hermosillo, Sonora. %","robots":{"index":"index","follow":"follow","max-snippet":"max-snippet:-1","max-image-preview":"max-image-preview:large","max-video-preview":"max-video-preview:-1"},"canonical":"https:\/\/www.sonoraenequipo.com.mx\/cae-en-caborca-sujeto-acusado-de-secuestro-en-veracruz\/","og_locale":"es_ES","og_type":"article","og_title":"Sonora en Equipo. Cae en Caborca sujeto acusado de secuestro en Veracruz Polic\u00edaca","og_description":"HERMOSILLO, SONORA. MX. \u2014 Un objetivo prioritario requerido en Veracruz fue ubicado y aprehendido, en unos campos agr\u00edcolas del Ejido Y Griega, por En Sonora en Equipo publicamos toda la informaci\u00f3n de Sonora, M\u00e9xico y el Mundo de manera oportuna y busca que la libertad de expresi\u00f3n sea real. Visita nuestro medio informativo publicado desde Hermosillo, Sonora. %","og_url":"https:\/\/www.sonoraenequipo.com.mx\/cae-en-caborca-sujeto-acusado-de-secuestro-en-veracruz\/","og_site_name":"Sonora en Equipo.","article_publisher":"https:\/\/www.facebook.com\/SonoraEE\/","article_author":"https:\/\/www.facebook.com\/SonoraEE","article_published_time":"2021-07-21T21:00:58+00:00","article_modified_time":"2021-07-22T03:33:15+00:00","og_image":[{"width":700,"height":400,"url":"https:\/\/www.sonoraenequipo.com.mx\/storage\/2021\/07\/secuestrador-ver.jpg","type":"image\/jpeg"}],"author":"enequipo","twitter_card":"summary_large_image","twitter_creator":"@sonoraenequipo","twitter_site":"@sonoraenequipo","twitter_misc":{"Escrito por":"enequipo","Tiempo de lectura":"2 minutos"},"schema":{"@context":"https:\/\/schema.org","@graph":[{"@type":"Article","@id":"https:\/\/www.sonoraenequipo.com.mx\/cae-en-caborca-sujeto-acusado-de-secuestro-en-veracruz\/#article","isPartOf":{"@id":"https:\/\/www.sonoraenequipo.com.mx\/cae-en-caborca-sujeto-acusado-de-secuestro-en-veracruz\/"},"author":{"name":"enequipo","@id":"https:\/\/www.sonoraenequipo.com.mx\/#\/schema\/person\/50102df0fb23a8fa9e8effad8fa81386"},"headline":"Cae en Caborca sujeto acusado de secuestro en Veracruz","datePublished":"2021-07-21T21:00:58+00:00","dateModified":"2021-07-22T03:33:15+00:00","mainEntityOfPage":{"@id":"https:\/\/www.sonoraenequipo.com.mx\/cae-en-caborca-sujeto-acusado-de-secuestro-en-veracruz\/"},"wordCount":302,"commentCount":0,"publisher":{"@id":"https:\/\/www.sonoraenequipo.com.mx\/#organization"},"image":{"@id":"https:\/\/www.sonoraenequipo.com.mx\/cae-en-caborca-sujeto-acusado-de-secuestro-en-veracruz\/#primaryimage"},"thumbnailUrl":"https:\/\/www.sonoraenequipo.com.mx\/storage\/2021\/07\/secuestrador-ver.jpg","keywords":["secuestro seguridad"],"articleSection":["Polic\u00edaca"],"inLanguage":"es","potentialAction":[{"@type":"CommentAction","name":"Comment","target":["https:\/\/www.sonoraenequipo.com.mx\/cae-en-caborca-sujeto-acusado-de-secuestro-en-veracruz\/#respond"]}]},{"@type":"WebPage","@id":"https:\/\/www.sonoraenequipo.com.mx\/cae-en-caborca-sujeto-acusado-de-secuestro-en-veracruz\/","url":"https:\/\/www.sonoraenequipo.com.mx\/cae-en-caborca-sujeto-acusado-de-secuestro-en-veracruz\/","name":"Sonora en Equipo. Cae en Caborca sujeto acusado de secuestro en Veracruz Polic\u00edaca","isPartOf":{"@id":"https:\/\/www.sonoraenequipo.com.mx\/#website"},"primaryImageOfPage":{"@id":"https:\/\/www.sonoraenequipo.com.mx\/cae-en-caborca-sujeto-acusado-de-secuestro-en-veracruz\/#primaryimage"},"image":{"@id":"https:\/\/www.sonoraenequipo.com.mx\/cae-en-caborca-sujeto-acusado-de-secuestro-en-veracruz\/#primaryimage"},"thumbnailUrl":"https:\/\/www.sonoraenequipo.com.mx\/storage\/2021\/07\/secuestrador-ver.jpg","datePublished":"2021-07-21T21:00:58+00:00","dateModified":"2021-07-22T03:33:15+00:00","description":"HERMOSILLO, SONORA. MX. \u2014 Un objetivo prioritario requerido en Veracruz fue ubicado y aprehendido, en unos campos agr\u00edcolas del Ejido Y Griega, por En Sonora en Equipo publicamos toda la informaci\u00f3n de Sonora, M\u00e9xico y el Mundo de manera oportuna y busca que la libertad de expresi\u00f3n sea real. Visita nuestro medio informativo publicado desde Hermosillo, Sonora. %","breadcrumb":{"@id":"https:\/\/www.sonoraenequipo.com.mx\/cae-en-caborca-sujeto-acusado-de-secuestro-en-veracruz\/#breadcrumb"},"inLanguage":"es","potentialAction":[{"@type":"ReadAction","target":["https:\/\/www.sonoraenequipo.com.mx\/cae-en-caborca-sujeto-acusado-de-secuestro-en-veracruz\/"]}]},{"@type":"ImageObject","inLanguage":"es","@id":"https:\/\/www.sonoraenequipo.com.mx\/cae-en-caborca-sujeto-acusado-de-secuestro-en-veracruz\/#primaryimage","url":"https:\/\/www.sonoraenequipo.com.mx\/storage\/2021\/07\/secuestrador-ver.jpg","contentUrl":"https:\/\/www.sonoraenequipo.com.mx\/storage\/2021\/07\/secuestrador-ver.jpg","width":700,"height":400},{"@type":"BreadcrumbList","@id":"https:\/\/www.sonoraenequipo.com.mx\/cae-en-caborca-sujeto-acusado-de-secuestro-en-veracruz\/#breadcrumb","itemListElement":[{"@type":"ListItem","position":1,"name":"Portada","item":"https:\/\/www.sonoraenequipo.com.mx\/"},{"@type":"ListItem","position":2,"name":"Cae en Caborca sujeto acusado de secuestro en Veracruz"}]},{"@type":"WebSite","@id":"https:\/\/www.sonoraenequipo.com.mx\/#website","url":"https:\/\/www.sonoraenequipo.com.mx\/","name":"Sonora en Equipo.","description":"Diario en l\u00ednea con Noticias desde Hermosillo, Sonora","publisher":{"@id":"https:\/\/www.sonoraenequipo.com.mx\/#organization"},"potentialAction":[{"@type":"SearchAction","target":{"@type":"EntryPoint","urlTemplate":"https:\/\/www.sonoraenequipo.com.mx\/?s={search_term_string}"},"query-input":{"@type":"PropertyValueSpecification","valueRequired":true,"valueName":"search_term_string"}}],"inLanguage":"es"},{"@type":"Organization","@id":"https:\/\/www.sonoraenequipo.com.mx\/#organization","name":"Sonoraenequipo.com.mx","url":"https:\/\/www.sonoraenequipo.com.mx\/","logo":{"@type":"ImageObject","inLanguage":"es","@id":"https:\/\/www.sonoraenequipo.com.mx\/#\/schema\/logo\/image\/","url":"https:\/\/www.sonoraenequipo.com.mx\/storage\/2019\/01\/sonoraenequipo_opt.png","contentUrl":"https:\/\/www.sonoraenequipo.com.mx\/storage\/2019\/01\/sonoraenequipo_opt.png","width":375,"height":125,"caption":"Sonoraenequipo.com.mx"},"image":{"@id":"https:\/\/www.sonoraenequipo.com.mx\/#\/schema\/logo\/image\/"},"sameAs":["https:\/\/www.facebook.com\/SonoraEE\/","https:\/\/x.com\/sonoraenequipo","https:\/\/www.youtube.com\/channel\/UC338nW-lPEYmJQs4ZABQ1SQ"]},{"@type":"Person","@id":"https:\/\/www.sonoraenequipo.com.mx\/#\/schema\/person\/50102df0fb23a8fa9e8effad8fa81386","name":"enequipo","image":{"@type":"ImageObject","inLanguage":"es","@id":"https:\/\/www.sonoraenequipo.com.mx\/#\/schema\/person\/image\/","url":"https:\/\/secure.gravatar.com\/avatar\/049821681b589dabc0bc20695993ccebb09f5b5d4d790cd9251b97faac7c652b?s=96&d=blank&r=g","contentUrl":"https:\/\/secure.gravatar.com\/avatar\/049821681b589dabc0bc20695993ccebb09f5b5d4d790cd9251b97faac7c652b?s=96&d=blank&r=g","caption":"enequipo"},"sameAs":["https:\/\/www.facebook.com\/SonoraEE"]}]}},"jetpack_featured_media_url":"https:\/\/www.sonoraenequipo.com.mx\/storage\/2021\/07\/secuestrador-ver.jpg","_links":{"self":[{"href":"https:\/\/www.sonoraenequipo.com.mx\/api\/wp\/v2\/posts\/118834","targetHints":{"allow":["GET"]}}],"collection":[{"href":"https:\/\/www.sonoraenequipo.com.mx\/api\/wp\/v2\/posts"}],"about":[{"href":"https:\/\/www.sonoraenequipo.com.mx\/api\/wp\/v2\/types\/post"}],"author":[{"embeddable":true,"href":"https:\/\/www.sonoraenequipo.com.mx\/api\/wp\/v2\/users\/1"}],"replies":[{"embeddable":true,"href":"https:\/\/www.sonoraenequipo.com.mx\/api\/wp\/v2\/comments?post=118834"}],"version-history":[{"count":3,"href":"https:\/\/www.sonoraenequipo.com.mx\/api\/wp\/v2\/posts\/118834\/revisions"}],"predecessor-version":[{"id":118849,"href":"https:\/\/www.sonoraenequipo.com.mx\/api\/wp\/v2\/posts\/118834\/revisions\/118849"}],"wp:featuredmedia":[{"embeddable":true,"href":"https:\/\/www.sonoraenequipo.com.mx\/api\/wp\/v2\/media\/118835"}],"wp:attachment":[{"href":"https:\/\/www.sonoraenequipo.com.mx\/api\/wp\/v2\/media?parent=118834"}],"wp:term":[{"taxonomy":"category","embeddable":true,"href":"https:\/\/www.sonoraenequipo.com.mx\/api\/wp\/v2\/categories?post=118834"},{"taxonomy":"post_tag","embeddable":true,"href":"https:\/\/www.sonoraenequipo.com.mx\/api\/wp\/v2\/tags?post=118834"}],"curies":[{"name":"wp","href":"https:\/\/api.w.org\/{rel}","templated":true}]}}