{"id":118837,"date":"2021-07-21T18:12:50","date_gmt":"2021-07-22T01:12:50","guid":{"rendered":"https:\/\/www.sonoraenequipo.com.mx\/?p=118837"},"modified":"2021-07-21T18:12:50","modified_gmt":"2021-07-22T01:12:50","slug":"ine-declara-procedentes-medidas-cautelares-para-retiro-de-propaganda-gubernamental-que-afecta-la-consulta","status":"publish","type":"post","link":"https:\/\/www.sonoraenequipo.com.mx\/ine-declara-procedentes-medidas-cautelares-para-retiro-de-propaganda-gubernamental-que-afecta-la-consulta\/","title":{"rendered":"INE declara procedentes medidas cautelares para retiro de propaganda gubernamental que afecta la Consulta"},"content":{"rendered":"<p>INE declara procedentes medidas cautelares para retiro de propaganda gubernamental que afecta la Consulta<\/p>\n<p>&nbsp;<\/p>\n<p>&nbsp;<\/p>\n<p>CIUDAD DE M\u00c9XICO.\u2500La Comisi\u00f3n de Quejas y Denuncias del Instituto Nacional Electoral (INE) conoci\u00f3 y resolvi\u00f3 esta tarde dos solicitudes de medidas cautelares presentadas por el Partido Acci\u00f3n Nacional (PAN), una en contra de Andr\u00e9s Manuel L\u00f3pez Obrador, Presidente de la Rep\u00fablica; y la otra en contra de Jenaro Villamil, Presidente del Sistema P\u00fablico de Radiodifusi\u00f3n del Estado Mexicano.<\/p>\n<p>&nbsp;<\/p>\n<p>&nbsp;<\/p>\n<p>&nbsp;<\/p>\n<p>En el primer caso, el Partido Acci\u00f3n Nacional denunci\u00f3 a Andr\u00e9s Manuel L\u00f3pez Obrador, Presidente de la Rep\u00fablica y a quien resulte responsable, por las manifestaciones realizadas en la conferencia matutina del pasado 19 de julio en la cual, la Subsecretaria de Desarrollo Social y Humano de la Secretar\u00eda de Bienestar, dio a conocer la nueva estrategia de incorporaci\u00f3n de personas mayores de 65 a\u00f1os a la Pensi\u00f3n para el Bienestar de los Adultos Mayores, hecho que constituye difusi\u00f3n de propaganda gubernamental en periodo prohibido en el contexto de la Consulta Popular, a celebrarse el 1\u00b0 de agosto.<\/p>\n<p>&nbsp;<\/p>\n<p>&nbsp;<\/p>\n<p>&nbsp;<\/p>\n<p>La Comisi\u00f3n estim\u00f3 procedente el dictado de la medida cautelar toda vez que, de un an\u00e1lisis preliminar, las expresiones realizadas por la Subsecretaria de Desarrollo Social y Humano s\u00ed pueden constituir propaganda gubernamental prohibida por la norma constitucional que obliga a todo ente p\u00fablico a respetar los principios de imparcialidad y neutralidad desde el 15 de julio y hasta el 1\u00b0 de agosto en que se lleve a cabo la Consulta Popular.<\/p>\n<p>&nbsp;<\/p>\n<p>&nbsp;<\/p>\n<p>&nbsp;<\/p>\n<p>En consecuencia, se orden\u00f3 a la Presidencia de la Rep\u00fablica, para que a trav\u00e9s de la Consejer\u00eda Jur\u00eddica, en un plazo que no podr\u00e1 exceder de tres horas, realice todas las acciones, tr\u00e1mites y gestiones necesarias para eliminar o modificar las publicaciones que contienen los audiovisuales y\/o versiones estenograf\u00edas de la conferencia matutina del 19 de julio del presente a\u00f1o de cualquier plataforma oficial.<\/p>\n<p>&nbsp;<\/p>\n<p>&nbsp;<\/p>\n<p>&nbsp;<\/p>\n<p>Asimismo, se mandat\u00f3 a la Presidencia de la Rep\u00fablica; a la Coordinaci\u00f3n de Comunicaci\u00f3n Social y Vocer\u00eda, al Centro de Producci\u00f3n de Programas Informativos y Especiales (CEPROPIE), as\u00ed como a todos los servidores o servidoras p\u00fablicas que participen de estos ejercicios matutinos para que se abstengan de presentar, difundir, publicar y poner a disposici\u00f3n de la se\u00f1al satelital, seg\u00fan correspondan sus funciones, cualquier propaganda gubernamental contraria a las disposiciones constitucionales o fuera de las excepciones que ella establece y que se encuentren prohibidas, as\u00ed como de aquellas que vulneren los principios constitucionales de imparcialidad y neutralidad, en cualquier espacio o medio de comunicaci\u00f3n.<\/p>\n<p>&nbsp;<\/p>\n<p>&nbsp;<\/p>\n<p>&nbsp;<\/p>\n<p>En el segundo asunto, la queja interpuesta por el PAN fue en contra de Jenaro Villamil Rodr\u00edguez, Presidente del Sistema P\u00fablico de Radiodifusi\u00f3n del Estado Mexicano, por la publicaci\u00f3n de un video en su cuenta privada de Twitter, el cual contiene expresiones encaminadas a confundir e influir en la opini\u00f3n de la ciudadan\u00eda, respecto de la Consulta Popular del pr\u00f3ximo 1\u00b0 de agosto.<\/p>\n<p>&nbsp;<\/p>\n<p>&nbsp;<\/p>\n<p>&nbsp;<\/p>\n<p>La Comisi\u00f3n estim\u00f3 improcedentes las medidas, pues el denunciado manifest\u00f3 haber eliminado la publicaci\u00f3n, dicho que acredit\u00f3 y certific\u00f3 la autoridad electoral a trav\u00e9s del acta circunstanciada respectiva, por lo que se trata de hechos consumados. En este caso, la tutela preventiva solicitada se determin\u00f3 improcedente, toda vez que no existe indicio alguno en torno a que suceder\u00e1 en el futuro, por lo que no se justifica imponer restricciones al derecho a la libertad de expresi\u00f3n del denunciado.<\/p>\n<p>&nbsp;<\/p>\n<p>&nbsp;<\/p>\n<p>&nbsp;<\/p>\n<p>Ambos casos son determinaciones preliminares, cuyo estudio de fondo y resoluci\u00f3n corresponder\u00e1 resolver a la Sala Regional Especializada.<\/p>\n<p>&nbsp;<\/p>\n<p>&nbsp;<\/p>\n<p>&nbsp;<\/p>\n<p>Los dos proyectos fueron aprobados por unanimidad de votos de las Consejeras Adriana Favela y Claudia Zavala, as\u00ed como del Consejero Ciro Murayama, presidente de la Comisi\u00f3n de Quejas y Denuncias.<\/p>\n<p>Fecha de Publicaci\u00f3n\u00a0\u00a0 mi\u00e9rcoles \/ 21\u00a0\u00a0 \/ julio \/ 2021<\/p>\n","protected":false},"excerpt":{"rendered":"<p>INE declara procedentes medidas cautelares para retiro de propaganda gubernamental que afecta la Consulta &nbsp;&#8230;<\/p>\n","protected":false},"author":1,"featured_media":118838,"comment_status":"open","ping_status":"open","sticky":false,"template":"","format":"standard","meta":{"_monsterinsights_skip_tracking":false,"_monsterinsights_sitenote_active":false,"_monsterinsights_sitenote_note":"","_monsterinsights_sitenote_category":0,"footnotes":""},"categories":[5],"tags":[546,4756,1247],"class_list":["post"],"yoast_head":" \n<title>Sonora en Equipo. INE declara procedentes medidas cautelares para retiro de propaganda gubernamental que afecta la Consulta Rep\u00fablica<\/title>\n<meta name=\"description\" content=\"INE declara procedentes medidas cautelares para retiro de propaganda gubernamental que afecta la Consulta &nbsp; &nbsp; CIUDAD DE M\u00c9XICO.\u2500La Comisi\u00f3n de En Sonora en Equipo publicamos toda la informaci\u00f3n de Sonora, M\u00e9xico y el Mundo de manera oportuna y busca que la libertad de expresi\u00f3n sea real. Visita nuestro medio informativo publicado desde Hermosillo, Sonora. %\" \/>\n<meta name=\"robots\" content=\"index, follow, max-snippet:-1, max-image-preview:large, max-video-preview:-1\" \/>\n<link rel=\"canonical\" href=\"https:\/\/www.sonoraenequipo.com.mx\/ine-declara-procedentes-medidas-cautelares-para-retiro-de-propaganda-gubernamental-que-afecta-la-consulta\/\" \/>\n<meta property=\"og:locale\" content=\"es_ES\" \/>\n<meta property=\"og:type\" content=\"article\" \/>\n<meta property=\"og:title\" content=\"Sonora en Equipo. INE declara procedentes medidas cautelares para retiro de propaganda gubernamental que afecta la Consulta Rep\u00fablica\" \/>\n<meta property=\"og:description\" content=\"INE declara procedentes medidas cautelares para retiro de propaganda gubernamental que afecta la Consulta &nbsp; &nbsp; CIUDAD DE M\u00c9XICO.\u2500La Comisi\u00f3n de En Sonora en Equipo publicamos toda la informaci\u00f3n de Sonora, M\u00e9xico y el Mundo de manera oportuna y busca que la libertad de expresi\u00f3n sea real. Visita nuestro medio informativo publicado desde Hermosillo, Sonora. %\" \/>\n<meta property=\"og:url\" content=\"https:\/\/www.sonoraenequipo.com.mx\/ine-declara-procedentes-medidas-cautelares-para-retiro-de-propaganda-gubernamental-que-afecta-la-consulta\/\" \/>\n<meta property=\"og:site_name\" content=\"Sonora en Equipo.\" \/>\n<meta property=\"article:publisher\" content=\"https:\/\/www.facebook.com\/SonoraEE\/\" \/>\n<meta property=\"article:author\" content=\"https:\/\/www.facebook.com\/SonoraEE\" \/>\n<meta property=\"article:published_time\" content=\"2021-07-22T01:12:50+00:00\" \/>\n<meta property=\"og:image\" content=\"https:\/\/www.sonoraenequipo.com.mx\/storage\/2021\/07\/cordova-amlo2.jpg\" \/>\n\t<meta property=\"og:image:width\" content=\"700\" \/>\n\t<meta property=\"og:image:height\" content=\"400\" \/>\n\t<meta property=\"og:image:type\" content=\"image\/jpeg\" \/>\n<meta name=\"author\" content=\"enequipo\" \/>\n<meta name=\"twitter:card\" content=\"summary_large_image\" \/>\n<meta name=\"twitter:creator\" content=\"@sonoraenequipo\" \/>\n<meta name=\"twitter:site\" content=\"@sonoraenequipo\" \/>\n<meta name=\"twitter:label1\" content=\"Escrito por\" \/>\n\t<meta name=\"twitter:data1\" content=\"enequipo\" \/>\n\t<meta name=\"twitter:label2\" content=\"Tiempo de lectura\" \/>\n\t<meta name=\"twitter:data2\" content=\"3 minutos\" \/>\n<script type=\"application\/ld+json\" class=\"yoast-schema-graph\">{\"@context\":\"https:\/\/schema.org\",\"@graph\":[{\"@type\":\"Article\",\"@id\":\"https:\/\/www.sonoraenequipo.com.mx\/ine-declara-procedentes-medidas-cautelares-para-retiro-de-propaganda-gubernamental-que-afecta-la-consulta\/#article\",\"isPartOf\":{\"@id\":\"https:\/\/www.sonoraenequipo.com.mx\/ine-declara-procedentes-medidas-cautelares-para-retiro-de-propaganda-gubernamental-que-afecta-la-consulta\/\"},\"author\":{\"name\":\"enequipo\",\"@id\":\"https:\/\/www.sonoraenequipo.com.mx\/#\/schema\/person\/50102df0fb23a8fa9e8effad8fa81386\"},\"headline\":\"INE declara procedentes medidas cautelares para retiro de propaganda gubernamental que afecta la Consulta\",\"datePublished\":\"2021-07-22T01:12:50+00:00\",\"mainEntityOfPage\":{\"@id\":\"https:\/\/www.sonoraenequipo.com.mx\/ine-declara-procedentes-medidas-cautelares-para-retiro-de-propaganda-gubernamental-que-afecta-la-consulta\/\"},\"wordCount\":692,\"commentCount\":0,\"publisher\":{\"@id\":\"https:\/\/www.sonoraenequipo.com.mx\/#organization\"},\"image\":{\"@id\":\"https:\/\/www.sonoraenequipo.com.mx\/ine-declara-procedentes-medidas-cautelares-para-retiro-de-propaganda-gubernamental-que-afecta-la-consulta\/#primaryimage\"},\"thumbnailUrl\":\"https:\/\/www.sonoraenequipo.com.mx\/storage\/2021\/07\/cordova-amlo2.jpg\",\"keywords\":[\"AMLO\",\"consulta\",\"INE\"],\"articleSection\":[\"Rep\u00fablica\"],\"inLanguage\":\"es\",\"potentialAction\":[{\"@type\":\"CommentAction\",\"name\":\"Comment\",\"target\":[\"https:\/\/www.sonoraenequipo.com.mx\/ine-declara-procedentes-medidas-cautelares-para-retiro-de-propaganda-gubernamental-que-afecta-la-consulta\/#respond\"]}]},{\"@type\":\"WebPage\",\"@id\":\"https:\/\/www.sonoraenequipo.com.mx\/ine-declara-procedentes-medidas-cautelares-para-retiro-de-propaganda-gubernamental-que-afecta-la-consulta\/\",\"url\":\"https:\/\/www.sonoraenequipo.com.mx\/ine-declara-procedentes-medidas-cautelares-para-retiro-de-propaganda-gubernamental-que-afecta-la-consulta\/\",\"name\":\"Sonora en Equipo. INE declara procedentes medidas cautelares para retiro de propaganda gubernamental que afecta la Consulta Rep\u00fablica\",\"isPartOf\":{\"@id\":\"https:\/\/www.sonoraenequipo.com.mx\/#website\"},\"primaryImageOfPage\":{\"@id\":\"https:\/\/www.sonoraenequipo.com.mx\/ine-declara-procedentes-medidas-cautelares-para-retiro-de-propaganda-gubernamental-que-afecta-la-consulta\/#primaryimage\"},\"image\":{\"@id\":\"https:\/\/www.sonoraenequipo.com.mx\/ine-declara-procedentes-medidas-cautelares-para-retiro-de-propaganda-gubernamental-que-afecta-la-consulta\/#primaryimage\"},\"thumbnailUrl\":\"https:\/\/www.sonoraenequipo.com.mx\/storage\/2021\/07\/cordova-amlo2.jpg\",\"datePublished\":\"2021-07-22T01:12:50+00:00\",\"description\":\"INE declara procedentes medidas cautelares para retiro de propaganda gubernamental que afecta la Consulta &nbsp; &nbsp; CIUDAD DE M\u00c9XICO.\u2500La Comisi\u00f3n de En Sonora en Equipo publicamos toda la informaci\u00f3n de Sonora, M\u00e9xico y el Mundo de manera oportuna y busca que la libertad de expresi\u00f3n sea real. Visita nuestro medio informativo publicado desde Hermosillo, Sonora. %\",\"breadcrumb\":{\"@id\":\"https:\/\/www.sonoraenequipo.com.mx\/ine-declara-procedentes-medidas-cautelares-para-retiro-de-propaganda-gubernamental-que-afecta-la-consulta\/#breadcrumb\"},\"inLanguage\":\"es\",\"potentialAction\":[{\"@type\":\"ReadAction\",\"target\":[\"https:\/\/www.sonoraenequipo.com.mx\/ine-declara-procedentes-medidas-cautelares-para-retiro-de-propaganda-gubernamental-que-afecta-la-consulta\/\"]}]},{\"@type\":\"ImageObject\",\"inLanguage\":\"es\",\"@id\":\"https:\/\/www.sonoraenequipo.com.mx\/ine-declara-procedentes-medidas-cautelares-para-retiro-de-propaganda-gubernamental-que-afecta-la-consulta\/#primaryimage\",\"url\":\"https:\/\/www.sonoraenequipo.com.mx\/storage\/2021\/07\/cordova-amlo2.jpg\",\"contentUrl\":\"https:\/\/www.sonoraenequipo.com.mx\/storage\/2021\/07\/cordova-amlo2.jpg\",\"width\":700,\"height\":400},{\"@type\":\"BreadcrumbList\",\"@id\":\"https:\/\/www.sonoraenequipo.com.mx\/ine-declara-procedentes-medidas-cautelares-para-retiro-de-propaganda-gubernamental-que-afecta-la-consulta\/#breadcrumb\",\"itemListElement\":[{\"@type\":\"ListItem\",\"position\":1,\"name\":\"Portada\",\"item\":\"https:\/\/www.sonoraenequipo.com.mx\/\"},{\"@type\":\"ListItem\",\"position\":2,\"name\":\"INE declara procedentes medidas cautelares para retiro de propaganda gubernamental que afecta la Consulta\"}]},{\"@type\":\"WebSite\",\"@id\":\"https:\/\/www.sonoraenequipo.com.mx\/#website\",\"url\":\"https:\/\/www.sonoraenequipo.com.mx\/\",\"name\":\"Sonora en Equipo.\",\"description\":\"Diario en l\u00ednea con Noticias desde Hermosillo, Sonora\",\"publisher\":{\"@id\":\"https:\/\/www.sonoraenequipo.com.mx\/#organization\"},\"potentialAction\":[{\"@type\":\"SearchAction\",\"target\":{\"@type\":\"EntryPoint\",\"urlTemplate\":\"https:\/\/www.sonoraenequipo.com.mx\/?s={search_term_string}\"},\"query-input\":{\"@type\":\"PropertyValueSpecification\",\"valueRequired\":true,\"valueName\":\"search_term_string\"}}],\"inLanguage\":\"es\"},{\"@type\":\"Organization\",\"@id\":\"https:\/\/www.sonoraenequipo.com.mx\/#organization\",\"name\":\"Sonoraenequipo.com.mx\",\"url\":\"https:\/\/www.sonoraenequipo.com.mx\/\",\"logo\":{\"@type\":\"ImageObject\",\"inLanguage\":\"es\",\"@id\":\"https:\/\/www.sonoraenequipo.com.mx\/#\/schema\/logo\/image\/\",\"url\":\"https:\/\/www.sonoraenequipo.com.mx\/storage\/2019\/01\/sonoraenequipo_opt.png\",\"contentUrl\":\"https:\/\/www.sonoraenequipo.com.mx\/storage\/2019\/01\/sonoraenequipo_opt.png\",\"width\":375,\"height\":125,\"caption\":\"Sonoraenequipo.com.mx\"},\"image\":{\"@id\":\"https:\/\/www.sonoraenequipo.com.mx\/#\/schema\/logo\/image\/\"},\"sameAs\":[\"https:\/\/www.facebook.com\/SonoraEE\/\",\"https:\/\/x.com\/sonoraenequipo\",\"https:\/\/www.youtube.com\/channel\/UC338nW-lPEYmJQs4ZABQ1SQ\"]},{\"@type\":\"Person\",\"@id\":\"https:\/\/www.sonoraenequipo.com.mx\/#\/schema\/person\/50102df0fb23a8fa9e8effad8fa81386\",\"name\":\"enequipo\",\"image\":{\"@type\":\"ImageObject\",\"inLanguage\":\"es\",\"@id\":\"https:\/\/www.sonoraenequipo.com.mx\/#\/schema\/person\/image\/\",\"url\":\"https:\/\/secure.gravatar.com\/avatar\/049821681b589dabc0bc20695993ccebb09f5b5d4d790cd9251b97faac7c652b?s=96&d=blank&r=g\",\"contentUrl\":\"https:\/\/secure.gravatar.com\/avatar\/049821681b589dabc0bc20695993ccebb09f5b5d4d790cd9251b97faac7c652b?s=96&d=blank&r=g\",\"caption\":\"enequipo\"},\"sameAs\":[\"https:\/\/www.facebook.com\/SonoraEE\"]}]}<\/script>\n ","yoast_head_json":{"title":"Sonora en Equipo. INE declara procedentes medidas cautelares para retiro de propaganda gubernamental que afecta la Consulta Rep\u00fablica","description":"INE declara procedentes medidas cautelares para retiro de propaganda gubernamental que afecta la Consulta &nbsp; &nbsp; CIUDAD DE M\u00c9XICO.\u2500La Comisi\u00f3n de En Sonora en Equipo publicamos toda la informaci\u00f3n de Sonora, M\u00e9xico y el Mundo de manera oportuna y busca que la libertad de expresi\u00f3n sea real. Visita nuestro medio informativo publicado desde Hermosillo, Sonora. %","robots":{"index":"index","follow":"follow","max-snippet":"max-snippet:-1","max-image-preview":"max-image-preview:large","max-video-preview":"max-video-preview:-1"},"canonical":"https:\/\/www.sonoraenequipo.com.mx\/ine-declara-procedentes-medidas-cautelares-para-retiro-de-propaganda-gubernamental-que-afecta-la-consulta\/","og_locale":"es_ES","og_type":"article","og_title":"Sonora en Equipo. INE declara procedentes medidas cautelares para retiro de propaganda gubernamental que afecta la Consulta Rep\u00fablica","og_description":"INE declara procedentes medidas cautelares para retiro de propaganda gubernamental que afecta la Consulta &nbsp; &nbsp; CIUDAD DE M\u00c9XICO.\u2500La Comisi\u00f3n de En Sonora en Equipo publicamos toda la informaci\u00f3n de Sonora, M\u00e9xico y el Mundo de manera oportuna y busca que la libertad de expresi\u00f3n sea real. Visita nuestro medio informativo publicado desde Hermosillo, Sonora. %","og_url":"https:\/\/www.sonoraenequipo.com.mx\/ine-declara-procedentes-medidas-cautelares-para-retiro-de-propaganda-gubernamental-que-afecta-la-consulta\/","og_site_name":"Sonora en Equipo.","article_publisher":"https:\/\/www.facebook.com\/SonoraEE\/","article_author":"https:\/\/www.facebook.com\/SonoraEE","article_published_time":"2021-07-22T01:12:50+00:00","og_image":[{"width":700,"height":400,"url":"https:\/\/www.sonoraenequipo.com.mx\/storage\/2021\/07\/cordova-amlo2.jpg","type":"image\/jpeg"}],"author":"enequipo","twitter_card":"summary_large_image","twitter_creator":"@sonoraenequipo","twitter_site":"@sonoraenequipo","twitter_misc":{"Escrito por":"enequipo","Tiempo de lectura":"3 minutos"},"schema":{"@context":"https:\/\/schema.org","@graph":[{"@type":"Article","@id":"https:\/\/www.sonoraenequipo.com.mx\/ine-declara-procedentes-medidas-cautelares-para-retiro-de-propaganda-gubernamental-que-afecta-la-consulta\/#article","isPartOf":{"@id":"https:\/\/www.sonoraenequipo.com.mx\/ine-declara-procedentes-medidas-cautelares-para-retiro-de-propaganda-gubernamental-que-afecta-la-consulta\/"},"author":{"name":"enequipo","@id":"https:\/\/www.sonoraenequipo.com.mx\/#\/schema\/person\/50102df0fb23a8fa9e8effad8fa81386"},"headline":"INE declara procedentes medidas cautelares para retiro de propaganda gubernamental que afecta la Consulta","datePublished":"2021-07-22T01:12:50+00:00","mainEntityOfPage":{"@id":"https:\/\/www.sonoraenequipo.com.mx\/ine-declara-procedentes-medidas-cautelares-para-retiro-de-propaganda-gubernamental-que-afecta-la-consulta\/"},"wordCount":692,"commentCount":0,"publisher":{"@id":"https:\/\/www.sonoraenequipo.com.mx\/#organization"},"image":{"@id":"https:\/\/www.sonoraenequipo.com.mx\/ine-declara-procedentes-medidas-cautelares-para-retiro-de-propaganda-gubernamental-que-afecta-la-consulta\/#primaryimage"},"thumbnailUrl":"https:\/\/www.sonoraenequipo.com.mx\/storage\/2021\/07\/cordova-amlo2.jpg","keywords":["AMLO","consulta","INE"],"articleSection":["Rep\u00fablica"],"inLanguage":"es","potentialAction":[{"@type":"CommentAction","name":"Comment","target":["https:\/\/www.sonoraenequipo.com.mx\/ine-declara-procedentes-medidas-cautelares-para-retiro-de-propaganda-gubernamental-que-afecta-la-consulta\/#respond"]}]},{"@type":"WebPage","@id":"https:\/\/www.sonoraenequipo.com.mx\/ine-declara-procedentes-medidas-cautelares-para-retiro-de-propaganda-gubernamental-que-afecta-la-consulta\/","url":"https:\/\/www.sonoraenequipo.com.mx\/ine-declara-procedentes-medidas-cautelares-para-retiro-de-propaganda-gubernamental-que-afecta-la-consulta\/","name":"Sonora en Equipo. INE declara procedentes medidas cautelares para retiro de propaganda gubernamental que afecta la Consulta Rep\u00fablica","isPartOf":{"@id":"https:\/\/www.sonoraenequipo.com.mx\/#website"},"primaryImageOfPage":{"@id":"https:\/\/www.sonoraenequipo.com.mx\/ine-declara-procedentes-medidas-cautelares-para-retiro-de-propaganda-gubernamental-que-afecta-la-consulta\/#primaryimage"},"image":{"@id":"https:\/\/www.sonoraenequipo.com.mx\/ine-declara-procedentes-medidas-cautelares-para-retiro-de-propaganda-gubernamental-que-afecta-la-consulta\/#primaryimage"},"thumbnailUrl":"https:\/\/www.sonoraenequipo.com.mx\/storage\/2021\/07\/cordova-amlo2.jpg","datePublished":"2021-07-22T01:12:50+00:00","description":"INE declara procedentes medidas cautelares para retiro de propaganda gubernamental que afecta la Consulta &nbsp; &nbsp; CIUDAD DE M\u00c9XICO.\u2500La Comisi\u00f3n de En Sonora en Equipo publicamos toda la informaci\u00f3n de Sonora, M\u00e9xico y el Mundo de manera oportuna y busca que la libertad de expresi\u00f3n sea real. Visita nuestro medio informativo publicado desde Hermosillo, Sonora. %","breadcrumb":{"@id":"https:\/\/www.sonoraenequipo.com.mx\/ine-declara-procedentes-medidas-cautelares-para-retiro-de-propaganda-gubernamental-que-afecta-la-consulta\/#breadcrumb"},"inLanguage":"es","potentialAction":[{"@type":"ReadAction","target":["https:\/\/www.sonoraenequipo.com.mx\/ine-declara-procedentes-medidas-cautelares-para-retiro-de-propaganda-gubernamental-que-afecta-la-consulta\/"]}]},{"@type":"ImageObject","inLanguage":"es","@id":"https:\/\/www.sonoraenequipo.com.mx\/ine-declara-procedentes-medidas-cautelares-para-retiro-de-propaganda-gubernamental-que-afecta-la-consulta\/#primaryimage","url":"https:\/\/www.sonoraenequipo.com.mx\/storage\/2021\/07\/cordova-amlo2.jpg","contentUrl":"https:\/\/www.sonoraenequipo.com.mx\/storage\/2021\/07\/cordova-amlo2.jpg","width":700,"height":400},{"@type":"BreadcrumbList","@id":"https:\/\/www.sonoraenequipo.com.mx\/ine-declara-procedentes-medidas-cautelares-para-retiro-de-propaganda-gubernamental-que-afecta-la-consulta\/#breadcrumb","itemListElement":[{"@type":"ListItem","position":1,"name":"Portada","item":"https:\/\/www.sonoraenequipo.com.mx\/"},{"@type":"ListItem","position":2,"name":"INE declara procedentes medidas cautelares para retiro de propaganda gubernamental que afecta la Consulta"}]},{"@type":"WebSite","@id":"https:\/\/www.sonoraenequipo.com.mx\/#website","url":"https:\/\/www.sonoraenequipo.com.mx\/","name":"Sonora en Equipo.","description":"Diario en l\u00ednea con Noticias desde Hermosillo, Sonora","publisher":{"@id":"https:\/\/www.sonoraenequipo.com.mx\/#organization"},"potentialAction":[{"@type":"SearchAction","target":{"@type":"EntryPoint","urlTemplate":"https:\/\/www.sonoraenequipo.com.mx\/?s={search_term_string}"},"query-input":{"@type":"PropertyValueSpecification","valueRequired":true,"valueName":"search_term_string"}}],"inLanguage":"es"},{"@type":"Organization","@id":"https:\/\/www.sonoraenequipo.com.mx\/#organization","name":"Sonoraenequipo.com.mx","url":"https:\/\/www.sonoraenequipo.com.mx\/","logo":{"@type":"ImageObject","inLanguage":"es","@id":"https:\/\/www.sonoraenequipo.com.mx\/#\/schema\/logo\/image\/","url":"https:\/\/www.sonoraenequipo.com.mx\/storage\/2019\/01\/sonoraenequipo_opt.png","contentUrl":"https:\/\/www.sonoraenequipo.com.mx\/storage\/2019\/01\/sonoraenequipo_opt.png","width":375,"height":125,"caption":"Sonoraenequipo.com.mx"},"image":{"@id":"https:\/\/www.sonoraenequipo.com.mx\/#\/schema\/logo\/image\/"},"sameAs":["https:\/\/www.facebook.com\/SonoraEE\/","https:\/\/x.com\/sonoraenequipo","https:\/\/www.youtube.com\/channel\/UC338nW-lPEYmJQs4ZABQ1SQ"]},{"@type":"Person","@id":"https:\/\/www.sonoraenequipo.com.mx\/#\/schema\/person\/50102df0fb23a8fa9e8effad8fa81386","name":"enequipo","image":{"@type":"ImageObject","inLanguage":"es","@id":"https:\/\/www.sonoraenequipo.com.mx\/#\/schema\/person\/image\/","url":"https:\/\/secure.gravatar.com\/avatar\/049821681b589dabc0bc20695993ccebb09f5b5d4d790cd9251b97faac7c652b?s=96&d=blank&r=g","contentUrl":"https:\/\/secure.gravatar.com\/avatar\/049821681b589dabc0bc20695993ccebb09f5b5d4d790cd9251b97faac7c652b?s=96&d=blank&r=g","caption":"enequipo"},"sameAs":["https:\/\/www.facebook.com\/SonoraEE"]}]}},"jetpack_featured_media_url":"https:\/\/www.sonoraenequipo.com.mx\/storage\/2021\/07\/cordova-amlo2.jpg","_links":{"self":[{"href":"https:\/\/www.sonoraenequipo.com.mx\/api\/wp\/v2\/posts\/118837","targetHints":{"allow":["GET"]}}],"collection":[{"href":"https:\/\/www.sonoraenequipo.com.mx\/api\/wp\/v2\/posts"}],"about":[{"href":"https:\/\/www.sonoraenequipo.com.mx\/api\/wp\/v2\/types\/post"}],"author":[{"embeddable":true,"href":"https:\/\/www.sonoraenequipo.com.mx\/api\/wp\/v2\/users\/1"}],"replies":[{"embeddable":true,"href":"https:\/\/www.sonoraenequipo.com.mx\/api\/wp\/v2\/comments?post=118837"}],"version-history":[{"count":1,"href":"https:\/\/www.sonoraenequipo.com.mx\/api\/wp\/v2\/posts\/118837\/revisions"}],"predecessor-version":[{"id":118839,"href":"https:\/\/www.sonoraenequipo.com.mx\/api\/wp\/v2\/posts\/118837\/revisions\/118839"}],"wp:featuredmedia":[{"embeddable":true,"href":"https:\/\/www.sonoraenequipo.com.mx\/api\/wp\/v2\/media\/118838"}],"wp:attachment":[{"href":"https:\/\/www.sonoraenequipo.com.mx\/api\/wp\/v2\/media?parent=118837"}],"wp:term":[{"taxonomy":"category","embeddable":true,"href":"https:\/\/www.sonoraenequipo.com.mx\/api\/wp\/v2\/categories?post=118837"},{"taxonomy":"post_tag","embeddable":true,"href":"https:\/\/www.sonoraenequipo.com.mx\/api\/wp\/v2\/tags?post=118837"}],"curies":[{"name":"wp","href":"https:\/\/api.w.org\/{rel}","templated":true}]}}