{"id":118858,"date":"2021-07-21T23:55:16","date_gmt":"2021-07-22T06:55:16","guid":{"rendered":"https:\/\/www.sonoraenequipo.com.mx\/?p=118858"},"modified":"2021-07-22T11:47:48","modified_gmt":"2021-07-22T18:47:48","slug":"cuales-son-los-costos-de-viajar-al-espacio-como-jeff-bezos","status":"publish","type":"post","link":"https:\/\/www.sonoraenequipo.com.mx\/cuales-son-los-costos-de-viajar-al-espacio-como-jeff-bezos\/","title":{"rendered":"\u00bfCu\u00e1les son los costos de viajar al espacio como Jeff Bezos?"},"content":{"rendered":"<p>TEXAS, ESTADOS UNIDOS. \u2014\u00a0 Finalmente este martes (20.07.2021),\u00a0 Jeff Bezos, el hombre m\u00e1s rico del planeta, alcanz\u00f3 el espacio tras despegar desde una base en el oeste de Texas (EUA) a bordo del cohete New Shepard, con el que super\u00f3 los 106 kil\u00f3metros (65 millas) de altura para luego emprender el regreso a la Tierra, en un viaje de unos once minutos de duraci\u00f3n.<\/p>\n<p>&nbsp;<\/p>\n<p> <\/p>\n<p>Dentro de la nave fabricada por Blue Origin, la compa\u00f1\u00eda aeroespacial creada por Bezos en el a\u00f1o 2000, el fundador y hasta hace poco consejero delegado de Amazon viaj\u00f3 al espacio acompa\u00f1ado de su hermano, Mark; la piloto de 82 a\u00f1os Wally Funk; y Oliver Daemen un estudiante neerland\u00e9s de 18 a\u00f1os e hijo de un multimillonario.<\/p>\n<p>Si a ti te gustar\u00eda vivir una experiencia similar a la del fundador de Amazon, debes saber que al momento Virgin Galactic y Blue Origin ya est\u00e1n listas para ofrecer viajes al espacio exterior, aunque parecen estar reservados solo para millonarios, dado los altos costos, y los expertos consideran que pasar\u00e1n d\u00e9cadas hasta que lleguen vuelos m\u00e1s asequibles.<\/p>\n<p>&nbsp;<\/p>\n<p>Actualmente, de acuerdo con Vive USA, en Blue Origin, un cohete es lanzado verticalmente, y la c\u00e1psula en la que se encuentran los pasajeros se desprende en vuelo hasta alcanzar los 100 kil\u00f3metros de altura, antes de volver a caer a la Tierra colgada de tres paraca\u00eddas.<\/p>\n<p>&nbsp;<\/p>\n<p>En tanto, Virgin Galactic, del multimillonario Richard Branson, utiliza un enorme avi\u00f3n de transporte que despega de una pista cl\u00e1sica llevando a otro similar a un gran jet privado, que en determinado punto se suelta y vuela de manera aut\u00f3noma a velocidad supers\u00f3nica hasta alcanzar los 80 kil\u00f3metros de altitud, para posteriormente descender planeando.<\/p>\n<p>&nbsp;<\/p>\n<p>&nbsp;<\/p>\n<p>En ambos casos, hasta seis pasajeros pueden desprenderse de sus asientos para flotar en ingravidez y admirar la curvatura de la Tierra desde una perspectiva \u00fanica.<\/p>\n<p>&nbsp;<\/p>\n<p>Virgin Galactic ha informado que busca el inicio de sus operaciones comerciales regulares para principios de 2022, despu\u00e9s de dos vuelos de prueba finales. Ya se han vendido 600 boletos y planea eventualmente realizar un m\u00e1ximo de 400 vuelos por a\u00f1o por base espacial.<\/p>\n<p>&nbsp;<\/p>\n<p>En lo que respecta a Blue Origin, no se ha anunciado un calendario de viajes preciso. Un portavoz declar\u00f3 a la AFP que \u00abplaneamos dos vuelos m\u00e1s este a\u00f1o\u00bb, despu\u00e9s del que realiz\u00f3 hoy Jeff Bezos, \u00aby muchos m\u00e1s en 2022\u00bb.<\/p>\n<h3>Costos del viaje al espacio<\/h3>\n<p>Los primeros boletos vendidos por Virgin Galactic costaron entre <strong>200,000 y 250,000 d\u00f3lares cada uno<\/strong>; sin embargo, la compa\u00f1\u00eda advirti\u00f3 que los asientos que se pondr\u00e1n a la venta en el futuro ser\u00e1n a\u00fan m\u00e1s costosos, de acuerdo con Vive USA.<\/p>\n<p>Blue Origin, de <strong>Jeff Bezos<\/strong>, no anunci\u00f3 un precio, pero se <strong>subast\u00f3 un asiento<\/strong> en el primer vuelo tripulado <strong>por 28 millones de d\u00f3lares.<\/strong><\/p>\n<p>&nbsp;<\/p>\n<p>En la carrera espacial se encuentra adem\u00e1s SpaceX, propiedad de Elon Musk, la cual tambi\u00e9n planea vuelos de turismo espacial, aunque mucho m\u00e1s ambiciosos, de varios d\u00edas y hasta mucho m\u00e1s lejos.<\/p>\n<p>&nbsp;<\/p>\n<p>Hasta el momento, se sabe que el precio del viaje a bordo del cohete Falcon 9, que propulsa la c\u00e1psula Dragon, asciende a decenas de millones de d\u00f3lares.<\/p>\n<p>&nbsp;<\/p>\n<p>&nbsp;<\/p>\n<p>(Publicada el 21\/07\/2021\/EFE)<\/p>\n","protected":false},"excerpt":{"rendered":"<p>TEXAS, ESTADOS UNIDOS. \u2014\u00a0 Finalmente este martes (20.07.2021),\u00a0 Jeff Bezos, el hombre m\u00e1s rico del&#8230;<\/p>\n","protected":false},"author":1,"featured_media":118831,"comment_status":"open","ping_status":"open","sticky":false,"template":"","format":"standard","meta":{"_monsterinsights_skip_tracking":false,"_monsterinsights_sitenote_active":false,"_monsterinsights_sitenote_note":"","_monsterinsights_sitenote_category":0,"footnotes":""},"categories":[3],"tags":[],"class_list":["post"],"yoast_head":" \n<title>Sonora en Equipo. \u00bfCu\u00e1les son los costos de viajar al espacio como Jeff Bezos? MUNDO<\/title>\n<meta name=\"description\" content=\"TEXAS, ESTADOS UNIDOS. \u2014\u00a0 Finalmente este martes (20.07.2021),\u00a0 Jeff Bezos, el hombre m\u00e1s rico del planeta, alcanz\u00f3 el espacio tras despegar desde una En Sonora en Equipo publicamos toda la informaci\u00f3n de Sonora, M\u00e9xico y el Mundo de manera oportuna y busca que la libertad de expresi\u00f3n sea real. Visita nuestro medio informativo publicado desde Hermosillo, Sonora. %\" \/>\n<meta name=\"robots\" content=\"index, follow, max-snippet:-1, max-image-preview:large, max-video-preview:-1\" \/>\n<link rel=\"canonical\" href=\"https:\/\/www.sonoraenequipo.com.mx\/cuales-son-los-costos-de-viajar-al-espacio-como-jeff-bezos\/\" \/>\n<meta property=\"og:locale\" content=\"es_ES\" \/>\n<meta property=\"og:type\" content=\"article\" \/>\n<meta property=\"og:title\" content=\"Sonora en Equipo. \u00bfCu\u00e1les son los costos de viajar al espacio como Jeff Bezos? MUNDO\" \/>\n<meta property=\"og:description\" content=\"TEXAS, ESTADOS UNIDOS. \u2014\u00a0 Finalmente este martes (20.07.2021),\u00a0 Jeff Bezos, el hombre m\u00e1s rico del planeta, alcanz\u00f3 el espacio tras despegar desde una En Sonora en Equipo publicamos toda la informaci\u00f3n de Sonora, M\u00e9xico y el Mundo de manera oportuna y busca que la libertad de expresi\u00f3n sea real. Visita nuestro medio informativo publicado desde Hermosillo, Sonora. %\" \/>\n<meta property=\"og:url\" content=\"https:\/\/www.sonoraenequipo.com.mx\/cuales-son-los-costos-de-viajar-al-espacio-como-jeff-bezos\/\" \/>\n<meta property=\"og:site_name\" content=\"Sonora en Equipo.\" \/>\n<meta property=\"article:publisher\" content=\"https:\/\/www.facebook.com\/SonoraEE\/\" \/>\n<meta property=\"article:author\" content=\"https:\/\/www.facebook.com\/SonoraEE\" \/>\n<meta property=\"article:published_time\" content=\"2021-07-22T06:55:16+00:00\" \/>\n<meta property=\"article:modified_time\" content=\"2021-07-22T18:47:48+00:00\" \/>\n<meta property=\"og:image\" content=\"https:\/\/www.sonoraenequipo.com.mx\/storage\/2021\/07\/nave-espacial_opt.jpg\" \/>\n\t<meta property=\"og:image:width\" content=\"700\" \/>\n\t<meta property=\"og:image:height\" content=\"400\" \/>\n\t<meta property=\"og:image:type\" content=\"image\/jpeg\" \/>\n<meta name=\"author\" content=\"enequipo\" \/>\n<meta name=\"twitter:card\" content=\"summary_large_image\" \/>\n<meta name=\"twitter:creator\" content=\"@sonoraenequipo\" \/>\n<meta name=\"twitter:site\" content=\"@sonoraenequipo\" \/>\n<meta name=\"twitter:label1\" content=\"Escrito por\" \/>\n\t<meta name=\"twitter:data1\" content=\"enequipo\" \/>\n\t<meta name=\"twitter:label2\" content=\"Tiempo de lectura\" \/>\n\t<meta name=\"twitter:data2\" content=\"3 minutos\" \/>\n<script type=\"application\/ld+json\" class=\"yoast-schema-graph\">{\"@context\":\"https:\/\/schema.org\",\"@graph\":[{\"@type\":\"Article\",\"@id\":\"https:\/\/www.sonoraenequipo.com.mx\/cuales-son-los-costos-de-viajar-al-espacio-como-jeff-bezos\/#article\",\"isPartOf\":{\"@id\":\"https:\/\/www.sonoraenequipo.com.mx\/cuales-son-los-costos-de-viajar-al-espacio-como-jeff-bezos\/\"},\"author\":{\"name\":\"enequipo\",\"@id\":\"https:\/\/www.sonoraenequipo.com.mx\/#\/schema\/person\/50102df0fb23a8fa9e8effad8fa81386\"},\"headline\":\"\u00bfCu\u00e1les son los costos de viajar al espacio como Jeff Bezos?\",\"datePublished\":\"2021-07-22T06:55:16+00:00\",\"dateModified\":\"2021-07-22T18:47:48+00:00\",\"mainEntityOfPage\":{\"@id\":\"https:\/\/www.sonoraenequipo.com.mx\/cuales-son-los-costos-de-viajar-al-espacio-como-jeff-bezos\/\"},\"wordCount\":573,\"commentCount\":0,\"publisher\":{\"@id\":\"https:\/\/www.sonoraenequipo.com.mx\/#organization\"},\"image\":{\"@id\":\"https:\/\/www.sonoraenequipo.com.mx\/cuales-son-los-costos-de-viajar-al-espacio-como-jeff-bezos\/#primaryimage\"},\"thumbnailUrl\":\"https:\/\/www.sonoraenequipo.com.mx\/storage\/2021\/07\/nave-espacial_opt.jpg\",\"articleSection\":[\"MUNDO\"],\"inLanguage\":\"es\",\"potentialAction\":[{\"@type\":\"CommentAction\",\"name\":\"Comment\",\"target\":[\"https:\/\/www.sonoraenequipo.com.mx\/cuales-son-los-costos-de-viajar-al-espacio-como-jeff-bezos\/#respond\"]}]},{\"@type\":\"WebPage\",\"@id\":\"https:\/\/www.sonoraenequipo.com.mx\/cuales-son-los-costos-de-viajar-al-espacio-como-jeff-bezos\/\",\"url\":\"https:\/\/www.sonoraenequipo.com.mx\/cuales-son-los-costos-de-viajar-al-espacio-como-jeff-bezos\/\",\"name\":\"Sonora en Equipo. \u00bfCu\u00e1les son los costos de viajar al espacio como Jeff Bezos? MUNDO\",\"isPartOf\":{\"@id\":\"https:\/\/www.sonoraenequipo.com.mx\/#website\"},\"primaryImageOfPage\":{\"@id\":\"https:\/\/www.sonoraenequipo.com.mx\/cuales-son-los-costos-de-viajar-al-espacio-como-jeff-bezos\/#primaryimage\"},\"image\":{\"@id\":\"https:\/\/www.sonoraenequipo.com.mx\/cuales-son-los-costos-de-viajar-al-espacio-como-jeff-bezos\/#primaryimage\"},\"thumbnailUrl\":\"https:\/\/www.sonoraenequipo.com.mx\/storage\/2021\/07\/nave-espacial_opt.jpg\",\"datePublished\":\"2021-07-22T06:55:16+00:00\",\"dateModified\":\"2021-07-22T18:47:48+00:00\",\"description\":\"TEXAS, ESTADOS UNIDOS. \u2014\u00a0 Finalmente este martes (20.07.2021),\u00a0 Jeff Bezos, el hombre m\u00e1s rico del planeta, alcanz\u00f3 el espacio tras despegar desde una En Sonora en Equipo publicamos toda la informaci\u00f3n de Sonora, M\u00e9xico y el Mundo de manera oportuna y busca que la libertad de expresi\u00f3n sea real. Visita nuestro medio informativo publicado desde Hermosillo, Sonora. %\",\"breadcrumb\":{\"@id\":\"https:\/\/www.sonoraenequipo.com.mx\/cuales-son-los-costos-de-viajar-al-espacio-como-jeff-bezos\/#breadcrumb\"},\"inLanguage\":\"es\",\"potentialAction\":[{\"@type\":\"ReadAction\",\"target\":[\"https:\/\/www.sonoraenequipo.com.mx\/cuales-son-los-costos-de-viajar-al-espacio-como-jeff-bezos\/\"]}]},{\"@type\":\"ImageObject\",\"inLanguage\":\"es\",\"@id\":\"https:\/\/www.sonoraenequipo.com.mx\/cuales-son-los-costos-de-viajar-al-espacio-como-jeff-bezos\/#primaryimage\",\"url\":\"https:\/\/www.sonoraenequipo.com.mx\/storage\/2021\/07\/nave-espacial_opt.jpg\",\"contentUrl\":\"https:\/\/www.sonoraenequipo.com.mx\/storage\/2021\/07\/nave-espacial_opt.jpg\",\"width\":700,\"height\":400},{\"@type\":\"BreadcrumbList\",\"@id\":\"https:\/\/www.sonoraenequipo.com.mx\/cuales-son-los-costos-de-viajar-al-espacio-como-jeff-bezos\/#breadcrumb\",\"itemListElement\":[{\"@type\":\"ListItem\",\"position\":1,\"name\":\"Portada\",\"item\":\"https:\/\/www.sonoraenequipo.com.mx\/\"},{\"@type\":\"ListItem\",\"position\":2,\"name\":\"\u00bfCu\u00e1les son los costos de viajar al espacio como Jeff Bezos?\"}]},{\"@type\":\"WebSite\",\"@id\":\"https:\/\/www.sonoraenequipo.com.mx\/#website\",\"url\":\"https:\/\/www.sonoraenequipo.com.mx\/\",\"name\":\"Sonora en Equipo.\",\"description\":\"Diario en l\u00ednea con Noticias desde Hermosillo, Sonora\",\"publisher\":{\"@id\":\"https:\/\/www.sonoraenequipo.com.mx\/#organization\"},\"potentialAction\":[{\"@type\":\"SearchAction\",\"target\":{\"@type\":\"EntryPoint\",\"urlTemplate\":\"https:\/\/www.sonoraenequipo.com.mx\/?s={search_term_string}\"},\"query-input\":{\"@type\":\"PropertyValueSpecification\",\"valueRequired\":true,\"valueName\":\"search_term_string\"}}],\"inLanguage\":\"es\"},{\"@type\":\"Organization\",\"@id\":\"https:\/\/www.sonoraenequipo.com.mx\/#organization\",\"name\":\"Sonoraenequipo.com.mx\",\"url\":\"https:\/\/www.sonoraenequipo.com.mx\/\",\"logo\":{\"@type\":\"ImageObject\",\"inLanguage\":\"es\",\"@id\":\"https:\/\/www.sonoraenequipo.com.mx\/#\/schema\/logo\/image\/\",\"url\":\"https:\/\/www.sonoraenequipo.com.mx\/storage\/2019\/01\/sonoraenequipo_opt.png\",\"contentUrl\":\"https:\/\/www.sonoraenequipo.com.mx\/storage\/2019\/01\/sonoraenequipo_opt.png\",\"width\":375,\"height\":125,\"caption\":\"Sonoraenequipo.com.mx\"},\"image\":{\"@id\":\"https:\/\/www.sonoraenequipo.com.mx\/#\/schema\/logo\/image\/\"},\"sameAs\":[\"https:\/\/www.facebook.com\/SonoraEE\/\",\"https:\/\/x.com\/sonoraenequipo\",\"https:\/\/www.youtube.com\/channel\/UC338nW-lPEYmJQs4ZABQ1SQ\"]},{\"@type\":\"Person\",\"@id\":\"https:\/\/www.sonoraenequipo.com.mx\/#\/schema\/person\/50102df0fb23a8fa9e8effad8fa81386\",\"name\":\"enequipo\",\"image\":{\"@type\":\"ImageObject\",\"inLanguage\":\"es\",\"@id\":\"https:\/\/www.sonoraenequipo.com.mx\/#\/schema\/person\/image\/\",\"url\":\"https:\/\/secure.gravatar.com\/avatar\/049821681b589dabc0bc20695993ccebb09f5b5d4d790cd9251b97faac7c652b?s=96&d=blank&r=g\",\"contentUrl\":\"https:\/\/secure.gravatar.com\/avatar\/049821681b589dabc0bc20695993ccebb09f5b5d4d790cd9251b97faac7c652b?s=96&d=blank&r=g\",\"caption\":\"enequipo\"},\"sameAs\":[\"https:\/\/www.facebook.com\/SonoraEE\"]}]}<\/script>\n ","yoast_head_json":{"title":"Sonora en Equipo. \u00bfCu\u00e1les son los costos de viajar al espacio como Jeff Bezos? MUNDO","description":"TEXAS, ESTADOS UNIDOS. \u2014\u00a0 Finalmente este martes (20.07.2021),\u00a0 Jeff Bezos, el hombre m\u00e1s rico del planeta, alcanz\u00f3 el espacio tras despegar desde una En Sonora en Equipo publicamos toda la informaci\u00f3n de Sonora, M\u00e9xico y el Mundo de manera oportuna y busca que la libertad de expresi\u00f3n sea real. Visita nuestro medio informativo publicado desde Hermosillo, Sonora. %","robots":{"index":"index","follow":"follow","max-snippet":"max-snippet:-1","max-image-preview":"max-image-preview:large","max-video-preview":"max-video-preview:-1"},"canonical":"https:\/\/www.sonoraenequipo.com.mx\/cuales-son-los-costos-de-viajar-al-espacio-como-jeff-bezos\/","og_locale":"es_ES","og_type":"article","og_title":"Sonora en Equipo. \u00bfCu\u00e1les son los costos de viajar al espacio como Jeff Bezos? MUNDO","og_description":"TEXAS, ESTADOS UNIDOS. \u2014\u00a0 Finalmente este martes (20.07.2021),\u00a0 Jeff Bezos, el hombre m\u00e1s rico del planeta, alcanz\u00f3 el espacio tras despegar desde una En Sonora en Equipo publicamos toda la informaci\u00f3n de Sonora, M\u00e9xico y el Mundo de manera oportuna y busca que la libertad de expresi\u00f3n sea real. Visita nuestro medio informativo publicado desde Hermosillo, Sonora. %","og_url":"https:\/\/www.sonoraenequipo.com.mx\/cuales-son-los-costos-de-viajar-al-espacio-como-jeff-bezos\/","og_site_name":"Sonora en Equipo.","article_publisher":"https:\/\/www.facebook.com\/SonoraEE\/","article_author":"https:\/\/www.facebook.com\/SonoraEE","article_published_time":"2021-07-22T06:55:16+00:00","article_modified_time":"2021-07-22T18:47:48+00:00","og_image":[{"width":700,"height":400,"url":"https:\/\/www.sonoraenequipo.com.mx\/storage\/2021\/07\/nave-espacial_opt.jpg","type":"image\/jpeg"}],"author":"enequipo","twitter_card":"summary_large_image","twitter_creator":"@sonoraenequipo","twitter_site":"@sonoraenequipo","twitter_misc":{"Escrito por":"enequipo","Tiempo de lectura":"3 minutos"},"schema":{"@context":"https:\/\/schema.org","@graph":[{"@type":"Article","@id":"https:\/\/www.sonoraenequipo.com.mx\/cuales-son-los-costos-de-viajar-al-espacio-como-jeff-bezos\/#article","isPartOf":{"@id":"https:\/\/www.sonoraenequipo.com.mx\/cuales-son-los-costos-de-viajar-al-espacio-como-jeff-bezos\/"},"author":{"name":"enequipo","@id":"https:\/\/www.sonoraenequipo.com.mx\/#\/schema\/person\/50102df0fb23a8fa9e8effad8fa81386"},"headline":"\u00bfCu\u00e1les son los costos de viajar al espacio como Jeff Bezos?","datePublished":"2021-07-22T06:55:16+00:00","dateModified":"2021-07-22T18:47:48+00:00","mainEntityOfPage":{"@id":"https:\/\/www.sonoraenequipo.com.mx\/cuales-son-los-costos-de-viajar-al-espacio-como-jeff-bezos\/"},"wordCount":573,"commentCount":0,"publisher":{"@id":"https:\/\/www.sonoraenequipo.com.mx\/#organization"},"image":{"@id":"https:\/\/www.sonoraenequipo.com.mx\/cuales-son-los-costos-de-viajar-al-espacio-como-jeff-bezos\/#primaryimage"},"thumbnailUrl":"https:\/\/www.sonoraenequipo.com.mx\/storage\/2021\/07\/nave-espacial_opt.jpg","articleSection":["MUNDO"],"inLanguage":"es","potentialAction":[{"@type":"CommentAction","name":"Comment","target":["https:\/\/www.sonoraenequipo.com.mx\/cuales-son-los-costos-de-viajar-al-espacio-como-jeff-bezos\/#respond"]}]},{"@type":"WebPage","@id":"https:\/\/www.sonoraenequipo.com.mx\/cuales-son-los-costos-de-viajar-al-espacio-como-jeff-bezos\/","url":"https:\/\/www.sonoraenequipo.com.mx\/cuales-son-los-costos-de-viajar-al-espacio-como-jeff-bezos\/","name":"Sonora en Equipo. \u00bfCu\u00e1les son los costos de viajar al espacio como Jeff Bezos? MUNDO","isPartOf":{"@id":"https:\/\/www.sonoraenequipo.com.mx\/#website"},"primaryImageOfPage":{"@id":"https:\/\/www.sonoraenequipo.com.mx\/cuales-son-los-costos-de-viajar-al-espacio-como-jeff-bezos\/#primaryimage"},"image":{"@id":"https:\/\/www.sonoraenequipo.com.mx\/cuales-son-los-costos-de-viajar-al-espacio-como-jeff-bezos\/#primaryimage"},"thumbnailUrl":"https:\/\/www.sonoraenequipo.com.mx\/storage\/2021\/07\/nave-espacial_opt.jpg","datePublished":"2021-07-22T06:55:16+00:00","dateModified":"2021-07-22T18:47:48+00:00","description":"TEXAS, ESTADOS UNIDOS. \u2014\u00a0 Finalmente este martes (20.07.2021),\u00a0 Jeff Bezos, el hombre m\u00e1s rico del planeta, alcanz\u00f3 el espacio tras despegar desde una En Sonora en Equipo publicamos toda la informaci\u00f3n de Sonora, M\u00e9xico y el Mundo de manera oportuna y busca que la libertad de expresi\u00f3n sea real. Visita nuestro medio informativo publicado desde Hermosillo, Sonora. %","breadcrumb":{"@id":"https:\/\/www.sonoraenequipo.com.mx\/cuales-son-los-costos-de-viajar-al-espacio-como-jeff-bezos\/#breadcrumb"},"inLanguage":"es","potentialAction":[{"@type":"ReadAction","target":["https:\/\/www.sonoraenequipo.com.mx\/cuales-son-los-costos-de-viajar-al-espacio-como-jeff-bezos\/"]}]},{"@type":"ImageObject","inLanguage":"es","@id":"https:\/\/www.sonoraenequipo.com.mx\/cuales-son-los-costos-de-viajar-al-espacio-como-jeff-bezos\/#primaryimage","url":"https:\/\/www.sonoraenequipo.com.mx\/storage\/2021\/07\/nave-espacial_opt.jpg","contentUrl":"https:\/\/www.sonoraenequipo.com.mx\/storage\/2021\/07\/nave-espacial_opt.jpg","width":700,"height":400},{"@type":"BreadcrumbList","@id":"https:\/\/www.sonoraenequipo.com.mx\/cuales-son-los-costos-de-viajar-al-espacio-como-jeff-bezos\/#breadcrumb","itemListElement":[{"@type":"ListItem","position":1,"name":"Portada","item":"https:\/\/www.sonoraenequipo.com.mx\/"},{"@type":"ListItem","position":2,"name":"\u00bfCu\u00e1les son los costos de viajar al espacio como Jeff Bezos?"}]},{"@type":"WebSite","@id":"https:\/\/www.sonoraenequipo.com.mx\/#website","url":"https:\/\/www.sonoraenequipo.com.mx\/","name":"Sonora en Equipo.","description":"Diario en l\u00ednea con Noticias desde Hermosillo, Sonora","publisher":{"@id":"https:\/\/www.sonoraenequipo.com.mx\/#organization"},"potentialAction":[{"@type":"SearchAction","target":{"@type":"EntryPoint","urlTemplate":"https:\/\/www.sonoraenequipo.com.mx\/?s={search_term_string}"},"query-input":{"@type":"PropertyValueSpecification","valueRequired":true,"valueName":"search_term_string"}}],"inLanguage":"es"},{"@type":"Organization","@id":"https:\/\/www.sonoraenequipo.com.mx\/#organization","name":"Sonoraenequipo.com.mx","url":"https:\/\/www.sonoraenequipo.com.mx\/","logo":{"@type":"ImageObject","inLanguage":"es","@id":"https:\/\/www.sonoraenequipo.com.mx\/#\/schema\/logo\/image\/","url":"https:\/\/www.sonoraenequipo.com.mx\/storage\/2019\/01\/sonoraenequipo_opt.png","contentUrl":"https:\/\/www.sonoraenequipo.com.mx\/storage\/2019\/01\/sonoraenequipo_opt.png","width":375,"height":125,"caption":"Sonoraenequipo.com.mx"},"image":{"@id":"https:\/\/www.sonoraenequipo.com.mx\/#\/schema\/logo\/image\/"},"sameAs":["https:\/\/www.facebook.com\/SonoraEE\/","https:\/\/x.com\/sonoraenequipo","https:\/\/www.youtube.com\/channel\/UC338nW-lPEYmJQs4ZABQ1SQ"]},{"@type":"Person","@id":"https:\/\/www.sonoraenequipo.com.mx\/#\/schema\/person\/50102df0fb23a8fa9e8effad8fa81386","name":"enequipo","image":{"@type":"ImageObject","inLanguage":"es","@id":"https:\/\/www.sonoraenequipo.com.mx\/#\/schema\/person\/image\/","url":"https:\/\/secure.gravatar.com\/avatar\/049821681b589dabc0bc20695993ccebb09f5b5d4d790cd9251b97faac7c652b?s=96&d=blank&r=g","contentUrl":"https:\/\/secure.gravatar.com\/avatar\/049821681b589dabc0bc20695993ccebb09f5b5d4d790cd9251b97faac7c652b?s=96&d=blank&r=g","caption":"enequipo"},"sameAs":["https:\/\/www.facebook.com\/SonoraEE"]}]}},"jetpack_featured_media_url":"https:\/\/www.sonoraenequipo.com.mx\/storage\/2021\/07\/nave-espacial_opt.jpg","_links":{"self":[{"href":"https:\/\/www.sonoraenequipo.com.mx\/api\/wp\/v2\/posts\/118858","targetHints":{"allow":["GET"]}}],"collection":[{"href":"https:\/\/www.sonoraenequipo.com.mx\/api\/wp\/v2\/posts"}],"about":[{"href":"https:\/\/www.sonoraenequipo.com.mx\/api\/wp\/v2\/types\/post"}],"author":[{"embeddable":true,"href":"https:\/\/www.sonoraenequipo.com.mx\/api\/wp\/v2\/users\/1"}],"replies":[{"embeddable":true,"href":"https:\/\/www.sonoraenequipo.com.mx\/api\/wp\/v2\/comments?post=118858"}],"version-history":[{"count":2,"href":"https:\/\/www.sonoraenequipo.com.mx\/api\/wp\/v2\/posts\/118858\/revisions"}],"predecessor-version":[{"id":118860,"href":"https:\/\/www.sonoraenequipo.com.mx\/api\/wp\/v2\/posts\/118858\/revisions\/118860"}],"wp:featuredmedia":[{"embeddable":true,"href":"https:\/\/www.sonoraenequipo.com.mx\/api\/wp\/v2\/media\/118831"}],"wp:attachment":[{"href":"https:\/\/www.sonoraenequipo.com.mx\/api\/wp\/v2\/media?parent=118858"}],"wp:term":[{"taxonomy":"category","embeddable":true,"href":"https:\/\/www.sonoraenequipo.com.mx\/api\/wp\/v2\/categories?post=118858"},{"taxonomy":"post_tag","embeddable":true,"href":"https:\/\/www.sonoraenequipo.com.mx\/api\/wp\/v2\/tags?post=118858"}],"curies":[{"name":"wp","href":"https:\/\/api.w.org\/{rel}","templated":true}]}}