{"id":118861,"date":"2021-07-21T17:51:25","date_gmt":"2021-07-22T00:51:25","guid":{"rendered":"https:\/\/www.sonoraenequipo.com.mx\/?p=118861"},"modified":"2021-07-22T12:28:40","modified_gmt":"2021-07-22T19:28:40","slug":"llama-comite-municipal-de-salud-a-enfrentar-con-responsabilidad-la-tercera-ola-por-covid-19","status":"publish","type":"post","link":"https:\/\/www.sonoraenequipo.com.mx\/llama-comite-municipal-de-salud-a-enfrentar-con-responsabilidad-la-tercera-ola-por-covid-19\/","title":{"rendered":"Llama Comit\u00e9 Municipal de Salud a enfrentar con responsabilidad la tercera ola por COVID 19"},"content":{"rendered":"<p>HERMOSILLO, SONORA MX. \u2014 El Comit\u00e9 Municipal de Salud, acompa\u00f1ado por representantes del sector Salud estatal, llev\u00f3 a cabo su XVII Sesi\u00f3n Extraordinaria para coordinar esfuerzos en respuesta al aumento de casos por COVID 19, especialmente en la poblaci\u00f3n joven de Hermosillo.<\/p>\n<p>&nbsp;<\/p>\n<p> <\/p>\n<p>&nbsp;<\/p>\n<p>El Alcalde Ferm\u00edn Gonz\u00e1lez Gaxiola y los integrantes del Comit\u00e9 hicieron un llamado a la ciudadan\u00eda a enfrentar la llamada <em>\u201ctercera ola\u201d<\/em> con responsabilidad. Solicitan a quienes est\u00e9n en el rango de edad para hacerlo, vacunarse cuando haya la oportunidad.<\/p>\n<p>&nbsp;<\/p>\n<p><em>\u201cComo todos sabemos, la situaci\u00f3n en relaci\u00f3n a la pandemia requiere de nuevo especial atenci\u00f3n. La famosa \u201ctercera ola\u201d es una realidad y nosotros nos mantenemos trabajando como primeros respondientes. No bajemos la guardia\u201d<\/em>, solicit\u00f3 el Presidente Municipal.<\/p>\n<p>&nbsp;<\/p>\n<p>El Secretario del Ayuntamiento, Joaqu\u00edn Rodr\u00edguez V\u00e9jar, destac\u00f3 la colaboraci\u00f3n del Gobierno Municipal con las autoridades de Salud estatales, sociedad civil y los especialistas que forman parte del Comit\u00e9 por sus valiosas aportaciones desde el inicio de la pandemia.<\/p>\n<p>&nbsp;<\/p>\n<p>Alberto Hern\u00e1ndez Taddey, coordinador de las Brigadas de Vida, se\u00f1al\u00f3 que han visitado m\u00e1s de 15 mil negocios y que contin\u00faan trabajando en todos estos espacios supervisando que operen con la llamada regla de tres: sana distancia, gel antibacterial y cubrebocas.<\/p>\n<p>&nbsp;<\/p>\n<p>El Comit\u00e9, los representantes de la Secretar\u00eda de Salud y m\u00e9dicos presentes coincidieron en el llamado a los j\u00f3venes a vacunarse, ya que el contagio entre menores de 40 a\u00f1os y adolescentes ha aumentado.<em> \u201cAl menos hasta que se tenga el 70% del cuadro completo de vacunaci\u00f3n podr\u00edamos pensar que la pandemia est\u00e1 controlada\u201d,<\/em> record\u00f3 la doctora Michell Mart\u00ednez Ba\u00f1uelos, integrante Comit\u00e9.<\/p>\n<p>&nbsp;<\/p>\n<p>&nbsp;<\/p>\n<p>(Publicada el 21\/07\/2021)<\/p>\n","protected":false},"excerpt":{"rendered":"<p>HERMOSILLO, SONORA MX. \u2014 El Comit\u00e9 Municipal de Salud, acompa\u00f1ado por representantes del sector Salud&#8230;<\/p>\n","protected":false},"author":1,"featured_media":118862,"comment_status":"open","ping_status":"open","sticky":false,"template":"","format":"standard","meta":{"_monsterinsights_skip_tracking":false,"_monsterinsights_sitenote_active":false,"_monsterinsights_sitenote_note":"","_monsterinsights_sitenote_category":0,"footnotes":""},"categories":[4],"tags":[],"class_list":["post"],"yoast_head":" \n<title>Sonora en Equipo. Llama Comit\u00e9 Municipal de Salud a enfrentar con responsabilidad la tercera ola por COVID 19 Municipios<\/title>\n<meta name=\"description\" content=\"HERMOSILLO, SONORA MX. \u2014 El Comit\u00e9 Municipal de Salud, acompa\u00f1ado por representantes del sector Salud estatal, llev\u00f3 a cabo su XVII Sesi\u00f3n Extraordinaria En Sonora en Equipo publicamos toda la informaci\u00f3n de Sonora, M\u00e9xico y el Mundo de manera oportuna y busca que la libertad de expresi\u00f3n sea real. Visita nuestro medio informativo publicado desde Hermosillo, Sonora. %\" \/>\n<meta name=\"robots\" content=\"index, follow, max-snippet:-1, max-image-preview:large, max-video-preview:-1\" \/>\n<link rel=\"canonical\" href=\"https:\/\/www.sonoraenequipo.com.mx\/llama-comite-municipal-de-salud-a-enfrentar-con-responsabilidad-la-tercera-ola-por-covid-19\/\" \/>\n<meta property=\"og:locale\" content=\"es_ES\" \/>\n<meta property=\"og:type\" content=\"article\" \/>\n<meta property=\"og:title\" content=\"Sonora en Equipo. Llama Comit\u00e9 Municipal de Salud a enfrentar con responsabilidad la tercera ola por COVID 19 Municipios\" \/>\n<meta property=\"og:description\" content=\"HERMOSILLO, SONORA MX. \u2014 El Comit\u00e9 Municipal de Salud, acompa\u00f1ado por representantes del sector Salud estatal, llev\u00f3 a cabo su XVII Sesi\u00f3n Extraordinaria En Sonora en Equipo publicamos toda la informaci\u00f3n de Sonora, M\u00e9xico y el Mundo de manera oportuna y busca que la libertad de expresi\u00f3n sea real. Visita nuestro medio informativo publicado desde Hermosillo, Sonora. %\" \/>\n<meta property=\"og:url\" content=\"https:\/\/www.sonoraenequipo.com.mx\/llama-comite-municipal-de-salud-a-enfrentar-con-responsabilidad-la-tercera-ola-por-covid-19\/\" \/>\n<meta property=\"og:site_name\" content=\"Sonora en Equipo.\" \/>\n<meta property=\"article:publisher\" content=\"https:\/\/www.facebook.com\/SonoraEE\/\" \/>\n<meta property=\"article:author\" content=\"https:\/\/www.facebook.com\/SonoraEE\" \/>\n<meta property=\"article:published_time\" content=\"2021-07-22T00:51:25+00:00\" \/>\n<meta property=\"article:modified_time\" content=\"2021-07-22T19:28:40+00:00\" \/>\n<meta property=\"og:image\" content=\"https:\/\/www.sonoraenequipo.com.mx\/storage\/2021\/07\/Ayuntamiento-1_opt.jpg\" \/>\n\t<meta property=\"og:image:width\" content=\"700\" \/>\n\t<meta property=\"og:image:height\" content=\"400\" \/>\n\t<meta property=\"og:image:type\" content=\"image\/jpeg\" \/>\n<meta name=\"author\" content=\"enequipo\" \/>\n<meta name=\"twitter:card\" content=\"summary_large_image\" \/>\n<meta name=\"twitter:creator\" content=\"@sonoraenequipo\" \/>\n<meta name=\"twitter:site\" content=\"@sonoraenequipo\" \/>\n<meta name=\"twitter:label1\" content=\"Escrito por\" \/>\n\t<meta name=\"twitter:data1\" content=\"enequipo\" \/>\n\t<meta name=\"twitter:label2\" content=\"Tiempo de lectura\" \/>\n\t<meta name=\"twitter:data2\" content=\"2 minutos\" \/>\n<script type=\"application\/ld+json\" class=\"yoast-schema-graph\">{\"@context\":\"https:\/\/schema.org\",\"@graph\":[{\"@type\":\"Article\",\"@id\":\"https:\/\/www.sonoraenequipo.com.mx\/llama-comite-municipal-de-salud-a-enfrentar-con-responsabilidad-la-tercera-ola-por-covid-19\/#article\",\"isPartOf\":{\"@id\":\"https:\/\/www.sonoraenequipo.com.mx\/llama-comite-municipal-de-salud-a-enfrentar-con-responsabilidad-la-tercera-ola-por-covid-19\/\"},\"author\":{\"name\":\"enequipo\",\"@id\":\"https:\/\/www.sonoraenequipo.com.mx\/#\/schema\/person\/50102df0fb23a8fa9e8effad8fa81386\"},\"headline\":\"Llama Comit\u00e9 Municipal de Salud a enfrentar con responsabilidad la tercera ola por COVID 19\",\"datePublished\":\"2021-07-22T00:51:25+00:00\",\"dateModified\":\"2021-07-22T19:28:40+00:00\",\"mainEntityOfPage\":{\"@id\":\"https:\/\/www.sonoraenequipo.com.mx\/llama-comite-municipal-de-salud-a-enfrentar-con-responsabilidad-la-tercera-ola-por-covid-19\/\"},\"wordCount\":307,\"commentCount\":0,\"publisher\":{\"@id\":\"https:\/\/www.sonoraenequipo.com.mx\/#organization\"},\"image\":{\"@id\":\"https:\/\/www.sonoraenequipo.com.mx\/llama-comite-municipal-de-salud-a-enfrentar-con-responsabilidad-la-tercera-ola-por-covid-19\/#primaryimage\"},\"thumbnailUrl\":\"https:\/\/www.sonoraenequipo.com.mx\/storage\/2021\/07\/Ayuntamiento-1_opt.jpg\",\"articleSection\":[\"Municipios\"],\"inLanguage\":\"es\",\"potentialAction\":[{\"@type\":\"CommentAction\",\"name\":\"Comment\",\"target\":[\"https:\/\/www.sonoraenequipo.com.mx\/llama-comite-municipal-de-salud-a-enfrentar-con-responsabilidad-la-tercera-ola-por-covid-19\/#respond\"]}]},{\"@type\":\"WebPage\",\"@id\":\"https:\/\/www.sonoraenequipo.com.mx\/llama-comite-municipal-de-salud-a-enfrentar-con-responsabilidad-la-tercera-ola-por-covid-19\/\",\"url\":\"https:\/\/www.sonoraenequipo.com.mx\/llama-comite-municipal-de-salud-a-enfrentar-con-responsabilidad-la-tercera-ola-por-covid-19\/\",\"name\":\"Sonora en Equipo. Llama Comit\u00e9 Municipal de Salud a enfrentar con responsabilidad la tercera ola por COVID 19 Municipios\",\"isPartOf\":{\"@id\":\"https:\/\/www.sonoraenequipo.com.mx\/#website\"},\"primaryImageOfPage\":{\"@id\":\"https:\/\/www.sonoraenequipo.com.mx\/llama-comite-municipal-de-salud-a-enfrentar-con-responsabilidad-la-tercera-ola-por-covid-19\/#primaryimage\"},\"image\":{\"@id\":\"https:\/\/www.sonoraenequipo.com.mx\/llama-comite-municipal-de-salud-a-enfrentar-con-responsabilidad-la-tercera-ola-por-covid-19\/#primaryimage\"},\"thumbnailUrl\":\"https:\/\/www.sonoraenequipo.com.mx\/storage\/2021\/07\/Ayuntamiento-1_opt.jpg\",\"datePublished\":\"2021-07-22T00:51:25+00:00\",\"dateModified\":\"2021-07-22T19:28:40+00:00\",\"description\":\"HERMOSILLO, SONORA MX. \u2014 El Comit\u00e9 Municipal de Salud, acompa\u00f1ado por representantes del sector Salud estatal, llev\u00f3 a cabo su XVII Sesi\u00f3n Extraordinaria En Sonora en Equipo publicamos toda la informaci\u00f3n de Sonora, M\u00e9xico y el Mundo de manera oportuna y busca que la libertad de expresi\u00f3n sea real. Visita nuestro medio informativo publicado desde Hermosillo, Sonora. %\",\"breadcrumb\":{\"@id\":\"https:\/\/www.sonoraenequipo.com.mx\/llama-comite-municipal-de-salud-a-enfrentar-con-responsabilidad-la-tercera-ola-por-covid-19\/#breadcrumb\"},\"inLanguage\":\"es\",\"potentialAction\":[{\"@type\":\"ReadAction\",\"target\":[\"https:\/\/www.sonoraenequipo.com.mx\/llama-comite-municipal-de-salud-a-enfrentar-con-responsabilidad-la-tercera-ola-por-covid-19\/\"]}]},{\"@type\":\"ImageObject\",\"inLanguage\":\"es\",\"@id\":\"https:\/\/www.sonoraenequipo.com.mx\/llama-comite-municipal-de-salud-a-enfrentar-con-responsabilidad-la-tercera-ola-por-covid-19\/#primaryimage\",\"url\":\"https:\/\/www.sonoraenequipo.com.mx\/storage\/2021\/07\/Ayuntamiento-1_opt.jpg\",\"contentUrl\":\"https:\/\/www.sonoraenequipo.com.mx\/storage\/2021\/07\/Ayuntamiento-1_opt.jpg\",\"width\":700,\"height\":400},{\"@type\":\"BreadcrumbList\",\"@id\":\"https:\/\/www.sonoraenequipo.com.mx\/llama-comite-municipal-de-salud-a-enfrentar-con-responsabilidad-la-tercera-ola-por-covid-19\/#breadcrumb\",\"itemListElement\":[{\"@type\":\"ListItem\",\"position\":1,\"name\":\"Portada\",\"item\":\"https:\/\/www.sonoraenequipo.com.mx\/\"},{\"@type\":\"ListItem\",\"position\":2,\"name\":\"Llama Comit\u00e9 Municipal de Salud a enfrentar con responsabilidad la tercera ola por COVID 19\"}]},{\"@type\":\"WebSite\",\"@id\":\"https:\/\/www.sonoraenequipo.com.mx\/#website\",\"url\":\"https:\/\/www.sonoraenequipo.com.mx\/\",\"name\":\"Sonora en Equipo.\",\"description\":\"Diario en l\u00ednea con Noticias desde Hermosillo, Sonora\",\"publisher\":{\"@id\":\"https:\/\/www.sonoraenequipo.com.mx\/#organization\"},\"potentialAction\":[{\"@type\":\"SearchAction\",\"target\":{\"@type\":\"EntryPoint\",\"urlTemplate\":\"https:\/\/www.sonoraenequipo.com.mx\/?s={search_term_string}\"},\"query-input\":{\"@type\":\"PropertyValueSpecification\",\"valueRequired\":true,\"valueName\":\"search_term_string\"}}],\"inLanguage\":\"es\"},{\"@type\":\"Organization\",\"@id\":\"https:\/\/www.sonoraenequipo.com.mx\/#organization\",\"name\":\"Sonoraenequipo.com.mx\",\"url\":\"https:\/\/www.sonoraenequipo.com.mx\/\",\"logo\":{\"@type\":\"ImageObject\",\"inLanguage\":\"es\",\"@id\":\"https:\/\/www.sonoraenequipo.com.mx\/#\/schema\/logo\/image\/\",\"url\":\"https:\/\/www.sonoraenequipo.com.mx\/storage\/2019\/01\/sonoraenequipo_opt.png\",\"contentUrl\":\"https:\/\/www.sonoraenequipo.com.mx\/storage\/2019\/01\/sonoraenequipo_opt.png\",\"width\":375,\"height\":125,\"caption\":\"Sonoraenequipo.com.mx\"},\"image\":{\"@id\":\"https:\/\/www.sonoraenequipo.com.mx\/#\/schema\/logo\/image\/\"},\"sameAs\":[\"https:\/\/www.facebook.com\/SonoraEE\/\",\"https:\/\/x.com\/sonoraenequipo\",\"https:\/\/www.youtube.com\/channel\/UC338nW-lPEYmJQs4ZABQ1SQ\"]},{\"@type\":\"Person\",\"@id\":\"https:\/\/www.sonoraenequipo.com.mx\/#\/schema\/person\/50102df0fb23a8fa9e8effad8fa81386\",\"name\":\"enequipo\",\"image\":{\"@type\":\"ImageObject\",\"inLanguage\":\"es\",\"@id\":\"https:\/\/www.sonoraenequipo.com.mx\/#\/schema\/person\/image\/\",\"url\":\"https:\/\/secure.gravatar.com\/avatar\/049821681b589dabc0bc20695993ccebb09f5b5d4d790cd9251b97faac7c652b?s=96&d=blank&r=g\",\"contentUrl\":\"https:\/\/secure.gravatar.com\/avatar\/049821681b589dabc0bc20695993ccebb09f5b5d4d790cd9251b97faac7c652b?s=96&d=blank&r=g\",\"caption\":\"enequipo\"},\"sameAs\":[\"https:\/\/www.facebook.com\/SonoraEE\"]}]}<\/script>\n ","yoast_head_json":{"title":"Sonora en Equipo. Llama Comit\u00e9 Municipal de Salud a enfrentar con responsabilidad la tercera ola por COVID 19 Municipios","description":"HERMOSILLO, SONORA MX. \u2014 El Comit\u00e9 Municipal de Salud, acompa\u00f1ado por representantes del sector Salud estatal, llev\u00f3 a cabo su XVII Sesi\u00f3n Extraordinaria En Sonora en Equipo publicamos toda la informaci\u00f3n de Sonora, M\u00e9xico y el Mundo de manera oportuna y busca que la libertad de expresi\u00f3n sea real. Visita nuestro medio informativo publicado desde Hermosillo, Sonora. %","robots":{"index":"index","follow":"follow","max-snippet":"max-snippet:-1","max-image-preview":"max-image-preview:large","max-video-preview":"max-video-preview:-1"},"canonical":"https:\/\/www.sonoraenequipo.com.mx\/llama-comite-municipal-de-salud-a-enfrentar-con-responsabilidad-la-tercera-ola-por-covid-19\/","og_locale":"es_ES","og_type":"article","og_title":"Sonora en Equipo. Llama Comit\u00e9 Municipal de Salud a enfrentar con responsabilidad la tercera ola por COVID 19 Municipios","og_description":"HERMOSILLO, SONORA MX. \u2014 El Comit\u00e9 Municipal de Salud, acompa\u00f1ado por representantes del sector Salud estatal, llev\u00f3 a cabo su XVII Sesi\u00f3n Extraordinaria En Sonora en Equipo publicamos toda la informaci\u00f3n de Sonora, M\u00e9xico y el Mundo de manera oportuna y busca que la libertad de expresi\u00f3n sea real. Visita nuestro medio informativo publicado desde Hermosillo, Sonora. %","og_url":"https:\/\/www.sonoraenequipo.com.mx\/llama-comite-municipal-de-salud-a-enfrentar-con-responsabilidad-la-tercera-ola-por-covid-19\/","og_site_name":"Sonora en Equipo.","article_publisher":"https:\/\/www.facebook.com\/SonoraEE\/","article_author":"https:\/\/www.facebook.com\/SonoraEE","article_published_time":"2021-07-22T00:51:25+00:00","article_modified_time":"2021-07-22T19:28:40+00:00","og_image":[{"width":700,"height":400,"url":"https:\/\/www.sonoraenequipo.com.mx\/storage\/2021\/07\/Ayuntamiento-1_opt.jpg","type":"image\/jpeg"}],"author":"enequipo","twitter_card":"summary_large_image","twitter_creator":"@sonoraenequipo","twitter_site":"@sonoraenequipo","twitter_misc":{"Escrito por":"enequipo","Tiempo de lectura":"2 minutos"},"schema":{"@context":"https:\/\/schema.org","@graph":[{"@type":"Article","@id":"https:\/\/www.sonoraenequipo.com.mx\/llama-comite-municipal-de-salud-a-enfrentar-con-responsabilidad-la-tercera-ola-por-covid-19\/#article","isPartOf":{"@id":"https:\/\/www.sonoraenequipo.com.mx\/llama-comite-municipal-de-salud-a-enfrentar-con-responsabilidad-la-tercera-ola-por-covid-19\/"},"author":{"name":"enequipo","@id":"https:\/\/www.sonoraenequipo.com.mx\/#\/schema\/person\/50102df0fb23a8fa9e8effad8fa81386"},"headline":"Llama Comit\u00e9 Municipal de Salud a enfrentar con responsabilidad la tercera ola por COVID 19","datePublished":"2021-07-22T00:51:25+00:00","dateModified":"2021-07-22T19:28:40+00:00","mainEntityOfPage":{"@id":"https:\/\/www.sonoraenequipo.com.mx\/llama-comite-municipal-de-salud-a-enfrentar-con-responsabilidad-la-tercera-ola-por-covid-19\/"},"wordCount":307,"commentCount":0,"publisher":{"@id":"https:\/\/www.sonoraenequipo.com.mx\/#organization"},"image":{"@id":"https:\/\/www.sonoraenequipo.com.mx\/llama-comite-municipal-de-salud-a-enfrentar-con-responsabilidad-la-tercera-ola-por-covid-19\/#primaryimage"},"thumbnailUrl":"https:\/\/www.sonoraenequipo.com.mx\/storage\/2021\/07\/Ayuntamiento-1_opt.jpg","articleSection":["Municipios"],"inLanguage":"es","potentialAction":[{"@type":"CommentAction","name":"Comment","target":["https:\/\/www.sonoraenequipo.com.mx\/llama-comite-municipal-de-salud-a-enfrentar-con-responsabilidad-la-tercera-ola-por-covid-19\/#respond"]}]},{"@type":"WebPage","@id":"https:\/\/www.sonoraenequipo.com.mx\/llama-comite-municipal-de-salud-a-enfrentar-con-responsabilidad-la-tercera-ola-por-covid-19\/","url":"https:\/\/www.sonoraenequipo.com.mx\/llama-comite-municipal-de-salud-a-enfrentar-con-responsabilidad-la-tercera-ola-por-covid-19\/","name":"Sonora en Equipo. Llama Comit\u00e9 Municipal de Salud a enfrentar con responsabilidad la tercera ola por COVID 19 Municipios","isPartOf":{"@id":"https:\/\/www.sonoraenequipo.com.mx\/#website"},"primaryImageOfPage":{"@id":"https:\/\/www.sonoraenequipo.com.mx\/llama-comite-municipal-de-salud-a-enfrentar-con-responsabilidad-la-tercera-ola-por-covid-19\/#primaryimage"},"image":{"@id":"https:\/\/www.sonoraenequipo.com.mx\/llama-comite-municipal-de-salud-a-enfrentar-con-responsabilidad-la-tercera-ola-por-covid-19\/#primaryimage"},"thumbnailUrl":"https:\/\/www.sonoraenequipo.com.mx\/storage\/2021\/07\/Ayuntamiento-1_opt.jpg","datePublished":"2021-07-22T00:51:25+00:00","dateModified":"2021-07-22T19:28:40+00:00","description":"HERMOSILLO, SONORA MX. \u2014 El Comit\u00e9 Municipal de Salud, acompa\u00f1ado por representantes del sector Salud estatal, llev\u00f3 a cabo su XVII Sesi\u00f3n Extraordinaria En Sonora en Equipo publicamos toda la informaci\u00f3n de Sonora, M\u00e9xico y el Mundo de manera oportuna y busca que la libertad de expresi\u00f3n sea real. Visita nuestro medio informativo publicado desde Hermosillo, Sonora. %","breadcrumb":{"@id":"https:\/\/www.sonoraenequipo.com.mx\/llama-comite-municipal-de-salud-a-enfrentar-con-responsabilidad-la-tercera-ola-por-covid-19\/#breadcrumb"},"inLanguage":"es","potentialAction":[{"@type":"ReadAction","target":["https:\/\/www.sonoraenequipo.com.mx\/llama-comite-municipal-de-salud-a-enfrentar-con-responsabilidad-la-tercera-ola-por-covid-19\/"]}]},{"@type":"ImageObject","inLanguage":"es","@id":"https:\/\/www.sonoraenequipo.com.mx\/llama-comite-municipal-de-salud-a-enfrentar-con-responsabilidad-la-tercera-ola-por-covid-19\/#primaryimage","url":"https:\/\/www.sonoraenequipo.com.mx\/storage\/2021\/07\/Ayuntamiento-1_opt.jpg","contentUrl":"https:\/\/www.sonoraenequipo.com.mx\/storage\/2021\/07\/Ayuntamiento-1_opt.jpg","width":700,"height":400},{"@type":"BreadcrumbList","@id":"https:\/\/www.sonoraenequipo.com.mx\/llama-comite-municipal-de-salud-a-enfrentar-con-responsabilidad-la-tercera-ola-por-covid-19\/#breadcrumb","itemListElement":[{"@type":"ListItem","position":1,"name":"Portada","item":"https:\/\/www.sonoraenequipo.com.mx\/"},{"@type":"ListItem","position":2,"name":"Llama Comit\u00e9 Municipal de Salud a enfrentar con responsabilidad la tercera ola por COVID 19"}]},{"@type":"WebSite","@id":"https:\/\/www.sonoraenequipo.com.mx\/#website","url":"https:\/\/www.sonoraenequipo.com.mx\/","name":"Sonora en Equipo.","description":"Diario en l\u00ednea con Noticias desde Hermosillo, Sonora","publisher":{"@id":"https:\/\/www.sonoraenequipo.com.mx\/#organization"},"potentialAction":[{"@type":"SearchAction","target":{"@type":"EntryPoint","urlTemplate":"https:\/\/www.sonoraenequipo.com.mx\/?s={search_term_string}"},"query-input":{"@type":"PropertyValueSpecification","valueRequired":true,"valueName":"search_term_string"}}],"inLanguage":"es"},{"@type":"Organization","@id":"https:\/\/www.sonoraenequipo.com.mx\/#organization","name":"Sonoraenequipo.com.mx","url":"https:\/\/www.sonoraenequipo.com.mx\/","logo":{"@type":"ImageObject","inLanguage":"es","@id":"https:\/\/www.sonoraenequipo.com.mx\/#\/schema\/logo\/image\/","url":"https:\/\/www.sonoraenequipo.com.mx\/storage\/2019\/01\/sonoraenequipo_opt.png","contentUrl":"https:\/\/www.sonoraenequipo.com.mx\/storage\/2019\/01\/sonoraenequipo_opt.png","width":375,"height":125,"caption":"Sonoraenequipo.com.mx"},"image":{"@id":"https:\/\/www.sonoraenequipo.com.mx\/#\/schema\/logo\/image\/"},"sameAs":["https:\/\/www.facebook.com\/SonoraEE\/","https:\/\/x.com\/sonoraenequipo","https:\/\/www.youtube.com\/channel\/UC338nW-lPEYmJQs4ZABQ1SQ"]},{"@type":"Person","@id":"https:\/\/www.sonoraenequipo.com.mx\/#\/schema\/person\/50102df0fb23a8fa9e8effad8fa81386","name":"enequipo","image":{"@type":"ImageObject","inLanguage":"es","@id":"https:\/\/www.sonoraenequipo.com.mx\/#\/schema\/person\/image\/","url":"https:\/\/secure.gravatar.com\/avatar\/049821681b589dabc0bc20695993ccebb09f5b5d4d790cd9251b97faac7c652b?s=96&d=blank&r=g","contentUrl":"https:\/\/secure.gravatar.com\/avatar\/049821681b589dabc0bc20695993ccebb09f5b5d4d790cd9251b97faac7c652b?s=96&d=blank&r=g","caption":"enequipo"},"sameAs":["https:\/\/www.facebook.com\/SonoraEE"]}]}},"jetpack_featured_media_url":"https:\/\/www.sonoraenequipo.com.mx\/storage\/2021\/07\/Ayuntamiento-1_opt.jpg","_links":{"self":[{"href":"https:\/\/www.sonoraenequipo.com.mx\/api\/wp\/v2\/posts\/118861","targetHints":{"allow":["GET"]}}],"collection":[{"href":"https:\/\/www.sonoraenequipo.com.mx\/api\/wp\/v2\/posts"}],"about":[{"href":"https:\/\/www.sonoraenequipo.com.mx\/api\/wp\/v2\/types\/post"}],"author":[{"embeddable":true,"href":"https:\/\/www.sonoraenequipo.com.mx\/api\/wp\/v2\/users\/1"}],"replies":[{"embeddable":true,"href":"https:\/\/www.sonoraenequipo.com.mx\/api\/wp\/v2\/comments?post=118861"}],"version-history":[{"count":3,"href":"https:\/\/www.sonoraenequipo.com.mx\/api\/wp\/v2\/posts\/118861\/revisions"}],"predecessor-version":[{"id":118865,"href":"https:\/\/www.sonoraenequipo.com.mx\/api\/wp\/v2\/posts\/118861\/revisions\/118865"}],"wp:featuredmedia":[{"embeddable":true,"href":"https:\/\/www.sonoraenequipo.com.mx\/api\/wp\/v2\/media\/118862"}],"wp:attachment":[{"href":"https:\/\/www.sonoraenequipo.com.mx\/api\/wp\/v2\/media?parent=118861"}],"wp:term":[{"taxonomy":"category","embeddable":true,"href":"https:\/\/www.sonoraenequipo.com.mx\/api\/wp\/v2\/categories?post=118861"},{"taxonomy":"post_tag","embeddable":true,"href":"https:\/\/www.sonoraenequipo.com.mx\/api\/wp\/v2\/tags?post=118861"}],"curies":[{"name":"wp","href":"https:\/\/api.w.org\/{rel}","templated":true}]}}